{"id":114227,"date":"2018-05-29T07:06:29","date_gmt":"2018-05-29T07:06:29","guid":{"rendered":"https:\/\/eurecat.org\/?p=114227"},"modified":"2021-05-06T07:10:41","modified_gmt":"2021-05-06T07:10:41","slug":"mas-innovacion-para-la-industria-de-lleida","status":"publish","type":"post","link":"https:\/\/eurecat.org\/es\/mas-innovacion-para-la-industria-de-lleida\/","title":{"rendered":"M\u00e1s innovaci\u00f3n para la industria de Lleida"},"content":{"rendered":"<p><img decoding=\"async\" class=\"wp-image-62636 alignleft\" src=\"https:\/\/eurecat.org\/wp-content\/uploads\/2018\/05\/oficines-eurecat_lleida.jpg\" alt=\"oficines-eurecat_lleida\" width=\"400\" height=\"274\" srcset=\"https:\/\/eurecat.org\/wp-content\/uploads\/2018\/05\/oficines-eurecat_lleida-200x137.jpg 200w, https:\/\/eurecat.org\/wp-content\/uploads\/2018\/05\/oficines-eurecat_lleida-300x205.jpg 300w, https:\/\/eurecat.org\/wp-content\/uploads\/2018\/05\/oficines-eurecat_lleida-400x274.jpg 400w, https:\/\/eurecat.org\/wp-content\/uploads\/2018\/05\/oficines-eurecat_lleida-474x324.jpg 474w, https:\/\/eurecat.org\/wp-content\/uploads\/2018\/05\/oficines-eurecat_lleida-600x411.jpg 600w, https:\/\/eurecat.org\/wp-content\/uploads\/2018\/05\/oficines-eurecat_lleida-768x526.jpg 768w, https:\/\/eurecat.org\/wp-content\/uploads\/2018\/05\/oficines-eurecat_lleida.jpg 774w\" sizes=\"(max-width: 400px) 100vw, 400px\" \/><\/p>\n<p>La apuesta de Eurecat para acercar la innovaci\u00f3n tecnol\u00f3gica en todo el territorio tendr\u00e1 el pr\u00f3ximo mes de junio un impulso a\u00f1adido, con la\u00a0<strong>inauguraci\u00f3n de nuestras nuevas instalaciones en Lleida<\/strong>. Se trata de un proyecto ambicioso, hecho con el convencimiento de que permitir\u00e1 una relaci\u00f3n m\u00e1s cercana con las industrias leridanas, para poder colaborar en la mejora de su competitividad, mediante una transferencia tecnol\u00f3gica efectiva y cercana.<\/p>\n<p>La inauguraci\u00f3n de la nueva sede en la capital de poniente es una pieza fundamental dentro del mapa territorial de Eurecat y consolida la din\u00e1mica iniciada en los \u00faltimos ejercicios, con la firma de acuerdos estrat\u00e9gicos con todos los actores empresariales, institucionales, acad\u00e9micos y de investigaci\u00f3n.<\/p>\n<p>Tambi\u00e9n\u00a0<strong>es la base de proyectos muy potentes con empresas leridanas y de encargos tecnol\u00f3gicos muy relevantes relacionados con los\u00a0<a href=\"https:\/\/eurecat.org\/es\/ambitos-de-conocimiento\/applied-artificial-intelligence\/\">sistemas de gesti\u00f3n inteligente<\/a>\u00a0y que llevan el sello leridano al resto de Catalu\u00f1a y de Europa<\/strong>.<\/p>\n<p>Estamos seguros de que estas nuevas instalaciones ayudar\u00e1n a impulsar el incremento de las capacidades tecnol\u00f3gicas de las empresas, tanto de Lleida como del conjunto de Catalu\u00f1a, mediante una apuesta de integraci\u00f3n de los \u00e1mbitos industriales, digitales y biotecnol\u00f3gicos.<\/p>\n<p>Ahora m\u00e1s que nunca, las empresas tienen, a trav\u00e9s de Eurecat, acceso m\u00e1s f\u00e1cil a los conocimientos y las capacidades que definen el nuevo paradigma de la digitalizaci\u00f3n y de la fabricaci\u00f3n avanzada, en la revoluci\u00f3n que est\u00e1 introduciendo la industria 4.0 y que suma m\u00faltiples tecnolog\u00edas, c<strong>omo la inteligencia artificial, el Internet de las Cosas y el Big Data con los nuevos materiales, la rob\u00f3tica o la ciberseguridad<\/strong>.<\/p>\n<p>Tambi\u00e9n implica grandes cambios tecnol\u00f3gicos en el mundo agroalimentario, as\u00ed como en la gesti\u00f3n inteligente de un recurso tan estrat\u00e9gico como es el agua, donde el equipo de Eurecat en Lleida se ha situado entre los grandes referentes europeos.<\/p>\n<p>Os invitamos a venir a conocer estos avances y todo el potencial que ofrecen a nuestras nuevas instalaciones, con la ilusi\u00f3n de que este nuevo paso que damos como centro pueda contribuir, no s\u00f3lo a la innovaci\u00f3n ya la visibilidad del tejido productivo leridano, sino tambi\u00e9n al progreso del conjunto del tejido econ\u00f3mico e industrial.<\/p>\n<p><strong>Xavier Torra<\/strong><br \/>\nPresidente de Eurecat<\/p>\n","protected":false},"excerpt":{"rendered":"<p>La apuesta de Eurecat para acercar la innovaci\u00f3n tecnol\u00f3gica en todo el territorio tendr\u00e1 el pr\u00f3ximo mes de junio un impulso a\u00f1adido, con la\u00a0inauguraci\u00f3n de nuestras nuevas instalaciones en Lleida. Se trata de un proyecto ambicioso, hecho con el convencimiento de que permitir\u00e1 una relaci\u00f3n m\u00e1s cercana con las industrias leridanas, para poder colaborar en  [&#8230;]<\/p>\n","protected":false},"author":12,"featured_media":62636,"comment_status":"open","ping_status":"closed","sticky":false,"template":"","format":"standard","meta":{"footnotes":""},"categories":[133,2217],"tags":[],"class_list":["post-114227","post","type-post","status-publish","format-standard","has-post-thumbnail","hentry","category-blog","category-editorial"],"yoast_head":"<!-- This site is optimized with the Yoast SEO plugin v27.5 - https:\/\/yoast.com\/product\/yoast-seo-wordpress\/ -->\n<title>editorial<\/title>\n<meta name=\"robots\" content=\"index, follow, max-snippet:-1, max-image-preview:large, max-video-preview:-1\" \/>\n<link rel=\"canonical\" href=\"https:\/\/eurecat.org\/es\/mas-innovacion-para-la-industria-de-lleida\/\" \/>\n<meta property=\"og:locale\" content=\"es_ES\" \/>\n<meta property=\"og:type\" content=\"article\" \/>\n<meta property=\"og:title\" content=\"editorial\" \/>\n<meta property=\"og:description\" content=\"La apuesta de Eurecat para acercar la innovaci\u00f3n tecnol\u00f3gica en todo el territorio tendr\u00e1 el pr\u00f3ximo mes de junio un impulso a\u00f1adido, con la\u00a0inauguraci\u00f3n de nuestras nuevas instalaciones en Lleida. Se trata de un proyecto ambicioso, hecho con el convencimiento de que permitir\u00e1 una relaci\u00f3n m\u00e1s cercana con las industrias leridanas, para poder colaborar en [...]\" \/>\n<meta property=\"og:url\" content=\"https:\/\/eurecat.org\/es\/mas-innovacion-para-la-industria-de-lleida\/\" \/>\n<meta property=\"og:site_name\" content=\"Eurecat\" \/>\n<meta property=\"article:published_time\" content=\"2018-05-29T07:06:29+00:00\" \/>\n<meta property=\"article:modified_time\" content=\"2021-05-06T07:10:41+00:00\" \/>\n<meta property=\"og:image\" content=\"https:\/\/eurecat.org\/wp-content\/uploads\/2018\/05\/oficines-eurecat_lleida.jpg\" \/>\n\t<meta property=\"og:image:width\" content=\"774\" \/>\n\t<meta property=\"og:image:height\" content=\"530\" \/>\n\t<meta property=\"og:image:type\" content=\"image\/jpeg\" \/>\n<meta name=\"author\" content=\"EurecatEG\" \/>\n<meta name=\"twitter:card\" content=\"summary_large_image\" \/>\n<meta name=\"twitter:label1\" content=\"Escrito por\" \/>\n\t<meta name=\"twitter:data1\" content=\"EurecatEG\" \/>\n\t<meta name=\"twitter:label2\" content=\"Tiempo de lectura\" \/>\n\t<meta name=\"twitter:data2\" content=\"2 minutos\" \/>\n<script type=\"application\/ld+json\" class=\"yoast-schema-graph\">{\"@context\":\"https:\\\/\\\/schema.org\",\"@graph\":[{\"@type\":\"Article\",\"@id\":\"https:\\\/\\\/eurecat.org\\\/es\\\/mas-innovacion-para-la-industria-de-lleida\\\/#article\",\"isPartOf\":{\"@id\":\"https:\\\/\\\/eurecat.org\\\/es\\\/mas-innovacion-para-la-industria-de-lleida\\\/\"},\"author\":{\"name\":\"EurecatEG\",\"@id\":\"https:\\\/\\\/eurecat.org\\\/es\\\/#\\\/schema\\\/person\\\/def9217eded50ee57a9dc4cf0c883f80\"},\"headline\":\"M\u00e1s innovaci\u00f3n para la industria de Lleida\",\"datePublished\":\"2018-05-29T07:06:29+00:00\",\"dateModified\":\"2021-05-06T07:10:41+00:00\",\"mainEntityOfPage\":{\"@id\":\"https:\\\/\\\/eurecat.org\\\/es\\\/mas-innovacion-para-la-industria-de-lleida\\\/\"},\"wordCount\":407,\"commentCount\":0,\"image\":{\"@id\":\"https:\\\/\\\/eurecat.org\\\/es\\\/mas-innovacion-para-la-industria-de-lleida\\\/#primaryimage\"},\"thumbnailUrl\":\"https:\\\/\\\/eurecat.org\\\/wp-content\\\/uploads\\\/2018\\\/05\\\/oficines-eurecat_lleida.jpg\",\"articleSection\":[\"Blog\",\"Editorial\"],\"inLanguage\":\"es\",\"potentialAction\":[{\"@type\":\"CommentAction\",\"name\":\"Comment\",\"target\":[\"https:\\\/\\\/eurecat.org\\\/es\\\/mas-innovacion-para-la-industria-de-lleida\\\/#respond\"]}]},{\"@type\":\"WebPage\",\"@id\":\"https:\\\/\\\/eurecat.org\\\/es\\\/mas-innovacion-para-la-industria-de-lleida\\\/\",\"url\":\"https:\\\/\\\/eurecat.org\\\/es\\\/mas-innovacion-para-la-industria-de-lleida\\\/\",\"name\":\"editorial\",\"isPartOf\":{\"@id\":\"https:\\\/\\\/eurecat.org\\\/es\\\/#website\"},\"primaryImageOfPage\":{\"@id\":\"https:\\\/\\\/eurecat.org\\\/es\\\/mas-innovacion-para-la-industria-de-lleida\\\/#primaryimage\"},\"image\":{\"@id\":\"https:\\\/\\\/eurecat.org\\\/es\\\/mas-innovacion-para-la-industria-de-lleida\\\/#primaryimage\"},\"thumbnailUrl\":\"https:\\\/\\\/eurecat.org\\\/wp-content\\\/uploads\\\/2018\\\/05\\\/oficines-eurecat_lleida.jpg\",\"datePublished\":\"2018-05-29T07:06:29+00:00\",\"dateModified\":\"2021-05-06T07:10:41+00:00\",\"author\":{\"@id\":\"https:\\\/\\\/eurecat.org\\\/es\\\/#\\\/schema\\\/person\\\/def9217eded50ee57a9dc4cf0c883f80\"},\"breadcrumb\":{\"@id\":\"https:\\\/\\\/eurecat.org\\\/es\\\/mas-innovacion-para-la-industria-de-lleida\\\/#breadcrumb\"},\"inLanguage\":\"es\",\"potentialAction\":[{\"@type\":\"ReadAction\",\"target\":[\"https:\\\/\\\/eurecat.org\\\/es\\\/mas-innovacion-para-la-industria-de-lleida\\\/\"]}]},{\"@type\":\"ImageObject\",\"inLanguage\":\"es\",\"@id\":\"https:\\\/\\\/eurecat.org\\\/es\\\/mas-innovacion-para-la-industria-de-lleida\\\/#primaryimage\",\"url\":\"https:\\\/\\\/eurecat.org\\\/wp-content\\\/uploads\\\/2018\\\/05\\\/oficines-eurecat_lleida.jpg\",\"contentUrl\":\"https:\\\/\\\/eurecat.org\\\/wp-content\\\/uploads\\\/2018\\\/05\\\/oficines-eurecat_lleida.jpg\",\"width\":\"774\",\"height\":\"530\",\"caption\":\"oficines-eurecat_lleida\"},{\"@type\":\"BreadcrumbList\",\"@id\":\"https:\\\/\\\/eurecat.org\\\/es\\\/mas-innovacion-para-la-industria-de-lleida\\\/#breadcrumb\",\"itemListElement\":[{\"@type\":\"ListItem\",\"position\":1,\"name\":\"Inici\",\"item\":\"https:\\\/\\\/eurecat.org\\\/es\\\/\"},{\"@type\":\"ListItem\",\"position\":2,\"name\":\"M\u00e1s innovaci\u00f3n para la industria de Lleida\"}]},{\"@type\":\"WebSite\",\"@id\":\"https:\\\/\\\/eurecat.org\\\/es\\\/#website\",\"url\":\"https:\\\/\\\/eurecat.org\\\/es\\\/\",\"name\":\"Eurecat\",\"description\":\"Otro sitio realizado con WordPress\",\"potentialAction\":[{\"@type\":\"SearchAction\",\"target\":{\"@type\":\"EntryPoint\",\"urlTemplate\":\"https:\\\/\\\/eurecat.org\\\/es\\\/?s={search_term_string}\"},\"query-input\":{\"@type\":\"PropertyValueSpecification\",\"valueRequired\":true,\"valueName\":\"search_term_string\"}}],\"inLanguage\":\"es\"},{\"@type\":\"Person\",\"@id\":\"https:\\\/\\\/eurecat.org\\\/es\\\/#\\\/schema\\\/person\\\/def9217eded50ee57a9dc4cf0c883f80\",\"name\":\"EurecatEG\",\"image\":{\"@type\":\"ImageObject\",\"inLanguage\":\"es\",\"@id\":\"https:\\\/\\\/secure.gravatar.com\\\/avatar\\\/f40dd9b6ecd3e5c591f3c9b033e495ee0ec9877ba77249fbf268b3889350c824?s=96&d=mm&r=g\",\"url\":\"https:\\\/\\\/secure.gravatar.com\\\/avatar\\\/f40dd9b6ecd3e5c591f3c9b033e495ee0ec9877ba77249fbf268b3889350c824?s=96&d=mm&r=g\",\"contentUrl\":\"https:\\\/\\\/secure.gravatar.com\\\/avatar\\\/f40dd9b6ecd3e5c591f3c9b033e495ee0ec9877ba77249fbf268b3889350c824?s=96&d=mm&r=g\",\"caption\":\"EurecatEG\"}}]}<\/script>\n<!-- \/ Yoast SEO plugin. -->","yoast_head_json":{"title":"editorial","robots":{"index":"index","follow":"follow","max-snippet":"max-snippet:-1","max-image-preview":"max-image-preview:large","max-video-preview":"max-video-preview:-1"},"canonical":"https:\/\/eurecat.org\/es\/mas-innovacion-para-la-industria-de-lleida\/","og_locale":"es_ES","og_type":"article","og_title":"editorial","og_description":"La apuesta de Eurecat para acercar la innovaci\u00f3n tecnol\u00f3gica en todo el territorio tendr\u00e1 el pr\u00f3ximo mes de junio un impulso a\u00f1adido, con la\u00a0inauguraci\u00f3n de nuestras nuevas instalaciones en Lleida. Se trata de un proyecto ambicioso, hecho con el convencimiento de que permitir\u00e1 una relaci\u00f3n m\u00e1s cercana con las industrias leridanas, para poder colaborar en [...]","og_url":"https:\/\/eurecat.org\/es\/mas-innovacion-para-la-industria-de-lleida\/","og_site_name":"Eurecat","article_published_time":"2018-05-29T07:06:29+00:00","article_modified_time":"2021-05-06T07:10:41+00:00","og_image":[{"width":774,"height":530,"url":"https:\/\/eurecat.org\/wp-content\/uploads\/2018\/05\/oficines-eurecat_lleida.jpg","type":"image\/jpeg"}],"author":"EurecatEG","twitter_card":"summary_large_image","twitter_misc":{"Escrito por":"EurecatEG","Tiempo de lectura":"2 minutos"},"schema":{"@context":"https:\/\/schema.org","@graph":[{"@type":"Article","@id":"https:\/\/eurecat.org\/es\/mas-innovacion-para-la-industria-de-lleida\/#article","isPartOf":{"@id":"https:\/\/eurecat.org\/es\/mas-innovacion-para-la-industria-de-lleida\/"},"author":{"name":"EurecatEG","@id":"https:\/\/eurecat.org\/es\/#\/schema\/person\/def9217eded50ee57a9dc4cf0c883f80"},"headline":"M\u00e1s innovaci\u00f3n para la industria de Lleida","datePublished":"2018-05-29T07:06:29+00:00","dateModified":"2021-05-06T07:10:41+00:00","mainEntityOfPage":{"@id":"https:\/\/eurecat.org\/es\/mas-innovacion-para-la-industria-de-lleida\/"},"wordCount":407,"commentCount":0,"image":{"@id":"https:\/\/eurecat.org\/es\/mas-innovacion-para-la-industria-de-lleida\/#primaryimage"},"thumbnailUrl":"https:\/\/eurecat.org\/wp-content\/uploads\/2018\/05\/oficines-eurecat_lleida.jpg","articleSection":["Blog","Editorial"],"inLanguage":"es","potentialAction":[{"@type":"CommentAction","name":"Comment","target":["https:\/\/eurecat.org\/es\/mas-innovacion-para-la-industria-de-lleida\/#respond"]}]},{"@type":"WebPage","@id":"https:\/\/eurecat.org\/es\/mas-innovacion-para-la-industria-de-lleida\/","url":"https:\/\/eurecat.org\/es\/mas-innovacion-para-la-industria-de-lleida\/","name":"editorial","isPartOf":{"@id":"https:\/\/eurecat.org\/es\/#website"},"primaryImageOfPage":{"@id":"https:\/\/eurecat.org\/es\/mas-innovacion-para-la-industria-de-lleida\/#primaryimage"},"image":{"@id":"https:\/\/eurecat.org\/es\/mas-innovacion-para-la-industria-de-lleida\/#primaryimage"},"thumbnailUrl":"https:\/\/eurecat.org\/wp-content\/uploads\/2018\/05\/oficines-eurecat_lleida.jpg","datePublished":"2018-05-29T07:06:29+00:00","dateModified":"2021-05-06T07:10:41+00:00","author":{"@id":"https:\/\/eurecat.org\/es\/#\/schema\/person\/def9217eded50ee57a9dc4cf0c883f80"},"breadcrumb":{"@id":"https:\/\/eurecat.org\/es\/mas-innovacion-para-la-industria-de-lleida\/#breadcrumb"},"inLanguage":"es","potentialAction":[{"@type":"ReadAction","target":["https:\/\/eurecat.org\/es\/mas-innovacion-para-la-industria-de-lleida\/"]}]},{"@type":"ImageObject","inLanguage":"es","@id":"https:\/\/eurecat.org\/es\/mas-innovacion-para-la-industria-de-lleida\/#primaryimage","url":"https:\/\/eurecat.org\/wp-content\/uploads\/2018\/05\/oficines-eurecat_lleida.jpg","contentUrl":"https:\/\/eurecat.org\/wp-content\/uploads\/2018\/05\/oficines-eurecat_lleida.jpg","width":"774","height":"530","caption":"oficines-eurecat_lleida"},{"@type":"BreadcrumbList","@id":"https:\/\/eurecat.org\/es\/mas-innovacion-para-la-industria-de-lleida\/#breadcrumb","itemListElement":[{"@type":"ListItem","position":1,"name":"Inici","item":"https:\/\/eurecat.org\/es\/"},{"@type":"ListItem","position":2,"name":"M\u00e1s innovaci\u00f3n para la industria de Lleida"}]},{"@type":"WebSite","@id":"https:\/\/eurecat.org\/es\/#website","url":"https:\/\/eurecat.org\/es\/","name":"Eurecat","description":"Otro sitio realizado con WordPress","potentialAction":[{"@type":"SearchAction","target":{"@type":"EntryPoint","urlTemplate":"https:\/\/eurecat.org\/es\/?s={search_term_string}"},"query-input":{"@type":"PropertyValueSpecification","valueRequired":true,"valueName":"search_term_string"}}],"inLanguage":"es"},{"@type":"Person","@id":"https:\/\/eurecat.org\/es\/#\/schema\/person\/def9217eded50ee57a9dc4cf0c883f80","name":"EurecatEG","image":{"@type":"ImageObject","inLanguage":"es","@id":"https:\/\/secure.gravatar.com\/avatar\/f40dd9b6ecd3e5c591f3c9b033e495ee0ec9877ba77249fbf268b3889350c824?s=96&d=mm&r=g","url":"https:\/\/secure.gravatar.com\/avatar\/f40dd9b6ecd3e5c591f3c9b033e495ee0ec9877ba77249fbf268b3889350c824?s=96&d=mm&r=g","contentUrl":"https:\/\/secure.gravatar.com\/avatar\/f40dd9b6ecd3e5c591f3c9b033e495ee0ec9877ba77249fbf268b3889350c824?s=96&d=mm&r=g","caption":"EurecatEG"}}]}},"_links":{"self":[{"href":"https:\/\/eurecat.org\/es\/wp-json\/wp\/v2\/posts\/114227","targetHints":{"allow":["GET"]}}],"collection":[{"href":"https:\/\/eurecat.org\/es\/wp-json\/wp\/v2\/posts"}],"about":[{"href":"https:\/\/eurecat.org\/es\/wp-json\/wp\/v2\/types\/post"}],"author":[{"embeddable":true,"href":"https:\/\/eurecat.org\/es\/wp-json\/wp\/v2\/users\/12"}],"replies":[{"embeddable":true,"href":"https:\/\/eurecat.org\/es\/wp-json\/wp\/v2\/comments?post=114227"}],"version-history":[{"count":0,"href":"https:\/\/eurecat.org\/es\/wp-json\/wp\/v2\/posts\/114227\/revisions"}],"wp:featuredmedia":[{"embeddable":true,"href":"https:\/\/eurecat.org\/es\/wp-json\/wp\/v2\/media\/62636"}],"wp:attachment":[{"href":"https:\/\/eurecat.org\/es\/wp-json\/wp\/v2\/media?parent=114227"}],"wp:term":[{"taxonomy":"category","embeddable":true,"href":"https:\/\/eurecat.org\/es\/wp-json\/wp\/v2\/categories?post=114227"},{"taxonomy":"post_tag","embeddable":true,"href":"https:\/\/eurecat.org\/es\/wp-json\/wp\/v2\/tags?post=114227"}],"curies":[{"name":"wp","href":"https:\/\/api.w.org\/{rel}","templated":true}]}}