{"id":114272,"date":"2021-05-04T17:18:49","date_gmt":"2021-05-04T16:18:49","guid":{"rendered":"https:\/\/eurecat.org\/?p=114272"},"modified":"2021-05-07T08:06:05","modified_gmt":"2021-05-07T08:06:05","slug":"proyecto-mejorar-seguridad-sostenibilidad-carreteras","status":"publish","type":"post","link":"https:\/\/eurecat.org\/es\/proyecto-mejorar-seguridad-sostenibilidad-carreteras\/","title":{"rendered":"Eurecat participa en un proyecto de especializaci\u00f3n y competitividad territorial para mejorar la seguridad y sostenibilidad en las carreteras"},"content":{"rendered":"<p>El centro tecnol\u00f3gico <strong><a href=\"http:\/\/eurecat.org\/es\/\" target=\"_blank\" rel=\"noopener\">Eurecat<\/a><\/strong> participa en el <strong>Proyecto de Especializaci\u00f3n y Competitividad Territorial (PECT) \u2018Cuidamos lo que nos une. Carreteras m\u00e1s seguras y sostenibles\u2019<\/strong>, que desarrollar\u00e1 soluciones innovadoras en la aplicaci\u00f3n de materiales para la construcci\u00f3n y mantenimiento de la red de carreteras y en su se\u00f1alizaci\u00f3n, con el fin de mejorar la seguridad vial, la sostenibilidad del territorio y generar nuevas oportunidades de actividad econ\u00f3mica.<\/p>\n<p>Dentro del proyecto, que est\u00e1 liderado por la Diputaci\u00f3n de Tarragona y que cuenta con la participaci\u00f3n de la Universitat Rovira i Virgili (URV), Eurecat participa en la operaci\u00f3n sobre Inteligencia competitiva, que tiene un presupuesto de 312.608 euros y que prev\u00e9 impulsar la transferencia tecnol\u00f3gica y la innovaci\u00f3n, mejorando el posicionamiento de las empresas. Al mismo tiempo, se promover\u00e1 la econom\u00eda circular en el \u00e1mbito de las infraestructuras viarias para minimizar el uso de materias primas.<\/p>\n<p>La presidenta de la Diputaci\u00f3n de Tarragona, Noem\u00ed Llaurad\u00f3, ha presentado hoy p\u00fablicamente este PECT y otro titulado \u2018Pueblos vivos y activos. Territorio equilibrado e innovador\u2019, acompa\u00f1ada de la rectora de la URV, M. Jos\u00e9 Figueras, y del diputado delegado de Proyectos Europeos y Regi\u00f3n del Conocimiento de la Diputaci\u00f3n, Pere Granados, en un acto al que ha asistido el director general Corporativo y de Operaciones de Eurecat, Xavier L\u00f3pez.<\/p>\n<p>En conjunto, el PECT \u2018Cuidamos lo que nos une. Carreteras m\u00e1s seguras y sostenibles\u2019 se divide en seis operaciones en torno a la innovaci\u00f3n y la tecnolog\u00eda y \u201cpersigue retos muy concretos en torno a la construcci\u00f3n y el mantenimiento sostenible, gesti\u00f3n y utilizaci\u00f3n innovadora y segura de la red viaria local de Tarragona\u201d, con el fin de \u201csumar en t\u00e9rminos de sostenibilidad y seguridad\u201d, afirma el director del \u00c1rea de Sostenibilidad de Eurecat, Miquel Rovira.<\/p>\n<p>En el marco del proyecto, desde Eurecat \u201charemos un estudio de vigilancia tecnol\u00f3gica y prospectiva estrat\u00e9gica innovadora para analizar tendencias actuales y avances tecnol\u00f3gicos en el \u00e1mbito de las infraestructuras viarias\u201d y, por otra parte, \u201cdesarrollaremos un plan de acci\u00f3n para incentivar la realizaci\u00f3n de proyectos de I+D donde apliquen tecnolog\u00edas en el campo de la econom\u00eda circular de gran potencial para el sector industrial vinculado a la construcci\u00f3n de carreteras sostenibles\u201d, explica el director de Consultor\u00eda de Eurecat, Roger Font.<\/p>\n<p>Para valorar el impacto de las acciones realizadas, se tendr\u00e1 en cuenta la generaci\u00f3n de nuevas ideas para la incorporaci\u00f3n de materias primas secundarias en carreteras, el nivel de colaboraci\u00f3n con empresas del territorio, la medici\u00f3n de las toneladas de materias primas ahorradas gracias a la econom\u00eda circular y el crecimiento empresarial en base a nuevos modelos de negocio.<\/p>\n<p>El PECT &#8216;Cuidamos lo que nos une. Carreteras m\u00e1s seguras y sostenibles&#8217; cuenta con la participaci\u00f3n de la PIMEC, el Colegio Oficial de Ingenieros Industriales de Catalu\u00f1a y la Asociaci\u00f3n de Ingenieros de Catalu\u00f1a.<\/p>\n<p>Los PECT son iniciativas que impulsan los agentes del territorio y lideran las entidades p\u00fablicas locales para promover actuaciones que contribuyan a la transformaci\u00f3n econ\u00f3mica del territorio y que tengan un fuerte componente de innovaci\u00f3n. Estos dos nuevos proyectos ahora en marcha se enmarcan en la Estrategia de investigaci\u00f3n e innovaci\u00f3n para la especializaci\u00f3n inteligente de Catalu\u00f1a (RIS3CAT) y en el Programa operativo FEDER de Catalu\u00f1a 2014-2020, con el objetivo de promover un crecimiento inteligente, sostenible e integrador del territorio. En este sentido, uno de los principales retos de la RIS3CAT es explorar y promover nuevas formas de colaboraci\u00f3n de los llamados \u2018agentes de la cu\u00e1druple h\u00e9lice\u2019 (administraci\u00f3n p\u00fablica, agentes de investigaci\u00f3n e innovaci\u00f3n, empresas y sociedad civil) para dar respuestas innovadoras y m\u00e1s efectivas a los retos actuales de la sociedad.<\/p>\n<p>La presentaci\u00f3n ha contado tambi\u00e9n con el vicepresidente y diputado delegado de los Servicios de Asistencia al Territorio de la Diputaci\u00f3n de Tarragona, Adam Tom\u00e0s; el vicerrector de Innovaci\u00f3n y Transferencia del Conocimiento de la URV, Francesc Medina; el vicerrector de Investigaci\u00f3n y Planificaci\u00f3n Cient\u00edfica de la URV, Francesc D\u00edaz; la vicerrectora de Relaciones Institucionales, Cultura y Compromiso Social de la URV, Miseric\u00f2rdia Camps; el presidente del Consejo Comarcal de la Conca de Barber\u00e0, Mag\u00ed Trullols; el presidente del Consejo Comarcal del Priorat, Xavier Gr\u00e0cia; el vicepresidente de la Asociaci\u00f3n de Iniciativas Rurales de Catalu\u00f1a (ARCA), Sebasti\u00e0 Mata, y el coordinador cient\u00edfico del Parque Tecnol\u00f3gico del Vino (VITEC), Ra\u00fal Ferrer.<\/p>\n","protected":false},"excerpt":{"rendered":"<p>El centro tecnol\u00f3gico Eurecat participa en el Proyecto de Especializaci\u00f3n y Competitividad Territorial (PECT) \u2018Cuidamos lo que nos une. Carreteras m\u00e1s seguras y sostenibles\u2019, que desarrollar\u00e1 soluciones innovadoras en la aplicaci\u00f3n de materiales para la construcci\u00f3n y mantenimiento de la red de carreteras y en su se\u00f1alizaci\u00f3n, con el fin de mejorar la seguridad vial,  [&#8230;]<\/p>\n","protected":false},"author":27,"featured_media":114270,"comment_status":"open","ping_status":"closed","sticky":false,"template":"","format":"standard","meta":{"footnotes":""},"categories":[394,134,411],"tags":[],"class_list":["post-114272","post","type-post","status-publish","format-standard","has-post-thumbnail","hentry","category-consultoria-es","category-notas-de-prensa","category-sostenibilidad"],"yoast_head":"<!-- This site is optimized with the Yoast SEO plugin v27.5 - https:\/\/yoast.com\/product\/yoast-seo-wordpress\/ -->\n<title>Proyecto para mejorar la seguridad y sostenibilidad en las carreteras<\/title>\n<meta name=\"description\" content=\"Eurecat participa en un proyecto de especializaci\u00f3n y competitividad territorial para mejorar la seguridad y sostenibilidad en las carreteras\" \/>\n<meta name=\"robots\" content=\"index, follow, max-snippet:-1, max-image-preview:large, max-video-preview:-1\" \/>\n<link rel=\"canonical\" href=\"https:\/\/eurecat.org\/es\/proyecto-mejorar-seguridad-sostenibilidad-carreteras\/\" \/>\n<meta property=\"og:locale\" content=\"es_ES\" \/>\n<meta property=\"og:type\" content=\"article\" \/>\n<meta property=\"og:title\" content=\"Proyecto para mejorar la seguridad y sostenibilidad en las carreteras\" \/>\n<meta property=\"og:description\" content=\"Eurecat participa en un proyecto de especializaci\u00f3n y competitividad territorial para mejorar la seguridad y sostenibilidad en las carreteras\" \/>\n<meta property=\"og:url\" content=\"https:\/\/eurecat.org\/es\/proyecto-mejorar-seguridad-sostenibilidad-carreteras\/\" \/>\n<meta property=\"og:site_name\" content=\"Eurecat\" \/>\n<meta property=\"article:published_time\" content=\"2021-05-04T16:18:49+00:00\" \/>\n<meta property=\"article:modified_time\" content=\"2021-05-07T08:06:05+00:00\" \/>\n<meta property=\"og:image\" content=\"https:\/\/eurecat.org\/wp-content\/uploads\/2021\/05\/Eurecat-PECT-Carreteres_930x515px.jpg\" \/>\n\t<meta property=\"og:image:width\" content=\"930\" \/>\n\t<meta property=\"og:image:height\" content=\"503\" \/>\n\t<meta property=\"og:image:type\" content=\"image\/jpeg\" \/>\n<meta name=\"author\" content=\"eurecatNG\" \/>\n<meta name=\"twitter:card\" content=\"summary_large_image\" \/>\n<meta name=\"twitter:label1\" content=\"Escrito por\" \/>\n\t<meta name=\"twitter:data1\" content=\"eurecatNG\" \/>\n\t<meta name=\"twitter:label2\" content=\"Tiempo de lectura\" \/>\n\t<meta name=\"twitter:data2\" content=\"4 minutos\" \/>\n<script type=\"application\/ld+json\" class=\"yoast-schema-graph\">{\"@context\":\"https:\\\/\\\/schema.org\",\"@graph\":[{\"@type\":\"Article\",\"@id\":\"https:\\\/\\\/eurecat.org\\\/es\\\/proyecto-mejorar-seguridad-sostenibilidad-carreteras\\\/#article\",\"isPartOf\":{\"@id\":\"https:\\\/\\\/eurecat.org\\\/es\\\/proyecto-mejorar-seguridad-sostenibilidad-carreteras\\\/\"},\"author\":{\"name\":\"eurecatNG\",\"@id\":\"https:\\\/\\\/eurecat.org\\\/es\\\/#\\\/schema\\\/person\\\/8342992d6929ad043b305d3cac68b3f4\"},\"headline\":\"Eurecat participa en un proyecto de especializaci\u00f3n y competitividad territorial para mejorar la seguridad y sostenibilidad en las carreteras\",\"datePublished\":\"2021-05-04T16:18:49+00:00\",\"dateModified\":\"2021-05-07T08:06:05+00:00\",\"mainEntityOfPage\":{\"@id\":\"https:\\\/\\\/eurecat.org\\\/es\\\/proyecto-mejorar-seguridad-sostenibilidad-carreteras\\\/\"},\"wordCount\":806,\"commentCount\":0,\"image\":{\"@id\":\"https:\\\/\\\/eurecat.org\\\/es\\\/proyecto-mejorar-seguridad-sostenibilidad-carreteras\\\/#primaryimage\"},\"thumbnailUrl\":\"https:\\\/\\\/eurecat.org\\\/wp-content\\\/uploads\\\/2021\\\/05\\\/Eurecat-PECT-Carreteres_930x515px.jpg\",\"articleSection\":[\"Consultor\u00eda\",\"Notas de prensa\",\"Sostenibilidad\"],\"inLanguage\":\"es\",\"potentialAction\":[{\"@type\":\"CommentAction\",\"name\":\"Comment\",\"target\":[\"https:\\\/\\\/eurecat.org\\\/es\\\/proyecto-mejorar-seguridad-sostenibilidad-carreteras\\\/#respond\"]}]},{\"@type\":\"WebPage\",\"@id\":\"https:\\\/\\\/eurecat.org\\\/es\\\/proyecto-mejorar-seguridad-sostenibilidad-carreteras\\\/\",\"url\":\"https:\\\/\\\/eurecat.org\\\/es\\\/proyecto-mejorar-seguridad-sostenibilidad-carreteras\\\/\",\"name\":\"Proyecto para mejorar la seguridad y sostenibilidad en las carreteras\",\"isPartOf\":{\"@id\":\"https:\\\/\\\/eurecat.org\\\/es\\\/#website\"},\"primaryImageOfPage\":{\"@id\":\"https:\\\/\\\/eurecat.org\\\/es\\\/proyecto-mejorar-seguridad-sostenibilidad-carreteras\\\/#primaryimage\"},\"image\":{\"@id\":\"https:\\\/\\\/eurecat.org\\\/es\\\/proyecto-mejorar-seguridad-sostenibilidad-carreteras\\\/#primaryimage\"},\"thumbnailUrl\":\"https:\\\/\\\/eurecat.org\\\/wp-content\\\/uploads\\\/2021\\\/05\\\/Eurecat-PECT-Carreteres_930x515px.jpg\",\"datePublished\":\"2021-05-04T16:18:49+00:00\",\"dateModified\":\"2021-05-07T08:06:05+00:00\",\"author\":{\"@id\":\"https:\\\/\\\/eurecat.org\\\/es\\\/#\\\/schema\\\/person\\\/8342992d6929ad043b305d3cac68b3f4\"},\"description\":\"Eurecat participa en un proyecto de especializaci\u00f3n y competitividad territorial para mejorar la seguridad y sostenibilidad en las carreteras\",\"breadcrumb\":{\"@id\":\"https:\\\/\\\/eurecat.org\\\/es\\\/proyecto-mejorar-seguridad-sostenibilidad-carreteras\\\/#breadcrumb\"},\"inLanguage\":\"es\",\"potentialAction\":[{\"@type\":\"ReadAction\",\"target\":[\"https:\\\/\\\/eurecat.org\\\/es\\\/proyecto-mejorar-seguridad-sostenibilidad-carreteras\\\/\"]}]},{\"@type\":\"ImageObject\",\"inLanguage\":\"es\",\"@id\":\"https:\\\/\\\/eurecat.org\\\/es\\\/proyecto-mejorar-seguridad-sostenibilidad-carreteras\\\/#primaryimage\",\"url\":\"https:\\\/\\\/eurecat.org\\\/wp-content\\\/uploads\\\/2021\\\/05\\\/Eurecat-PECT-Carreteres_930x515px.jpg\",\"contentUrl\":\"https:\\\/\\\/eurecat.org\\\/wp-content\\\/uploads\\\/2021\\\/05\\\/Eurecat-PECT-Carreteres_930x515px.jpg\",\"width\":930,\"height\":503,\"caption\":\"eurecat PECT tarragona carreteres\"},{\"@type\":\"BreadcrumbList\",\"@id\":\"https:\\\/\\\/eurecat.org\\\/es\\\/proyecto-mejorar-seguridad-sostenibilidad-carreteras\\\/#breadcrumb\",\"itemListElement\":[{\"@type\":\"ListItem\",\"position\":1,\"name\":\"Inici\",\"item\":\"https:\\\/\\\/eurecat.org\\\/es\\\/\"},{\"@type\":\"ListItem\",\"position\":2,\"name\":\"Eurecat participa en un proyecto de especializaci\u00f3n y competitividad territorial para mejorar la seguridad y sostenibilidad en las carreteras\"}]},{\"@type\":\"WebSite\",\"@id\":\"https:\\\/\\\/eurecat.org\\\/es\\\/#website\",\"url\":\"https:\\\/\\\/eurecat.org\\\/es\\\/\",\"name\":\"Eurecat\",\"description\":\"Otro sitio realizado con WordPress\",\"potentialAction\":[{\"@type\":\"SearchAction\",\"target\":{\"@type\":\"EntryPoint\",\"urlTemplate\":\"https:\\\/\\\/eurecat.org\\\/es\\\/?s={search_term_string}\"},\"query-input\":{\"@type\":\"PropertyValueSpecification\",\"valueRequired\":true,\"valueName\":\"search_term_string\"}}],\"inLanguage\":\"es\"},{\"@type\":\"Person\",\"@id\":\"https:\\\/\\\/eurecat.org\\\/es\\\/#\\\/schema\\\/person\\\/8342992d6929ad043b305d3cac68b3f4\",\"name\":\"eurecatNG\",\"image\":{\"@type\":\"ImageObject\",\"inLanguage\":\"es\",\"@id\":\"https:\\\/\\\/secure.gravatar.com\\\/avatar\\\/63200cb70ae4f15a0f673050f36df149dba802bea7614e8f838aaccfcf8ea11d?s=96&d=mm&r=g\",\"url\":\"https:\\\/\\\/secure.gravatar.com\\\/avatar\\\/63200cb70ae4f15a0f673050f36df149dba802bea7614e8f838aaccfcf8ea11d?s=96&d=mm&r=g\",\"contentUrl\":\"https:\\\/\\\/secure.gravatar.com\\\/avatar\\\/63200cb70ae4f15a0f673050f36df149dba802bea7614e8f838aaccfcf8ea11d?s=96&d=mm&r=g\",\"caption\":\"eurecatNG\"}}]}<\/script>\n<!-- \/ Yoast SEO plugin. -->","yoast_head_json":{"title":"Proyecto para mejorar la seguridad y sostenibilidad en las carreteras","description":"Eurecat participa en un proyecto de especializaci\u00f3n y competitividad territorial para mejorar la seguridad y sostenibilidad en las carreteras","robots":{"index":"index","follow":"follow","max-snippet":"max-snippet:-1","max-image-preview":"max-image-preview:large","max-video-preview":"max-video-preview:-1"},"canonical":"https:\/\/eurecat.org\/es\/proyecto-mejorar-seguridad-sostenibilidad-carreteras\/","og_locale":"es_ES","og_type":"article","og_title":"Proyecto para mejorar la seguridad y sostenibilidad en las carreteras","og_description":"Eurecat participa en un proyecto de especializaci\u00f3n y competitividad territorial para mejorar la seguridad y sostenibilidad en las carreteras","og_url":"https:\/\/eurecat.org\/es\/proyecto-mejorar-seguridad-sostenibilidad-carreteras\/","og_site_name":"Eurecat","article_published_time":"2021-05-04T16:18:49+00:00","article_modified_time":"2021-05-07T08:06:05+00:00","og_image":[{"width":930,"height":503,"url":"https:\/\/eurecat.org\/wp-content\/uploads\/2021\/05\/Eurecat-PECT-Carreteres_930x515px.jpg","type":"image\/jpeg"}],"author":"eurecatNG","twitter_card":"summary_large_image","twitter_misc":{"Escrito por":"eurecatNG","Tiempo de lectura":"4 minutos"},"schema":{"@context":"https:\/\/schema.org","@graph":[{"@type":"Article","@id":"https:\/\/eurecat.org\/es\/proyecto-mejorar-seguridad-sostenibilidad-carreteras\/#article","isPartOf":{"@id":"https:\/\/eurecat.org\/es\/proyecto-mejorar-seguridad-sostenibilidad-carreteras\/"},"author":{"name":"eurecatNG","@id":"https:\/\/eurecat.org\/es\/#\/schema\/person\/8342992d6929ad043b305d3cac68b3f4"},"headline":"Eurecat participa en un proyecto de especializaci\u00f3n y competitividad territorial para mejorar la seguridad y sostenibilidad en las carreteras","datePublished":"2021-05-04T16:18:49+00:00","dateModified":"2021-05-07T08:06:05+00:00","mainEntityOfPage":{"@id":"https:\/\/eurecat.org\/es\/proyecto-mejorar-seguridad-sostenibilidad-carreteras\/"},"wordCount":806,"commentCount":0,"image":{"@id":"https:\/\/eurecat.org\/es\/proyecto-mejorar-seguridad-sostenibilidad-carreteras\/#primaryimage"},"thumbnailUrl":"https:\/\/eurecat.org\/wp-content\/uploads\/2021\/05\/Eurecat-PECT-Carreteres_930x515px.jpg","articleSection":["Consultor\u00eda","Notas de prensa","Sostenibilidad"],"inLanguage":"es","potentialAction":[{"@type":"CommentAction","name":"Comment","target":["https:\/\/eurecat.org\/es\/proyecto-mejorar-seguridad-sostenibilidad-carreteras\/#respond"]}]},{"@type":"WebPage","@id":"https:\/\/eurecat.org\/es\/proyecto-mejorar-seguridad-sostenibilidad-carreteras\/","url":"https:\/\/eurecat.org\/es\/proyecto-mejorar-seguridad-sostenibilidad-carreteras\/","name":"Proyecto para mejorar la seguridad y sostenibilidad en las carreteras","isPartOf":{"@id":"https:\/\/eurecat.org\/es\/#website"},"primaryImageOfPage":{"@id":"https:\/\/eurecat.org\/es\/proyecto-mejorar-seguridad-sostenibilidad-carreteras\/#primaryimage"},"image":{"@id":"https:\/\/eurecat.org\/es\/proyecto-mejorar-seguridad-sostenibilidad-carreteras\/#primaryimage"},"thumbnailUrl":"https:\/\/eurecat.org\/wp-content\/uploads\/2021\/05\/Eurecat-PECT-Carreteres_930x515px.jpg","datePublished":"2021-05-04T16:18:49+00:00","dateModified":"2021-05-07T08:06:05+00:00","author":{"@id":"https:\/\/eurecat.org\/es\/#\/schema\/person\/8342992d6929ad043b305d3cac68b3f4"},"description":"Eurecat participa en un proyecto de especializaci\u00f3n y competitividad territorial para mejorar la seguridad y sostenibilidad en las carreteras","breadcrumb":{"@id":"https:\/\/eurecat.org\/es\/proyecto-mejorar-seguridad-sostenibilidad-carreteras\/#breadcrumb"},"inLanguage":"es","potentialAction":[{"@type":"ReadAction","target":["https:\/\/eurecat.org\/es\/proyecto-mejorar-seguridad-sostenibilidad-carreteras\/"]}]},{"@type":"ImageObject","inLanguage":"es","@id":"https:\/\/eurecat.org\/es\/proyecto-mejorar-seguridad-sostenibilidad-carreteras\/#primaryimage","url":"https:\/\/eurecat.org\/wp-content\/uploads\/2021\/05\/Eurecat-PECT-Carreteres_930x515px.jpg","contentUrl":"https:\/\/eurecat.org\/wp-content\/uploads\/2021\/05\/Eurecat-PECT-Carreteres_930x515px.jpg","width":930,"height":503,"caption":"eurecat PECT tarragona carreteres"},{"@type":"BreadcrumbList","@id":"https:\/\/eurecat.org\/es\/proyecto-mejorar-seguridad-sostenibilidad-carreteras\/#breadcrumb","itemListElement":[{"@type":"ListItem","position":1,"name":"Inici","item":"https:\/\/eurecat.org\/es\/"},{"@type":"ListItem","position":2,"name":"Eurecat participa en un proyecto de especializaci\u00f3n y competitividad territorial para mejorar la seguridad y sostenibilidad en las carreteras"}]},{"@type":"WebSite","@id":"https:\/\/eurecat.org\/es\/#website","url":"https:\/\/eurecat.org\/es\/","name":"Eurecat","description":"Otro sitio realizado con WordPress","potentialAction":[{"@type":"SearchAction","target":{"@type":"EntryPoint","urlTemplate":"https:\/\/eurecat.org\/es\/?s={search_term_string}"},"query-input":{"@type":"PropertyValueSpecification","valueRequired":true,"valueName":"search_term_string"}}],"inLanguage":"es"},{"@type":"Person","@id":"https:\/\/eurecat.org\/es\/#\/schema\/person\/8342992d6929ad043b305d3cac68b3f4","name":"eurecatNG","image":{"@type":"ImageObject","inLanguage":"es","@id":"https:\/\/secure.gravatar.com\/avatar\/63200cb70ae4f15a0f673050f36df149dba802bea7614e8f838aaccfcf8ea11d?s=96&d=mm&r=g","url":"https:\/\/secure.gravatar.com\/avatar\/63200cb70ae4f15a0f673050f36df149dba802bea7614e8f838aaccfcf8ea11d?s=96&d=mm&r=g","contentUrl":"https:\/\/secure.gravatar.com\/avatar\/63200cb70ae4f15a0f673050f36df149dba802bea7614e8f838aaccfcf8ea11d?s=96&d=mm&r=g","caption":"eurecatNG"}}]}},"_links":{"self":[{"href":"https:\/\/eurecat.org\/es\/wp-json\/wp\/v2\/posts\/114272","targetHints":{"allow":["GET"]}}],"collection":[{"href":"https:\/\/eurecat.org\/es\/wp-json\/wp\/v2\/posts"}],"about":[{"href":"https:\/\/eurecat.org\/es\/wp-json\/wp\/v2\/types\/post"}],"author":[{"embeddable":true,"href":"https:\/\/eurecat.org\/es\/wp-json\/wp\/v2\/users\/27"}],"replies":[{"embeddable":true,"href":"https:\/\/eurecat.org\/es\/wp-json\/wp\/v2\/comments?post=114272"}],"version-history":[{"count":0,"href":"https:\/\/eurecat.org\/es\/wp-json\/wp\/v2\/posts\/114272\/revisions"}],"wp:featuredmedia":[{"embeddable":true,"href":"https:\/\/eurecat.org\/es\/wp-json\/wp\/v2\/media\/114270"}],"wp:attachment":[{"href":"https:\/\/eurecat.org\/es\/wp-json\/wp\/v2\/media?parent=114272"}],"wp:term":[{"taxonomy":"category","embeddable":true,"href":"https:\/\/eurecat.org\/es\/wp-json\/wp\/v2\/categories?post=114272"},{"taxonomy":"post_tag","embeddable":true,"href":"https:\/\/eurecat.org\/es\/wp-json\/wp\/v2\/tags?post=114272"}],"curies":[{"name":"wp","href":"https:\/\/api.w.org\/{rel}","templated":true}]}}