{"id":114472,"date":"2021-05-13T15:09:56","date_gmt":"2021-05-13T14:09:56","guid":{"rendered":"https:\/\/eurecat.org\/?p=114472"},"modified":"2021-05-14T11:40:23","modified_gmt":"2021-05-14T10:40:23","slug":"eurecat-valle-del-hidrogeno-verde-de-cataluna","status":"publish","type":"post","link":"https:\/\/eurecat.org\/es\/eurecat-valle-del-hidrogeno-verde-de-cataluna\/","title":{"rendered":"Eurecat, socio de la Valle del Hidr\u00f3geno de Catalu\u00f1a"},"content":{"rendered":"<h1><span style=\"color: #800080;\">\u00bfQu\u00e9 capacidades y experiencia aporta Eurecat a la Valle del Hidr\u00f3geno de Catalu\u00f1a?<\/span><\/h1>\n<h3><strong>Entrevista a Gabriel Anzaldi<\/strong><\/h3>\n<h3><strong>Director de Desarrollo Cientificotecnol\u00f3gico de <a href=\"https:\/\/eurecat.org\/es\/\">Eurecat<\/a><\/strong><\/h3>\n<p><img decoding=\"async\" class=\"wp-image-53488 alignleft\" src=\"https:\/\/eurecat.org\/wp-content\/uploads\/2018\/03\/gabriel_anzaldi-2.jpg\" alt=\"\" width=\"499\" height=\"342\" srcset=\"https:\/\/eurecat.org\/wp-content\/uploads\/2018\/03\/gabriel_anzaldi-2-200x137.jpg 200w, https:\/\/eurecat.org\/wp-content\/uploads\/2018\/03\/gabriel_anzaldi-2-300x205.jpg 300w, https:\/\/eurecat.org\/wp-content\/uploads\/2018\/03\/gabriel_anzaldi-2-400x274.jpg 400w, https:\/\/eurecat.org\/wp-content\/uploads\/2018\/03\/gabriel_anzaldi-2-474x324.jpg 474w, https:\/\/eurecat.org\/wp-content\/uploads\/2018\/03\/gabriel_anzaldi-2-600x411.jpg 600w, https:\/\/eurecat.org\/wp-content\/uploads\/2018\/03\/gabriel_anzaldi-2-768x526.jpg 768w, https:\/\/eurecat.org\/wp-content\/uploads\/2018\/03\/gabriel_anzaldi-2.jpg 774w\" sizes=\"(max-width: 499px) 100vw, 499px\" \/><\/p>\n<p>Europa prev\u00e9 que en 2050 el 25% de la energ\u00eda pase a trav\u00e9s del hidr\u00f3geno limpio. Tambi\u00e9n conocido como hidrogeno verde, \u00e9ste se produce a trav\u00e9s de energia renovable y agua, y se utilizar\u00e1 como materia prima y fuente de calor en la industria qu\u00edmica o la movilidad, as\u00ed como para usos residenciales o como combustible.<\/p>\n<p>Desde Catalu\u00f1a, y bajo el liderazgo de la Universitat Rovira i Virgili, m\u00e1s de 100 <strong>organizaciones p\u00fablicas y privadas <\/strong>\u00a0trabajan para que el <strong>Valle del Hidr\u00f3geno de Catalu\u00f1a<\/strong> lidere la transici\u00f3n energ\u00e9tica. El objetivo com\u00fan es promover la cadena de valor del hidr\u00f3geno y acceder a los\u00a0<strong>fondos NEXTGEN-EU; <\/strong>impulsando proyectos, tejiendo alianzas estrat\u00e9gicas y atrayendo inversiones y talento para la econom\u00eda y la sociedad.<\/p>\n<p>Esta plataforma colaborativa multiactor cuenta, adem\u00e1s, con una alianza de conocimiento, ciencia y tecnolog\u00eda integrada por la <strong><a href=\"https:\/\/www.urv.cat\/es\/\" target=\"_blank\" rel=\"noopener\">Universitat Rovira i Virgili<\/a><\/strong>, el\u00a0<a href=\"https:\/\/www.iciq.org\/\"><strong>Instituto Catal\u00e1n de Investigaci\u00f3n Qu\u00edmica (ICIQ)<\/strong><\/a>, el\u00a0<a href=\"https:\/\/www.irec.cat\/\"><strong>Instituto de Investigaci\u00f3n en Energ\u00eda de Catalu\u00f1a (IREC)<\/strong><\/a>\u00a0y Eurecat.<\/p>\n<h3><strong>\u00bfDe qu\u00e9 manera trabaj\u00e1is entorno al hidr\u00f3geno verde?<\/strong><\/h3>\n<p>Eurecat investiga, desarrolla e industrializa soluciones que integran m\u00faltiples tecnolog\u00edas y conocimientos a lo largo de toda la cadena de valor del hidr\u00f3geno verde. Lo hacemos colaborando estrechamente con empresas y agentes cient\u00edfico-tecnol\u00f3gicos y promoviendo espacios de cogeneraci\u00f3n tecnol\u00f3gica abierta. La convergencia de tecnolog\u00edas desplegada por Eurecat es muy amplia, podemos citar el estudio y la optimizaci\u00f3n de la producci\u00f3n de hidr\u00f3geno a partir de diferentes procesos como por ejemplo la electrolisis del agua, la energ\u00eda verde, la biomasa o los residuos org\u00e1nicos; el dise\u00f1o, fabricaci\u00f3n y caracterizaci\u00f3n de celdas de combustible, reactores electroqu\u00edmicos y electrolizadores; la hibridaci\u00f3n de sistemas de almacenamiento y producci\u00f3n energ\u00e9tica; la caracterizaci\u00f3n y desarrollo de nuevos materiales para membranas y sistemas de almacenamiento; el desarrollo de c\u00e9lulas SOFC mejoradas; o la transformaci\u00f3n digital de toda la cadena de valor estudiando, desarrollando y desplegando estrategias de datos e inteligencia artificial espec\u00edficas.<\/p>\n<h3><strong>\u00bfQu\u00e9 supone para Eurecat su presencia en la Alianza Cient\u00edfico-tecnol\u00f3gica y en el Valle del Hidr\u00f3geno de Catalu\u00f1a?<\/strong><\/h3>\n<p>El desarrollo de nuevas tecnolog\u00edas, ideas de investigaci\u00f3n, productos y soluciones, dinamizado por la plataforma en torno al hidr\u00f3geno verde, nos permite articular una estructura y estrategia s\u00f3lida de investigaci\u00f3n, desarrollo e innovaci\u00f3n cient\u00edfico-tecnol\u00f3gica multidisciplinar y ecosist\u00e9mica en este \u00e1mbito. Asimismo, es una oportunidad muy importante para potenciar un entorno de colaboraci\u00f3n abierto y contribuir desde Eurecat al posicionamiento y liderazgo del tejido industrial catal\u00e1n en la cadena de valor del hidr\u00f3geno y su industria auxiliar, muy especialmente en la producci\u00f3n, almacenamiento, distribuci\u00f3n y en sus usos como por ejemplo la movilidad, el transporte, la industria qu\u00edmica o las industrias con alto consumo de energ\u00eda entre otros.<\/p>\n<h3><strong>\u00bfQu\u00e9 esper\u00e1is aportar a la plataforma?<\/strong><\/h3>\n<p>Participar en la dinamizaci\u00f3n de un entorno favorable al crecimiento tecnol\u00f3gico que potencie la I+D+I de tecnolog\u00edas limpias, promover la adopci\u00f3n e implementaci\u00f3n del uso del hidr\u00f3geno mediante la elaboraci\u00f3n de hojas de ruta de transici\u00f3n energ\u00e9tica y demostradores r\u00e1pidos, contribuir en la escalabilidad e industrializaci\u00f3n de las soluciones, ensayar nuevas variantes tecnol\u00f3gicas para promover nuevas posibilidades de negocios, capacitar una fuerza de trabajo cualificada y acompa\u00f1ar al tejido industrial en este cambio de modelo energ\u00e9tico\/productivo. Al mismo tiempo, pretendemos desarrollar capacidades de I+D+I en campos espec\u00edficos de aplicaci\u00f3n al hidr\u00f3geno verde los cuales contribuyan a la aceleraci\u00f3n e implementaci\u00f3n en el mercado de tecnolog\u00edas limpias diferenciadoras.<\/p>\n<h3><strong>\u00bfQu\u00e9 infraestructuras pon\u00e9is a disposici\u00f3n de la Plataforma?<\/strong><\/h3>\n<p>Eurecat complementa sus capacidades con una serie de instalaciones de experimentaci\u00f3n, prueba y validaci\u00f3n tecnol\u00f3gica, entre las que podemos mencionar los laboratorios de bater\u00edas y de ensayos de materiales,\u00a0sistemas experimentales de producci\u00f3n de H2 por gasificaci\u00f3n los cuales permiten dise\u00f1ar y optimizar a escala piloto el proceso de gasificaci\u00f3n de residuos org\u00e1nicos de varias tipolog\u00edas (biomasa, pl\u00e1sticos, papel, residuos urbanos\u2026) o una planta piloto singular a escala peque\u00f1a, en continuo y en condiciones exigentes de presi\u00f3n y temperatura. Esta \u00faltima instalaci\u00f3n simula las reacciones en planta qu\u00edmica y est\u00e1 espec\u00edficamente dise\u00f1ada para reaccionar con hidr\u00f3geno como reactivo en procesos de producci\u00f3n de diferentes compuestos de valor agregado a escala preindustrial, permite desarrollar productos qu\u00edmicos, catalizadores, pol\u00edmeros, capsulas y membranas, como as\u00ed tambi\u00e9n evaluar procesos en cuanto al valor econ\u00f3mico y la sostenibilidad de los productos.<\/p>\n<div>M\u00e1s informaci\u00f3n: <a tabindex=\"-1\" title=\"https:\/\/www.h2valley.cat\" href=\"https:\/\/www.h2valley.cat\" target=\"_blank\" rel=\"noreferrer noopener\">www.h2valley.cat<\/a><\/div>\n","protected":false},"excerpt":{"rendered":"<p>\u00bfQu\u00e9 capacidades y experiencia aporta Eurecat a la Valle del Hidr\u00f3geno de Catalu\u00f1a? Entrevista a Gabriel Anzaldi Director de Desarrollo Cientificotecnol\u00f3gico de Eurecat Europa prev\u00e9 que en 2050 el 25% de la energ\u00eda pase a trav\u00e9s del hidr\u00f3geno limpio. Tambi\u00e9n conocido como hidrogeno verde, \u00e9ste se produce a trav\u00e9s de energia renovable y agua, y  [&#8230;]<\/p>\n","protected":false},"author":12,"featured_media":53488,"comment_status":"open","ping_status":"closed","sticky":false,"template":"","format":"standard","meta":{"footnotes":""},"categories":[133],"tags":[],"class_list":["post-114472","post","type-post","status-publish","format-standard","has-post-thumbnail","hentry","category-blog"],"yoast_head":"<!-- This site is optimized with the Yoast SEO plugin v27.4 - https:\/\/yoast.com\/product\/yoast-seo-wordpress\/ -->\n<title>Eurecat, socio de la Valle del Hidr\u00f3geno de Catalu\u00f1a<\/title>\n<meta name=\"description\" content=\"Eurecat participa en el Valle del Hidr\u00f3geno junto a m\u00e1s de 100 organizaciones p\u00fablicas y privadas para liderar la transici\u00f3n energ\u00e9tica\" \/>\n<meta name=\"robots\" content=\"index, follow, max-snippet:-1, max-image-preview:large, max-video-preview:-1\" \/>\n<link rel=\"canonical\" href=\"https:\/\/eurecat.org\/es\/eurecat-valle-del-hidrogeno-verde-de-cataluna\/\" \/>\n<meta property=\"og:locale\" content=\"es_ES\" \/>\n<meta property=\"og:type\" content=\"article\" \/>\n<meta property=\"og:title\" content=\"Eurecat, socio de la Valle del Hidr\u00f3geno de Catalu\u00f1a\" \/>\n<meta property=\"og:description\" content=\"Eurecat participa en el Valle del Hidr\u00f3geno junto a m\u00e1s de 100 organizaciones p\u00fablicas y privadas para liderar la transici\u00f3n energ\u00e9tica\" \/>\n<meta property=\"og:url\" content=\"https:\/\/eurecat.org\/es\/eurecat-valle-del-hidrogeno-verde-de-cataluna\/\" \/>\n<meta property=\"og:site_name\" content=\"Eurecat\" \/>\n<meta property=\"article:published_time\" content=\"2021-05-13T14:09:56+00:00\" \/>\n<meta property=\"article:modified_time\" content=\"2021-05-14T10:40:23+00:00\" \/>\n<meta property=\"og:image\" content=\"https:\/\/eurecat.org\/wp-content\/uploads\/2018\/03\/gabriel_anzaldi-2.jpg\" \/>\n\t<meta property=\"og:image:width\" content=\"774\" \/>\n\t<meta property=\"og:image:height\" content=\"530\" \/>\n\t<meta property=\"og:image:type\" content=\"image\/jpeg\" \/>\n<meta name=\"author\" content=\"EurecatEG\" \/>\n<meta name=\"twitter:card\" content=\"summary_large_image\" \/>\n<meta name=\"twitter:label1\" content=\"Escrito por\" \/>\n\t<meta name=\"twitter:data1\" content=\"EurecatEG\" \/>\n\t<meta name=\"twitter:label2\" content=\"Tiempo de lectura\" \/>\n\t<meta name=\"twitter:data2\" content=\"4 minutos\" \/>\n<script type=\"application\/ld+json\" class=\"yoast-schema-graph\">{\"@context\":\"https:\\\/\\\/schema.org\",\"@graph\":[{\"@type\":\"Article\",\"@id\":\"https:\\\/\\\/eurecat.org\\\/es\\\/eurecat-valle-del-hidrogeno-verde-de-cataluna\\\/#article\",\"isPartOf\":{\"@id\":\"https:\\\/\\\/eurecat.org\\\/es\\\/eurecat-valle-del-hidrogeno-verde-de-cataluna\\\/\"},\"author\":{\"name\":\"EurecatEG\",\"@id\":\"https:\\\/\\\/eurecat.org\\\/es\\\/#\\\/schema\\\/person\\\/def9217eded50ee57a9dc4cf0c883f80\"},\"headline\":\"Eurecat, socio de la Valle del Hidr\u00f3geno de Catalu\u00f1a\",\"datePublished\":\"2021-05-13T14:09:56+00:00\",\"dateModified\":\"2021-05-14T10:40:23+00:00\",\"mainEntityOfPage\":{\"@id\":\"https:\\\/\\\/eurecat.org\\\/es\\\/eurecat-valle-del-hidrogeno-verde-de-cataluna\\\/\"},\"wordCount\":859,\"commentCount\":0,\"image\":{\"@id\":\"https:\\\/\\\/eurecat.org\\\/es\\\/eurecat-valle-del-hidrogeno-verde-de-cataluna\\\/#primaryimage\"},\"thumbnailUrl\":\"https:\\\/\\\/eurecat.org\\\/wp-content\\\/uploads\\\/2018\\\/03\\\/gabriel_anzaldi-2.jpg\",\"articleSection\":[\"Blog\"],\"inLanguage\":\"es\",\"potentialAction\":[{\"@type\":\"CommentAction\",\"name\":\"Comment\",\"target\":[\"https:\\\/\\\/eurecat.org\\\/es\\\/eurecat-valle-del-hidrogeno-verde-de-cataluna\\\/#respond\"]}]},{\"@type\":\"WebPage\",\"@id\":\"https:\\\/\\\/eurecat.org\\\/es\\\/eurecat-valle-del-hidrogeno-verde-de-cataluna\\\/\",\"url\":\"https:\\\/\\\/eurecat.org\\\/es\\\/eurecat-valle-del-hidrogeno-verde-de-cataluna\\\/\",\"name\":\"Eurecat, socio de la Valle del Hidr\u00f3geno de Catalu\u00f1a\",\"isPartOf\":{\"@id\":\"https:\\\/\\\/eurecat.org\\\/es\\\/#website\"},\"primaryImageOfPage\":{\"@id\":\"https:\\\/\\\/eurecat.org\\\/es\\\/eurecat-valle-del-hidrogeno-verde-de-cataluna\\\/#primaryimage\"},\"image\":{\"@id\":\"https:\\\/\\\/eurecat.org\\\/es\\\/eurecat-valle-del-hidrogeno-verde-de-cataluna\\\/#primaryimage\"},\"thumbnailUrl\":\"https:\\\/\\\/eurecat.org\\\/wp-content\\\/uploads\\\/2018\\\/03\\\/gabriel_anzaldi-2.jpg\",\"datePublished\":\"2021-05-13T14:09:56+00:00\",\"dateModified\":\"2021-05-14T10:40:23+00:00\",\"author\":{\"@id\":\"https:\\\/\\\/eurecat.org\\\/es\\\/#\\\/schema\\\/person\\\/def9217eded50ee57a9dc4cf0c883f80\"},\"description\":\"Eurecat participa en el Valle del Hidr\u00f3geno junto a m\u00e1s de 100 organizaciones p\u00fablicas y privadas para liderar la transici\u00f3n energ\u00e9tica\",\"breadcrumb\":{\"@id\":\"https:\\\/\\\/eurecat.org\\\/es\\\/eurecat-valle-del-hidrogeno-verde-de-cataluna\\\/#breadcrumb\"},\"inLanguage\":\"es\",\"potentialAction\":[{\"@type\":\"ReadAction\",\"target\":[\"https:\\\/\\\/eurecat.org\\\/es\\\/eurecat-valle-del-hidrogeno-verde-de-cataluna\\\/\"]}]},{\"@type\":\"ImageObject\",\"inLanguage\":\"es\",\"@id\":\"https:\\\/\\\/eurecat.org\\\/es\\\/eurecat-valle-del-hidrogeno-verde-de-cataluna\\\/#primaryimage\",\"url\":\"https:\\\/\\\/eurecat.org\\\/wp-content\\\/uploads\\\/2018\\\/03\\\/gabriel_anzaldi-2.jpg\",\"contentUrl\":\"https:\\\/\\\/eurecat.org\\\/wp-content\\\/uploads\\\/2018\\\/03\\\/gabriel_anzaldi-2.jpg\",\"width\":\"774\",\"height\":\"530\",\"caption\":\"gabriel anzaldi\"},{\"@type\":\"BreadcrumbList\",\"@id\":\"https:\\\/\\\/eurecat.org\\\/es\\\/eurecat-valle-del-hidrogeno-verde-de-cataluna\\\/#breadcrumb\",\"itemListElement\":[{\"@type\":\"ListItem\",\"position\":1,\"name\":\"Inici\",\"item\":\"https:\\\/\\\/eurecat.org\\\/es\\\/\"},{\"@type\":\"ListItem\",\"position\":2,\"name\":\"Eurecat, socio de la Valle del Hidr\u00f3geno de Catalu\u00f1a\"}]},{\"@type\":\"WebSite\",\"@id\":\"https:\\\/\\\/eurecat.org\\\/es\\\/#website\",\"url\":\"https:\\\/\\\/eurecat.org\\\/es\\\/\",\"name\":\"Eurecat\",\"description\":\"Otro sitio realizado con WordPress\",\"potentialAction\":[{\"@type\":\"SearchAction\",\"target\":{\"@type\":\"EntryPoint\",\"urlTemplate\":\"https:\\\/\\\/eurecat.org\\\/es\\\/?s={search_term_string}\"},\"query-input\":{\"@type\":\"PropertyValueSpecification\",\"valueRequired\":true,\"valueName\":\"search_term_string\"}}],\"inLanguage\":\"es\"},{\"@type\":\"Person\",\"@id\":\"https:\\\/\\\/eurecat.org\\\/es\\\/#\\\/schema\\\/person\\\/def9217eded50ee57a9dc4cf0c883f80\",\"name\":\"EurecatEG\",\"image\":{\"@type\":\"ImageObject\",\"inLanguage\":\"es\",\"@id\":\"https:\\\/\\\/secure.gravatar.com\\\/avatar\\\/f40dd9b6ecd3e5c591f3c9b033e495ee0ec9877ba77249fbf268b3889350c824?s=96&d=mm&r=g\",\"url\":\"https:\\\/\\\/secure.gravatar.com\\\/avatar\\\/f40dd9b6ecd3e5c591f3c9b033e495ee0ec9877ba77249fbf268b3889350c824?s=96&d=mm&r=g\",\"contentUrl\":\"https:\\\/\\\/secure.gravatar.com\\\/avatar\\\/f40dd9b6ecd3e5c591f3c9b033e495ee0ec9877ba77249fbf268b3889350c824?s=96&d=mm&r=g\",\"caption\":\"EurecatEG\"}}]}<\/script>\n<!-- \/ Yoast SEO plugin. -->","yoast_head_json":{"title":"Eurecat, socio de la Valle del Hidr\u00f3geno de Catalu\u00f1a","description":"Eurecat participa en el Valle del Hidr\u00f3geno junto a m\u00e1s de 100 organizaciones p\u00fablicas y privadas para liderar la transici\u00f3n energ\u00e9tica","robots":{"index":"index","follow":"follow","max-snippet":"max-snippet:-1","max-image-preview":"max-image-preview:large","max-video-preview":"max-video-preview:-1"},"canonical":"https:\/\/eurecat.org\/es\/eurecat-valle-del-hidrogeno-verde-de-cataluna\/","og_locale":"es_ES","og_type":"article","og_title":"Eurecat, socio de la Valle del Hidr\u00f3geno de Catalu\u00f1a","og_description":"Eurecat participa en el Valle del Hidr\u00f3geno junto a m\u00e1s de 100 organizaciones p\u00fablicas y privadas para liderar la transici\u00f3n energ\u00e9tica","og_url":"https:\/\/eurecat.org\/es\/eurecat-valle-del-hidrogeno-verde-de-cataluna\/","og_site_name":"Eurecat","article_published_time":"2021-05-13T14:09:56+00:00","article_modified_time":"2021-05-14T10:40:23+00:00","og_image":[{"width":774,"height":530,"url":"https:\/\/eurecat.org\/wp-content\/uploads\/2018\/03\/gabriel_anzaldi-2.jpg","type":"image\/jpeg"}],"author":"EurecatEG","twitter_card":"summary_large_image","twitter_misc":{"Escrito por":"EurecatEG","Tiempo de lectura":"4 minutos"},"schema":{"@context":"https:\/\/schema.org","@graph":[{"@type":"Article","@id":"https:\/\/eurecat.org\/es\/eurecat-valle-del-hidrogeno-verde-de-cataluna\/#article","isPartOf":{"@id":"https:\/\/eurecat.org\/es\/eurecat-valle-del-hidrogeno-verde-de-cataluna\/"},"author":{"name":"EurecatEG","@id":"https:\/\/eurecat.org\/es\/#\/schema\/person\/def9217eded50ee57a9dc4cf0c883f80"},"headline":"Eurecat, socio de la Valle del Hidr\u00f3geno de Catalu\u00f1a","datePublished":"2021-05-13T14:09:56+00:00","dateModified":"2021-05-14T10:40:23+00:00","mainEntityOfPage":{"@id":"https:\/\/eurecat.org\/es\/eurecat-valle-del-hidrogeno-verde-de-cataluna\/"},"wordCount":859,"commentCount":0,"image":{"@id":"https:\/\/eurecat.org\/es\/eurecat-valle-del-hidrogeno-verde-de-cataluna\/#primaryimage"},"thumbnailUrl":"https:\/\/eurecat.org\/wp-content\/uploads\/2018\/03\/gabriel_anzaldi-2.jpg","articleSection":["Blog"],"inLanguage":"es","potentialAction":[{"@type":"CommentAction","name":"Comment","target":["https:\/\/eurecat.org\/es\/eurecat-valle-del-hidrogeno-verde-de-cataluna\/#respond"]}]},{"@type":"WebPage","@id":"https:\/\/eurecat.org\/es\/eurecat-valle-del-hidrogeno-verde-de-cataluna\/","url":"https:\/\/eurecat.org\/es\/eurecat-valle-del-hidrogeno-verde-de-cataluna\/","name":"Eurecat, socio de la Valle del Hidr\u00f3geno de Catalu\u00f1a","isPartOf":{"@id":"https:\/\/eurecat.org\/es\/#website"},"primaryImageOfPage":{"@id":"https:\/\/eurecat.org\/es\/eurecat-valle-del-hidrogeno-verde-de-cataluna\/#primaryimage"},"image":{"@id":"https:\/\/eurecat.org\/es\/eurecat-valle-del-hidrogeno-verde-de-cataluna\/#primaryimage"},"thumbnailUrl":"https:\/\/eurecat.org\/wp-content\/uploads\/2018\/03\/gabriel_anzaldi-2.jpg","datePublished":"2021-05-13T14:09:56+00:00","dateModified":"2021-05-14T10:40:23+00:00","author":{"@id":"https:\/\/eurecat.org\/es\/#\/schema\/person\/def9217eded50ee57a9dc4cf0c883f80"},"description":"Eurecat participa en el Valle del Hidr\u00f3geno junto a m\u00e1s de 100 organizaciones p\u00fablicas y privadas para liderar la transici\u00f3n energ\u00e9tica","breadcrumb":{"@id":"https:\/\/eurecat.org\/es\/eurecat-valle-del-hidrogeno-verde-de-cataluna\/#breadcrumb"},"inLanguage":"es","potentialAction":[{"@type":"ReadAction","target":["https:\/\/eurecat.org\/es\/eurecat-valle-del-hidrogeno-verde-de-cataluna\/"]}]},{"@type":"ImageObject","inLanguage":"es","@id":"https:\/\/eurecat.org\/es\/eurecat-valle-del-hidrogeno-verde-de-cataluna\/#primaryimage","url":"https:\/\/eurecat.org\/wp-content\/uploads\/2018\/03\/gabriel_anzaldi-2.jpg","contentUrl":"https:\/\/eurecat.org\/wp-content\/uploads\/2018\/03\/gabriel_anzaldi-2.jpg","width":"774","height":"530","caption":"gabriel anzaldi"},{"@type":"BreadcrumbList","@id":"https:\/\/eurecat.org\/es\/eurecat-valle-del-hidrogeno-verde-de-cataluna\/#breadcrumb","itemListElement":[{"@type":"ListItem","position":1,"name":"Inici","item":"https:\/\/eurecat.org\/es\/"},{"@type":"ListItem","position":2,"name":"Eurecat, socio de la Valle del Hidr\u00f3geno de Catalu\u00f1a"}]},{"@type":"WebSite","@id":"https:\/\/eurecat.org\/es\/#website","url":"https:\/\/eurecat.org\/es\/","name":"Eurecat","description":"Otro sitio realizado con WordPress","potentialAction":[{"@type":"SearchAction","target":{"@type":"EntryPoint","urlTemplate":"https:\/\/eurecat.org\/es\/?s={search_term_string}"},"query-input":{"@type":"PropertyValueSpecification","valueRequired":true,"valueName":"search_term_string"}}],"inLanguage":"es"},{"@type":"Person","@id":"https:\/\/eurecat.org\/es\/#\/schema\/person\/def9217eded50ee57a9dc4cf0c883f80","name":"EurecatEG","image":{"@type":"ImageObject","inLanguage":"es","@id":"https:\/\/secure.gravatar.com\/avatar\/f40dd9b6ecd3e5c591f3c9b033e495ee0ec9877ba77249fbf268b3889350c824?s=96&d=mm&r=g","url":"https:\/\/secure.gravatar.com\/avatar\/f40dd9b6ecd3e5c591f3c9b033e495ee0ec9877ba77249fbf268b3889350c824?s=96&d=mm&r=g","contentUrl":"https:\/\/secure.gravatar.com\/avatar\/f40dd9b6ecd3e5c591f3c9b033e495ee0ec9877ba77249fbf268b3889350c824?s=96&d=mm&r=g","caption":"EurecatEG"}}]}},"_links":{"self":[{"href":"https:\/\/eurecat.org\/es\/wp-json\/wp\/v2\/posts\/114472","targetHints":{"allow":["GET"]}}],"collection":[{"href":"https:\/\/eurecat.org\/es\/wp-json\/wp\/v2\/posts"}],"about":[{"href":"https:\/\/eurecat.org\/es\/wp-json\/wp\/v2\/types\/post"}],"author":[{"embeddable":true,"href":"https:\/\/eurecat.org\/es\/wp-json\/wp\/v2\/users\/12"}],"replies":[{"embeddable":true,"href":"https:\/\/eurecat.org\/es\/wp-json\/wp\/v2\/comments?post=114472"}],"version-history":[{"count":0,"href":"https:\/\/eurecat.org\/es\/wp-json\/wp\/v2\/posts\/114472\/revisions"}],"wp:featuredmedia":[{"embeddable":true,"href":"https:\/\/eurecat.org\/es\/wp-json\/wp\/v2\/media\/53488"}],"wp:attachment":[{"href":"https:\/\/eurecat.org\/es\/wp-json\/wp\/v2\/media?parent=114472"}],"wp:term":[{"taxonomy":"category","embeddable":true,"href":"https:\/\/eurecat.org\/es\/wp-json\/wp\/v2\/categories?post=114472"},{"taxonomy":"post_tag","embeddable":true,"href":"https:\/\/eurecat.org\/es\/wp-json\/wp\/v2\/tags?post=114472"}],"curies":[{"name":"wp","href":"https:\/\/api.w.org\/{rel}","templated":true}]}}