{"id":1145326,"date":"2026-08-31T14:06:32","date_gmt":"2026-08-31T12:06:32","guid":{"rendered":"https:\/\/eurecat.org\/?p=1145326"},"modified":"2026-08-31T16:03:04","modified_gmt":"2026-08-31T14:03:04","slug":"ciclo-de-opinion-una-vision-de-la-inteligencia-artificial-eurecat","status":"publish","type":"post","link":"https:\/\/eurecat.org\/es\/ciclo-de-opinion-una-vision-de-la-inteligencia-artificial-eurecat\/","title":{"rendered":"Ciclo de opini\u00f3n: Una visi\u00f3n de la inteligencia artificial, Eurecat"},"content":{"rendered":"<div class=\"fusion-fullwidth fullwidth-box fusion-builder-row-1 fusion-flex-container has-pattern-background has-mask-background nonhundred-percent-fullwidth non-hundred-percent-height-scrolling\" style=\"--awb-border-radius-top-left:0px;--awb-border-radius-top-right:0px;--awb-border-radius-bottom-right:0px;--awb-border-radius-bottom-left:0px;--awb-flex-wrap:wrap;\" ><div class=\"fusion-builder-row fusion-row fusion-flex-align-items-flex-start fusion-flex-content-wrap\" style=\"max-width:1424.8px;margin-left: calc(-4% \/ 2 );margin-right: calc(-4% \/ 2 );\"><div class=\"fusion-layout-column fusion_builder_column fusion-builder-column-0 fusion_builder_column_1_1 1_1 fusion-flex-column\" style=\"--awb-bg-size:cover;--awb-width-large:100%;--awb-margin-top-large:0px;--awb-spacing-right-large:1.92%;--awb-margin-bottom-large:20px;--awb-spacing-left-large:1.92%;--awb-width-medium:100%;--awb-order-medium:0;--awb-spacing-right-medium:1.92%;--awb-spacing-left-medium:1.92%;--awb-width-small:100%;--awb-order-small:0;--awb-spacing-right-small:1.92%;--awb-spacing-left-small:1.92%;\"><div class=\"fusion-column-wrapper fusion-column-has-shadow fusion-flex-justify-content-flex-start fusion-content-layout-column\"><div class=\"fusion-text fusion-text-1\"><p><strong>Gabriel Anzaldi, director de Ecosistemas; Rafael Redondo, director de la Unidad de Tecnolog\u00edas Multimedia, y Lali Soler, directora del \u00c1rea Digital del centro tecnol\u00f3gico Eurecat<\/strong><\/p>\n<p>La inteligencia artificial (IA) se ha incorporado al debate p\u00fablico a trav\u00e9s de sus aplicaciones m\u00e1s visibles. Asistentes conversacionales, generaci\u00f3n de contenidos, automatizaci\u00f3n de tareas y nuevos sistemas capaces de interpretar informaci\u00f3n y producir respuestas. Pero reducir esta transformaci\u00f3n a una sucesi\u00f3n de herramientas cada vez m\u00e1s potentes impide comprender su verdadero alcance.<\/p>\n<p>La IA est\u00e1 modificando simult\u00e1neamente la manera en que generamos conocimiento, desarrollamos tecnolog\u00eda, actuamos sobre el mundo f\u00edsico y nos relacionamos con los sistemas digitales. Tambi\u00e9n est\u00e1 reorganizando las capacidades materiales necesarias para innovar y desplazando los centros de poder tecnol\u00f3gico, industrial y econ\u00f3mico. Comprenderla exige, en consecuencia, observar tanto sus posibilidades como las infraestructuras, los conocimientos y las relaciones que la hacen posible.<\/p>\n<p>Esta serie de tres art\u00edculos aborda esa transformaci\u00f3n a partir de tres preguntas complementarias. El primer episodio, \u201c\u00bfQu\u00e9 cambia realmente la inteligencia artificial?\u201d, analiza la convergencia entre orquestaci\u00f3n tecnol\u00f3gica, descubrimiento cient\u00edfico y acci\u00f3n sobre el mundo f\u00edsico. Su tesis es que el cambio de paradigma no consiste \u00fanicamente en aplicar IA a m\u00e1s actividades, sino en integrar la generaci\u00f3n de conocimiento, el desarrollo tecnol\u00f3gico y su aplicaci\u00f3n en una nueva cadena de valor continua, iterativa y flexible.<\/p>\n<p>El segundo, \u201c\u00bfQui\u00e9n alimentar\u00e1 la inteligencia artificial?\u201d, examina la dimensi\u00f3n material y estrat\u00e9gica de esa transformaci\u00f3n. La IA depende de energ\u00eda, computaci\u00f3n, datos, semiconductores, conocimiento, talento, capacidad industrial y entornos reales de aplicaci\u00f3n. Quienes sean capaces de gobernar y articular estas capacidades podr\u00e1n desarrollar la tecnolog\u00eda, orientarla, escalarla y capturar el conocimiento generado durante su utilizaci\u00f3n. En esa capacidad se decidir\u00e1 una parte esencial de la soberan\u00eda tecnol\u00f3gica europea.<\/p>\n<p>El tercer episodio, \u201cCuando el reto es la relaci\u00f3n con la m\u00e1quina\u201d, desplaza la mirada hacia las consecuencias de una interacci\u00f3n cada vez m\u00e1s intensa entre personas y sistemas inteligentes. La confianza ya no puede evaluarse \u00fanicamente mediante las propiedades t\u00e9cnicas de un algoritmo. Tambi\u00e9n exige estudiar c\u00f3mo la personalizaci\u00f3n, la recomendaci\u00f3n y la asistencia cognitiva influyen en nuestra autonom\u00eda, creatividad, capacidad de descubrimiento y juicio cr\u00edtico.<\/p>\n<p>Los tres art\u00edculos comparten una misma posici\u00f3n. La inteligencia artificial no debe entenderse como una tecnolog\u00eda aislada, sino como una transformaci\u00f3n sist\u00e9mica que conecta conocimiento, infraestructuras, industria y sociedad. Su orientaci\u00f3n depender\u00e1 de las capacidades que decidamos construir, de los objetivos que gu\u00eden su desarrollo y de la calidad de las relaciones que establezcamos con ella.<\/p>\n<p>Desde Eurecat queremos contribuir a este debate con una visi\u00f3n asentada en la integraci\u00f3n de conocimiento, el escalado tecnol\u00f3gico, la realidad industrial y el progreso humano. Porque la cuesti\u00f3n decisiva no es solo hasta d\u00f3nde llegar\u00e1 la inteligencia artificial, sino qu\u00e9 capacidades construiremos para gobernarla y qu\u00e9 sociedad contribuiremos a crear con ella.<\/p>\n<hr \/>\n<p><strong>Lee los tres art\u00edculos publicados por ON IA en los siguientes enlaces:<br \/>\n<\/strong><\/p>\n<p style=\"padding-left: 40px;\"><a href=\"https:\/\/www.elnacional.cat\/oneconomia\/es\/on-ia\/que-cambia-realmente-inteligencia-artificial_1677788_102.html\" target=\"_blank\" rel=\"noopener\"><strong>Art\u00edculo I \u2013 \u00bfQu\u00e9 cambia realmente la inteligencia artificial?<\/strong><\/a><\/p>\n<p style=\"padding-left: 40px;\"><strong><a href=\"https:\/\/www.elnacional.cat\/oneconomia\/es\/on-ia\/quien-alimentara-inteligencia-artificial_1680835_102.html\" target=\"_blank\" rel=\"noopener\">Art\u00edculo II \u2013 \u00bfQui\u00e9n alimentar\u00e1 la inteligencia artificial?<\/a><\/strong><\/p>\n<p style=\"padding-left: 40px;\"><strong><a href=\"https:\/\/www.elnacional.cat\/oneconomia\/es\/on-ia\/cuando-reto-es-relacion-con-maquina_1683532_102.html\" target=\"_blank\" rel=\"noopener\">Art\u00edculo III \u2013 Cuando el reto es la relaci\u00f3n con la m\u00e1quina<\/a><\/strong><\/p>\n<hr \/>\n<\/div><\/div><\/div><\/div><\/div>\n","protected":false},"excerpt":{"rendered":"","protected":false},"author":20,"featured_media":1145360,"comment_status":"open","ping_status":"closed","sticky":false,"template":"","format":"standard","meta":{"footnotes":""},"categories":[3158,133],"tags":[],"class_list":["post-1145326","post","type-post","status-publish","format-standard","has-post-thumbnail","hentry","category-applied-artificial-intelligence","category-blog"],"yoast_head":"<!-- This site is optimized with the Yoast SEO plugin v28.3 - https:\/\/yoast.com\/product\/yoast-seo-wordpress\/ -->\n<title>Ciclo de opini\u00f3n: Una visi\u00f3n de la inteligencia artificial, Eurecat - Eurecat<\/title>\n<meta name=\"robots\" content=\"index, follow, max-snippet:-1, max-image-preview:large, max-video-preview:-1\" \/>\n<link rel=\"canonical\" href=\"https:\/\/eurecat.org\/es\/ciclo-de-opinion-una-vision-de-la-inteligencia-artificial-eurecat\/\" \/>\n<meta property=\"og:locale\" content=\"es_ES\" \/>\n<meta property=\"og:type\" content=\"article\" \/>\n<meta property=\"og:title\" content=\"Ciclo de opini\u00f3n: Una visi\u00f3n de la inteligencia artificial, Eurecat - Eurecat\" \/>\n<meta property=\"og:url\" content=\"https:\/\/eurecat.org\/es\/ciclo-de-opinion-una-vision-de-la-inteligencia-artificial-eurecat\/\" \/>\n<meta property=\"og:site_name\" content=\"Eurecat\" \/>\n<meta property=\"article:published_time\" content=\"2026-08-31T12:06:32+00:00\" \/>\n<meta property=\"article:modified_time\" content=\"2026-08-31T14:03:04+00:00\" \/>\n<meta property=\"og:image\" content=\"https:\/\/eurecat.org\/wp-content\/uploads\/2026\/08\/26_CICLE_IA_INTRO-1.jpg\" \/>\n\t<meta property=\"og:image:width\" content=\"800\" \/>\n\t<meta property=\"og:image:height\" content=\"533\" \/>\n\t<meta property=\"og:image:type\" content=\"image\/jpeg\" \/>\n<meta name=\"author\" content=\"EurecatEQZ\" \/>\n<meta name=\"twitter:card\" content=\"summary_large_image\" \/>\n<meta name=\"twitter:label1\" content=\"Escrito por\" \/>\n\t<meta name=\"twitter:data1\" content=\"EurecatEQZ\" \/>\n\t<meta name=\"twitter:label2\" content=\"Tiempo de lectura\" \/>\n\t<meta name=\"twitter:data2\" content=\"3 minutos\" \/>\n<script type=\"application\/ld+json\" class=\"yoast-schema-graph\">{\"@context\":\"https:\\\/\\\/schema.org\",\"@graph\":[{\"@type\":\"Article\",\"@id\":\"https:\\\/\\\/eurecat.org\\\/es\\\/ciclo-de-opinion-una-vision-de-la-inteligencia-artificial-eurecat\\\/#article\",\"isPartOf\":{\"@id\":\"https:\\\/\\\/eurecat.org\\\/es\\\/ciclo-de-opinion-una-vision-de-la-inteligencia-artificial-eurecat\\\/\"},\"author\":{\"name\":\"EurecatEQZ\",\"@id\":\"https:\\\/\\\/eurecat.org\\\/es\\\/#\\\/schema\\\/person\\\/99d4d39712001e7621b6867b27b40bed\"},\"headline\":\"Ciclo de opini\u00f3n: Una visi\u00f3n de la inteligencia artificial, Eurecat\",\"datePublished\":\"2026-08-31T12:06:32+00:00\",\"dateModified\":\"2026-08-31T14:03:04+00:00\",\"mainEntityOfPage\":{\"@id\":\"https:\\\/\\\/eurecat.org\\\/es\\\/ciclo-de-opinion-una-vision-de-la-inteligencia-artificial-eurecat\\\/\"},\"wordCount\":1989,\"commentCount\":0,\"image\":{\"@id\":\"https:\\\/\\\/eurecat.org\\\/es\\\/ciclo-de-opinion-una-vision-de-la-inteligencia-artificial-eurecat\\\/#primaryimage\"},\"thumbnailUrl\":\"https:\\\/\\\/eurecat.org\\\/wp-content\\\/uploads\\\/2026\\\/08\\\/26_CICLE_IA_INTRO-1.jpg\",\"articleSection\":[\"Applied Artificial Intelligence\",\"Blog\"],\"inLanguage\":\"es\",\"potentialAction\":[{\"@type\":\"CommentAction\",\"name\":\"Comment\",\"target\":[\"https:\\\/\\\/eurecat.org\\\/es\\\/ciclo-de-opinion-una-vision-de-la-inteligencia-artificial-eurecat\\\/#respond\"]}]},{\"@type\":\"WebPage\",\"@id\":\"https:\\\/\\\/eurecat.org\\\/es\\\/ciclo-de-opinion-una-vision-de-la-inteligencia-artificial-eurecat\\\/\",\"url\":\"https:\\\/\\\/eurecat.org\\\/es\\\/ciclo-de-opinion-una-vision-de-la-inteligencia-artificial-eurecat\\\/\",\"name\":\"Ciclo de opini\u00f3n: Una visi\u00f3n de la inteligencia artificial, Eurecat - Eurecat\",\"isPartOf\":{\"@id\":\"https:\\\/\\\/eurecat.org\\\/es\\\/#website\"},\"primaryImageOfPage\":{\"@id\":\"https:\\\/\\\/eurecat.org\\\/es\\\/ciclo-de-opinion-una-vision-de-la-inteligencia-artificial-eurecat\\\/#primaryimage\"},\"image\":{\"@id\":\"https:\\\/\\\/eurecat.org\\\/es\\\/ciclo-de-opinion-una-vision-de-la-inteligencia-artificial-eurecat\\\/#primaryimage\"},\"thumbnailUrl\":\"https:\\\/\\\/eurecat.org\\\/wp-content\\\/uploads\\\/2026\\\/08\\\/26_CICLE_IA_INTRO-1.jpg\",\"datePublished\":\"2026-08-31T12:06:32+00:00\",\"dateModified\":\"2026-08-31T14:03:04+00:00\",\"author\":{\"@id\":\"https:\\\/\\\/eurecat.org\\\/es\\\/#\\\/schema\\\/person\\\/99d4d39712001e7621b6867b27b40bed\"},\"breadcrumb\":{\"@id\":\"https:\\\/\\\/eurecat.org\\\/es\\\/ciclo-de-opinion-una-vision-de-la-inteligencia-artificial-eurecat\\\/#breadcrumb\"},\"inLanguage\":\"es\",\"potentialAction\":[{\"@type\":\"ReadAction\",\"target\":[\"https:\\\/\\\/eurecat.org\\\/es\\\/ciclo-de-opinion-una-vision-de-la-inteligencia-artificial-eurecat\\\/\"]}]},{\"@type\":\"ImageObject\",\"inLanguage\":\"es\",\"@id\":\"https:\\\/\\\/eurecat.org\\\/es\\\/ciclo-de-opinion-una-vision-de-la-inteligencia-artificial-eurecat\\\/#primaryimage\",\"url\":\"https:\\\/\\\/eurecat.org\\\/wp-content\\\/uploads\\\/2026\\\/08\\\/26_CICLE_IA_INTRO-1.jpg\",\"contentUrl\":\"https:\\\/\\\/eurecat.org\\\/wp-content\\\/uploads\\\/2026\\\/08\\\/26_CICLE_IA_INTRO-1.jpg\",\"width\":800,\"height\":533},{\"@type\":\"BreadcrumbList\",\"@id\":\"https:\\\/\\\/eurecat.org\\\/es\\\/ciclo-de-opinion-una-vision-de-la-inteligencia-artificial-eurecat\\\/#breadcrumb\",\"itemListElement\":[{\"@type\":\"ListItem\",\"position\":1,\"name\":\"Inici\",\"item\":\"https:\\\/\\\/eurecat.org\\\/es\\\/\"},{\"@type\":\"ListItem\",\"position\":2,\"name\":\"Ciclo de opini\u00f3n: Una visi\u00f3n de la inteligencia artificial, Eurecat\"}]},{\"@type\":\"WebSite\",\"@id\":\"https:\\\/\\\/eurecat.org\\\/es\\\/#website\",\"url\":\"https:\\\/\\\/eurecat.org\\\/es\\\/\",\"name\":\"Eurecat\",\"description\":\"Otro sitio realizado con WordPress\",\"potentialAction\":[{\"@type\":\"SearchAction\",\"target\":{\"@type\":\"EntryPoint\",\"urlTemplate\":\"https:\\\/\\\/eurecat.org\\\/es\\\/?s={search_term_string}\"},\"query-input\":{\"@type\":\"PropertyValueSpecification\",\"valueRequired\":true,\"valueName\":\"search_term_string\"}}],\"inLanguage\":\"es\"},{\"@type\":\"Person\",\"@id\":\"https:\\\/\\\/eurecat.org\\\/es\\\/#\\\/schema\\\/person\\\/99d4d39712001e7621b6867b27b40bed\",\"name\":\"EurecatEQZ\",\"image\":{\"@type\":\"ImageObject\",\"inLanguage\":\"es\",\"@id\":\"https:\\\/\\\/eurecat.org\\\/wp-content\\\/litespeed\\\/avatar\\\/bdaf143b16804d09126bb60efee439f6.jpg?ver=1787653273\",\"url\":\"https:\\\/\\\/eurecat.org\\\/wp-content\\\/litespeed\\\/avatar\\\/bdaf143b16804d09126bb60efee439f6.jpg?ver=1787653273\",\"contentUrl\":\"https:\\\/\\\/eurecat.org\\\/wp-content\\\/litespeed\\\/avatar\\\/bdaf143b16804d09126bb60efee439f6.jpg?ver=1787653273\",\"caption\":\"EurecatEQZ\"}}]}<\/script>\n<!-- \/ Yoast SEO plugin. -->","yoast_head_json":{"title":"Ciclo de opini\u00f3n: Una visi\u00f3n de la inteligencia artificial, Eurecat - Eurecat","robots":{"index":"index","follow":"follow","max-snippet":"max-snippet:-1","max-image-preview":"max-image-preview:large","max-video-preview":"max-video-preview:-1"},"canonical":"https:\/\/eurecat.org\/es\/ciclo-de-opinion-una-vision-de-la-inteligencia-artificial-eurecat\/","og_locale":"es_ES","og_type":"article","og_title":"Ciclo de opini\u00f3n: Una visi\u00f3n de la inteligencia artificial, Eurecat - Eurecat","og_url":"https:\/\/eurecat.org\/es\/ciclo-de-opinion-una-vision-de-la-inteligencia-artificial-eurecat\/","og_site_name":"Eurecat","article_published_time":"2026-08-31T12:06:32+00:00","article_modified_time":"2026-08-31T14:03:04+00:00","og_image":[{"width":800,"height":533,"url":"https:\/\/eurecat.org\/wp-content\/uploads\/2026\/08\/26_CICLE_IA_INTRO-1.jpg","type":"image\/jpeg"}],"author":"EurecatEQZ","twitter_card":"summary_large_image","twitter_misc":{"Escrito por":"EurecatEQZ","Tiempo de lectura":"3 minutos"},"schema":{"@context":"https:\/\/schema.org","@graph":[{"@type":"Article","@id":"https:\/\/eurecat.org\/es\/ciclo-de-opinion-una-vision-de-la-inteligencia-artificial-eurecat\/#article","isPartOf":{"@id":"https:\/\/eurecat.org\/es\/ciclo-de-opinion-una-vision-de-la-inteligencia-artificial-eurecat\/"},"author":{"name":"EurecatEQZ","@id":"https:\/\/eurecat.org\/es\/#\/schema\/person\/99d4d39712001e7621b6867b27b40bed"},"headline":"Ciclo de opini\u00f3n: Una visi\u00f3n de la inteligencia artificial, Eurecat","datePublished":"2026-08-31T12:06:32+00:00","dateModified":"2026-08-31T14:03:04+00:00","mainEntityOfPage":{"@id":"https:\/\/eurecat.org\/es\/ciclo-de-opinion-una-vision-de-la-inteligencia-artificial-eurecat\/"},"wordCount":1989,"commentCount":0,"image":{"@id":"https:\/\/eurecat.org\/es\/ciclo-de-opinion-una-vision-de-la-inteligencia-artificial-eurecat\/#primaryimage"},"thumbnailUrl":"https:\/\/eurecat.org\/wp-content\/uploads\/2026\/08\/26_CICLE_IA_INTRO-1.jpg","articleSection":["Applied Artificial Intelligence","Blog"],"inLanguage":"es","potentialAction":[{"@type":"CommentAction","name":"Comment","target":["https:\/\/eurecat.org\/es\/ciclo-de-opinion-una-vision-de-la-inteligencia-artificial-eurecat\/#respond"]}]},{"@type":"WebPage","@id":"https:\/\/eurecat.org\/es\/ciclo-de-opinion-una-vision-de-la-inteligencia-artificial-eurecat\/","url":"https:\/\/eurecat.org\/es\/ciclo-de-opinion-una-vision-de-la-inteligencia-artificial-eurecat\/","name":"Ciclo de opini\u00f3n: Una visi\u00f3n de la inteligencia artificial, Eurecat - Eurecat","isPartOf":{"@id":"https:\/\/eurecat.org\/es\/#website"},"primaryImageOfPage":{"@id":"https:\/\/eurecat.org\/es\/ciclo-de-opinion-una-vision-de-la-inteligencia-artificial-eurecat\/#primaryimage"},"image":{"@id":"https:\/\/eurecat.org\/es\/ciclo-de-opinion-una-vision-de-la-inteligencia-artificial-eurecat\/#primaryimage"},"thumbnailUrl":"https:\/\/eurecat.org\/wp-content\/uploads\/2026\/08\/26_CICLE_IA_INTRO-1.jpg","datePublished":"2026-08-31T12:06:32+00:00","dateModified":"2026-08-31T14:03:04+00:00","author":{"@id":"https:\/\/eurecat.org\/es\/#\/schema\/person\/99d4d39712001e7621b6867b27b40bed"},"breadcrumb":{"@id":"https:\/\/eurecat.org\/es\/ciclo-de-opinion-una-vision-de-la-inteligencia-artificial-eurecat\/#breadcrumb"},"inLanguage":"es","potentialAction":[{"@type":"ReadAction","target":["https:\/\/eurecat.org\/es\/ciclo-de-opinion-una-vision-de-la-inteligencia-artificial-eurecat\/"]}]},{"@type":"ImageObject","inLanguage":"es","@id":"https:\/\/eurecat.org\/es\/ciclo-de-opinion-una-vision-de-la-inteligencia-artificial-eurecat\/#primaryimage","url":"https:\/\/eurecat.org\/wp-content\/uploads\/2026\/08\/26_CICLE_IA_INTRO-1.jpg","contentUrl":"https:\/\/eurecat.org\/wp-content\/uploads\/2026\/08\/26_CICLE_IA_INTRO-1.jpg","width":800,"height":533},{"@type":"BreadcrumbList","@id":"https:\/\/eurecat.org\/es\/ciclo-de-opinion-una-vision-de-la-inteligencia-artificial-eurecat\/#breadcrumb","itemListElement":[{"@type":"ListItem","position":1,"name":"Inici","item":"https:\/\/eurecat.org\/es\/"},{"@type":"ListItem","position":2,"name":"Ciclo de opini\u00f3n: Una visi\u00f3n de la inteligencia artificial, Eurecat"}]},{"@type":"WebSite","@id":"https:\/\/eurecat.org\/es\/#website","url":"https:\/\/eurecat.org\/es\/","name":"Eurecat","description":"Otro sitio realizado con WordPress","potentialAction":[{"@type":"SearchAction","target":{"@type":"EntryPoint","urlTemplate":"https:\/\/eurecat.org\/es\/?s={search_term_string}"},"query-input":{"@type":"PropertyValueSpecification","valueRequired":true,"valueName":"search_term_string"}}],"inLanguage":"es"},{"@type":"Person","@id":"https:\/\/eurecat.org\/es\/#\/schema\/person\/99d4d39712001e7621b6867b27b40bed","name":"EurecatEQZ","image":{"@type":"ImageObject","inLanguage":"es","@id":"https:\/\/eurecat.org\/wp-content\/litespeed\/avatar\/bdaf143b16804d09126bb60efee439f6.jpg?ver=1787653273","url":"https:\/\/eurecat.org\/wp-content\/litespeed\/avatar\/bdaf143b16804d09126bb60efee439f6.jpg?ver=1787653273","contentUrl":"https:\/\/eurecat.org\/wp-content\/litespeed\/avatar\/bdaf143b16804d09126bb60efee439f6.jpg?ver=1787653273","caption":"EurecatEQZ"}}]}},"_links":{"self":[{"href":"https:\/\/eurecat.org\/es\/wp-json\/wp\/v2\/posts\/1145326","targetHints":{"allow":["GET"]}}],"collection":[{"href":"https:\/\/eurecat.org\/es\/wp-json\/wp\/v2\/posts"}],"about":[{"href":"https:\/\/eurecat.org\/es\/wp-json\/wp\/v2\/types\/post"}],"author":[{"embeddable":true,"href":"https:\/\/eurecat.org\/es\/wp-json\/wp\/v2\/users\/20"}],"replies":[{"embeddable":true,"href":"https:\/\/eurecat.org\/es\/wp-json\/wp\/v2\/comments?post=1145326"}],"version-history":[{"count":2,"href":"https:\/\/eurecat.org\/es\/wp-json\/wp\/v2\/posts\/1145326\/revisions"}],"predecessor-version":[{"id":1145369,"href":"https:\/\/eurecat.org\/es\/wp-json\/wp\/v2\/posts\/1145326\/revisions\/1145369"}],"wp:featuredmedia":[{"embeddable":true,"href":"https:\/\/eurecat.org\/es\/wp-json\/wp\/v2\/media\/1145360"}],"wp:attachment":[{"href":"https:\/\/eurecat.org\/es\/wp-json\/wp\/v2\/media?parent=1145326"}],"wp:term":[{"taxonomy":"category","embeddable":true,"href":"https:\/\/eurecat.org\/es\/wp-json\/wp\/v2\/categories?post=1145326"},{"taxonomy":"post_tag","embeddable":true,"href":"https:\/\/eurecat.org\/es\/wp-json\/wp\/v2\/tags?post=1145326"}],"curies":[{"name":"wp","href":"https:\/\/api.w.org\/{rel}","templated":true}]}}