{"id":1145341,"date":"2026-08-31T13:00:38","date_gmt":"2026-08-31T11:00:38","guid":{"rendered":"https:\/\/eurecat.org\/?p=1145341"},"modified":"2026-08-31T16:16:36","modified_gmt":"2026-08-31T14:16:36","slug":"ciclo-opinion-una-vision-de-la-ia-eurecat-que-cambia-realmente-la-inteligencia-artificial","status":"publish","type":"post","link":"https:\/\/eurecat.org\/es\/ciclo-opinion-una-vision-de-la-ia-eurecat-que-cambia-realmente-la-inteligencia-artificial\/","title":{"rendered":"Ciclo de opini\u00f3n: Una visi\u00f3n de la IA, Eurecat &#8211; \u00bfQu\u00e9 cambia realmente la inteligencia artificial?"},"content":{"rendered":"<div class=\"fusion-fullwidth fullwidth-box fusion-builder-row-1 fusion-flex-container has-pattern-background has-mask-background nonhundred-percent-fullwidth non-hundred-percent-height-scrolling\" style=\"--awb-border-radius-top-left:0px;--awb-border-radius-top-right:0px;--awb-border-radius-bottom-right:0px;--awb-border-radius-bottom-left:0px;--awb-flex-wrap:wrap;\" ><div class=\"fusion-builder-row fusion-row fusion-flex-align-items-flex-start fusion-flex-content-wrap\" style=\"max-width:1424.8px;margin-left: calc(-4% \/ 2 );margin-right: calc(-4% \/ 2 );\"><div class=\"fusion-layout-column fusion_builder_column fusion-builder-column-0 fusion_builder_column_1_1 1_1 fusion-flex-column\" style=\"--awb-bg-size:cover;--awb-width-large:100%;--awb-margin-top-large:0px;--awb-spacing-right-large:1.92%;--awb-margin-bottom-large:20px;--awb-spacing-left-large:1.92%;--awb-width-medium:100%;--awb-order-medium:0;--awb-spacing-right-medium:1.92%;--awb-spacing-left-medium:1.92%;--awb-width-small:100%;--awb-order-small:0;--awb-spacing-right-small:1.92%;--awb-spacing-left-small:1.92%;\"><div class=\"fusion-column-wrapper fusion-column-has-shadow fusion-flex-justify-content-flex-start fusion-content-layout-column\"><div class=\"fusion-text fusion-text-1\"><p>La inteligencia artificial (IA) ha pasado de ocupar, en apenas una d\u00e9cada, un espacio especializado en laboratorios y departamentos tecnol\u00f3gicos a convertirse en uno de los principales vectores de transformaci\u00f3n econ\u00f3mica y social. Sin embargo, reducir su impacto a los asistentes conversacionales o a la generaci\u00f3n de textos, im\u00e1genes y c\u00f3digo ser\u00eda observar \u00fanicamente la superficie. La singularidad de esta etapa es m\u00e1s profunda. Por primera vez, una misma tecnolog\u00eda empieza a conectar el ciclo completo de la transformaci\u00f3n, acelerando el desarrollo de otras tecnolog\u00edas, participando en la formulaci\u00f3n de nuevas hip\u00f3tesis cient\u00edficas y adquiriendo capacidad para actuar sobre la realidad f\u00edsica. La IA ya no ocupa una fase concreta del progreso tecnol\u00f3gico, sino que comienza a articular descubrimiento, desarrollo y acci\u00f3n dentro de un mismo sistema.<\/p>\n<p>La combinaci\u00f3n de grandes capacidades de c\u00f3mputo, datos y nuevas arquitecturas de aprendizaje ha dado lugar a modelos capaces de interpretar vol\u00famenes masivos de conocimiento, identificar relaciones no evidentes, generar alternativas y aprender de los resultados. Estas capacidades est\u00e1n <strong>convirtiendo la IA en una infraestructura transversal de transformaci\u00f3n que conecta \u00e1mbitos cient\u00edficos y tecnol\u00f3gicos antes separados<\/strong>.<\/p>\n<p>Su valor estrat\u00e9gico va mucho m\u00e1s all\u00e1 de hacer m\u00e1s eficientes los procesos existentes. Al trabajar con lenguaje, im\u00e1genes, se\u00f1ales, estructuras moleculares, datos experimentales no estructurados y simulaciones, la IA acelera la convergencia entre biotecnolog\u00eda, materiales, semiconductores, fot\u00f3nica, energ\u00eda o rob\u00f3tica, entre otras.<\/p>\n<p>Esto resulta especialmente relevante en tecnolog\u00edas avanzadas de alto impacto industrial y social, donde permite explorar amplios espacios de posibilidades, comparar millones de configuraciones virtuales y concentrar la experimentaci\u00f3n en las alternativas con mayor potencial. Al mismo tiempo, no solo acelera el descubrimiento y el desarrollo tecnol\u00f3gico, sino que tambi\u00e9n reduce la distancia entre la invenci\u00f3n y la aplicaci\u00f3n,<strong> integrando investigaci\u00f3n, dise\u00f1o y desarrollo en ciclos m\u00e1s flexibles e iterativos.<\/strong><\/p>\n<p>La transformaci\u00f3n que estamos viviendo alcanza al propio m\u00e9todo cient\u00edfico. La incorporaci\u00f3n de modelos generativos altera una de las bases tradicionales de la ciencia, hasta ahora sustentada en preguntas e hip\u00f3tesis formuladas esencialmente por los investigadores. <strong>La IA empieza a intervenir tambi\u00e9n en la definici\u00f3n de los problemas, el dise\u00f1o de los experimentos y la reformulaci\u00f3n sucesiva de las hip\u00f3tesis<\/strong>, configurando una nueva forma de producir conocimiento diferencial.<\/p>\n<p>Estos sistemas pueden analizar una gran cantidad de publicaciones cient\u00edficas, relacionar resultados procedentes de disciplinas diferentes e identificar vac\u00edos de conocimiento y conexiones no evidentes. Se incorpora al proceso de descubrimiento una capacidad generativa que ampl\u00eda el espacio de preguntas, hip\u00f3tesis y rutas de exploraci\u00f3n que la ciencia puede considerar.<\/p>\n<p>Aunque la ciencia contin\u00faa dependiendo de la evidencia, la experimentaci\u00f3n, la reproducibilidad y la interpretaci\u00f3n cr\u00edtica, lo que cambia es el origen y la amplitud de las posibilidades que pueden someterse a validaci\u00f3n, mientras el investigador mantiene la responsabilidad de determinar cu\u00e1les son relevantes, c\u00f3mo deben contrastarse y qu\u00e9 significado tienen sus resultados.<\/p>\n<p>Experiencias como AlphaFold han demostrado el potencial de estas aproximaciones en la predicci\u00f3n de estructuras biomoleculares. GNoME ha ampliado de forma radical el universo de posibles nuevos materiales, A-Lab ha integrado predicci\u00f3n, experimentaci\u00f3n y s\u00edntesis aut\u00f3noma de nuevos compuestos, y sistemas como Co-Scientist ya generan, confrontan y refinan hip\u00f3tesis en \u00e1mbitos biom\u00e9dicos como el reposicionamiento de f\u00e1rmacos, la identificaci\u00f3n de nuevas dianas terap\u00e9uticas o la resistencia a los antimicrobianos, antes de someterlas a validaci\u00f3n experimental.<\/p>\n<p>En este nuevo paradigma la funci\u00f3n del cient\u00edfico no desaparece. Al contrario, se vuelve todav\u00eda m\u00e1s decisiva. Cuanto mayor sea la capacidad de los modelos para generar posibilidades, m\u00e1s importante ser\u00e1 el criterio humano para distinguir entre correlaci\u00f3n y causalidad, novedad y repetici\u00f3n, plausibilidad y evidencia. La IA puede proponer miles de caminos, pero el humano debe decidir cu\u00e1les merecen ser investigados, c\u00f3mo deben validarse y qu\u00e9 significado tienen sus resultados.<\/p>\n<p><strong>Mientras la IA se perfila como propulsor transversal del desarrollo tecnol\u00f3gico y empieza a transformar el proceso cient\u00edfico, emerge una tercera frontera que extiende este ciclo hacia el mundo f\u00edsico.<\/strong> La IA f\u00edsica representa un salto cualitativo al integrar percepci\u00f3n, comprensi\u00f3n del entorno, planificaci\u00f3n, acci\u00f3n y aprendizaje a partir de sus consecuencias.<\/p>\n<p>No se trata simplemente de incorporar mejores algoritmos a m\u00e1quinas automatizadas. La automatizaci\u00f3n tradicional ejecuta secuencias predefinidas en entornos controlados. La autonom\u00eda exige operar ante la variabilidad, interpretar situaciones no previstas y adaptar el comportamiento a las condiciones reales. No hablamos, por tanto, solo de una automatizaci\u00f3n m\u00e1s avanzada, sino de sistemas que funcionan con autonom\u00eda y capacidad de decisi\u00f3n.<\/p>\n<p>La convergencia entre modelos generativos, visi\u00f3n artificial, razonamiento espacial, simulaci\u00f3n y control est\u00e1 acercando la posibilidad de sistemas capaces de comprender un objetivo, seleccionar una estrategia y actuar en contextos cambiantes. La IA deja as\u00ed de limitarse a representar o predecir el mundo y empieza a intervenir dentro de \u00e9l.<\/p>\n<p><strong>Estas tres transformaciones, orquestaci\u00f3n tecnol\u00f3gica, descubrimiento cient\u00edfico y acci\u00f3n sobre el mundo f\u00edsico no avanzan de forma aislada. Su convergencia y refuerzo mutuo est\u00e1n dando forma a la verdadera revoluci\u00f3n en la que ya estamos inmersos.<\/strong> La IA acelera el desarrollo de otras tecnolog\u00edas, transforma el proceso cient\u00edfico y comienza a trasladar su capacidad de interpretaci\u00f3n y decisi\u00f3n al mundo f\u00edsico. Un sistema puede contribuir a identificar un nuevo material, generar el dise\u00f1o de un componente, simular su comportamiento y transferir ese conocimiento a una m\u00e1quina capaz de fabricarlo, manipularlo, probarlo y aprender durante su operaci\u00f3n. Lo que antes permanec\u00eda fragmentado en disciplinas, conocimientos, infraestructuras, procesos y organizaciones, y condicionado por largos ciclos de desarrollo, empieza a integrarse en un circuito continuo entre conocimiento y acci\u00f3n.<\/p>\n<p>Esta continuidad est\u00e1 redefiniendo la competitividad cient\u00edfica e industrial. <strong>Los territorios y las organizaciones que lideren esta etapa no ser\u00e1n necesariamente los que incorporen m\u00e1s aplicaciones de IA, sino los que sean capaces de integrar conocimiento, modelos, datos, capacidad de c\u00f3mputo, infraestructuras de escalado tecnol\u00f3gico, entornos industriales y talento multidisciplinar.<\/strong><\/p>\n<p>Para nuestro tejido socioecon\u00f3mico, el riesgo no reside \u00fanicamente en adoptar tarde estas tecnolog\u00edas, sino en quedar limitado al uso de soluciones cuyo conocimiento, modelos y aprendizaje se generan fuera. La posici\u00f3n estrat\u00e9gica se juega en la capacidad de participar en todo el proceso, desde la formulaci\u00f3n de nuevas hip\u00f3tesis hasta su validaci\u00f3n, desarrollo y aplicaci\u00f3n. <strong>Es decir, la clave est\u00e1 en la capacidad de generar ecosistema que participe en todas las fases de la cadena de valor.<\/strong><\/p>\n<p>Por tanto, el verdadero cambio de paradigma no consiste en aplicar IA a m\u00e1s actividades, sino en desplegar su capacidad para integrar la generaci\u00f3n de conocimiento, el desarrollo tecnol\u00f3gico y la acci\u00f3n sobre el mundo f\u00edsico en una nueva cadena de valor continua, iterativa y flexible. Esto es lo que cambia realmente la IA. <strong>Convierte el conocimiento en capacidad de acci\u00f3n a una velocidad y una escala in\u00e9ditas, y dota a esa cadena de mayor resiliencia mediante sistemas que aprenden, se reconfiguran y mantienen su operatividad cuando cambian los datos, los objetivos o las condiciones del entorno<\/strong>.<\/p>\n<p>El dominio de la convergencia entre la orquestaci\u00f3n tecnol\u00f3gica, el descubrimiento cient\u00edfico y la acci\u00f3n sobre el mundo f\u00edsico determinar\u00e1 qui\u00e9n innova m\u00e1s r\u00e1pido, qu\u00e9 se investigar\u00e1, qu\u00e9 tecnolog\u00edas se desarrollar\u00e1n, c\u00f3mo se desplegar\u00e1n y qui\u00e9n capturar\u00e1 su valor. <strong>Construir capacidades propias a lo largo de todo este recorrido es una cuesti\u00f3n de soberan\u00eda tecnol\u00f3gica impostergable. Renunciar a ellas significa aceptar que otros actores definan nuestras prioridades tecnol\u00f3gicas, condicionen nuestra competitividad industrial, reduzcan nuestro margen de decisi\u00f3n y determinen en qu\u00e9 medida esta transformaci\u00f3n se traduce en bienestar social.<\/strong><\/p>\n<p><strong>Gabriel Anzaldi, director de Ecosistemas; Rafael Redondo, director de la Unidad de Tecnolog\u00edas Multimedia, y Lali Soler, directora del \u00c1rea Digital del centro tecnol\u00f3gico Eurecat<\/strong><\/p>\n<\/div><div style=\"text-align:center;\"><a class=\"fusion-button button-flat fusion-button-default-size button-default fusion-button-default button-1 fusion-button-default-span fusion-button-default-type\" target=\"_blank\" rel=\"noopener noreferrer\" href=\"https:\/\/www.elnacional.cat\/oneconomia\/es\/on-ia\/que-cambia-realmente-inteligencia-artificial_1677788_102.html\"><span class=\"fusion-button-text awb-button__text awb-button__text--default\">LEE AQU\u00cd EL 1.er ART\u00cdCULO DE OPINI\u00d3N DEL CICLO PUBLICADO POR ON IA<\/span><\/a><\/div><div class=\"fusion-text fusion-text-2\"><hr \/>\n<p><strong>Accede a todos los art\u00edculos de opini\u00f3n de este ciclo publicado por ON IA <a href=\"https:\/\/eurecat.org\/es\/serie-de-articulos-de-opinion-una-vision-de-la-inteligencia-artificial-eurecat\/\" target=\"_blank\" rel=\"noopener\">AQU\u00cd<\/a><\/strong><\/p>\n<hr \/>\n<\/div><\/div><\/div><\/div><\/div>\n","protected":false},"excerpt":{"rendered":"","protected":false},"author":20,"featured_media":1145331,"comment_status":"open","ping_status":"closed","sticky":false,"template":"","format":"standard","meta":{"footnotes":""},"categories":[3158,133],"tags":[],"class_list":["post-1145341","post","type-post","status-publish","format-standard","has-post-thumbnail","hentry","category-applied-artificial-intelligence","category-blog"],"yoast_head":"<!-- This site is optimized with the Yoast SEO plugin v28.3 - https:\/\/yoast.com\/product\/yoast-seo-wordpress\/ -->\n<title>Ciclo de opini\u00f3n: Una visi\u00f3n de la IA, Eurecat - \u00bfQu\u00e9 cambia realmente la inteligencia artificial? - Eurecat<\/title>\n<meta name=\"robots\" content=\"index, follow, max-snippet:-1, max-image-preview:large, max-video-preview:-1\" \/>\n<link rel=\"canonical\" href=\"https:\/\/eurecat.org\/es\/ciclo-opinion-una-vision-de-la-ia-eurecat-que-cambia-realmente-la-inteligencia-artificial\/\" \/>\n<meta property=\"og:locale\" content=\"es_ES\" \/>\n<meta property=\"og:type\" content=\"article\" \/>\n<meta property=\"og:title\" content=\"Ciclo de opini\u00f3n: Una visi\u00f3n de la IA, Eurecat - \u00bfQu\u00e9 cambia realmente la inteligencia artificial? - Eurecat\" \/>\n<meta property=\"og:url\" content=\"https:\/\/eurecat.org\/es\/ciclo-opinion-una-vision-de-la-ia-eurecat-que-cambia-realmente-la-inteligencia-artificial\/\" \/>\n<meta property=\"og:site_name\" content=\"Eurecat\" \/>\n<meta property=\"article:published_time\" content=\"2026-08-31T11:00:38+00:00\" \/>\n<meta property=\"article:modified_time\" content=\"2026-08-31T14:16:36+00:00\" \/>\n<meta property=\"og:image\" content=\"https:\/\/eurecat.org\/wp-content\/uploads\/2026\/08\/Eurecat_ia_800px.jpg\" \/>\n\t<meta property=\"og:image:width\" content=\"800\" \/>\n\t<meta property=\"og:image:height\" content=\"533\" \/>\n\t<meta property=\"og:image:type\" content=\"image\/jpeg\" \/>\n<meta name=\"author\" content=\"EurecatEQZ\" \/>\n<meta name=\"twitter:card\" content=\"summary_large_image\" \/>\n<meta name=\"twitter:label1\" content=\"Escrito por\" \/>\n\t<meta name=\"twitter:data1\" content=\"EurecatEQZ\" \/>\n\t<meta name=\"twitter:label2\" content=\"Tiempo de lectura\" \/>\n\t<meta name=\"twitter:data2\" content=\"8 minutos\" \/>\n<script type=\"application\/ld+json\" class=\"yoast-schema-graph\">{\"@context\":\"https:\\\/\\\/schema.org\",\"@graph\":[{\"@type\":\"Article\",\"@id\":\"https:\\\/\\\/eurecat.org\\\/es\\\/ciclo-opinion-una-vision-de-la-ia-eurecat-que-cambia-realmente-la-inteligencia-artificial\\\/#article\",\"isPartOf\":{\"@id\":\"https:\\\/\\\/eurecat.org\\\/es\\\/ciclo-opinion-una-vision-de-la-ia-eurecat-que-cambia-realmente-la-inteligencia-artificial\\\/\"},\"author\":{\"name\":\"EurecatEQZ\",\"@id\":\"https:\\\/\\\/eurecat.org\\\/es\\\/#\\\/schema\\\/person\\\/99d4d39712001e7621b6867b27b40bed\"},\"headline\":\"Ciclo de opini\u00f3n: Una visi\u00f3n de la IA, Eurecat &#8211; \u00bfQu\u00e9 cambia realmente la inteligencia artificial?\",\"datePublished\":\"2026-08-31T11:00:38+00:00\",\"dateModified\":\"2026-08-31T14:16:36+00:00\",\"mainEntityOfPage\":{\"@id\":\"https:\\\/\\\/eurecat.org\\\/es\\\/ciclo-opinion-una-vision-de-la-ia-eurecat-que-cambia-realmente-la-inteligencia-artificial\\\/\"},\"wordCount\":3249,\"commentCount\":0,\"image\":{\"@id\":\"https:\\\/\\\/eurecat.org\\\/es\\\/ciclo-opinion-una-vision-de-la-ia-eurecat-que-cambia-realmente-la-inteligencia-artificial\\\/#primaryimage\"},\"thumbnailUrl\":\"https:\\\/\\\/eurecat.org\\\/wp-content\\\/uploads\\\/2026\\\/08\\\/Eurecat_ia_800px.jpg\",\"articleSection\":[\"Applied Artificial Intelligence\",\"Blog\"],\"inLanguage\":\"es\",\"potentialAction\":[{\"@type\":\"CommentAction\",\"name\":\"Comment\",\"target\":[\"https:\\\/\\\/eurecat.org\\\/es\\\/ciclo-opinion-una-vision-de-la-ia-eurecat-que-cambia-realmente-la-inteligencia-artificial\\\/#respond\"]}]},{\"@type\":\"WebPage\",\"@id\":\"https:\\\/\\\/eurecat.org\\\/es\\\/ciclo-opinion-una-vision-de-la-ia-eurecat-que-cambia-realmente-la-inteligencia-artificial\\\/\",\"url\":\"https:\\\/\\\/eurecat.org\\\/es\\\/ciclo-opinion-una-vision-de-la-ia-eurecat-que-cambia-realmente-la-inteligencia-artificial\\\/\",\"name\":\"Ciclo de opini\u00f3n: Una visi\u00f3n de la IA, Eurecat - \u00bfQu\u00e9 cambia realmente la inteligencia artificial? - Eurecat\",\"isPartOf\":{\"@id\":\"https:\\\/\\\/eurecat.org\\\/es\\\/#website\"},\"primaryImageOfPage\":{\"@id\":\"https:\\\/\\\/eurecat.org\\\/es\\\/ciclo-opinion-una-vision-de-la-ia-eurecat-que-cambia-realmente-la-inteligencia-artificial\\\/#primaryimage\"},\"image\":{\"@id\":\"https:\\\/\\\/eurecat.org\\\/es\\\/ciclo-opinion-una-vision-de-la-ia-eurecat-que-cambia-realmente-la-inteligencia-artificial\\\/#primaryimage\"},\"thumbnailUrl\":\"https:\\\/\\\/eurecat.org\\\/wp-content\\\/uploads\\\/2026\\\/08\\\/Eurecat_ia_800px.jpg\",\"datePublished\":\"2026-08-31T11:00:38+00:00\",\"dateModified\":\"2026-08-31T14:16:36+00:00\",\"author\":{\"@id\":\"https:\\\/\\\/eurecat.org\\\/es\\\/#\\\/schema\\\/person\\\/99d4d39712001e7621b6867b27b40bed\"},\"breadcrumb\":{\"@id\":\"https:\\\/\\\/eurecat.org\\\/es\\\/ciclo-opinion-una-vision-de-la-ia-eurecat-que-cambia-realmente-la-inteligencia-artificial\\\/#breadcrumb\"},\"inLanguage\":\"es\",\"potentialAction\":[{\"@type\":\"ReadAction\",\"target\":[\"https:\\\/\\\/eurecat.org\\\/es\\\/ciclo-opinion-una-vision-de-la-ia-eurecat-que-cambia-realmente-la-inteligencia-artificial\\\/\"]}]},{\"@type\":\"ImageObject\",\"inLanguage\":\"es\",\"@id\":\"https:\\\/\\\/eurecat.org\\\/es\\\/ciclo-opinion-una-vision-de-la-ia-eurecat-que-cambia-realmente-la-inteligencia-artificial\\\/#primaryimage\",\"url\":\"https:\\\/\\\/eurecat.org\\\/wp-content\\\/uploads\\\/2026\\\/08\\\/Eurecat_ia_800px.jpg\",\"contentUrl\":\"https:\\\/\\\/eurecat.org\\\/wp-content\\\/uploads\\\/2026\\\/08\\\/Eurecat_ia_800px.jpg\",\"width\":800,\"height\":533},{\"@type\":\"BreadcrumbList\",\"@id\":\"https:\\\/\\\/eurecat.org\\\/es\\\/ciclo-opinion-una-vision-de-la-ia-eurecat-que-cambia-realmente-la-inteligencia-artificial\\\/#breadcrumb\",\"itemListElement\":[{\"@type\":\"ListItem\",\"position\":1,\"name\":\"Inici\",\"item\":\"https:\\\/\\\/eurecat.org\\\/es\\\/\"},{\"@type\":\"ListItem\",\"position\":2,\"name\":\"Ciclo de opini\u00f3n: Una visi\u00f3n de la IA, Eurecat &#8211; \u00bfQu\u00e9 cambia realmente la inteligencia artificial?\"}]},{\"@type\":\"WebSite\",\"@id\":\"https:\\\/\\\/eurecat.org\\\/es\\\/#website\",\"url\":\"https:\\\/\\\/eurecat.org\\\/es\\\/\",\"name\":\"Eurecat\",\"description\":\"Otro sitio realizado con WordPress\",\"potentialAction\":[{\"@type\":\"SearchAction\",\"target\":{\"@type\":\"EntryPoint\",\"urlTemplate\":\"https:\\\/\\\/eurecat.org\\\/es\\\/?s={search_term_string}\"},\"query-input\":{\"@type\":\"PropertyValueSpecification\",\"valueRequired\":true,\"valueName\":\"search_term_string\"}}],\"inLanguage\":\"es\"},{\"@type\":\"Person\",\"@id\":\"https:\\\/\\\/eurecat.org\\\/es\\\/#\\\/schema\\\/person\\\/99d4d39712001e7621b6867b27b40bed\",\"name\":\"EurecatEQZ\",\"image\":{\"@type\":\"ImageObject\",\"inLanguage\":\"es\",\"@id\":\"https:\\\/\\\/eurecat.org\\\/wp-content\\\/litespeed\\\/avatar\\\/bdaf143b16804d09126bb60efee439f6.jpg?ver=1787653273\",\"url\":\"https:\\\/\\\/eurecat.org\\\/wp-content\\\/litespeed\\\/avatar\\\/bdaf143b16804d09126bb60efee439f6.jpg?ver=1787653273\",\"contentUrl\":\"https:\\\/\\\/eurecat.org\\\/wp-content\\\/litespeed\\\/avatar\\\/bdaf143b16804d09126bb60efee439f6.jpg?ver=1787653273\",\"caption\":\"EurecatEQZ\"}}]}<\/script>\n<!-- \/ Yoast SEO plugin. -->","yoast_head_json":{"title":"Ciclo de opini\u00f3n: Una visi\u00f3n de la IA, Eurecat - \u00bfQu\u00e9 cambia realmente la inteligencia artificial? - Eurecat","robots":{"index":"index","follow":"follow","max-snippet":"max-snippet:-1","max-image-preview":"max-image-preview:large","max-video-preview":"max-video-preview:-1"},"canonical":"https:\/\/eurecat.org\/es\/ciclo-opinion-una-vision-de-la-ia-eurecat-que-cambia-realmente-la-inteligencia-artificial\/","og_locale":"es_ES","og_type":"article","og_title":"Ciclo de opini\u00f3n: Una visi\u00f3n de la IA, Eurecat - \u00bfQu\u00e9 cambia realmente la inteligencia artificial? - Eurecat","og_url":"https:\/\/eurecat.org\/es\/ciclo-opinion-una-vision-de-la-ia-eurecat-que-cambia-realmente-la-inteligencia-artificial\/","og_site_name":"Eurecat","article_published_time":"2026-08-31T11:00:38+00:00","article_modified_time":"2026-08-31T14:16:36+00:00","og_image":[{"width":800,"height":533,"url":"https:\/\/eurecat.org\/wp-content\/uploads\/2026\/08\/Eurecat_ia_800px.jpg","type":"image\/jpeg"}],"author":"EurecatEQZ","twitter_card":"summary_large_image","twitter_misc":{"Escrito por":"EurecatEQZ","Tiempo de lectura":"8 minutos"},"schema":{"@context":"https:\/\/schema.org","@graph":[{"@type":"Article","@id":"https:\/\/eurecat.org\/es\/ciclo-opinion-una-vision-de-la-ia-eurecat-que-cambia-realmente-la-inteligencia-artificial\/#article","isPartOf":{"@id":"https:\/\/eurecat.org\/es\/ciclo-opinion-una-vision-de-la-ia-eurecat-que-cambia-realmente-la-inteligencia-artificial\/"},"author":{"name":"EurecatEQZ","@id":"https:\/\/eurecat.org\/es\/#\/schema\/person\/99d4d39712001e7621b6867b27b40bed"},"headline":"Ciclo de opini\u00f3n: Una visi\u00f3n de la IA, Eurecat &#8211; \u00bfQu\u00e9 cambia realmente la inteligencia artificial?","datePublished":"2026-08-31T11:00:38+00:00","dateModified":"2026-08-31T14:16:36+00:00","mainEntityOfPage":{"@id":"https:\/\/eurecat.org\/es\/ciclo-opinion-una-vision-de-la-ia-eurecat-que-cambia-realmente-la-inteligencia-artificial\/"},"wordCount":3249,"commentCount":0,"image":{"@id":"https:\/\/eurecat.org\/es\/ciclo-opinion-una-vision-de-la-ia-eurecat-que-cambia-realmente-la-inteligencia-artificial\/#primaryimage"},"thumbnailUrl":"https:\/\/eurecat.org\/wp-content\/uploads\/2026\/08\/Eurecat_ia_800px.jpg","articleSection":["Applied Artificial Intelligence","Blog"],"inLanguage":"es","potentialAction":[{"@type":"CommentAction","name":"Comment","target":["https:\/\/eurecat.org\/es\/ciclo-opinion-una-vision-de-la-ia-eurecat-que-cambia-realmente-la-inteligencia-artificial\/#respond"]}]},{"@type":"WebPage","@id":"https:\/\/eurecat.org\/es\/ciclo-opinion-una-vision-de-la-ia-eurecat-que-cambia-realmente-la-inteligencia-artificial\/","url":"https:\/\/eurecat.org\/es\/ciclo-opinion-una-vision-de-la-ia-eurecat-que-cambia-realmente-la-inteligencia-artificial\/","name":"Ciclo de opini\u00f3n: Una visi\u00f3n de la IA, Eurecat - \u00bfQu\u00e9 cambia realmente la inteligencia artificial? - Eurecat","isPartOf":{"@id":"https:\/\/eurecat.org\/es\/#website"},"primaryImageOfPage":{"@id":"https:\/\/eurecat.org\/es\/ciclo-opinion-una-vision-de-la-ia-eurecat-que-cambia-realmente-la-inteligencia-artificial\/#primaryimage"},"image":{"@id":"https:\/\/eurecat.org\/es\/ciclo-opinion-una-vision-de-la-ia-eurecat-que-cambia-realmente-la-inteligencia-artificial\/#primaryimage"},"thumbnailUrl":"https:\/\/eurecat.org\/wp-content\/uploads\/2026\/08\/Eurecat_ia_800px.jpg","datePublished":"2026-08-31T11:00:38+00:00","dateModified":"2026-08-31T14:16:36+00:00","author":{"@id":"https:\/\/eurecat.org\/es\/#\/schema\/person\/99d4d39712001e7621b6867b27b40bed"},"breadcrumb":{"@id":"https:\/\/eurecat.org\/es\/ciclo-opinion-una-vision-de-la-ia-eurecat-que-cambia-realmente-la-inteligencia-artificial\/#breadcrumb"},"inLanguage":"es","potentialAction":[{"@type":"ReadAction","target":["https:\/\/eurecat.org\/es\/ciclo-opinion-una-vision-de-la-ia-eurecat-que-cambia-realmente-la-inteligencia-artificial\/"]}]},{"@type":"ImageObject","inLanguage":"es","@id":"https:\/\/eurecat.org\/es\/ciclo-opinion-una-vision-de-la-ia-eurecat-que-cambia-realmente-la-inteligencia-artificial\/#primaryimage","url":"https:\/\/eurecat.org\/wp-content\/uploads\/2026\/08\/Eurecat_ia_800px.jpg","contentUrl":"https:\/\/eurecat.org\/wp-content\/uploads\/2026\/08\/Eurecat_ia_800px.jpg","width":800,"height":533},{"@type":"BreadcrumbList","@id":"https:\/\/eurecat.org\/es\/ciclo-opinion-una-vision-de-la-ia-eurecat-que-cambia-realmente-la-inteligencia-artificial\/#breadcrumb","itemListElement":[{"@type":"ListItem","position":1,"name":"Inici","item":"https:\/\/eurecat.org\/es\/"},{"@type":"ListItem","position":2,"name":"Ciclo de opini\u00f3n: Una visi\u00f3n de la IA, Eurecat &#8211; \u00bfQu\u00e9 cambia realmente la inteligencia artificial?"}]},{"@type":"WebSite","@id":"https:\/\/eurecat.org\/es\/#website","url":"https:\/\/eurecat.org\/es\/","name":"Eurecat","description":"Otro sitio realizado con WordPress","potentialAction":[{"@type":"SearchAction","target":{"@type":"EntryPoint","urlTemplate":"https:\/\/eurecat.org\/es\/?s={search_term_string}"},"query-input":{"@type":"PropertyValueSpecification","valueRequired":true,"valueName":"search_term_string"}}],"inLanguage":"es"},{"@type":"Person","@id":"https:\/\/eurecat.org\/es\/#\/schema\/person\/99d4d39712001e7621b6867b27b40bed","name":"EurecatEQZ","image":{"@type":"ImageObject","inLanguage":"es","@id":"https:\/\/eurecat.org\/wp-content\/litespeed\/avatar\/bdaf143b16804d09126bb60efee439f6.jpg?ver=1787653273","url":"https:\/\/eurecat.org\/wp-content\/litespeed\/avatar\/bdaf143b16804d09126bb60efee439f6.jpg?ver=1787653273","contentUrl":"https:\/\/eurecat.org\/wp-content\/litespeed\/avatar\/bdaf143b16804d09126bb60efee439f6.jpg?ver=1787653273","caption":"EurecatEQZ"}}]}},"_links":{"self":[{"href":"https:\/\/eurecat.org\/es\/wp-json\/wp\/v2\/posts\/1145341","targetHints":{"allow":["GET"]}}],"collection":[{"href":"https:\/\/eurecat.org\/es\/wp-json\/wp\/v2\/posts"}],"about":[{"href":"https:\/\/eurecat.org\/es\/wp-json\/wp\/v2\/types\/post"}],"author":[{"embeddable":true,"href":"https:\/\/eurecat.org\/es\/wp-json\/wp\/v2\/users\/20"}],"replies":[{"embeddable":true,"href":"https:\/\/eurecat.org\/es\/wp-json\/wp\/v2\/comments?post=1145341"}],"version-history":[{"count":2,"href":"https:\/\/eurecat.org\/es\/wp-json\/wp\/v2\/posts\/1145341\/revisions"}],"predecessor-version":[{"id":1145376,"href":"https:\/\/eurecat.org\/es\/wp-json\/wp\/v2\/posts\/1145341\/revisions\/1145376"}],"wp:featuredmedia":[{"embeddable":true,"href":"https:\/\/eurecat.org\/es\/wp-json\/wp\/v2\/media\/1145331"}],"wp:attachment":[{"href":"https:\/\/eurecat.org\/es\/wp-json\/wp\/v2\/media?parent=1145341"}],"wp:term":[{"taxonomy":"category","embeddable":true,"href":"https:\/\/eurecat.org\/es\/wp-json\/wp\/v2\/categories?post=1145341"},{"taxonomy":"post_tag","embeddable":true,"href":"https:\/\/eurecat.org\/es\/wp-json\/wp\/v2\/tags?post=1145341"}],"curies":[{"name":"wp","href":"https:\/\/api.w.org\/{rel}","templated":true}]}}