{"id":1145348,"date":"2026-08-31T12:30:56","date_gmt":"2026-08-31T10:30:56","guid":{"rendered":"https:\/\/eurecat.org\/?p=1145348"},"modified":"2026-08-31T16:18:28","modified_gmt":"2026-08-31T14:18:28","slug":"ciclo-de-opinion-una-vision-de-la-ia-eurecat-quien-alimentara-la-inteligencia-artificial","status":"publish","type":"post","link":"https:\/\/eurecat.org\/es\/ciclo-de-opinion-una-vision-de-la-ia-eurecat-quien-alimentara-la-inteligencia-artificial\/","title":{"rendered":"Ciclo de opini\u00f3n: Una visi\u00f3n de la IA, Eurecat &#8211; \u00bfQui\u00e9n alimentar\u00e1 la inteligencia artificial?"},"content":{"rendered":"<div class=\"fusion-fullwidth fullwidth-box fusion-builder-row-1 fusion-flex-container has-pattern-background has-mask-background nonhundred-percent-fullwidth non-hundred-percent-height-scrolling\" style=\"--awb-border-radius-top-left:0px;--awb-border-radius-top-right:0px;--awb-border-radius-bottom-right:0px;--awb-border-radius-bottom-left:0px;--awb-flex-wrap:wrap;\" ><div class=\"fusion-builder-row fusion-row fusion-flex-align-items-flex-start fusion-flex-content-wrap\" style=\"max-width:1424.8px;margin-left: calc(-4% \/ 2 );margin-right: calc(-4% \/ 2 );\"><div class=\"fusion-layout-column fusion_builder_column fusion-builder-column-0 fusion_builder_column_1_1 1_1 fusion-flex-column\" style=\"--awb-bg-size:cover;--awb-width-large:100%;--awb-margin-top-large:0px;--awb-spacing-right-large:1.92%;--awb-margin-bottom-large:20px;--awb-spacing-left-large:1.92%;--awb-width-medium:100%;--awb-order-medium:0;--awb-spacing-right-medium:1.92%;--awb-spacing-left-medium:1.92%;--awb-width-small:100%;--awb-order-small:0;--awb-spacing-right-small:1.92%;--awb-spacing-left-small:1.92%;\"><div class=\"fusion-column-wrapper fusion-column-has-shadow fusion-flex-justify-content-flex-start fusion-content-layout-column\"><div class=\"fusion-text fusion-text-1\"><p>La inteligencia artificial (IA) est\u00e1 integrando transformaciones a varios niveles que hasta ahora avanzaban de forma separada. Acelera el desarrollo de otras tecnolog\u00edas, transforma el proceso cient\u00edfico y empieza a trasladar su capacidad de interpretaci\u00f3n y decisi\u00f3n al mundo f\u00edsico. La convergencia entre orquestaci\u00f3n tecnol\u00f3gica, descubrimiento cient\u00edfico y acci\u00f3n est\u00e1 configurando una nueva cadena de valor continua, iterativa y flexible.<\/p>\n<p>Esta nueva cadena de valor conecta la generaci\u00f3n de conocimiento, el desarrollo tecnol\u00f3gico y su aplicaci\u00f3n en entornos reales. La IA reduce la distancia entre estas etapas y ampl\u00eda las posibilidades de descubrimiento a una velocidad y escala in\u00e9ditas. Su impacto ya no se limita a mejorar actividades existentes, sino que modifica la forma en que se investiga, se desarrolla tecnolog\u00eda y se transforma la realidad.<\/p>\n<p>Pero esta capacidad no surge \u00fanicamente de los modelos m\u00e1s avanzados. Requiere recursos capaces de sostener cada una de sus etapas, desde la generaci\u00f3n y el tratamiento de datos hasta el entrenamiento y despliegue de sistemas, cuya magnitud y concentraci\u00f3n est\u00e1n desplazando los centros de poder tecnol\u00f3gico, industrial y econ\u00f3mico.<\/p>\n<p>Preguntarse qui\u00e9n alimentar\u00e1 la inteligencia artificial significa preguntarse qui\u00e9n dispondr\u00e1 de las capacidades necesarias para desarrollarla, orientarla y llevarla a escala. Tambi\u00e9n qui\u00e9n podr\u00e1 acumular el conocimiento derivado de su uso, decidir sobre sus aplicaciones y capturar el valor que genera.<\/p>\n<p>La dimensi\u00f3n material permanece oculta detr\u00e1s de una tecnolog\u00eda que percibimos fundamentalmente como digital y que as\u00ed lo es en su vertiente m\u00e1s disruptiva. Sin embargo, se convierte en un factor estrat\u00e9gico, no solo por la capacidad de computaci\u00f3n, los enormes centros de datos, las redes de comunicaci\u00f3n y los semiconductores que requiere, sino tambi\u00e9n por la necesidad de un suministro energ\u00e9tico de la misma escala, estable y sostenible.<\/p>\n<p>La IA forma parte de una arquitectura tecnol\u00f3gica en la que cada capa condiciona las posibilidades de las dem\u00e1s. Sin acceso a capacidad de c\u00e1lculo, los modelos no pueden desarrollarse ni escalarse. Sin datos representativos y gobernados adecuadamente, sus resultados pierden fiabilidad y utilidad. Sin energ\u00eda disponible a un coste asumible, la infraestructura no puede mantenerse ni expandirse. Y sin talento especializado, estas capacidades dif\u00edcilmente pueden convertirse en soluciones aplicables.<\/p>\n<p>Esta dependencia sit\u00faa a las infraestructuras de computaci\u00f3n, datos y energ\u00eda en el centro del debate estrat\u00e9gico, porque el acceso a estas capacidades y la posibilidad de gobernarlas condicionan la autonom\u00eda tecnol\u00f3gica. No son \u00fanicamente recursos t\u00e9cnicos. Determinan qui\u00e9n puede investigar, qui\u00e9n puede desarrollar modelos propios, qui\u00e9n puede adaptarlos a sus necesidades y qui\u00e9n captura el conocimiento generado durante su utilizaci\u00f3n.<\/p>\n<p>En este contexto, la soberan\u00eda tecnol\u00f3gica no implica producir de manera aislada todos los componentes de la cadena. Tampoco supone renunciar a la cooperaci\u00f3n internacional o construir ecosistemas cerrados. Significa disponer de capacidades suficientes para elegir, integrar, adaptar, auditar y operar tecnolog\u00edas cr\u00edticas sin quedar sometidos por completo a decisiones externas.<\/p>\n<p>La cuesti\u00f3n energ\u00e9tica en infraestructuras que operan a nivel global adquiere una importancia particular. El crecimiento de la IA incrementa la demanda de computaci\u00f3n y obliga a considerar la energ\u00eda como una parte integral de cualquier estrategia tecnol\u00f3gica. <strong>No basta con desarrollar modelos de IA cada vez m\u00e1s capaces. Es necesario abordar el reto de garantizar que puedan entrenarse, desplegarse, gobernarse y mantenerse de manera eficiente, sostenible y equitativa.<\/strong><\/p>\n<p>Un territorio puede utilizar soluciones desarrolladas fuera de sus fronteras y, al mismo tiempo, conservar autonom\u00eda tecnol\u00f3gica si mantiene capacidad de decisi\u00f3n sobre sus datos, sus infraestructuras, sus procesos industriales y sus aplicaciones estrat\u00e9gicas. El problema aparece cuando el conocimiento, los modelos, la computaci\u00f3n y el aprendizaje derivados de su uso se concentran sistem\u00e1ticamente en otros actores.<\/p>\n<p>La IA se alimenta de un ciclo acumulativo entre uso, datos, validaci\u00f3n y mejora. Controlar los pasos de este ciclo permite convertir cada despliegue en nuevo conocimiento, acelerar la evoluci\u00f3n de los sistemas y construir una ventaja cada vez m\u00e1s dif\u00edcil de recuperar por quienes quedan fuera.<\/p>\n<p>Europa debe abordar esta cuesti\u00f3n desde sus propias fortalezas cient\u00edficas, industriales y energ\u00e9ticas. Su posici\u00f3n no depender\u00e1 \u00fanicamente de la tipolog\u00eda o n\u00famero de modelos que utilice, sino de su capacidad para disponer de infraestructuras de c\u00e1lculo, datos fiables, conocimiento especializado y, en \u00faltima instancia, entornos industriales en los que transformar conocimiento y tecnolog\u00eda en aplicaciones reales.<\/p>\n<p>La autonom\u00eda europea se jugar\u00e1, en gran medida, en la capacidad para conectar estas piezas. Para ello, ser\u00e1 necesario acelerar la articulaci\u00f3n entre ciencia, infraestructuras e industria y fomentar pol\u00edticas p\u00fablicas capaces de operar a gran escala con efectividad. <strong>Una demanda industrial y p\u00fablica capaz de probar, adoptar y escalar tecnolog\u00eda propia resulta decisiva para convertir estas capacidades en conocimiento acumulado, capacidad industrial y soberan\u00eda tecnol\u00f3gica.<\/strong><\/p>\n<p>En esta transformaci\u00f3n, el conocimiento ya no fluye linealmente desde la ciencia hacia la industria, sino que se genera y reconfigura de forma continua a trav\u00e9s de la interacci\u00f3n entre conocimiento distribuido, infraestructuras tecnol\u00f3gicas de escalado, entornos reales de aplicaci\u00f3n y empresas.<\/p>\n<p>Junto a la energ\u00eda, la computaci\u00f3n y los datos, tambi\u00e9n los entornos reales de aplicaci\u00f3n alimentan la IA. En sectores como la salud, la industria, la energ\u00eda, la movilidad o la agroalimentaci\u00f3n, el valor de la IA no depende \u00fanicamente de la calidad de un algoritmo. M\u00e1s all\u00e1 de soluciones existentes, depende de su integraci\u00f3n con procesos, equipos, regulaciones, conocimiento experto y sistemas ya existentes. Convertir un modelo en una capacidad operativa requiere experimentaci\u00f3n, validaci\u00f3n, ingenier\u00eda, adaptaci\u00f3n y acompa\u00f1amiento organizativo.<\/p>\n<p><strong>Europa necesita una inteligencia artificial segura, responsable y centrada en las personas, pero su autonom\u00eda se decidir\u00e1 por su capacidad para reunir y gobernar todo aquello que la alimenta<\/strong>. Los principios y la regulaci\u00f3n solo podr\u00e1n orientar esta transformaci\u00f3n si Europa dispone de las capacidades materiales para desarrollarla, desplegarla y escalarla. Quienes controlen y articulen estos recursos alimentar\u00e1n la IA, capturar\u00e1n su valor y conservar\u00e1n soberan\u00eda tecnol\u00f3gica. Los dem\u00e1s depender\u00e1n de tecnolog\u00edas construidas y gobernadas por otros.<\/p>\n<p><strong>Gabriel Anzaldi, director de Ecosistemas; Rafael Redondo, director de la Unidad de Tecnolog\u00edas Multimedia, y Lali Soler, directora del \u00c1rea Digital del centro tecnol\u00f3gico Eurecat<\/strong><\/p>\n<\/div><div style=\"text-align:center;\"><a class=\"fusion-button button-flat fusion-button-default-size button-default fusion-button-default button-1 fusion-button-default-span fusion-button-default-type\" target=\"_blank\" rel=\"noopener noreferrer\" href=\"https:\/\/www.elnacional.cat\/oneconomia\/es\/on-ia\/quien-alimentara-inteligencia-artificial_1680835_102.html\"><span class=\"fusion-button-text awb-button__text awb-button__text--default\">LEE AQU\u00cd EL 2.\u00ba ART\u00cdCULO DE OPINI\u00d3N DEL CICLO PUBLICADOR POR ON IA<\/span><\/a><\/div><div class=\"fusion-text fusion-text-2\"><hr \/>\n<p style=\"padding-left: 40px;\"><strong>Accede a todos los art\u00edculos de opini\u00f3n de este ciclo publicador por ON IA <a href=\"https:\/\/eurecat.org\/es\/serie-de-articulos-de-opinion-una-vision-de-la-inteligencia-artificial-eurecat\/\" target=\"_blank\" rel=\"noopener\">AQU\u00cd<\/a><\/strong><\/p>\n<hr \/>\n<\/div><\/div><\/div><\/div><\/div>\n","protected":false},"excerpt":{"rendered":"","protected":false},"author":20,"featured_media":1145346,"comment_status":"open","ping_status":"closed","sticky":false,"template":"","format":"standard","meta":{"footnotes":""},"categories":[3158,133],"tags":[],"class_list":["post-1145348","post","type-post","status-publish","format-standard","has-post-thumbnail","hentry","category-applied-artificial-intelligence","category-blog"],"yoast_head":"<!-- This site is optimized with the Yoast SEO plugin v28.3 - https:\/\/yoast.com\/product\/yoast-seo-wordpress\/ -->\n<title>Ciclo de opini\u00f3n: Una visi\u00f3n de la IA, Eurecat - \u00bfQui\u00e9n alimentar\u00e1 la inteligencia artificial? - Eurecat<\/title>\n<meta name=\"robots\" content=\"index, follow, max-snippet:-1, max-image-preview:large, max-video-preview:-1\" \/>\n<link rel=\"canonical\" href=\"https:\/\/eurecat.org\/es\/ciclo-de-opinion-una-vision-de-la-ia-eurecat-quien-alimentara-la-inteligencia-artificial\/\" \/>\n<meta property=\"og:locale\" content=\"es_ES\" \/>\n<meta property=\"og:type\" content=\"article\" \/>\n<meta property=\"og:title\" content=\"Ciclo de opini\u00f3n: Una visi\u00f3n de la IA, Eurecat - \u00bfQui\u00e9n alimentar\u00e1 la inteligencia artificial? - Eurecat\" \/>\n<meta property=\"og:url\" content=\"https:\/\/eurecat.org\/es\/ciclo-de-opinion-una-vision-de-la-ia-eurecat-quien-alimentara-la-inteligencia-artificial\/\" \/>\n<meta property=\"og:site_name\" content=\"Eurecat\" \/>\n<meta property=\"article:published_time\" content=\"2026-08-31T10:30:56+00:00\" \/>\n<meta property=\"article:modified_time\" content=\"2026-08-31T14:18:28+00:00\" \/>\n<meta property=\"og:image\" content=\"https:\/\/eurecat.org\/wp-content\/uploads\/2026\/08\/CICLE-IA_EPISODI-II.jpg\" \/>\n\t<meta property=\"og:image:width\" content=\"800\" \/>\n\t<meta property=\"og:image:height\" content=\"533\" \/>\n\t<meta property=\"og:image:type\" content=\"image\/jpeg\" \/>\n<meta name=\"author\" content=\"EurecatEQZ\" \/>\n<meta name=\"twitter:card\" content=\"summary_large_image\" \/>\n<meta name=\"twitter:label1\" content=\"Escrito por\" \/>\n\t<meta name=\"twitter:data1\" content=\"EurecatEQZ\" \/>\n\t<meta name=\"twitter:label2\" content=\"Tiempo de lectura\" \/>\n\t<meta name=\"twitter:data2\" content=\"6 minutos\" \/>\n<script type=\"application\/ld+json\" class=\"yoast-schema-graph\">{\"@context\":\"https:\\\/\\\/schema.org\",\"@graph\":[{\"@type\":\"Article\",\"@id\":\"https:\\\/\\\/eurecat.org\\\/es\\\/ciclo-de-opinion-una-vision-de-la-ia-eurecat-quien-alimentara-la-inteligencia-artificial\\\/#article\",\"isPartOf\":{\"@id\":\"https:\\\/\\\/eurecat.org\\\/es\\\/ciclo-de-opinion-una-vision-de-la-ia-eurecat-quien-alimentara-la-inteligencia-artificial\\\/\"},\"author\":{\"name\":\"EurecatEQZ\",\"@id\":\"https:\\\/\\\/eurecat.org\\\/es\\\/#\\\/schema\\\/person\\\/99d4d39712001e7621b6867b27b40bed\"},\"headline\":\"Ciclo de opini\u00f3n: Una visi\u00f3n de la IA, Eurecat &#8211; \u00bfQui\u00e9n alimentar\u00e1 la inteligencia artificial?\",\"datePublished\":\"2026-08-31T10:30:56+00:00\",\"dateModified\":\"2026-08-31T14:18:28+00:00\",\"mainEntityOfPage\":{\"@id\":\"https:\\\/\\\/eurecat.org\\\/es\\\/ciclo-de-opinion-una-vision-de-la-ia-eurecat-quien-alimentara-la-inteligencia-artificial\\\/\"},\"wordCount\":2956,\"commentCount\":0,\"image\":{\"@id\":\"https:\\\/\\\/eurecat.org\\\/es\\\/ciclo-de-opinion-una-vision-de-la-ia-eurecat-quien-alimentara-la-inteligencia-artificial\\\/#primaryimage\"},\"thumbnailUrl\":\"https:\\\/\\\/eurecat.org\\\/wp-content\\\/uploads\\\/2026\\\/08\\\/CICLE-IA_EPISODI-II.jpg\",\"articleSection\":[\"Applied Artificial Intelligence\",\"Blog\"],\"inLanguage\":\"es\",\"potentialAction\":[{\"@type\":\"CommentAction\",\"name\":\"Comment\",\"target\":[\"https:\\\/\\\/eurecat.org\\\/es\\\/ciclo-de-opinion-una-vision-de-la-ia-eurecat-quien-alimentara-la-inteligencia-artificial\\\/#respond\"]}]},{\"@type\":\"WebPage\",\"@id\":\"https:\\\/\\\/eurecat.org\\\/es\\\/ciclo-de-opinion-una-vision-de-la-ia-eurecat-quien-alimentara-la-inteligencia-artificial\\\/\",\"url\":\"https:\\\/\\\/eurecat.org\\\/es\\\/ciclo-de-opinion-una-vision-de-la-ia-eurecat-quien-alimentara-la-inteligencia-artificial\\\/\",\"name\":\"Ciclo de opini\u00f3n: Una visi\u00f3n de la IA, Eurecat - \u00bfQui\u00e9n alimentar\u00e1 la inteligencia artificial? - Eurecat\",\"isPartOf\":{\"@id\":\"https:\\\/\\\/eurecat.org\\\/es\\\/#website\"},\"primaryImageOfPage\":{\"@id\":\"https:\\\/\\\/eurecat.org\\\/es\\\/ciclo-de-opinion-una-vision-de-la-ia-eurecat-quien-alimentara-la-inteligencia-artificial\\\/#primaryimage\"},\"image\":{\"@id\":\"https:\\\/\\\/eurecat.org\\\/es\\\/ciclo-de-opinion-una-vision-de-la-ia-eurecat-quien-alimentara-la-inteligencia-artificial\\\/#primaryimage\"},\"thumbnailUrl\":\"https:\\\/\\\/eurecat.org\\\/wp-content\\\/uploads\\\/2026\\\/08\\\/CICLE-IA_EPISODI-II.jpg\",\"datePublished\":\"2026-08-31T10:30:56+00:00\",\"dateModified\":\"2026-08-31T14:18:28+00:00\",\"author\":{\"@id\":\"https:\\\/\\\/eurecat.org\\\/es\\\/#\\\/schema\\\/person\\\/99d4d39712001e7621b6867b27b40bed\"},\"breadcrumb\":{\"@id\":\"https:\\\/\\\/eurecat.org\\\/es\\\/ciclo-de-opinion-una-vision-de-la-ia-eurecat-quien-alimentara-la-inteligencia-artificial\\\/#breadcrumb\"},\"inLanguage\":\"es\",\"potentialAction\":[{\"@type\":\"ReadAction\",\"target\":[\"https:\\\/\\\/eurecat.org\\\/es\\\/ciclo-de-opinion-una-vision-de-la-ia-eurecat-quien-alimentara-la-inteligencia-artificial\\\/\"]}]},{\"@type\":\"ImageObject\",\"inLanguage\":\"es\",\"@id\":\"https:\\\/\\\/eurecat.org\\\/es\\\/ciclo-de-opinion-una-vision-de-la-ia-eurecat-quien-alimentara-la-inteligencia-artificial\\\/#primaryimage\",\"url\":\"https:\\\/\\\/eurecat.org\\\/wp-content\\\/uploads\\\/2026\\\/08\\\/CICLE-IA_EPISODI-II.jpg\",\"contentUrl\":\"https:\\\/\\\/eurecat.org\\\/wp-content\\\/uploads\\\/2026\\\/08\\\/CICLE-IA_EPISODI-II.jpg\",\"width\":800,\"height\":533,\"caption\":\"Cicle IA - Eurecat Cap.II\"},{\"@type\":\"BreadcrumbList\",\"@id\":\"https:\\\/\\\/eurecat.org\\\/es\\\/ciclo-de-opinion-una-vision-de-la-ia-eurecat-quien-alimentara-la-inteligencia-artificial\\\/#breadcrumb\",\"itemListElement\":[{\"@type\":\"ListItem\",\"position\":1,\"name\":\"Inici\",\"item\":\"https:\\\/\\\/eurecat.org\\\/es\\\/\"},{\"@type\":\"ListItem\",\"position\":2,\"name\":\"Ciclo de opini\u00f3n: Una visi\u00f3n de la IA, Eurecat &#8211; \u00bfQui\u00e9n alimentar\u00e1 la inteligencia artificial?\"}]},{\"@type\":\"WebSite\",\"@id\":\"https:\\\/\\\/eurecat.org\\\/es\\\/#website\",\"url\":\"https:\\\/\\\/eurecat.org\\\/es\\\/\",\"name\":\"Eurecat\",\"description\":\"Otro sitio realizado con WordPress\",\"potentialAction\":[{\"@type\":\"SearchAction\",\"target\":{\"@type\":\"EntryPoint\",\"urlTemplate\":\"https:\\\/\\\/eurecat.org\\\/es\\\/?s={search_term_string}\"},\"query-input\":{\"@type\":\"PropertyValueSpecification\",\"valueRequired\":true,\"valueName\":\"search_term_string\"}}],\"inLanguage\":\"es\"},{\"@type\":\"Person\",\"@id\":\"https:\\\/\\\/eurecat.org\\\/es\\\/#\\\/schema\\\/person\\\/99d4d39712001e7621b6867b27b40bed\",\"name\":\"EurecatEQZ\",\"image\":{\"@type\":\"ImageObject\",\"inLanguage\":\"es\",\"@id\":\"https:\\\/\\\/eurecat.org\\\/wp-content\\\/litespeed\\\/avatar\\\/bdaf143b16804d09126bb60efee439f6.jpg?ver=1787653273\",\"url\":\"https:\\\/\\\/eurecat.org\\\/wp-content\\\/litespeed\\\/avatar\\\/bdaf143b16804d09126bb60efee439f6.jpg?ver=1787653273\",\"contentUrl\":\"https:\\\/\\\/eurecat.org\\\/wp-content\\\/litespeed\\\/avatar\\\/bdaf143b16804d09126bb60efee439f6.jpg?ver=1787653273\",\"caption\":\"EurecatEQZ\"}}]}<\/script>\n<!-- \/ Yoast SEO plugin. -->","yoast_head_json":{"title":"Ciclo de opini\u00f3n: Una visi\u00f3n de la IA, Eurecat - \u00bfQui\u00e9n alimentar\u00e1 la inteligencia artificial? - Eurecat","robots":{"index":"index","follow":"follow","max-snippet":"max-snippet:-1","max-image-preview":"max-image-preview:large","max-video-preview":"max-video-preview:-1"},"canonical":"https:\/\/eurecat.org\/es\/ciclo-de-opinion-una-vision-de-la-ia-eurecat-quien-alimentara-la-inteligencia-artificial\/","og_locale":"es_ES","og_type":"article","og_title":"Ciclo de opini\u00f3n: Una visi\u00f3n de la IA, Eurecat - \u00bfQui\u00e9n alimentar\u00e1 la inteligencia artificial? - Eurecat","og_url":"https:\/\/eurecat.org\/es\/ciclo-de-opinion-una-vision-de-la-ia-eurecat-quien-alimentara-la-inteligencia-artificial\/","og_site_name":"Eurecat","article_published_time":"2026-08-31T10:30:56+00:00","article_modified_time":"2026-08-31T14:18:28+00:00","og_image":[{"width":800,"height":533,"url":"https:\/\/eurecat.org\/wp-content\/uploads\/2026\/08\/CICLE-IA_EPISODI-II.jpg","type":"image\/jpeg"}],"author":"EurecatEQZ","twitter_card":"summary_large_image","twitter_misc":{"Escrito por":"EurecatEQZ","Tiempo de lectura":"6 minutos"},"schema":{"@context":"https:\/\/schema.org","@graph":[{"@type":"Article","@id":"https:\/\/eurecat.org\/es\/ciclo-de-opinion-una-vision-de-la-ia-eurecat-quien-alimentara-la-inteligencia-artificial\/#article","isPartOf":{"@id":"https:\/\/eurecat.org\/es\/ciclo-de-opinion-una-vision-de-la-ia-eurecat-quien-alimentara-la-inteligencia-artificial\/"},"author":{"name":"EurecatEQZ","@id":"https:\/\/eurecat.org\/es\/#\/schema\/person\/99d4d39712001e7621b6867b27b40bed"},"headline":"Ciclo de opini\u00f3n: Una visi\u00f3n de la IA, Eurecat &#8211; \u00bfQui\u00e9n alimentar\u00e1 la inteligencia artificial?","datePublished":"2026-08-31T10:30:56+00:00","dateModified":"2026-08-31T14:18:28+00:00","mainEntityOfPage":{"@id":"https:\/\/eurecat.org\/es\/ciclo-de-opinion-una-vision-de-la-ia-eurecat-quien-alimentara-la-inteligencia-artificial\/"},"wordCount":2956,"commentCount":0,"image":{"@id":"https:\/\/eurecat.org\/es\/ciclo-de-opinion-una-vision-de-la-ia-eurecat-quien-alimentara-la-inteligencia-artificial\/#primaryimage"},"thumbnailUrl":"https:\/\/eurecat.org\/wp-content\/uploads\/2026\/08\/CICLE-IA_EPISODI-II.jpg","articleSection":["Applied Artificial Intelligence","Blog"],"inLanguage":"es","potentialAction":[{"@type":"CommentAction","name":"Comment","target":["https:\/\/eurecat.org\/es\/ciclo-de-opinion-una-vision-de-la-ia-eurecat-quien-alimentara-la-inteligencia-artificial\/#respond"]}]},{"@type":"WebPage","@id":"https:\/\/eurecat.org\/es\/ciclo-de-opinion-una-vision-de-la-ia-eurecat-quien-alimentara-la-inteligencia-artificial\/","url":"https:\/\/eurecat.org\/es\/ciclo-de-opinion-una-vision-de-la-ia-eurecat-quien-alimentara-la-inteligencia-artificial\/","name":"Ciclo de opini\u00f3n: Una visi\u00f3n de la IA, Eurecat - \u00bfQui\u00e9n alimentar\u00e1 la inteligencia artificial? - Eurecat","isPartOf":{"@id":"https:\/\/eurecat.org\/es\/#website"},"primaryImageOfPage":{"@id":"https:\/\/eurecat.org\/es\/ciclo-de-opinion-una-vision-de-la-ia-eurecat-quien-alimentara-la-inteligencia-artificial\/#primaryimage"},"image":{"@id":"https:\/\/eurecat.org\/es\/ciclo-de-opinion-una-vision-de-la-ia-eurecat-quien-alimentara-la-inteligencia-artificial\/#primaryimage"},"thumbnailUrl":"https:\/\/eurecat.org\/wp-content\/uploads\/2026\/08\/CICLE-IA_EPISODI-II.jpg","datePublished":"2026-08-31T10:30:56+00:00","dateModified":"2026-08-31T14:18:28+00:00","author":{"@id":"https:\/\/eurecat.org\/es\/#\/schema\/person\/99d4d39712001e7621b6867b27b40bed"},"breadcrumb":{"@id":"https:\/\/eurecat.org\/es\/ciclo-de-opinion-una-vision-de-la-ia-eurecat-quien-alimentara-la-inteligencia-artificial\/#breadcrumb"},"inLanguage":"es","potentialAction":[{"@type":"ReadAction","target":["https:\/\/eurecat.org\/es\/ciclo-de-opinion-una-vision-de-la-ia-eurecat-quien-alimentara-la-inteligencia-artificial\/"]}]},{"@type":"ImageObject","inLanguage":"es","@id":"https:\/\/eurecat.org\/es\/ciclo-de-opinion-una-vision-de-la-ia-eurecat-quien-alimentara-la-inteligencia-artificial\/#primaryimage","url":"https:\/\/eurecat.org\/wp-content\/uploads\/2026\/08\/CICLE-IA_EPISODI-II.jpg","contentUrl":"https:\/\/eurecat.org\/wp-content\/uploads\/2026\/08\/CICLE-IA_EPISODI-II.jpg","width":800,"height":533,"caption":"Cicle IA - Eurecat Cap.II"},{"@type":"BreadcrumbList","@id":"https:\/\/eurecat.org\/es\/ciclo-de-opinion-una-vision-de-la-ia-eurecat-quien-alimentara-la-inteligencia-artificial\/#breadcrumb","itemListElement":[{"@type":"ListItem","position":1,"name":"Inici","item":"https:\/\/eurecat.org\/es\/"},{"@type":"ListItem","position":2,"name":"Ciclo de opini\u00f3n: Una visi\u00f3n de la IA, Eurecat &#8211; \u00bfQui\u00e9n alimentar\u00e1 la inteligencia artificial?"}]},{"@type":"WebSite","@id":"https:\/\/eurecat.org\/es\/#website","url":"https:\/\/eurecat.org\/es\/","name":"Eurecat","description":"Otro sitio realizado con WordPress","potentialAction":[{"@type":"SearchAction","target":{"@type":"EntryPoint","urlTemplate":"https:\/\/eurecat.org\/es\/?s={search_term_string}"},"query-input":{"@type":"PropertyValueSpecification","valueRequired":true,"valueName":"search_term_string"}}],"inLanguage":"es"},{"@type":"Person","@id":"https:\/\/eurecat.org\/es\/#\/schema\/person\/99d4d39712001e7621b6867b27b40bed","name":"EurecatEQZ","image":{"@type":"ImageObject","inLanguage":"es","@id":"https:\/\/eurecat.org\/wp-content\/litespeed\/avatar\/bdaf143b16804d09126bb60efee439f6.jpg?ver=1787653273","url":"https:\/\/eurecat.org\/wp-content\/litespeed\/avatar\/bdaf143b16804d09126bb60efee439f6.jpg?ver=1787653273","contentUrl":"https:\/\/eurecat.org\/wp-content\/litespeed\/avatar\/bdaf143b16804d09126bb60efee439f6.jpg?ver=1787653273","caption":"EurecatEQZ"}}]}},"_links":{"self":[{"href":"https:\/\/eurecat.org\/es\/wp-json\/wp\/v2\/posts\/1145348","targetHints":{"allow":["GET"]}}],"collection":[{"href":"https:\/\/eurecat.org\/es\/wp-json\/wp\/v2\/posts"}],"about":[{"href":"https:\/\/eurecat.org\/es\/wp-json\/wp\/v2\/types\/post"}],"author":[{"embeddable":true,"href":"https:\/\/eurecat.org\/es\/wp-json\/wp\/v2\/users\/20"}],"replies":[{"embeddable":true,"href":"https:\/\/eurecat.org\/es\/wp-json\/wp\/v2\/comments?post=1145348"}],"version-history":[{"count":2,"href":"https:\/\/eurecat.org\/es\/wp-json\/wp\/v2\/posts\/1145348\/revisions"}],"predecessor-version":[{"id":1145377,"href":"https:\/\/eurecat.org\/es\/wp-json\/wp\/v2\/posts\/1145348\/revisions\/1145377"}],"wp:featuredmedia":[{"embeddable":true,"href":"https:\/\/eurecat.org\/es\/wp-json\/wp\/v2\/media\/1145346"}],"wp:attachment":[{"href":"https:\/\/eurecat.org\/es\/wp-json\/wp\/v2\/media?parent=1145348"}],"wp:term":[{"taxonomy":"category","embeddable":true,"href":"https:\/\/eurecat.org\/es\/wp-json\/wp\/v2\/categories?post=1145348"},{"taxonomy":"post_tag","embeddable":true,"href":"https:\/\/eurecat.org\/es\/wp-json\/wp\/v2\/tags?post=1145348"}],"curies":[{"name":"wp","href":"https:\/\/api.w.org\/{rel}","templated":true}]}}