{"id":114701,"date":"2021-05-20T14:31:06","date_gmt":"2021-05-20T13:31:06","guid":{"rendered":"https:\/\/eurecat.org\/?p=114701"},"modified":"2021-05-20T14:32:28","modified_gmt":"2021-05-20T13:32:28","slug":"centro-de-formacion-practica-eurecat","status":"publish","type":"post","link":"https:\/\/eurecat.org\/es\/centro-de-formacion-practica-eurecat\/","title":{"rendered":"El Centro de Formaci\u00f3n Pr\u00e1ctica y Eurecat potenciar\u00e1n el apoyo t\u00e9cnico y tecnol\u00f3gico a las empresas del sector metal de la Catalu\u00f1a Central"},"content":{"rendered":"<p>El <strong>Centro de Formaci\u00f3n Pr\u00e1ctica de la Fundaci\u00f3n\u00a0Lacet\u00e0nia\u00a0(<a href=\"https:\/\/www.cfp.cat\/\" target=\"_blank\" rel=\"noopener\">CFP<\/a>)\u00a0<\/strong>y el centro tecnol\u00f3gico\u00a0<a href=\"https:\/\/eurecat.org\/es\/\" target=\"_blank\" rel=\"noopener\"><strong>Eurecat\u00a0<\/strong><\/a>han firmado hoy una alianza de amplio alcance con el objetivo de aumentar la competitividad de las empresas del <strong>sector metalmec\u00e1nico<\/strong> de la Catalu\u00f1a Central y de todo el territorio catal\u00e1n, con especial atenci\u00f3n a la peque\u00f1a y mediana empresa, ante los importantes retos de futuro que afronta esta actividad industrial.<\/p>\n<p>En este sentido, la suma de capacidades y de recursos de ambas entidades permitir\u00e1 que el sector empresarial pueda acceder a una oferta formativa puntera, as\u00ed como a un amplio espectro de servicios, que van desde la investigaci\u00f3n aplicada y la t\u00e9cnica y la operaci\u00f3n en las instalaciones productivas hasta el apoyo al emprendimiento de nuevos equipos metalmec\u00e1nicos.<\/p>\n<p>Con este objeto, el convenio de colaboraci\u00f3n establece las l\u00edneas de trabajo y un marco de cooperaci\u00f3n estable entre\u00a0CFP, como centro de referencia para profesionales y empresas especializado en t\u00e9cnicas de fabricaci\u00f3n en el sector metalmec\u00e1nico, y\u00a0Eurecat, como referente en tecnolog\u00edas de fabricaci\u00f3n avanzada, combinando conocimientos industriales, digitales y de sostenibilidad.<\/p>\n<p>Han subscrito el protocolo la presidenta de Fundaci\u00f3n\u00a0Lacet\u00e0nia, S\u00edlvia\u00a0Gratac\u00f2s, y el presidente de\u00a0Eurecat, Xavier Torra, en un acto que ha contado con la intervenci\u00f3n del alcalde de Manresa, Marc\u00a0Aloy.<\/p>\n<p>En el acto, Marc\u00a0Aloy\u00a0se ha felicitado de la firma del acuerdo, que \u201cpermitir\u00e1 sumar la amplia experiencia y conocimientos de dos instituciones de relieve, como son\u00a0Eurecat\u00a0y\u00a0CFP, para sacar un proyecto absolutamente en l\u00ednea con los retos que tenemos como territorio y como pa\u00eds: situarnos en una posici\u00f3n puntera en el \u00e1mbito de la digitalizaci\u00f3n y de la industria 4.0. Nuestro territorio ya hace tiempo que trabaja en estos campos, y con\u00a0METALLCAT\u00a0se dar\u00e1 un paso m\u00e1s, muy importante y necesario\u201d.<\/p>\n<p>Seg\u00fan destaca la presidenta de Fundaci\u00f3n\u00a0Lacet\u00e0nia, \u201cel sector industrial se encuentra en un momento clave con la irrupci\u00f3n de la industria 4.0 y esta alianza permitir\u00e1 que nuestras empresas tengan acceso a conocimientos y apoyo t\u00e9cnico avanzados que las sit\u00faen al frente de esta nueva revoluci\u00f3n industrial\u201d.<\/p>\n<p>\u201cCon este acuerdo, t\u00e9cnica y tecnolog\u00eda se integran para ponerse a disposici\u00f3n de las empresas del sector en sus procesos de I+D, innovaci\u00f3n y tambi\u00e9n de fabricaci\u00f3n a pie de f\u00e1brica o taller\u201d, recalca el presidente de\u00a0Eurecat.<\/p>\n<p>De acuerdo con el presidente del\u00a0CFP, Joan Ramon\u00a0Perdig\u00f3, \u201ceste acuerdo permitir\u00e1 reforzar y ampliar el papel que tiene el\u00a0CFP\u00a0para las empresas del metal del territorio, y abrirnos tambi\u00e9n m\u00e1s all\u00e1 de la Catalu\u00f1a Central. Somos un centro \u00fanico en Catalu\u00f1a tanto por la l\u00ednea de actuaci\u00f3n como por el hecho de estar impulsado conjuntamente por las propias empresas, con el apoyo de las administraciones y las organizaciones empresariales\u201d.<\/p>\n<p>En palabras del director general Corporativo y de Operaciones de\u00a0Eurecat, Xavier L\u00f3pez, \u201cla alianza entre ambas entidades sumar\u00e1 las capacidades \u00fanicas y singulares del Centro de Formaci\u00f3n Pr\u00e1ctica de la Fundaci\u00f3n\u00a0Lacet\u00e0nia\u00a0y\u00a0Eurecat\u00a0para potenciar la competitividad del sector metal, con el fin de proyectarse y dar servicio no solo en el Bages, sino en todo Catalu\u00f1a\u201d.<\/p>\n<p>El Centro de Formaci\u00f3n Pr\u00e1ctica de la Fundaci\u00f3n\u00a0Lacet\u00e0nia\u00a0y el centro tecnol\u00f3gico\u00a0Eurecat\u00a0colaborar\u00e1n en la explotaci\u00f3n de sus infraestructuras a nivel de talleres y laboratorios y en proyectos de fabricaci\u00f3n avanzada, en \u00e1mbitos como la industria 4.0, la producci\u00f3n sostenible o la digitalizaci\u00f3n. Esta alianza impulsar\u00e1 una oferta altamente avanzada en campos vinculados al dise\u00f1o, la mecanizaci\u00f3n, el plegado de chapa, el\u00a0prototipaje, el mantenimiento industrial o la metrolog\u00eda, entre otros, mediante diferentes servicios, niveles, formatos y ciclos formativos para el sector.<\/p>\n<h2>Primer ciclo formativo de materiales avanzados dirigido a formar nuevos profesionales en este campo estrat\u00e9gico<\/h2>\n<p>En este sentido, el Centro de Formaci\u00f3n Pr\u00e1ctica de la Fundaci\u00f3n\u00a0Lacet\u00e0nia\u00a0y\u00a0Eurecat\u00a0Academy, la marca de formaci\u00f3n de alta especializaci\u00f3n de\u00a0Eurecat, impulsan su primer ciclo formativo de materiales avanzados dirigido a formar nuevos profesionales en este campo estrat\u00e9gico, con un esp\u00edritu altamente aplicado. El ciclo ofrece ocho formaciones de alta especializaci\u00f3n en materias que incluyen los materiales\u00a0biopl\u00e1sticos, el aluminio, los materiales compuestos y los aceros, adem\u00e1s de dos formaciones de car\u00e1cter m\u00e1s t\u00e9cnico que permitir\u00e1n a los alumnos conocer el comportamiento mec\u00e1nico de los aceros de alta resistencia y un seminario de tenacidad a la chapa met\u00e1lica.<\/p>\n<p>El protocolo de colaboraci\u00f3n establece el desarrollo de acciones conjuntas en materia de fabricaci\u00f3n avanzada sostenible y la digitalizaci\u00f3n, con especial atenci\u00f3n a la formaci\u00f3n de j\u00f3venes y de mujeres, para dar respuesta a la demanda de talento en este \u00e1mbito, en colaboraci\u00f3n con el sector empresarial y la Administraci\u00f3n p\u00fablica.<\/p>\n<h3>Avanzar hacia una oferta conjunta diferencial<\/h3>\n<p>El acuerdo de colaboraci\u00f3n estipula tambi\u00e9n las bases para una mayor integraci\u00f3n futura de las actividades de\u00a0Eurecat\u00a0y del Centro de Formaci\u00f3n Pr\u00e1ctica, inicialmente de car\u00e1cter m\u00e1s funcional, para conformar una oferta conjunta diferencial que pueda ser cada vez m\u00e1s atractiva para las empresas.<\/p>\n<p>En este sentido, el protocolo identifica diferentes \u00e1mbitos de actuaci\u00f3n colaborativos entre\u00a0Eurecat\u00a0y el Centro de Formaci\u00f3n Pr\u00e1ctica, como es el caso de servicios de apoyo para la mecanizaci\u00f3n de piezas,\u00a0prototipaje\u00a0y utillajes. Tambi\u00e9n se\u00f1ala las bases para que ambas organizaciones puedan ofrecer una oferta formativa contin\u00faa integrada especializada, dirigida a las empresas y a otros agentes de la Catalu\u00f1a Central y otros territorios, sumando capacidades profesionales, t\u00e9cnicas y tecnol\u00f3gicas, organizativas, de gesti\u00f3n y de infraestructuras.<\/p>\n<p>La iniciativa cuenta con el apoyo de entidades e instituciones de referencia en la Catalu\u00f1a Central, como son la C\u00e1mara de Comercio de Manresa, el Ayuntamiento de Manresa, el Consejo Comarcal del Bages, la Patronal Metal\u00fargica de la Catalu\u00f1a Central y PIMEC, todas ellas con una estrecha vinculaci\u00f3n con\u00a0CFP\u00a0y\u00a0Eurecat, a trav\u00e9s de su Patronato y de la Comisi\u00f3n Territorial de Manresa, respectivamente.<\/p>\n","protected":false},"excerpt":{"rendered":"<p>El Centro de Formaci\u00f3n Pr\u00e1ctica de la Fundaci\u00f3n\u00a0Lacet\u00e0nia\u00a0(CFP)\u00a0y el centro tecnol\u00f3gico\u00a0Eurecat\u00a0han firmado hoy una alianza de amplio alcance con el objetivo de aumentar la competitividad de las empresas del sector metalmec\u00e1nico de la Catalu\u00f1a Central y de todo el territorio catal\u00e1n, con especial atenci\u00f3n a la peque\u00f1a y mediana empresa, ante los importantes retos de  [&#8230;]<\/p>\n","protected":false},"author":27,"featured_media":114697,"comment_status":"open","ping_status":"closed","sticky":false,"template":"","format":"standard","meta":{"footnotes":""},"categories":[682,134],"tags":[],"class_list":["post-114701","post","type-post","status-publish","format-standard","has-post-thumbnail","hentry","category-corporatiu-es","category-notas-de-prensa"],"yoast_head":"<!-- This site is optimized with the Yoast SEO plugin v27.4 - https:\/\/yoast.com\/product\/yoast-seo-wordpress\/ -->\n<title>El Centro de Formaci\u00f3n Pr\u00e1ctica y Eurecat potenciar\u00e1n el apoyo t\u00e9cnico y tecnol\u00f3gico a las empresas del sector metal de la Catalu\u00f1a Central - Eurecat<\/title>\n<meta name=\"description\" content=\"El Centro de Formaci\u00f3n Pr\u00e1ctica y Eurecat potenciar\u00e1n el apoyo t\u00e9cnico y tecnol\u00f3gico a las empresas del sector metal de la Catalu\u00f1a Central\" \/>\n<meta name=\"robots\" content=\"index, follow, max-snippet:-1, max-image-preview:large, max-video-preview:-1\" \/>\n<link rel=\"canonical\" href=\"https:\/\/eurecat.org\/es\/centro-de-formacion-practica-eurecat\/\" \/>\n<meta property=\"og:locale\" content=\"es_ES\" \/>\n<meta property=\"og:type\" content=\"article\" \/>\n<meta property=\"og:title\" content=\"El Centro de Formaci\u00f3n Pr\u00e1ctica y Eurecat potenciar\u00e1n el apoyo t\u00e9cnico y tecnol\u00f3gico a las empresas del sector metal de la Catalu\u00f1a Central - Eurecat\" \/>\n<meta property=\"og:description\" content=\"El Centro de Formaci\u00f3n Pr\u00e1ctica y Eurecat potenciar\u00e1n el apoyo t\u00e9cnico y tecnol\u00f3gico a las empresas del sector metal de la Catalu\u00f1a Central\" \/>\n<meta property=\"og:url\" content=\"https:\/\/eurecat.org\/es\/centro-de-formacion-practica-eurecat\/\" \/>\n<meta property=\"og:site_name\" content=\"Eurecat\" \/>\n<meta property=\"article:published_time\" content=\"2021-05-20T13:31:06+00:00\" \/>\n<meta property=\"article:modified_time\" content=\"2021-05-20T13:32:28+00:00\" \/>\n<meta property=\"og:image\" content=\"https:\/\/eurecat.org\/wp-content\/uploads\/2021\/05\/Conveni_Eurecat_CFP_930x515px.jpg\" \/>\n\t<meta property=\"og:image:width\" content=\"930\" \/>\n\t<meta property=\"og:image:height\" content=\"515\" \/>\n\t<meta property=\"og:image:type\" content=\"image\/jpeg\" \/>\n<meta name=\"author\" content=\"eurecatNG\" \/>\n<meta name=\"twitter:card\" content=\"summary_large_image\" \/>\n<meta name=\"twitter:label1\" content=\"Escrito por\" \/>\n\t<meta name=\"twitter:data1\" content=\"eurecatNG\" \/>\n\t<meta name=\"twitter:label2\" content=\"Tiempo de lectura\" \/>\n\t<meta name=\"twitter:data2\" content=\"5 minutos\" \/>\n<script type=\"application\/ld+json\" class=\"yoast-schema-graph\">{\"@context\":\"https:\\\/\\\/schema.org\",\"@graph\":[{\"@type\":\"Article\",\"@id\":\"https:\\\/\\\/eurecat.org\\\/es\\\/centro-de-formacion-practica-eurecat\\\/#article\",\"isPartOf\":{\"@id\":\"https:\\\/\\\/eurecat.org\\\/es\\\/centro-de-formacion-practica-eurecat\\\/\"},\"author\":{\"name\":\"eurecatNG\",\"@id\":\"https:\\\/\\\/eurecat.org\\\/es\\\/#\\\/schema\\\/person\\\/8342992d6929ad043b305d3cac68b3f4\"},\"headline\":\"El Centro de Formaci\u00f3n Pr\u00e1ctica y Eurecat potenciar\u00e1n el apoyo t\u00e9cnico y tecnol\u00f3gico a las empresas del sector metal de la Catalu\u00f1a Central\",\"datePublished\":\"2021-05-20T13:31:06+00:00\",\"dateModified\":\"2021-05-20T13:32:28+00:00\",\"mainEntityOfPage\":{\"@id\":\"https:\\\/\\\/eurecat.org\\\/es\\\/centro-de-formacion-practica-eurecat\\\/\"},\"wordCount\":1109,\"commentCount\":0,\"image\":{\"@id\":\"https:\\\/\\\/eurecat.org\\\/es\\\/centro-de-formacion-practica-eurecat\\\/#primaryimage\"},\"thumbnailUrl\":\"https:\\\/\\\/eurecat.org\\\/wp-content\\\/uploads\\\/2021\\\/05\\\/Conveni_Eurecat_CFP_930x515px.jpg\",\"articleSection\":[\"Corporativo\",\"Notas de prensa\"],\"inLanguage\":\"es\",\"potentialAction\":[{\"@type\":\"CommentAction\",\"name\":\"Comment\",\"target\":[\"https:\\\/\\\/eurecat.org\\\/es\\\/centro-de-formacion-practica-eurecat\\\/#respond\"]}]},{\"@type\":\"WebPage\",\"@id\":\"https:\\\/\\\/eurecat.org\\\/es\\\/centro-de-formacion-practica-eurecat\\\/\",\"url\":\"https:\\\/\\\/eurecat.org\\\/es\\\/centro-de-formacion-practica-eurecat\\\/\",\"name\":\"El Centro de Formaci\u00f3n Pr\u00e1ctica y Eurecat potenciar\u00e1n el apoyo t\u00e9cnico y tecnol\u00f3gico a las empresas del sector metal de la Catalu\u00f1a Central - Eurecat\",\"isPartOf\":{\"@id\":\"https:\\\/\\\/eurecat.org\\\/es\\\/#website\"},\"primaryImageOfPage\":{\"@id\":\"https:\\\/\\\/eurecat.org\\\/es\\\/centro-de-formacion-practica-eurecat\\\/#primaryimage\"},\"image\":{\"@id\":\"https:\\\/\\\/eurecat.org\\\/es\\\/centro-de-formacion-practica-eurecat\\\/#primaryimage\"},\"thumbnailUrl\":\"https:\\\/\\\/eurecat.org\\\/wp-content\\\/uploads\\\/2021\\\/05\\\/Conveni_Eurecat_CFP_930x515px.jpg\",\"datePublished\":\"2021-05-20T13:31:06+00:00\",\"dateModified\":\"2021-05-20T13:32:28+00:00\",\"author\":{\"@id\":\"https:\\\/\\\/eurecat.org\\\/es\\\/#\\\/schema\\\/person\\\/8342992d6929ad043b305d3cac68b3f4\"},\"description\":\"El Centro de Formaci\u00f3n Pr\u00e1ctica y Eurecat potenciar\u00e1n el apoyo t\u00e9cnico y tecnol\u00f3gico a las empresas del sector metal de la Catalu\u00f1a Central\",\"breadcrumb\":{\"@id\":\"https:\\\/\\\/eurecat.org\\\/es\\\/centro-de-formacion-practica-eurecat\\\/#breadcrumb\"},\"inLanguage\":\"es\",\"potentialAction\":[{\"@type\":\"ReadAction\",\"target\":[\"https:\\\/\\\/eurecat.org\\\/es\\\/centro-de-formacion-practica-eurecat\\\/\"]}]},{\"@type\":\"ImageObject\",\"inLanguage\":\"es\",\"@id\":\"https:\\\/\\\/eurecat.org\\\/es\\\/centro-de-formacion-practica-eurecat\\\/#primaryimage\",\"url\":\"https:\\\/\\\/eurecat.org\\\/wp-content\\\/uploads\\\/2021\\\/05\\\/Conveni_Eurecat_CFP_930x515px.jpg\",\"contentUrl\":\"https:\\\/\\\/eurecat.org\\\/wp-content\\\/uploads\\\/2021\\\/05\\\/Conveni_Eurecat_CFP_930x515px.jpg\",\"width\":930,\"height\":515,\"caption\":\"conveni eurecat centre de formaci\u00f3 pr\u00e0ctica\"},{\"@type\":\"BreadcrumbList\",\"@id\":\"https:\\\/\\\/eurecat.org\\\/es\\\/centro-de-formacion-practica-eurecat\\\/#breadcrumb\",\"itemListElement\":[{\"@type\":\"ListItem\",\"position\":1,\"name\":\"Inici\",\"item\":\"https:\\\/\\\/eurecat.org\\\/es\\\/\"},{\"@type\":\"ListItem\",\"position\":2,\"name\":\"El Centro de Formaci\u00f3n Pr\u00e1ctica y Eurecat potenciar\u00e1n el apoyo t\u00e9cnico y tecnol\u00f3gico a las empresas del sector metal de la Catalu\u00f1a Central\"}]},{\"@type\":\"WebSite\",\"@id\":\"https:\\\/\\\/eurecat.org\\\/es\\\/#website\",\"url\":\"https:\\\/\\\/eurecat.org\\\/es\\\/\",\"name\":\"Eurecat\",\"description\":\"Otro sitio realizado con WordPress\",\"potentialAction\":[{\"@type\":\"SearchAction\",\"target\":{\"@type\":\"EntryPoint\",\"urlTemplate\":\"https:\\\/\\\/eurecat.org\\\/es\\\/?s={search_term_string}\"},\"query-input\":{\"@type\":\"PropertyValueSpecification\",\"valueRequired\":true,\"valueName\":\"search_term_string\"}}],\"inLanguage\":\"es\"},{\"@type\":\"Person\",\"@id\":\"https:\\\/\\\/eurecat.org\\\/es\\\/#\\\/schema\\\/person\\\/8342992d6929ad043b305d3cac68b3f4\",\"name\":\"eurecatNG\",\"image\":{\"@type\":\"ImageObject\",\"inLanguage\":\"es\",\"@id\":\"https:\\\/\\\/secure.gravatar.com\\\/avatar\\\/63200cb70ae4f15a0f673050f36df149dba802bea7614e8f838aaccfcf8ea11d?s=96&d=mm&r=g\",\"url\":\"https:\\\/\\\/secure.gravatar.com\\\/avatar\\\/63200cb70ae4f15a0f673050f36df149dba802bea7614e8f838aaccfcf8ea11d?s=96&d=mm&r=g\",\"contentUrl\":\"https:\\\/\\\/secure.gravatar.com\\\/avatar\\\/63200cb70ae4f15a0f673050f36df149dba802bea7614e8f838aaccfcf8ea11d?s=96&d=mm&r=g\",\"caption\":\"eurecatNG\"}}]}<\/script>\n<!-- \/ Yoast SEO plugin. -->","yoast_head_json":{"title":"El Centro de Formaci\u00f3n Pr\u00e1ctica y Eurecat potenciar\u00e1n el apoyo t\u00e9cnico y tecnol\u00f3gico a las empresas del sector metal de la Catalu\u00f1a Central - Eurecat","description":"El Centro de Formaci\u00f3n Pr\u00e1ctica y Eurecat potenciar\u00e1n el apoyo t\u00e9cnico y tecnol\u00f3gico a las empresas del sector metal de la Catalu\u00f1a Central","robots":{"index":"index","follow":"follow","max-snippet":"max-snippet:-1","max-image-preview":"max-image-preview:large","max-video-preview":"max-video-preview:-1"},"canonical":"https:\/\/eurecat.org\/es\/centro-de-formacion-practica-eurecat\/","og_locale":"es_ES","og_type":"article","og_title":"El Centro de Formaci\u00f3n Pr\u00e1ctica y Eurecat potenciar\u00e1n el apoyo t\u00e9cnico y tecnol\u00f3gico a las empresas del sector metal de la Catalu\u00f1a Central - Eurecat","og_description":"El Centro de Formaci\u00f3n Pr\u00e1ctica y Eurecat potenciar\u00e1n el apoyo t\u00e9cnico y tecnol\u00f3gico a las empresas del sector metal de la Catalu\u00f1a Central","og_url":"https:\/\/eurecat.org\/es\/centro-de-formacion-practica-eurecat\/","og_site_name":"Eurecat","article_published_time":"2021-05-20T13:31:06+00:00","article_modified_time":"2021-05-20T13:32:28+00:00","og_image":[{"width":930,"height":515,"url":"https:\/\/eurecat.org\/wp-content\/uploads\/2021\/05\/Conveni_Eurecat_CFP_930x515px.jpg","type":"image\/jpeg"}],"author":"eurecatNG","twitter_card":"summary_large_image","twitter_misc":{"Escrito por":"eurecatNG","Tiempo de lectura":"5 minutos"},"schema":{"@context":"https:\/\/schema.org","@graph":[{"@type":"Article","@id":"https:\/\/eurecat.org\/es\/centro-de-formacion-practica-eurecat\/#article","isPartOf":{"@id":"https:\/\/eurecat.org\/es\/centro-de-formacion-practica-eurecat\/"},"author":{"name":"eurecatNG","@id":"https:\/\/eurecat.org\/es\/#\/schema\/person\/8342992d6929ad043b305d3cac68b3f4"},"headline":"El Centro de Formaci\u00f3n Pr\u00e1ctica y Eurecat potenciar\u00e1n el apoyo t\u00e9cnico y tecnol\u00f3gico a las empresas del sector metal de la Catalu\u00f1a Central","datePublished":"2021-05-20T13:31:06+00:00","dateModified":"2021-05-20T13:32:28+00:00","mainEntityOfPage":{"@id":"https:\/\/eurecat.org\/es\/centro-de-formacion-practica-eurecat\/"},"wordCount":1109,"commentCount":0,"image":{"@id":"https:\/\/eurecat.org\/es\/centro-de-formacion-practica-eurecat\/#primaryimage"},"thumbnailUrl":"https:\/\/eurecat.org\/wp-content\/uploads\/2021\/05\/Conveni_Eurecat_CFP_930x515px.jpg","articleSection":["Corporativo","Notas de prensa"],"inLanguage":"es","potentialAction":[{"@type":"CommentAction","name":"Comment","target":["https:\/\/eurecat.org\/es\/centro-de-formacion-practica-eurecat\/#respond"]}]},{"@type":"WebPage","@id":"https:\/\/eurecat.org\/es\/centro-de-formacion-practica-eurecat\/","url":"https:\/\/eurecat.org\/es\/centro-de-formacion-practica-eurecat\/","name":"El Centro de Formaci\u00f3n Pr\u00e1ctica y Eurecat potenciar\u00e1n el apoyo t\u00e9cnico y tecnol\u00f3gico a las empresas del sector metal de la Catalu\u00f1a Central - Eurecat","isPartOf":{"@id":"https:\/\/eurecat.org\/es\/#website"},"primaryImageOfPage":{"@id":"https:\/\/eurecat.org\/es\/centro-de-formacion-practica-eurecat\/#primaryimage"},"image":{"@id":"https:\/\/eurecat.org\/es\/centro-de-formacion-practica-eurecat\/#primaryimage"},"thumbnailUrl":"https:\/\/eurecat.org\/wp-content\/uploads\/2021\/05\/Conveni_Eurecat_CFP_930x515px.jpg","datePublished":"2021-05-20T13:31:06+00:00","dateModified":"2021-05-20T13:32:28+00:00","author":{"@id":"https:\/\/eurecat.org\/es\/#\/schema\/person\/8342992d6929ad043b305d3cac68b3f4"},"description":"El Centro de Formaci\u00f3n Pr\u00e1ctica y Eurecat potenciar\u00e1n el apoyo t\u00e9cnico y tecnol\u00f3gico a las empresas del sector metal de la Catalu\u00f1a Central","breadcrumb":{"@id":"https:\/\/eurecat.org\/es\/centro-de-formacion-practica-eurecat\/#breadcrumb"},"inLanguage":"es","potentialAction":[{"@type":"ReadAction","target":["https:\/\/eurecat.org\/es\/centro-de-formacion-practica-eurecat\/"]}]},{"@type":"ImageObject","inLanguage":"es","@id":"https:\/\/eurecat.org\/es\/centro-de-formacion-practica-eurecat\/#primaryimage","url":"https:\/\/eurecat.org\/wp-content\/uploads\/2021\/05\/Conveni_Eurecat_CFP_930x515px.jpg","contentUrl":"https:\/\/eurecat.org\/wp-content\/uploads\/2021\/05\/Conveni_Eurecat_CFP_930x515px.jpg","width":930,"height":515,"caption":"conveni eurecat centre de formaci\u00f3 pr\u00e0ctica"},{"@type":"BreadcrumbList","@id":"https:\/\/eurecat.org\/es\/centro-de-formacion-practica-eurecat\/#breadcrumb","itemListElement":[{"@type":"ListItem","position":1,"name":"Inici","item":"https:\/\/eurecat.org\/es\/"},{"@type":"ListItem","position":2,"name":"El Centro de Formaci\u00f3n Pr\u00e1ctica y Eurecat potenciar\u00e1n el apoyo t\u00e9cnico y tecnol\u00f3gico a las empresas del sector metal de la Catalu\u00f1a Central"}]},{"@type":"WebSite","@id":"https:\/\/eurecat.org\/es\/#website","url":"https:\/\/eurecat.org\/es\/","name":"Eurecat","description":"Otro sitio realizado con WordPress","potentialAction":[{"@type":"SearchAction","target":{"@type":"EntryPoint","urlTemplate":"https:\/\/eurecat.org\/es\/?s={search_term_string}"},"query-input":{"@type":"PropertyValueSpecification","valueRequired":true,"valueName":"search_term_string"}}],"inLanguage":"es"},{"@type":"Person","@id":"https:\/\/eurecat.org\/es\/#\/schema\/person\/8342992d6929ad043b305d3cac68b3f4","name":"eurecatNG","image":{"@type":"ImageObject","inLanguage":"es","@id":"https:\/\/secure.gravatar.com\/avatar\/63200cb70ae4f15a0f673050f36df149dba802bea7614e8f838aaccfcf8ea11d?s=96&d=mm&r=g","url":"https:\/\/secure.gravatar.com\/avatar\/63200cb70ae4f15a0f673050f36df149dba802bea7614e8f838aaccfcf8ea11d?s=96&d=mm&r=g","contentUrl":"https:\/\/secure.gravatar.com\/avatar\/63200cb70ae4f15a0f673050f36df149dba802bea7614e8f838aaccfcf8ea11d?s=96&d=mm&r=g","caption":"eurecatNG"}}]}},"_links":{"self":[{"href":"https:\/\/eurecat.org\/es\/wp-json\/wp\/v2\/posts\/114701","targetHints":{"allow":["GET"]}}],"collection":[{"href":"https:\/\/eurecat.org\/es\/wp-json\/wp\/v2\/posts"}],"about":[{"href":"https:\/\/eurecat.org\/es\/wp-json\/wp\/v2\/types\/post"}],"author":[{"embeddable":true,"href":"https:\/\/eurecat.org\/es\/wp-json\/wp\/v2\/users\/27"}],"replies":[{"embeddable":true,"href":"https:\/\/eurecat.org\/es\/wp-json\/wp\/v2\/comments?post=114701"}],"version-history":[{"count":0,"href":"https:\/\/eurecat.org\/es\/wp-json\/wp\/v2\/posts\/114701\/revisions"}],"wp:featuredmedia":[{"embeddable":true,"href":"https:\/\/eurecat.org\/es\/wp-json\/wp\/v2\/media\/114697"}],"wp:attachment":[{"href":"https:\/\/eurecat.org\/es\/wp-json\/wp\/v2\/media?parent=114701"}],"wp:term":[{"taxonomy":"category","embeddable":true,"href":"https:\/\/eurecat.org\/es\/wp-json\/wp\/v2\/categories?post=114701"},{"taxonomy":"post_tag","embeddable":true,"href":"https:\/\/eurecat.org\/es\/wp-json\/wp\/v2\/tags?post=114701"}],"curies":[{"name":"wp","href":"https:\/\/api.w.org\/{rel}","templated":true}]}}