{"id":114898,"date":"2021-05-27T09:21:04","date_gmt":"2021-05-27T08:21:04","guid":{"rendered":"https:\/\/eurecat.org\/?p=114898"},"modified":"2021-05-27T09:58:39","modified_gmt":"2021-05-27T08:58:39","slug":"editorial_alianzas-para-compartir-innovacion-y-crecer","status":"publish","type":"post","link":"https:\/\/eurecat.org\/es\/editorial_alianzas-para-compartir-innovacion-y-crecer\/","title":{"rendered":"Alianzas para compartir innovaci\u00f3n y crecer"},"content":{"rendered":"<p><strong><img decoding=\"async\" class=\"wp-image-113831 size-medium alignleft\" src=\"https:\/\/eurecat.org\/wp-content\/uploads\/2021\/04\/XAVIER-TORRA-1200X800-1-300x200.jpg\" alt=\"\" width=\"300\" height=\"200\" srcset=\"https:\/\/eurecat.org\/wp-content\/uploads\/2021\/04\/XAVIER-TORRA-1200X800-1-200x133.jpg 200w, https:\/\/eurecat.org\/wp-content\/uploads\/2021\/04\/XAVIER-TORRA-1200X800-1-300x200.jpg 300w, https:\/\/eurecat.org\/wp-content\/uploads\/2021\/04\/XAVIER-TORRA-1200X800-1-391x260.jpg 391w, https:\/\/eurecat.org\/wp-content\/uploads\/2021\/04\/XAVIER-TORRA-1200X800-1-400x267.jpg 400w, https:\/\/eurecat.org\/wp-content\/uploads\/2021\/04\/XAVIER-TORRA-1200X800-1-600x400.jpg 600w, https:\/\/eurecat.org\/wp-content\/uploads\/2021\/04\/XAVIER-TORRA-1200X800-1-768x512.jpg 768w, https:\/\/eurecat.org\/wp-content\/uploads\/2021\/04\/XAVIER-TORRA-1200X800-1-800x533.jpg 800w, https:\/\/eurecat.org\/wp-content\/uploads\/2021\/04\/XAVIER-TORRA-1200X800-1-1160x773.jpg 1160w, https:\/\/eurecat.org\/wp-content\/uploads\/2021\/04\/XAVIER-TORRA-1200X800-1.jpg 1200w\" sizes=\"(max-width: 300px) 100vw, 300px\" \/><\/strong><\/p>\n<p>Explorar nuevos \u00e1ngulos y perspectivas para poder <strong>aportar ideas y soluciones de impacto y verdaderamente \u00fatiles a las empresas<\/strong> frente a los nuevos desaf\u00edos que tenemos desde el punto de vista econ\u00f3mico y empresarial y tambi\u00e9n como sociedad. Este enfoque es uno de los pilares de nuestra actividad como centro tecnol\u00f3gico y de las <strong>alianzas estrat\u00e9gicas que estamos construyendo para sumar potencia a esta recuperaci\u00f3n que todos queremos<\/strong>.<\/p>\n<p>Esta aproximaci\u00f3n est\u00e1 presente en algunos de los v\u00ednculos m\u00e1s recientes que hemos establecido, como es el acuerdo que hemos firmado con el <strong>Royal Melbourne Institute of Technology (RMIT) Europe<\/strong>, para incrementar la innovaci\u00f3n tecnol\u00f3gica en las pymes y grandes empresas en Catalu\u00f1a y Victoria (Australia). Tambi\u00e9n hemos logrado una colaboraci\u00f3n muy importante con <strong>AMEC<\/strong> para promover la innovaci\u00f3n en las empresas industriales, un factor clave para su competitividad.<\/p>\n<p>Este mes de mayo tambi\u00e9n hemos formalizado la alianza de conocimiento, ciencia y tecnolog\u00eda del <strong>Valle del Hidr\u00f3geno de Catalu\u00f1a<\/strong>, junto con la <strong>Universidad Rovira i Virgili (URV)<\/strong>, el <strong>Instituto Catal\u00e1n de Investigaci\u00f3n Qu\u00edmica (ICIQ)<\/strong>, el <strong>Instituto de investigaci\u00f3n en Energ\u00eda de Catalu\u00f1a (IREC)<\/strong>, n\u00facleo de investigaci\u00f3n e innovaci\u00f3n de esta iniciativa estrat\u00e9gica ante la emergencia clim\u00e1tica.<\/p>\n<p>En paralelo, hemos iniciado una colaboraci\u00f3n de amplio alcance con el <strong>Centro de Formaci\u00f3n Pr\u00e1ctica de la Fundaci\u00f3n Lacet\u00e0nia (CFP)<\/strong>, a fin de aumentar la competitividad de las empresas del sector metal-mec\u00e1nico de la Catalu\u00f1a Central y todo el territorio catal\u00e1n. Y estamos, adem\u00e1s, estrechamente implicados en el desarrollo de diferentes proyectos de especializaci\u00f3n y competitividad territorial (PECT), con objetivos que abarcan desde la configuraci\u00f3n de un ecosistema sostenible de investigaci\u00f3n e innovaci\u00f3n hasta la mejora de la seguridad vial o el impulso de la salud digital.<\/p>\n<p>En encontrar\u00e1 todos los detalles en este newsletter, donde os hablamos tambi\u00e9n de <strong>Reimagine Textile<\/strong>, el programa de innovaci\u00f3n empresarial dirigido al sector del textil que impulsamos junto con el <strong>Ayuntamiento de Matar\u00f3<\/strong> y el <strong>TecnoCampus<\/strong>, donde acabamos de poner a disposici\u00f3n de emprendedores, startups y empresas unas nuevas instalaciones de <strong>incubaci\u00f3n y un Laboratorio de Fabricaci\u00f3n y Prototipado Textil (Fablabs)<\/strong>, para la generaci\u00f3n de nuevas empresas y test de nuevos modelos de negocio y de productos innovadores.<\/p>\n<p>Desde Eurecat, estamos convencidos de que <strong>esta l\u00ednea de sumar capacidades, recursos e inspiraci\u00f3n es una gran manera de acelerar la reactivaci\u00f3n<\/strong>, dado que nos permitir\u00e1 innovar y competir mejor en un nuevo mundo que nos exige agilidad, determinaci\u00f3n y una visi\u00f3n amplia y ambiciosa para acertar.<\/p>\n<p><strong>Xavier Torra<br \/>\n<\/strong><strong>Presidente de Eurecat<\/strong><\/p>\n","protected":false},"excerpt":{"rendered":"<p>Explorar nuevos \u00e1ngulos y perspectivas para poder aportar ideas y soluciones de impacto y verdaderamente \u00fatiles a las empresas frente a los nuevos desaf\u00edos que tenemos desde el punto de vista econ\u00f3mico y empresarial y tambi\u00e9n como sociedad. Este enfoque es uno de los pilares de nuestra actividad como centro tecnol\u00f3gico y de las alianzas  [&#8230;]<\/p>\n","protected":false},"author":20,"featured_media":113814,"comment_status":"closed","ping_status":"closed","sticky":false,"template":"","format":"standard","meta":{"footnotes":""},"categories":[133,2217],"tags":[],"class_list":["post-114898","post","type-post","status-publish","format-standard","has-post-thumbnail","hentry","category-blog","category-editorial"],"yoast_head":"<!-- This site is optimized with the Yoast SEO plugin v27.5 - https:\/\/yoast.com\/product\/yoast-seo-wordpress\/ -->\n<title>Alianzas para compartir innovaci\u00f3n y crecer - Eurecat<\/title>\n<meta name=\"description\" content=\"Explorar nuevos \u00e1ngulos y perspectivas para poder aportar ideas y soluciones de impacto y verdaderamente \u00fatiles a las empresas frente a los nuevos desaf\u00edos que tenemos desde el punto de vista econ\u00f3mico y empresarial y tambi\u00e9n como sociedad.\" \/>\n<meta name=\"robots\" content=\"index, follow, max-snippet:-1, max-image-preview:large, max-video-preview:-1\" \/>\n<link rel=\"canonical\" href=\"https:\/\/eurecat.org\/es\/editorial_alianzas-para-compartir-innovacion-y-crecer\/\" \/>\n<meta property=\"og:locale\" content=\"es_ES\" \/>\n<meta property=\"og:type\" content=\"article\" \/>\n<meta property=\"og:title\" content=\"Alianzas para compartir innovaci\u00f3n y crecer - Eurecat\" \/>\n<meta property=\"og:description\" content=\"Explorar nuevos \u00e1ngulos y perspectivas para poder aportar ideas y soluciones de impacto y verdaderamente \u00fatiles a las empresas frente a los nuevos desaf\u00edos que tenemos desde el punto de vista econ\u00f3mico y empresarial y tambi\u00e9n como sociedad.\" \/>\n<meta property=\"og:url\" content=\"https:\/\/eurecat.org\/es\/editorial_alianzas-para-compartir-innovacion-y-crecer\/\" \/>\n<meta property=\"og:site_name\" content=\"Eurecat\" \/>\n<meta property=\"article:published_time\" content=\"2021-05-27T08:21:04+00:00\" \/>\n<meta property=\"article:modified_time\" content=\"2021-05-27T08:58:39+00:00\" \/>\n<meta property=\"og:image\" content=\"https:\/\/eurecat.org\/wp-content\/uploads\/2021\/04\/XAVIER-TORRA-1200X800.jpg\" \/>\n\t<meta property=\"og:image:width\" content=\"1200\" \/>\n\t<meta property=\"og:image:height\" content=\"800\" \/>\n\t<meta property=\"og:image:type\" content=\"image\/jpeg\" \/>\n<meta name=\"author\" content=\"EurecatEQZ\" \/>\n<meta name=\"twitter:card\" content=\"summary_large_image\" \/>\n<meta name=\"twitter:label1\" content=\"Escrito por\" \/>\n\t<meta name=\"twitter:data1\" content=\"EurecatEQZ\" \/>\n\t<meta name=\"twitter:label2\" content=\"Tiempo de lectura\" \/>\n\t<meta name=\"twitter:data2\" content=\"3 minutos\" \/>\n<script type=\"application\/ld+json\" class=\"yoast-schema-graph\">{\"@context\":\"https:\\\/\\\/schema.org\",\"@graph\":[{\"@type\":\"Article\",\"@id\":\"https:\\\/\\\/eurecat.org\\\/es\\\/editorial_alianzas-para-compartir-innovacion-y-crecer\\\/#article\",\"isPartOf\":{\"@id\":\"https:\\\/\\\/eurecat.org\\\/es\\\/editorial_alianzas-para-compartir-innovacion-y-crecer\\\/\"},\"author\":{\"name\":\"EurecatEQZ\",\"@id\":\"https:\\\/\\\/eurecat.org\\\/es\\\/#\\\/schema\\\/person\\\/99d4d39712001e7621b6867b27b40bed\"},\"headline\":\"Alianzas para compartir innovaci\u00f3n y crecer\",\"datePublished\":\"2021-05-27T08:21:04+00:00\",\"dateModified\":\"2021-05-27T08:58:39+00:00\",\"mainEntityOfPage\":{\"@id\":\"https:\\\/\\\/eurecat.org\\\/es\\\/editorial_alianzas-para-compartir-innovacion-y-crecer\\\/\"},\"wordCount\":472,\"image\":{\"@id\":\"https:\\\/\\\/eurecat.org\\\/es\\\/editorial_alianzas-para-compartir-innovacion-y-crecer\\\/#primaryimage\"},\"thumbnailUrl\":\"https:\\\/\\\/eurecat.org\\\/wp-content\\\/uploads\\\/2021\\\/04\\\/XAVIER-TORRA-1200X800.jpg\",\"articleSection\":[\"Blog\",\"Editorial\"],\"inLanguage\":\"es\"},{\"@type\":\"WebPage\",\"@id\":\"https:\\\/\\\/eurecat.org\\\/es\\\/editorial_alianzas-para-compartir-innovacion-y-crecer\\\/\",\"url\":\"https:\\\/\\\/eurecat.org\\\/es\\\/editorial_alianzas-para-compartir-innovacion-y-crecer\\\/\",\"name\":\"Alianzas para compartir innovaci\u00f3n y crecer - Eurecat\",\"isPartOf\":{\"@id\":\"https:\\\/\\\/eurecat.org\\\/es\\\/#website\"},\"primaryImageOfPage\":{\"@id\":\"https:\\\/\\\/eurecat.org\\\/es\\\/editorial_alianzas-para-compartir-innovacion-y-crecer\\\/#primaryimage\"},\"image\":{\"@id\":\"https:\\\/\\\/eurecat.org\\\/es\\\/editorial_alianzas-para-compartir-innovacion-y-crecer\\\/#primaryimage\"},\"thumbnailUrl\":\"https:\\\/\\\/eurecat.org\\\/wp-content\\\/uploads\\\/2021\\\/04\\\/XAVIER-TORRA-1200X800.jpg\",\"datePublished\":\"2021-05-27T08:21:04+00:00\",\"dateModified\":\"2021-05-27T08:58:39+00:00\",\"author\":{\"@id\":\"https:\\\/\\\/eurecat.org\\\/es\\\/#\\\/schema\\\/person\\\/99d4d39712001e7621b6867b27b40bed\"},\"description\":\"Explorar nuevos \u00e1ngulos y perspectivas para poder aportar ideas y soluciones de impacto y verdaderamente \u00fatiles a las empresas frente a los nuevos desaf\u00edos que tenemos desde el punto de vista econ\u00f3mico y empresarial y tambi\u00e9n como sociedad.\",\"breadcrumb\":{\"@id\":\"https:\\\/\\\/eurecat.org\\\/es\\\/editorial_alianzas-para-compartir-innovacion-y-crecer\\\/#breadcrumb\"},\"inLanguage\":\"es\",\"potentialAction\":[{\"@type\":\"ReadAction\",\"target\":[\"https:\\\/\\\/eurecat.org\\\/es\\\/editorial_alianzas-para-compartir-innovacion-y-crecer\\\/\"]}]},{\"@type\":\"ImageObject\",\"inLanguage\":\"es\",\"@id\":\"https:\\\/\\\/eurecat.org\\\/es\\\/editorial_alianzas-para-compartir-innovacion-y-crecer\\\/#primaryimage\",\"url\":\"https:\\\/\\\/eurecat.org\\\/wp-content\\\/uploads\\\/2021\\\/04\\\/XAVIER-TORRA-1200X800.jpg\",\"contentUrl\":\"https:\\\/\\\/eurecat.org\\\/wp-content\\\/uploads\\\/2021\\\/04\\\/XAVIER-TORRA-1200X800.jpg\",\"width\":1200,\"height\":800},{\"@type\":\"BreadcrumbList\",\"@id\":\"https:\\\/\\\/eurecat.org\\\/es\\\/editorial_alianzas-para-compartir-innovacion-y-crecer\\\/#breadcrumb\",\"itemListElement\":[{\"@type\":\"ListItem\",\"position\":1,\"name\":\"Inici\",\"item\":\"https:\\\/\\\/eurecat.org\\\/es\\\/\"},{\"@type\":\"ListItem\",\"position\":2,\"name\":\"Alianzas para compartir innovaci\u00f3n y crecer\"}]},{\"@type\":\"WebSite\",\"@id\":\"https:\\\/\\\/eurecat.org\\\/es\\\/#website\",\"url\":\"https:\\\/\\\/eurecat.org\\\/es\\\/\",\"name\":\"Eurecat\",\"description\":\"Otro sitio realizado con WordPress\",\"potentialAction\":[{\"@type\":\"SearchAction\",\"target\":{\"@type\":\"EntryPoint\",\"urlTemplate\":\"https:\\\/\\\/eurecat.org\\\/es\\\/?s={search_term_string}\"},\"query-input\":{\"@type\":\"PropertyValueSpecification\",\"valueRequired\":true,\"valueName\":\"search_term_string\"}}],\"inLanguage\":\"es\"},{\"@type\":\"Person\",\"@id\":\"https:\\\/\\\/eurecat.org\\\/es\\\/#\\\/schema\\\/person\\\/99d4d39712001e7621b6867b27b40bed\",\"name\":\"EurecatEQZ\",\"image\":{\"@type\":\"ImageObject\",\"inLanguage\":\"es\",\"@id\":\"https:\\\/\\\/secure.gravatar.com\\\/avatar\\\/6deb26ca61bcc34263c59cc62bb8b08ff90b67af7f99943babf5d86396845993?s=96&d=mm&r=g\",\"url\":\"https:\\\/\\\/secure.gravatar.com\\\/avatar\\\/6deb26ca61bcc34263c59cc62bb8b08ff90b67af7f99943babf5d86396845993?s=96&d=mm&r=g\",\"contentUrl\":\"https:\\\/\\\/secure.gravatar.com\\\/avatar\\\/6deb26ca61bcc34263c59cc62bb8b08ff90b67af7f99943babf5d86396845993?s=96&d=mm&r=g\",\"caption\":\"EurecatEQZ\"}}]}<\/script>\n<!-- \/ Yoast SEO plugin. -->","yoast_head_json":{"title":"Alianzas para compartir innovaci\u00f3n y crecer - Eurecat","description":"Explorar nuevos \u00e1ngulos y perspectivas para poder aportar ideas y soluciones de impacto y verdaderamente \u00fatiles a las empresas frente a los nuevos desaf\u00edos que tenemos desde el punto de vista econ\u00f3mico y empresarial y tambi\u00e9n como sociedad.","robots":{"index":"index","follow":"follow","max-snippet":"max-snippet:-1","max-image-preview":"max-image-preview:large","max-video-preview":"max-video-preview:-1"},"canonical":"https:\/\/eurecat.org\/es\/editorial_alianzas-para-compartir-innovacion-y-crecer\/","og_locale":"es_ES","og_type":"article","og_title":"Alianzas para compartir innovaci\u00f3n y crecer - Eurecat","og_description":"Explorar nuevos \u00e1ngulos y perspectivas para poder aportar ideas y soluciones de impacto y verdaderamente \u00fatiles a las empresas frente a los nuevos desaf\u00edos que tenemos desde el punto de vista econ\u00f3mico y empresarial y tambi\u00e9n como sociedad.","og_url":"https:\/\/eurecat.org\/es\/editorial_alianzas-para-compartir-innovacion-y-crecer\/","og_site_name":"Eurecat","article_published_time":"2021-05-27T08:21:04+00:00","article_modified_time":"2021-05-27T08:58:39+00:00","og_image":[{"width":1200,"height":800,"url":"https:\/\/eurecat.org\/wp-content\/uploads\/2021\/04\/XAVIER-TORRA-1200X800.jpg","type":"image\/jpeg"}],"author":"EurecatEQZ","twitter_card":"summary_large_image","twitter_misc":{"Escrito por":"EurecatEQZ","Tiempo de lectura":"3 minutos"},"schema":{"@context":"https:\/\/schema.org","@graph":[{"@type":"Article","@id":"https:\/\/eurecat.org\/es\/editorial_alianzas-para-compartir-innovacion-y-crecer\/#article","isPartOf":{"@id":"https:\/\/eurecat.org\/es\/editorial_alianzas-para-compartir-innovacion-y-crecer\/"},"author":{"name":"EurecatEQZ","@id":"https:\/\/eurecat.org\/es\/#\/schema\/person\/99d4d39712001e7621b6867b27b40bed"},"headline":"Alianzas para compartir innovaci\u00f3n y crecer","datePublished":"2021-05-27T08:21:04+00:00","dateModified":"2021-05-27T08:58:39+00:00","mainEntityOfPage":{"@id":"https:\/\/eurecat.org\/es\/editorial_alianzas-para-compartir-innovacion-y-crecer\/"},"wordCount":472,"image":{"@id":"https:\/\/eurecat.org\/es\/editorial_alianzas-para-compartir-innovacion-y-crecer\/#primaryimage"},"thumbnailUrl":"https:\/\/eurecat.org\/wp-content\/uploads\/2021\/04\/XAVIER-TORRA-1200X800.jpg","articleSection":["Blog","Editorial"],"inLanguage":"es"},{"@type":"WebPage","@id":"https:\/\/eurecat.org\/es\/editorial_alianzas-para-compartir-innovacion-y-crecer\/","url":"https:\/\/eurecat.org\/es\/editorial_alianzas-para-compartir-innovacion-y-crecer\/","name":"Alianzas para compartir innovaci\u00f3n y crecer - Eurecat","isPartOf":{"@id":"https:\/\/eurecat.org\/es\/#website"},"primaryImageOfPage":{"@id":"https:\/\/eurecat.org\/es\/editorial_alianzas-para-compartir-innovacion-y-crecer\/#primaryimage"},"image":{"@id":"https:\/\/eurecat.org\/es\/editorial_alianzas-para-compartir-innovacion-y-crecer\/#primaryimage"},"thumbnailUrl":"https:\/\/eurecat.org\/wp-content\/uploads\/2021\/04\/XAVIER-TORRA-1200X800.jpg","datePublished":"2021-05-27T08:21:04+00:00","dateModified":"2021-05-27T08:58:39+00:00","author":{"@id":"https:\/\/eurecat.org\/es\/#\/schema\/person\/99d4d39712001e7621b6867b27b40bed"},"description":"Explorar nuevos \u00e1ngulos y perspectivas para poder aportar ideas y soluciones de impacto y verdaderamente \u00fatiles a las empresas frente a los nuevos desaf\u00edos que tenemos desde el punto de vista econ\u00f3mico y empresarial y tambi\u00e9n como sociedad.","breadcrumb":{"@id":"https:\/\/eurecat.org\/es\/editorial_alianzas-para-compartir-innovacion-y-crecer\/#breadcrumb"},"inLanguage":"es","potentialAction":[{"@type":"ReadAction","target":["https:\/\/eurecat.org\/es\/editorial_alianzas-para-compartir-innovacion-y-crecer\/"]}]},{"@type":"ImageObject","inLanguage":"es","@id":"https:\/\/eurecat.org\/es\/editorial_alianzas-para-compartir-innovacion-y-crecer\/#primaryimage","url":"https:\/\/eurecat.org\/wp-content\/uploads\/2021\/04\/XAVIER-TORRA-1200X800.jpg","contentUrl":"https:\/\/eurecat.org\/wp-content\/uploads\/2021\/04\/XAVIER-TORRA-1200X800.jpg","width":1200,"height":800},{"@type":"BreadcrumbList","@id":"https:\/\/eurecat.org\/es\/editorial_alianzas-para-compartir-innovacion-y-crecer\/#breadcrumb","itemListElement":[{"@type":"ListItem","position":1,"name":"Inici","item":"https:\/\/eurecat.org\/es\/"},{"@type":"ListItem","position":2,"name":"Alianzas para compartir innovaci\u00f3n y crecer"}]},{"@type":"WebSite","@id":"https:\/\/eurecat.org\/es\/#website","url":"https:\/\/eurecat.org\/es\/","name":"Eurecat","description":"Otro sitio realizado con WordPress","potentialAction":[{"@type":"SearchAction","target":{"@type":"EntryPoint","urlTemplate":"https:\/\/eurecat.org\/es\/?s={search_term_string}"},"query-input":{"@type":"PropertyValueSpecification","valueRequired":true,"valueName":"search_term_string"}}],"inLanguage":"es"},{"@type":"Person","@id":"https:\/\/eurecat.org\/es\/#\/schema\/person\/99d4d39712001e7621b6867b27b40bed","name":"EurecatEQZ","image":{"@type":"ImageObject","inLanguage":"es","@id":"https:\/\/secure.gravatar.com\/avatar\/6deb26ca61bcc34263c59cc62bb8b08ff90b67af7f99943babf5d86396845993?s=96&d=mm&r=g","url":"https:\/\/secure.gravatar.com\/avatar\/6deb26ca61bcc34263c59cc62bb8b08ff90b67af7f99943babf5d86396845993?s=96&d=mm&r=g","contentUrl":"https:\/\/secure.gravatar.com\/avatar\/6deb26ca61bcc34263c59cc62bb8b08ff90b67af7f99943babf5d86396845993?s=96&d=mm&r=g","caption":"EurecatEQZ"}}]}},"_links":{"self":[{"href":"https:\/\/eurecat.org\/es\/wp-json\/wp\/v2\/posts\/114898","targetHints":{"allow":["GET"]}}],"collection":[{"href":"https:\/\/eurecat.org\/es\/wp-json\/wp\/v2\/posts"}],"about":[{"href":"https:\/\/eurecat.org\/es\/wp-json\/wp\/v2\/types\/post"}],"author":[{"embeddable":true,"href":"https:\/\/eurecat.org\/es\/wp-json\/wp\/v2\/users\/20"}],"replies":[{"embeddable":true,"href":"https:\/\/eurecat.org\/es\/wp-json\/wp\/v2\/comments?post=114898"}],"version-history":[{"count":0,"href":"https:\/\/eurecat.org\/es\/wp-json\/wp\/v2\/posts\/114898\/revisions"}],"wp:featuredmedia":[{"embeddable":true,"href":"https:\/\/eurecat.org\/es\/wp-json\/wp\/v2\/media\/113814"}],"wp:attachment":[{"href":"https:\/\/eurecat.org\/es\/wp-json\/wp\/v2\/media?parent=114898"}],"wp:term":[{"taxonomy":"category","embeddable":true,"href":"https:\/\/eurecat.org\/es\/wp-json\/wp\/v2\/categories?post=114898"},{"taxonomy":"post_tag","embeddable":true,"href":"https:\/\/eurecat.org\/es\/wp-json\/wp\/v2\/tags?post=114898"}],"curies":[{"name":"wp","href":"https:\/\/api.w.org\/{rel}","templated":true}]}}