{"id":114979,"date":"2021-05-27T16:44:54","date_gmt":"2021-05-27T15:44:54","guid":{"rendered":"https:\/\/eurecat.org\/?p=114979"},"modified":"2021-11-09T07:25:34","modified_gmt":"2021-11-09T06:25:34","slug":"patricia-castillo-vamos-a-llevar-el-formato-ebook-de-nuevo-a-la-mesa-de-diseno","status":"publish","type":"post","link":"https:\/\/eurecat.org\/es\/patricia-castillo-vamos-a-llevar-el-formato-ebook-de-nuevo-a-la-mesa-de-diseno\/","title":{"rendered":"Patricia Castillo: \u201cVamos a llevar el formato \u2018eBook\u2019 de nuevo a la mesa de dise\u00f1o\u201d"},"content":{"rendered":"<p><strong><img decoding=\"async\" class=\"wp-image-114982 size-medium alignleft\" src=\"https:\/\/eurecat.org\/wp-content\/uploads\/2021\/05\/PATRICIA-CASTILLO_2low-255x300.jpg\" alt=\"\" width=\"255\" height=\"300\" srcset=\"https:\/\/eurecat.org\/wp-content\/uploads\/2021\/05\/PATRICIA-CASTILLO_2low-200x235.jpg 200w, https:\/\/eurecat.org\/wp-content\/uploads\/2021\/05\/PATRICIA-CASTILLO_2low-255x300.jpg 255w, https:\/\/eurecat.org\/wp-content\/uploads\/2021\/05\/PATRICIA-CASTILLO_2low-400x470.jpg 400w, https:\/\/eurecat.org\/wp-content\/uploads\/2021\/05\/PATRICIA-CASTILLO_2low-600x705.jpg 600w, https:\/\/eurecat.org\/wp-content\/uploads\/2021\/05\/PATRICIA-CASTILLO_2low-768x903.jpg 768w, https:\/\/eurecat.org\/wp-content\/uploads\/2021\/05\/PATRICIA-CASTILLO_2low-800x940.jpg 800w, https:\/\/eurecat.org\/wp-content\/uploads\/2021\/05\/PATRICIA-CASTILLO_2low.jpg 850w\" sizes=\"(max-width: 255px) 100vw, 255px\" \/><\/strong><\/p>\n<p>Eurecat lidera el <strong>proyecto europeo M\u00f6bius<\/strong>, que <strong>dedicar\u00e1 5,5 millones de euros a la renovaci\u00f3n y vigorizaci\u00f3n del sector editorial<\/strong>, proporcion\u00e1ndole metodolog\u00edas y herramientas enfocadas a aprovechar el potencial de los <em>prosumidores<\/em> en los procesos de innovaci\u00f3n. As\u00ed lo explica en esta entrevista la coordinadora de M\u00f6bius y directora de la Unidad de Propuestas y Coordinaci\u00f3n de Proyectos Europeos de Eurecat, <strong>Patricia Castillo<\/strong>, que <strong>avanza que M\u00f6bius tambi\u00e9n crear\u00e1 una experiencia de libro inmersiva, interactiva y multiplataforma<\/strong> que pretende ir m\u00e1s all\u00e1 de todos los formatos de publicaci\u00f3n actuales.<\/p>\n<p><strong>\u00bfEn qu\u00e9 consiste M\u00f6bius y qu\u00e9 aporta Eurecat al proyecto?<br \/>\n<\/strong><strong>M\u00f6bius es un proyecto colaborativo de innovaci\u00f3n<\/strong>. Participamos <strong>11 socios de 4 pa\u00edses europeos<\/strong>: Espa\u00f1a, B\u00e9lgica, Alemania e Italia. <strong>Eurecat es el coordinador de proyecto y principal proveedor de innovaciones tecnol\u00f3gicas<\/strong>, en particular relacionadas con audio 3D y ciencias sociales computacionales. Se trata de un <strong>piloto a gran escala que co-dise\u00f1ar\u00e1 sus innovaciones con los usuarios finales usando metodolog\u00edas de <\/strong><em><strong>Living Labs<\/strong>.<\/em> Esto significa que es crucial para el proyecto que empresas y profesionales del sector editorial, artistas, escritores y lectores de Espa\u00f1a y toda Europa nos acompa\u00f1en en esta aventura como parte de los grupos de usuarios. \u00a1Queremos escucharlos a todos y que nos ayuden a guiar nuestros resultados!<\/p>\n<p><strong>\u00bfC\u00f3mo se llevar\u00e1 a cabo?<br \/>\n<\/strong>Como en todos los proyectos colaborativos europeos, que suelen ser interdisciplinares y representativos de la cadena de valor, cada socio tiene un papel clave en la consecuci\u00f3n de los objetivos. Adem\u00e1s de las tareas de investigaci\u00f3n y desarrollo que dar\u00e1n solidez cient\u00edfica y t\u00e9cnica de las innovaciones, buena parte de los esfuerzos est\u00e1n dirigidos a crear las condiciones apropiadas para la participaci\u00f3n de usuarios. Por un lado, <strong>grupos profesionales del sector editorial que nos ayuden a definir, refinar y evaluar las herramientas de investigaci\u00f3n de usuarios, y los nuevos modelos de negocio<\/strong>. Por el otro, grupos de personas asiduas lectoras, escritoras o interesados en nuevas tecnolog\u00edas de la experiencia y el entretenimiento para que nos ayuden a crear, ajustar y validar la nueva experiencia basada en un libro. <strong>Esperamos que m\u00e1s de 1.000 personas en 8 pa\u00edses europeos participen manera activa en los talleres y sesiones de co-creaci\u00f3n espec\u00edficos por cada innovaci\u00f3n del proyecto<\/strong>. Al final del proyecto, esperamos que <strong>m\u00e1s de 2.500 personas experimenten de primera mano el M\u00f6bius Book<\/strong> en los diversos eventos en los que haremos presentaciones.<\/p>\n<p><strong>\u00bfDe qu\u00e9 manera avanzar\u00e1 M\u00f6bius?<br \/>\n<\/strong>En M\u00f6bius partimos de tecnolog\u00edas y conocimientos maduros, as\u00ed que el verdadero reto es integrarlos en soluciones que sean apropiadas y beneficiosas para el sector editorial. La primera fase del proyecto, digamos los primeros 9 meses, es de puesta en marcha y consolidaci\u00f3n de los fundamentos t\u00e9cnicos y cient\u00edficos que sostienen todo el concepto. Desde finales de este 2021 y durante dos a\u00f1os, M\u00f6bius estar\u00e1 en plena fase de desarrollo e integraci\u00f3n de tecnolog\u00edas, creaci\u00f3n de nuevos modelos de negocio y producci\u00f3n de los M\u00f6bius book (experiencias inmersivas) en conjunto con los grupos de usuarios. La \u00faltima fase, de seis meses, es ya la de demostraci\u00f3n de las innovaciones finalizadas ante el gran p\u00fablico.<\/p>\n<p><strong>\u00bfQu\u00e9 propuestas de valor destacar\u00edas del proyecto?<br \/>\n<\/strong>El planteamiento m\u00e1s importante de M\u00f6bius y sobre el cual construimos todo el proyecto es el hecho innegable de que <strong>las audiencias han dejado de ser s\u00f3lo consumidores; tambi\u00e9n pueden producir valor creando contenidos<\/strong>. En M\u00f6bius queremos ayudar a la industria a entender mejor esta audiencia global utilizando las tecnolog\u00edas de ciencias sociales computacionales desarrolladas por Eurecat. Pero tambi\u00e9n hay otros tipos de usuario. Igual no producen contenidos, pero son \u00e1vidos seguidores de tendencias tecnol\u00f3gicas e innovaciones respecto a dispositivos y posibilidades de experimentar contenidos. A \u00e9stos tambi\u00e9n queremos conocerlos y escuchar su opini\u00f3n porque, con toda probabilidad, ser\u00e1n los primeros que se animen a probar nuevos formatos de libro digital. As\u00ed que, para crear M\u00f6bius, lo primero que hicimos fue desembarazarnos de ese paradigma antiguo y preguntarnos, \u00bfc\u00f3mo deber\u00eda ser la relaci\u00f3n del sector del libro con estos prosumidores? \u00bfC\u00f3mo podemos crear una colaboraci\u00f3n estrecha y justa que beneficie a ambas partes? Cuando tuvimos claras las respuestas a estas preguntas, planteamos las innovaciones tecnol\u00f3gicas, de proceso, y de modelos de negocio que creemos que ayudar\u00e1n a hacerlo posible.<\/p>\n<p><strong>\u00bfD\u00f3nde veremos m\u00e1s cambios a nivel de la cadena editorial?<br \/>\n<\/strong>La propiedad intelectual y, en particular, <strong>el derecho de autor es la piedra angular de las industrias creativas y culturales<\/strong>. El sector del libro no es diferente y, en gran medida, la supervivencia del sector depende de que se contin\u00faen protegiendo y honrando estos derechos. Tomando en cuenta estos principios, <strong>en M\u00f6bius vamos a ahondar en las oportunidades y l\u00edmites que hay en este espacio inexplorado de colaboraci\u00f3n con los prosumidores<\/strong>. Se trata de estudiar y crear nuevos instrumentos mediante los cuales podemos cuantificar el valor monetario del esfuerzo creativo de los prosumidores cuando \u00e9ste se integra en la cadena editorial; bien en t\u00e9rminos de nuevos contenidos o en el co-dise\u00f1o de nuevos productos y experiencias.<\/p>\n<p><strong>\u00bfQu\u00e9 tendencias van a despegar en todo este proceso de reinvenci\u00f3n?<br \/>\n<\/strong>Con todas las tecnolog\u00edas disponibles y los nuevos h\u00e1bitos de consumo, \u00bfpor qu\u00e9 el libro digital sigue siendo una imitaci\u00f3n del libro de papel? Lo que hemos hecho es llevar el formato \u2018eBook\u2019 de nuevo a la mesa de dise\u00f1o.<\/p>\n","protected":false},"excerpt":{"rendered":"<p>Eurecat lidera el proyecto europeo M\u00f6bius, que dedicar\u00e1 5,5 millones de euros a la renovaci\u00f3n y vigorizaci\u00f3n del sector editorial, proporcion\u00e1ndole metodolog\u00edas y herramientas enfocadas a aprovechar el potencial de los prosumidores en los procesos de innovaci\u00f3n. As\u00ed lo explica en esta entrevista la coordinadora de M\u00f6bius y directora de la Unidad de Propuestas y  [&#8230;]<\/p>\n","protected":false},"author":20,"featured_media":121001,"comment_status":"closed","ping_status":"closed","sticky":false,"template":"","format":"standard","meta":{"footnotes":""},"categories":[133,2275,412],"tags":[],"class_list":["post-114979","post","type-post","status-publish","format-standard","has-post-thumbnail","hentry","category-blog","category-industrias-culturales-y-creativas","category-tecnologias-audiovisuales"],"yoast_head":"<!-- This site is optimized with the Yoast SEO plugin v27.4 - https:\/\/yoast.com\/product\/yoast-seo-wordpress\/ -->\n<title>Patricia Castillo: \u201cVamos a llevar el formato \u2018eBook\u2019 de nuevo a la mesa de dise\u00f1o\u201d - Eurecat<\/title>\n<meta name=\"description\" content=\"Eurecat lidera el proyecto europeo M\u00f6bius, que dedicar\u00e1 5,5 millones de euros a la renovaci\u00f3n y vigorizaci\u00f3n del sector editorial, proporcion\u00e1ndole metodolog\u00edas y herramientas enfocadas a aprovechar el potencial de los prosumidores en los procesos de innovaci\u00f3n\" \/>\n<meta name=\"robots\" content=\"index, follow, max-snippet:-1, max-image-preview:large, max-video-preview:-1\" \/>\n<link rel=\"canonical\" href=\"https:\/\/eurecat.org\/es\/patricia-castillo-vamos-a-llevar-el-formato-ebook-de-nuevo-a-la-mesa-de-diseno\/\" \/>\n<meta property=\"og:locale\" content=\"es_ES\" \/>\n<meta property=\"og:type\" content=\"article\" \/>\n<meta property=\"og:title\" content=\"Patricia Castillo: \u201cVamos a llevar el formato \u2018eBook\u2019 de nuevo a la mesa de dise\u00f1o\u201d - Eurecat\" \/>\n<meta property=\"og:description\" content=\"Eurecat lidera el proyecto europeo M\u00f6bius, que dedicar\u00e1 5,5 millones de euros a la renovaci\u00f3n y vigorizaci\u00f3n del sector editorial, proporcion\u00e1ndole metodolog\u00edas y herramientas enfocadas a aprovechar el potencial de los prosumidores en los procesos de innovaci\u00f3n\" \/>\n<meta property=\"og:url\" content=\"https:\/\/eurecat.org\/es\/patricia-castillo-vamos-a-llevar-el-formato-ebook-de-nuevo-a-la-mesa-de-diseno\/\" \/>\n<meta property=\"og:site_name\" content=\"Eurecat\" \/>\n<meta property=\"article:published_time\" content=\"2021-05-27T15:44:54+00:00\" \/>\n<meta property=\"article:modified_time\" content=\"2021-11-09T06:25:34+00:00\" \/>\n<meta property=\"og:image\" content=\"https:\/\/eurecat.org\/wp-content\/uploads\/2021\/05\/Patricia-Castillo.jpg\" \/>\n\t<meta property=\"og:image:width\" content=\"800\" \/>\n\t<meta property=\"og:image:height\" content=\"520\" \/>\n\t<meta property=\"og:image:type\" content=\"image\/jpeg\" \/>\n<meta name=\"author\" content=\"EurecatEQZ\" \/>\n<meta name=\"twitter:card\" content=\"summary_large_image\" \/>\n<meta name=\"twitter:label1\" content=\"Escrito por\" \/>\n\t<meta name=\"twitter:data1\" content=\"EurecatEQZ\" \/>\n\t<meta name=\"twitter:label2\" content=\"Tiempo de lectura\" \/>\n\t<meta name=\"twitter:data2\" content=\"5 minutos\" \/>\n<script type=\"application\/ld+json\" class=\"yoast-schema-graph\">{\"@context\":\"https:\\\/\\\/schema.org\",\"@graph\":[{\"@type\":\"Article\",\"@id\":\"https:\\\/\\\/eurecat.org\\\/es\\\/patricia-castillo-vamos-a-llevar-el-formato-ebook-de-nuevo-a-la-mesa-de-diseno\\\/#article\",\"isPartOf\":{\"@id\":\"https:\\\/\\\/eurecat.org\\\/es\\\/patricia-castillo-vamos-a-llevar-el-formato-ebook-de-nuevo-a-la-mesa-de-diseno\\\/\"},\"author\":{\"name\":\"EurecatEQZ\",\"@id\":\"https:\\\/\\\/eurecat.org\\\/es\\\/#\\\/schema\\\/person\\\/99d4d39712001e7621b6867b27b40bed\"},\"headline\":\"Patricia Castillo: \u201cVamos a llevar el formato \u2018eBook\u2019 de nuevo a la mesa de dise\u00f1o\u201d\",\"datePublished\":\"2021-05-27T15:44:54+00:00\",\"dateModified\":\"2021-11-09T06:25:34+00:00\",\"mainEntityOfPage\":{\"@id\":\"https:\\\/\\\/eurecat.org\\\/es\\\/patricia-castillo-vamos-a-llevar-el-formato-ebook-de-nuevo-a-la-mesa-de-diseno\\\/\"},\"wordCount\":973,\"image\":{\"@id\":\"https:\\\/\\\/eurecat.org\\\/es\\\/patricia-castillo-vamos-a-llevar-el-formato-ebook-de-nuevo-a-la-mesa-de-diseno\\\/#primaryimage\"},\"thumbnailUrl\":\"https:\\\/\\\/eurecat.org\\\/wp-content\\\/uploads\\\/2021\\\/05\\\/Patricia-Castillo.jpg\",\"articleSection\":[\"Blog\",\"Industrias Culturales y Creativas\",\"Tecnolog\u00edas Audiovisuales\"],\"inLanguage\":\"es\"},{\"@type\":\"WebPage\",\"@id\":\"https:\\\/\\\/eurecat.org\\\/es\\\/patricia-castillo-vamos-a-llevar-el-formato-ebook-de-nuevo-a-la-mesa-de-diseno\\\/\",\"url\":\"https:\\\/\\\/eurecat.org\\\/es\\\/patricia-castillo-vamos-a-llevar-el-formato-ebook-de-nuevo-a-la-mesa-de-diseno\\\/\",\"name\":\"Patricia Castillo: \u201cVamos a llevar el formato \u2018eBook\u2019 de nuevo a la mesa de dise\u00f1o\u201d - Eurecat\",\"isPartOf\":{\"@id\":\"https:\\\/\\\/eurecat.org\\\/es\\\/#website\"},\"primaryImageOfPage\":{\"@id\":\"https:\\\/\\\/eurecat.org\\\/es\\\/patricia-castillo-vamos-a-llevar-el-formato-ebook-de-nuevo-a-la-mesa-de-diseno\\\/#primaryimage\"},\"image\":{\"@id\":\"https:\\\/\\\/eurecat.org\\\/es\\\/patricia-castillo-vamos-a-llevar-el-formato-ebook-de-nuevo-a-la-mesa-de-diseno\\\/#primaryimage\"},\"thumbnailUrl\":\"https:\\\/\\\/eurecat.org\\\/wp-content\\\/uploads\\\/2021\\\/05\\\/Patricia-Castillo.jpg\",\"datePublished\":\"2021-05-27T15:44:54+00:00\",\"dateModified\":\"2021-11-09T06:25:34+00:00\",\"author\":{\"@id\":\"https:\\\/\\\/eurecat.org\\\/es\\\/#\\\/schema\\\/person\\\/99d4d39712001e7621b6867b27b40bed\"},\"description\":\"Eurecat lidera el proyecto europeo M\u00f6bius, que dedicar\u00e1 5,5 millones de euros a la renovaci\u00f3n y vigorizaci\u00f3n del sector editorial, proporcion\u00e1ndole metodolog\u00edas y herramientas enfocadas a aprovechar el potencial de los prosumidores en los procesos de innovaci\u00f3n\",\"breadcrumb\":{\"@id\":\"https:\\\/\\\/eurecat.org\\\/es\\\/patricia-castillo-vamos-a-llevar-el-formato-ebook-de-nuevo-a-la-mesa-de-diseno\\\/#breadcrumb\"},\"inLanguage\":\"es\",\"potentialAction\":[{\"@type\":\"ReadAction\",\"target\":[\"https:\\\/\\\/eurecat.org\\\/es\\\/patricia-castillo-vamos-a-llevar-el-formato-ebook-de-nuevo-a-la-mesa-de-diseno\\\/\"]}]},{\"@type\":\"ImageObject\",\"inLanguage\":\"es\",\"@id\":\"https:\\\/\\\/eurecat.org\\\/es\\\/patricia-castillo-vamos-a-llevar-el-formato-ebook-de-nuevo-a-la-mesa-de-diseno\\\/#primaryimage\",\"url\":\"https:\\\/\\\/eurecat.org\\\/wp-content\\\/uploads\\\/2021\\\/05\\\/Patricia-Castillo.jpg\",\"contentUrl\":\"https:\\\/\\\/eurecat.org\\\/wp-content\\\/uploads\\\/2021\\\/05\\\/Patricia-Castillo.jpg\",\"width\":800,\"height\":520,\"caption\":\"patricia castillo\"},{\"@type\":\"BreadcrumbList\",\"@id\":\"https:\\\/\\\/eurecat.org\\\/es\\\/patricia-castillo-vamos-a-llevar-el-formato-ebook-de-nuevo-a-la-mesa-de-diseno\\\/#breadcrumb\",\"itemListElement\":[{\"@type\":\"ListItem\",\"position\":1,\"name\":\"Inici\",\"item\":\"https:\\\/\\\/eurecat.org\\\/es\\\/\"},{\"@type\":\"ListItem\",\"position\":2,\"name\":\"Patricia Castillo: \u201cVamos a llevar el formato \u2018eBook\u2019 de nuevo a la mesa de dise\u00f1o\u201d\"}]},{\"@type\":\"WebSite\",\"@id\":\"https:\\\/\\\/eurecat.org\\\/es\\\/#website\",\"url\":\"https:\\\/\\\/eurecat.org\\\/es\\\/\",\"name\":\"Eurecat\",\"description\":\"Otro sitio realizado con WordPress\",\"potentialAction\":[{\"@type\":\"SearchAction\",\"target\":{\"@type\":\"EntryPoint\",\"urlTemplate\":\"https:\\\/\\\/eurecat.org\\\/es\\\/?s={search_term_string}\"},\"query-input\":{\"@type\":\"PropertyValueSpecification\",\"valueRequired\":true,\"valueName\":\"search_term_string\"}}],\"inLanguage\":\"es\"},{\"@type\":\"Person\",\"@id\":\"https:\\\/\\\/eurecat.org\\\/es\\\/#\\\/schema\\\/person\\\/99d4d39712001e7621b6867b27b40bed\",\"name\":\"EurecatEQZ\",\"image\":{\"@type\":\"ImageObject\",\"inLanguage\":\"es\",\"@id\":\"https:\\\/\\\/secure.gravatar.com\\\/avatar\\\/6deb26ca61bcc34263c59cc62bb8b08ff90b67af7f99943babf5d86396845993?s=96&d=mm&r=g\",\"url\":\"https:\\\/\\\/secure.gravatar.com\\\/avatar\\\/6deb26ca61bcc34263c59cc62bb8b08ff90b67af7f99943babf5d86396845993?s=96&d=mm&r=g\",\"contentUrl\":\"https:\\\/\\\/secure.gravatar.com\\\/avatar\\\/6deb26ca61bcc34263c59cc62bb8b08ff90b67af7f99943babf5d86396845993?s=96&d=mm&r=g\",\"caption\":\"EurecatEQZ\"}}]}<\/script>\n<!-- \/ Yoast SEO plugin. -->","yoast_head_json":{"title":"Patricia Castillo: \u201cVamos a llevar el formato \u2018eBook\u2019 de nuevo a la mesa de dise\u00f1o\u201d - Eurecat","description":"Eurecat lidera el proyecto europeo M\u00f6bius, que dedicar\u00e1 5,5 millones de euros a la renovaci\u00f3n y vigorizaci\u00f3n del sector editorial, proporcion\u00e1ndole metodolog\u00edas y herramientas enfocadas a aprovechar el potencial de los prosumidores en los procesos de innovaci\u00f3n","robots":{"index":"index","follow":"follow","max-snippet":"max-snippet:-1","max-image-preview":"max-image-preview:large","max-video-preview":"max-video-preview:-1"},"canonical":"https:\/\/eurecat.org\/es\/patricia-castillo-vamos-a-llevar-el-formato-ebook-de-nuevo-a-la-mesa-de-diseno\/","og_locale":"es_ES","og_type":"article","og_title":"Patricia Castillo: \u201cVamos a llevar el formato \u2018eBook\u2019 de nuevo a la mesa de dise\u00f1o\u201d - Eurecat","og_description":"Eurecat lidera el proyecto europeo M\u00f6bius, que dedicar\u00e1 5,5 millones de euros a la renovaci\u00f3n y vigorizaci\u00f3n del sector editorial, proporcion\u00e1ndole metodolog\u00edas y herramientas enfocadas a aprovechar el potencial de los prosumidores en los procesos de innovaci\u00f3n","og_url":"https:\/\/eurecat.org\/es\/patricia-castillo-vamos-a-llevar-el-formato-ebook-de-nuevo-a-la-mesa-de-diseno\/","og_site_name":"Eurecat","article_published_time":"2021-05-27T15:44:54+00:00","article_modified_time":"2021-11-09T06:25:34+00:00","og_image":[{"width":800,"height":520,"url":"https:\/\/eurecat.org\/wp-content\/uploads\/2021\/05\/Patricia-Castillo.jpg","type":"image\/jpeg"}],"author":"EurecatEQZ","twitter_card":"summary_large_image","twitter_misc":{"Escrito por":"EurecatEQZ","Tiempo de lectura":"5 minutos"},"schema":{"@context":"https:\/\/schema.org","@graph":[{"@type":"Article","@id":"https:\/\/eurecat.org\/es\/patricia-castillo-vamos-a-llevar-el-formato-ebook-de-nuevo-a-la-mesa-de-diseno\/#article","isPartOf":{"@id":"https:\/\/eurecat.org\/es\/patricia-castillo-vamos-a-llevar-el-formato-ebook-de-nuevo-a-la-mesa-de-diseno\/"},"author":{"name":"EurecatEQZ","@id":"https:\/\/eurecat.org\/es\/#\/schema\/person\/99d4d39712001e7621b6867b27b40bed"},"headline":"Patricia Castillo: \u201cVamos a llevar el formato \u2018eBook\u2019 de nuevo a la mesa de dise\u00f1o\u201d","datePublished":"2021-05-27T15:44:54+00:00","dateModified":"2021-11-09T06:25:34+00:00","mainEntityOfPage":{"@id":"https:\/\/eurecat.org\/es\/patricia-castillo-vamos-a-llevar-el-formato-ebook-de-nuevo-a-la-mesa-de-diseno\/"},"wordCount":973,"image":{"@id":"https:\/\/eurecat.org\/es\/patricia-castillo-vamos-a-llevar-el-formato-ebook-de-nuevo-a-la-mesa-de-diseno\/#primaryimage"},"thumbnailUrl":"https:\/\/eurecat.org\/wp-content\/uploads\/2021\/05\/Patricia-Castillo.jpg","articleSection":["Blog","Industrias Culturales y Creativas","Tecnolog\u00edas Audiovisuales"],"inLanguage":"es"},{"@type":"WebPage","@id":"https:\/\/eurecat.org\/es\/patricia-castillo-vamos-a-llevar-el-formato-ebook-de-nuevo-a-la-mesa-de-diseno\/","url":"https:\/\/eurecat.org\/es\/patricia-castillo-vamos-a-llevar-el-formato-ebook-de-nuevo-a-la-mesa-de-diseno\/","name":"Patricia Castillo: \u201cVamos a llevar el formato \u2018eBook\u2019 de nuevo a la mesa de dise\u00f1o\u201d - Eurecat","isPartOf":{"@id":"https:\/\/eurecat.org\/es\/#website"},"primaryImageOfPage":{"@id":"https:\/\/eurecat.org\/es\/patricia-castillo-vamos-a-llevar-el-formato-ebook-de-nuevo-a-la-mesa-de-diseno\/#primaryimage"},"image":{"@id":"https:\/\/eurecat.org\/es\/patricia-castillo-vamos-a-llevar-el-formato-ebook-de-nuevo-a-la-mesa-de-diseno\/#primaryimage"},"thumbnailUrl":"https:\/\/eurecat.org\/wp-content\/uploads\/2021\/05\/Patricia-Castillo.jpg","datePublished":"2021-05-27T15:44:54+00:00","dateModified":"2021-11-09T06:25:34+00:00","author":{"@id":"https:\/\/eurecat.org\/es\/#\/schema\/person\/99d4d39712001e7621b6867b27b40bed"},"description":"Eurecat lidera el proyecto europeo M\u00f6bius, que dedicar\u00e1 5,5 millones de euros a la renovaci\u00f3n y vigorizaci\u00f3n del sector editorial, proporcion\u00e1ndole metodolog\u00edas y herramientas enfocadas a aprovechar el potencial de los prosumidores en los procesos de innovaci\u00f3n","breadcrumb":{"@id":"https:\/\/eurecat.org\/es\/patricia-castillo-vamos-a-llevar-el-formato-ebook-de-nuevo-a-la-mesa-de-diseno\/#breadcrumb"},"inLanguage":"es","potentialAction":[{"@type":"ReadAction","target":["https:\/\/eurecat.org\/es\/patricia-castillo-vamos-a-llevar-el-formato-ebook-de-nuevo-a-la-mesa-de-diseno\/"]}]},{"@type":"ImageObject","inLanguage":"es","@id":"https:\/\/eurecat.org\/es\/patricia-castillo-vamos-a-llevar-el-formato-ebook-de-nuevo-a-la-mesa-de-diseno\/#primaryimage","url":"https:\/\/eurecat.org\/wp-content\/uploads\/2021\/05\/Patricia-Castillo.jpg","contentUrl":"https:\/\/eurecat.org\/wp-content\/uploads\/2021\/05\/Patricia-Castillo.jpg","width":800,"height":520,"caption":"patricia castillo"},{"@type":"BreadcrumbList","@id":"https:\/\/eurecat.org\/es\/patricia-castillo-vamos-a-llevar-el-formato-ebook-de-nuevo-a-la-mesa-de-diseno\/#breadcrumb","itemListElement":[{"@type":"ListItem","position":1,"name":"Inici","item":"https:\/\/eurecat.org\/es\/"},{"@type":"ListItem","position":2,"name":"Patricia Castillo: \u201cVamos a llevar el formato \u2018eBook\u2019 de nuevo a la mesa de dise\u00f1o\u201d"}]},{"@type":"WebSite","@id":"https:\/\/eurecat.org\/es\/#website","url":"https:\/\/eurecat.org\/es\/","name":"Eurecat","description":"Otro sitio realizado con WordPress","potentialAction":[{"@type":"SearchAction","target":{"@type":"EntryPoint","urlTemplate":"https:\/\/eurecat.org\/es\/?s={search_term_string}"},"query-input":{"@type":"PropertyValueSpecification","valueRequired":true,"valueName":"search_term_string"}}],"inLanguage":"es"},{"@type":"Person","@id":"https:\/\/eurecat.org\/es\/#\/schema\/person\/99d4d39712001e7621b6867b27b40bed","name":"EurecatEQZ","image":{"@type":"ImageObject","inLanguage":"es","@id":"https:\/\/secure.gravatar.com\/avatar\/6deb26ca61bcc34263c59cc62bb8b08ff90b67af7f99943babf5d86396845993?s=96&d=mm&r=g","url":"https:\/\/secure.gravatar.com\/avatar\/6deb26ca61bcc34263c59cc62bb8b08ff90b67af7f99943babf5d86396845993?s=96&d=mm&r=g","contentUrl":"https:\/\/secure.gravatar.com\/avatar\/6deb26ca61bcc34263c59cc62bb8b08ff90b67af7f99943babf5d86396845993?s=96&d=mm&r=g","caption":"EurecatEQZ"}}]}},"_links":{"self":[{"href":"https:\/\/eurecat.org\/es\/wp-json\/wp\/v2\/posts\/114979","targetHints":{"allow":["GET"]}}],"collection":[{"href":"https:\/\/eurecat.org\/es\/wp-json\/wp\/v2\/posts"}],"about":[{"href":"https:\/\/eurecat.org\/es\/wp-json\/wp\/v2\/types\/post"}],"author":[{"embeddable":true,"href":"https:\/\/eurecat.org\/es\/wp-json\/wp\/v2\/users\/20"}],"replies":[{"embeddable":true,"href":"https:\/\/eurecat.org\/es\/wp-json\/wp\/v2\/comments?post=114979"}],"version-history":[{"count":0,"href":"https:\/\/eurecat.org\/es\/wp-json\/wp\/v2\/posts\/114979\/revisions"}],"wp:featuredmedia":[{"embeddable":true,"href":"https:\/\/eurecat.org\/es\/wp-json\/wp\/v2\/media\/121001"}],"wp:attachment":[{"href":"https:\/\/eurecat.org\/es\/wp-json\/wp\/v2\/media?parent=114979"}],"wp:term":[{"taxonomy":"category","embeddable":true,"href":"https:\/\/eurecat.org\/es\/wp-json\/wp\/v2\/categories?post=114979"},{"taxonomy":"post_tag","embeddable":true,"href":"https:\/\/eurecat.org\/es\/wp-json\/wp\/v2\/tags?post=114979"}],"curies":[{"name":"wp","href":"https:\/\/api.w.org\/{rel}","templated":true}]}}