{"id":115123,"date":"2021-06-01T10:44:54","date_gmt":"2021-06-01T09:44:54","guid":{"rendered":"https:\/\/eurecat.org\/?p=115123"},"modified":"2021-06-01T10:59:13","modified_gmt":"2021-06-01T09:59:13","slug":"vehiculo-electrico-crecimiento-composites","status":"publish","type":"post","link":"https:\/\/eurecat.org\/es\/vehiculo-electrico-crecimiento-composites\/","title":{"rendered":"El veh\u00edculo el\u00e9ctrico empujar\u00e1 el crecimiento del mercado de composites"},"content":{"rendered":"<p>La industria de los <strong>materiales compuestos<\/strong> est\u00e1 creciendo gracias a una demanda cada vez mayor de mercados tan tecnol\u00f3gicos como el <strong>aeroespacial<\/strong>, as\u00ed como de otros segmentos como los art\u00edculos <strong>deportivos<\/strong> y la <strong>construcci\u00f3n<\/strong>, en un contexto en el que se espera que la demanda de <strong>veh\u00edculos ligeros<\/strong> y de <strong>bajo consumo<\/strong> y la tendencia emergente de los <strong>autom\u00f3viles el\u00e9ctricos<\/strong> impulse su incremento.<\/p>\n<p>As\u00ed lo prev\u00e9, coincidiendo con la celebraci\u00f3n de la feria virtual <a href=\"https:\/\/www.jeccomposites-connect.events\/\" target=\"_blank\" rel=\"noopener\">JEC Composites Connect<\/a>, la directora de la Unidad Tecnol\u00f3gica de Composites del centro tecnol\u00f3gico <strong><a href=\"http:\/\/eurecat.org\/es\/\" target=\"_blank\" rel=\"noopener\">Eurecat<\/a><\/strong>, Mar\u00eda Eugenia Rodr\u00edguez, para quien \u201cel aumento de la conciencia de los fabricantes de componentes hacia las estrictas regulaciones gubernamentales sobre control de emisiones es tambi\u00e9n una oportunidad para el crecimiento del mercado de composites\u201d.<\/p>\n<p>Seg\u00fan apunta, existen \u201ctres grandes retos en el sector automoci\u00f3n para los materiales compuestos, que son el coste, la cadencia productiva y la sostenibilidad\u201d, ante los cuales \u201cson clave la optimizaci\u00f3n del dise\u00f1o, el desarrollo de materiales sostenibles, el dise\u00f1o de moldes y utillajes optimizados, los procesos productivos mejorados y el reciclado y la valorizaci\u00f3n no s\u00f3lo para reducir su impacto ambiental, sino tambi\u00e9n para reducir costes\u201d.<\/p>\n<p>Para lograrlo, subraya, \u201cdeben involucrarse todos los actores de la cadena de valor\u201d, pues \u201cs\u00f3lo as\u00ed podremos ver a corto o medio plazo veh\u00edculos ligeros, sostenibles y asequibles\u201d.<\/p>\n<h2>Composites 4.0, una soluci\u00f3n de futuro<\/h2>\n<p>\u201cGracias a las caracter\u00edsticas y propiedades inigualables de los composites, las empresas de muchos sectores est\u00e1n interesadas en sustituir otros materiales por materiales compuestos\u201d y, por tanto, tienen la necesidad de introducir o adaptar sus procesos productivos para \u201cpoder fabricar componentes en composite con la misma fiabilidad y calidad que con materiales convencionales\u201d, detalla.<\/p>\n<p>Aunque los composites \u201cson materiales estrat\u00e9gicos para los principales sectores productivos, dado que la reducci\u00f3n de peso es una de sus prioridades, existen limitaciones importantes en cuanto a cadencia productiva, fiabilidad de los procesos de fabricaci\u00f3n y costes\u201d que requieren la integraci\u00f3n de \u201cdesarrollos t\u00e9cnicos basados en conceptos de Composites 4.0, a fin de resolver en gran medida estos obst\u00e1culos e investigar todo su potencial\u201d, a\u00f1ade.<\/p>\n<p>En este contexto, la aplicaci\u00f3n de la industria 4.0 en la fabricaci\u00f3n de composites consiste, principalmente, en la automatizaci\u00f3n y digitalizaci\u00f3n de los procesos con el fin de mejorar su productividad y eficiencia, mediante un amplio espectro de capacidades digitales, que van desde los sensores de captura y transmisi\u00f3n de informaci\u00f3n, Internet de las Cosas, computaci\u00f3n cognitiva y basada en la nube, monitorizaci\u00f3n y control de los procesos f\u00edsicos, as\u00ed como sistemas de apoyo a la toma de decisiones.<\/p>\n<h2>Proyectos de envergadura para el sector aeron\u00e1utico con mucho potencial en automoci\u00f3n<\/h2>\n<p>En este escenario, Eurecat est\u00e1 finalizando dos proyectos de I+D de gran envergadura, <strong>WINFRAME 4.0<\/strong> y <strong>COFRARE 2020<\/strong>, ambos del sector aeron\u00e1utico (convocatoria CleanSky2), cuyo objetivo principal es la fabricaci\u00f3n fuera de autoclave de componentes del fuselaje de un avi\u00f3n regional en composites termopl\u00e1sticos y termoestables.<\/p>\n<p>En ambos proyectos Eurecat ha participado en su desarrollo completo, liderando desde el dise\u00f1o y la fabricaci\u00f3n de los moldes y utillajes y la fabricaci\u00f3n de los demostradores por RTM y compresi\u00f3n. Para conseguir los hitos, se han recurrido a conceptos propios de la Industria 4.0, como herramientas de simulaci\u00f3n para el estudio del comportamiento de los moldes durante el proceso o la implementaci\u00f3n sensores para el control y monitorizaci\u00f3n de los procesos. Los resultados y el conocimiento generado en ambos proyectos son extrapolables a otros sectores como, por ejemplo, la automoci\u00f3n, adaptando ambas tecnolog\u00edas a la casu\u00edstica propia del sector en cuanto a producci\u00f3n, materiales y costes.<\/p>\n","protected":false},"excerpt":{"rendered":"<p>La industria de los materiales compuestos est\u00e1 creciendo gracias a una demanda cada vez mayor de mercados tan tecnol\u00f3gicos como el aeroespacial, as\u00ed como de otros segmentos como los art\u00edculos deportivos y la construcci\u00f3n, en un contexto en el que se espera que la demanda de veh\u00edculos ligeros y de bajo consumo y la tendencia  [&#8230;]<\/p>\n","protected":false},"author":27,"featured_media":115121,"comment_status":"open","ping_status":"closed","sticky":false,"template":"","format":"standard","meta":{"footnotes":""},"categories":[727,403,134],"tags":[],"class_list":["post-115123","post","type-post","status-publish","format-standard","has-post-thumbnail","hentry","category-ferias","category-materiales-composites","category-notas-de-prensa"],"yoast_head":"<!-- This site is optimized with the Yoast SEO plugin v27.4 - https:\/\/yoast.com\/product\/yoast-seo-wordpress\/ -->\n<title>El veh\u00edculo el\u00e9ctrico empujar\u00e1 el crecimiento del mercado de composites<\/title>\n<meta name=\"description\" content=\"El veh\u00edculo el\u00e9ctrico empujar\u00e1 el crecimiento del mercado de composites, seg\u00fan el centro tecnol\u00f3gico Eurecat\" \/>\n<meta name=\"robots\" content=\"index, follow, max-snippet:-1, max-image-preview:large, max-video-preview:-1\" \/>\n<link rel=\"canonical\" href=\"https:\/\/eurecat.org\/es\/vehiculo-electrico-crecimiento-composites\/\" \/>\n<meta property=\"og:locale\" content=\"es_ES\" \/>\n<meta property=\"og:type\" content=\"article\" \/>\n<meta property=\"og:title\" content=\"El veh\u00edculo el\u00e9ctrico empujar\u00e1 el crecimiento del mercado de composites\" \/>\n<meta property=\"og:description\" content=\"El veh\u00edculo el\u00e9ctrico empujar\u00e1 el crecimiento del mercado de composites, seg\u00fan el centro tecnol\u00f3gico Eurecat\" \/>\n<meta property=\"og:url\" content=\"https:\/\/eurecat.org\/es\/vehiculo-electrico-crecimiento-composites\/\" \/>\n<meta property=\"og:site_name\" content=\"Eurecat\" \/>\n<meta property=\"article:published_time\" content=\"2021-06-01T09:44:54+00:00\" \/>\n<meta property=\"article:modified_time\" content=\"2021-06-01T09:59:13+00:00\" \/>\n<meta property=\"og:image\" content=\"https:\/\/eurecat.org\/wp-content\/uploads\/2021\/06\/Eurecat-JEC-Composites_930x515px.jpg\" \/>\n\t<meta property=\"og:image:width\" content=\"930\" \/>\n\t<meta property=\"og:image:height\" content=\"515\" \/>\n\t<meta property=\"og:image:type\" content=\"image\/jpeg\" \/>\n<meta name=\"author\" content=\"eurecatNG\" \/>\n<meta name=\"twitter:card\" content=\"summary_large_image\" \/>\n<meta name=\"twitter:label1\" content=\"Escrito por\" \/>\n\t<meta name=\"twitter:data1\" content=\"eurecatNG\" \/>\n\t<meta name=\"twitter:label2\" content=\"Tiempo de lectura\" \/>\n\t<meta name=\"twitter:data2\" content=\"3 minutos\" \/>\n<script type=\"application\/ld+json\" class=\"yoast-schema-graph\">{\"@context\":\"https:\\\/\\\/schema.org\",\"@graph\":[{\"@type\":\"Article\",\"@id\":\"https:\\\/\\\/eurecat.org\\\/es\\\/vehiculo-electrico-crecimiento-composites\\\/#article\",\"isPartOf\":{\"@id\":\"https:\\\/\\\/eurecat.org\\\/es\\\/vehiculo-electrico-crecimiento-composites\\\/\"},\"author\":{\"name\":\"eurecatNG\",\"@id\":\"https:\\\/\\\/eurecat.org\\\/es\\\/#\\\/schema\\\/person\\\/8342992d6929ad043b305d3cac68b3f4\"},\"headline\":\"El veh\u00edculo el\u00e9ctrico empujar\u00e1 el crecimiento del mercado de composites\",\"datePublished\":\"2021-06-01T09:44:54+00:00\",\"dateModified\":\"2021-06-01T09:59:13+00:00\",\"mainEntityOfPage\":{\"@id\":\"https:\\\/\\\/eurecat.org\\\/es\\\/vehiculo-electrico-crecimiento-composites\\\/\"},\"wordCount\":655,\"commentCount\":0,\"image\":{\"@id\":\"https:\\\/\\\/eurecat.org\\\/es\\\/vehiculo-electrico-crecimiento-composites\\\/#primaryimage\"},\"thumbnailUrl\":\"https:\\\/\\\/eurecat.org\\\/wp-content\\\/uploads\\\/2021\\\/06\\\/Eurecat-JEC-Composites_930x515px.jpg\",\"articleSection\":[\"Ferias\",\"Materiales Composites\",\"Notas de prensa\"],\"inLanguage\":\"es\",\"potentialAction\":[{\"@type\":\"CommentAction\",\"name\":\"Comment\",\"target\":[\"https:\\\/\\\/eurecat.org\\\/es\\\/vehiculo-electrico-crecimiento-composites\\\/#respond\"]}]},{\"@type\":\"WebPage\",\"@id\":\"https:\\\/\\\/eurecat.org\\\/es\\\/vehiculo-electrico-crecimiento-composites\\\/\",\"url\":\"https:\\\/\\\/eurecat.org\\\/es\\\/vehiculo-electrico-crecimiento-composites\\\/\",\"name\":\"El veh\u00edculo el\u00e9ctrico empujar\u00e1 el crecimiento del mercado de composites\",\"isPartOf\":{\"@id\":\"https:\\\/\\\/eurecat.org\\\/es\\\/#website\"},\"primaryImageOfPage\":{\"@id\":\"https:\\\/\\\/eurecat.org\\\/es\\\/vehiculo-electrico-crecimiento-composites\\\/#primaryimage\"},\"image\":{\"@id\":\"https:\\\/\\\/eurecat.org\\\/es\\\/vehiculo-electrico-crecimiento-composites\\\/#primaryimage\"},\"thumbnailUrl\":\"https:\\\/\\\/eurecat.org\\\/wp-content\\\/uploads\\\/2021\\\/06\\\/Eurecat-JEC-Composites_930x515px.jpg\",\"datePublished\":\"2021-06-01T09:44:54+00:00\",\"dateModified\":\"2021-06-01T09:59:13+00:00\",\"author\":{\"@id\":\"https:\\\/\\\/eurecat.org\\\/es\\\/#\\\/schema\\\/person\\\/8342992d6929ad043b305d3cac68b3f4\"},\"description\":\"El veh\u00edculo el\u00e9ctrico empujar\u00e1 el crecimiento del mercado de composites, seg\u00fan el centro tecnol\u00f3gico Eurecat\",\"breadcrumb\":{\"@id\":\"https:\\\/\\\/eurecat.org\\\/es\\\/vehiculo-electrico-crecimiento-composites\\\/#breadcrumb\"},\"inLanguage\":\"es\",\"potentialAction\":[{\"@type\":\"ReadAction\",\"target\":[\"https:\\\/\\\/eurecat.org\\\/es\\\/vehiculo-electrico-crecimiento-composites\\\/\"]}]},{\"@type\":\"ImageObject\",\"inLanguage\":\"es\",\"@id\":\"https:\\\/\\\/eurecat.org\\\/es\\\/vehiculo-electrico-crecimiento-composites\\\/#primaryimage\",\"url\":\"https:\\\/\\\/eurecat.org\\\/wp-content\\\/uploads\\\/2021\\\/06\\\/Eurecat-JEC-Composites_930x515px.jpg\",\"contentUrl\":\"https:\\\/\\\/eurecat.org\\\/wp-content\\\/uploads\\\/2021\\\/06\\\/Eurecat-JEC-Composites_930x515px.jpg\",\"width\":930,\"height\":515,\"caption\":\"eurecat jec composites\"},{\"@type\":\"BreadcrumbList\",\"@id\":\"https:\\\/\\\/eurecat.org\\\/es\\\/vehiculo-electrico-crecimiento-composites\\\/#breadcrumb\",\"itemListElement\":[{\"@type\":\"ListItem\",\"position\":1,\"name\":\"Inici\",\"item\":\"https:\\\/\\\/eurecat.org\\\/es\\\/\"},{\"@type\":\"ListItem\",\"position\":2,\"name\":\"El veh\u00edculo el\u00e9ctrico empujar\u00e1 el crecimiento del mercado de composites\"}]},{\"@type\":\"WebSite\",\"@id\":\"https:\\\/\\\/eurecat.org\\\/es\\\/#website\",\"url\":\"https:\\\/\\\/eurecat.org\\\/es\\\/\",\"name\":\"Eurecat\",\"description\":\"Otro sitio realizado con WordPress\",\"potentialAction\":[{\"@type\":\"SearchAction\",\"target\":{\"@type\":\"EntryPoint\",\"urlTemplate\":\"https:\\\/\\\/eurecat.org\\\/es\\\/?s={search_term_string}\"},\"query-input\":{\"@type\":\"PropertyValueSpecification\",\"valueRequired\":true,\"valueName\":\"search_term_string\"}}],\"inLanguage\":\"es\"},{\"@type\":\"Person\",\"@id\":\"https:\\\/\\\/eurecat.org\\\/es\\\/#\\\/schema\\\/person\\\/8342992d6929ad043b305d3cac68b3f4\",\"name\":\"eurecatNG\",\"image\":{\"@type\":\"ImageObject\",\"inLanguage\":\"es\",\"@id\":\"https:\\\/\\\/secure.gravatar.com\\\/avatar\\\/63200cb70ae4f15a0f673050f36df149dba802bea7614e8f838aaccfcf8ea11d?s=96&d=mm&r=g\",\"url\":\"https:\\\/\\\/secure.gravatar.com\\\/avatar\\\/63200cb70ae4f15a0f673050f36df149dba802bea7614e8f838aaccfcf8ea11d?s=96&d=mm&r=g\",\"contentUrl\":\"https:\\\/\\\/secure.gravatar.com\\\/avatar\\\/63200cb70ae4f15a0f673050f36df149dba802bea7614e8f838aaccfcf8ea11d?s=96&d=mm&r=g\",\"caption\":\"eurecatNG\"}}]}<\/script>\n<!-- \/ Yoast SEO plugin. -->","yoast_head_json":{"title":"El veh\u00edculo el\u00e9ctrico empujar\u00e1 el crecimiento del mercado de composites","description":"El veh\u00edculo el\u00e9ctrico empujar\u00e1 el crecimiento del mercado de composites, seg\u00fan el centro tecnol\u00f3gico Eurecat","robots":{"index":"index","follow":"follow","max-snippet":"max-snippet:-1","max-image-preview":"max-image-preview:large","max-video-preview":"max-video-preview:-1"},"canonical":"https:\/\/eurecat.org\/es\/vehiculo-electrico-crecimiento-composites\/","og_locale":"es_ES","og_type":"article","og_title":"El veh\u00edculo el\u00e9ctrico empujar\u00e1 el crecimiento del mercado de composites","og_description":"El veh\u00edculo el\u00e9ctrico empujar\u00e1 el crecimiento del mercado de composites, seg\u00fan el centro tecnol\u00f3gico Eurecat","og_url":"https:\/\/eurecat.org\/es\/vehiculo-electrico-crecimiento-composites\/","og_site_name":"Eurecat","article_published_time":"2021-06-01T09:44:54+00:00","article_modified_time":"2021-06-01T09:59:13+00:00","og_image":[{"width":930,"height":515,"url":"https:\/\/eurecat.org\/wp-content\/uploads\/2021\/06\/Eurecat-JEC-Composites_930x515px.jpg","type":"image\/jpeg"}],"author":"eurecatNG","twitter_card":"summary_large_image","twitter_misc":{"Escrito por":"eurecatNG","Tiempo de lectura":"3 minutos"},"schema":{"@context":"https:\/\/schema.org","@graph":[{"@type":"Article","@id":"https:\/\/eurecat.org\/es\/vehiculo-electrico-crecimiento-composites\/#article","isPartOf":{"@id":"https:\/\/eurecat.org\/es\/vehiculo-electrico-crecimiento-composites\/"},"author":{"name":"eurecatNG","@id":"https:\/\/eurecat.org\/es\/#\/schema\/person\/8342992d6929ad043b305d3cac68b3f4"},"headline":"El veh\u00edculo el\u00e9ctrico empujar\u00e1 el crecimiento del mercado de composites","datePublished":"2021-06-01T09:44:54+00:00","dateModified":"2021-06-01T09:59:13+00:00","mainEntityOfPage":{"@id":"https:\/\/eurecat.org\/es\/vehiculo-electrico-crecimiento-composites\/"},"wordCount":655,"commentCount":0,"image":{"@id":"https:\/\/eurecat.org\/es\/vehiculo-electrico-crecimiento-composites\/#primaryimage"},"thumbnailUrl":"https:\/\/eurecat.org\/wp-content\/uploads\/2021\/06\/Eurecat-JEC-Composites_930x515px.jpg","articleSection":["Ferias","Materiales Composites","Notas de prensa"],"inLanguage":"es","potentialAction":[{"@type":"CommentAction","name":"Comment","target":["https:\/\/eurecat.org\/es\/vehiculo-electrico-crecimiento-composites\/#respond"]}]},{"@type":"WebPage","@id":"https:\/\/eurecat.org\/es\/vehiculo-electrico-crecimiento-composites\/","url":"https:\/\/eurecat.org\/es\/vehiculo-electrico-crecimiento-composites\/","name":"El veh\u00edculo el\u00e9ctrico empujar\u00e1 el crecimiento del mercado de composites","isPartOf":{"@id":"https:\/\/eurecat.org\/es\/#website"},"primaryImageOfPage":{"@id":"https:\/\/eurecat.org\/es\/vehiculo-electrico-crecimiento-composites\/#primaryimage"},"image":{"@id":"https:\/\/eurecat.org\/es\/vehiculo-electrico-crecimiento-composites\/#primaryimage"},"thumbnailUrl":"https:\/\/eurecat.org\/wp-content\/uploads\/2021\/06\/Eurecat-JEC-Composites_930x515px.jpg","datePublished":"2021-06-01T09:44:54+00:00","dateModified":"2021-06-01T09:59:13+00:00","author":{"@id":"https:\/\/eurecat.org\/es\/#\/schema\/person\/8342992d6929ad043b305d3cac68b3f4"},"description":"El veh\u00edculo el\u00e9ctrico empujar\u00e1 el crecimiento del mercado de composites, seg\u00fan el centro tecnol\u00f3gico Eurecat","breadcrumb":{"@id":"https:\/\/eurecat.org\/es\/vehiculo-electrico-crecimiento-composites\/#breadcrumb"},"inLanguage":"es","potentialAction":[{"@type":"ReadAction","target":["https:\/\/eurecat.org\/es\/vehiculo-electrico-crecimiento-composites\/"]}]},{"@type":"ImageObject","inLanguage":"es","@id":"https:\/\/eurecat.org\/es\/vehiculo-electrico-crecimiento-composites\/#primaryimage","url":"https:\/\/eurecat.org\/wp-content\/uploads\/2021\/06\/Eurecat-JEC-Composites_930x515px.jpg","contentUrl":"https:\/\/eurecat.org\/wp-content\/uploads\/2021\/06\/Eurecat-JEC-Composites_930x515px.jpg","width":930,"height":515,"caption":"eurecat jec composites"},{"@type":"BreadcrumbList","@id":"https:\/\/eurecat.org\/es\/vehiculo-electrico-crecimiento-composites\/#breadcrumb","itemListElement":[{"@type":"ListItem","position":1,"name":"Inici","item":"https:\/\/eurecat.org\/es\/"},{"@type":"ListItem","position":2,"name":"El veh\u00edculo el\u00e9ctrico empujar\u00e1 el crecimiento del mercado de composites"}]},{"@type":"WebSite","@id":"https:\/\/eurecat.org\/es\/#website","url":"https:\/\/eurecat.org\/es\/","name":"Eurecat","description":"Otro sitio realizado con WordPress","potentialAction":[{"@type":"SearchAction","target":{"@type":"EntryPoint","urlTemplate":"https:\/\/eurecat.org\/es\/?s={search_term_string}"},"query-input":{"@type":"PropertyValueSpecification","valueRequired":true,"valueName":"search_term_string"}}],"inLanguage":"es"},{"@type":"Person","@id":"https:\/\/eurecat.org\/es\/#\/schema\/person\/8342992d6929ad043b305d3cac68b3f4","name":"eurecatNG","image":{"@type":"ImageObject","inLanguage":"es","@id":"https:\/\/secure.gravatar.com\/avatar\/63200cb70ae4f15a0f673050f36df149dba802bea7614e8f838aaccfcf8ea11d?s=96&d=mm&r=g","url":"https:\/\/secure.gravatar.com\/avatar\/63200cb70ae4f15a0f673050f36df149dba802bea7614e8f838aaccfcf8ea11d?s=96&d=mm&r=g","contentUrl":"https:\/\/secure.gravatar.com\/avatar\/63200cb70ae4f15a0f673050f36df149dba802bea7614e8f838aaccfcf8ea11d?s=96&d=mm&r=g","caption":"eurecatNG"}}]}},"_links":{"self":[{"href":"https:\/\/eurecat.org\/es\/wp-json\/wp\/v2\/posts\/115123","targetHints":{"allow":["GET"]}}],"collection":[{"href":"https:\/\/eurecat.org\/es\/wp-json\/wp\/v2\/posts"}],"about":[{"href":"https:\/\/eurecat.org\/es\/wp-json\/wp\/v2\/types\/post"}],"author":[{"embeddable":true,"href":"https:\/\/eurecat.org\/es\/wp-json\/wp\/v2\/users\/27"}],"replies":[{"embeddable":true,"href":"https:\/\/eurecat.org\/es\/wp-json\/wp\/v2\/comments?post=115123"}],"version-history":[{"count":0,"href":"https:\/\/eurecat.org\/es\/wp-json\/wp\/v2\/posts\/115123\/revisions"}],"wp:featuredmedia":[{"embeddable":true,"href":"https:\/\/eurecat.org\/es\/wp-json\/wp\/v2\/media\/115121"}],"wp:attachment":[{"href":"https:\/\/eurecat.org\/es\/wp-json\/wp\/v2\/media?parent=115123"}],"wp:term":[{"taxonomy":"category","embeddable":true,"href":"https:\/\/eurecat.org\/es\/wp-json\/wp\/v2\/categories?post=115123"},{"taxonomy":"post_tag","embeddable":true,"href":"https:\/\/eurecat.org\/es\/wp-json\/wp\/v2\/tags?post=115123"}],"curies":[{"name":"wp","href":"https:\/\/api.w.org\/{rel}","templated":true}]}}