{"id":115150,"date":"2021-06-02T10:07:19","date_gmt":"2021-06-02T09:07:19","guid":{"rendered":"https:\/\/eurecat.org\/?p=115150"},"modified":"2021-06-02T10:19:28","modified_gmt":"2021-06-02T09:19:28","slug":"interes-medio-ambiente-motor-recuperacion-sectores-economicos","status":"publish","type":"post","link":"https:\/\/eurecat.org\/es\/interes-medio-ambiente-motor-recuperacion-sectores-economicos\/","title":{"rendered":"El inter\u00e9s por el medio ambiente, motor de recuperaci\u00f3n en todos los sectores econ\u00f3micos"},"content":{"rendered":"<p>El inter\u00e9s por el <strong>medio ambiente<\/strong> \u201ces un motor de recuperaci\u00f3n en todos los sectores econ\u00f3micos y tanto para las grandes como para las peque\u00f1as y medianas empresas\u201d, con un \u201cpotencial importante para la aplicaci\u00f3n de la econom\u00eda circular en segmentos como el agroalimentario, el qu\u00edmico, el transporte, la construcci\u00f3n y la manufactura de maquinaria, entre otros\u201d, de acuerdo con el director del \u00c1rea de Sostenibilidad del centro tecnol\u00f3gico <strong><a href=\"http:\/\/eurecat.org\/es\/\" target=\"_blank\" rel=\"noopener\">Eurecat<\/a><\/strong>, Miquel Rovira.<\/p>\n<p>En este sentido, Eurecat muestra esta semana en la feria virtual <strong>EU Green Week<\/strong> \u2018Contaminaci\u00f3n cero para una poblaci\u00f3n y un planeta m\u00e1s sanos\u2019 proyectos europeos que lleva adelante en los \u00e1mbitos de la sostenibilidad, la descarbonizaci\u00f3n y la gesti\u00f3n y valorizaci\u00f3n de residuos, entre otros, para avanzar en la l\u00ednea de los Objetivos de Desarrollo Sostenible de las Naciones Unidas y del Green Deal.<\/p>\n<p>\u201cLa introducci\u00f3n de tecnolog\u00edas disruptivas en t\u00e9rminos de sostenibilidad y circularidad en los diversos sectores productivos es un factor clave para generar un impacto positivo para la sociedad y para el planeta\u201d, afirma Miquel Rovira.<\/p>\n<p>En esta l\u00ednea, el centro tecnol\u00f3gico presenta en su estand virtual proyectos como <strong>Life iBATHWATER<\/strong>, que tiene por objetivo probar un nuevo sistema de gesti\u00f3n integrado de la red de alcantarillado urbana, que incluir\u00e1 un sistema de soluciones destinado a controlar y a reducir el impacto de los vertidos de aguas residuales no tratadas durante los episodios de tormentas.<\/p>\n<p>En el \u00e1mbito de la industria qu\u00edmica, Eurecat coordina el proyecto europeo <strong>Life Rewatch<\/strong>, que est\u00e1 demostrando a escala piloto un nuevo sistema de tratamiento del agua residual procedente de la industria petroqu\u00edmica en una de las plantas de producci\u00f3n que DOW Chemical Ib\u00e9rica tiene en Tarragona, que permite obtener agua regenerada de alta calidad susceptible de ser utilizada en esta misma actividad industrial.<\/p>\n<p>En la feria EU Green Week, Eurecat presentar\u00e1 tambi\u00e9n el proyecto europeo <strong>SunCoChem<\/strong>, coordinado por el centro tecnol\u00f3gico, en el webinar \u201c<strong><a href=\"https:\/\/www.eventbrite.com\/e\/towards-zero-pollution-in-the-production-of-green-fuels-and-chemicals-tickets-146321745279\" target=\"_blank\" rel=\"noopener\">Towards Zero Pollution in the Production of Green Fuels and Chemicals<\/a><\/strong>\u201d, que tendr\u00e1 lugar el 4 de junio de 10.00 a 12.30 h. Enmarcado dentro del concepto de qu\u00edmica sostenible, SunCoChem \u201cdesarrollar\u00e1 un reactor para fabricar productos qu\u00edmicos a partir de energ\u00edas renovables basadas en el di\u00f3xido de carbono (CO2) recuperado de la misma industria qu\u00edmica y con la ayuda de energ\u00eda solar\u201d, explica el director de la Unidad de Tecnolog\u00eda Qu\u00edmica de Eurecat, Ricard Garcia Valls.<\/p>\n<p>Buscar nuevos catalizadores y nuevos procesos para que la industria de transformaci\u00f3n de petr\u00f3leo sea m\u00e1s sostenible desde el punto de vista medioambiental y econ\u00f3mico es el objetivo de <strong>BiZeolCat<\/strong>, un proyecto que comparte la visi\u00f3n de una econom\u00eda innovadora y sostenible basada en principios de econom\u00eda circular como el uso eficiente de los recursos.<\/p>\n<p>Por su parte, el proyecto <strong>Life Solieva<\/strong> tiene el objetivo de aumentar la eficiencia del uso de recursos en el proceso de producci\u00f3n de aceitunas de mesa y disminuir el impacto ambiental del sector, contribuyendo a la implementaci\u00f3n de la estrategia de econom\u00eda circular de la Comisi\u00f3n Europea, mediante la recuperaci\u00f3n de un gran porcentaje de agua, de reactivos y de compuestos org\u00e1nicos, como los polifenoles.<\/p>\n","protected":false},"excerpt":{"rendered":"<p>El inter\u00e9s por el medio ambiente \u201ces un motor de recuperaci\u00f3n en todos los sectores econ\u00f3micos y tanto para las grandes como para las peque\u00f1as y medianas empresas\u201d, con un \u201cpotencial importante para la aplicaci\u00f3n de la econom\u00eda circular en segmentos como el agroalimentario, el qu\u00edmico, el transporte, la construcci\u00f3n y la manufactura de maquinaria,  [&#8230;]<\/p>\n","protected":false},"author":27,"featured_media":115147,"comment_status":"open","ping_status":"closed","sticky":false,"template":"","format":"standard","meta":{"footnotes":""},"categories":[727,134,1759,411],"tags":[],"class_list":["post-115150","post","type-post","status-publish","format-standard","has-post-thumbnail","hentry","category-ferias","category-notas-de-prensa","category-quimica-es","category-sostenibilidad"],"yoast_head":"<!-- This site is optimized with the Yoast SEO plugin v27.4 - https:\/\/yoast.com\/product\/yoast-seo-wordpress\/ -->\n<title>El inter\u00e9s por el medio ambiente, motor de recuperaci\u00f3n<\/title>\n<meta name=\"description\" content=\"El inter\u00e9s por el medio ambiente, motor de recuperaci\u00f3n en todos los sectores econ\u00f3micos y para las grandes y peque\u00f1as y medianas empresas\" \/>\n<meta name=\"robots\" content=\"index, follow, max-snippet:-1, max-image-preview:large, max-video-preview:-1\" \/>\n<link rel=\"canonical\" href=\"https:\/\/eurecat.org\/es\/interes-medio-ambiente-motor-recuperacion-sectores-economicos\/\" \/>\n<meta property=\"og:locale\" content=\"es_ES\" \/>\n<meta property=\"og:type\" content=\"article\" \/>\n<meta property=\"og:title\" content=\"El inter\u00e9s por el medio ambiente, motor de recuperaci\u00f3n\" \/>\n<meta property=\"og:description\" content=\"El inter\u00e9s por el medio ambiente, motor de recuperaci\u00f3n en todos los sectores econ\u00f3micos y para las grandes y peque\u00f1as y medianas empresas\" \/>\n<meta property=\"og:url\" content=\"https:\/\/eurecat.org\/es\/interes-medio-ambiente-motor-recuperacion-sectores-economicos\/\" \/>\n<meta property=\"og:site_name\" content=\"Eurecat\" \/>\n<meta property=\"article:published_time\" content=\"2021-06-02T09:07:19+00:00\" \/>\n<meta property=\"article:modified_time\" content=\"2021-06-02T09:19:28+00:00\" \/>\n<meta property=\"og:image\" content=\"https:\/\/eurecat.org\/wp-content\/uploads\/2021\/06\/Eurecat-EU-Green-Week_930x515px.jpg\" \/>\n\t<meta property=\"og:image:width\" content=\"930\" \/>\n\t<meta property=\"og:image:height\" content=\"515\" \/>\n\t<meta property=\"og:image:type\" content=\"image\/jpeg\" \/>\n<meta name=\"author\" content=\"eurecatNG\" \/>\n<meta name=\"twitter:card\" content=\"summary_large_image\" \/>\n<meta name=\"twitter:label1\" content=\"Escrito por\" \/>\n\t<meta name=\"twitter:data1\" content=\"eurecatNG\" \/>\n\t<meta name=\"twitter:label2\" content=\"Tiempo de lectura\" \/>\n\t<meta name=\"twitter:data2\" content=\"3 minutos\" \/>\n<script type=\"application\/ld+json\" class=\"yoast-schema-graph\">{\"@context\":\"https:\\\/\\\/schema.org\",\"@graph\":[{\"@type\":\"Article\",\"@id\":\"https:\\\/\\\/eurecat.org\\\/es\\\/interes-medio-ambiente-motor-recuperacion-sectores-economicos\\\/#article\",\"isPartOf\":{\"@id\":\"https:\\\/\\\/eurecat.org\\\/es\\\/interes-medio-ambiente-motor-recuperacion-sectores-economicos\\\/\"},\"author\":{\"name\":\"eurecatNG\",\"@id\":\"https:\\\/\\\/eurecat.org\\\/es\\\/#\\\/schema\\\/person\\\/8342992d6929ad043b305d3cac68b3f4\"},\"headline\":\"El inter\u00e9s por el medio ambiente, motor de recuperaci\u00f3n en todos los sectores econ\u00f3micos\",\"datePublished\":\"2021-06-02T09:07:19+00:00\",\"dateModified\":\"2021-06-02T09:19:28+00:00\",\"mainEntityOfPage\":{\"@id\":\"https:\\\/\\\/eurecat.org\\\/es\\\/interes-medio-ambiente-motor-recuperacion-sectores-economicos\\\/\"},\"wordCount\":577,\"commentCount\":0,\"image\":{\"@id\":\"https:\\\/\\\/eurecat.org\\\/es\\\/interes-medio-ambiente-motor-recuperacion-sectores-economicos\\\/#primaryimage\"},\"thumbnailUrl\":\"https:\\\/\\\/eurecat.org\\\/wp-content\\\/uploads\\\/2021\\\/06\\\/Eurecat-EU-Green-Week_930x515px.jpg\",\"articleSection\":[\"Ferias\",\"Notas de prensa\",\"Qu\u00edmica\",\"Sostenibilidad\"],\"inLanguage\":\"es\",\"potentialAction\":[{\"@type\":\"CommentAction\",\"name\":\"Comment\",\"target\":[\"https:\\\/\\\/eurecat.org\\\/es\\\/interes-medio-ambiente-motor-recuperacion-sectores-economicos\\\/#respond\"]}]},{\"@type\":\"WebPage\",\"@id\":\"https:\\\/\\\/eurecat.org\\\/es\\\/interes-medio-ambiente-motor-recuperacion-sectores-economicos\\\/\",\"url\":\"https:\\\/\\\/eurecat.org\\\/es\\\/interes-medio-ambiente-motor-recuperacion-sectores-economicos\\\/\",\"name\":\"El inter\u00e9s por el medio ambiente, motor de recuperaci\u00f3n\",\"isPartOf\":{\"@id\":\"https:\\\/\\\/eurecat.org\\\/es\\\/#website\"},\"primaryImageOfPage\":{\"@id\":\"https:\\\/\\\/eurecat.org\\\/es\\\/interes-medio-ambiente-motor-recuperacion-sectores-economicos\\\/#primaryimage\"},\"image\":{\"@id\":\"https:\\\/\\\/eurecat.org\\\/es\\\/interes-medio-ambiente-motor-recuperacion-sectores-economicos\\\/#primaryimage\"},\"thumbnailUrl\":\"https:\\\/\\\/eurecat.org\\\/wp-content\\\/uploads\\\/2021\\\/06\\\/Eurecat-EU-Green-Week_930x515px.jpg\",\"datePublished\":\"2021-06-02T09:07:19+00:00\",\"dateModified\":\"2021-06-02T09:19:28+00:00\",\"author\":{\"@id\":\"https:\\\/\\\/eurecat.org\\\/es\\\/#\\\/schema\\\/person\\\/8342992d6929ad043b305d3cac68b3f4\"},\"description\":\"El inter\u00e9s por el medio ambiente, motor de recuperaci\u00f3n en todos los sectores econ\u00f3micos y para las grandes y peque\u00f1as y medianas empresas\",\"breadcrumb\":{\"@id\":\"https:\\\/\\\/eurecat.org\\\/es\\\/interes-medio-ambiente-motor-recuperacion-sectores-economicos\\\/#breadcrumb\"},\"inLanguage\":\"es\",\"potentialAction\":[{\"@type\":\"ReadAction\",\"target\":[\"https:\\\/\\\/eurecat.org\\\/es\\\/interes-medio-ambiente-motor-recuperacion-sectores-economicos\\\/\"]}]},{\"@type\":\"ImageObject\",\"inLanguage\":\"es\",\"@id\":\"https:\\\/\\\/eurecat.org\\\/es\\\/interes-medio-ambiente-motor-recuperacion-sectores-economicos\\\/#primaryimage\",\"url\":\"https:\\\/\\\/eurecat.org\\\/wp-content\\\/uploads\\\/2021\\\/06\\\/Eurecat-EU-Green-Week_930x515px.jpg\",\"contentUrl\":\"https:\\\/\\\/eurecat.org\\\/wp-content\\\/uploads\\\/2021\\\/06\\\/Eurecat-EU-Green-Week_930x515px.jpg\",\"width\":930,\"height\":515,\"caption\":\"eurecat medio ambiente EU Green Week\"},{\"@type\":\"BreadcrumbList\",\"@id\":\"https:\\\/\\\/eurecat.org\\\/es\\\/interes-medio-ambiente-motor-recuperacion-sectores-economicos\\\/#breadcrumb\",\"itemListElement\":[{\"@type\":\"ListItem\",\"position\":1,\"name\":\"Inici\",\"item\":\"https:\\\/\\\/eurecat.org\\\/es\\\/\"},{\"@type\":\"ListItem\",\"position\":2,\"name\":\"El inter\u00e9s por el medio ambiente, motor de recuperaci\u00f3n en todos los sectores econ\u00f3micos\"}]},{\"@type\":\"WebSite\",\"@id\":\"https:\\\/\\\/eurecat.org\\\/es\\\/#website\",\"url\":\"https:\\\/\\\/eurecat.org\\\/es\\\/\",\"name\":\"Eurecat\",\"description\":\"Otro sitio realizado con WordPress\",\"potentialAction\":[{\"@type\":\"SearchAction\",\"target\":{\"@type\":\"EntryPoint\",\"urlTemplate\":\"https:\\\/\\\/eurecat.org\\\/es\\\/?s={search_term_string}\"},\"query-input\":{\"@type\":\"PropertyValueSpecification\",\"valueRequired\":true,\"valueName\":\"search_term_string\"}}],\"inLanguage\":\"es\"},{\"@type\":\"Person\",\"@id\":\"https:\\\/\\\/eurecat.org\\\/es\\\/#\\\/schema\\\/person\\\/8342992d6929ad043b305d3cac68b3f4\",\"name\":\"eurecatNG\",\"image\":{\"@type\":\"ImageObject\",\"inLanguage\":\"es\",\"@id\":\"https:\\\/\\\/secure.gravatar.com\\\/avatar\\\/63200cb70ae4f15a0f673050f36df149dba802bea7614e8f838aaccfcf8ea11d?s=96&d=mm&r=g\",\"url\":\"https:\\\/\\\/secure.gravatar.com\\\/avatar\\\/63200cb70ae4f15a0f673050f36df149dba802bea7614e8f838aaccfcf8ea11d?s=96&d=mm&r=g\",\"contentUrl\":\"https:\\\/\\\/secure.gravatar.com\\\/avatar\\\/63200cb70ae4f15a0f673050f36df149dba802bea7614e8f838aaccfcf8ea11d?s=96&d=mm&r=g\",\"caption\":\"eurecatNG\"}}]}<\/script>\n<!-- \/ Yoast SEO plugin. -->","yoast_head_json":{"title":"El inter\u00e9s por el medio ambiente, motor de recuperaci\u00f3n","description":"El inter\u00e9s por el medio ambiente, motor de recuperaci\u00f3n en todos los sectores econ\u00f3micos y para las grandes y peque\u00f1as y medianas empresas","robots":{"index":"index","follow":"follow","max-snippet":"max-snippet:-1","max-image-preview":"max-image-preview:large","max-video-preview":"max-video-preview:-1"},"canonical":"https:\/\/eurecat.org\/es\/interes-medio-ambiente-motor-recuperacion-sectores-economicos\/","og_locale":"es_ES","og_type":"article","og_title":"El inter\u00e9s por el medio ambiente, motor de recuperaci\u00f3n","og_description":"El inter\u00e9s por el medio ambiente, motor de recuperaci\u00f3n en todos los sectores econ\u00f3micos y para las grandes y peque\u00f1as y medianas empresas","og_url":"https:\/\/eurecat.org\/es\/interes-medio-ambiente-motor-recuperacion-sectores-economicos\/","og_site_name":"Eurecat","article_published_time":"2021-06-02T09:07:19+00:00","article_modified_time":"2021-06-02T09:19:28+00:00","og_image":[{"width":930,"height":515,"url":"https:\/\/eurecat.org\/wp-content\/uploads\/2021\/06\/Eurecat-EU-Green-Week_930x515px.jpg","type":"image\/jpeg"}],"author":"eurecatNG","twitter_card":"summary_large_image","twitter_misc":{"Escrito por":"eurecatNG","Tiempo de lectura":"3 minutos"},"schema":{"@context":"https:\/\/schema.org","@graph":[{"@type":"Article","@id":"https:\/\/eurecat.org\/es\/interes-medio-ambiente-motor-recuperacion-sectores-economicos\/#article","isPartOf":{"@id":"https:\/\/eurecat.org\/es\/interes-medio-ambiente-motor-recuperacion-sectores-economicos\/"},"author":{"name":"eurecatNG","@id":"https:\/\/eurecat.org\/es\/#\/schema\/person\/8342992d6929ad043b305d3cac68b3f4"},"headline":"El inter\u00e9s por el medio ambiente, motor de recuperaci\u00f3n en todos los sectores econ\u00f3micos","datePublished":"2021-06-02T09:07:19+00:00","dateModified":"2021-06-02T09:19:28+00:00","mainEntityOfPage":{"@id":"https:\/\/eurecat.org\/es\/interes-medio-ambiente-motor-recuperacion-sectores-economicos\/"},"wordCount":577,"commentCount":0,"image":{"@id":"https:\/\/eurecat.org\/es\/interes-medio-ambiente-motor-recuperacion-sectores-economicos\/#primaryimage"},"thumbnailUrl":"https:\/\/eurecat.org\/wp-content\/uploads\/2021\/06\/Eurecat-EU-Green-Week_930x515px.jpg","articleSection":["Ferias","Notas de prensa","Qu\u00edmica","Sostenibilidad"],"inLanguage":"es","potentialAction":[{"@type":"CommentAction","name":"Comment","target":["https:\/\/eurecat.org\/es\/interes-medio-ambiente-motor-recuperacion-sectores-economicos\/#respond"]}]},{"@type":"WebPage","@id":"https:\/\/eurecat.org\/es\/interes-medio-ambiente-motor-recuperacion-sectores-economicos\/","url":"https:\/\/eurecat.org\/es\/interes-medio-ambiente-motor-recuperacion-sectores-economicos\/","name":"El inter\u00e9s por el medio ambiente, motor de recuperaci\u00f3n","isPartOf":{"@id":"https:\/\/eurecat.org\/es\/#website"},"primaryImageOfPage":{"@id":"https:\/\/eurecat.org\/es\/interes-medio-ambiente-motor-recuperacion-sectores-economicos\/#primaryimage"},"image":{"@id":"https:\/\/eurecat.org\/es\/interes-medio-ambiente-motor-recuperacion-sectores-economicos\/#primaryimage"},"thumbnailUrl":"https:\/\/eurecat.org\/wp-content\/uploads\/2021\/06\/Eurecat-EU-Green-Week_930x515px.jpg","datePublished":"2021-06-02T09:07:19+00:00","dateModified":"2021-06-02T09:19:28+00:00","author":{"@id":"https:\/\/eurecat.org\/es\/#\/schema\/person\/8342992d6929ad043b305d3cac68b3f4"},"description":"El inter\u00e9s por el medio ambiente, motor de recuperaci\u00f3n en todos los sectores econ\u00f3micos y para las grandes y peque\u00f1as y medianas empresas","breadcrumb":{"@id":"https:\/\/eurecat.org\/es\/interes-medio-ambiente-motor-recuperacion-sectores-economicos\/#breadcrumb"},"inLanguage":"es","potentialAction":[{"@type":"ReadAction","target":["https:\/\/eurecat.org\/es\/interes-medio-ambiente-motor-recuperacion-sectores-economicos\/"]}]},{"@type":"ImageObject","inLanguage":"es","@id":"https:\/\/eurecat.org\/es\/interes-medio-ambiente-motor-recuperacion-sectores-economicos\/#primaryimage","url":"https:\/\/eurecat.org\/wp-content\/uploads\/2021\/06\/Eurecat-EU-Green-Week_930x515px.jpg","contentUrl":"https:\/\/eurecat.org\/wp-content\/uploads\/2021\/06\/Eurecat-EU-Green-Week_930x515px.jpg","width":930,"height":515,"caption":"eurecat medio ambiente EU Green Week"},{"@type":"BreadcrumbList","@id":"https:\/\/eurecat.org\/es\/interes-medio-ambiente-motor-recuperacion-sectores-economicos\/#breadcrumb","itemListElement":[{"@type":"ListItem","position":1,"name":"Inici","item":"https:\/\/eurecat.org\/es\/"},{"@type":"ListItem","position":2,"name":"El inter\u00e9s por el medio ambiente, motor de recuperaci\u00f3n en todos los sectores econ\u00f3micos"}]},{"@type":"WebSite","@id":"https:\/\/eurecat.org\/es\/#website","url":"https:\/\/eurecat.org\/es\/","name":"Eurecat","description":"Otro sitio realizado con WordPress","potentialAction":[{"@type":"SearchAction","target":{"@type":"EntryPoint","urlTemplate":"https:\/\/eurecat.org\/es\/?s={search_term_string}"},"query-input":{"@type":"PropertyValueSpecification","valueRequired":true,"valueName":"search_term_string"}}],"inLanguage":"es"},{"@type":"Person","@id":"https:\/\/eurecat.org\/es\/#\/schema\/person\/8342992d6929ad043b305d3cac68b3f4","name":"eurecatNG","image":{"@type":"ImageObject","inLanguage":"es","@id":"https:\/\/secure.gravatar.com\/avatar\/63200cb70ae4f15a0f673050f36df149dba802bea7614e8f838aaccfcf8ea11d?s=96&d=mm&r=g","url":"https:\/\/secure.gravatar.com\/avatar\/63200cb70ae4f15a0f673050f36df149dba802bea7614e8f838aaccfcf8ea11d?s=96&d=mm&r=g","contentUrl":"https:\/\/secure.gravatar.com\/avatar\/63200cb70ae4f15a0f673050f36df149dba802bea7614e8f838aaccfcf8ea11d?s=96&d=mm&r=g","caption":"eurecatNG"}}]}},"_links":{"self":[{"href":"https:\/\/eurecat.org\/es\/wp-json\/wp\/v2\/posts\/115150","targetHints":{"allow":["GET"]}}],"collection":[{"href":"https:\/\/eurecat.org\/es\/wp-json\/wp\/v2\/posts"}],"about":[{"href":"https:\/\/eurecat.org\/es\/wp-json\/wp\/v2\/types\/post"}],"author":[{"embeddable":true,"href":"https:\/\/eurecat.org\/es\/wp-json\/wp\/v2\/users\/27"}],"replies":[{"embeddable":true,"href":"https:\/\/eurecat.org\/es\/wp-json\/wp\/v2\/comments?post=115150"}],"version-history":[{"count":0,"href":"https:\/\/eurecat.org\/es\/wp-json\/wp\/v2\/posts\/115150\/revisions"}],"wp:featuredmedia":[{"embeddable":true,"href":"https:\/\/eurecat.org\/es\/wp-json\/wp\/v2\/media\/115147"}],"wp:attachment":[{"href":"https:\/\/eurecat.org\/es\/wp-json\/wp\/v2\/media?parent=115150"}],"wp:term":[{"taxonomy":"category","embeddable":true,"href":"https:\/\/eurecat.org\/es\/wp-json\/wp\/v2\/categories?post=115150"},{"taxonomy":"post_tag","embeddable":true,"href":"https:\/\/eurecat.org\/es\/wp-json\/wp\/v2\/tags?post=115150"}],"curies":[{"name":"wp","href":"https:\/\/api.w.org\/{rel}","templated":true}]}}