{"id":115527,"date":"2021-06-18T12:17:04","date_gmt":"2021-06-18T11:17:04","guid":{"rendered":"https:\/\/eurecat.org\/?p=115527"},"modified":"2021-08-31T08:38:57","modified_gmt":"2021-08-31T07:38:57","slug":"battech-centro-referencia-idi-baterias-sur-europa","status":"publish","type":"post","link":"https:\/\/eurecat.org\/es\/battech-centro-referencia-idi-baterias-sur-europa\/","title":{"rendered":"IREC y Eurecat crean Battech, el centro de referencia en I+D+i en bater\u00edas del sur de Europa"},"content":{"rendered":"<p>El <strong><a href=\"https:\/\/www.irec.cat\/\" target=\"_blank\" rel=\"noopener\">IREC<\/a><\/strong>, Instituto de Investigaci\u00f3n en Energ\u00eda de Catalu\u00f1a, y el centro tecnol\u00f3gico <strong><a href=\"https:\/\/eurecat.org\/es\/\" target=\"_blank\" rel=\"noopener\">Eurecat<\/a><\/strong> han creado <strong>Battech<\/strong>, un centro de referencia para cubrir toda la I+D+i del ecosistema de bater\u00edas del sur de Europa, que abarca la investigaci\u00f3n, desarrollo e innovaci\u00f3n de toda la cadena de valor de la pr\u00f3xima generaci\u00f3n de celdas y bater\u00edas el\u00e9ctricas para los mercados de la <strong>movilidad el\u00e9ctrica<\/strong>, las <strong>energ\u00edas renovables<\/strong> y los <strong>bienes de equipo<\/strong>.<\/p>\n<p>Con este fin, Battech establecer\u00e1 una unidad conjunta de investigaci\u00f3n, desarrollo, ensayo e innovaci\u00f3n especializada en el \u00e1mbito de las bater\u00edas, con el objetivo de mejorar la transferencia de conocimiento a la industria en este \u00e1mbito, desde una perspectiva enfocada a la econom\u00eda circular y la sostenibilidad de las bater\u00edas del futuro.<\/p>\n<p>En esta l\u00ednea, adem\u00e1s de las inversiones ya realizadas por los dos integrantes de la unidad conjunta, en el \u00e1mbito de las bater\u00edas durante los \u00faltimos 10 a\u00f1os, se prev\u00e9 que el desarrollo de Battech en los pr\u00f3ximos a\u00f1os signifique una inversi\u00f3n adicional de 5 millones de euros en equipamientos y la creaci\u00f3n de 15 nuevos puestos de trabajo de alta cualificaci\u00f3n.<\/p>\n<p>Battech no solo se orienta a las bater\u00edas de veh\u00edculo el\u00e9ctrico, sino tambi\u00e9n a las de apoyo a la red el\u00e9ctrica, con bater\u00edas de segunda vida o con bater\u00edas de nueva generaci\u00f3n, para compensar aquellos picos de demanda que las energ\u00edas renovables no puedan cubrir por falta de viento, sol o por un aumento de demanda repentino.<\/p>\n<p>Hay que tener presente que la transici\u00f3n energ\u00e9tica y la incorporaci\u00f3n masiva de renovables en la red provoca una variabilidad cada vez mayor en la generaci\u00f3n y en la demanda, que hacen imprescindible disponer de bater\u00edas estacionarias que garanticen la flexibilidad y la firmeza del sistema el\u00e9ctrico, mediante la regulaci\u00f3n de frecuencia, control de tensi\u00f3n, reducci\u00f3n de puntas de consumo, capacidad de recuperaci\u00f3n del sistema en caso de paradas o contingencias, entre otros elementos.<\/p>\n<p>Battech centrar\u00e1 sus actividades en los proyectos de I+D+i y servicios tecnol\u00f3gicos para empresas y proyectos competitivos nacionales e internacionales, a fin de generar y transferir conocimiento a la industria de las bater\u00edas.<\/p>\n<p>La iniciativa se dirige a empresas fabricantes y consumidoras de bater\u00edas el\u00e9ctricas, empresas del sector automoci\u00f3n y de la movilidad el\u00e9ctrica en general, empresas del sector energ\u00e9tico y bienes de equipos, organismos p\u00fablicos del \u00e1mbito a nivel regional, nacional e internacional, cl\u00fasteres, asociaciones y plataformas.<\/p>\n<p>La actividad de Battech se enfocar\u00e1 en acelerar la investigaci\u00f3n y la innovaci\u00f3n en celdas y bater\u00edas el\u00e9ctricas y cubrir\u00e1 la I+D+i de toda la cadena de valor, englobando el ecodise\u00f1o, nuevos materiales, ensayo y validaci\u00f3n, ensamblaje, industrializaci\u00f3n, segunda vida y circularidad de la pr\u00f3xima generaci\u00f3n de celdas y bater\u00edas el\u00e9ctricas.<\/p>\n<p>En este sentido, Battech proporcionar\u00e1 a la industria competencias complementarias dot\u00e1ndola con recursos humanos, equipos y materiales en el \u00e1mbito de la investigaci\u00f3n y desarrollo tecnol\u00f3gico en el campo de las bater\u00edas.<\/p>\n<p>El Secretario de Empresa y Competitividad de la Generalitat de Catalunya, <strong>Albert Castellanos<\/strong>, ha destacado que \u201cpara el Departamento de Empresa y Trabajo, el hecho de poder acompa\u00f1ar este proyecto supone una gran oportunidad para constatar, una vez m\u00e1s, la excelencia de nuestro ecosistema de investigaci\u00f3n e innovaci\u00f3n, especialmente en un \u00e1mbito fundamental para el futuro de la econom\u00eda catalana como es el de la automoci\u00f3n\u201d.<\/p>\n<p>Por su parte, el presidente de Eurecat, <strong>Xavier Torra<\/strong>, ha puesto de relieve que \u201cel fin de Battech es avanzar hacia una innovaci\u00f3n con impacto industrial, econ\u00f3mico y social, en el \u00e1mbito de las bater\u00edas y la movilidad el\u00e9ctrica, ligera y ecol\u00f3gica\u201d.<\/p>\n<p>Seg\u00fan el director de Battech y coordinador del proyecto europeo Cobra, <strong>Jordi Jacas<\/strong>, \u201cla Unidad Conjunta se presenta como el coraz\u00f3n del battery hub para acelerar la investigaci\u00f3n y la innovaci\u00f3n en las bater\u00edas el\u00e9ctricas de nueva generaci\u00f3n\u201d. En este sentido, \u201cla complementariedad del IREC y Eurecat y de sus respectivos grupos de investigaci\u00f3n y unidades tecnol\u00f3gicas fortalece la capacidad y las posibilidades cient\u00edficas y t\u00e9cnicas de que disponen a nivel individual\u201d.<\/p>\n<p>IREC y Eurecat \u201csumamos capacidades, experiencia e infraestructuras con Battech, a partir de las cuales generaremos y transferiremos tecnolog\u00eda para el desarrollo de la bater\u00eda del futuro, de m\u00e1s alta densidad energ\u00e9tica, eficiente y sostenible\u201d, ha subrayado el director Cient\u00edfico de Battech y director del IREC, <strong>Joan Ramon Morante<\/strong>.<\/p>\n<p>El director general Corporativo y de Operaciones de Eurecat, <strong>Xavier L\u00f3pez<\/strong>, ha remarcado que \u201cse trata de una iniciativa que generar\u00e1 y transferir\u00e1 conocimiento a la industria, a fin de potenciar su competitividad en sectores que est\u00e1n inmersos en una profunda transformaci\u00f3n\u201d.<\/p>\n<p>De acuerdo con el director tecnol\u00f3gico de Battech y director de la Unidad de Proyectos Singulares y Laboratorios Transversales de Eurecat, <strong>Agust\u00ed Chico<\/strong>, el objetivo de Battech \u201ces avanzar hacia una innovaci\u00f3n con impacto industrial, econ\u00f3mico y social, que contribuya a posicionar Catalu\u00f1a, Espa\u00f1a y Europa en el \u00e1mbito de las bater\u00edas, la movilidad el\u00e9ctrica y la transici\u00f3n energ\u00e9tica\u201d.<\/p>\n<p>En palabras de la directora de Tecnolog\u00eda y Transferencia de Eurecat, <strong>Myriam Garc\u00eda-Berro<\/strong>, \u201cla nueva movilidad ser\u00e1 el\u00e9ctrica, conectada, compartida y aut\u00f3noma y la bater\u00eda es el centro de este cambio de paradigma hacia la electrificaci\u00f3n\u201d.<\/p>\n<h2>Movilidad sostenible<\/h2>\n<p>Battech se enmarca en el concepto de movilidad sostenible, con especial atenci\u00f3n en el estudio de nuevas f\u00f3rmulas de almacenamiento de energ\u00eda para allanar el camino de la introducci\u00f3n del veh\u00edculo el\u00e9ctrico, tanto del sector de la automoci\u00f3n como de fabricantes de puntos de recarga, entre otros.<\/p>\n<p>La iniciativa, adem\u00e1s, est\u00e1 alineada con el Acuerdo de Par\u00eds, el cual establece una reducci\u00f3n de las emisiones del 40 por ciento para 2030 a trav\u00e9s del desarrollo de bater\u00edas de m\u00e1s alta densidad energ\u00e9tica, eficientes y sostenibles para los veh\u00edculos el\u00e9ctricos. La iniciativa contribuye, tambi\u00e9n, a la New Industrial Strategy for Europe, el Circular Economy Action Plan y el Regulatory Framework for Sustainable Batteries, que forma parte de las acciones clave del European Green Deal.<\/p>\n<h2>Suma de capacidades del IREC y Eurecat para acelerar la adopci\u00f3n del mercado masivo de veh\u00edculos el\u00e9ctricos<\/h2>\n<p>Los proyectos europeos Cobra y Marbel que lideran IREC y Eurecat son ejemplos de su suma de capacidades para hacer crecer el ecosistema de la electromovilidad con paso firme.<\/p>\n<p>En concreto, el proyecto Marbel desarrolla un nuevo concepto de bater\u00eda m\u00e1s ligera y sostenible, con mayor densidad de energ\u00eda y tiempo de recarga m\u00e1s cortos con el objetivo de acelerar la adopci\u00f3n del mercado masivo de veh\u00edculos el\u00e9ctricos. Para ello, dise\u00f1ar\u00e1, desarrollar\u00e1 y fabricar\u00e1 un nuevo paquete de bater\u00edas compacto, modular, pensado desde su inicio por su segundo uso y su reciclabilidad, de peso optimizado y de alto rendimiento, con mayor vida \u00fatil, mayor eficiencia energ\u00e9tica en la carga y el uso de la energ\u00eda, incorporando un sistema robusto y flexible de gesti\u00f3n de la bater\u00eda (Battery Management System), as\u00ed como de su carga ultrarr\u00e1pida.<\/p>\n<p>Por su parte, Cobra desarrolla un nuevo sistema de bater\u00eda \u00fanico, libre de cobalto, que combina varias caracter\u00edsticas, como una densidad de energ\u00eda superior, un bajo coste, el aumento de ciclos y la reducci\u00f3n de materiales cr\u00edticos, con el objetivo de dar respuesta a las deficiencias que presentan actualmente las bater\u00edas de veh\u00edculos el\u00e9ctricos. La innovaci\u00f3n impulsada en el marco del proyecto presenta una f\u00e1cil adaptaci\u00f3n a las l\u00edneas de producci\u00f3n y una mayor adopci\u00f3n en el mercado, a la vez que ayuda a fortalecer la posici\u00f3n de Europa en este campo.<\/p>\n<div class=\"post-content\">\n<p><strong>Pod\u00e9is consultar el v\u00eddeo de Battech <a href=\"https:\/\/www.youtube.com\/watch?v=3UpvhrOMdeI\" target=\"_blank\" rel=\"noopener\">aqu\u00ed<\/a><\/strong><\/p>\n<\/div>\n","protected":false},"excerpt":{"rendered":"<p>El IREC, Instituto de Investigaci\u00f3n en Energ\u00eda de Catalu\u00f1a, y el centro tecnol\u00f3gico Eurecat han creado Battech, un centro de referencia para cubrir toda la I+D+i del ecosistema de bater\u00edas del sur de Europa, que abarca la investigaci\u00f3n, desarrollo e innovaci\u00f3n de toda la cadena de valor de la pr\u00f3xima generaci\u00f3n de celdas y bater\u00edas  [&#8230;]<\/p>\n","protected":false},"author":27,"featured_media":115520,"comment_status":"open","ping_status":"closed","sticky":false,"template":"","format":"standard","meta":{"footnotes":""},"categories":[1906,682,1908,134],"tags":[],"class_list":["post-115527","post","type-post","status-publish","format-standard","has-post-thumbnail","hentry","category-automocion","category-corporatiu-es","category-energia","category-notas-de-prensa"],"yoast_head":"<!-- This site is optimized with the Yoast SEO plugin v27.4 - https:\/\/yoast.com\/product\/yoast-seo-wordpress\/ -->\n<title>Battech, el centro de referencia en I+D+i en bater\u00edas del sur de Europa<\/title>\n<meta name=\"description\" content=\"IREC y el centro tecnol\u00f3gico Eurecat crean Battech, el centro de referencia en I+D+i en bater\u00edas del sur de Europa\" \/>\n<meta name=\"robots\" content=\"index, follow, max-snippet:-1, max-image-preview:large, max-video-preview:-1\" \/>\n<link rel=\"canonical\" href=\"https:\/\/eurecat.org\/es\/battech-centro-referencia-idi-baterias-sur-europa\/\" \/>\n<meta property=\"og:locale\" content=\"es_ES\" \/>\n<meta property=\"og:type\" content=\"article\" \/>\n<meta property=\"og:title\" content=\"Battech, el centro de referencia en I+D+i en bater\u00edas del sur de Europa\" \/>\n<meta property=\"og:description\" content=\"IREC y el centro tecnol\u00f3gico Eurecat crean Battech, el centro de referencia en I+D+i en bater\u00edas del sur de Europa\" \/>\n<meta property=\"og:url\" content=\"https:\/\/eurecat.org\/es\/battech-centro-referencia-idi-baterias-sur-europa\/\" \/>\n<meta property=\"og:site_name\" content=\"Eurecat\" \/>\n<meta property=\"article:published_time\" content=\"2021-06-18T11:17:04+00:00\" \/>\n<meta property=\"article:modified_time\" content=\"2021-08-31T07:38:57+00:00\" \/>\n<meta property=\"og:image\" content=\"https:\/\/eurecat.org\/wp-content\/uploads\/2021\/06\/Eurecat-Presentacio-Battech_930x515px.jpg\" \/>\n\t<meta property=\"og:image:width\" content=\"930\" \/>\n\t<meta property=\"og:image:height\" content=\"515\" \/>\n\t<meta property=\"og:image:type\" content=\"image\/jpeg\" \/>\n<meta name=\"author\" content=\"eurecatNG\" \/>\n<meta name=\"twitter:card\" content=\"summary_large_image\" \/>\n<meta name=\"twitter:label1\" content=\"Escrito por\" \/>\n\t<meta name=\"twitter:data1\" content=\"eurecatNG\" \/>\n\t<meta name=\"twitter:label2\" content=\"Tiempo de lectura\" \/>\n\t<meta name=\"twitter:data2\" content=\"6 minutos\" \/>\n<script type=\"application\/ld+json\" class=\"yoast-schema-graph\">{\"@context\":\"https:\\\/\\\/schema.org\",\"@graph\":[{\"@type\":\"Article\",\"@id\":\"https:\\\/\\\/eurecat.org\\\/es\\\/battech-centro-referencia-idi-baterias-sur-europa\\\/#article\",\"isPartOf\":{\"@id\":\"https:\\\/\\\/eurecat.org\\\/es\\\/battech-centro-referencia-idi-baterias-sur-europa\\\/\"},\"author\":{\"name\":\"eurecatNG\",\"@id\":\"https:\\\/\\\/eurecat.org\\\/es\\\/#\\\/schema\\\/person\\\/8342992d6929ad043b305d3cac68b3f4\"},\"headline\":\"IREC y Eurecat crean Battech, el centro de referencia en I+D+i en bater\u00edas del sur de Europa\",\"datePublished\":\"2021-06-18T11:17:04+00:00\",\"dateModified\":\"2021-08-31T07:38:57+00:00\",\"mainEntityOfPage\":{\"@id\":\"https:\\\/\\\/eurecat.org\\\/es\\\/battech-centro-referencia-idi-baterias-sur-europa\\\/\"},\"wordCount\":1406,\"commentCount\":0,\"image\":{\"@id\":\"https:\\\/\\\/eurecat.org\\\/es\\\/battech-centro-referencia-idi-baterias-sur-europa\\\/#primaryimage\"},\"thumbnailUrl\":\"https:\\\/\\\/eurecat.org\\\/wp-content\\\/uploads\\\/2021\\\/06\\\/Eurecat-Presentacio-Battech_930x515px.jpg\",\"articleSection\":[\"Automoci\u00f3n\",\"Corporativo\",\"Energ\u00eda\",\"Notas de prensa\"],\"inLanguage\":\"es\",\"potentialAction\":[{\"@type\":\"CommentAction\",\"name\":\"Comment\",\"target\":[\"https:\\\/\\\/eurecat.org\\\/es\\\/battech-centro-referencia-idi-baterias-sur-europa\\\/#respond\"]}]},{\"@type\":\"WebPage\",\"@id\":\"https:\\\/\\\/eurecat.org\\\/es\\\/battech-centro-referencia-idi-baterias-sur-europa\\\/\",\"url\":\"https:\\\/\\\/eurecat.org\\\/es\\\/battech-centro-referencia-idi-baterias-sur-europa\\\/\",\"name\":\"Battech, el centro de referencia en I+D+i en bater\u00edas del sur de Europa\",\"isPartOf\":{\"@id\":\"https:\\\/\\\/eurecat.org\\\/es\\\/#website\"},\"primaryImageOfPage\":{\"@id\":\"https:\\\/\\\/eurecat.org\\\/es\\\/battech-centro-referencia-idi-baterias-sur-europa\\\/#primaryimage\"},\"image\":{\"@id\":\"https:\\\/\\\/eurecat.org\\\/es\\\/battech-centro-referencia-idi-baterias-sur-europa\\\/#primaryimage\"},\"thumbnailUrl\":\"https:\\\/\\\/eurecat.org\\\/wp-content\\\/uploads\\\/2021\\\/06\\\/Eurecat-Presentacio-Battech_930x515px.jpg\",\"datePublished\":\"2021-06-18T11:17:04+00:00\",\"dateModified\":\"2021-08-31T07:38:57+00:00\",\"author\":{\"@id\":\"https:\\\/\\\/eurecat.org\\\/es\\\/#\\\/schema\\\/person\\\/8342992d6929ad043b305d3cac68b3f4\"},\"description\":\"IREC y el centro tecnol\u00f3gico Eurecat crean Battech, el centro de referencia en I+D+i en bater\u00edas del sur de Europa\",\"breadcrumb\":{\"@id\":\"https:\\\/\\\/eurecat.org\\\/es\\\/battech-centro-referencia-idi-baterias-sur-europa\\\/#breadcrumb\"},\"inLanguage\":\"es\",\"potentialAction\":[{\"@type\":\"ReadAction\",\"target\":[\"https:\\\/\\\/eurecat.org\\\/es\\\/battech-centro-referencia-idi-baterias-sur-europa\\\/\"]}]},{\"@type\":\"ImageObject\",\"inLanguage\":\"es\",\"@id\":\"https:\\\/\\\/eurecat.org\\\/es\\\/battech-centro-referencia-idi-baterias-sur-europa\\\/#primaryimage\",\"url\":\"https:\\\/\\\/eurecat.org\\\/wp-content\\\/uploads\\\/2021\\\/06\\\/Eurecat-Presentacio-Battech_930x515px.jpg\",\"contentUrl\":\"https:\\\/\\\/eurecat.org\\\/wp-content\\\/uploads\\\/2021\\\/06\\\/Eurecat-Presentacio-Battech_930x515px.jpg\",\"width\":930,\"height\":515,\"caption\":\"eurecat battech\"},{\"@type\":\"BreadcrumbList\",\"@id\":\"https:\\\/\\\/eurecat.org\\\/es\\\/battech-centro-referencia-idi-baterias-sur-europa\\\/#breadcrumb\",\"itemListElement\":[{\"@type\":\"ListItem\",\"position\":1,\"name\":\"Inici\",\"item\":\"https:\\\/\\\/eurecat.org\\\/es\\\/\"},{\"@type\":\"ListItem\",\"position\":2,\"name\":\"IREC y Eurecat crean Battech, el centro de referencia en I+D+i en bater\u00edas del sur de Europa\"}]},{\"@type\":\"WebSite\",\"@id\":\"https:\\\/\\\/eurecat.org\\\/es\\\/#website\",\"url\":\"https:\\\/\\\/eurecat.org\\\/es\\\/\",\"name\":\"Eurecat\",\"description\":\"Otro sitio realizado con WordPress\",\"potentialAction\":[{\"@type\":\"SearchAction\",\"target\":{\"@type\":\"EntryPoint\",\"urlTemplate\":\"https:\\\/\\\/eurecat.org\\\/es\\\/?s={search_term_string}\"},\"query-input\":{\"@type\":\"PropertyValueSpecification\",\"valueRequired\":true,\"valueName\":\"search_term_string\"}}],\"inLanguage\":\"es\"},{\"@type\":\"Person\",\"@id\":\"https:\\\/\\\/eurecat.org\\\/es\\\/#\\\/schema\\\/person\\\/8342992d6929ad043b305d3cac68b3f4\",\"name\":\"eurecatNG\",\"image\":{\"@type\":\"ImageObject\",\"inLanguage\":\"es\",\"@id\":\"https:\\\/\\\/secure.gravatar.com\\\/avatar\\\/63200cb70ae4f15a0f673050f36df149dba802bea7614e8f838aaccfcf8ea11d?s=96&d=mm&r=g\",\"url\":\"https:\\\/\\\/secure.gravatar.com\\\/avatar\\\/63200cb70ae4f15a0f673050f36df149dba802bea7614e8f838aaccfcf8ea11d?s=96&d=mm&r=g\",\"contentUrl\":\"https:\\\/\\\/secure.gravatar.com\\\/avatar\\\/63200cb70ae4f15a0f673050f36df149dba802bea7614e8f838aaccfcf8ea11d?s=96&d=mm&r=g\",\"caption\":\"eurecatNG\"}}]}<\/script>\n<!-- \/ Yoast SEO plugin. -->","yoast_head_json":{"title":"Battech, el centro de referencia en I+D+i en bater\u00edas del sur de Europa","description":"IREC y el centro tecnol\u00f3gico Eurecat crean Battech, el centro de referencia en I+D+i en bater\u00edas del sur de Europa","robots":{"index":"index","follow":"follow","max-snippet":"max-snippet:-1","max-image-preview":"max-image-preview:large","max-video-preview":"max-video-preview:-1"},"canonical":"https:\/\/eurecat.org\/es\/battech-centro-referencia-idi-baterias-sur-europa\/","og_locale":"es_ES","og_type":"article","og_title":"Battech, el centro de referencia en I+D+i en bater\u00edas del sur de Europa","og_description":"IREC y el centro tecnol\u00f3gico Eurecat crean Battech, el centro de referencia en I+D+i en bater\u00edas del sur de Europa","og_url":"https:\/\/eurecat.org\/es\/battech-centro-referencia-idi-baterias-sur-europa\/","og_site_name":"Eurecat","article_published_time":"2021-06-18T11:17:04+00:00","article_modified_time":"2021-08-31T07:38:57+00:00","og_image":[{"width":930,"height":515,"url":"https:\/\/eurecat.org\/wp-content\/uploads\/2021\/06\/Eurecat-Presentacio-Battech_930x515px.jpg","type":"image\/jpeg"}],"author":"eurecatNG","twitter_card":"summary_large_image","twitter_misc":{"Escrito por":"eurecatNG","Tiempo de lectura":"6 minutos"},"schema":{"@context":"https:\/\/schema.org","@graph":[{"@type":"Article","@id":"https:\/\/eurecat.org\/es\/battech-centro-referencia-idi-baterias-sur-europa\/#article","isPartOf":{"@id":"https:\/\/eurecat.org\/es\/battech-centro-referencia-idi-baterias-sur-europa\/"},"author":{"name":"eurecatNG","@id":"https:\/\/eurecat.org\/es\/#\/schema\/person\/8342992d6929ad043b305d3cac68b3f4"},"headline":"IREC y Eurecat crean Battech, el centro de referencia en I+D+i en bater\u00edas del sur de Europa","datePublished":"2021-06-18T11:17:04+00:00","dateModified":"2021-08-31T07:38:57+00:00","mainEntityOfPage":{"@id":"https:\/\/eurecat.org\/es\/battech-centro-referencia-idi-baterias-sur-europa\/"},"wordCount":1406,"commentCount":0,"image":{"@id":"https:\/\/eurecat.org\/es\/battech-centro-referencia-idi-baterias-sur-europa\/#primaryimage"},"thumbnailUrl":"https:\/\/eurecat.org\/wp-content\/uploads\/2021\/06\/Eurecat-Presentacio-Battech_930x515px.jpg","articleSection":["Automoci\u00f3n","Corporativo","Energ\u00eda","Notas de prensa"],"inLanguage":"es","potentialAction":[{"@type":"CommentAction","name":"Comment","target":["https:\/\/eurecat.org\/es\/battech-centro-referencia-idi-baterias-sur-europa\/#respond"]}]},{"@type":"WebPage","@id":"https:\/\/eurecat.org\/es\/battech-centro-referencia-idi-baterias-sur-europa\/","url":"https:\/\/eurecat.org\/es\/battech-centro-referencia-idi-baterias-sur-europa\/","name":"Battech, el centro de referencia en I+D+i en bater\u00edas del sur de Europa","isPartOf":{"@id":"https:\/\/eurecat.org\/es\/#website"},"primaryImageOfPage":{"@id":"https:\/\/eurecat.org\/es\/battech-centro-referencia-idi-baterias-sur-europa\/#primaryimage"},"image":{"@id":"https:\/\/eurecat.org\/es\/battech-centro-referencia-idi-baterias-sur-europa\/#primaryimage"},"thumbnailUrl":"https:\/\/eurecat.org\/wp-content\/uploads\/2021\/06\/Eurecat-Presentacio-Battech_930x515px.jpg","datePublished":"2021-06-18T11:17:04+00:00","dateModified":"2021-08-31T07:38:57+00:00","author":{"@id":"https:\/\/eurecat.org\/es\/#\/schema\/person\/8342992d6929ad043b305d3cac68b3f4"},"description":"IREC y el centro tecnol\u00f3gico Eurecat crean Battech, el centro de referencia en I+D+i en bater\u00edas del sur de Europa","breadcrumb":{"@id":"https:\/\/eurecat.org\/es\/battech-centro-referencia-idi-baterias-sur-europa\/#breadcrumb"},"inLanguage":"es","potentialAction":[{"@type":"ReadAction","target":["https:\/\/eurecat.org\/es\/battech-centro-referencia-idi-baterias-sur-europa\/"]}]},{"@type":"ImageObject","inLanguage":"es","@id":"https:\/\/eurecat.org\/es\/battech-centro-referencia-idi-baterias-sur-europa\/#primaryimage","url":"https:\/\/eurecat.org\/wp-content\/uploads\/2021\/06\/Eurecat-Presentacio-Battech_930x515px.jpg","contentUrl":"https:\/\/eurecat.org\/wp-content\/uploads\/2021\/06\/Eurecat-Presentacio-Battech_930x515px.jpg","width":930,"height":515,"caption":"eurecat battech"},{"@type":"BreadcrumbList","@id":"https:\/\/eurecat.org\/es\/battech-centro-referencia-idi-baterias-sur-europa\/#breadcrumb","itemListElement":[{"@type":"ListItem","position":1,"name":"Inici","item":"https:\/\/eurecat.org\/es\/"},{"@type":"ListItem","position":2,"name":"IREC y Eurecat crean Battech, el centro de referencia en I+D+i en bater\u00edas del sur de Europa"}]},{"@type":"WebSite","@id":"https:\/\/eurecat.org\/es\/#website","url":"https:\/\/eurecat.org\/es\/","name":"Eurecat","description":"Otro sitio realizado con WordPress","potentialAction":[{"@type":"SearchAction","target":{"@type":"EntryPoint","urlTemplate":"https:\/\/eurecat.org\/es\/?s={search_term_string}"},"query-input":{"@type":"PropertyValueSpecification","valueRequired":true,"valueName":"search_term_string"}}],"inLanguage":"es"},{"@type":"Person","@id":"https:\/\/eurecat.org\/es\/#\/schema\/person\/8342992d6929ad043b305d3cac68b3f4","name":"eurecatNG","image":{"@type":"ImageObject","inLanguage":"es","@id":"https:\/\/secure.gravatar.com\/avatar\/63200cb70ae4f15a0f673050f36df149dba802bea7614e8f838aaccfcf8ea11d?s=96&d=mm&r=g","url":"https:\/\/secure.gravatar.com\/avatar\/63200cb70ae4f15a0f673050f36df149dba802bea7614e8f838aaccfcf8ea11d?s=96&d=mm&r=g","contentUrl":"https:\/\/secure.gravatar.com\/avatar\/63200cb70ae4f15a0f673050f36df149dba802bea7614e8f838aaccfcf8ea11d?s=96&d=mm&r=g","caption":"eurecatNG"}}]}},"_links":{"self":[{"href":"https:\/\/eurecat.org\/es\/wp-json\/wp\/v2\/posts\/115527","targetHints":{"allow":["GET"]}}],"collection":[{"href":"https:\/\/eurecat.org\/es\/wp-json\/wp\/v2\/posts"}],"about":[{"href":"https:\/\/eurecat.org\/es\/wp-json\/wp\/v2\/types\/post"}],"author":[{"embeddable":true,"href":"https:\/\/eurecat.org\/es\/wp-json\/wp\/v2\/users\/27"}],"replies":[{"embeddable":true,"href":"https:\/\/eurecat.org\/es\/wp-json\/wp\/v2\/comments?post=115527"}],"version-history":[{"count":0,"href":"https:\/\/eurecat.org\/es\/wp-json\/wp\/v2\/posts\/115527\/revisions"}],"wp:featuredmedia":[{"embeddable":true,"href":"https:\/\/eurecat.org\/es\/wp-json\/wp\/v2\/media\/115520"}],"wp:attachment":[{"href":"https:\/\/eurecat.org\/es\/wp-json\/wp\/v2\/media?parent=115527"}],"wp:term":[{"taxonomy":"category","embeddable":true,"href":"https:\/\/eurecat.org\/es\/wp-json\/wp\/v2\/categories?post=115527"},{"taxonomy":"post_tag","embeddable":true,"href":"https:\/\/eurecat.org\/es\/wp-json\/wp\/v2\/tags?post=115527"}],"curies":[{"name":"wp","href":"https:\/\/api.w.org\/{rel}","templated":true}]}}