{"id":115830,"date":"2021-07-02T11:16:28","date_gmt":"2021-07-02T10:16:28","guid":{"rendered":"https:\/\/eurecat.org\/?p=115830"},"modified":"2021-07-02T11:40:43","modified_gmt":"2021-07-02T10:40:43","slug":"compromiso-con-el-futuro-del-planeta","status":"publish","type":"post","link":"https:\/\/eurecat.org\/es\/compromiso-con-el-futuro-del-planeta\/","title":{"rendered":"Compromiso con el futuro del planeta"},"content":{"rendered":"<p><strong><img decoding=\"async\" class=\"wp-image-113831 size-medium alignleft\" src=\"https:\/\/eurecat.org\/wp-content\/uploads\/2021\/04\/XAVIER-TORRA-1200X800-1-300x200.jpg\" alt=\"\" width=\"300\" height=\"200\" srcset=\"https:\/\/eurecat.org\/wp-content\/uploads\/2021\/04\/XAVIER-TORRA-1200X800-1-200x133.jpg 200w, https:\/\/eurecat.org\/wp-content\/uploads\/2021\/04\/XAVIER-TORRA-1200X800-1-300x200.jpg 300w, https:\/\/eurecat.org\/wp-content\/uploads\/2021\/04\/XAVIER-TORRA-1200X800-1-391x260.jpg 391w, https:\/\/eurecat.org\/wp-content\/uploads\/2021\/04\/XAVIER-TORRA-1200X800-1-400x267.jpg 400w, https:\/\/eurecat.org\/wp-content\/uploads\/2021\/04\/XAVIER-TORRA-1200X800-1-600x400.jpg 600w, https:\/\/eurecat.org\/wp-content\/uploads\/2021\/04\/XAVIER-TORRA-1200X800-1-768x512.jpg 768w, https:\/\/eurecat.org\/wp-content\/uploads\/2021\/04\/XAVIER-TORRA-1200X800-1-800x533.jpg 800w, https:\/\/eurecat.org\/wp-content\/uploads\/2021\/04\/XAVIER-TORRA-1200X800-1-1160x773.jpg 1160w, https:\/\/eurecat.org\/wp-content\/uploads\/2021\/04\/XAVIER-TORRA-1200X800-1.jpg 1200w\" sizes=\"(max-width: 300px) 100vw, 300px\" \/><\/strong><\/p>\n<p>Catalu\u00f1a contar\u00e1 con un <strong>Centro en Resiliencia Clim\u00e1tica<\/strong> (CRC) para <strong>potenciar la transici\u00f3n ecol\u00f3gica y la lucha contra la emergencia clim\u00e1tica, a partir de la investigaci\u00f3n, la tecnolog\u00eda y la innovaci\u00f3n<\/strong>, dentro de una <strong>iniciativa que hemos impulsado desde Eurecat, con la colaboraci\u00f3n de instituciones como la Generalitat de Catalu\u00f1a, la Universidad Rovira i Virgili y el Ayuntamiento de Amposta<\/strong>.<\/p>\n<p>La presentaci\u00f3n del CRC, que ha tenido lugar este mes de junio en Amposta con la presencia del President de la Generalitat de Catalunya, abre las puertas a un trabajo coordinado con las instituciones de investigaci\u00f3n, los agentes sociales y econ\u00f3micos, el tejido empresarial y las administraciones p\u00fablicas, para sumar capacidades en la mitigaci\u00f3n y la adaptaci\u00f3n al cambio clim\u00e1tico.<\/p>\n<p><strong>El Centro de Resiliencia Clim\u00e1tica implicar\u00e1 inversiones de m\u00e1s de 12 millones de euros en el pr\u00f3ximo cuatrienio y tendr\u00e1 inicialmente su sede en las Tierras del Ebro<\/strong>, uno de los territorios m\u00e1s amenazados del Mediterr\u00e1neo donde los impactos del cambio clim\u00e1tico ya son una realidad, especialmente en el Delta del Ebro.<\/p>\n<p>En el desarrollo de su tarea, <strong>el CRC utilizar\u00e1 metodolog\u00edas innovadoras relacionadas con la ciencia ciudadana y desplegar\u00e1 un conjunto de Living Labs para actuar en diferentes entornos clim\u00e1ticos.<\/strong> El CRC tambi\u00e9n promover\u00e1, en colaboraci\u00f3n con otras entidades, la generaci\u00f3n de nuevas iniciativas empresariales que aporten soluciones tecnol\u00f3gicas para luchar contra el cambio clim\u00e1tico. En este proceso, cuenta tambi\u00e9n como socios promotores con el Consorcio de Pol\u00edticas Ambientales de las Tierras del Ebro (COPATE), el Centro de Investigaci\u00f3n Ecol\u00f3gica y Aplicaciones Forestales (CREAF), la Fundaci\u00f3n Catalunya La Pedrera, la Fundaci\u00f3n Empresa y Clima, el Observatorio del Ebro, SEO\/BirdLife.<\/p>\n<p>Asimismo, este mes de junio, hemos puesto en marcha <strong>Battech<\/strong>, un<strong> centro de referencia para cubrir toda la I+D+i del ecosistema de bater\u00edas del sur de Europa<\/strong>, que hemos creado junto con el <strong>Instituto de Investigaci\u00f3n en Energ\u00eda de Catalu\u00f1a (IREC)<\/strong>.<\/p>\n<p><strong>Battech establecer\u00e1 una unidad conjunta de investigaci\u00f3n, desarrollo, ensayo e innovaci\u00f3n especializada en el \u00e1mbito de las bater\u00edas<\/strong>, a fin de mejorar la transferencia de conocimiento a la industria en este \u00e1mbito, desde una perspectiva enfocada a la econom\u00eda circular y la sostenibilidad de las bater\u00edas del futuro.<\/p>\n<p>Su actividad abarcar\u00e1 la investigaci\u00f3n, desarrollo e innovaci\u00f3n de toda la cadena de valor de la pr\u00f3xima generaci\u00f3n de celdas y bater\u00edas el\u00e9ctricas para los <strong>mercados de la movilidad el\u00e9ctrica, las energ\u00edas renovables y los bienes de equipo<\/strong>.<\/p>\n<p>En esta l\u00ednea, <strong>adem\u00e1s de las inversiones ya realizadas por los dos integrantes de la unidad conjunta<\/strong> en el \u00e1mbito de las bater\u00edas durante la \u00faltima d\u00e9cada, <strong>se prev\u00e9 que el desarrollo de Battech signifique una inversi\u00f3n adicional de 5 millones de euros<\/strong> en equipamientos y la creaci\u00f3n de nuevos puestos de trabajo de alta cualificaci\u00f3n.<\/p>\n<p>Estas dos actuaciones singulares y colegiadas con otros relevantes agentes del sistema catal\u00e1n intentan, en definitiva, aportar soluciones tecnol\u00f3gicas innovadoras en el \u00e1mbito de la sostenibilidad, un campo extraordinariamente prioritario para la competitividad de las empresas y el bienestar de los ciudadanos.<\/p>\n<p>Encontrar\u00e9is toda la informaci\u00f3n en este newsletter, donde tambi\u00e9n os hablamos de proyectos muy potentes vinculados a la tecnolog\u00eda y la innovaci\u00f3n, que buscan especialmente ayudar a las empresas ante los desaf\u00edos que implica el cambio de paradigma actual.<\/p>\n<p><strong>Xavier Torra<br \/>\n<\/strong><strong>Presidente de Eurecat<\/strong><\/p>\n","protected":false},"excerpt":{"rendered":"<p>Catalu\u00f1a contar\u00e1 con un Centro en Resiliencia Clim\u00e1tica (CRC) para potenciar la transici\u00f3n ecol\u00f3gica y la lucha contra la emergencia clim\u00e1tica, a partir de la investigaci\u00f3n, la tecnolog\u00eda y la innovaci\u00f3n, dentro de una iniciativa que hemos impulsado desde Eurecat, con la colaboraci\u00f3n de instituciones como la Generalitat de Catalu\u00f1a, la Universidad Rovira i Virgili  [&#8230;]<\/p>\n","protected":false},"author":20,"featured_media":113814,"comment_status":"closed","ping_status":"closed","sticky":false,"template":"","format":"standard","meta":{"footnotes":""},"categories":[133,2217],"tags":[],"class_list":["post-115830","post","type-post","status-publish","format-standard","has-post-thumbnail","hentry","category-blog","category-editorial"],"yoast_head":"<!-- This site is optimized with the Yoast SEO plugin v27.5 - https:\/\/yoast.com\/product\/yoast-seo-wordpress\/ -->\n<title>Compromiso con el futuro del planeta - Eurecat<\/title>\n<meta name=\"description\" content=\"Catalu\u00f1a contar\u00e1 con un Centro en Resiliencia Clim\u00e1tica (CRC) para potenciar la transici\u00f3n ecol\u00f3gica y la lucha contra la emergencia clim\u00e1tica\" \/>\n<meta name=\"robots\" content=\"index, follow, max-snippet:-1, max-image-preview:large, max-video-preview:-1\" \/>\n<link rel=\"canonical\" href=\"https:\/\/eurecat.org\/es\/compromiso-con-el-futuro-del-planeta\/\" \/>\n<meta property=\"og:locale\" content=\"es_ES\" \/>\n<meta property=\"og:type\" content=\"article\" \/>\n<meta property=\"og:title\" content=\"Compromiso con el futuro del planeta - Eurecat\" \/>\n<meta property=\"og:description\" content=\"Catalu\u00f1a contar\u00e1 con un Centro en Resiliencia Clim\u00e1tica (CRC) para potenciar la transici\u00f3n ecol\u00f3gica y la lucha contra la emergencia clim\u00e1tica\" \/>\n<meta property=\"og:url\" content=\"https:\/\/eurecat.org\/es\/compromiso-con-el-futuro-del-planeta\/\" \/>\n<meta property=\"og:site_name\" content=\"Eurecat\" \/>\n<meta property=\"article:published_time\" content=\"2021-07-02T10:16:28+00:00\" \/>\n<meta property=\"article:modified_time\" content=\"2021-07-02T10:40:43+00:00\" \/>\n<meta property=\"og:image\" content=\"https:\/\/eurecat.org\/wp-content\/uploads\/2021\/04\/XAVIER-TORRA-1200X800.jpg\" \/>\n\t<meta property=\"og:image:width\" content=\"1200\" \/>\n\t<meta property=\"og:image:height\" content=\"800\" \/>\n\t<meta property=\"og:image:type\" content=\"image\/jpeg\" \/>\n<meta name=\"author\" content=\"EurecatEQZ\" \/>\n<meta name=\"twitter:card\" content=\"summary_large_image\" \/>\n<meta name=\"twitter:label1\" content=\"Escrito por\" \/>\n\t<meta name=\"twitter:data1\" content=\"EurecatEQZ\" \/>\n\t<meta name=\"twitter:label2\" content=\"Tiempo de lectura\" \/>\n\t<meta name=\"twitter:data2\" content=\"3 minutos\" \/>\n<script type=\"application\/ld+json\" class=\"yoast-schema-graph\">{\"@context\":\"https:\\\/\\\/schema.org\",\"@graph\":[{\"@type\":\"Article\",\"@id\":\"https:\\\/\\\/eurecat.org\\\/es\\\/compromiso-con-el-futuro-del-planeta\\\/#article\",\"isPartOf\":{\"@id\":\"https:\\\/\\\/eurecat.org\\\/es\\\/compromiso-con-el-futuro-del-planeta\\\/\"},\"author\":{\"name\":\"EurecatEQZ\",\"@id\":\"https:\\\/\\\/eurecat.org\\\/es\\\/#\\\/schema\\\/person\\\/99d4d39712001e7621b6867b27b40bed\"},\"headline\":\"Compromiso con el futuro del planeta\",\"datePublished\":\"2021-07-02T10:16:28+00:00\",\"dateModified\":\"2021-07-02T10:40:43+00:00\",\"mainEntityOfPage\":{\"@id\":\"https:\\\/\\\/eurecat.org\\\/es\\\/compromiso-con-el-futuro-del-planeta\\\/\"},\"wordCount\":614,\"image\":{\"@id\":\"https:\\\/\\\/eurecat.org\\\/es\\\/compromiso-con-el-futuro-del-planeta\\\/#primaryimage\"},\"thumbnailUrl\":\"https:\\\/\\\/eurecat.org\\\/wp-content\\\/uploads\\\/2021\\\/04\\\/XAVIER-TORRA-1200X800.jpg\",\"articleSection\":[\"Blog\",\"Editorial\"],\"inLanguage\":\"es\"},{\"@type\":\"WebPage\",\"@id\":\"https:\\\/\\\/eurecat.org\\\/es\\\/compromiso-con-el-futuro-del-planeta\\\/\",\"url\":\"https:\\\/\\\/eurecat.org\\\/es\\\/compromiso-con-el-futuro-del-planeta\\\/\",\"name\":\"Compromiso con el futuro del planeta - Eurecat\",\"isPartOf\":{\"@id\":\"https:\\\/\\\/eurecat.org\\\/es\\\/#website\"},\"primaryImageOfPage\":{\"@id\":\"https:\\\/\\\/eurecat.org\\\/es\\\/compromiso-con-el-futuro-del-planeta\\\/#primaryimage\"},\"image\":{\"@id\":\"https:\\\/\\\/eurecat.org\\\/es\\\/compromiso-con-el-futuro-del-planeta\\\/#primaryimage\"},\"thumbnailUrl\":\"https:\\\/\\\/eurecat.org\\\/wp-content\\\/uploads\\\/2021\\\/04\\\/XAVIER-TORRA-1200X800.jpg\",\"datePublished\":\"2021-07-02T10:16:28+00:00\",\"dateModified\":\"2021-07-02T10:40:43+00:00\",\"author\":{\"@id\":\"https:\\\/\\\/eurecat.org\\\/es\\\/#\\\/schema\\\/person\\\/99d4d39712001e7621b6867b27b40bed\"},\"description\":\"Catalu\u00f1a contar\u00e1 con un Centro en Resiliencia Clim\u00e1tica (CRC) para potenciar la transici\u00f3n ecol\u00f3gica y la lucha contra la emergencia clim\u00e1tica\",\"breadcrumb\":{\"@id\":\"https:\\\/\\\/eurecat.org\\\/es\\\/compromiso-con-el-futuro-del-planeta\\\/#breadcrumb\"},\"inLanguage\":\"es\",\"potentialAction\":[{\"@type\":\"ReadAction\",\"target\":[\"https:\\\/\\\/eurecat.org\\\/es\\\/compromiso-con-el-futuro-del-planeta\\\/\"]}]},{\"@type\":\"ImageObject\",\"inLanguage\":\"es\",\"@id\":\"https:\\\/\\\/eurecat.org\\\/es\\\/compromiso-con-el-futuro-del-planeta\\\/#primaryimage\",\"url\":\"https:\\\/\\\/eurecat.org\\\/wp-content\\\/uploads\\\/2021\\\/04\\\/XAVIER-TORRA-1200X800.jpg\",\"contentUrl\":\"https:\\\/\\\/eurecat.org\\\/wp-content\\\/uploads\\\/2021\\\/04\\\/XAVIER-TORRA-1200X800.jpg\",\"width\":1200,\"height\":800},{\"@type\":\"BreadcrumbList\",\"@id\":\"https:\\\/\\\/eurecat.org\\\/es\\\/compromiso-con-el-futuro-del-planeta\\\/#breadcrumb\",\"itemListElement\":[{\"@type\":\"ListItem\",\"position\":1,\"name\":\"Inici\",\"item\":\"https:\\\/\\\/eurecat.org\\\/es\\\/\"},{\"@type\":\"ListItem\",\"position\":2,\"name\":\"Compromiso con el futuro del planeta\"}]},{\"@type\":\"WebSite\",\"@id\":\"https:\\\/\\\/eurecat.org\\\/es\\\/#website\",\"url\":\"https:\\\/\\\/eurecat.org\\\/es\\\/\",\"name\":\"Eurecat\",\"description\":\"Otro sitio realizado con WordPress\",\"potentialAction\":[{\"@type\":\"SearchAction\",\"target\":{\"@type\":\"EntryPoint\",\"urlTemplate\":\"https:\\\/\\\/eurecat.org\\\/es\\\/?s={search_term_string}\"},\"query-input\":{\"@type\":\"PropertyValueSpecification\",\"valueRequired\":true,\"valueName\":\"search_term_string\"}}],\"inLanguage\":\"es\"},{\"@type\":\"Person\",\"@id\":\"https:\\\/\\\/eurecat.org\\\/es\\\/#\\\/schema\\\/person\\\/99d4d39712001e7621b6867b27b40bed\",\"name\":\"EurecatEQZ\",\"image\":{\"@type\":\"ImageObject\",\"inLanguage\":\"es\",\"@id\":\"https:\\\/\\\/secure.gravatar.com\\\/avatar\\\/6deb26ca61bcc34263c59cc62bb8b08ff90b67af7f99943babf5d86396845993?s=96&d=mm&r=g\",\"url\":\"https:\\\/\\\/secure.gravatar.com\\\/avatar\\\/6deb26ca61bcc34263c59cc62bb8b08ff90b67af7f99943babf5d86396845993?s=96&d=mm&r=g\",\"contentUrl\":\"https:\\\/\\\/secure.gravatar.com\\\/avatar\\\/6deb26ca61bcc34263c59cc62bb8b08ff90b67af7f99943babf5d86396845993?s=96&d=mm&r=g\",\"caption\":\"EurecatEQZ\"}}]}<\/script>\n<!-- \/ Yoast SEO plugin. -->","yoast_head_json":{"title":"Compromiso con el futuro del planeta - Eurecat","description":"Catalu\u00f1a contar\u00e1 con un Centro en Resiliencia Clim\u00e1tica (CRC) para potenciar la transici\u00f3n ecol\u00f3gica y la lucha contra la emergencia clim\u00e1tica","robots":{"index":"index","follow":"follow","max-snippet":"max-snippet:-1","max-image-preview":"max-image-preview:large","max-video-preview":"max-video-preview:-1"},"canonical":"https:\/\/eurecat.org\/es\/compromiso-con-el-futuro-del-planeta\/","og_locale":"es_ES","og_type":"article","og_title":"Compromiso con el futuro del planeta - Eurecat","og_description":"Catalu\u00f1a contar\u00e1 con un Centro en Resiliencia Clim\u00e1tica (CRC) para potenciar la transici\u00f3n ecol\u00f3gica y la lucha contra la emergencia clim\u00e1tica","og_url":"https:\/\/eurecat.org\/es\/compromiso-con-el-futuro-del-planeta\/","og_site_name":"Eurecat","article_published_time":"2021-07-02T10:16:28+00:00","article_modified_time":"2021-07-02T10:40:43+00:00","og_image":[{"width":1200,"height":800,"url":"https:\/\/eurecat.org\/wp-content\/uploads\/2021\/04\/XAVIER-TORRA-1200X800.jpg","type":"image\/jpeg"}],"author":"EurecatEQZ","twitter_card":"summary_large_image","twitter_misc":{"Escrito por":"EurecatEQZ","Tiempo de lectura":"3 minutos"},"schema":{"@context":"https:\/\/schema.org","@graph":[{"@type":"Article","@id":"https:\/\/eurecat.org\/es\/compromiso-con-el-futuro-del-planeta\/#article","isPartOf":{"@id":"https:\/\/eurecat.org\/es\/compromiso-con-el-futuro-del-planeta\/"},"author":{"name":"EurecatEQZ","@id":"https:\/\/eurecat.org\/es\/#\/schema\/person\/99d4d39712001e7621b6867b27b40bed"},"headline":"Compromiso con el futuro del planeta","datePublished":"2021-07-02T10:16:28+00:00","dateModified":"2021-07-02T10:40:43+00:00","mainEntityOfPage":{"@id":"https:\/\/eurecat.org\/es\/compromiso-con-el-futuro-del-planeta\/"},"wordCount":614,"image":{"@id":"https:\/\/eurecat.org\/es\/compromiso-con-el-futuro-del-planeta\/#primaryimage"},"thumbnailUrl":"https:\/\/eurecat.org\/wp-content\/uploads\/2021\/04\/XAVIER-TORRA-1200X800.jpg","articleSection":["Blog","Editorial"],"inLanguage":"es"},{"@type":"WebPage","@id":"https:\/\/eurecat.org\/es\/compromiso-con-el-futuro-del-planeta\/","url":"https:\/\/eurecat.org\/es\/compromiso-con-el-futuro-del-planeta\/","name":"Compromiso con el futuro del planeta - Eurecat","isPartOf":{"@id":"https:\/\/eurecat.org\/es\/#website"},"primaryImageOfPage":{"@id":"https:\/\/eurecat.org\/es\/compromiso-con-el-futuro-del-planeta\/#primaryimage"},"image":{"@id":"https:\/\/eurecat.org\/es\/compromiso-con-el-futuro-del-planeta\/#primaryimage"},"thumbnailUrl":"https:\/\/eurecat.org\/wp-content\/uploads\/2021\/04\/XAVIER-TORRA-1200X800.jpg","datePublished":"2021-07-02T10:16:28+00:00","dateModified":"2021-07-02T10:40:43+00:00","author":{"@id":"https:\/\/eurecat.org\/es\/#\/schema\/person\/99d4d39712001e7621b6867b27b40bed"},"description":"Catalu\u00f1a contar\u00e1 con un Centro en Resiliencia Clim\u00e1tica (CRC) para potenciar la transici\u00f3n ecol\u00f3gica y la lucha contra la emergencia clim\u00e1tica","breadcrumb":{"@id":"https:\/\/eurecat.org\/es\/compromiso-con-el-futuro-del-planeta\/#breadcrumb"},"inLanguage":"es","potentialAction":[{"@type":"ReadAction","target":["https:\/\/eurecat.org\/es\/compromiso-con-el-futuro-del-planeta\/"]}]},{"@type":"ImageObject","inLanguage":"es","@id":"https:\/\/eurecat.org\/es\/compromiso-con-el-futuro-del-planeta\/#primaryimage","url":"https:\/\/eurecat.org\/wp-content\/uploads\/2021\/04\/XAVIER-TORRA-1200X800.jpg","contentUrl":"https:\/\/eurecat.org\/wp-content\/uploads\/2021\/04\/XAVIER-TORRA-1200X800.jpg","width":1200,"height":800},{"@type":"BreadcrumbList","@id":"https:\/\/eurecat.org\/es\/compromiso-con-el-futuro-del-planeta\/#breadcrumb","itemListElement":[{"@type":"ListItem","position":1,"name":"Inici","item":"https:\/\/eurecat.org\/es\/"},{"@type":"ListItem","position":2,"name":"Compromiso con el futuro del planeta"}]},{"@type":"WebSite","@id":"https:\/\/eurecat.org\/es\/#website","url":"https:\/\/eurecat.org\/es\/","name":"Eurecat","description":"Otro sitio realizado con WordPress","potentialAction":[{"@type":"SearchAction","target":{"@type":"EntryPoint","urlTemplate":"https:\/\/eurecat.org\/es\/?s={search_term_string}"},"query-input":{"@type":"PropertyValueSpecification","valueRequired":true,"valueName":"search_term_string"}}],"inLanguage":"es"},{"@type":"Person","@id":"https:\/\/eurecat.org\/es\/#\/schema\/person\/99d4d39712001e7621b6867b27b40bed","name":"EurecatEQZ","image":{"@type":"ImageObject","inLanguage":"es","@id":"https:\/\/secure.gravatar.com\/avatar\/6deb26ca61bcc34263c59cc62bb8b08ff90b67af7f99943babf5d86396845993?s=96&d=mm&r=g","url":"https:\/\/secure.gravatar.com\/avatar\/6deb26ca61bcc34263c59cc62bb8b08ff90b67af7f99943babf5d86396845993?s=96&d=mm&r=g","contentUrl":"https:\/\/secure.gravatar.com\/avatar\/6deb26ca61bcc34263c59cc62bb8b08ff90b67af7f99943babf5d86396845993?s=96&d=mm&r=g","caption":"EurecatEQZ"}}]}},"_links":{"self":[{"href":"https:\/\/eurecat.org\/es\/wp-json\/wp\/v2\/posts\/115830","targetHints":{"allow":["GET"]}}],"collection":[{"href":"https:\/\/eurecat.org\/es\/wp-json\/wp\/v2\/posts"}],"about":[{"href":"https:\/\/eurecat.org\/es\/wp-json\/wp\/v2\/types\/post"}],"author":[{"embeddable":true,"href":"https:\/\/eurecat.org\/es\/wp-json\/wp\/v2\/users\/20"}],"replies":[{"embeddable":true,"href":"https:\/\/eurecat.org\/es\/wp-json\/wp\/v2\/comments?post=115830"}],"version-history":[{"count":0,"href":"https:\/\/eurecat.org\/es\/wp-json\/wp\/v2\/posts\/115830\/revisions"}],"wp:featuredmedia":[{"embeddable":true,"href":"https:\/\/eurecat.org\/es\/wp-json\/wp\/v2\/media\/113814"}],"wp:attachment":[{"href":"https:\/\/eurecat.org\/es\/wp-json\/wp\/v2\/media?parent=115830"}],"wp:term":[{"taxonomy":"category","embeddable":true,"href":"https:\/\/eurecat.org\/es\/wp-json\/wp\/v2\/categories?post=115830"},{"taxonomy":"post_tag","embeddable":true,"href":"https:\/\/eurecat.org\/es\/wp-json\/wp\/v2\/tags?post=115830"}],"curies":[{"name":"wp","href":"https:\/\/api.w.org\/{rel}","templated":true}]}}