{"id":116161,"date":"2021-07-22T10:00:39","date_gmt":"2021-07-22T09:00:39","guid":{"rendered":"https:\/\/eurecat.org\/?p=116161"},"modified":"2021-07-22T13:02:24","modified_gmt":"2021-07-22T12:02:24","slug":"descubrir-verano-paisaje-genios","status":"publish","type":"post","link":"https:\/\/eurecat.org\/es\/descubrir-verano-paisaje-genios\/","title":{"rendered":"Cuatro nuevas propuestas para descubrir este verano el Paisaje de los Genios en la Costa Daurada y las Terres de l\u2019Ebre"},"content":{"rendered":"<p>El <strong>Paisaje de los Genios<\/strong> invita, este verano, a disfrutar de su oferta tur\u00edstica con el veh\u00edculo propio y mediante cuatro nuevas propuestas pensadas para foodies amantes de la gastronom\u00eda, para los que viajan en familia, para los amantes de la naturaleza y la aventura y para los que buscan la inspiraci\u00f3n.<\/p>\n<p>Esta propuesta de <strong>touring<\/strong>, es decir, para recorrer en coche, plantea cuatro itinerarios, cada uno con cuatro etapas, para hacer por libre la Ruta del Paisaje de los Genios y descubrir los lugares y la gastronom\u00eda que inspiraron a Gaud\u00ed, Mir\u00f3, Casals y Picasso en la Costa Daurada y las Terres de l\u2019Ebre.<\/p>\n<p>La Ruta del Paisaje de los Genios, con una distancia total desde el Vendrell hasta Horta de Sant Joan de 143 kil\u00f3metros, tiene el objetivo de dar a conocer y visitar los destinos que conforman el Paisaje de los Genios y que se corresponden con cuatro municipios de las comarcas del sur de Catalu\u00f1a que inspiraron a estos cuatro genios universales: Reus, Mont-roig del Camp, Horta de Sant Joan y el Vendrell.<\/p>\n<p>La propuesta de touring es por carretera, haciendo noche en campings cerca del mar o en casas rurales situadas en entornos rurales privilegiados.<\/p>\n<p>Cada etapa incluye la visita al museo dedicado al genio que vivi\u00f3 o pas\u00f3 largas etapas en el municipio y que es el \u201cKm 0\u201d de la etapa, as\u00ed como diferentes propuestas de arte, naturaleza, gastronom\u00eda e inspiraci\u00f3n con visitas y actividades programadas del 15 de julio al 15 de septiembre.<\/p>\n<p>El touring del Paisaje de los Genios se presenta como una experiencia transformadora para familias, amigos y parejas para explorar y descubrir destinos cercanos completamente por libre y con un trasfondo cultural y creativo, sin aglomeraciones y con contacto con la naturaleza.<\/p>\n<p>Para dar a conocer la propuesta, el Paisaje de los Genios pone en marcha una campa\u00f1a promocional online y radiof\u00f3nica para el turismo de proximidad que estar\u00e1 activa hasta principios de septiembre con diferentes mensajes que invitan al visitante con el eslogan \u201dS\u00e9 libre&#8230; viaja como los Genios\u201d.<\/p>\n<p><strong>Consulta las propuestas <a href=\"https:\/\/elpaisatgedelsgenis.cat\/touring\" target=\"_blank\" rel=\"noopener\">aqu\u00ed<\/a><\/strong><\/p>\n","protected":false},"excerpt":{"rendered":"<p>El Paisaje de los Genios invita, este verano, a disfrutar de su oferta tur\u00edstica con el veh\u00edculo propio y mediante cuatro nuevas propuestas pensadas para foodies amantes de la gastronom\u00eda, para los que viajan en familia, para los amantes de la naturaleza y la aventura y para los que buscan la inspiraci\u00f3n. Esta propuesta de  [&#8230;]<\/p>\n","protected":false},"author":27,"featured_media":116160,"comment_status":"open","ping_status":"closed","sticky":false,"template":"","format":"standard","meta":{"footnotes":""},"categories":[134,1885],"tags":[],"class_list":["post-116161","post","type-post","status-publish","format-standard","has-post-thumbnail","hentry","category-notas-de-prensa","category-turisme"],"yoast_head":"<!-- This site is optimized with the Yoast SEO plugin v27.4 - https:\/\/yoast.com\/product\/yoast-seo-wordpress\/ -->\n<title>Nuevas propuestas para descubrir este verano el Paisaje de los Genios<\/title>\n<meta name=\"robots\" content=\"index, follow, max-snippet:-1, max-image-preview:large, max-video-preview:-1\" \/>\n<link rel=\"canonical\" href=\"https:\/\/eurecat.org\/es\/descubrir-verano-paisaje-genios\/\" \/>\n<meta property=\"og:locale\" content=\"es_ES\" \/>\n<meta property=\"og:type\" content=\"article\" \/>\n<meta property=\"og:title\" content=\"Nuevas propuestas para descubrir este verano el Paisaje de los Genios\" \/>\n<meta property=\"og:description\" content=\"El Paisaje de los Genios invita, este verano, a disfrutar de su oferta tur\u00edstica con el veh\u00edculo propio y mediante cuatro nuevas propuestas pensadas para foodies amantes de la gastronom\u00eda, para los que viajan en familia, para los amantes de la naturaleza y la aventura y para los que buscan la inspiraci\u00f3n. Esta propuesta de [...]\" \/>\n<meta property=\"og:url\" content=\"https:\/\/eurecat.org\/es\/descubrir-verano-paisaje-genios\/\" \/>\n<meta property=\"og:site_name\" content=\"Eurecat\" \/>\n<meta property=\"article:published_time\" content=\"2021-07-22T09:00:39+00:00\" \/>\n<meta property=\"article:modified_time\" content=\"2021-07-22T12:02:24+00:00\" \/>\n<meta property=\"og:image\" content=\"https:\/\/eurecat.org\/wp-content\/uploads\/2021\/07\/Eurecat-CentrePicasso-ElPaisatgedelsGenis_AutorWisconsin_930x515px-1.jpg\" \/>\n\t<meta property=\"og:image:width\" content=\"930\" \/>\n\t<meta property=\"og:image:height\" content=\"515\" \/>\n\t<meta property=\"og:image:type\" content=\"image\/jpeg\" \/>\n<meta name=\"author\" content=\"eurecatNG\" \/>\n<meta name=\"twitter:card\" content=\"summary_large_image\" \/>\n<meta name=\"twitter:label1\" content=\"Escrito por\" \/>\n\t<meta name=\"twitter:data1\" content=\"eurecatNG\" \/>\n\t<meta name=\"twitter:label2\" content=\"Tiempo de lectura\" \/>\n\t<meta name=\"twitter:data2\" content=\"2 minutos\" \/>\n<script type=\"application\/ld+json\" class=\"yoast-schema-graph\">{\"@context\":\"https:\\\/\\\/schema.org\",\"@graph\":[{\"@type\":\"Article\",\"@id\":\"https:\\\/\\\/eurecat.org\\\/es\\\/descubrir-verano-paisaje-genios\\\/#article\",\"isPartOf\":{\"@id\":\"https:\\\/\\\/eurecat.org\\\/es\\\/descubrir-verano-paisaje-genios\\\/\"},\"author\":{\"name\":\"eurecatNG\",\"@id\":\"https:\\\/\\\/eurecat.org\\\/es\\\/#\\\/schema\\\/person\\\/8342992d6929ad043b305d3cac68b3f4\"},\"headline\":\"Cuatro nuevas propuestas para descubrir este verano el Paisaje de los Genios en la Costa Daurada y las Terres de l\u2019Ebre\",\"datePublished\":\"2021-07-22T09:00:39+00:00\",\"dateModified\":\"2021-07-22T12:02:24+00:00\",\"mainEntityOfPage\":{\"@id\":\"https:\\\/\\\/eurecat.org\\\/es\\\/descubrir-verano-paisaje-genios\\\/\"},\"wordCount\":375,\"commentCount\":0,\"image\":{\"@id\":\"https:\\\/\\\/eurecat.org\\\/es\\\/descubrir-verano-paisaje-genios\\\/#primaryimage\"},\"thumbnailUrl\":\"https:\\\/\\\/eurecat.org\\\/wp-content\\\/uploads\\\/2021\\\/07\\\/Eurecat-CentrePicasso-ElPaisatgedelsGenis_AutorWisconsin_930x515px-1.jpg\",\"articleSection\":[\"Notas de prensa\",\"Turisme\"],\"inLanguage\":\"es\",\"potentialAction\":[{\"@type\":\"CommentAction\",\"name\":\"Comment\",\"target\":[\"https:\\\/\\\/eurecat.org\\\/es\\\/descubrir-verano-paisaje-genios\\\/#respond\"]}]},{\"@type\":\"WebPage\",\"@id\":\"https:\\\/\\\/eurecat.org\\\/es\\\/descubrir-verano-paisaje-genios\\\/\",\"url\":\"https:\\\/\\\/eurecat.org\\\/es\\\/descubrir-verano-paisaje-genios\\\/\",\"name\":\"Nuevas propuestas para descubrir este verano el Paisaje de los Genios\",\"isPartOf\":{\"@id\":\"https:\\\/\\\/eurecat.org\\\/es\\\/#website\"},\"primaryImageOfPage\":{\"@id\":\"https:\\\/\\\/eurecat.org\\\/es\\\/descubrir-verano-paisaje-genios\\\/#primaryimage\"},\"image\":{\"@id\":\"https:\\\/\\\/eurecat.org\\\/es\\\/descubrir-verano-paisaje-genios\\\/#primaryimage\"},\"thumbnailUrl\":\"https:\\\/\\\/eurecat.org\\\/wp-content\\\/uploads\\\/2021\\\/07\\\/Eurecat-CentrePicasso-ElPaisatgedelsGenis_AutorWisconsin_930x515px-1.jpg\",\"datePublished\":\"2021-07-22T09:00:39+00:00\",\"dateModified\":\"2021-07-22T12:02:24+00:00\",\"author\":{\"@id\":\"https:\\\/\\\/eurecat.org\\\/es\\\/#\\\/schema\\\/person\\\/8342992d6929ad043b305d3cac68b3f4\"},\"breadcrumb\":{\"@id\":\"https:\\\/\\\/eurecat.org\\\/es\\\/descubrir-verano-paisaje-genios\\\/#breadcrumb\"},\"inLanguage\":\"es\",\"potentialAction\":[{\"@type\":\"ReadAction\",\"target\":[\"https:\\\/\\\/eurecat.org\\\/es\\\/descubrir-verano-paisaje-genios\\\/\"]}]},{\"@type\":\"ImageObject\",\"inLanguage\":\"es\",\"@id\":\"https:\\\/\\\/eurecat.org\\\/es\\\/descubrir-verano-paisaje-genios\\\/#primaryimage\",\"url\":\"https:\\\/\\\/eurecat.org\\\/wp-content\\\/uploads\\\/2021\\\/07\\\/Eurecat-CentrePicasso-ElPaisatgedelsGenis_AutorWisconsin_930x515px-1.jpg\",\"contentUrl\":\"https:\\\/\\\/eurecat.org\\\/wp-content\\\/uploads\\\/2021\\\/07\\\/Eurecat-CentrePicasso-ElPaisatgedelsGenis_AutorWisconsin_930x515px-1.jpg\",\"width\":930,\"height\":515,\"caption\":\"Eurecat Paisatge dels Genis\"},{\"@type\":\"BreadcrumbList\",\"@id\":\"https:\\\/\\\/eurecat.org\\\/es\\\/descubrir-verano-paisaje-genios\\\/#breadcrumb\",\"itemListElement\":[{\"@type\":\"ListItem\",\"position\":1,\"name\":\"Inici\",\"item\":\"https:\\\/\\\/eurecat.org\\\/es\\\/\"},{\"@type\":\"ListItem\",\"position\":2,\"name\":\"Cuatro nuevas propuestas para descubrir este verano el Paisaje de los Genios en la Costa Daurada y las Terres de l\u2019Ebre\"}]},{\"@type\":\"WebSite\",\"@id\":\"https:\\\/\\\/eurecat.org\\\/es\\\/#website\",\"url\":\"https:\\\/\\\/eurecat.org\\\/es\\\/\",\"name\":\"Eurecat\",\"description\":\"Otro sitio realizado con WordPress\",\"potentialAction\":[{\"@type\":\"SearchAction\",\"target\":{\"@type\":\"EntryPoint\",\"urlTemplate\":\"https:\\\/\\\/eurecat.org\\\/es\\\/?s={search_term_string}\"},\"query-input\":{\"@type\":\"PropertyValueSpecification\",\"valueRequired\":true,\"valueName\":\"search_term_string\"}}],\"inLanguage\":\"es\"},{\"@type\":\"Person\",\"@id\":\"https:\\\/\\\/eurecat.org\\\/es\\\/#\\\/schema\\\/person\\\/8342992d6929ad043b305d3cac68b3f4\",\"name\":\"eurecatNG\",\"image\":{\"@type\":\"ImageObject\",\"inLanguage\":\"es\",\"@id\":\"https:\\\/\\\/secure.gravatar.com\\\/avatar\\\/63200cb70ae4f15a0f673050f36df149dba802bea7614e8f838aaccfcf8ea11d?s=96&d=mm&r=g\",\"url\":\"https:\\\/\\\/secure.gravatar.com\\\/avatar\\\/63200cb70ae4f15a0f673050f36df149dba802bea7614e8f838aaccfcf8ea11d?s=96&d=mm&r=g\",\"contentUrl\":\"https:\\\/\\\/secure.gravatar.com\\\/avatar\\\/63200cb70ae4f15a0f673050f36df149dba802bea7614e8f838aaccfcf8ea11d?s=96&d=mm&r=g\",\"caption\":\"eurecatNG\"}}]}<\/script>\n<!-- \/ Yoast SEO plugin. -->","yoast_head_json":{"title":"Nuevas propuestas para descubrir este verano el Paisaje de los Genios","robots":{"index":"index","follow":"follow","max-snippet":"max-snippet:-1","max-image-preview":"max-image-preview:large","max-video-preview":"max-video-preview:-1"},"canonical":"https:\/\/eurecat.org\/es\/descubrir-verano-paisaje-genios\/","og_locale":"es_ES","og_type":"article","og_title":"Nuevas propuestas para descubrir este verano el Paisaje de los Genios","og_description":"El Paisaje de los Genios invita, este verano, a disfrutar de su oferta tur\u00edstica con el veh\u00edculo propio y mediante cuatro nuevas propuestas pensadas para foodies amantes de la gastronom\u00eda, para los que viajan en familia, para los amantes de la naturaleza y la aventura y para los que buscan la inspiraci\u00f3n. Esta propuesta de [...]","og_url":"https:\/\/eurecat.org\/es\/descubrir-verano-paisaje-genios\/","og_site_name":"Eurecat","article_published_time":"2021-07-22T09:00:39+00:00","article_modified_time":"2021-07-22T12:02:24+00:00","og_image":[{"width":930,"height":515,"url":"https:\/\/eurecat.org\/wp-content\/uploads\/2021\/07\/Eurecat-CentrePicasso-ElPaisatgedelsGenis_AutorWisconsin_930x515px-1.jpg","type":"image\/jpeg"}],"author":"eurecatNG","twitter_card":"summary_large_image","twitter_misc":{"Escrito por":"eurecatNG","Tiempo de lectura":"2 minutos"},"schema":{"@context":"https:\/\/schema.org","@graph":[{"@type":"Article","@id":"https:\/\/eurecat.org\/es\/descubrir-verano-paisaje-genios\/#article","isPartOf":{"@id":"https:\/\/eurecat.org\/es\/descubrir-verano-paisaje-genios\/"},"author":{"name":"eurecatNG","@id":"https:\/\/eurecat.org\/es\/#\/schema\/person\/8342992d6929ad043b305d3cac68b3f4"},"headline":"Cuatro nuevas propuestas para descubrir este verano el Paisaje de los Genios en la Costa Daurada y las Terres de l\u2019Ebre","datePublished":"2021-07-22T09:00:39+00:00","dateModified":"2021-07-22T12:02:24+00:00","mainEntityOfPage":{"@id":"https:\/\/eurecat.org\/es\/descubrir-verano-paisaje-genios\/"},"wordCount":375,"commentCount":0,"image":{"@id":"https:\/\/eurecat.org\/es\/descubrir-verano-paisaje-genios\/#primaryimage"},"thumbnailUrl":"https:\/\/eurecat.org\/wp-content\/uploads\/2021\/07\/Eurecat-CentrePicasso-ElPaisatgedelsGenis_AutorWisconsin_930x515px-1.jpg","articleSection":["Notas de prensa","Turisme"],"inLanguage":"es","potentialAction":[{"@type":"CommentAction","name":"Comment","target":["https:\/\/eurecat.org\/es\/descubrir-verano-paisaje-genios\/#respond"]}]},{"@type":"WebPage","@id":"https:\/\/eurecat.org\/es\/descubrir-verano-paisaje-genios\/","url":"https:\/\/eurecat.org\/es\/descubrir-verano-paisaje-genios\/","name":"Nuevas propuestas para descubrir este verano el Paisaje de los Genios","isPartOf":{"@id":"https:\/\/eurecat.org\/es\/#website"},"primaryImageOfPage":{"@id":"https:\/\/eurecat.org\/es\/descubrir-verano-paisaje-genios\/#primaryimage"},"image":{"@id":"https:\/\/eurecat.org\/es\/descubrir-verano-paisaje-genios\/#primaryimage"},"thumbnailUrl":"https:\/\/eurecat.org\/wp-content\/uploads\/2021\/07\/Eurecat-CentrePicasso-ElPaisatgedelsGenis_AutorWisconsin_930x515px-1.jpg","datePublished":"2021-07-22T09:00:39+00:00","dateModified":"2021-07-22T12:02:24+00:00","author":{"@id":"https:\/\/eurecat.org\/es\/#\/schema\/person\/8342992d6929ad043b305d3cac68b3f4"},"breadcrumb":{"@id":"https:\/\/eurecat.org\/es\/descubrir-verano-paisaje-genios\/#breadcrumb"},"inLanguage":"es","potentialAction":[{"@type":"ReadAction","target":["https:\/\/eurecat.org\/es\/descubrir-verano-paisaje-genios\/"]}]},{"@type":"ImageObject","inLanguage":"es","@id":"https:\/\/eurecat.org\/es\/descubrir-verano-paisaje-genios\/#primaryimage","url":"https:\/\/eurecat.org\/wp-content\/uploads\/2021\/07\/Eurecat-CentrePicasso-ElPaisatgedelsGenis_AutorWisconsin_930x515px-1.jpg","contentUrl":"https:\/\/eurecat.org\/wp-content\/uploads\/2021\/07\/Eurecat-CentrePicasso-ElPaisatgedelsGenis_AutorWisconsin_930x515px-1.jpg","width":930,"height":515,"caption":"Eurecat Paisatge dels Genis"},{"@type":"BreadcrumbList","@id":"https:\/\/eurecat.org\/es\/descubrir-verano-paisaje-genios\/#breadcrumb","itemListElement":[{"@type":"ListItem","position":1,"name":"Inici","item":"https:\/\/eurecat.org\/es\/"},{"@type":"ListItem","position":2,"name":"Cuatro nuevas propuestas para descubrir este verano el Paisaje de los Genios en la Costa Daurada y las Terres de l\u2019Ebre"}]},{"@type":"WebSite","@id":"https:\/\/eurecat.org\/es\/#website","url":"https:\/\/eurecat.org\/es\/","name":"Eurecat","description":"Otro sitio realizado con WordPress","potentialAction":[{"@type":"SearchAction","target":{"@type":"EntryPoint","urlTemplate":"https:\/\/eurecat.org\/es\/?s={search_term_string}"},"query-input":{"@type":"PropertyValueSpecification","valueRequired":true,"valueName":"search_term_string"}}],"inLanguage":"es"},{"@type":"Person","@id":"https:\/\/eurecat.org\/es\/#\/schema\/person\/8342992d6929ad043b305d3cac68b3f4","name":"eurecatNG","image":{"@type":"ImageObject","inLanguage":"es","@id":"https:\/\/secure.gravatar.com\/avatar\/63200cb70ae4f15a0f673050f36df149dba802bea7614e8f838aaccfcf8ea11d?s=96&d=mm&r=g","url":"https:\/\/secure.gravatar.com\/avatar\/63200cb70ae4f15a0f673050f36df149dba802bea7614e8f838aaccfcf8ea11d?s=96&d=mm&r=g","contentUrl":"https:\/\/secure.gravatar.com\/avatar\/63200cb70ae4f15a0f673050f36df149dba802bea7614e8f838aaccfcf8ea11d?s=96&d=mm&r=g","caption":"eurecatNG"}}]}},"_links":{"self":[{"href":"https:\/\/eurecat.org\/es\/wp-json\/wp\/v2\/posts\/116161","targetHints":{"allow":["GET"]}}],"collection":[{"href":"https:\/\/eurecat.org\/es\/wp-json\/wp\/v2\/posts"}],"about":[{"href":"https:\/\/eurecat.org\/es\/wp-json\/wp\/v2\/types\/post"}],"author":[{"embeddable":true,"href":"https:\/\/eurecat.org\/es\/wp-json\/wp\/v2\/users\/27"}],"replies":[{"embeddable":true,"href":"https:\/\/eurecat.org\/es\/wp-json\/wp\/v2\/comments?post=116161"}],"version-history":[{"count":0,"href":"https:\/\/eurecat.org\/es\/wp-json\/wp\/v2\/posts\/116161\/revisions"}],"wp:featuredmedia":[{"embeddable":true,"href":"https:\/\/eurecat.org\/es\/wp-json\/wp\/v2\/media\/116160"}],"wp:attachment":[{"href":"https:\/\/eurecat.org\/es\/wp-json\/wp\/v2\/media?parent=116161"}],"wp:term":[{"taxonomy":"category","embeddable":true,"href":"https:\/\/eurecat.org\/es\/wp-json\/wp\/v2\/categories?post=116161"},{"taxonomy":"post_tag","embeddable":true,"href":"https:\/\/eurecat.org\/es\/wp-json\/wp\/v2\/tags?post=116161"}],"curies":[{"name":"wp","href":"https:\/\/api.w.org\/{rel}","templated":true}]}}