{"id":116184,"date":"2021-07-23T13:43:20","date_gmt":"2021-07-23T12:43:20","guid":{"rendered":"https:\/\/eurecat.org\/?p=116184"},"modified":"2021-07-23T13:50:15","modified_gmt":"2021-07-23T12:50:15","slug":"editorial_innovacion-valor-y-recuperacion","status":"publish","type":"post","link":"https:\/\/eurecat.org\/es\/editorial_innovacion-valor-y-recuperacion\/","title":{"rendered":"Innovaci\u00f3n, valor y recuperaci\u00f3n"},"content":{"rendered":"<p><strong><img decoding=\"async\" class=\"wp-image-113831 size-medium alignleft\" src=\"https:\/\/eurecat.org\/wp-content\/uploads\/2021\/04\/XAVIER-TORRA-1200X800-1-300x200.jpg\" alt=\"\" width=\"300\" height=\"200\" srcset=\"https:\/\/eurecat.org\/wp-content\/uploads\/2021\/04\/XAVIER-TORRA-1200X800-1-200x133.jpg 200w, https:\/\/eurecat.org\/wp-content\/uploads\/2021\/04\/XAVIER-TORRA-1200X800-1-300x200.jpg 300w, https:\/\/eurecat.org\/wp-content\/uploads\/2021\/04\/XAVIER-TORRA-1200X800-1-391x260.jpg 391w, https:\/\/eurecat.org\/wp-content\/uploads\/2021\/04\/XAVIER-TORRA-1200X800-1-400x267.jpg 400w, https:\/\/eurecat.org\/wp-content\/uploads\/2021\/04\/XAVIER-TORRA-1200X800-1-600x400.jpg 600w, https:\/\/eurecat.org\/wp-content\/uploads\/2021\/04\/XAVIER-TORRA-1200X800-1-768x512.jpg 768w, https:\/\/eurecat.org\/wp-content\/uploads\/2021\/04\/XAVIER-TORRA-1200X800-1-800x533.jpg 800w, https:\/\/eurecat.org\/wp-content\/uploads\/2021\/04\/XAVIER-TORRA-1200X800-1-1160x773.jpg 1160w, https:\/\/eurecat.org\/wp-content\/uploads\/2021\/04\/XAVIER-TORRA-1200X800-1.jpg 1200w\" sizes=\"(max-width: 300px) 100vw, 300px\" \/><\/strong><\/p>\n<p><strong>La Covid-19 y la aceleraci\u00f3n tecnol\u00f3gica dibujan un contexto extremadamente cambiante que constituye todo un desaf\u00edo para el mundo empresarial<\/strong>, especialmente notorio en el caso de las peque\u00f1as y medianas empresas. Sin embargo, hay un factor muy importante a tener en cuenta y es que <strong>las empresas que innoven ahora ser\u00e1n l\u00edderes en su \u00e1mbito cuando todo esto haya pasado<\/strong>. Y en Eurecat estamos convencidos de que nuestro tejido productivo tiene mucho potencial para aprovechar la tecnolog\u00eda y la innovaci\u00f3n para poder afrontar este cambio de paradigma que estamos viviendo.<\/p>\n<p>Si sabemos enfocarlo bien, podemos aprovechar todos los cambios que vienen para mejorar y avanzar. <strong>Tenemos las bases para impulsar un crecimiento muy relevante de todos los sectores y para un reforzamiento multisectorial muy grande basado en palancas como la transformaci\u00f3n digital, la implantaci\u00f3n de la econom\u00eda circular, la descarbonizaci\u00f3n o la reindustrializaci\u00f3n.<\/strong> Tenemos empresas, industrias, emprendedores y talento con una capacidad demostrada para crear, innovar y generar nuevas oportunidades de crecimiento a nivel industrial, digital, biotecnol\u00f3gico y en la esfera de la sostenibilidad.<\/p>\n<p><strong>Tambi\u00e9n tenemos un claro enfoque internacional que nos abre perspectivas muy interesantes para conseguir que las empresas consoliden un valor diferencial sostenido con una visi\u00f3n global.<\/strong> Es el momento de aprovechar todos los recursos que llegar\u00e1n para apuntalar estas v\u00edas, a partir de una actitud innovadora, para favorecer la recuperaci\u00f3n en todos los sectores, desde un \u00e1ngulo totalmente respetuoso con el medio ambiente y el entorno y con capacidad para aprovechar las opciones de negocio y de diferenciaci\u00f3n que surgir\u00e1n como consecuencia de la crisis clim\u00e1tica. En este punto, el nuevo <strong>Centro en Resiliencia Clim\u00e1tica<\/strong> que acabamos de poner en funcionamiento este mes de junio ser\u00e1 estrat\u00e9gico para ayudar a las empresas, las administraciones, los territorios y los ciudadanos a hacer frente a estos retos ya la hora aprovechar al m\u00e1ximo todas las oportunidades.<\/p>\n<p>Algunos proyectos que hemos recopilado en este newsletter muestran que esta es la direcci\u00f3n para avanzar, como es el caso de un proyecto desarrollado con la empresa <strong>Caf\u00e9s Cornell\u00e0<\/strong> para llevar adelante su proceso de digitalizaci\u00f3n, que incorpora tecnolog\u00edas como el Internet de las Cosas , la anal\u00edtica avanzada de datos y el Machine Learning para monitorizar el proceso industrial y las etapas en el sector de la hosteler\u00eda, hasta llegar a la taza de caf\u00e9 final.<\/p>\n<p>Desde el punto de vista de la salud, os presentamos un nuevo sistema para identificar n\u00f3dulos indicadores de posibles c\u00e1nceres pulmonares mediante Inteligencia Artificial que hemos desarrollado con la participaci\u00f3n del <strong>Campus Vall d&#8217;Hebron<\/strong> y que abre las puertas a la mejora de la detecci\u00f3n precoz de la enfermedad. Tambi\u00e9n os acercamos, entre otras iniciativas, la plataforma tecnol\u00f3gica pionera para la gesti\u00f3n del turismo familiar &#8216;Costa Dorada y Tierras del Ebro <strong>Trip &amp; Kids<\/strong>&#8216; y os adelantamos los detalles de la pr\u00f3xima edici\u00f3n de la <strong>AI &amp; Big Data Congress<\/strong>, que se celebrar\u00e1 los pr\u00f3ximos 14 y 15 de septiembre con un programa muy potente. Desearos en nombre de todo el equipo de Eurecat un buen verano y que la creatividad, las ideas y el af\u00e1n de superaci\u00f3n nos sigan inspirando, para que las mejores perspectivas de recuperaci\u00f3n se hagan realidad en toda su dimensi\u00f3n.<\/p>\n<p><strong>Xavier Torra<br \/>\n<\/strong><strong>Presidente de Eurecat<\/strong><\/p>\n","protected":false},"excerpt":{"rendered":"<p>La Covid-19 y la aceleraci\u00f3n tecnol\u00f3gica dibujan un contexto extremadamente cambiante que constituye todo un desaf\u00edo para el mundo empresarial, especialmente notorio en el caso de las peque\u00f1as y medianas empresas. Sin embargo, hay un factor muy importante a tener en cuenta y es que las empresas que innoven ahora ser\u00e1n l\u00edderes en su \u00e1mbito  [&#8230;]<\/p>\n","protected":false},"author":20,"featured_media":113814,"comment_status":"closed","ping_status":"closed","sticky":false,"template":"","format":"standard","meta":{"footnotes":""},"categories":[133,2217],"tags":[],"class_list":["post-116184","post","type-post","status-publish","format-standard","has-post-thumbnail","hentry","category-blog","category-editorial"],"yoast_head":"<!-- This site is optimized with the Yoast SEO plugin v27.5 - https:\/\/yoast.com\/product\/yoast-seo-wordpress\/ -->\n<title>Innovaci\u00f3n, valor y recuperaci\u00f3n - Eurecat<\/title>\n<meta name=\"description\" content=\"Catalu\u00f1a contar\u00e1 con un Centro en Resiliencia Clim\u00e1tica (CRC) para potenciar la transici\u00f3n ecol\u00f3gica y la lucha contra la emergencia clim\u00e1tica\" \/>\n<meta name=\"robots\" content=\"index, follow, max-snippet:-1, max-image-preview:large, max-video-preview:-1\" \/>\n<link rel=\"canonical\" href=\"https:\/\/eurecat.org\/es\/editorial_innovacion-valor-y-recuperacion\/\" \/>\n<meta property=\"og:locale\" content=\"es_ES\" \/>\n<meta property=\"og:type\" content=\"article\" \/>\n<meta property=\"og:title\" content=\"Innovaci\u00f3n, valor y recuperaci\u00f3n - Eurecat\" \/>\n<meta property=\"og:description\" content=\"Catalu\u00f1a contar\u00e1 con un Centro en Resiliencia Clim\u00e1tica (CRC) para potenciar la transici\u00f3n ecol\u00f3gica y la lucha contra la emergencia clim\u00e1tica\" \/>\n<meta property=\"og:url\" content=\"https:\/\/eurecat.org\/es\/editorial_innovacion-valor-y-recuperacion\/\" \/>\n<meta property=\"og:site_name\" content=\"Eurecat\" \/>\n<meta property=\"article:published_time\" content=\"2021-07-23T12:43:20+00:00\" \/>\n<meta property=\"article:modified_time\" content=\"2021-07-23T12:50:15+00:00\" \/>\n<meta property=\"og:image\" content=\"https:\/\/eurecat.org\/wp-content\/uploads\/2021\/04\/XAVIER-TORRA-1200X800.jpg\" \/>\n\t<meta property=\"og:image:width\" content=\"1200\" \/>\n\t<meta property=\"og:image:height\" content=\"800\" \/>\n\t<meta property=\"og:image:type\" content=\"image\/jpeg\" \/>\n<meta name=\"author\" content=\"EurecatEQZ\" \/>\n<meta name=\"twitter:card\" content=\"summary_large_image\" \/>\n<meta name=\"twitter:label1\" content=\"Escrito por\" \/>\n\t<meta name=\"twitter:data1\" content=\"EurecatEQZ\" \/>\n\t<meta name=\"twitter:label2\" content=\"Tiempo de lectura\" \/>\n\t<meta name=\"twitter:data2\" content=\"3 minutos\" \/>\n<script type=\"application\/ld+json\" class=\"yoast-schema-graph\">{\"@context\":\"https:\\\/\\\/schema.org\",\"@graph\":[{\"@type\":\"Article\",\"@id\":\"https:\\\/\\\/eurecat.org\\\/es\\\/editorial_innovacion-valor-y-recuperacion\\\/#article\",\"isPartOf\":{\"@id\":\"https:\\\/\\\/eurecat.org\\\/es\\\/editorial_innovacion-valor-y-recuperacion\\\/\"},\"author\":{\"name\":\"EurecatEQZ\",\"@id\":\"https:\\\/\\\/eurecat.org\\\/es\\\/#\\\/schema\\\/person\\\/99d4d39712001e7621b6867b27b40bed\"},\"headline\":\"Innovaci\u00f3n, valor y recuperaci\u00f3n\",\"datePublished\":\"2021-07-23T12:43:20+00:00\",\"dateModified\":\"2021-07-23T12:50:15+00:00\",\"mainEntityOfPage\":{\"@id\":\"https:\\\/\\\/eurecat.org\\\/es\\\/editorial_innovacion-valor-y-recuperacion\\\/\"},\"wordCount\":584,\"image\":{\"@id\":\"https:\\\/\\\/eurecat.org\\\/es\\\/editorial_innovacion-valor-y-recuperacion\\\/#primaryimage\"},\"thumbnailUrl\":\"https:\\\/\\\/eurecat.org\\\/wp-content\\\/uploads\\\/2021\\\/04\\\/XAVIER-TORRA-1200X800.jpg\",\"articleSection\":[\"Blog\",\"Editorial\"],\"inLanguage\":\"es\"},{\"@type\":\"WebPage\",\"@id\":\"https:\\\/\\\/eurecat.org\\\/es\\\/editorial_innovacion-valor-y-recuperacion\\\/\",\"url\":\"https:\\\/\\\/eurecat.org\\\/es\\\/editorial_innovacion-valor-y-recuperacion\\\/\",\"name\":\"Innovaci\u00f3n, valor y recuperaci\u00f3n - Eurecat\",\"isPartOf\":{\"@id\":\"https:\\\/\\\/eurecat.org\\\/es\\\/#website\"},\"primaryImageOfPage\":{\"@id\":\"https:\\\/\\\/eurecat.org\\\/es\\\/editorial_innovacion-valor-y-recuperacion\\\/#primaryimage\"},\"image\":{\"@id\":\"https:\\\/\\\/eurecat.org\\\/es\\\/editorial_innovacion-valor-y-recuperacion\\\/#primaryimage\"},\"thumbnailUrl\":\"https:\\\/\\\/eurecat.org\\\/wp-content\\\/uploads\\\/2021\\\/04\\\/XAVIER-TORRA-1200X800.jpg\",\"datePublished\":\"2021-07-23T12:43:20+00:00\",\"dateModified\":\"2021-07-23T12:50:15+00:00\",\"author\":{\"@id\":\"https:\\\/\\\/eurecat.org\\\/es\\\/#\\\/schema\\\/person\\\/99d4d39712001e7621b6867b27b40bed\"},\"description\":\"Catalu\u00f1a contar\u00e1 con un Centro en Resiliencia Clim\u00e1tica (CRC) para potenciar la transici\u00f3n ecol\u00f3gica y la lucha contra la emergencia clim\u00e1tica\",\"breadcrumb\":{\"@id\":\"https:\\\/\\\/eurecat.org\\\/es\\\/editorial_innovacion-valor-y-recuperacion\\\/#breadcrumb\"},\"inLanguage\":\"es\",\"potentialAction\":[{\"@type\":\"ReadAction\",\"target\":[\"https:\\\/\\\/eurecat.org\\\/es\\\/editorial_innovacion-valor-y-recuperacion\\\/\"]}]},{\"@type\":\"ImageObject\",\"inLanguage\":\"es\",\"@id\":\"https:\\\/\\\/eurecat.org\\\/es\\\/editorial_innovacion-valor-y-recuperacion\\\/#primaryimage\",\"url\":\"https:\\\/\\\/eurecat.org\\\/wp-content\\\/uploads\\\/2021\\\/04\\\/XAVIER-TORRA-1200X800.jpg\",\"contentUrl\":\"https:\\\/\\\/eurecat.org\\\/wp-content\\\/uploads\\\/2021\\\/04\\\/XAVIER-TORRA-1200X800.jpg\",\"width\":1200,\"height\":800},{\"@type\":\"BreadcrumbList\",\"@id\":\"https:\\\/\\\/eurecat.org\\\/es\\\/editorial_innovacion-valor-y-recuperacion\\\/#breadcrumb\",\"itemListElement\":[{\"@type\":\"ListItem\",\"position\":1,\"name\":\"Inici\",\"item\":\"https:\\\/\\\/eurecat.org\\\/es\\\/\"},{\"@type\":\"ListItem\",\"position\":2,\"name\":\"Innovaci\u00f3n, valor y recuperaci\u00f3n\"}]},{\"@type\":\"WebSite\",\"@id\":\"https:\\\/\\\/eurecat.org\\\/es\\\/#website\",\"url\":\"https:\\\/\\\/eurecat.org\\\/es\\\/\",\"name\":\"Eurecat\",\"description\":\"Otro sitio realizado con WordPress\",\"potentialAction\":[{\"@type\":\"SearchAction\",\"target\":{\"@type\":\"EntryPoint\",\"urlTemplate\":\"https:\\\/\\\/eurecat.org\\\/es\\\/?s={search_term_string}\"},\"query-input\":{\"@type\":\"PropertyValueSpecification\",\"valueRequired\":true,\"valueName\":\"search_term_string\"}}],\"inLanguage\":\"es\"},{\"@type\":\"Person\",\"@id\":\"https:\\\/\\\/eurecat.org\\\/es\\\/#\\\/schema\\\/person\\\/99d4d39712001e7621b6867b27b40bed\",\"name\":\"EurecatEQZ\",\"image\":{\"@type\":\"ImageObject\",\"inLanguage\":\"es\",\"@id\":\"https:\\\/\\\/secure.gravatar.com\\\/avatar\\\/6deb26ca61bcc34263c59cc62bb8b08ff90b67af7f99943babf5d86396845993?s=96&d=mm&r=g\",\"url\":\"https:\\\/\\\/secure.gravatar.com\\\/avatar\\\/6deb26ca61bcc34263c59cc62bb8b08ff90b67af7f99943babf5d86396845993?s=96&d=mm&r=g\",\"contentUrl\":\"https:\\\/\\\/secure.gravatar.com\\\/avatar\\\/6deb26ca61bcc34263c59cc62bb8b08ff90b67af7f99943babf5d86396845993?s=96&d=mm&r=g\",\"caption\":\"EurecatEQZ\"}}]}<\/script>\n<!-- \/ Yoast SEO plugin. -->","yoast_head_json":{"title":"Innovaci\u00f3n, valor y recuperaci\u00f3n - Eurecat","description":"Catalu\u00f1a contar\u00e1 con un Centro en Resiliencia Clim\u00e1tica (CRC) para potenciar la transici\u00f3n ecol\u00f3gica y la lucha contra la emergencia clim\u00e1tica","robots":{"index":"index","follow":"follow","max-snippet":"max-snippet:-1","max-image-preview":"max-image-preview:large","max-video-preview":"max-video-preview:-1"},"canonical":"https:\/\/eurecat.org\/es\/editorial_innovacion-valor-y-recuperacion\/","og_locale":"es_ES","og_type":"article","og_title":"Innovaci\u00f3n, valor y recuperaci\u00f3n - Eurecat","og_description":"Catalu\u00f1a contar\u00e1 con un Centro en Resiliencia Clim\u00e1tica (CRC) para potenciar la transici\u00f3n ecol\u00f3gica y la lucha contra la emergencia clim\u00e1tica","og_url":"https:\/\/eurecat.org\/es\/editorial_innovacion-valor-y-recuperacion\/","og_site_name":"Eurecat","article_published_time":"2021-07-23T12:43:20+00:00","article_modified_time":"2021-07-23T12:50:15+00:00","og_image":[{"width":1200,"height":800,"url":"https:\/\/eurecat.org\/wp-content\/uploads\/2021\/04\/XAVIER-TORRA-1200X800.jpg","type":"image\/jpeg"}],"author":"EurecatEQZ","twitter_card":"summary_large_image","twitter_misc":{"Escrito por":"EurecatEQZ","Tiempo de lectura":"3 minutos"},"schema":{"@context":"https:\/\/schema.org","@graph":[{"@type":"Article","@id":"https:\/\/eurecat.org\/es\/editorial_innovacion-valor-y-recuperacion\/#article","isPartOf":{"@id":"https:\/\/eurecat.org\/es\/editorial_innovacion-valor-y-recuperacion\/"},"author":{"name":"EurecatEQZ","@id":"https:\/\/eurecat.org\/es\/#\/schema\/person\/99d4d39712001e7621b6867b27b40bed"},"headline":"Innovaci\u00f3n, valor y recuperaci\u00f3n","datePublished":"2021-07-23T12:43:20+00:00","dateModified":"2021-07-23T12:50:15+00:00","mainEntityOfPage":{"@id":"https:\/\/eurecat.org\/es\/editorial_innovacion-valor-y-recuperacion\/"},"wordCount":584,"image":{"@id":"https:\/\/eurecat.org\/es\/editorial_innovacion-valor-y-recuperacion\/#primaryimage"},"thumbnailUrl":"https:\/\/eurecat.org\/wp-content\/uploads\/2021\/04\/XAVIER-TORRA-1200X800.jpg","articleSection":["Blog","Editorial"],"inLanguage":"es"},{"@type":"WebPage","@id":"https:\/\/eurecat.org\/es\/editorial_innovacion-valor-y-recuperacion\/","url":"https:\/\/eurecat.org\/es\/editorial_innovacion-valor-y-recuperacion\/","name":"Innovaci\u00f3n, valor y recuperaci\u00f3n - Eurecat","isPartOf":{"@id":"https:\/\/eurecat.org\/es\/#website"},"primaryImageOfPage":{"@id":"https:\/\/eurecat.org\/es\/editorial_innovacion-valor-y-recuperacion\/#primaryimage"},"image":{"@id":"https:\/\/eurecat.org\/es\/editorial_innovacion-valor-y-recuperacion\/#primaryimage"},"thumbnailUrl":"https:\/\/eurecat.org\/wp-content\/uploads\/2021\/04\/XAVIER-TORRA-1200X800.jpg","datePublished":"2021-07-23T12:43:20+00:00","dateModified":"2021-07-23T12:50:15+00:00","author":{"@id":"https:\/\/eurecat.org\/es\/#\/schema\/person\/99d4d39712001e7621b6867b27b40bed"},"description":"Catalu\u00f1a contar\u00e1 con un Centro en Resiliencia Clim\u00e1tica (CRC) para potenciar la transici\u00f3n ecol\u00f3gica y la lucha contra la emergencia clim\u00e1tica","breadcrumb":{"@id":"https:\/\/eurecat.org\/es\/editorial_innovacion-valor-y-recuperacion\/#breadcrumb"},"inLanguage":"es","potentialAction":[{"@type":"ReadAction","target":["https:\/\/eurecat.org\/es\/editorial_innovacion-valor-y-recuperacion\/"]}]},{"@type":"ImageObject","inLanguage":"es","@id":"https:\/\/eurecat.org\/es\/editorial_innovacion-valor-y-recuperacion\/#primaryimage","url":"https:\/\/eurecat.org\/wp-content\/uploads\/2021\/04\/XAVIER-TORRA-1200X800.jpg","contentUrl":"https:\/\/eurecat.org\/wp-content\/uploads\/2021\/04\/XAVIER-TORRA-1200X800.jpg","width":1200,"height":800},{"@type":"BreadcrumbList","@id":"https:\/\/eurecat.org\/es\/editorial_innovacion-valor-y-recuperacion\/#breadcrumb","itemListElement":[{"@type":"ListItem","position":1,"name":"Inici","item":"https:\/\/eurecat.org\/es\/"},{"@type":"ListItem","position":2,"name":"Innovaci\u00f3n, valor y recuperaci\u00f3n"}]},{"@type":"WebSite","@id":"https:\/\/eurecat.org\/es\/#website","url":"https:\/\/eurecat.org\/es\/","name":"Eurecat","description":"Otro sitio realizado con WordPress","potentialAction":[{"@type":"SearchAction","target":{"@type":"EntryPoint","urlTemplate":"https:\/\/eurecat.org\/es\/?s={search_term_string}"},"query-input":{"@type":"PropertyValueSpecification","valueRequired":true,"valueName":"search_term_string"}}],"inLanguage":"es"},{"@type":"Person","@id":"https:\/\/eurecat.org\/es\/#\/schema\/person\/99d4d39712001e7621b6867b27b40bed","name":"EurecatEQZ","image":{"@type":"ImageObject","inLanguage":"es","@id":"https:\/\/secure.gravatar.com\/avatar\/6deb26ca61bcc34263c59cc62bb8b08ff90b67af7f99943babf5d86396845993?s=96&d=mm&r=g","url":"https:\/\/secure.gravatar.com\/avatar\/6deb26ca61bcc34263c59cc62bb8b08ff90b67af7f99943babf5d86396845993?s=96&d=mm&r=g","contentUrl":"https:\/\/secure.gravatar.com\/avatar\/6deb26ca61bcc34263c59cc62bb8b08ff90b67af7f99943babf5d86396845993?s=96&d=mm&r=g","caption":"EurecatEQZ"}}]}},"_links":{"self":[{"href":"https:\/\/eurecat.org\/es\/wp-json\/wp\/v2\/posts\/116184","targetHints":{"allow":["GET"]}}],"collection":[{"href":"https:\/\/eurecat.org\/es\/wp-json\/wp\/v2\/posts"}],"about":[{"href":"https:\/\/eurecat.org\/es\/wp-json\/wp\/v2\/types\/post"}],"author":[{"embeddable":true,"href":"https:\/\/eurecat.org\/es\/wp-json\/wp\/v2\/users\/20"}],"replies":[{"embeddable":true,"href":"https:\/\/eurecat.org\/es\/wp-json\/wp\/v2\/comments?post=116184"}],"version-history":[{"count":0,"href":"https:\/\/eurecat.org\/es\/wp-json\/wp\/v2\/posts\/116184\/revisions"}],"wp:featuredmedia":[{"embeddable":true,"href":"https:\/\/eurecat.org\/es\/wp-json\/wp\/v2\/media\/113814"}],"wp:attachment":[{"href":"https:\/\/eurecat.org\/es\/wp-json\/wp\/v2\/media?parent=116184"}],"wp:term":[{"taxonomy":"category","embeddable":true,"href":"https:\/\/eurecat.org\/es\/wp-json\/wp\/v2\/categories?post=116184"},{"taxonomy":"post_tag","embeddable":true,"href":"https:\/\/eurecat.org\/es\/wp-json\/wp\/v2\/tags?post=116184"}],"curies":[{"name":"wp","href":"https:\/\/api.w.org\/{rel}","templated":true}]}}