{"id":11750,"date":"2016-06-06T15:42:19","date_gmt":"2016-06-06T15:42:19","guid":{"rendered":"http:\/\/eurecat.org\/es\/?p=11750"},"modified":"2016-10-23T16:53:45","modified_gmt":"2016-10-23T16:53:45","slug":"expertos-anticipan-en-barcelona-como-sera-la-nueva-fabrica-inteligente","status":"publish","type":"post","link":"https:\/\/eurecat.org\/es\/expertos-anticipan-en-barcelona-como-sera-la-nueva-fabrica-inteligente\/","title":{"rendered":"Expertos anticipan en Barcelona c\u00f3mo ser\u00e1 la nueva f\u00e1brica inteligente"},"content":{"rendered":"<blockquote><p>El Future Industry Congress, organizado por el centro tecnol\u00f3gico Eurecat, analizar\u00e1 los d\u00edas 14 y 15 de junio en Barcelona c\u00f3mo la confluencia de las tecnolog\u00edas industriales y digitales est\u00e1 impulsando la reindustrializaci\u00f3n gracias a la denominada cuarta revoluci\u00f3n industrial o f\u00e1brica 4.0.<\/p><\/blockquote>\n<p><strong><u>Barcelona, 8 de junio de 2016.-<\/u> <\/strong>Un total de 25 expertos analizar\u00e1n los d\u00edas 14 y 15 de junio en el <a href=\"http:\/\/futureindustrycongress.com\">Future Industry Congress<\/a>, en Barcelona, c\u00f3mo las nuevas tecnolog\u00edas industriales y digitales est\u00e1n configurando la nueva f\u00e1brica 4.0 y anticipar\u00e1n el potencial que ofrece la industria avanzada, digital y conectada para impulsar la reindustrializaci\u00f3n.<\/p>\n<p>El centro tecnol\u00f3gico Eurecat (miembro de Tecnio) ha organizado el congreso, que profundizar\u00e1 en la industria digital, que engloba Internet de las Cosas, Big Data, Cloud Computing, fabricaci\u00f3n digital y ciberseguridad; la industria eficiente, que incluye fabricaci\u00f3n avanzada, rob\u00f3tica, automatizaci\u00f3n, eficiencia energ\u00e9tica, reciclaje y materiales avanzados, y los nuevos modelos industriales, que abarcan la producci\u00f3n bajo demanda, los modelos de negocio y la personalizaci\u00f3n.<\/p>\n<p>De acuerdo con los expertos de Eurecat que han elaborado el programa del Future Industry Congress, la f\u00e1brica del futuro ser\u00e1 \u00ablimpia, sostenible, generar\u00e1 pocos residuos y tendr\u00e1 la capacidad de reciclarlos o valorizarlos, con todos sus elementos interconectados entre s\u00ed y con el mundo exterior\u00bb. La factor\u00eda 4.0 dispondr\u00e1, adem\u00e1s, de \u00absensores y actuadores especializados en acciones concretas con un gran nivel de automatizaci\u00f3n y donde la rob\u00f3tica colaborativa permitir\u00e1 convivir sin riesgos a operadores y m\u00e1quinas\u00bb. Tambi\u00e9n tendr\u00e1 la Internet de las Cosas \u00abfuncionando plenamente, facilitando una mayor conexi\u00f3n entre la producci\u00f3n y el cliente y usuario\u00bb.<\/p>\n<p>Seg\u00fan su pron\u00f3stico, \u201clas nuevas f\u00e1bricas explotar\u00e1n el Big Data que todos estos sensores generar\u00e1n para mejorar en eficiencia y los nuevos materiales y tecnolog\u00edas de fabricaci\u00f3n podr\u00e1n deslocalizar el punto de fabricaci\u00f3n y permitir una personalizaci\u00f3n del producto casi a nivel individual\u00bb.<\/p>\n<blockquote><p>La f\u00e1brica del futuro ser\u00e1 limpia, sostenible, generar\u00e1 pocos residuos y tendr\u00e1 la capacidad de reciclarlos o valorizarlos, con todos sus elementos interconectados entre s\u00ed y con el mundo exterior.<\/p><\/blockquote>\n<p><strong>Primera jornada del Future Industry Congress<\/strong><\/p>\n<p>La bienvenida institucional del congreso correr\u00e1 a cargo de Jaume Ferr\u00fas, vicepresidente de Eurecat, y de Jordi Puigner\u00f3, secretario para la Gobernanza de las Tecnolog\u00edas de la Informaci\u00f3n y la Comunicaci\u00f3n de la Generalitat de Catalunya. A continuaci\u00f3n, el director del \u00c1rea de Tecnolog\u00edas Industriales de Eurecat, Xavier Plant\u00e0, hablar\u00e1 de la integraci\u00f3n de diversas disciplinas en la f\u00e1brica del futuro, como la inteligencia artificial, la sens\u00f3rica, la fabricaci\u00f3n aditiva o la simulaci\u00f3n num\u00e9rica.<\/p>\n<p>La innovaci\u00f3n para la fabricaci\u00f3n global digitalizada, centrar\u00e1 la intervenci\u00f3n de Jos\u00e9 Manuel Lario, Product Engineer Automation Center Europe de OMRON ELECTRONICS EUROPE B.V. Por su parte, Ram\u00f3n Pastor, vicepresidente y director general de 3D Printing y del Campus de HP en Barcelona, HP INC, hablar\u00e1 del potencial de la impresi\u00f3n 3D y de c\u00f3mo esta tecnolog\u00eda es uno de los catalizadores de la nueva revoluci\u00f3n industrial.<\/p>\n<p>La transici\u00f3n hacia la econom\u00eda circular es el eje de las conferencias de Miguel A. Dora, Country Manager en Espa\u00f1a y Portugal de SAICA NATUR, y de Lorena Jurado, directora de residuorecurso.com. Por su parte, C\u00e9sar Molins, director general de AMES, incidir\u00e1 en el futuro de la industria media en Europa.<\/p>\n<p>A continuaci\u00f3n, habr\u00e1 una mesa redonda, moderada por Myriam Garcia-Berro, directora de Tecnolog\u00eda y Transferencia de Eurecat, que tratar\u00e1 sobre los retos de la transformaci\u00f3n digital en la industria tradicional, con Benito Cerrillo, CIO de Vichy Catal\u00e1n; Jes\u00fas Mayordomo, CIO de Celsa Group, y Lluis Verdaguer, CEO de Effitronix.<\/p>\n<p>Albert Giralt, general manager de Avinent Implant System, hablar\u00e1 de la Transformaci\u00f3n de un modelo digital bastado en costes a un modelo basado en la digitalizaci\u00f3n. A continuaci\u00f3n, Juan Carlos D\u00fcrsteler, Chief Innovation Officer de INDO Horizons, se centrar\u00e1 en la fabricaci\u00f3n digital como veh\u00edculo de personalizaci\u00f3n. V\u00edctor Garc\u00eda de Santiago, cofundador y CEO de Westwing, dar\u00e1 las claves tecnol\u00f3gicas para ser l\u00edder en la venta de muebles. Despu\u00e9s, V\u00edctor Paluzie, gerente de RMS Rapid Manufacturing Systems, presentar\u00e1 una selecci\u00f3n de casos de \u00e9xito industriales que muestran aplicaciones de impresi\u00f3n 3D.<\/p>\n<blockquote><p>Los nuevos materiales y tecnolog\u00edas de fabricaci\u00f3n permitir\u00e1n una personalizaci\u00f3n del producto casi a nivel individual.<\/p><\/blockquote>\n<p><strong>Segunda jornada del Future Industry Congress<\/strong><\/p>\n<p>El segundo d\u00eda del Future Industry Congress, Eduard Marf\u00e0, director de Marketing de EMEA, Lifecycle Collaboration de SIEMENS, compartir\u00e1 experiencias sobre las innovaciones inteligentes. A continuaci\u00f3n, David Palacios, gerente de TECNOCOM, presentar\u00e1 un proyecto para la certificaci\u00f3n de aplicaciones m\u00f3viles para el coche conectado. Posteriormente, Alejandro Cadenas, responsable de Internet of Things industrial de Telef\u00f3nica, hablar\u00e1 de la gesti\u00f3n de la movilidad en la transici\u00f3n hacia la industria 4.0. Seguidamente, Juan Carlos Guti\u00e9rrez, Cognitive yate Consultant de IBM, expondr\u00e1 las claves para construir una industria m\u00e1s inteligente, interconectada y cognitiva.<\/p>\n<p>Los retos en el sector industrial y digital centrar\u00e1n una sesi\u00f3n monogr\u00e1fica, que contar\u00e1 con las intervenciones del presidente de Eurecat, Xavier Torra; Carl Gisleskog, Digital Technology Advisor de European Factories of the Future Research Association (EFFRA); N\u00faria Betriu, directora general de Industria y consellera delegada de ACCI\u00d3, y Begon\u0303a Cristeto, secretaria general de Industria y de la Peque\u00f1a y Mediana Empresa del Ministerio de Industria, Energ\u00eda y Turismo. A continuaci\u00f3n, Joan Mas, director de Tecnolog\u00edas Digitales de Eurecat expondr\u00e1 las principales aportaciones del centro a la nueva industria.<\/p>\n<p>Francisco Santisteve, Business Consultant de T-Systems, explicar\u00e1 un nuevo sistema que env\u00eda y recibe en tiempo real instrucciones y \u00f3rdenes a los operarios y que garantiza error cero en las operaciones y trazabilidad total. Seguidamente, Xavier Homs, Systems Engineering de Palo Alto Networks, introducir\u00e1 el impacto de las plataformas de seguridad aut\u00f3matas.<\/p>\n<p>El Future Industry Congress toma el relevo del BDigital Global Congress y del Foro Ascamm, con el fin de recoger la tradici\u00f3n de difusi\u00f3n tecnol\u00f3gica que tanto BDigital como ASCAMM realizaban antes de su integraci\u00f3n en Eurecat, que adopta as\u00ed un papel fundamental como puente entre los avances en I+D y el sistema productivo. El congreso cuenta con el apoyo de Elogia, Tecnocom, Telef\u00f3nica, la Generalitat de Catalunya, IBM, ImaginBank y Saica Natur.<\/p>\n<p><strong>Contactad con el Gabinete de Prensa de Eurecat para ampliar la informaci\u00f3n o solicitar entrevistas, en el email premsa@eurecat.org o en el m\u00f3vil 630.425.169.<\/strong><\/p>\n<p><strong>Future Industry Congress<\/strong><\/p>\n<p><strong>D\u00edas:<\/strong> 14 y 15 de junio<\/p>\n<p><strong>Lugar:<\/strong> CaixaForum Barcelona (C\/Francesc Ferrer i Gu\u00e0rdia, 6-8. 08038 Barcelona)<\/p>\n<p><strong>ACREDITACIONES en premsa@eurecat.org<\/strong><\/p>\n<p>hashtag: #FIC16<\/p>\n<p>&nbsp;<\/p>\n<p><strong>Sobre Eurecat<\/strong><\/p>\n<p>Eurecat, Centro Tecnol\u00f3gico de Catalu\u00f1a (miembro de TECNIO), aglutina la experiencia de m\u00e1s de <strong>450 profesionales<\/strong> que generan un volumen de ingresos de <strong>36 millones de euros anuales<\/strong> y presta servicio a m\u00e1s de <strong>1.000 empresas<\/strong>. Con instalaciones en Barcelona, Canet de Mar, Cerdanyola del Vall\u00e8s, Girona, Lleida, Manresa, Matar\u00f3, Reus y Amposta y con una sede en Brasil, participa a <strong>160 grandes proyectos consorciados de I+D+i<\/strong> nacionales e internacionales de alto valor estrat\u00e9gico y cuenta con <strong>73 patentes<\/strong> y <strong>7 spin-off<\/strong>. El valor a\u00f1adido que proporciona Eurecat <strong>acelera la innovaci\u00f3n<\/strong>, <strong>disminuye el gasto en infraestructuras<\/strong> cient\u00edficas y tecnol\u00f3gicas, <strong>reduce los riesgos <\/strong>y proporciona <strong>conocimiento especializado <\/strong>a medida de cada empresa. <strong>M\u00e1s informaci\u00f3n en <\/strong><a href=\"http:\/\/www.eurecat.org\"><strong>www.eurecat.org<\/strong><\/a><\/p>\n<p><strong>\u00a0<\/strong><\/p>\n<p><strong><em>M\u00e1s informaci\u00f3n:<\/em><\/strong><\/p>\n<p><strong>Montse Mascar\u00f3<br \/>\nPrensa | Direcci\u00f3n de Comunicaci\u00f3n Corporativa <\/strong><strong>Eurecat<\/strong><\/p>\n<p><strong>Tel. (+34) 932 381 400 | M\u00f3vil: (+34) 630 425 169<br \/>\nC\/e: premsa@eurecat.org | <\/strong><a href=\"http:\/\/www.eurecat.org\">www.eurecat.org<\/a><\/p>\n<p>&nbsp;<\/p>\n","protected":false},"excerpt":{"rendered":"<p>El Future Industry Congress, organizado por el centro tecnol\u00f3gico Eurecat, analizar\u00e1 los d\u00edas 14 y 15 de junio en Barcelona c\u00f3mo la confluencia de las tecnolog\u00edas industriales y digitales est\u00e1 impulsando la reindustrializaci\u00f3n gracias a la denominada cuarta revoluci\u00f3n industrial o f\u00e1brica 4.0. Barcelona, 8 de junio de 2016.- Un total de 25 expertos analizar\u00e1n  [&#8230;]<\/p>\n","protected":false},"author":12,"featured_media":11748,"comment_status":"open","ping_status":"closed","sticky":false,"template":"","format":"standard","meta":{"footnotes":""},"categories":[134,406,408],"tags":[],"class_list":["post-11750","post","type-post","status-publish","format-standard","has-post-thumbnail","hentry","category-notas-de-prensa","category-nuevos-procesos-fabricacion","category-robotica-automatizacion"],"yoast_head":"<!-- This site is optimized with the Yoast SEO plugin v27.5 - https:\/\/yoast.com\/product\/yoast-seo-wordpress\/ -->\n<title>Expertos anticipan en Barcelona como ser\u00e1 la f\u00e1brica inteligente<\/title>\n<meta name=\"description\" content=\"Un total de 25 expertos analizar\u00e1n los d\u00edas 14 y 15 de junio en el Future Industry Congress, a Barcelona, como las nuevas tecnolog\u00edas industriales digitales\" \/>\n<meta name=\"robots\" content=\"index, follow, max-snippet:-1, max-image-preview:large, max-video-preview:-1\" \/>\n<link rel=\"canonical\" href=\"https:\/\/eurecat.org\/es\/expertos-anticipan-en-barcelona-como-sera-la-nueva-fabrica-inteligente\/\" \/>\n<meta property=\"og:locale\" content=\"es_ES\" \/>\n<meta property=\"og:type\" content=\"article\" \/>\n<meta property=\"og:title\" content=\"Expertos anticipan en Barcelona como ser\u00e1 la f\u00e1brica inteligente\" \/>\n<meta property=\"og:description\" content=\"Un total de 25 expertos analizar\u00e1n los d\u00edas 14 y 15 de junio en el Future Industry Congress, a Barcelona, como las nuevas tecnolog\u00edas industriales digitales\" \/>\n<meta property=\"og:url\" content=\"https:\/\/eurecat.org\/es\/expertos-anticipan-en-barcelona-como-sera-la-nueva-fabrica-inteligente\/\" \/>\n<meta property=\"og:site_name\" content=\"Eurecat\" \/>\n<meta property=\"article:published_time\" content=\"2016-06-06T15:42:19+00:00\" \/>\n<meta property=\"article:modified_time\" content=\"2016-10-23T16:53:45+00:00\" \/>\n<meta property=\"og:image\" content=\"https:\/\/eurecat.org\/wp-content\/uploads\/2016\/06\/fic_reunira-expertos.jpg\" \/>\n\t<meta property=\"og:image:width\" content=\"750\" \/>\n\t<meta property=\"og:image:height\" content=\"330\" \/>\n\t<meta property=\"og:image:type\" content=\"image\/jpeg\" \/>\n<meta name=\"author\" content=\"EurecatEG\" \/>\n<meta name=\"twitter:card\" content=\"summary_large_image\" \/>\n<meta name=\"twitter:label1\" content=\"Escrito por\" \/>\n\t<meta name=\"twitter:data1\" content=\"EurecatEG\" \/>\n\t<meta name=\"twitter:label2\" content=\"Tiempo de lectura\" \/>\n\t<meta name=\"twitter:data2\" content=\"7 minutos\" \/>\n<script type=\"application\/ld+json\" class=\"yoast-schema-graph\">{\"@context\":\"https:\\\/\\\/schema.org\",\"@graph\":[{\"@type\":\"Article\",\"@id\":\"https:\\\/\\\/eurecat.org\\\/es\\\/expertos-anticipan-en-barcelona-como-sera-la-nueva-fabrica-inteligente\\\/#article\",\"isPartOf\":{\"@id\":\"https:\\\/\\\/eurecat.org\\\/es\\\/expertos-anticipan-en-barcelona-como-sera-la-nueva-fabrica-inteligente\\\/\"},\"author\":{\"name\":\"EurecatEG\",\"@id\":\"https:\\\/\\\/eurecat.org\\\/es\\\/#\\\/schema\\\/person\\\/def9217eded50ee57a9dc4cf0c883f80\"},\"headline\":\"Expertos anticipan en Barcelona c\u00f3mo ser\u00e1 la nueva f\u00e1brica inteligente\",\"datePublished\":\"2016-06-06T15:42:19+00:00\",\"dateModified\":\"2016-10-23T16:53:45+00:00\",\"mainEntityOfPage\":{\"@id\":\"https:\\\/\\\/eurecat.org\\\/es\\\/expertos-anticipan-en-barcelona-como-sera-la-nueva-fabrica-inteligente\\\/\"},\"wordCount\":1326,\"commentCount\":0,\"image\":{\"@id\":\"https:\\\/\\\/eurecat.org\\\/es\\\/expertos-anticipan-en-barcelona-como-sera-la-nueva-fabrica-inteligente\\\/#primaryimage\"},\"thumbnailUrl\":\"https:\\\/\\\/eurecat.org\\\/wp-content\\\/uploads\\\/2016\\\/06\\\/fic_reunira-expertos.jpg\",\"articleSection\":[\"Notas de prensa\",\"Nuevos procesos de fabricaci\u00f3n\",\"Rob\u00f3tica y Automatizaci\u00f3n\"],\"inLanguage\":\"es\",\"potentialAction\":[{\"@type\":\"CommentAction\",\"name\":\"Comment\",\"target\":[\"https:\\\/\\\/eurecat.org\\\/es\\\/expertos-anticipan-en-barcelona-como-sera-la-nueva-fabrica-inteligente\\\/#respond\"]}]},{\"@type\":\"WebPage\",\"@id\":\"https:\\\/\\\/eurecat.org\\\/es\\\/expertos-anticipan-en-barcelona-como-sera-la-nueva-fabrica-inteligente\\\/\",\"url\":\"https:\\\/\\\/eurecat.org\\\/es\\\/expertos-anticipan-en-barcelona-como-sera-la-nueva-fabrica-inteligente\\\/\",\"name\":\"Expertos anticipan en Barcelona como ser\u00e1 la f\u00e1brica inteligente\",\"isPartOf\":{\"@id\":\"https:\\\/\\\/eurecat.org\\\/es\\\/#website\"},\"primaryImageOfPage\":{\"@id\":\"https:\\\/\\\/eurecat.org\\\/es\\\/expertos-anticipan-en-barcelona-como-sera-la-nueva-fabrica-inteligente\\\/#primaryimage\"},\"image\":{\"@id\":\"https:\\\/\\\/eurecat.org\\\/es\\\/expertos-anticipan-en-barcelona-como-sera-la-nueva-fabrica-inteligente\\\/#primaryimage\"},\"thumbnailUrl\":\"https:\\\/\\\/eurecat.org\\\/wp-content\\\/uploads\\\/2016\\\/06\\\/fic_reunira-expertos.jpg\",\"datePublished\":\"2016-06-06T15:42:19+00:00\",\"dateModified\":\"2016-10-23T16:53:45+00:00\",\"author\":{\"@id\":\"https:\\\/\\\/eurecat.org\\\/es\\\/#\\\/schema\\\/person\\\/def9217eded50ee57a9dc4cf0c883f80\"},\"description\":\"Un total de 25 expertos analizar\u00e1n los d\u00edas 14 y 15 de junio en el Future Industry Congress, a Barcelona, como las nuevas tecnolog\u00edas industriales digitales\",\"breadcrumb\":{\"@id\":\"https:\\\/\\\/eurecat.org\\\/es\\\/expertos-anticipan-en-barcelona-como-sera-la-nueva-fabrica-inteligente\\\/#breadcrumb\"},\"inLanguage\":\"es\",\"potentialAction\":[{\"@type\":\"ReadAction\",\"target\":[\"https:\\\/\\\/eurecat.org\\\/es\\\/expertos-anticipan-en-barcelona-como-sera-la-nueva-fabrica-inteligente\\\/\"]}]},{\"@type\":\"ImageObject\",\"inLanguage\":\"es\",\"@id\":\"https:\\\/\\\/eurecat.org\\\/es\\\/expertos-anticipan-en-barcelona-como-sera-la-nueva-fabrica-inteligente\\\/#primaryimage\",\"url\":\"https:\\\/\\\/eurecat.org\\\/wp-content\\\/uploads\\\/2016\\\/06\\\/fic_reunira-expertos.jpg\",\"contentUrl\":\"https:\\\/\\\/eurecat.org\\\/wp-content\\\/uploads\\\/2016\\\/06\\\/fic_reunira-expertos.jpg\",\"width\":750,\"height\":330},{\"@type\":\"BreadcrumbList\",\"@id\":\"https:\\\/\\\/eurecat.org\\\/es\\\/expertos-anticipan-en-barcelona-como-sera-la-nueva-fabrica-inteligente\\\/#breadcrumb\",\"itemListElement\":[{\"@type\":\"ListItem\",\"position\":1,\"name\":\"Inici\",\"item\":\"https:\\\/\\\/eurecat.org\\\/es\\\/\"},{\"@type\":\"ListItem\",\"position\":2,\"name\":\"Expertos anticipan en Barcelona c\u00f3mo ser\u00e1 la nueva f\u00e1brica inteligente\"}]},{\"@type\":\"WebSite\",\"@id\":\"https:\\\/\\\/eurecat.org\\\/es\\\/#website\",\"url\":\"https:\\\/\\\/eurecat.org\\\/es\\\/\",\"name\":\"Eurecat\",\"description\":\"Otro sitio realizado con WordPress\",\"potentialAction\":[{\"@type\":\"SearchAction\",\"target\":{\"@type\":\"EntryPoint\",\"urlTemplate\":\"https:\\\/\\\/eurecat.org\\\/es\\\/?s={search_term_string}\"},\"query-input\":{\"@type\":\"PropertyValueSpecification\",\"valueRequired\":true,\"valueName\":\"search_term_string\"}}],\"inLanguage\":\"es\"},{\"@type\":\"Person\",\"@id\":\"https:\\\/\\\/eurecat.org\\\/es\\\/#\\\/schema\\\/person\\\/def9217eded50ee57a9dc4cf0c883f80\",\"name\":\"EurecatEG\",\"image\":{\"@type\":\"ImageObject\",\"inLanguage\":\"es\",\"@id\":\"https:\\\/\\\/secure.gravatar.com\\\/avatar\\\/f40dd9b6ecd3e5c591f3c9b033e495ee0ec9877ba77249fbf268b3889350c824?s=96&d=mm&r=g\",\"url\":\"https:\\\/\\\/secure.gravatar.com\\\/avatar\\\/f40dd9b6ecd3e5c591f3c9b033e495ee0ec9877ba77249fbf268b3889350c824?s=96&d=mm&r=g\",\"contentUrl\":\"https:\\\/\\\/secure.gravatar.com\\\/avatar\\\/f40dd9b6ecd3e5c591f3c9b033e495ee0ec9877ba77249fbf268b3889350c824?s=96&d=mm&r=g\",\"caption\":\"EurecatEG\"}}]}<\/script>\n<!-- \/ Yoast SEO plugin. -->","yoast_head_json":{"title":"Expertos anticipan en Barcelona como ser\u00e1 la f\u00e1brica inteligente","description":"Un total de 25 expertos analizar\u00e1n los d\u00edas 14 y 15 de junio en el Future Industry Congress, a Barcelona, como las nuevas tecnolog\u00edas industriales digitales","robots":{"index":"index","follow":"follow","max-snippet":"max-snippet:-1","max-image-preview":"max-image-preview:large","max-video-preview":"max-video-preview:-1"},"canonical":"https:\/\/eurecat.org\/es\/expertos-anticipan-en-barcelona-como-sera-la-nueva-fabrica-inteligente\/","og_locale":"es_ES","og_type":"article","og_title":"Expertos anticipan en Barcelona como ser\u00e1 la f\u00e1brica inteligente","og_description":"Un total de 25 expertos analizar\u00e1n los d\u00edas 14 y 15 de junio en el Future Industry Congress, a Barcelona, como las nuevas tecnolog\u00edas industriales digitales","og_url":"https:\/\/eurecat.org\/es\/expertos-anticipan-en-barcelona-como-sera-la-nueva-fabrica-inteligente\/","og_site_name":"Eurecat","article_published_time":"2016-06-06T15:42:19+00:00","article_modified_time":"2016-10-23T16:53:45+00:00","og_image":[{"width":750,"height":330,"url":"https:\/\/eurecat.org\/wp-content\/uploads\/2016\/06\/fic_reunira-expertos.jpg","type":"image\/jpeg"}],"author":"EurecatEG","twitter_card":"summary_large_image","twitter_misc":{"Escrito por":"EurecatEG","Tiempo de lectura":"7 minutos"},"schema":{"@context":"https:\/\/schema.org","@graph":[{"@type":"Article","@id":"https:\/\/eurecat.org\/es\/expertos-anticipan-en-barcelona-como-sera-la-nueva-fabrica-inteligente\/#article","isPartOf":{"@id":"https:\/\/eurecat.org\/es\/expertos-anticipan-en-barcelona-como-sera-la-nueva-fabrica-inteligente\/"},"author":{"name":"EurecatEG","@id":"https:\/\/eurecat.org\/es\/#\/schema\/person\/def9217eded50ee57a9dc4cf0c883f80"},"headline":"Expertos anticipan en Barcelona c\u00f3mo ser\u00e1 la nueva f\u00e1brica inteligente","datePublished":"2016-06-06T15:42:19+00:00","dateModified":"2016-10-23T16:53:45+00:00","mainEntityOfPage":{"@id":"https:\/\/eurecat.org\/es\/expertos-anticipan-en-barcelona-como-sera-la-nueva-fabrica-inteligente\/"},"wordCount":1326,"commentCount":0,"image":{"@id":"https:\/\/eurecat.org\/es\/expertos-anticipan-en-barcelona-como-sera-la-nueva-fabrica-inteligente\/#primaryimage"},"thumbnailUrl":"https:\/\/eurecat.org\/wp-content\/uploads\/2016\/06\/fic_reunira-expertos.jpg","articleSection":["Notas de prensa","Nuevos procesos de fabricaci\u00f3n","Rob\u00f3tica y Automatizaci\u00f3n"],"inLanguage":"es","potentialAction":[{"@type":"CommentAction","name":"Comment","target":["https:\/\/eurecat.org\/es\/expertos-anticipan-en-barcelona-como-sera-la-nueva-fabrica-inteligente\/#respond"]}]},{"@type":"WebPage","@id":"https:\/\/eurecat.org\/es\/expertos-anticipan-en-barcelona-como-sera-la-nueva-fabrica-inteligente\/","url":"https:\/\/eurecat.org\/es\/expertos-anticipan-en-barcelona-como-sera-la-nueva-fabrica-inteligente\/","name":"Expertos anticipan en Barcelona como ser\u00e1 la f\u00e1brica inteligente","isPartOf":{"@id":"https:\/\/eurecat.org\/es\/#website"},"primaryImageOfPage":{"@id":"https:\/\/eurecat.org\/es\/expertos-anticipan-en-barcelona-como-sera-la-nueva-fabrica-inteligente\/#primaryimage"},"image":{"@id":"https:\/\/eurecat.org\/es\/expertos-anticipan-en-barcelona-como-sera-la-nueva-fabrica-inteligente\/#primaryimage"},"thumbnailUrl":"https:\/\/eurecat.org\/wp-content\/uploads\/2016\/06\/fic_reunira-expertos.jpg","datePublished":"2016-06-06T15:42:19+00:00","dateModified":"2016-10-23T16:53:45+00:00","author":{"@id":"https:\/\/eurecat.org\/es\/#\/schema\/person\/def9217eded50ee57a9dc4cf0c883f80"},"description":"Un total de 25 expertos analizar\u00e1n los d\u00edas 14 y 15 de junio en el Future Industry Congress, a Barcelona, como las nuevas tecnolog\u00edas industriales digitales","breadcrumb":{"@id":"https:\/\/eurecat.org\/es\/expertos-anticipan-en-barcelona-como-sera-la-nueva-fabrica-inteligente\/#breadcrumb"},"inLanguage":"es","potentialAction":[{"@type":"ReadAction","target":["https:\/\/eurecat.org\/es\/expertos-anticipan-en-barcelona-como-sera-la-nueva-fabrica-inteligente\/"]}]},{"@type":"ImageObject","inLanguage":"es","@id":"https:\/\/eurecat.org\/es\/expertos-anticipan-en-barcelona-como-sera-la-nueva-fabrica-inteligente\/#primaryimage","url":"https:\/\/eurecat.org\/wp-content\/uploads\/2016\/06\/fic_reunira-expertos.jpg","contentUrl":"https:\/\/eurecat.org\/wp-content\/uploads\/2016\/06\/fic_reunira-expertos.jpg","width":750,"height":330},{"@type":"BreadcrumbList","@id":"https:\/\/eurecat.org\/es\/expertos-anticipan-en-barcelona-como-sera-la-nueva-fabrica-inteligente\/#breadcrumb","itemListElement":[{"@type":"ListItem","position":1,"name":"Inici","item":"https:\/\/eurecat.org\/es\/"},{"@type":"ListItem","position":2,"name":"Expertos anticipan en Barcelona c\u00f3mo ser\u00e1 la nueva f\u00e1brica inteligente"}]},{"@type":"WebSite","@id":"https:\/\/eurecat.org\/es\/#website","url":"https:\/\/eurecat.org\/es\/","name":"Eurecat","description":"Otro sitio realizado con WordPress","potentialAction":[{"@type":"SearchAction","target":{"@type":"EntryPoint","urlTemplate":"https:\/\/eurecat.org\/es\/?s={search_term_string}"},"query-input":{"@type":"PropertyValueSpecification","valueRequired":true,"valueName":"search_term_string"}}],"inLanguage":"es"},{"@type":"Person","@id":"https:\/\/eurecat.org\/es\/#\/schema\/person\/def9217eded50ee57a9dc4cf0c883f80","name":"EurecatEG","image":{"@type":"ImageObject","inLanguage":"es","@id":"https:\/\/secure.gravatar.com\/avatar\/f40dd9b6ecd3e5c591f3c9b033e495ee0ec9877ba77249fbf268b3889350c824?s=96&d=mm&r=g","url":"https:\/\/secure.gravatar.com\/avatar\/f40dd9b6ecd3e5c591f3c9b033e495ee0ec9877ba77249fbf268b3889350c824?s=96&d=mm&r=g","contentUrl":"https:\/\/secure.gravatar.com\/avatar\/f40dd9b6ecd3e5c591f3c9b033e495ee0ec9877ba77249fbf268b3889350c824?s=96&d=mm&r=g","caption":"EurecatEG"}}]}},"_links":{"self":[{"href":"https:\/\/eurecat.org\/es\/wp-json\/wp\/v2\/posts\/11750","targetHints":{"allow":["GET"]}}],"collection":[{"href":"https:\/\/eurecat.org\/es\/wp-json\/wp\/v2\/posts"}],"about":[{"href":"https:\/\/eurecat.org\/es\/wp-json\/wp\/v2\/types\/post"}],"author":[{"embeddable":true,"href":"https:\/\/eurecat.org\/es\/wp-json\/wp\/v2\/users\/12"}],"replies":[{"embeddable":true,"href":"https:\/\/eurecat.org\/es\/wp-json\/wp\/v2\/comments?post=11750"}],"version-history":[{"count":0,"href":"https:\/\/eurecat.org\/es\/wp-json\/wp\/v2\/posts\/11750\/revisions"}],"wp:featuredmedia":[{"embeddable":true,"href":"https:\/\/eurecat.org\/es\/wp-json\/wp\/v2\/media\/11748"}],"wp:attachment":[{"href":"https:\/\/eurecat.org\/es\/wp-json\/wp\/v2\/media?parent=11750"}],"wp:term":[{"taxonomy":"category","embeddable":true,"href":"https:\/\/eurecat.org\/es\/wp-json\/wp\/v2\/categories?post=11750"},{"taxonomy":"post_tag","embeddable":true,"href":"https:\/\/eurecat.org\/es\/wp-json\/wp\/v2\/tags?post=11750"}],"curies":[{"name":"wp","href":"https:\/\/api.w.org\/{rel}","templated":true}]}}