{"id":117821,"date":"2021-11-02T09:26:36","date_gmt":"2021-11-02T08:26:36","guid":{"rendered":"https:\/\/eurecat.org\/?p=117821"},"modified":"2021-11-02T09:30:21","modified_gmt":"2021-11-02T08:30:21","slug":"editorial_cassandra-respuestas-cientificas-y-tecnologicas-ante-el-cambio-climatico-en-el-mediterraneo","status":"publish","type":"post","link":"https:\/\/eurecat.org\/es\/editorial_cassandra-respuestas-cientificas-y-tecnologicas-ante-el-cambio-climatico-en-el-mediterraneo\/","title":{"rendered":"Cassandra, respuestas cient\u00edficas y tecnol\u00f3gicas ante el cambio clim\u00e1tico en el Mediterr\u00e1neo"},"content":{"rendered":"<p><strong><img decoding=\"async\" class=\"alignleft wp-image-117063 size-medium\" src=\"https:\/\/eurecat.org\/wp-content\/uploads\/2021\/09\/Xavier_Torra_600-X-400-1-300x200.jpg\" alt=\"\" width=\"300\" height=\"200\" srcset=\"https:\/\/eurecat.org\/wp-content\/uploads\/2021\/09\/Xavier_Torra_600-X-400-1-200x133.jpg 200w, https:\/\/eurecat.org\/wp-content\/uploads\/2021\/09\/Xavier_Torra_600-X-400-1-300x200.jpg 300w, https:\/\/eurecat.org\/wp-content\/uploads\/2021\/09\/Xavier_Torra_600-X-400-1-391x260.jpg 391w, https:\/\/eurecat.org\/wp-content\/uploads\/2021\/09\/Xavier_Torra_600-X-400-1-400x267.jpg 400w, https:\/\/eurecat.org\/wp-content\/uploads\/2021\/09\/Xavier_Torra_600-X-400-1.jpg 600w\" sizes=\"(max-width: 300px) 100vw, 300px\" \/><\/strong><\/p>\n<p>La ciencia y la tecnolog\u00eda deben ponerse al alcance y al servicio de la sociedad en un momento de escasez de los recursos como el actual. Por eso, <strong>hemos organizado la <a href=\"https:\/\/cassandraconference.org\/\" target=\"_blank\" rel=\"noopener\">conferencia internacional Cassandra<\/a>, una iniciativa que tendr\u00e1 lugar del 15 al 17 de noviembre y que cuenta con el apoyo de la UNESCO<\/strong>, de la Comisi\u00f3n Europea, de la Alianza Mundial para la Calidad del Agua, del Consejo de Ministros Africanos del Agua, del Banco Mundial y de la Uni\u00f3n por el Mediterr\u00e1neo.<\/p>\n<p>Cassandra es un <strong>evento internacional que est\u00e1 alineado con los ejes de la COP26<\/strong> que tiene lugar unos d\u00edas antes en Glasgow, con el que queremos ofrecer un espacio de encuentro con cient\u00edficos, tecn\u00f3logos, agentes sociales y econ\u00f3micos y entidades p\u00fablicas para acelerar el desarrollo sostenible e integrador de nuestra sociedad.<\/p>\n<p>La finalidad es impulsar el debate y ayudar a dar respuestas cient\u00edficas y tecnol\u00f3gicas para contribuir a tomar decisiones en el \u00e1mbito sociopol\u00edtico frente a los efectos directos del cambio clim\u00e1tico en la salud, la migraci\u00f3n, los conflictos y la desigualdad de g\u00e9nero en el Mediterr\u00e1neo. Con este objetivo, Cassandra reunir\u00e1 a m\u00e1s de 90 expertos de organismos como las Nacionales Unidas, el Banco Mundial, la OCDE, la Comisi\u00f3n Europea y el Parlamento Europeo, los Gobiernos de Espa\u00f1a y Catalu\u00f1a, y una cincuentena de destacadas universidades, ONGs como M\u00e9dicos Sin Fronteras, Proactiva Open Arms o The World Wildlife Fund, y entidades culturales de todo el mundo, entre otros.<\/p>\n<p>Tal y como explica el jefe de Relaciones Pol\u00edticas Internacionales de Eurecat, <strong>Richard Elelman<\/strong>, en la entrevista que encontrar\u00e1 en este newsletter, Cassandra tiene la vocaci\u00f3n de fomentar un di\u00e1logo permanente y de establecer sinergias orientadas a abordar los afectos potencialmente dram\u00e1ticos del cambio clim\u00e1tico en la zona del Mediterr\u00e1neo, desde la perspectiva de la investigaci\u00f3n y la innovaci\u00f3n.<\/p>\n<p>Otro proyecto que destacamos en este n\u00famero de octubre es un desarrollo pionero que llevamos adelante con <strong>SEAT<\/strong>, que explora las posibilidades de los drones para optimizar el suministro log\u00edstico. Se trata de un ejemplo de colaboraci\u00f3n que materializa nuestra transferencia de conocimiento sobre rob\u00f3tica a\u00e9rea inteligente a aplicaciones industriales, en un escenario en el que innovar marca la diferencia dada la transformaci\u00f3n profunda que estamos viviendo en muchos niveles.<\/p>\n<p>Tambi\u00e9n encontrar\u00e1 informaciones sobre la<strong> presentaci\u00f3n del libro blanco de la Inteligencia Artificial en movilidad<\/strong>, la puesta en marcha de la <strong>oficina Acelera Pyme de Eurecat<\/strong> para la transformaci\u00f3n digital de las empresas, la Inteligencia Artificial como aliada para una gesti\u00f3n m\u00e1s sostenible de los vi\u00f1edos y los avances que pudimos ver en el <strong>XPatient Barcelona Congress<\/strong> en materia de prevenci\u00f3n y personalizaci\u00f3n de la salud.<\/p>\n<p>Otras innovaciones que hemos recogido se refieren a los <strong>Premios Ruralapps 2021<\/strong>, al proyecto europeo <strong>Marbel<\/strong> para la producci\u00f3n de bater\u00edas m\u00e1s sostenibles y eficientes, a la gesti\u00f3n \u00f3ptima de los flujos tur\u00edsticos y al estudio Med4Youth que analiza en adolescentes de diferentes pa\u00edses si la dieta mediterr\u00e1nea les puede ayudar a adquirir un peso y unos h\u00e1bitos saludables, entre otros contenidos.<\/p>\n<p><strong>Xavier Torra<br \/>\n<\/strong><strong>Presidente de Eurecat<\/strong><\/p>\n","protected":false},"excerpt":{"rendered":"<p>La ciencia y la tecnolog\u00eda deben ponerse al alcance y al servicio de la sociedad en un momento de escasez de los recursos como el actual. Por eso, hemos organizado la conferencia internacional Cassandra, una iniciativa que tendr\u00e1 lugar del 15 al 17 de noviembre y que cuenta con el apoyo de la UNESCO, de  [&#8230;]<\/p>\n","protected":false},"author":20,"featured_media":117060,"comment_status":"closed","ping_status":"closed","sticky":false,"template":"","format":"standard","meta":{"footnotes":""},"categories":[133,2217],"tags":[],"class_list":["post-117821","post","type-post","status-publish","format-standard","has-post-thumbnail","hentry","category-blog","category-editorial"],"yoast_head":"<!-- This site is optimized with the Yoast SEO plugin v27.5 - https:\/\/yoast.com\/product\/yoast-seo-wordpress\/ -->\n<title>Cassandra, respuestas cient\u00edficas y tecnol\u00f3gicas ante el cambio clim\u00e1tico en el Mediterr\u00e1neo - Eurecat<\/title>\n<meta name=\"description\" content=\"La ciencia y la tecnolog\u00eda deben ponerse al alcance y al servicio de la sociedad en un momento de escasez de los recursos como el actual. Por eso, hemos organizado la conferencia internacional Cassandra, una iniciativa que tendr\u00e1 lugar del 15 al 17 de noviembre y que cuenta con el apoyo de la UNESCO\" \/>\n<meta name=\"robots\" content=\"index, follow, max-snippet:-1, max-image-preview:large, max-video-preview:-1\" \/>\n<link rel=\"canonical\" href=\"https:\/\/eurecat.org\/es\/editorial_cassandra-respuestas-cientificas-y-tecnologicas-ante-el-cambio-climatico-en-el-mediterraneo\/\" \/>\n<meta property=\"og:locale\" content=\"es_ES\" \/>\n<meta property=\"og:type\" content=\"article\" \/>\n<meta property=\"og:title\" content=\"Cassandra, respuestas cient\u00edficas y tecnol\u00f3gicas ante el cambio clim\u00e1tico en el Mediterr\u00e1neo - Eurecat\" \/>\n<meta property=\"og:description\" content=\"La ciencia y la tecnolog\u00eda deben ponerse al alcance y al servicio de la sociedad en un momento de escasez de los recursos como el actual. Por eso, hemos organizado la conferencia internacional Cassandra, una iniciativa que tendr\u00e1 lugar del 15 al 17 de noviembre y que cuenta con el apoyo de la UNESCO\" \/>\n<meta property=\"og:url\" content=\"https:\/\/eurecat.org\/es\/editorial_cassandra-respuestas-cientificas-y-tecnologicas-ante-el-cambio-climatico-en-el-mediterraneo\/\" \/>\n<meta property=\"og:site_name\" content=\"Eurecat\" \/>\n<meta property=\"article:published_time\" content=\"2021-11-02T08:26:36+00:00\" \/>\n<meta property=\"article:modified_time\" content=\"2021-11-02T08:30:21+00:00\" \/>\n<meta property=\"og:image\" content=\"https:\/\/eurecat.org\/wp-content\/uploads\/2021\/09\/Xavier_Torra_600-X-400.jpg\" \/>\n\t<meta property=\"og:image:width\" content=\"600\" \/>\n\t<meta property=\"og:image:height\" content=\"400\" \/>\n\t<meta property=\"og:image:type\" content=\"image\/jpeg\" \/>\n<meta name=\"author\" content=\"EurecatEQZ\" \/>\n<meta name=\"twitter:card\" content=\"summary_large_image\" \/>\n<meta name=\"twitter:label1\" content=\"Escrito por\" \/>\n\t<meta name=\"twitter:data1\" content=\"EurecatEQZ\" \/>\n\t<meta name=\"twitter:label2\" content=\"Tiempo de lectura\" \/>\n\t<meta name=\"twitter:data2\" content=\"3 minutos\" \/>\n<script type=\"application\/ld+json\" class=\"yoast-schema-graph\">{\"@context\":\"https:\\\/\\\/schema.org\",\"@graph\":[{\"@type\":\"Article\",\"@id\":\"https:\\\/\\\/eurecat.org\\\/es\\\/editorial_cassandra-respuestas-cientificas-y-tecnologicas-ante-el-cambio-climatico-en-el-mediterraneo\\\/#article\",\"isPartOf\":{\"@id\":\"https:\\\/\\\/eurecat.org\\\/es\\\/editorial_cassandra-respuestas-cientificas-y-tecnologicas-ante-el-cambio-climatico-en-el-mediterraneo\\\/\"},\"author\":{\"name\":\"EurecatEQZ\",\"@id\":\"https:\\\/\\\/eurecat.org\\\/es\\\/#\\\/schema\\\/person\\\/99d4d39712001e7621b6867b27b40bed\"},\"headline\":\"Cassandra, respuestas cient\u00edficas y tecnol\u00f3gicas ante el cambio clim\u00e1tico en el Mediterr\u00e1neo\",\"datePublished\":\"2021-11-02T08:26:36+00:00\",\"dateModified\":\"2021-11-02T08:30:21+00:00\",\"mainEntityOfPage\":{\"@id\":\"https:\\\/\\\/eurecat.org\\\/es\\\/editorial_cassandra-respuestas-cientificas-y-tecnologicas-ante-el-cambio-climatico-en-el-mediterraneo\\\/\"},\"wordCount\":569,\"image\":{\"@id\":\"https:\\\/\\\/eurecat.org\\\/es\\\/editorial_cassandra-respuestas-cientificas-y-tecnologicas-ante-el-cambio-climatico-en-el-mediterraneo\\\/#primaryimage\"},\"thumbnailUrl\":\"https:\\\/\\\/eurecat.org\\\/wp-content\\\/uploads\\\/2021\\\/09\\\/Xavier_Torra_600-X-400.jpg\",\"articleSection\":[\"Blog\",\"Editorial\"],\"inLanguage\":\"es\"},{\"@type\":\"WebPage\",\"@id\":\"https:\\\/\\\/eurecat.org\\\/es\\\/editorial_cassandra-respuestas-cientificas-y-tecnologicas-ante-el-cambio-climatico-en-el-mediterraneo\\\/\",\"url\":\"https:\\\/\\\/eurecat.org\\\/es\\\/editorial_cassandra-respuestas-cientificas-y-tecnologicas-ante-el-cambio-climatico-en-el-mediterraneo\\\/\",\"name\":\"Cassandra, respuestas cient\u00edficas y tecnol\u00f3gicas ante el cambio clim\u00e1tico en el Mediterr\u00e1neo - Eurecat\",\"isPartOf\":{\"@id\":\"https:\\\/\\\/eurecat.org\\\/es\\\/#website\"},\"primaryImageOfPage\":{\"@id\":\"https:\\\/\\\/eurecat.org\\\/es\\\/editorial_cassandra-respuestas-cientificas-y-tecnologicas-ante-el-cambio-climatico-en-el-mediterraneo\\\/#primaryimage\"},\"image\":{\"@id\":\"https:\\\/\\\/eurecat.org\\\/es\\\/editorial_cassandra-respuestas-cientificas-y-tecnologicas-ante-el-cambio-climatico-en-el-mediterraneo\\\/#primaryimage\"},\"thumbnailUrl\":\"https:\\\/\\\/eurecat.org\\\/wp-content\\\/uploads\\\/2021\\\/09\\\/Xavier_Torra_600-X-400.jpg\",\"datePublished\":\"2021-11-02T08:26:36+00:00\",\"dateModified\":\"2021-11-02T08:30:21+00:00\",\"author\":{\"@id\":\"https:\\\/\\\/eurecat.org\\\/es\\\/#\\\/schema\\\/person\\\/99d4d39712001e7621b6867b27b40bed\"},\"description\":\"La ciencia y la tecnolog\u00eda deben ponerse al alcance y al servicio de la sociedad en un momento de escasez de los recursos como el actual. Por eso, hemos organizado la conferencia internacional Cassandra, una iniciativa que tendr\u00e1 lugar del 15 al 17 de noviembre y que cuenta con el apoyo de la UNESCO\",\"breadcrumb\":{\"@id\":\"https:\\\/\\\/eurecat.org\\\/es\\\/editorial_cassandra-respuestas-cientificas-y-tecnologicas-ante-el-cambio-climatico-en-el-mediterraneo\\\/#breadcrumb\"},\"inLanguage\":\"es\",\"potentialAction\":[{\"@type\":\"ReadAction\",\"target\":[\"https:\\\/\\\/eurecat.org\\\/es\\\/editorial_cassandra-respuestas-cientificas-y-tecnologicas-ante-el-cambio-climatico-en-el-mediterraneo\\\/\"]}]},{\"@type\":\"ImageObject\",\"inLanguage\":\"es\",\"@id\":\"https:\\\/\\\/eurecat.org\\\/es\\\/editorial_cassandra-respuestas-cientificas-y-tecnologicas-ante-el-cambio-climatico-en-el-mediterraneo\\\/#primaryimage\",\"url\":\"https:\\\/\\\/eurecat.org\\\/wp-content\\\/uploads\\\/2021\\\/09\\\/Xavier_Torra_600-X-400.jpg\",\"contentUrl\":\"https:\\\/\\\/eurecat.org\\\/wp-content\\\/uploads\\\/2021\\\/09\\\/Xavier_Torra_600-X-400.jpg\",\"width\":600,\"height\":400},{\"@type\":\"BreadcrumbList\",\"@id\":\"https:\\\/\\\/eurecat.org\\\/es\\\/editorial_cassandra-respuestas-cientificas-y-tecnologicas-ante-el-cambio-climatico-en-el-mediterraneo\\\/#breadcrumb\",\"itemListElement\":[{\"@type\":\"ListItem\",\"position\":1,\"name\":\"Inici\",\"item\":\"https:\\\/\\\/eurecat.org\\\/es\\\/\"},{\"@type\":\"ListItem\",\"position\":2,\"name\":\"Cassandra, respuestas cient\u00edficas y tecnol\u00f3gicas ante el cambio clim\u00e1tico en el Mediterr\u00e1neo\"}]},{\"@type\":\"WebSite\",\"@id\":\"https:\\\/\\\/eurecat.org\\\/es\\\/#website\",\"url\":\"https:\\\/\\\/eurecat.org\\\/es\\\/\",\"name\":\"Eurecat\",\"description\":\"Otro sitio realizado con WordPress\",\"potentialAction\":[{\"@type\":\"SearchAction\",\"target\":{\"@type\":\"EntryPoint\",\"urlTemplate\":\"https:\\\/\\\/eurecat.org\\\/es\\\/?s={search_term_string}\"},\"query-input\":{\"@type\":\"PropertyValueSpecification\",\"valueRequired\":true,\"valueName\":\"search_term_string\"}}],\"inLanguage\":\"es\"},{\"@type\":\"Person\",\"@id\":\"https:\\\/\\\/eurecat.org\\\/es\\\/#\\\/schema\\\/person\\\/99d4d39712001e7621b6867b27b40bed\",\"name\":\"EurecatEQZ\",\"image\":{\"@type\":\"ImageObject\",\"inLanguage\":\"es\",\"@id\":\"https:\\\/\\\/secure.gravatar.com\\\/avatar\\\/6deb26ca61bcc34263c59cc62bb8b08ff90b67af7f99943babf5d86396845993?s=96&d=mm&r=g\",\"url\":\"https:\\\/\\\/secure.gravatar.com\\\/avatar\\\/6deb26ca61bcc34263c59cc62bb8b08ff90b67af7f99943babf5d86396845993?s=96&d=mm&r=g\",\"contentUrl\":\"https:\\\/\\\/secure.gravatar.com\\\/avatar\\\/6deb26ca61bcc34263c59cc62bb8b08ff90b67af7f99943babf5d86396845993?s=96&d=mm&r=g\",\"caption\":\"EurecatEQZ\"}}]}<\/script>\n<!-- \/ Yoast SEO plugin. -->","yoast_head_json":{"title":"Cassandra, respuestas cient\u00edficas y tecnol\u00f3gicas ante el cambio clim\u00e1tico en el Mediterr\u00e1neo - Eurecat","description":"La ciencia y la tecnolog\u00eda deben ponerse al alcance y al servicio de la sociedad en un momento de escasez de los recursos como el actual. Por eso, hemos organizado la conferencia internacional Cassandra, una iniciativa que tendr\u00e1 lugar del 15 al 17 de noviembre y que cuenta con el apoyo de la UNESCO","robots":{"index":"index","follow":"follow","max-snippet":"max-snippet:-1","max-image-preview":"max-image-preview:large","max-video-preview":"max-video-preview:-1"},"canonical":"https:\/\/eurecat.org\/es\/editorial_cassandra-respuestas-cientificas-y-tecnologicas-ante-el-cambio-climatico-en-el-mediterraneo\/","og_locale":"es_ES","og_type":"article","og_title":"Cassandra, respuestas cient\u00edficas y tecnol\u00f3gicas ante el cambio clim\u00e1tico en el Mediterr\u00e1neo - Eurecat","og_description":"La ciencia y la tecnolog\u00eda deben ponerse al alcance y al servicio de la sociedad en un momento de escasez de los recursos como el actual. Por eso, hemos organizado la conferencia internacional Cassandra, una iniciativa que tendr\u00e1 lugar del 15 al 17 de noviembre y que cuenta con el apoyo de la UNESCO","og_url":"https:\/\/eurecat.org\/es\/editorial_cassandra-respuestas-cientificas-y-tecnologicas-ante-el-cambio-climatico-en-el-mediterraneo\/","og_site_name":"Eurecat","article_published_time":"2021-11-02T08:26:36+00:00","article_modified_time":"2021-11-02T08:30:21+00:00","og_image":[{"width":600,"height":400,"url":"https:\/\/eurecat.org\/wp-content\/uploads\/2021\/09\/Xavier_Torra_600-X-400.jpg","type":"image\/jpeg"}],"author":"EurecatEQZ","twitter_card":"summary_large_image","twitter_misc":{"Escrito por":"EurecatEQZ","Tiempo de lectura":"3 minutos"},"schema":{"@context":"https:\/\/schema.org","@graph":[{"@type":"Article","@id":"https:\/\/eurecat.org\/es\/editorial_cassandra-respuestas-cientificas-y-tecnologicas-ante-el-cambio-climatico-en-el-mediterraneo\/#article","isPartOf":{"@id":"https:\/\/eurecat.org\/es\/editorial_cassandra-respuestas-cientificas-y-tecnologicas-ante-el-cambio-climatico-en-el-mediterraneo\/"},"author":{"name":"EurecatEQZ","@id":"https:\/\/eurecat.org\/es\/#\/schema\/person\/99d4d39712001e7621b6867b27b40bed"},"headline":"Cassandra, respuestas cient\u00edficas y tecnol\u00f3gicas ante el cambio clim\u00e1tico en el Mediterr\u00e1neo","datePublished":"2021-11-02T08:26:36+00:00","dateModified":"2021-11-02T08:30:21+00:00","mainEntityOfPage":{"@id":"https:\/\/eurecat.org\/es\/editorial_cassandra-respuestas-cientificas-y-tecnologicas-ante-el-cambio-climatico-en-el-mediterraneo\/"},"wordCount":569,"image":{"@id":"https:\/\/eurecat.org\/es\/editorial_cassandra-respuestas-cientificas-y-tecnologicas-ante-el-cambio-climatico-en-el-mediterraneo\/#primaryimage"},"thumbnailUrl":"https:\/\/eurecat.org\/wp-content\/uploads\/2021\/09\/Xavier_Torra_600-X-400.jpg","articleSection":["Blog","Editorial"],"inLanguage":"es"},{"@type":"WebPage","@id":"https:\/\/eurecat.org\/es\/editorial_cassandra-respuestas-cientificas-y-tecnologicas-ante-el-cambio-climatico-en-el-mediterraneo\/","url":"https:\/\/eurecat.org\/es\/editorial_cassandra-respuestas-cientificas-y-tecnologicas-ante-el-cambio-climatico-en-el-mediterraneo\/","name":"Cassandra, respuestas cient\u00edficas y tecnol\u00f3gicas ante el cambio clim\u00e1tico en el Mediterr\u00e1neo - Eurecat","isPartOf":{"@id":"https:\/\/eurecat.org\/es\/#website"},"primaryImageOfPage":{"@id":"https:\/\/eurecat.org\/es\/editorial_cassandra-respuestas-cientificas-y-tecnologicas-ante-el-cambio-climatico-en-el-mediterraneo\/#primaryimage"},"image":{"@id":"https:\/\/eurecat.org\/es\/editorial_cassandra-respuestas-cientificas-y-tecnologicas-ante-el-cambio-climatico-en-el-mediterraneo\/#primaryimage"},"thumbnailUrl":"https:\/\/eurecat.org\/wp-content\/uploads\/2021\/09\/Xavier_Torra_600-X-400.jpg","datePublished":"2021-11-02T08:26:36+00:00","dateModified":"2021-11-02T08:30:21+00:00","author":{"@id":"https:\/\/eurecat.org\/es\/#\/schema\/person\/99d4d39712001e7621b6867b27b40bed"},"description":"La ciencia y la tecnolog\u00eda deben ponerse al alcance y al servicio de la sociedad en un momento de escasez de los recursos como el actual. Por eso, hemos organizado la conferencia internacional Cassandra, una iniciativa que tendr\u00e1 lugar del 15 al 17 de noviembre y que cuenta con el apoyo de la UNESCO","breadcrumb":{"@id":"https:\/\/eurecat.org\/es\/editorial_cassandra-respuestas-cientificas-y-tecnologicas-ante-el-cambio-climatico-en-el-mediterraneo\/#breadcrumb"},"inLanguage":"es","potentialAction":[{"@type":"ReadAction","target":["https:\/\/eurecat.org\/es\/editorial_cassandra-respuestas-cientificas-y-tecnologicas-ante-el-cambio-climatico-en-el-mediterraneo\/"]}]},{"@type":"ImageObject","inLanguage":"es","@id":"https:\/\/eurecat.org\/es\/editorial_cassandra-respuestas-cientificas-y-tecnologicas-ante-el-cambio-climatico-en-el-mediterraneo\/#primaryimage","url":"https:\/\/eurecat.org\/wp-content\/uploads\/2021\/09\/Xavier_Torra_600-X-400.jpg","contentUrl":"https:\/\/eurecat.org\/wp-content\/uploads\/2021\/09\/Xavier_Torra_600-X-400.jpg","width":600,"height":400},{"@type":"BreadcrumbList","@id":"https:\/\/eurecat.org\/es\/editorial_cassandra-respuestas-cientificas-y-tecnologicas-ante-el-cambio-climatico-en-el-mediterraneo\/#breadcrumb","itemListElement":[{"@type":"ListItem","position":1,"name":"Inici","item":"https:\/\/eurecat.org\/es\/"},{"@type":"ListItem","position":2,"name":"Cassandra, respuestas cient\u00edficas y tecnol\u00f3gicas ante el cambio clim\u00e1tico en el Mediterr\u00e1neo"}]},{"@type":"WebSite","@id":"https:\/\/eurecat.org\/es\/#website","url":"https:\/\/eurecat.org\/es\/","name":"Eurecat","description":"Otro sitio realizado con WordPress","potentialAction":[{"@type":"SearchAction","target":{"@type":"EntryPoint","urlTemplate":"https:\/\/eurecat.org\/es\/?s={search_term_string}"},"query-input":{"@type":"PropertyValueSpecification","valueRequired":true,"valueName":"search_term_string"}}],"inLanguage":"es"},{"@type":"Person","@id":"https:\/\/eurecat.org\/es\/#\/schema\/person\/99d4d39712001e7621b6867b27b40bed","name":"EurecatEQZ","image":{"@type":"ImageObject","inLanguage":"es","@id":"https:\/\/secure.gravatar.com\/avatar\/6deb26ca61bcc34263c59cc62bb8b08ff90b67af7f99943babf5d86396845993?s=96&d=mm&r=g","url":"https:\/\/secure.gravatar.com\/avatar\/6deb26ca61bcc34263c59cc62bb8b08ff90b67af7f99943babf5d86396845993?s=96&d=mm&r=g","contentUrl":"https:\/\/secure.gravatar.com\/avatar\/6deb26ca61bcc34263c59cc62bb8b08ff90b67af7f99943babf5d86396845993?s=96&d=mm&r=g","caption":"EurecatEQZ"}}]}},"_links":{"self":[{"href":"https:\/\/eurecat.org\/es\/wp-json\/wp\/v2\/posts\/117821","targetHints":{"allow":["GET"]}}],"collection":[{"href":"https:\/\/eurecat.org\/es\/wp-json\/wp\/v2\/posts"}],"about":[{"href":"https:\/\/eurecat.org\/es\/wp-json\/wp\/v2\/types\/post"}],"author":[{"embeddable":true,"href":"https:\/\/eurecat.org\/es\/wp-json\/wp\/v2\/users\/20"}],"replies":[{"embeddable":true,"href":"https:\/\/eurecat.org\/es\/wp-json\/wp\/v2\/comments?post=117821"}],"version-history":[{"count":0,"href":"https:\/\/eurecat.org\/es\/wp-json\/wp\/v2\/posts\/117821\/revisions"}],"wp:featuredmedia":[{"embeddable":true,"href":"https:\/\/eurecat.org\/es\/wp-json\/wp\/v2\/media\/117060"}],"wp:attachment":[{"href":"https:\/\/eurecat.org\/es\/wp-json\/wp\/v2\/media?parent=117821"}],"wp:term":[{"taxonomy":"category","embeddable":true,"href":"https:\/\/eurecat.org\/es\/wp-json\/wp\/v2\/categories?post=117821"},{"taxonomy":"post_tag","embeddable":true,"href":"https:\/\/eurecat.org\/es\/wp-json\/wp\/v2\/tags?post=117821"}],"curies":[{"name":"wp","href":"https:\/\/api.w.org\/{rel}","templated":true}]}}