{"id":118312,"date":"2021-11-15T11:43:16","date_gmt":"2021-11-15T10:43:16","guid":{"rendered":"https:\/\/eurecat.org\/?p=118312"},"modified":"2022-01-28T08:10:22","modified_gmt":"2022-01-28T07:10:22","slug":"cassandra-incremento-migraciones-conflictos-mediterraneo","status":"publish","type":"post","link":"https:\/\/eurecat.org\/es\/cassandra-incremento-migraciones-conflictos-mediterraneo\/","title":{"rendered":"La conferencia internacional Cassandra alerta del incremento de las migraciones y de los conflictos en el Mediterr\u00e1neo a causa del cambio clim\u00e1tico"},"content":{"rendered":"<p>La primera jornada de la conferencia internacional Cassandra, organizada por el centro tecnol\u00f3gico Eurecat, ha advertido hoy del incremento de las migraciones y de los conflictos en el Mediterr\u00e1neo a causa del cambio clim\u00e1tico, un fen\u00f3meno que, seg\u00fan el Banco Mundial, ha situado la escasez de agua como elemento desencadenante de un n\u00famero creciente de desplazamientos y desigualdades econ\u00f3micas y sociales.<\/p>\n<p>En su intervenci\u00f3n, Esha Zaveri, economista senior del Banco Mundial, ha presentado el informe \u201cEbb and Flow\u201d, en el que se examina el nexo entre el agua, las decisiones migratorias y el desarrollo econ\u00f3mico. Entre otros elementos, el estudio pone de manifiesto que los d\u00e9ficits de agua dan lugar a cinco veces m\u00e1s migraciones que las inundaciones y cifra en 21 millones las personas en Oriente Medio y en el norte de \u00c1frica que se han desplazado por la fuerza a finales de 2020. Adem\u00e1s, indica que otros 5 millones de personas huyeron a pa\u00edses de fuera de la regi\u00f3n, especialmente a Turqu\u00eda y a los pa\u00edses de la Uni\u00f3n Europea.<\/p>\n<p>La conferencia Cassandra ha contado tambi\u00e9n con la intervenci\u00f3n de Wolfgang Cramer, coordinador de MedECC, entidad autora del informe \u201cCambio Clim\u00e1tico y Ambiental en la Cuenca Mediterr\u00e1nea\u201d, en el que se destaca la previsi\u00f3n de aumento de la temperatura regional de 2.2\u00baC para 2040. Tambi\u00e9n se alerta de la subida del nivel del mar, que podr\u00eda aumentar un metro para 2100 y afectar a un tercio de la poblaci\u00f3n de la regi\u00f3n y se advierte de que la mitad de las 20 ciudades del mundo que m\u00e1s sufrir\u00e1n las consecuencias de la subida del mar en el 2050 est\u00e1n en la zona del Mediterr\u00e1neo.<\/p>\n<p>De acuerdo con el responsable de la Unidad de Monitorizaci\u00f3n del Medio Ambiente Mundial del Programa de las Naciones Unidas para el Medio Ambiente, Hartwig Kremer, el cambio clim\u00e1tico \u201cconlleva un aumento de los desastres relacionados con el clima, con el agua como trayectoria principal de riesgo para el bienestar. El impacto negativo hace referencia a la seguridad alimentaria, a la salud y a la migraci\u00f3n\u201d, y el Mediterr\u00e1neo no es ajeno, \u201cya \u200b\u200bque la presi\u00f3n humana, como el crecimiento demogr\u00e1fico, la producci\u00f3n y el consumo insostenibles y la agricultura y regad\u00edos ineficientes han tenido efectos adversos en toda la regi\u00f3n\u201d.<\/p>\n<p>El presidente de Eurecat, Xavier Torra, ha apelado a \u00abla necesidad de implicar a todos los sectores de la sociedad en la creaci\u00f3n e implementaci\u00f3n de soluciones pr\u00e1cticas para mitigar y adaptarse a los efectos potenciales del cambio clim\u00e1tico\u00bb. En este sentido, Cassandra tiene la vocaci\u00f3n de convertirse en un \u00abcatalizador de acciones concretas\u00bb, ha remarcado Xavier Torra, quien ha subrayado que \u00ablas entidades que participan en el evento traducir\u00e1n sus conclusiones en una serie de recomendaciones que se publicar\u00e1n en breve\u201d.<\/p>\n<p>El Mediterr\u00e1neo \u00abes la segunda zona con un calentamiento m\u00e1s r\u00e1pido del mundo, un 20 por ciento m\u00e1s r\u00e1pido que la media global, y las aguas del Mediterr\u00e1neo son las que se calientan m\u00e1s r\u00e1pidamente\u00bb. El cambio clim\u00e1tico \u00abest\u00e1 modificando totalmente los equilibrios de inter\u00e9s sobre los que se construye toda una regi\u00f3n\u00bb, ha a\u00f1adido el secretario general adjunto de la Uni\u00f3n por el Mediterr\u00e1neo encargado de la Acci\u00f3n por el Clima y la Energ\u00eda, Grammenos Mastrojeni.<\/p>\n<p>Por su parte, la coordinadora del Programa de la UNESCO sobre Evaluaci\u00f3n Mundial de los Recursos H\u00eddricos, Michela Miletto, ha destacado que las soluciones cient\u00edficas orientadas a los recursos h\u00eddricos, los alimentos y la energ\u00eda, entre otros, deber\u00edan formar las pol\u00edticas y la toma de decisiones y \u00abdeber\u00edan tener en cuenta la diversidad cultural y la co-creaci\u00f3n del conocimiento, de modo que la ciencia y la tecnolog\u00eda puedan ser entendidas, aceptadas y apoyadas por la sociedad\u00bb.<\/p>\n<p><strong>Cambio clim\u00e1tico y flujos migratorios<\/strong><\/p>\n<p>Los efectos directos del cambio clim\u00e1tico en la salud y la seguridad, y su impacto en las migraciones, as\u00ed como tambi\u00e9n c\u00f3mo se perciben estos desplazamientos desde el \u00e1mbito social y pol\u00edtico, han centrado el debate de la primera jornada de la conferencia internacional Cassandra.<\/p>\n<p>\u00abIncluso en el mejor escenario, si lleg\u00e1ramos al objetivo de Par\u00eds de 1.5\u00baC, se espera que millones de personas m\u00e1s tengan que migrar\u00bb, ha alertado la secretaria M\u00e9dica Internacional de M\u00e9dicos Sin Fronteras, Mar\u00eda Guevara, que ha recordado \u00ablas dificultades de convencer a quienes toman decisiones sobre la realidad del cambio clim\u00e1tico en la dif\u00edcil situaci\u00f3n de las personas que migran y del papel fundamental de su salud\u00bb.<\/p>\n<p>Los expertos han destacado tambi\u00e9n la vulnerabilidad que crisis diversas como la clim\u00e1tica, pol\u00edticas o pand\u00e9micas suponen para la gente y sus consecuencias en su salud, as\u00ed como tambi\u00e9n la necesidad de proteger a los migrantes y sus Derechos Humanos en relaci\u00f3n, por ejemplo, al acceso al agua y la higiene, en riesgo como consecuencia del cambio clim\u00e1tico a nivel mundial.<\/p>\n<p>De acuerdo con la profesora del Departamento de Ciencias Pol\u00edticas de la Universidad de New Hamphire, Jeannie Sowers, \u201ca menudo nos centramos en los impactos humanos de los conflictos y del cambio clim\u00e1tico, pero tambi\u00e9n deber\u00edamos hablar de los impactos ambientales de los conflictos y del cambio clim\u00e1tico\u201d, porque ha afirmado que \u201cest\u00e1n enlazados en t\u00e9rminos de incrementar el sufrimiento y la vulnerabilidad de la gente\u201d.<\/p>\n<p>Cassandra es un evento que cuenta con el apoyo de la UNESCO, de la Comisi\u00f3n Europea, de la Alianza Mundial para la Calidad del Agua, del Consejo de Ministros Africanos del Agua, del Banco Mundial y de la Uni\u00f3n por Mediterr\u00e1neo.<\/p>\n","protected":false},"excerpt":{"rendered":"<p>La primera jornada de la conferencia internacional Cassandra, organizada por el centro tecnol\u00f3gico Eurecat, ha advertido hoy del incremento de las migraciones y de los conflictos en el Mediterr\u00e1neo a causa del cambio clim\u00e1tico, un fen\u00f3meno que, seg\u00fan el Banco Mundial, ha situado la escasez de agua como elemento desencadenante de un n\u00famero creciente de  [&#8230;]<\/p>\n","protected":false},"author":12,"featured_media":118318,"comment_status":"closed","ping_status":"closed","sticky":false,"template":"","format":"standard","meta":{"footnotes":""},"categories":[702,134,411],"tags":[],"class_list":["post-118312","post","type-post","status-publish","format-standard","has-post-thumbnail","hentry","category-eventos","category-notas-de-prensa","category-sostenibilidad"],"yoast_head":"<!-- This site is optimized with the Yoast SEO plugin v27.5 - https:\/\/yoast.com\/product\/yoast-seo-wordpress\/ -->\n<title>Cassandra y el incremento de migraciones y los conflictos en el Mediterr\u00e1neo<\/title>\n<meta name=\"description\" content=\"La conferencia internacional Cassandra alerta del incremento de las migraciones y de los conflictos en el Mediterr\u00e1neo a causa del cambio clim\u00e1tico\" \/>\n<meta name=\"robots\" content=\"index, follow, max-snippet:-1, max-image-preview:large, max-video-preview:-1\" \/>\n<link rel=\"canonical\" href=\"https:\/\/eurecat.org\/es\/cassandra-incremento-migraciones-conflictos-mediterraneo\/\" \/>\n<meta property=\"og:locale\" content=\"es_ES\" \/>\n<meta property=\"og:type\" content=\"article\" \/>\n<meta property=\"og:title\" content=\"Cassandra y el incremento de migraciones y los conflictos en el Mediterr\u00e1neo\" \/>\n<meta property=\"og:description\" content=\"La conferencia internacional Cassandra alerta del incremento de las migraciones y de los conflictos en el Mediterr\u00e1neo a causa del cambio clim\u00e1tico\" \/>\n<meta property=\"og:url\" content=\"https:\/\/eurecat.org\/es\/cassandra-incremento-migraciones-conflictos-mediterraneo\/\" \/>\n<meta property=\"og:site_name\" content=\"Eurecat\" \/>\n<meta property=\"article:published_time\" content=\"2021-11-15T10:43:16+00:00\" \/>\n<meta property=\"article:modified_time\" content=\"2022-01-28T07:10:22+00:00\" \/>\n<meta property=\"og:image\" content=\"https:\/\/eurecat.org\/wp-content\/uploads\/2021\/11\/C21_Introduction.jpg\" \/>\n\t<meta property=\"og:image:width\" content=\"1920\" \/>\n\t<meta property=\"og:image:height\" content=\"894\" \/>\n\t<meta property=\"og:image:type\" content=\"image\/jpeg\" \/>\n<meta name=\"author\" content=\"EurecatEG\" \/>\n<meta name=\"twitter:card\" content=\"summary_large_image\" \/>\n<meta name=\"twitter:label1\" content=\"Escrito por\" \/>\n\t<meta name=\"twitter:data1\" content=\"EurecatEG\" \/>\n\t<meta name=\"twitter:label2\" content=\"Tiempo de lectura\" \/>\n\t<meta name=\"twitter:data2\" content=\"4 minutos\" \/>\n<script type=\"application\/ld+json\" class=\"yoast-schema-graph\">{\"@context\":\"https:\\\/\\\/schema.org\",\"@graph\":[{\"@type\":\"Article\",\"@id\":\"https:\\\/\\\/eurecat.org\\\/es\\\/cassandra-incremento-migraciones-conflictos-mediterraneo\\\/#article\",\"isPartOf\":{\"@id\":\"https:\\\/\\\/eurecat.org\\\/es\\\/cassandra-incremento-migraciones-conflictos-mediterraneo\\\/\"},\"author\":{\"name\":\"EurecatEG\",\"@id\":\"https:\\\/\\\/eurecat.org\\\/es\\\/#\\\/schema\\\/person\\\/def9217eded50ee57a9dc4cf0c883f80\"},\"headline\":\"La conferencia internacional Cassandra alerta del incremento de las migraciones y de los conflictos en el Mediterr\u00e1neo a causa del cambio clim\u00e1tico\",\"datePublished\":\"2021-11-15T10:43:16+00:00\",\"dateModified\":\"2022-01-28T07:10:22+00:00\",\"mainEntityOfPage\":{\"@id\":\"https:\\\/\\\/eurecat.org\\\/es\\\/cassandra-incremento-migraciones-conflictos-mediterraneo\\\/\"},\"wordCount\":1017,\"image\":{\"@id\":\"https:\\\/\\\/eurecat.org\\\/es\\\/cassandra-incremento-migraciones-conflictos-mediterraneo\\\/#primaryimage\"},\"thumbnailUrl\":\"https:\\\/\\\/eurecat.org\\\/wp-content\\\/uploads\\\/2021\\\/11\\\/C21_Introduction.jpg\",\"articleSection\":[\"Eventos\",\"Notas de prensa\",\"Sostenibilidad\"],\"inLanguage\":\"es\"},{\"@type\":\"WebPage\",\"@id\":\"https:\\\/\\\/eurecat.org\\\/es\\\/cassandra-incremento-migraciones-conflictos-mediterraneo\\\/\",\"url\":\"https:\\\/\\\/eurecat.org\\\/es\\\/cassandra-incremento-migraciones-conflictos-mediterraneo\\\/\",\"name\":\"Cassandra y el incremento de migraciones y los conflictos en el Mediterr\u00e1neo\",\"isPartOf\":{\"@id\":\"https:\\\/\\\/eurecat.org\\\/es\\\/#website\"},\"primaryImageOfPage\":{\"@id\":\"https:\\\/\\\/eurecat.org\\\/es\\\/cassandra-incremento-migraciones-conflictos-mediterraneo\\\/#primaryimage\"},\"image\":{\"@id\":\"https:\\\/\\\/eurecat.org\\\/es\\\/cassandra-incremento-migraciones-conflictos-mediterraneo\\\/#primaryimage\"},\"thumbnailUrl\":\"https:\\\/\\\/eurecat.org\\\/wp-content\\\/uploads\\\/2021\\\/11\\\/C21_Introduction.jpg\",\"datePublished\":\"2021-11-15T10:43:16+00:00\",\"dateModified\":\"2022-01-28T07:10:22+00:00\",\"author\":{\"@id\":\"https:\\\/\\\/eurecat.org\\\/es\\\/#\\\/schema\\\/person\\\/def9217eded50ee57a9dc4cf0c883f80\"},\"description\":\"La conferencia internacional Cassandra alerta del incremento de las migraciones y de los conflictos en el Mediterr\u00e1neo a causa del cambio clim\u00e1tico\",\"breadcrumb\":{\"@id\":\"https:\\\/\\\/eurecat.org\\\/es\\\/cassandra-incremento-migraciones-conflictos-mediterraneo\\\/#breadcrumb\"},\"inLanguage\":\"es\",\"potentialAction\":[{\"@type\":\"ReadAction\",\"target\":[\"https:\\\/\\\/eurecat.org\\\/es\\\/cassandra-incremento-migraciones-conflictos-mediterraneo\\\/\"]}]},{\"@type\":\"ImageObject\",\"inLanguage\":\"es\",\"@id\":\"https:\\\/\\\/eurecat.org\\\/es\\\/cassandra-incremento-migraciones-conflictos-mediterraneo\\\/#primaryimage\",\"url\":\"https:\\\/\\\/eurecat.org\\\/wp-content\\\/uploads\\\/2021\\\/11\\\/C21_Introduction.jpg\",\"contentUrl\":\"https:\\\/\\\/eurecat.org\\\/wp-content\\\/uploads\\\/2021\\\/11\\\/C21_Introduction.jpg\",\"width\":1920,\"height\":894,\"caption\":\"cassandra\"},{\"@type\":\"BreadcrumbList\",\"@id\":\"https:\\\/\\\/eurecat.org\\\/es\\\/cassandra-incremento-migraciones-conflictos-mediterraneo\\\/#breadcrumb\",\"itemListElement\":[{\"@type\":\"ListItem\",\"position\":1,\"name\":\"Inici\",\"item\":\"https:\\\/\\\/eurecat.org\\\/es\\\/\"},{\"@type\":\"ListItem\",\"position\":2,\"name\":\"La conferencia internacional Cassandra alerta del incremento de las migraciones y de los conflictos en el Mediterr\u00e1neo a causa del cambio clim\u00e1tico\"}]},{\"@type\":\"WebSite\",\"@id\":\"https:\\\/\\\/eurecat.org\\\/es\\\/#website\",\"url\":\"https:\\\/\\\/eurecat.org\\\/es\\\/\",\"name\":\"Eurecat\",\"description\":\"Otro sitio realizado con WordPress\",\"potentialAction\":[{\"@type\":\"SearchAction\",\"target\":{\"@type\":\"EntryPoint\",\"urlTemplate\":\"https:\\\/\\\/eurecat.org\\\/es\\\/?s={search_term_string}\"},\"query-input\":{\"@type\":\"PropertyValueSpecification\",\"valueRequired\":true,\"valueName\":\"search_term_string\"}}],\"inLanguage\":\"es\"},{\"@type\":\"Person\",\"@id\":\"https:\\\/\\\/eurecat.org\\\/es\\\/#\\\/schema\\\/person\\\/def9217eded50ee57a9dc4cf0c883f80\",\"name\":\"EurecatEG\",\"image\":{\"@type\":\"ImageObject\",\"inLanguage\":\"es\",\"@id\":\"https:\\\/\\\/secure.gravatar.com\\\/avatar\\\/f40dd9b6ecd3e5c591f3c9b033e495ee0ec9877ba77249fbf268b3889350c824?s=96&d=mm&r=g\",\"url\":\"https:\\\/\\\/secure.gravatar.com\\\/avatar\\\/f40dd9b6ecd3e5c591f3c9b033e495ee0ec9877ba77249fbf268b3889350c824?s=96&d=mm&r=g\",\"contentUrl\":\"https:\\\/\\\/secure.gravatar.com\\\/avatar\\\/f40dd9b6ecd3e5c591f3c9b033e495ee0ec9877ba77249fbf268b3889350c824?s=96&d=mm&r=g\",\"caption\":\"EurecatEG\"}}]}<\/script>\n<!-- \/ Yoast SEO plugin. -->","yoast_head_json":{"title":"Cassandra y el incremento de migraciones y los conflictos en el Mediterr\u00e1neo","description":"La conferencia internacional Cassandra alerta del incremento de las migraciones y de los conflictos en el Mediterr\u00e1neo a causa del cambio clim\u00e1tico","robots":{"index":"index","follow":"follow","max-snippet":"max-snippet:-1","max-image-preview":"max-image-preview:large","max-video-preview":"max-video-preview:-1"},"canonical":"https:\/\/eurecat.org\/es\/cassandra-incremento-migraciones-conflictos-mediterraneo\/","og_locale":"es_ES","og_type":"article","og_title":"Cassandra y el incremento de migraciones y los conflictos en el Mediterr\u00e1neo","og_description":"La conferencia internacional Cassandra alerta del incremento de las migraciones y de los conflictos en el Mediterr\u00e1neo a causa del cambio clim\u00e1tico","og_url":"https:\/\/eurecat.org\/es\/cassandra-incremento-migraciones-conflictos-mediterraneo\/","og_site_name":"Eurecat","article_published_time":"2021-11-15T10:43:16+00:00","article_modified_time":"2022-01-28T07:10:22+00:00","og_image":[{"width":1920,"height":894,"url":"https:\/\/eurecat.org\/wp-content\/uploads\/2021\/11\/C21_Introduction.jpg","type":"image\/jpeg"}],"author":"EurecatEG","twitter_card":"summary_large_image","twitter_misc":{"Escrito por":"EurecatEG","Tiempo de lectura":"4 minutos"},"schema":{"@context":"https:\/\/schema.org","@graph":[{"@type":"Article","@id":"https:\/\/eurecat.org\/es\/cassandra-incremento-migraciones-conflictos-mediterraneo\/#article","isPartOf":{"@id":"https:\/\/eurecat.org\/es\/cassandra-incremento-migraciones-conflictos-mediterraneo\/"},"author":{"name":"EurecatEG","@id":"https:\/\/eurecat.org\/es\/#\/schema\/person\/def9217eded50ee57a9dc4cf0c883f80"},"headline":"La conferencia internacional Cassandra alerta del incremento de las migraciones y de los conflictos en el Mediterr\u00e1neo a causa del cambio clim\u00e1tico","datePublished":"2021-11-15T10:43:16+00:00","dateModified":"2022-01-28T07:10:22+00:00","mainEntityOfPage":{"@id":"https:\/\/eurecat.org\/es\/cassandra-incremento-migraciones-conflictos-mediterraneo\/"},"wordCount":1017,"image":{"@id":"https:\/\/eurecat.org\/es\/cassandra-incremento-migraciones-conflictos-mediterraneo\/#primaryimage"},"thumbnailUrl":"https:\/\/eurecat.org\/wp-content\/uploads\/2021\/11\/C21_Introduction.jpg","articleSection":["Eventos","Notas de prensa","Sostenibilidad"],"inLanguage":"es"},{"@type":"WebPage","@id":"https:\/\/eurecat.org\/es\/cassandra-incremento-migraciones-conflictos-mediterraneo\/","url":"https:\/\/eurecat.org\/es\/cassandra-incremento-migraciones-conflictos-mediterraneo\/","name":"Cassandra y el incremento de migraciones y los conflictos en el Mediterr\u00e1neo","isPartOf":{"@id":"https:\/\/eurecat.org\/es\/#website"},"primaryImageOfPage":{"@id":"https:\/\/eurecat.org\/es\/cassandra-incremento-migraciones-conflictos-mediterraneo\/#primaryimage"},"image":{"@id":"https:\/\/eurecat.org\/es\/cassandra-incremento-migraciones-conflictos-mediterraneo\/#primaryimage"},"thumbnailUrl":"https:\/\/eurecat.org\/wp-content\/uploads\/2021\/11\/C21_Introduction.jpg","datePublished":"2021-11-15T10:43:16+00:00","dateModified":"2022-01-28T07:10:22+00:00","author":{"@id":"https:\/\/eurecat.org\/es\/#\/schema\/person\/def9217eded50ee57a9dc4cf0c883f80"},"description":"La conferencia internacional Cassandra alerta del incremento de las migraciones y de los conflictos en el Mediterr\u00e1neo a causa del cambio clim\u00e1tico","breadcrumb":{"@id":"https:\/\/eurecat.org\/es\/cassandra-incremento-migraciones-conflictos-mediterraneo\/#breadcrumb"},"inLanguage":"es","potentialAction":[{"@type":"ReadAction","target":["https:\/\/eurecat.org\/es\/cassandra-incremento-migraciones-conflictos-mediterraneo\/"]}]},{"@type":"ImageObject","inLanguage":"es","@id":"https:\/\/eurecat.org\/es\/cassandra-incremento-migraciones-conflictos-mediterraneo\/#primaryimage","url":"https:\/\/eurecat.org\/wp-content\/uploads\/2021\/11\/C21_Introduction.jpg","contentUrl":"https:\/\/eurecat.org\/wp-content\/uploads\/2021\/11\/C21_Introduction.jpg","width":1920,"height":894,"caption":"cassandra"},{"@type":"BreadcrumbList","@id":"https:\/\/eurecat.org\/es\/cassandra-incremento-migraciones-conflictos-mediterraneo\/#breadcrumb","itemListElement":[{"@type":"ListItem","position":1,"name":"Inici","item":"https:\/\/eurecat.org\/es\/"},{"@type":"ListItem","position":2,"name":"La conferencia internacional Cassandra alerta del incremento de las migraciones y de los conflictos en el Mediterr\u00e1neo a causa del cambio clim\u00e1tico"}]},{"@type":"WebSite","@id":"https:\/\/eurecat.org\/es\/#website","url":"https:\/\/eurecat.org\/es\/","name":"Eurecat","description":"Otro sitio realizado con WordPress","potentialAction":[{"@type":"SearchAction","target":{"@type":"EntryPoint","urlTemplate":"https:\/\/eurecat.org\/es\/?s={search_term_string}"},"query-input":{"@type":"PropertyValueSpecification","valueRequired":true,"valueName":"search_term_string"}}],"inLanguage":"es"},{"@type":"Person","@id":"https:\/\/eurecat.org\/es\/#\/schema\/person\/def9217eded50ee57a9dc4cf0c883f80","name":"EurecatEG","image":{"@type":"ImageObject","inLanguage":"es","@id":"https:\/\/secure.gravatar.com\/avatar\/f40dd9b6ecd3e5c591f3c9b033e495ee0ec9877ba77249fbf268b3889350c824?s=96&d=mm&r=g","url":"https:\/\/secure.gravatar.com\/avatar\/f40dd9b6ecd3e5c591f3c9b033e495ee0ec9877ba77249fbf268b3889350c824?s=96&d=mm&r=g","contentUrl":"https:\/\/secure.gravatar.com\/avatar\/f40dd9b6ecd3e5c591f3c9b033e495ee0ec9877ba77249fbf268b3889350c824?s=96&d=mm&r=g","caption":"EurecatEG"}}]}},"_links":{"self":[{"href":"https:\/\/eurecat.org\/es\/wp-json\/wp\/v2\/posts\/118312","targetHints":{"allow":["GET"]}}],"collection":[{"href":"https:\/\/eurecat.org\/es\/wp-json\/wp\/v2\/posts"}],"about":[{"href":"https:\/\/eurecat.org\/es\/wp-json\/wp\/v2\/types\/post"}],"author":[{"embeddable":true,"href":"https:\/\/eurecat.org\/es\/wp-json\/wp\/v2\/users\/12"}],"replies":[{"embeddable":true,"href":"https:\/\/eurecat.org\/es\/wp-json\/wp\/v2\/comments?post=118312"}],"version-history":[{"count":0,"href":"https:\/\/eurecat.org\/es\/wp-json\/wp\/v2\/posts\/118312\/revisions"}],"wp:featuredmedia":[{"embeddable":true,"href":"https:\/\/eurecat.org\/es\/wp-json\/wp\/v2\/media\/118318"}],"wp:attachment":[{"href":"https:\/\/eurecat.org\/es\/wp-json\/wp\/v2\/media?parent=118312"}],"wp:term":[{"taxonomy":"category","embeddable":true,"href":"https:\/\/eurecat.org\/es\/wp-json\/wp\/v2\/categories?post=118312"},{"taxonomy":"post_tag","embeddable":true,"href":"https:\/\/eurecat.org\/es\/wp-json\/wp\/v2\/tags?post=118312"}],"curies":[{"name":"wp","href":"https:\/\/api.w.org\/{rel}","templated":true}]}}