{"id":118348,"date":"2021-11-16T08:31:01","date_gmt":"2021-11-16T07:31:01","guid":{"rendered":"https:\/\/eurecat.org\/?p=118348"},"modified":"2022-01-28T08:10:05","modified_gmt":"2022-01-28T07:10:05","slug":"el-cambio-climatico-acentuara-aun-mas-la-pobreza-y-la-falta-de-oportunidades-de-las-mujeres","status":"publish","type":"post","link":"https:\/\/eurecat.org\/es\/el-cambio-climatico-acentuara-aun-mas-la-pobreza-y-la-falta-de-oportunidades-de-las-mujeres\/","title":{"rendered":"El cambio clim\u00e1tico acentuar\u00e1 a\u00fan m\u00e1s la pobreza y la falta de oportunidades de las mujeres"},"content":{"rendered":"<p>El cambio clim\u00e1tico acentuar\u00e1 a\u00fan m\u00e1s la pobreza y la falta de oportunidades de las mujeres, las cuales, de media, tienden a estar en una situaci\u00f3n m\u00e1s desfavorable en lo que se refiere a la pobreza, la educaci\u00f3n, la salud y el acceso directo limitado a los recursos naturales y a su propiedad.<\/p>\n<p>As\u00ed ha quedado patente hoy en la segunda jornada de la conferencia internacional <a href=\"https:\/\/cassandraconference.org\/\">Cassandra<\/a>, organizada por el centro tecnol\u00f3gico <a href=\"https:\/\/eurecat.org\/es\/\">Eurecat<\/a> con el fin de contribuir a dar respuestas cient\u00edficas y tecnol\u00f3gicas que puedan ayudar ante los efectos directos del cambio clim\u00e1tico en la salud, la migraci\u00f3n, los conflictos y la desigualdad de g\u00e9nero en el Mediterr\u00e1neo.<\/p>\n<p>\u201cLas mujeres y las ni\u00f1as se ven afectadas de forma desproporcionada por los efectos del cambio clim\u00e1tico\u201d, ha afirmado la analista de pol\u00edticas de la Unidad de Gobernaci\u00f3n del Agua y Econom\u00eda Circular de la OCDE, Melissa Kerim-Dikeni, que ha destacado un informe reciente de la instituci\u00f3n seg\u00fan el cual \u201csolo 7 pa\u00edses de la OCDE de los 38 pa\u00edses miembros recopilaron datos desagregados de g\u00e9nero relacionados con el medio ambiente y solo 13 pa\u00edses de la OCDE tienen en cuenta los aspectos de g\u00e9nero a la hora de elaborar pol\u00edticas ambientales\u201d, un nivel que, desde su \u00f3ptica, \u201cno es suficiente\u201d.<\/p>\n<p>De acuerdo con la secretaria general de Igualdad de la Generalitat de Catalunya, Mireia Mata, \u201cdebe asegurarse la consulta y la participaci\u00f3n de las mujeres en iniciativas sobre el cambio clim\u00e1tico\u201d y deber\u00edan estar \u201cigualmente representadas en las estructuras de toma de decisiones para permitirles aportar sus perspectivas y experiencia \u00fanica y valiosa sobre el cambio clim\u00e1tico\u201d.<\/p>\n<p><strong>Soluciones cient\u00edficas y tecnol\u00f3gicas a los retos del cambio clim\u00e1tico<\/strong><\/p>\n<p>Las decisiones en t\u00e9rminos de la calidad del agua se toman a partir del conocimiento cient\u00edfico en la materia, pero \u201cno es suficiente medir la calidad del agua para el ciudadano, sino que es necesario involucrarlo en el proceso\u201d, ha remarcado Bernd M. Gawlik, del Joint Research Centre de la Comisi\u00f3n Europea.<\/p>\n<p>La intervenci\u00f3n de Bernd M. Gawlik ha tenido lugar en el marco del segundo panel del d\u00eda, centrado en el Renacimiento del Mediterr\u00e1neo, en el que se ha presentado tambi\u00e9n la pr\u00f3xima edici\u00f3n del libro \u2018The Gateway to the Future of the Mediterranean\u2019, coeditado por la Comisi\u00f3n Europea y el centro tecnol\u00f3gico Eurecat.<\/p>\n<p>En la sesi\u00f3n, se ha expuesto la importancia de crear una comunidad de pr\u00e1ctica para llevar a cabo acciones en el \u00e1mbito del cambio clim\u00e1tico para el futuro, que aglutine a los diversos actores, desde la pol\u00edtica, la ciencia o el arte, as\u00ed como la necesidad de conseguir un di\u00e1logo efectivo entre la ciencia y la ciudadan\u00eda.<\/p>\n<p>Por su parte, Tebaldo Vinciguerra, del Dicasterio de Desarrollo Humano de la Santa Sede del Vaticano, ha destacado que es necesario \u201cinvestigar, promover y replicar buenas pr\u00e1cticas, historias reales inspiradoras que funcionan en las culturas mediterr\u00e1neas a nivel transfronterizo\u201d, as\u00ed como, en las nuevas iniciativas, estrategias y proyectos \u201cimplicar la religi\u00f3n, la filosof\u00eda y la antropolog\u00eda desde el principio\u201d.<\/p>\n<p>La jornada ha contado tambi\u00e9n con un panel en el que los participantes han analizado y presentado soluciones en materia de agua, calidad del aire, producci\u00f3n de alimentos, transporte, residuos, energ\u00eda, suelos, monta\u00f1as y deltas.<\/p>\n<p>De acuerdo con el director cient\u00edfico del Centro en Resiliencia Clim\u00e1tica y jefe de la L\u00ednea de Cambio Clim\u00e1tico de Eurecat, Carles Ib\u00e1\u00f1ez, \u201cla resiliencia clim\u00e1tica implica una transformaci\u00f3n del sistema socioecon\u00f3mico, una transici\u00f3n no solo energ\u00e9tica sino socioecol\u00f3gica, una nueva forma de producir lo que necesitamos y una nueva forma de vivir, con un impacto mucho menor sobre el medio ambiente\u201d.<\/p>\n<p>El director de la Unidad de Inteligencia Artificial Aplicada, de Eurecat, Xavier Domingo, ha se\u00f1alado \u201cel potencial de las tecnolog\u00edas digitales como la inteligencia artificial y el aprendizaje autom\u00e1tico, junto con enfoques similares basados \u200b\u200ben datos, para proporcionar un soporte eficaz a las decisiones para adaptar y mitigar los impactos del cambio clim\u00e1tico en Europa y en general\u201d.<\/p>\n","protected":false},"excerpt":{"rendered":"<p>El cambio clim\u00e1tico acentuar\u00e1 a\u00fan m\u00e1s la pobreza y la falta de oportunidades de las mujeres, las cuales, de media, tienden a estar en una situaci\u00f3n m\u00e1s desfavorable en lo que se refiere a la pobreza, la educaci\u00f3n, la salud y el acceso directo limitado a los recursos naturales y a su propiedad. As\u00ed ha  [&#8230;]<\/p>\n","protected":false},"author":12,"featured_media":118351,"comment_status":"closed","ping_status":"closed","sticky":false,"template":"","format":"standard","meta":{"footnotes":""},"categories":[702,134,411],"tags":[],"class_list":["post-118348","post","type-post","status-publish","format-standard","has-post-thumbnail","hentry","category-eventos","category-notas-de-prensa","category-sostenibilidad"],"yoast_head":"<!-- This site is optimized with the Yoast SEO plugin v27.5 - https:\/\/yoast.com\/product\/yoast-seo-wordpress\/ -->\n<title>El cambio clim\u00e1tico acentuar\u00e1 a\u00fan m\u00e1s la pobreza y la falta de oportunidades de las mujeres<\/title>\n<meta name=\"description\" content=\"El cambio clim\u00e1tico acentuar\u00e1 a\u00fan m\u00e1s la pobreza y la falta de oportunidades de las mujeres\" \/>\n<meta name=\"robots\" content=\"index, follow, max-snippet:-1, max-image-preview:large, max-video-preview:-1\" \/>\n<link rel=\"canonical\" href=\"https:\/\/eurecat.org\/es\/el-cambio-climatico-acentuara-aun-mas-la-pobreza-y-la-falta-de-oportunidades-de-las-mujeres\/\" \/>\n<meta property=\"og:locale\" content=\"es_ES\" \/>\n<meta property=\"og:type\" content=\"article\" \/>\n<meta property=\"og:title\" content=\"El cambio clim\u00e1tico acentuar\u00e1 a\u00fan m\u00e1s la pobreza y la falta de oportunidades de las mujeres\" \/>\n<meta property=\"og:description\" content=\"El cambio clim\u00e1tico acentuar\u00e1 a\u00fan m\u00e1s la pobreza y la falta de oportunidades de las mujeres\" \/>\n<meta property=\"og:url\" content=\"https:\/\/eurecat.org\/es\/el-cambio-climatico-acentuara-aun-mas-la-pobreza-y-la-falta-de-oportunidades-de-las-mujeres\/\" \/>\n<meta property=\"og:site_name\" content=\"Eurecat\" \/>\n<meta property=\"article:published_time\" content=\"2021-11-16T07:31:01+00:00\" \/>\n<meta property=\"article:modified_time\" content=\"2022-01-28T07:10:05+00:00\" \/>\n<meta property=\"og:image\" content=\"https:\/\/eurecat.org\/wp-content\/uploads\/2021\/11\/C21_Panel52.jpg\" \/>\n\t<meta property=\"og:image:width\" content=\"1920\" \/>\n\t<meta property=\"og:image:height\" content=\"890\" \/>\n\t<meta property=\"og:image:type\" content=\"image\/jpeg\" \/>\n<meta name=\"author\" content=\"EurecatEG\" \/>\n<meta name=\"twitter:card\" content=\"summary_large_image\" \/>\n<meta name=\"twitter:label1\" content=\"Escrito por\" \/>\n\t<meta name=\"twitter:data1\" content=\"EurecatEG\" \/>\n\t<meta name=\"twitter:label2\" content=\"Tiempo de lectura\" \/>\n\t<meta name=\"twitter:data2\" content=\"3 minutos\" \/>\n<script type=\"application\/ld+json\" class=\"yoast-schema-graph\">{\"@context\":\"https:\\\/\\\/schema.org\",\"@graph\":[{\"@type\":\"Article\",\"@id\":\"https:\\\/\\\/eurecat.org\\\/es\\\/el-cambio-climatico-acentuara-aun-mas-la-pobreza-y-la-falta-de-oportunidades-de-las-mujeres\\\/#article\",\"isPartOf\":{\"@id\":\"https:\\\/\\\/eurecat.org\\\/es\\\/el-cambio-climatico-acentuara-aun-mas-la-pobreza-y-la-falta-de-oportunidades-de-las-mujeres\\\/\"},\"author\":{\"name\":\"EurecatEG\",\"@id\":\"https:\\\/\\\/eurecat.org\\\/es\\\/#\\\/schema\\\/person\\\/def9217eded50ee57a9dc4cf0c883f80\"},\"headline\":\"El cambio clim\u00e1tico acentuar\u00e1 a\u00fan m\u00e1s la pobreza y la falta de oportunidades de las mujeres\",\"datePublished\":\"2021-11-16T07:31:01+00:00\",\"dateModified\":\"2022-01-28T07:10:05+00:00\",\"mainEntityOfPage\":{\"@id\":\"https:\\\/\\\/eurecat.org\\\/es\\\/el-cambio-climatico-acentuara-aun-mas-la-pobreza-y-la-falta-de-oportunidades-de-las-mujeres\\\/\"},\"wordCount\":743,\"image\":{\"@id\":\"https:\\\/\\\/eurecat.org\\\/es\\\/el-cambio-climatico-acentuara-aun-mas-la-pobreza-y-la-falta-de-oportunidades-de-las-mujeres\\\/#primaryimage\"},\"thumbnailUrl\":\"https:\\\/\\\/eurecat.org\\\/wp-content\\\/uploads\\\/2021\\\/11\\\/C21_Panel52.jpg\",\"articleSection\":[\"Eventos\",\"Notas de prensa\",\"Sostenibilidad\"],\"inLanguage\":\"es\"},{\"@type\":\"WebPage\",\"@id\":\"https:\\\/\\\/eurecat.org\\\/es\\\/el-cambio-climatico-acentuara-aun-mas-la-pobreza-y-la-falta-de-oportunidades-de-las-mujeres\\\/\",\"url\":\"https:\\\/\\\/eurecat.org\\\/es\\\/el-cambio-climatico-acentuara-aun-mas-la-pobreza-y-la-falta-de-oportunidades-de-las-mujeres\\\/\",\"name\":\"El cambio clim\u00e1tico acentuar\u00e1 a\u00fan m\u00e1s la pobreza y la falta de oportunidades de las mujeres\",\"isPartOf\":{\"@id\":\"https:\\\/\\\/eurecat.org\\\/es\\\/#website\"},\"primaryImageOfPage\":{\"@id\":\"https:\\\/\\\/eurecat.org\\\/es\\\/el-cambio-climatico-acentuara-aun-mas-la-pobreza-y-la-falta-de-oportunidades-de-las-mujeres\\\/#primaryimage\"},\"image\":{\"@id\":\"https:\\\/\\\/eurecat.org\\\/es\\\/el-cambio-climatico-acentuara-aun-mas-la-pobreza-y-la-falta-de-oportunidades-de-las-mujeres\\\/#primaryimage\"},\"thumbnailUrl\":\"https:\\\/\\\/eurecat.org\\\/wp-content\\\/uploads\\\/2021\\\/11\\\/C21_Panel52.jpg\",\"datePublished\":\"2021-11-16T07:31:01+00:00\",\"dateModified\":\"2022-01-28T07:10:05+00:00\",\"author\":{\"@id\":\"https:\\\/\\\/eurecat.org\\\/es\\\/#\\\/schema\\\/person\\\/def9217eded50ee57a9dc4cf0c883f80\"},\"description\":\"El cambio clim\u00e1tico acentuar\u00e1 a\u00fan m\u00e1s la pobreza y la falta de oportunidades de las mujeres\",\"breadcrumb\":{\"@id\":\"https:\\\/\\\/eurecat.org\\\/es\\\/el-cambio-climatico-acentuara-aun-mas-la-pobreza-y-la-falta-de-oportunidades-de-las-mujeres\\\/#breadcrumb\"},\"inLanguage\":\"es\",\"potentialAction\":[{\"@type\":\"ReadAction\",\"target\":[\"https:\\\/\\\/eurecat.org\\\/es\\\/el-cambio-climatico-acentuara-aun-mas-la-pobreza-y-la-falta-de-oportunidades-de-las-mujeres\\\/\"]}]},{\"@type\":\"ImageObject\",\"inLanguage\":\"es\",\"@id\":\"https:\\\/\\\/eurecat.org\\\/es\\\/el-cambio-climatico-acentuara-aun-mas-la-pobreza-y-la-falta-de-oportunidades-de-las-mujeres\\\/#primaryimage\",\"url\":\"https:\\\/\\\/eurecat.org\\\/wp-content\\\/uploads\\\/2021\\\/11\\\/C21_Panel52.jpg\",\"contentUrl\":\"https:\\\/\\\/eurecat.org\\\/wp-content\\\/uploads\\\/2021\\\/11\\\/C21_Panel52.jpg\",\"width\":1920,\"height\":890,\"caption\":\"cassandra\"},{\"@type\":\"BreadcrumbList\",\"@id\":\"https:\\\/\\\/eurecat.org\\\/es\\\/el-cambio-climatico-acentuara-aun-mas-la-pobreza-y-la-falta-de-oportunidades-de-las-mujeres\\\/#breadcrumb\",\"itemListElement\":[{\"@type\":\"ListItem\",\"position\":1,\"name\":\"Inici\",\"item\":\"https:\\\/\\\/eurecat.org\\\/es\\\/\"},{\"@type\":\"ListItem\",\"position\":2,\"name\":\"El cambio clim\u00e1tico acentuar\u00e1 a\u00fan m\u00e1s la pobreza y la falta de oportunidades de las mujeres\"}]},{\"@type\":\"WebSite\",\"@id\":\"https:\\\/\\\/eurecat.org\\\/es\\\/#website\",\"url\":\"https:\\\/\\\/eurecat.org\\\/es\\\/\",\"name\":\"Eurecat\",\"description\":\"Otro sitio realizado con WordPress\",\"potentialAction\":[{\"@type\":\"SearchAction\",\"target\":{\"@type\":\"EntryPoint\",\"urlTemplate\":\"https:\\\/\\\/eurecat.org\\\/es\\\/?s={search_term_string}\"},\"query-input\":{\"@type\":\"PropertyValueSpecification\",\"valueRequired\":true,\"valueName\":\"search_term_string\"}}],\"inLanguage\":\"es\"},{\"@type\":\"Person\",\"@id\":\"https:\\\/\\\/eurecat.org\\\/es\\\/#\\\/schema\\\/person\\\/def9217eded50ee57a9dc4cf0c883f80\",\"name\":\"EurecatEG\",\"image\":{\"@type\":\"ImageObject\",\"inLanguage\":\"es\",\"@id\":\"https:\\\/\\\/secure.gravatar.com\\\/avatar\\\/f40dd9b6ecd3e5c591f3c9b033e495ee0ec9877ba77249fbf268b3889350c824?s=96&d=mm&r=g\",\"url\":\"https:\\\/\\\/secure.gravatar.com\\\/avatar\\\/f40dd9b6ecd3e5c591f3c9b033e495ee0ec9877ba77249fbf268b3889350c824?s=96&d=mm&r=g\",\"contentUrl\":\"https:\\\/\\\/secure.gravatar.com\\\/avatar\\\/f40dd9b6ecd3e5c591f3c9b033e495ee0ec9877ba77249fbf268b3889350c824?s=96&d=mm&r=g\",\"caption\":\"EurecatEG\"}}]}<\/script>\n<!-- \/ Yoast SEO plugin. -->","yoast_head_json":{"title":"El cambio clim\u00e1tico acentuar\u00e1 a\u00fan m\u00e1s la pobreza y la falta de oportunidades de las mujeres","description":"El cambio clim\u00e1tico acentuar\u00e1 a\u00fan m\u00e1s la pobreza y la falta de oportunidades de las mujeres","robots":{"index":"index","follow":"follow","max-snippet":"max-snippet:-1","max-image-preview":"max-image-preview:large","max-video-preview":"max-video-preview:-1"},"canonical":"https:\/\/eurecat.org\/es\/el-cambio-climatico-acentuara-aun-mas-la-pobreza-y-la-falta-de-oportunidades-de-las-mujeres\/","og_locale":"es_ES","og_type":"article","og_title":"El cambio clim\u00e1tico acentuar\u00e1 a\u00fan m\u00e1s la pobreza y la falta de oportunidades de las mujeres","og_description":"El cambio clim\u00e1tico acentuar\u00e1 a\u00fan m\u00e1s la pobreza y la falta de oportunidades de las mujeres","og_url":"https:\/\/eurecat.org\/es\/el-cambio-climatico-acentuara-aun-mas-la-pobreza-y-la-falta-de-oportunidades-de-las-mujeres\/","og_site_name":"Eurecat","article_published_time":"2021-11-16T07:31:01+00:00","article_modified_time":"2022-01-28T07:10:05+00:00","og_image":[{"width":1920,"height":890,"url":"https:\/\/eurecat.org\/wp-content\/uploads\/2021\/11\/C21_Panel52.jpg","type":"image\/jpeg"}],"author":"EurecatEG","twitter_card":"summary_large_image","twitter_misc":{"Escrito por":"EurecatEG","Tiempo de lectura":"3 minutos"},"schema":{"@context":"https:\/\/schema.org","@graph":[{"@type":"Article","@id":"https:\/\/eurecat.org\/es\/el-cambio-climatico-acentuara-aun-mas-la-pobreza-y-la-falta-de-oportunidades-de-las-mujeres\/#article","isPartOf":{"@id":"https:\/\/eurecat.org\/es\/el-cambio-climatico-acentuara-aun-mas-la-pobreza-y-la-falta-de-oportunidades-de-las-mujeres\/"},"author":{"name":"EurecatEG","@id":"https:\/\/eurecat.org\/es\/#\/schema\/person\/def9217eded50ee57a9dc4cf0c883f80"},"headline":"El cambio clim\u00e1tico acentuar\u00e1 a\u00fan m\u00e1s la pobreza y la falta de oportunidades de las mujeres","datePublished":"2021-11-16T07:31:01+00:00","dateModified":"2022-01-28T07:10:05+00:00","mainEntityOfPage":{"@id":"https:\/\/eurecat.org\/es\/el-cambio-climatico-acentuara-aun-mas-la-pobreza-y-la-falta-de-oportunidades-de-las-mujeres\/"},"wordCount":743,"image":{"@id":"https:\/\/eurecat.org\/es\/el-cambio-climatico-acentuara-aun-mas-la-pobreza-y-la-falta-de-oportunidades-de-las-mujeres\/#primaryimage"},"thumbnailUrl":"https:\/\/eurecat.org\/wp-content\/uploads\/2021\/11\/C21_Panel52.jpg","articleSection":["Eventos","Notas de prensa","Sostenibilidad"],"inLanguage":"es"},{"@type":"WebPage","@id":"https:\/\/eurecat.org\/es\/el-cambio-climatico-acentuara-aun-mas-la-pobreza-y-la-falta-de-oportunidades-de-las-mujeres\/","url":"https:\/\/eurecat.org\/es\/el-cambio-climatico-acentuara-aun-mas-la-pobreza-y-la-falta-de-oportunidades-de-las-mujeres\/","name":"El cambio clim\u00e1tico acentuar\u00e1 a\u00fan m\u00e1s la pobreza y la falta de oportunidades de las mujeres","isPartOf":{"@id":"https:\/\/eurecat.org\/es\/#website"},"primaryImageOfPage":{"@id":"https:\/\/eurecat.org\/es\/el-cambio-climatico-acentuara-aun-mas-la-pobreza-y-la-falta-de-oportunidades-de-las-mujeres\/#primaryimage"},"image":{"@id":"https:\/\/eurecat.org\/es\/el-cambio-climatico-acentuara-aun-mas-la-pobreza-y-la-falta-de-oportunidades-de-las-mujeres\/#primaryimage"},"thumbnailUrl":"https:\/\/eurecat.org\/wp-content\/uploads\/2021\/11\/C21_Panel52.jpg","datePublished":"2021-11-16T07:31:01+00:00","dateModified":"2022-01-28T07:10:05+00:00","author":{"@id":"https:\/\/eurecat.org\/es\/#\/schema\/person\/def9217eded50ee57a9dc4cf0c883f80"},"description":"El cambio clim\u00e1tico acentuar\u00e1 a\u00fan m\u00e1s la pobreza y la falta de oportunidades de las mujeres","breadcrumb":{"@id":"https:\/\/eurecat.org\/es\/el-cambio-climatico-acentuara-aun-mas-la-pobreza-y-la-falta-de-oportunidades-de-las-mujeres\/#breadcrumb"},"inLanguage":"es","potentialAction":[{"@type":"ReadAction","target":["https:\/\/eurecat.org\/es\/el-cambio-climatico-acentuara-aun-mas-la-pobreza-y-la-falta-de-oportunidades-de-las-mujeres\/"]}]},{"@type":"ImageObject","inLanguage":"es","@id":"https:\/\/eurecat.org\/es\/el-cambio-climatico-acentuara-aun-mas-la-pobreza-y-la-falta-de-oportunidades-de-las-mujeres\/#primaryimage","url":"https:\/\/eurecat.org\/wp-content\/uploads\/2021\/11\/C21_Panel52.jpg","contentUrl":"https:\/\/eurecat.org\/wp-content\/uploads\/2021\/11\/C21_Panel52.jpg","width":1920,"height":890,"caption":"cassandra"},{"@type":"BreadcrumbList","@id":"https:\/\/eurecat.org\/es\/el-cambio-climatico-acentuara-aun-mas-la-pobreza-y-la-falta-de-oportunidades-de-las-mujeres\/#breadcrumb","itemListElement":[{"@type":"ListItem","position":1,"name":"Inici","item":"https:\/\/eurecat.org\/es\/"},{"@type":"ListItem","position":2,"name":"El cambio clim\u00e1tico acentuar\u00e1 a\u00fan m\u00e1s la pobreza y la falta de oportunidades de las mujeres"}]},{"@type":"WebSite","@id":"https:\/\/eurecat.org\/es\/#website","url":"https:\/\/eurecat.org\/es\/","name":"Eurecat","description":"Otro sitio realizado con WordPress","potentialAction":[{"@type":"SearchAction","target":{"@type":"EntryPoint","urlTemplate":"https:\/\/eurecat.org\/es\/?s={search_term_string}"},"query-input":{"@type":"PropertyValueSpecification","valueRequired":true,"valueName":"search_term_string"}}],"inLanguage":"es"},{"@type":"Person","@id":"https:\/\/eurecat.org\/es\/#\/schema\/person\/def9217eded50ee57a9dc4cf0c883f80","name":"EurecatEG","image":{"@type":"ImageObject","inLanguage":"es","@id":"https:\/\/secure.gravatar.com\/avatar\/f40dd9b6ecd3e5c591f3c9b033e495ee0ec9877ba77249fbf268b3889350c824?s=96&d=mm&r=g","url":"https:\/\/secure.gravatar.com\/avatar\/f40dd9b6ecd3e5c591f3c9b033e495ee0ec9877ba77249fbf268b3889350c824?s=96&d=mm&r=g","contentUrl":"https:\/\/secure.gravatar.com\/avatar\/f40dd9b6ecd3e5c591f3c9b033e495ee0ec9877ba77249fbf268b3889350c824?s=96&d=mm&r=g","caption":"EurecatEG"}}]}},"_links":{"self":[{"href":"https:\/\/eurecat.org\/es\/wp-json\/wp\/v2\/posts\/118348","targetHints":{"allow":["GET"]}}],"collection":[{"href":"https:\/\/eurecat.org\/es\/wp-json\/wp\/v2\/posts"}],"about":[{"href":"https:\/\/eurecat.org\/es\/wp-json\/wp\/v2\/types\/post"}],"author":[{"embeddable":true,"href":"https:\/\/eurecat.org\/es\/wp-json\/wp\/v2\/users\/12"}],"replies":[{"embeddable":true,"href":"https:\/\/eurecat.org\/es\/wp-json\/wp\/v2\/comments?post=118348"}],"version-history":[{"count":0,"href":"https:\/\/eurecat.org\/es\/wp-json\/wp\/v2\/posts\/118348\/revisions"}],"wp:featuredmedia":[{"embeddable":true,"href":"https:\/\/eurecat.org\/es\/wp-json\/wp\/v2\/media\/118351"}],"wp:attachment":[{"href":"https:\/\/eurecat.org\/es\/wp-json\/wp\/v2\/media?parent=118348"}],"wp:term":[{"taxonomy":"category","embeddable":true,"href":"https:\/\/eurecat.org\/es\/wp-json\/wp\/v2\/categories?post=118348"},{"taxonomy":"post_tag","embeddable":true,"href":"https:\/\/eurecat.org\/es\/wp-json\/wp\/v2\/tags?post=118348"}],"curies":[{"name":"wp","href":"https:\/\/api.w.org\/{rel}","templated":true}]}}