{"id":118459,"date":"2021-11-18T09:21:21","date_gmt":"2021-11-18T08:21:21","guid":{"rendered":"https:\/\/eurecat.org\/?p=118459"},"modified":"2022-01-28T08:09:46","modified_gmt":"2022-01-28T07:09:46","slug":"la-conferencia-internacional-cassandra-apunta-a-acelerar-la-colaboracion-economica-social-y-cientifica-para-afrontar-los-retos-ambientales-del-mediterraneo","status":"publish","type":"post","link":"https:\/\/eurecat.org\/es\/la-conferencia-internacional-cassandra-apunta-a-acelerar-la-colaboracion-economica-social-y-cientifica-para-afrontar-los-retos-ambientales-del-mediterraneo\/","title":{"rendered":"La conferencia internacional Cassandra apunta a acelerar la colaboraci\u00f3n econ\u00f3mica, social y cient\u00edfica para afrontar los retos ambientales del Mediterr\u00e1neo"},"content":{"rendered":"<p>La conferencia internacional <a href=\"https:\/\/cassandraconference.org\/\">Cassandra<\/a>, organizada por el centro tecnol\u00f3gico <a href=\"https:\/\/eurecat.org\/\">Eurecat<\/a>, ha incidido en la necesidad de acelerar el trabajo conjunto de los sectores privado y p\u00fablico, la sociedad y los cient\u00edficos para implementar soluciones a largo plazo basadas en el consenso y la confianza, orientadas a resolver los retos ambientales que afronta el Mediterr\u00e1neo.<\/p>\n<p>\u201cQuiz\u00e1s es el momento de que los cient\u00edficos y otros actores clave en las respuestas a la crisis clim\u00e1tica tomen el juramento para trabajar de manera honesta, abierta y sin perjuicios para encontrar soluciones a largo plazo\u201d, ha afirmado el jefe de Relaciones Pol\u00edticas Internacionales de Eurecat, Richard Elelman.<\/p>\n<p>Por su parte, Bernd M. Gawlik, del Joint Research Centre de la Comisi\u00f3n Europea, ha destacado la importancia \u201cde una identidad mediterr\u00e1nea para el futuro\u201d, basada en valores comunes compartidos y ha recordado que \u201cuno de los principios de la Uni\u00f3n Europea es estar unidos por la diversidad\u201d.<\/p>\n<p>La conferencia Cassandra \u201cha dejado claro que la manera m\u00e1s eficaz de avanzar es trabajar m\u00e1s all\u00e1 de las barreras sectoriales, sociales e institucionales\u201d, ha afirmado la directora general de la Acci\u00f3n Exterior de la Generalitat de Catalunya, Montserrat Vilalta, quien ha participado en la sesi\u00f3n de clausura del evento.<\/p>\n<p>\u201cDebemos empezar a pensar en las personas y debemos empezar a pensar m\u00e1s all\u00e1 de las fronteras\u201d porque los problemas y los retos del cambio clim\u00e1tico llegan sin tenerlas en cuenta y, por eso, \u201ces el momento de aprender los unos de otros, no de los errores, sino de los logros\u201d, ha remarcado el director gerente de Agua de la Uni\u00f3n por el Mediterr\u00e1neo, Almotaz Abadi.<\/p>\n<p>En palabras de la coordinadora de la Alianza Mundial para la Calidad del Agua del Programa de las Naciones Unidas para el Medio Ambiente, Nina Raasakka, para abordar estos problemas \u201cnecesitamos estas asociaciones y creo que Cassandra es un gran ejemplo de una plataforma que ha reunido a la sociedad civil, las instituciones de la ONU, las organizaciones internacionales, pero tambi\u00e9n toca estas cuestiones m\u00e1s filos\u00f3ficas sobre, por ejemplo, el papel del arte y de los cient\u00edficos\u201d para hacer llegar realmente el mensaje.<\/p>\n<p><img decoding=\"async\" class=\"alignnone size-full wp-image-118462 aligncenter\" src=\"https:\/\/eurecat.org\/wp-content\/uploads\/2021\/11\/mediterranean-g800px.jpg\" alt=\"mediterrania\" width=\"800\" height=\"450\" srcset=\"https:\/\/eurecat.org\/wp-content\/uploads\/2021\/11\/mediterranean-g800px-200x113.jpg 200w, https:\/\/eurecat.org\/wp-content\/uploads\/2021\/11\/mediterranean-g800px-300x169.jpg 300w, https:\/\/eurecat.org\/wp-content\/uploads\/2021\/11\/mediterranean-g800px-400x225.jpg 400w, https:\/\/eurecat.org\/wp-content\/uploads\/2021\/11\/mediterranean-g800px-600x338.jpg 600w, https:\/\/eurecat.org\/wp-content\/uploads\/2021\/11\/mediterranean-g800px-768x432.jpg 768w, https:\/\/eurecat.org\/wp-content\/uploads\/2021\/11\/mediterranean-g800px.jpg 800w\" sizes=\"(max-width: 800px) 100vw, 800px\" \/><\/p>\n<p><strong>Comunicaci\u00f3n y consenso para hacer frente a los retos del cambio clim\u00e1tico<\/strong><\/p>\n<p>La tercera jornada de la conferencia internacional Cassandra ha analizado tambi\u00e9n el papel del arte y los medios de comunicaci\u00f3n en la formulaci\u00f3n de v\u00ednculos emocionales entre los retos a los que se enfrenta el Mediterr\u00e1neo en t\u00e9rminos del cambio clim\u00e1tico y los ciudadanos de esta regi\u00f3n.<\/p>\n<p>El productor, director y presentador de Travel Channel, guionista de TV y periodista de la BBC y de Netflix, Charlie Ottley, ha apelado como artistas a la empat\u00eda hacia los problemas, preocupaciones, miedos y esperanzas de la gente para presentarlos \u201cde modo que puedan digerir, encontrar inspiradores\u201d y ha animado a imaginar \u201cc\u00f3mo ser\u00e1 cuando hagamos las cosas bien, porque esto empezar\u00e1 a inculcar esperanza a la gente\u201d, y permitir\u00e1 empezarlo a visualizar y a trabajar.<\/p>\n<p>En relaci\u00f3n con el rol de los ciudadanos, la directora de The Flow Partnership, Minnie Jain, ha apuntado que, si el proyecto o el problema est\u00e1 liderado por la comunidad, est\u00e1 aprobado por la comunidad, esto \u201cnos involucra a resolver su problema\u201d.<\/p>\n<p>Por su parte, la investigadora del Center for Water Systems de la Universidad de Exeter, directora de Agile Rabbit y miembro del equipo central de la Plataforma de Compromiso Social de la Alianza Mundial para la Calidad del Agua de Naciones Unidas, Kate Baker, ha afirmado que la palabra co-creaci\u00f3n se utiliza muchas veces y a menudo se pregunta si realmente lo es. La co-creaci\u00f3n \u201ces complicada y realmente toma tiempo, y debemos ser honestos y transparentes entre nosotros sobre qu\u00e9 es la co-creaci\u00f3n y qu\u00e9 es m\u00e1s una especie de ejercicio de comunicaci\u00f3n\u201d.<\/p>\n<p>Cassandra es un evento que cuenta con el apoyo de la UNESCO, de la Comisi\u00f3n Europea, de la Alianza Mundial para la Calidad del Agua, del Consejo de Ministros Africanos del Agua, del Banco Mundial y de la Uni\u00f3n por Mediterr\u00e1neo.<\/p>\n<p>La conferencia Cassandra publicar\u00e1 las transcripciones de las diversas sesiones que han tenido lugar durante los tres d\u00edas de evento y junto con las diversas instituciones de todo el mundo que han participado har\u00e1n p\u00fablico un conjunto de recomendaciones.<\/p>\n","protected":false},"excerpt":{"rendered":"<p>La conferencia internacional Cassandra, organizada por el centro tecnol\u00f3gico Eurecat, ha incidido en la necesidad de acelerar el trabajo conjunto de los sectores privado y p\u00fablico, la sociedad y los cient\u00edficos para implementar soluciones a largo plazo basadas en el consenso y la confianza, orientadas a resolver los retos ambientales que afronta el Mediterr\u00e1neo. \u201cQuiz\u00e1s  [&#8230;]<\/p>\n","protected":false},"author":12,"featured_media":118465,"comment_status":"closed","ping_status":"closed","sticky":false,"template":"","format":"standard","meta":{"footnotes":""},"categories":[702,134,411],"tags":[],"class_list":["post-118459","post","type-post","status-publish","format-standard","has-post-thumbnail","hentry","category-eventos","category-notas-de-prensa","category-sostenibilidad"],"yoast_head":"<!-- This site is optimized with the Yoast SEO plugin v27.5 - https:\/\/yoast.com\/product\/yoast-seo-wordpress\/ -->\n<title>Cassandra apunta a la colaboraci\u00f3n para afrontar los retos medioambientales del Mediterr\u00e1neo<\/title>\n<meta name=\"description\" content=\"La conferencia internacional Cassandra apunta a acelerar la colaboraci\u00f3n econ\u00f3mica, social y cient\u00edfica para afrontar los retos ambientales del Mediterr\u00e1neo\" \/>\n<meta name=\"robots\" content=\"index, follow, max-snippet:-1, max-image-preview:large, max-video-preview:-1\" \/>\n<link rel=\"canonical\" href=\"https:\/\/eurecat.org\/es\/la-conferencia-internacional-cassandra-apunta-a-acelerar-la-colaboracion-economica-social-y-cientifica-para-afrontar-los-retos-ambientales-del-mediterraneo\/\" \/>\n<meta property=\"og:locale\" content=\"es_ES\" \/>\n<meta property=\"og:type\" content=\"article\" \/>\n<meta property=\"og:title\" content=\"Cassandra apunta a la colaboraci\u00f3n para afrontar los retos medioambientales del Mediterr\u00e1neo\" \/>\n<meta property=\"og:description\" content=\"La conferencia internacional Cassandra apunta a acelerar la colaboraci\u00f3n econ\u00f3mica, social y cient\u00edfica para afrontar los retos ambientales del Mediterr\u00e1neo\" \/>\n<meta property=\"og:url\" content=\"https:\/\/eurecat.org\/es\/la-conferencia-internacional-cassandra-apunta-a-acelerar-la-colaboracion-economica-social-y-cientifica-para-afrontar-los-retos-ambientales-del-mediterraneo\/\" \/>\n<meta property=\"og:site_name\" content=\"Eurecat\" \/>\n<meta property=\"article:published_time\" content=\"2021-11-18T08:21:21+00:00\" \/>\n<meta property=\"article:modified_time\" content=\"2022-01-28T07:09:46+00:00\" \/>\n<meta property=\"og:image\" content=\"https:\/\/eurecat.org\/wp-content\/uploads\/2021\/11\/C21_Conclusions.jpg\" \/>\n\t<meta property=\"og:image:width\" content=\"1920\" \/>\n\t<meta property=\"og:image:height\" content=\"895\" \/>\n\t<meta property=\"og:image:type\" content=\"image\/jpeg\" \/>\n<meta name=\"author\" content=\"EurecatEG\" \/>\n<meta name=\"twitter:card\" content=\"summary_large_image\" \/>\n<meta name=\"twitter:label1\" content=\"Escrito por\" \/>\n\t<meta name=\"twitter:data1\" content=\"EurecatEG\" \/>\n\t<meta name=\"twitter:label2\" content=\"Tiempo de lectura\" \/>\n\t<meta name=\"twitter:data2\" content=\"2 minutos\" \/>\n<script type=\"application\/ld+json\" class=\"yoast-schema-graph\">{\"@context\":\"https:\\\/\\\/schema.org\",\"@graph\":[{\"@type\":\"Article\",\"@id\":\"https:\\\/\\\/eurecat.org\\\/es\\\/la-conferencia-internacional-cassandra-apunta-a-acelerar-la-colaboracion-economica-social-y-cientifica-para-afrontar-los-retos-ambientales-del-mediterraneo\\\/#article\",\"isPartOf\":{\"@id\":\"https:\\\/\\\/eurecat.org\\\/es\\\/la-conferencia-internacional-cassandra-apunta-a-acelerar-la-colaboracion-economica-social-y-cientifica-para-afrontar-los-retos-ambientales-del-mediterraneo\\\/\"},\"author\":{\"name\":\"EurecatEG\",\"@id\":\"https:\\\/\\\/eurecat.org\\\/es\\\/#\\\/schema\\\/person\\\/def9217eded50ee57a9dc4cf0c883f80\"},\"headline\":\"La conferencia internacional Cassandra apunta a acelerar la colaboraci\u00f3n econ\u00f3mica, social y cient\u00edfica para afrontar los retos ambientales del Mediterr\u00e1neo\",\"datePublished\":\"2021-11-18T08:21:21+00:00\",\"dateModified\":\"2022-01-28T07:09:46+00:00\",\"mainEntityOfPage\":{\"@id\":\"https:\\\/\\\/eurecat.org\\\/es\\\/la-conferencia-internacional-cassandra-apunta-a-acelerar-la-colaboracion-economica-social-y-cientifica-para-afrontar-los-retos-ambientales-del-mediterraneo\\\/\"},\"wordCount\":772,\"image\":{\"@id\":\"https:\\\/\\\/eurecat.org\\\/es\\\/la-conferencia-internacional-cassandra-apunta-a-acelerar-la-colaboracion-economica-social-y-cientifica-para-afrontar-los-retos-ambientales-del-mediterraneo\\\/#primaryimage\"},\"thumbnailUrl\":\"https:\\\/\\\/eurecat.org\\\/wp-content\\\/uploads\\\/2021\\\/11\\\/C21_Conclusions.jpg\",\"articleSection\":[\"Eventos\",\"Notas de prensa\",\"Sostenibilidad\"],\"inLanguage\":\"es\"},{\"@type\":\"WebPage\",\"@id\":\"https:\\\/\\\/eurecat.org\\\/es\\\/la-conferencia-internacional-cassandra-apunta-a-acelerar-la-colaboracion-economica-social-y-cientifica-para-afrontar-los-retos-ambientales-del-mediterraneo\\\/\",\"url\":\"https:\\\/\\\/eurecat.org\\\/es\\\/la-conferencia-internacional-cassandra-apunta-a-acelerar-la-colaboracion-economica-social-y-cientifica-para-afrontar-los-retos-ambientales-del-mediterraneo\\\/\",\"name\":\"Cassandra apunta a la colaboraci\u00f3n para afrontar los retos medioambientales del Mediterr\u00e1neo\",\"isPartOf\":{\"@id\":\"https:\\\/\\\/eurecat.org\\\/es\\\/#website\"},\"primaryImageOfPage\":{\"@id\":\"https:\\\/\\\/eurecat.org\\\/es\\\/la-conferencia-internacional-cassandra-apunta-a-acelerar-la-colaboracion-economica-social-y-cientifica-para-afrontar-los-retos-ambientales-del-mediterraneo\\\/#primaryimage\"},\"image\":{\"@id\":\"https:\\\/\\\/eurecat.org\\\/es\\\/la-conferencia-internacional-cassandra-apunta-a-acelerar-la-colaboracion-economica-social-y-cientifica-para-afrontar-los-retos-ambientales-del-mediterraneo\\\/#primaryimage\"},\"thumbnailUrl\":\"https:\\\/\\\/eurecat.org\\\/wp-content\\\/uploads\\\/2021\\\/11\\\/C21_Conclusions.jpg\",\"datePublished\":\"2021-11-18T08:21:21+00:00\",\"dateModified\":\"2022-01-28T07:09:46+00:00\",\"author\":{\"@id\":\"https:\\\/\\\/eurecat.org\\\/es\\\/#\\\/schema\\\/person\\\/def9217eded50ee57a9dc4cf0c883f80\"},\"description\":\"La conferencia internacional Cassandra apunta a acelerar la colaboraci\u00f3n econ\u00f3mica, social y cient\u00edfica para afrontar los retos ambientales del Mediterr\u00e1neo\",\"breadcrumb\":{\"@id\":\"https:\\\/\\\/eurecat.org\\\/es\\\/la-conferencia-internacional-cassandra-apunta-a-acelerar-la-colaboracion-economica-social-y-cientifica-para-afrontar-los-retos-ambientales-del-mediterraneo\\\/#breadcrumb\"},\"inLanguage\":\"es\",\"potentialAction\":[{\"@type\":\"ReadAction\",\"target\":[\"https:\\\/\\\/eurecat.org\\\/es\\\/la-conferencia-internacional-cassandra-apunta-a-acelerar-la-colaboracion-economica-social-y-cientifica-para-afrontar-los-retos-ambientales-del-mediterraneo\\\/\"]}]},{\"@type\":\"ImageObject\",\"inLanguage\":\"es\",\"@id\":\"https:\\\/\\\/eurecat.org\\\/es\\\/la-conferencia-internacional-cassandra-apunta-a-acelerar-la-colaboracion-economica-social-y-cientifica-para-afrontar-los-retos-ambientales-del-mediterraneo\\\/#primaryimage\",\"url\":\"https:\\\/\\\/eurecat.org\\\/wp-content\\\/uploads\\\/2021\\\/11\\\/C21_Conclusions.jpg\",\"contentUrl\":\"https:\\\/\\\/eurecat.org\\\/wp-content\\\/uploads\\\/2021\\\/11\\\/C21_Conclusions.jpg\",\"width\":1920,\"height\":895,\"caption\":\"cassandra\"},{\"@type\":\"BreadcrumbList\",\"@id\":\"https:\\\/\\\/eurecat.org\\\/es\\\/la-conferencia-internacional-cassandra-apunta-a-acelerar-la-colaboracion-economica-social-y-cientifica-para-afrontar-los-retos-ambientales-del-mediterraneo\\\/#breadcrumb\",\"itemListElement\":[{\"@type\":\"ListItem\",\"position\":1,\"name\":\"Inici\",\"item\":\"https:\\\/\\\/eurecat.org\\\/es\\\/\"},{\"@type\":\"ListItem\",\"position\":2,\"name\":\"La conferencia internacional Cassandra apunta a acelerar la colaboraci\u00f3n econ\u00f3mica, social y cient\u00edfica para afrontar los retos ambientales del Mediterr\u00e1neo\"}]},{\"@type\":\"WebSite\",\"@id\":\"https:\\\/\\\/eurecat.org\\\/es\\\/#website\",\"url\":\"https:\\\/\\\/eurecat.org\\\/es\\\/\",\"name\":\"Eurecat\",\"description\":\"Otro sitio realizado con WordPress\",\"potentialAction\":[{\"@type\":\"SearchAction\",\"target\":{\"@type\":\"EntryPoint\",\"urlTemplate\":\"https:\\\/\\\/eurecat.org\\\/es\\\/?s={search_term_string}\"},\"query-input\":{\"@type\":\"PropertyValueSpecification\",\"valueRequired\":true,\"valueName\":\"search_term_string\"}}],\"inLanguage\":\"es\"},{\"@type\":\"Person\",\"@id\":\"https:\\\/\\\/eurecat.org\\\/es\\\/#\\\/schema\\\/person\\\/def9217eded50ee57a9dc4cf0c883f80\",\"name\":\"EurecatEG\",\"image\":{\"@type\":\"ImageObject\",\"inLanguage\":\"es\",\"@id\":\"https:\\\/\\\/secure.gravatar.com\\\/avatar\\\/f40dd9b6ecd3e5c591f3c9b033e495ee0ec9877ba77249fbf268b3889350c824?s=96&d=mm&r=g\",\"url\":\"https:\\\/\\\/secure.gravatar.com\\\/avatar\\\/f40dd9b6ecd3e5c591f3c9b033e495ee0ec9877ba77249fbf268b3889350c824?s=96&d=mm&r=g\",\"contentUrl\":\"https:\\\/\\\/secure.gravatar.com\\\/avatar\\\/f40dd9b6ecd3e5c591f3c9b033e495ee0ec9877ba77249fbf268b3889350c824?s=96&d=mm&r=g\",\"caption\":\"EurecatEG\"}}]}<\/script>\n<!-- \/ Yoast SEO plugin. -->","yoast_head_json":{"title":"Cassandra apunta a la colaboraci\u00f3n para afrontar los retos medioambientales del Mediterr\u00e1neo","description":"La conferencia internacional Cassandra apunta a acelerar la colaboraci\u00f3n econ\u00f3mica, social y cient\u00edfica para afrontar los retos ambientales del Mediterr\u00e1neo","robots":{"index":"index","follow":"follow","max-snippet":"max-snippet:-1","max-image-preview":"max-image-preview:large","max-video-preview":"max-video-preview:-1"},"canonical":"https:\/\/eurecat.org\/es\/la-conferencia-internacional-cassandra-apunta-a-acelerar-la-colaboracion-economica-social-y-cientifica-para-afrontar-los-retos-ambientales-del-mediterraneo\/","og_locale":"es_ES","og_type":"article","og_title":"Cassandra apunta a la colaboraci\u00f3n para afrontar los retos medioambientales del Mediterr\u00e1neo","og_description":"La conferencia internacional Cassandra apunta a acelerar la colaboraci\u00f3n econ\u00f3mica, social y cient\u00edfica para afrontar los retos ambientales del Mediterr\u00e1neo","og_url":"https:\/\/eurecat.org\/es\/la-conferencia-internacional-cassandra-apunta-a-acelerar-la-colaboracion-economica-social-y-cientifica-para-afrontar-los-retos-ambientales-del-mediterraneo\/","og_site_name":"Eurecat","article_published_time":"2021-11-18T08:21:21+00:00","article_modified_time":"2022-01-28T07:09:46+00:00","og_image":[{"width":1920,"height":895,"url":"https:\/\/eurecat.org\/wp-content\/uploads\/2021\/11\/C21_Conclusions.jpg","type":"image\/jpeg"}],"author":"EurecatEG","twitter_card":"summary_large_image","twitter_misc":{"Escrito por":"EurecatEG","Tiempo de lectura":"2 minutos"},"schema":{"@context":"https:\/\/schema.org","@graph":[{"@type":"Article","@id":"https:\/\/eurecat.org\/es\/la-conferencia-internacional-cassandra-apunta-a-acelerar-la-colaboracion-economica-social-y-cientifica-para-afrontar-los-retos-ambientales-del-mediterraneo\/#article","isPartOf":{"@id":"https:\/\/eurecat.org\/es\/la-conferencia-internacional-cassandra-apunta-a-acelerar-la-colaboracion-economica-social-y-cientifica-para-afrontar-los-retos-ambientales-del-mediterraneo\/"},"author":{"name":"EurecatEG","@id":"https:\/\/eurecat.org\/es\/#\/schema\/person\/def9217eded50ee57a9dc4cf0c883f80"},"headline":"La conferencia internacional Cassandra apunta a acelerar la colaboraci\u00f3n econ\u00f3mica, social y cient\u00edfica para afrontar los retos ambientales del Mediterr\u00e1neo","datePublished":"2021-11-18T08:21:21+00:00","dateModified":"2022-01-28T07:09:46+00:00","mainEntityOfPage":{"@id":"https:\/\/eurecat.org\/es\/la-conferencia-internacional-cassandra-apunta-a-acelerar-la-colaboracion-economica-social-y-cientifica-para-afrontar-los-retos-ambientales-del-mediterraneo\/"},"wordCount":772,"image":{"@id":"https:\/\/eurecat.org\/es\/la-conferencia-internacional-cassandra-apunta-a-acelerar-la-colaboracion-economica-social-y-cientifica-para-afrontar-los-retos-ambientales-del-mediterraneo\/#primaryimage"},"thumbnailUrl":"https:\/\/eurecat.org\/wp-content\/uploads\/2021\/11\/C21_Conclusions.jpg","articleSection":["Eventos","Notas de prensa","Sostenibilidad"],"inLanguage":"es"},{"@type":"WebPage","@id":"https:\/\/eurecat.org\/es\/la-conferencia-internacional-cassandra-apunta-a-acelerar-la-colaboracion-economica-social-y-cientifica-para-afrontar-los-retos-ambientales-del-mediterraneo\/","url":"https:\/\/eurecat.org\/es\/la-conferencia-internacional-cassandra-apunta-a-acelerar-la-colaboracion-economica-social-y-cientifica-para-afrontar-los-retos-ambientales-del-mediterraneo\/","name":"Cassandra apunta a la colaboraci\u00f3n para afrontar los retos medioambientales del Mediterr\u00e1neo","isPartOf":{"@id":"https:\/\/eurecat.org\/es\/#website"},"primaryImageOfPage":{"@id":"https:\/\/eurecat.org\/es\/la-conferencia-internacional-cassandra-apunta-a-acelerar-la-colaboracion-economica-social-y-cientifica-para-afrontar-los-retos-ambientales-del-mediterraneo\/#primaryimage"},"image":{"@id":"https:\/\/eurecat.org\/es\/la-conferencia-internacional-cassandra-apunta-a-acelerar-la-colaboracion-economica-social-y-cientifica-para-afrontar-los-retos-ambientales-del-mediterraneo\/#primaryimage"},"thumbnailUrl":"https:\/\/eurecat.org\/wp-content\/uploads\/2021\/11\/C21_Conclusions.jpg","datePublished":"2021-11-18T08:21:21+00:00","dateModified":"2022-01-28T07:09:46+00:00","author":{"@id":"https:\/\/eurecat.org\/es\/#\/schema\/person\/def9217eded50ee57a9dc4cf0c883f80"},"description":"La conferencia internacional Cassandra apunta a acelerar la colaboraci\u00f3n econ\u00f3mica, social y cient\u00edfica para afrontar los retos ambientales del Mediterr\u00e1neo","breadcrumb":{"@id":"https:\/\/eurecat.org\/es\/la-conferencia-internacional-cassandra-apunta-a-acelerar-la-colaboracion-economica-social-y-cientifica-para-afrontar-los-retos-ambientales-del-mediterraneo\/#breadcrumb"},"inLanguage":"es","potentialAction":[{"@type":"ReadAction","target":["https:\/\/eurecat.org\/es\/la-conferencia-internacional-cassandra-apunta-a-acelerar-la-colaboracion-economica-social-y-cientifica-para-afrontar-los-retos-ambientales-del-mediterraneo\/"]}]},{"@type":"ImageObject","inLanguage":"es","@id":"https:\/\/eurecat.org\/es\/la-conferencia-internacional-cassandra-apunta-a-acelerar-la-colaboracion-economica-social-y-cientifica-para-afrontar-los-retos-ambientales-del-mediterraneo\/#primaryimage","url":"https:\/\/eurecat.org\/wp-content\/uploads\/2021\/11\/C21_Conclusions.jpg","contentUrl":"https:\/\/eurecat.org\/wp-content\/uploads\/2021\/11\/C21_Conclusions.jpg","width":1920,"height":895,"caption":"cassandra"},{"@type":"BreadcrumbList","@id":"https:\/\/eurecat.org\/es\/la-conferencia-internacional-cassandra-apunta-a-acelerar-la-colaboracion-economica-social-y-cientifica-para-afrontar-los-retos-ambientales-del-mediterraneo\/#breadcrumb","itemListElement":[{"@type":"ListItem","position":1,"name":"Inici","item":"https:\/\/eurecat.org\/es\/"},{"@type":"ListItem","position":2,"name":"La conferencia internacional Cassandra apunta a acelerar la colaboraci\u00f3n econ\u00f3mica, social y cient\u00edfica para afrontar los retos ambientales del Mediterr\u00e1neo"}]},{"@type":"WebSite","@id":"https:\/\/eurecat.org\/es\/#website","url":"https:\/\/eurecat.org\/es\/","name":"Eurecat","description":"Otro sitio realizado con WordPress","potentialAction":[{"@type":"SearchAction","target":{"@type":"EntryPoint","urlTemplate":"https:\/\/eurecat.org\/es\/?s={search_term_string}"},"query-input":{"@type":"PropertyValueSpecification","valueRequired":true,"valueName":"search_term_string"}}],"inLanguage":"es"},{"@type":"Person","@id":"https:\/\/eurecat.org\/es\/#\/schema\/person\/def9217eded50ee57a9dc4cf0c883f80","name":"EurecatEG","image":{"@type":"ImageObject","inLanguage":"es","@id":"https:\/\/secure.gravatar.com\/avatar\/f40dd9b6ecd3e5c591f3c9b033e495ee0ec9877ba77249fbf268b3889350c824?s=96&d=mm&r=g","url":"https:\/\/secure.gravatar.com\/avatar\/f40dd9b6ecd3e5c591f3c9b033e495ee0ec9877ba77249fbf268b3889350c824?s=96&d=mm&r=g","contentUrl":"https:\/\/secure.gravatar.com\/avatar\/f40dd9b6ecd3e5c591f3c9b033e495ee0ec9877ba77249fbf268b3889350c824?s=96&d=mm&r=g","caption":"EurecatEG"}}]}},"_links":{"self":[{"href":"https:\/\/eurecat.org\/es\/wp-json\/wp\/v2\/posts\/118459","targetHints":{"allow":["GET"]}}],"collection":[{"href":"https:\/\/eurecat.org\/es\/wp-json\/wp\/v2\/posts"}],"about":[{"href":"https:\/\/eurecat.org\/es\/wp-json\/wp\/v2\/types\/post"}],"author":[{"embeddable":true,"href":"https:\/\/eurecat.org\/es\/wp-json\/wp\/v2\/users\/12"}],"replies":[{"embeddable":true,"href":"https:\/\/eurecat.org\/es\/wp-json\/wp\/v2\/comments?post=118459"}],"version-history":[{"count":0,"href":"https:\/\/eurecat.org\/es\/wp-json\/wp\/v2\/posts\/118459\/revisions"}],"wp:featuredmedia":[{"embeddable":true,"href":"https:\/\/eurecat.org\/es\/wp-json\/wp\/v2\/media\/118465"}],"wp:attachment":[{"href":"https:\/\/eurecat.org\/es\/wp-json\/wp\/v2\/media?parent=118459"}],"wp:term":[{"taxonomy":"category","embeddable":true,"href":"https:\/\/eurecat.org\/es\/wp-json\/wp\/v2\/categories?post=118459"},{"taxonomy":"post_tag","embeddable":true,"href":"https:\/\/eurecat.org\/es\/wp-json\/wp\/v2\/tags?post=118459"}],"curies":[{"name":"wp","href":"https:\/\/api.w.org\/{rel}","templated":true}]}}