{"id":118606,"date":"2021-11-25T13:17:22","date_gmt":"2021-11-25T12:17:22","guid":{"rendered":"https:\/\/eurecat.org\/?p=118606"},"modified":"2021-11-25T13:23:55","modified_gmt":"2021-11-25T12:23:55","slug":"editorial_innovacion-frente-a-los-desafios-globales","status":"publish","type":"post","link":"https:\/\/eurecat.org\/es\/editorial_innovacion-frente-a-los-desafios-globales\/","title":{"rendered":"Innovaci\u00f3n frente a los desaf\u00edos globales"},"content":{"rendered":"<p><strong><img decoding=\"async\" class=\"alignleft wp-image-117063 size-medium\" src=\"https:\/\/eurecat.org\/wp-content\/uploads\/2021\/09\/Xavier_Torra_600-X-400-1-300x200.jpg\" alt=\"\" width=\"300\" height=\"200\" srcset=\"https:\/\/eurecat.org\/wp-content\/uploads\/2021\/09\/Xavier_Torra_600-X-400-1-200x133.jpg 200w, https:\/\/eurecat.org\/wp-content\/uploads\/2021\/09\/Xavier_Torra_600-X-400-1-300x200.jpg 300w, https:\/\/eurecat.org\/wp-content\/uploads\/2021\/09\/Xavier_Torra_600-X-400-1-391x260.jpg 391w, https:\/\/eurecat.org\/wp-content\/uploads\/2021\/09\/Xavier_Torra_600-X-400-1-400x267.jpg 400w, https:\/\/eurecat.org\/wp-content\/uploads\/2021\/09\/Xavier_Torra_600-X-400-1.jpg 600w\" sizes=\"(max-width: 300px) 100vw, 300px\" \/><\/strong><\/p>\n<p>Encontrar <strong>f\u00f3rmulas para acelerar el trabajo conjunto de los sectores privado y p\u00fablico, de la sociedad y de los cient\u00edficos<\/strong> para implementar soluciones a largo plazo orientadas a <strong>resolver los retos ambientales que afronta el Mediterr\u00e1ne<\/strong>o ha sido una de las principales conclusiones de la conferencia internacional <strong>Cassandra,<\/strong> organizada desde Eurecat con la visi\u00f3n de compartir una perspectiva transversal frente a algunos de los desaf\u00edos que nos afectan de forma muy cercana.<\/p>\n<p>En este sentido, esperamos que las soluciones identificadas puedan inspirar acciones similares en todo el mundo, a partir de la publicaci\u00f3n de los resultados de la conferencia y de la creaci\u00f3n de una serie de recomendaciones dirigidas a las propias administraciones que han participado en Cassandra, como Naciones Unidas, la Comisi\u00f3n Europea y el Parlamento Europeo, el Banco Mundial y la OCDE.<\/p>\n<p>La resiliencia clim\u00e1tica implica una transformaci\u00f3n en clave socioecol\u00f3gica, que introduce una nueva forma de producir todo lo que necesitamos y de vivir, con un impacto mucho menor sobre el entorno medioambiental y los recursos. En este contexto, estamos convencidos del potencial de la innovaci\u00f3n tecnol\u00f3gica para proporcionar un apoyo eficaz a las decisiones para adaptar y mitigar los impactos del cambio clim\u00e1tico, adem\u00e1s de avanzar en otros muchos horizontes que hasta hace poco parec\u00edan muy lejanos.<\/p>\n<p>Un ejemplo de esta progresi\u00f3n es la compa\u00f1\u00eda <strong>Ephion Health<\/strong>, creada por Eurecat, el Hospital Sant Joan de D\u00e9u y The Collider y pionera en el uso de la inteligencia artificial para monitorizar la evoluci\u00f3n de pacientes con enfermedades que afectan a la movilidad. La capacidad de innovar de Ephion Health constituye una muestra de la efervescencia en materia de transformaci\u00f3n digital, que en las \u00faltimas semanas se ha plasmado en m\u00faltiples proyectos que se han podido ver en <strong>IHF World Hospital Congress y Smart Cities<\/strong>. Con motivo de esta \u00faltima feria, hemos recibido en Eurecat la visita del <strong>Ministro-Presidente de Flandes, Jan Jambon<\/strong>, acompa\u00f1ado de una nutrida representaci\u00f3n del ecosistema digital de la regi\u00f3n flamenca, que ha puesto de relieve todo el potencial de las tecnolog\u00edas emergentes en m\u00faltiples \u00e1mbitos.<\/p>\n<p>A nivel industrial, este mes de noviembre hemos presentado proyectos muy representativos de las nuevas tendencias en <strong>Composites Madrid y MetalMadrid,<\/strong> donde hemos mostrado avances en la fabricaci\u00f3n de marcos de ventanas de composite termopl\u00e1stico para reducir el peso de los aviones y el ensayo de una fuente alternativa de materias primas cr\u00edticas para aleaciones de aluminio para veh\u00edculos el\u00e9ctricos, respectivamente.<\/p>\n<p>Tambi\u00e9n os damos a conocer un v\u00eddeo que muestra un proyecto con <strong>Canmartex<\/strong> que establece un nuevo sistema de control de calidad total y predictivo con el objetivo de conseguir una productividad de textil de calidad y minimizar la producci\u00f3n defectuosa.<\/p>\n<p>Otras innovaciones que compartimos hablan de nuevos enfoques y de herramientas para impulsar la igualdad de g\u00e9nero y la diversidad en la movilidad inteligente, de la restauraci\u00f3n de la costa europea con soluciones basadas en la naturaleza, de nuevos proyectos en la industria cultural y media y de un nuevo modelo predictivo geoespacial desarrollado con <strong>FACSA<\/strong> que permite prevenir riesgos para la salud p\u00fablica a partir de las aguas residuales, entre otras novedades.<\/p>\n<p><strong>Xavier Torra<br \/>\n<\/strong><strong>Presidente de Eurecat<\/strong><\/p>\n","protected":false},"excerpt":{"rendered":"<p>Encontrar f\u00f3rmulas para acelerar el trabajo conjunto de los sectores privado y p\u00fablico, de la sociedad y de los cient\u00edficos para implementar soluciones a largo plazo orientadas a resolver los retos ambientales que afronta el Mediterr\u00e1neo ha sido una de las principales conclusiones de la conferencia internacional Cassandra, organizada desde Eurecat con la visi\u00f3n de  [&#8230;]<\/p>\n","protected":false},"author":20,"featured_media":117060,"comment_status":"closed","ping_status":"closed","sticky":false,"template":"","format":"standard","meta":{"footnotes":""},"categories":[133,2217],"tags":[],"class_list":["post-118606","post","type-post","status-publish","format-standard","has-post-thumbnail","hentry","category-blog","category-editorial"],"yoast_head":"<!-- This site is optimized with the Yoast SEO plugin v27.5 - https:\/\/yoast.com\/product\/yoast-seo-wordpress\/ -->\n<title>Innovaci\u00f3n frente a los desaf\u00edos globales - Eurecat<\/title>\n<meta name=\"description\" content=\"Encontrar f\u00f3rmulas para acelerar el trabajo conjunto de los sectores privado y p\u00fablico, de la sociedad y de los cient\u00edficos para implementar soluciones a largo plazo orientadas a resolver los retos ambientales que afronta el Mediterr\u00e1neo ha sido una de las principales conclusiones de la conferencia internacional Cassandra, organizada desde Eurecat con la visi\u00f3n de compartir una perspectiva transversal frente a algunos de los desaf\u00edos que nos afectan de forma muy cercana.\" \/>\n<meta name=\"robots\" content=\"index, follow, max-snippet:-1, max-image-preview:large, max-video-preview:-1\" \/>\n<link rel=\"canonical\" href=\"https:\/\/eurecat.org\/es\/editorial_innovacion-frente-a-los-desafios-globales\/\" \/>\n<meta property=\"og:locale\" content=\"es_ES\" \/>\n<meta property=\"og:type\" content=\"article\" \/>\n<meta property=\"og:title\" content=\"Innovaci\u00f3n frente a los desaf\u00edos globales - Eurecat\" \/>\n<meta property=\"og:description\" content=\"Encontrar f\u00f3rmulas para acelerar el trabajo conjunto de los sectores privado y p\u00fablico, de la sociedad y de los cient\u00edficos para implementar soluciones a largo plazo orientadas a resolver los retos ambientales que afronta el Mediterr\u00e1neo ha sido una de las principales conclusiones de la conferencia internacional Cassandra, organizada desde Eurecat con la visi\u00f3n de compartir una perspectiva transversal frente a algunos de los desaf\u00edos que nos afectan de forma muy cercana.\" \/>\n<meta property=\"og:url\" content=\"https:\/\/eurecat.org\/es\/editorial_innovacion-frente-a-los-desafios-globales\/\" \/>\n<meta property=\"og:site_name\" content=\"Eurecat\" \/>\n<meta property=\"article:published_time\" content=\"2021-11-25T12:17:22+00:00\" \/>\n<meta property=\"article:modified_time\" content=\"2021-11-25T12:23:55+00:00\" \/>\n<meta property=\"og:image\" content=\"https:\/\/eurecat.org\/wp-content\/uploads\/2021\/09\/Xavier_Torra_600-X-400.jpg\" \/>\n\t<meta property=\"og:image:width\" content=\"600\" \/>\n\t<meta property=\"og:image:height\" content=\"400\" \/>\n\t<meta property=\"og:image:type\" content=\"image\/jpeg\" \/>\n<meta name=\"author\" content=\"EurecatEQZ\" \/>\n<meta name=\"twitter:card\" content=\"summary_large_image\" \/>\n<meta name=\"twitter:label1\" content=\"Escrito por\" \/>\n\t<meta name=\"twitter:data1\" content=\"EurecatEQZ\" \/>\n\t<meta name=\"twitter:label2\" content=\"Tiempo de lectura\" \/>\n\t<meta name=\"twitter:data2\" content=\"3 minutos\" \/>\n<script type=\"application\/ld+json\" class=\"yoast-schema-graph\">{\"@context\":\"https:\\\/\\\/schema.org\",\"@graph\":[{\"@type\":\"Article\",\"@id\":\"https:\\\/\\\/eurecat.org\\\/es\\\/editorial_innovacion-frente-a-los-desafios-globales\\\/#article\",\"isPartOf\":{\"@id\":\"https:\\\/\\\/eurecat.org\\\/es\\\/editorial_innovacion-frente-a-los-desafios-globales\\\/\"},\"author\":{\"name\":\"EurecatEQZ\",\"@id\":\"https:\\\/\\\/eurecat.org\\\/es\\\/#\\\/schema\\\/person\\\/99d4d39712001e7621b6867b27b40bed\"},\"headline\":\"Innovaci\u00f3n frente a los desaf\u00edos globales\",\"datePublished\":\"2021-11-25T12:17:22+00:00\",\"dateModified\":\"2021-11-25T12:23:55+00:00\",\"mainEntityOfPage\":{\"@id\":\"https:\\\/\\\/eurecat.org\\\/es\\\/editorial_innovacion-frente-a-los-desafios-globales\\\/\"},\"wordCount\":569,\"image\":{\"@id\":\"https:\\\/\\\/eurecat.org\\\/es\\\/editorial_innovacion-frente-a-los-desafios-globales\\\/#primaryimage\"},\"thumbnailUrl\":\"https:\\\/\\\/eurecat.org\\\/wp-content\\\/uploads\\\/2021\\\/09\\\/Xavier_Torra_600-X-400.jpg\",\"articleSection\":[\"Blog\",\"Editorial\"],\"inLanguage\":\"es\"},{\"@type\":\"WebPage\",\"@id\":\"https:\\\/\\\/eurecat.org\\\/es\\\/editorial_innovacion-frente-a-los-desafios-globales\\\/\",\"url\":\"https:\\\/\\\/eurecat.org\\\/es\\\/editorial_innovacion-frente-a-los-desafios-globales\\\/\",\"name\":\"Innovaci\u00f3n frente a los desaf\u00edos globales - Eurecat\",\"isPartOf\":{\"@id\":\"https:\\\/\\\/eurecat.org\\\/es\\\/#website\"},\"primaryImageOfPage\":{\"@id\":\"https:\\\/\\\/eurecat.org\\\/es\\\/editorial_innovacion-frente-a-los-desafios-globales\\\/#primaryimage\"},\"image\":{\"@id\":\"https:\\\/\\\/eurecat.org\\\/es\\\/editorial_innovacion-frente-a-los-desafios-globales\\\/#primaryimage\"},\"thumbnailUrl\":\"https:\\\/\\\/eurecat.org\\\/wp-content\\\/uploads\\\/2021\\\/09\\\/Xavier_Torra_600-X-400.jpg\",\"datePublished\":\"2021-11-25T12:17:22+00:00\",\"dateModified\":\"2021-11-25T12:23:55+00:00\",\"author\":{\"@id\":\"https:\\\/\\\/eurecat.org\\\/es\\\/#\\\/schema\\\/person\\\/99d4d39712001e7621b6867b27b40bed\"},\"description\":\"Encontrar f\u00f3rmulas para acelerar el trabajo conjunto de los sectores privado y p\u00fablico, de la sociedad y de los cient\u00edficos para implementar soluciones a largo plazo orientadas a resolver los retos ambientales que afronta el Mediterr\u00e1neo ha sido una de las principales conclusiones de la conferencia internacional Cassandra, organizada desde Eurecat con la visi\u00f3n de compartir una perspectiva transversal frente a algunos de los desaf\u00edos que nos afectan de forma muy cercana.\",\"breadcrumb\":{\"@id\":\"https:\\\/\\\/eurecat.org\\\/es\\\/editorial_innovacion-frente-a-los-desafios-globales\\\/#breadcrumb\"},\"inLanguage\":\"es\",\"potentialAction\":[{\"@type\":\"ReadAction\",\"target\":[\"https:\\\/\\\/eurecat.org\\\/es\\\/editorial_innovacion-frente-a-los-desafios-globales\\\/\"]}]},{\"@type\":\"ImageObject\",\"inLanguage\":\"es\",\"@id\":\"https:\\\/\\\/eurecat.org\\\/es\\\/editorial_innovacion-frente-a-los-desafios-globales\\\/#primaryimage\",\"url\":\"https:\\\/\\\/eurecat.org\\\/wp-content\\\/uploads\\\/2021\\\/09\\\/Xavier_Torra_600-X-400.jpg\",\"contentUrl\":\"https:\\\/\\\/eurecat.org\\\/wp-content\\\/uploads\\\/2021\\\/09\\\/Xavier_Torra_600-X-400.jpg\",\"width\":600,\"height\":400},{\"@type\":\"BreadcrumbList\",\"@id\":\"https:\\\/\\\/eurecat.org\\\/es\\\/editorial_innovacion-frente-a-los-desafios-globales\\\/#breadcrumb\",\"itemListElement\":[{\"@type\":\"ListItem\",\"position\":1,\"name\":\"Inici\",\"item\":\"https:\\\/\\\/eurecat.org\\\/es\\\/\"},{\"@type\":\"ListItem\",\"position\":2,\"name\":\"Innovaci\u00f3n frente a los desaf\u00edos globales\"}]},{\"@type\":\"WebSite\",\"@id\":\"https:\\\/\\\/eurecat.org\\\/es\\\/#website\",\"url\":\"https:\\\/\\\/eurecat.org\\\/es\\\/\",\"name\":\"Eurecat\",\"description\":\"Otro sitio realizado con WordPress\",\"potentialAction\":[{\"@type\":\"SearchAction\",\"target\":{\"@type\":\"EntryPoint\",\"urlTemplate\":\"https:\\\/\\\/eurecat.org\\\/es\\\/?s={search_term_string}\"},\"query-input\":{\"@type\":\"PropertyValueSpecification\",\"valueRequired\":true,\"valueName\":\"search_term_string\"}}],\"inLanguage\":\"es\"},{\"@type\":\"Person\",\"@id\":\"https:\\\/\\\/eurecat.org\\\/es\\\/#\\\/schema\\\/person\\\/99d4d39712001e7621b6867b27b40bed\",\"name\":\"EurecatEQZ\",\"image\":{\"@type\":\"ImageObject\",\"inLanguage\":\"es\",\"@id\":\"https:\\\/\\\/secure.gravatar.com\\\/avatar\\\/6deb26ca61bcc34263c59cc62bb8b08ff90b67af7f99943babf5d86396845993?s=96&d=mm&r=g\",\"url\":\"https:\\\/\\\/secure.gravatar.com\\\/avatar\\\/6deb26ca61bcc34263c59cc62bb8b08ff90b67af7f99943babf5d86396845993?s=96&d=mm&r=g\",\"contentUrl\":\"https:\\\/\\\/secure.gravatar.com\\\/avatar\\\/6deb26ca61bcc34263c59cc62bb8b08ff90b67af7f99943babf5d86396845993?s=96&d=mm&r=g\",\"caption\":\"EurecatEQZ\"}}]}<\/script>\n<!-- \/ Yoast SEO plugin. -->","yoast_head_json":{"title":"Innovaci\u00f3n frente a los desaf\u00edos globales - Eurecat","description":"Encontrar f\u00f3rmulas para acelerar el trabajo conjunto de los sectores privado y p\u00fablico, de la sociedad y de los cient\u00edficos para implementar soluciones a largo plazo orientadas a resolver los retos ambientales que afronta el Mediterr\u00e1neo ha sido una de las principales conclusiones de la conferencia internacional Cassandra, organizada desde Eurecat con la visi\u00f3n de compartir una perspectiva transversal frente a algunos de los desaf\u00edos que nos afectan de forma muy cercana.","robots":{"index":"index","follow":"follow","max-snippet":"max-snippet:-1","max-image-preview":"max-image-preview:large","max-video-preview":"max-video-preview:-1"},"canonical":"https:\/\/eurecat.org\/es\/editorial_innovacion-frente-a-los-desafios-globales\/","og_locale":"es_ES","og_type":"article","og_title":"Innovaci\u00f3n frente a los desaf\u00edos globales - Eurecat","og_description":"Encontrar f\u00f3rmulas para acelerar el trabajo conjunto de los sectores privado y p\u00fablico, de la sociedad y de los cient\u00edficos para implementar soluciones a largo plazo orientadas a resolver los retos ambientales que afronta el Mediterr\u00e1neo ha sido una de las principales conclusiones de la conferencia internacional Cassandra, organizada desde Eurecat con la visi\u00f3n de compartir una perspectiva transversal frente a algunos de los desaf\u00edos que nos afectan de forma muy cercana.","og_url":"https:\/\/eurecat.org\/es\/editorial_innovacion-frente-a-los-desafios-globales\/","og_site_name":"Eurecat","article_published_time":"2021-11-25T12:17:22+00:00","article_modified_time":"2021-11-25T12:23:55+00:00","og_image":[{"width":600,"height":400,"url":"https:\/\/eurecat.org\/wp-content\/uploads\/2021\/09\/Xavier_Torra_600-X-400.jpg","type":"image\/jpeg"}],"author":"EurecatEQZ","twitter_card":"summary_large_image","twitter_misc":{"Escrito por":"EurecatEQZ","Tiempo de lectura":"3 minutos"},"schema":{"@context":"https:\/\/schema.org","@graph":[{"@type":"Article","@id":"https:\/\/eurecat.org\/es\/editorial_innovacion-frente-a-los-desafios-globales\/#article","isPartOf":{"@id":"https:\/\/eurecat.org\/es\/editorial_innovacion-frente-a-los-desafios-globales\/"},"author":{"name":"EurecatEQZ","@id":"https:\/\/eurecat.org\/es\/#\/schema\/person\/99d4d39712001e7621b6867b27b40bed"},"headline":"Innovaci\u00f3n frente a los desaf\u00edos globales","datePublished":"2021-11-25T12:17:22+00:00","dateModified":"2021-11-25T12:23:55+00:00","mainEntityOfPage":{"@id":"https:\/\/eurecat.org\/es\/editorial_innovacion-frente-a-los-desafios-globales\/"},"wordCount":569,"image":{"@id":"https:\/\/eurecat.org\/es\/editorial_innovacion-frente-a-los-desafios-globales\/#primaryimage"},"thumbnailUrl":"https:\/\/eurecat.org\/wp-content\/uploads\/2021\/09\/Xavier_Torra_600-X-400.jpg","articleSection":["Blog","Editorial"],"inLanguage":"es"},{"@type":"WebPage","@id":"https:\/\/eurecat.org\/es\/editorial_innovacion-frente-a-los-desafios-globales\/","url":"https:\/\/eurecat.org\/es\/editorial_innovacion-frente-a-los-desafios-globales\/","name":"Innovaci\u00f3n frente a los desaf\u00edos globales - Eurecat","isPartOf":{"@id":"https:\/\/eurecat.org\/es\/#website"},"primaryImageOfPage":{"@id":"https:\/\/eurecat.org\/es\/editorial_innovacion-frente-a-los-desafios-globales\/#primaryimage"},"image":{"@id":"https:\/\/eurecat.org\/es\/editorial_innovacion-frente-a-los-desafios-globales\/#primaryimage"},"thumbnailUrl":"https:\/\/eurecat.org\/wp-content\/uploads\/2021\/09\/Xavier_Torra_600-X-400.jpg","datePublished":"2021-11-25T12:17:22+00:00","dateModified":"2021-11-25T12:23:55+00:00","author":{"@id":"https:\/\/eurecat.org\/es\/#\/schema\/person\/99d4d39712001e7621b6867b27b40bed"},"description":"Encontrar f\u00f3rmulas para acelerar el trabajo conjunto de los sectores privado y p\u00fablico, de la sociedad y de los cient\u00edficos para implementar soluciones a largo plazo orientadas a resolver los retos ambientales que afronta el Mediterr\u00e1neo ha sido una de las principales conclusiones de la conferencia internacional Cassandra, organizada desde Eurecat con la visi\u00f3n de compartir una perspectiva transversal frente a algunos de los desaf\u00edos que nos afectan de forma muy cercana.","breadcrumb":{"@id":"https:\/\/eurecat.org\/es\/editorial_innovacion-frente-a-los-desafios-globales\/#breadcrumb"},"inLanguage":"es","potentialAction":[{"@type":"ReadAction","target":["https:\/\/eurecat.org\/es\/editorial_innovacion-frente-a-los-desafios-globales\/"]}]},{"@type":"ImageObject","inLanguage":"es","@id":"https:\/\/eurecat.org\/es\/editorial_innovacion-frente-a-los-desafios-globales\/#primaryimage","url":"https:\/\/eurecat.org\/wp-content\/uploads\/2021\/09\/Xavier_Torra_600-X-400.jpg","contentUrl":"https:\/\/eurecat.org\/wp-content\/uploads\/2021\/09\/Xavier_Torra_600-X-400.jpg","width":600,"height":400},{"@type":"BreadcrumbList","@id":"https:\/\/eurecat.org\/es\/editorial_innovacion-frente-a-los-desafios-globales\/#breadcrumb","itemListElement":[{"@type":"ListItem","position":1,"name":"Inici","item":"https:\/\/eurecat.org\/es\/"},{"@type":"ListItem","position":2,"name":"Innovaci\u00f3n frente a los desaf\u00edos globales"}]},{"@type":"WebSite","@id":"https:\/\/eurecat.org\/es\/#website","url":"https:\/\/eurecat.org\/es\/","name":"Eurecat","description":"Otro sitio realizado con WordPress","potentialAction":[{"@type":"SearchAction","target":{"@type":"EntryPoint","urlTemplate":"https:\/\/eurecat.org\/es\/?s={search_term_string}"},"query-input":{"@type":"PropertyValueSpecification","valueRequired":true,"valueName":"search_term_string"}}],"inLanguage":"es"},{"@type":"Person","@id":"https:\/\/eurecat.org\/es\/#\/schema\/person\/99d4d39712001e7621b6867b27b40bed","name":"EurecatEQZ","image":{"@type":"ImageObject","inLanguage":"es","@id":"https:\/\/secure.gravatar.com\/avatar\/6deb26ca61bcc34263c59cc62bb8b08ff90b67af7f99943babf5d86396845993?s=96&d=mm&r=g","url":"https:\/\/secure.gravatar.com\/avatar\/6deb26ca61bcc34263c59cc62bb8b08ff90b67af7f99943babf5d86396845993?s=96&d=mm&r=g","contentUrl":"https:\/\/secure.gravatar.com\/avatar\/6deb26ca61bcc34263c59cc62bb8b08ff90b67af7f99943babf5d86396845993?s=96&d=mm&r=g","caption":"EurecatEQZ"}}]}},"_links":{"self":[{"href":"https:\/\/eurecat.org\/es\/wp-json\/wp\/v2\/posts\/118606","targetHints":{"allow":["GET"]}}],"collection":[{"href":"https:\/\/eurecat.org\/es\/wp-json\/wp\/v2\/posts"}],"about":[{"href":"https:\/\/eurecat.org\/es\/wp-json\/wp\/v2\/types\/post"}],"author":[{"embeddable":true,"href":"https:\/\/eurecat.org\/es\/wp-json\/wp\/v2\/users\/20"}],"replies":[{"embeddable":true,"href":"https:\/\/eurecat.org\/es\/wp-json\/wp\/v2\/comments?post=118606"}],"version-history":[{"count":0,"href":"https:\/\/eurecat.org\/es\/wp-json\/wp\/v2\/posts\/118606\/revisions"}],"wp:featuredmedia":[{"embeddable":true,"href":"https:\/\/eurecat.org\/es\/wp-json\/wp\/v2\/media\/117060"}],"wp:attachment":[{"href":"https:\/\/eurecat.org\/es\/wp-json\/wp\/v2\/media?parent=118606"}],"wp:term":[{"taxonomy":"category","embeddable":true,"href":"https:\/\/eurecat.org\/es\/wp-json\/wp\/v2\/categories?post=118606"},{"taxonomy":"post_tag","embeddable":true,"href":"https:\/\/eurecat.org\/es\/wp-json\/wp\/v2\/tags?post=118606"}],"curies":[{"name":"wp","href":"https:\/\/api.w.org\/{rel}","templated":true}]}}