{"id":118673,"date":"2021-11-26T14:36:51","date_gmt":"2021-11-26T13:36:51","guid":{"rendered":"https:\/\/eurecat.org\/?p=118673"},"modified":"2021-11-29T12:57:34","modified_gmt":"2021-11-29T11:57:34","slug":"principales-organizaciones-productoras-avellana-asociacion","status":"publish","type":"post","link":"https:\/\/eurecat.org\/es\/principales-organizaciones-productoras-avellana-asociacion\/","title":{"rendered":"Las principales organizaciones productoras de avellana se organizan en una asociaci\u00f3n"},"content":{"rendered":"<p>La Asociaci\u00f3n de Organizaciones de Productores de Avellana (AOPA) se ha constituido este viernes por parte de seis organizaciones de productores de frutas y hortalizas reconocidas por la avellana, en un acto celebrado en el Palau Bofarull, en Reus, con el fin de \u201cpermitir dotar al sector de la avellana de recursos para promover la investigaci\u00f3n, la promoci\u00f3n y la mejora de la calidad del producto y la rentabilidad de las explotaciones\u201d, se\u00f1ala el director de la Oficina T\u00e9cnica de la Avellana y t\u00e9cnico del Departamento de Innovaci\u00f3n Tur\u00edstica de <a href=\"http:\/\/eurecat.org\/es\/\">Eurecat<\/a>, Jaume Salvat.<\/p>\n<p>En este sentido, \u201cla asociaci\u00f3n nace a partir de la unidad del sector y de una estrategia compartida\u201d y \u201ctiene que servir para reforzar y asegurar el futuro de la avellana\u201d, como afirma Miquel Borras, en representaci\u00f3n del presidente de la Asociaci\u00f3n de Organizaciones de Productores de Avellana.<\/p>\n<p>Su creaci\u00f3n, adem\u00e1s, permitir\u00e1 solicitar el reconocimiento de la Circunscripci\u00f3n Econ\u00f3mica de Catalunya, como destaca el director General de Empresas Agroalimentarias, Calidad y Gastronom\u00eda, Joan G\u00f2dia, quien apunta que \u201cdada su representatividad, podr\u00e1 solicitar la extensi\u00f3n de normas en diversos temas que inciden en la mejora de la competitividad del sector: notificaci\u00f3n de la producci\u00f3n, normas de producci\u00f3n y comercializaci\u00f3n m\u00e1s estrictas que las ya establecidas, investigaci\u00f3n, promoci\u00f3n, entre otras\u201d.<\/p>\n<p>La Junta de la asociaci\u00f3n AOPA, formada per las organizaciones fundadoras, cuenta con Antonio Pont de Crisol, de Frutos Secos, como presidente; Ram\u00f3n Fortuny, de Uni\u00f3 Nuts, como vicepresidente; Ricardo Segura, de Coselva, como secretario; Josep M. Garriga, de la Avellanera y Secci\u00f3n de Cr\u00e9dito, como tesorero, y con Joan Roque, de Agroalmendra, y Josep Just, de Arboreto, como vocales.<\/p>\n<p>Les han acompa\u00f1ado en el acto de constituci\u00f3n, el diputado delegado de Medio Ambiente, Salud P\u00fablica y Territorio de la Diputaci\u00f3 de Tarragona, Josep Forast\u00e9; el alcalde de Reus, Carles Pellicer; la regidora de Promoci\u00f3n de Ciudad y Relaciones C\u00edvicas del Ayuntamiento de Reus, Montserrat Caelles; el regidor de Empresa y Ocupaci\u00f3n del Ayuntamiento de Reus, Carles Prats; Miquel Borras, en representaci\u00f3n de la C\u00e1mara y la Llotja de Reus; la presidenta de la DOP Avellana de Reus, Ester Gomis; la gerente en Tarragona de Eurecat, \u00c0urea Rodr\u00edguez; los sindicatos agrarios, as\u00ed como las principales organizaciones y agentes del sector de la avellana.<\/p>\n<p>En el acto, el diputado delegado de Medio Ambiente, Salud P\u00fablica y Territorio de la Diputaci\u00f3 de Tarragona, Josep Forast\u00e9, ha destacado que como instituci\u00f3n enraizada en el territorio \u201cnos sentimos c\u00f3mplices de todas aquellas iniciativas que reviertan en la mejora y el progreso socioecon\u00f3mico de nuestras comarcas\u201d i ha a\u00f1adido que \u201csumamos esfuerzos para potenciar nuestros productos agroalimentarios y todo lo que se deriva de ellos\u201d.<\/p>\n<p>\u201cDesde Reus, este es un gran paso en la reafirmaci\u00f3n de nuestro compromiso con un sector fundamental de la econom\u00eda productiva del territorio, que tiene que aprovechar el inter\u00e9s por los productos de proximidad para posicionarse como marca de calidad y origen\u201d, se\u00f1ala el alcalde de Reus, Carles Pellicer.<\/p>\n<h2>La Asociaci\u00f3n de Organizaciones de Productores de Avellana<\/h2>\n<p>Desde su sede ubicada en Reus, compartiendo espacio con la DOP Avellana de Reus, la AOPA tendr\u00e1 el conjunto del Estado como \u00e1mbito de actuaci\u00f3n de sus actividades, que prev\u00e9 iniciar en enero.<\/p>\n<p>Realizar actividades y acciones para la promoci\u00f3n de la avellana en general y para el fomento de su consumo es uno de los objetivos en los cuales trabajar\u00e1 la asociaci\u00f3n, adem\u00e1s de mejorar el conocimiento de este fruto seco tambi\u00e9n des del punto de vista de sus atributos organol\u00e9pticos y como contribuye a la salud de las personas.<\/p>\n<p>Sus actuaciones se centrar\u00e1n tambi\u00e9n en promover y participar en la investigaci\u00f3n para la mejora de la calidad de la avellana, las t\u00e9cnicas de conreo, la productividad de las explotaciones y la viabilidad del conreo. As\u00ed como tambi\u00e9n, en establecer condiciones de producci\u00f3n para el conjunto del sector.<\/p>\n<p>La constituci\u00f3n de la AOPA es resultado del trabajo de la Mesa de la avellana en la que participan de forma transversal los principales actores del sector y de la administraci\u00f3n, y responde a las acciones propuestas por el Plan estrat\u00e9gico para la valorizaci\u00f3n de la Avellana impulsado por el Departamento de Acci\u00f3n Clim\u00e1tica, Alimentaci\u00f3n y Agenda Rural, activadas por la Oficina T\u00e9cnica de la Avellana, que gestiona el centro tecnol\u00f3gico Eurecat.<\/p>\n","protected":false},"excerpt":{"rendered":"<p>La Asociaci\u00f3n de Organizaciones de Productores de Avellana (AOPA) se ha constituido este viernes por parte de seis organizaciones de productores de frutas y hortalizas reconocidas por la avellana, en un acto celebrado en el Palau Bofarull, en Reus, con el fin de \u201cpermitir dotar al sector de la avellana de recursos para promover la  [&#8230;]<\/p>\n","protected":false},"author":27,"featured_media":118670,"comment_status":"open","ping_status":"closed","sticky":false,"template":"","format":"standard","meta":{"footnotes":""},"categories":[1905,2253,134,2254],"tags":[],"class_list":["post-118673","post","type-post","status-publish","format-standard","has-post-thumbnail","hentry","category-alimentacion","category-innovacio-turistica-es","category-notas-de-prensa","category-turismo-es"],"yoast_head":"<!-- This site is optimized with the Yoast SEO plugin v27.4 - https:\/\/yoast.com\/product\/yoast-seo-wordpress\/ -->\n<title>Las principales organizaciones productoras de avellana se organizan en una asociaci\u00f3n<\/title>\n<meta name=\"description\" content=\"La Asociaci\u00f3n de Organizaciones de Productores de Avellana (AOPA) se ha constituido este viernes por parte de seis organizaciones\" \/>\n<meta name=\"robots\" content=\"index, follow, max-snippet:-1, max-image-preview:large, max-video-preview:-1\" \/>\n<link rel=\"canonical\" href=\"https:\/\/eurecat.org\/es\/principales-organizaciones-productoras-avellana-asociacion\/\" \/>\n<meta property=\"og:locale\" content=\"es_ES\" \/>\n<meta property=\"og:type\" content=\"article\" \/>\n<meta property=\"og:title\" content=\"Las principales organizaciones productoras de avellana se organizan en una asociaci\u00f3n\" \/>\n<meta property=\"og:description\" content=\"La Asociaci\u00f3n de Organizaciones de Productores de Avellana (AOPA) se ha constituido este viernes por parte de seis organizaciones\" \/>\n<meta property=\"og:url\" content=\"https:\/\/eurecat.org\/es\/principales-organizaciones-productoras-avellana-asociacion\/\" \/>\n<meta property=\"og:site_name\" content=\"Eurecat\" \/>\n<meta property=\"article:published_time\" content=\"2021-11-26T13:36:51+00:00\" \/>\n<meta property=\"article:modified_time\" content=\"2021-11-29T11:57:34+00:00\" \/>\n<meta property=\"og:image\" content=\"https:\/\/eurecat.org\/wp-content\/uploads\/2021\/11\/Eurecat_AOPA_930x515px.jpg\" \/>\n\t<meta property=\"og:image:width\" content=\"930\" \/>\n\t<meta property=\"og:image:height\" content=\"515\" \/>\n\t<meta property=\"og:image:type\" content=\"image\/jpeg\" \/>\n<meta name=\"author\" content=\"eurecatNG\" \/>\n<meta name=\"twitter:card\" content=\"summary_large_image\" \/>\n<meta name=\"twitter:label1\" content=\"Escrito por\" \/>\n\t<meta name=\"twitter:data1\" content=\"eurecatNG\" \/>\n\t<meta name=\"twitter:label2\" content=\"Tiempo de lectura\" \/>\n\t<meta name=\"twitter:data2\" content=\"4 minutos\" \/>\n<script type=\"application\/ld+json\" class=\"yoast-schema-graph\">{\"@context\":\"https:\\\/\\\/schema.org\",\"@graph\":[{\"@type\":\"Article\",\"@id\":\"https:\\\/\\\/eurecat.org\\\/es\\\/principales-organizaciones-productoras-avellana-asociacion\\\/#article\",\"isPartOf\":{\"@id\":\"https:\\\/\\\/eurecat.org\\\/es\\\/principales-organizaciones-productoras-avellana-asociacion\\\/\"},\"author\":{\"name\":\"eurecatNG\",\"@id\":\"https:\\\/\\\/eurecat.org\\\/es\\\/#\\\/schema\\\/person\\\/8342992d6929ad043b305d3cac68b3f4\"},\"headline\":\"Las principales organizaciones productoras de avellana se organizan en una asociaci\u00f3n\",\"datePublished\":\"2021-11-26T13:36:51+00:00\",\"dateModified\":\"2021-11-29T11:57:34+00:00\",\"mainEntityOfPage\":{\"@id\":\"https:\\\/\\\/eurecat.org\\\/es\\\/principales-organizaciones-productoras-avellana-asociacion\\\/\"},\"wordCount\":790,\"commentCount\":0,\"image\":{\"@id\":\"https:\\\/\\\/eurecat.org\\\/es\\\/principales-organizaciones-productoras-avellana-asociacion\\\/#primaryimage\"},\"thumbnailUrl\":\"https:\\\/\\\/eurecat.org\\\/wp-content\\\/uploads\\\/2021\\\/11\\\/Eurecat_AOPA_930x515px.jpg\",\"articleSection\":[\"Alimentaci\u00f3n\",\"Innovaci\u00f3 tur\u00edstica\",\"Notas de prensa\",\"Turismo\"],\"inLanguage\":\"es\",\"potentialAction\":[{\"@type\":\"CommentAction\",\"name\":\"Comment\",\"target\":[\"https:\\\/\\\/eurecat.org\\\/es\\\/principales-organizaciones-productoras-avellana-asociacion\\\/#respond\"]}]},{\"@type\":\"WebPage\",\"@id\":\"https:\\\/\\\/eurecat.org\\\/es\\\/principales-organizaciones-productoras-avellana-asociacion\\\/\",\"url\":\"https:\\\/\\\/eurecat.org\\\/es\\\/principales-organizaciones-productoras-avellana-asociacion\\\/\",\"name\":\"Las principales organizaciones productoras de avellana se organizan en una asociaci\u00f3n\",\"isPartOf\":{\"@id\":\"https:\\\/\\\/eurecat.org\\\/es\\\/#website\"},\"primaryImageOfPage\":{\"@id\":\"https:\\\/\\\/eurecat.org\\\/es\\\/principales-organizaciones-productoras-avellana-asociacion\\\/#primaryimage\"},\"image\":{\"@id\":\"https:\\\/\\\/eurecat.org\\\/es\\\/principales-organizaciones-productoras-avellana-asociacion\\\/#primaryimage\"},\"thumbnailUrl\":\"https:\\\/\\\/eurecat.org\\\/wp-content\\\/uploads\\\/2021\\\/11\\\/Eurecat_AOPA_930x515px.jpg\",\"datePublished\":\"2021-11-26T13:36:51+00:00\",\"dateModified\":\"2021-11-29T11:57:34+00:00\",\"author\":{\"@id\":\"https:\\\/\\\/eurecat.org\\\/es\\\/#\\\/schema\\\/person\\\/8342992d6929ad043b305d3cac68b3f4\"},\"description\":\"La Asociaci\u00f3n de Organizaciones de Productores de Avellana (AOPA) se ha constituido este viernes por parte de seis organizaciones\",\"breadcrumb\":{\"@id\":\"https:\\\/\\\/eurecat.org\\\/es\\\/principales-organizaciones-productoras-avellana-asociacion\\\/#breadcrumb\"},\"inLanguage\":\"es\",\"potentialAction\":[{\"@type\":\"ReadAction\",\"target\":[\"https:\\\/\\\/eurecat.org\\\/es\\\/principales-organizaciones-productoras-avellana-asociacion\\\/\"]}]},{\"@type\":\"ImageObject\",\"inLanguage\":\"es\",\"@id\":\"https:\\\/\\\/eurecat.org\\\/es\\\/principales-organizaciones-productoras-avellana-asociacion\\\/#primaryimage\",\"url\":\"https:\\\/\\\/eurecat.org\\\/wp-content\\\/uploads\\\/2021\\\/11\\\/Eurecat_AOPA_930x515px.jpg\",\"contentUrl\":\"https:\\\/\\\/eurecat.org\\\/wp-content\\\/uploads\\\/2021\\\/11\\\/Eurecat_AOPA_930x515px.jpg\",\"width\":930,\"height\":515,\"caption\":\"Eurecat AOPA avellana\"},{\"@type\":\"BreadcrumbList\",\"@id\":\"https:\\\/\\\/eurecat.org\\\/es\\\/principales-organizaciones-productoras-avellana-asociacion\\\/#breadcrumb\",\"itemListElement\":[{\"@type\":\"ListItem\",\"position\":1,\"name\":\"Inici\",\"item\":\"https:\\\/\\\/eurecat.org\\\/es\\\/\"},{\"@type\":\"ListItem\",\"position\":2,\"name\":\"Las principales organizaciones productoras de avellana se organizan en una asociaci\u00f3n\"}]},{\"@type\":\"WebSite\",\"@id\":\"https:\\\/\\\/eurecat.org\\\/es\\\/#website\",\"url\":\"https:\\\/\\\/eurecat.org\\\/es\\\/\",\"name\":\"Eurecat\",\"description\":\"Otro sitio realizado con WordPress\",\"potentialAction\":[{\"@type\":\"SearchAction\",\"target\":{\"@type\":\"EntryPoint\",\"urlTemplate\":\"https:\\\/\\\/eurecat.org\\\/es\\\/?s={search_term_string}\"},\"query-input\":{\"@type\":\"PropertyValueSpecification\",\"valueRequired\":true,\"valueName\":\"search_term_string\"}}],\"inLanguage\":\"es\"},{\"@type\":\"Person\",\"@id\":\"https:\\\/\\\/eurecat.org\\\/es\\\/#\\\/schema\\\/person\\\/8342992d6929ad043b305d3cac68b3f4\",\"name\":\"eurecatNG\",\"image\":{\"@type\":\"ImageObject\",\"inLanguage\":\"es\",\"@id\":\"https:\\\/\\\/secure.gravatar.com\\\/avatar\\\/63200cb70ae4f15a0f673050f36df149dba802bea7614e8f838aaccfcf8ea11d?s=96&d=mm&r=g\",\"url\":\"https:\\\/\\\/secure.gravatar.com\\\/avatar\\\/63200cb70ae4f15a0f673050f36df149dba802bea7614e8f838aaccfcf8ea11d?s=96&d=mm&r=g\",\"contentUrl\":\"https:\\\/\\\/secure.gravatar.com\\\/avatar\\\/63200cb70ae4f15a0f673050f36df149dba802bea7614e8f838aaccfcf8ea11d?s=96&d=mm&r=g\",\"caption\":\"eurecatNG\"}}]}<\/script>\n<!-- \/ Yoast SEO plugin. -->","yoast_head_json":{"title":"Las principales organizaciones productoras de avellana se organizan en una asociaci\u00f3n","description":"La Asociaci\u00f3n de Organizaciones de Productores de Avellana (AOPA) se ha constituido este viernes por parte de seis organizaciones","robots":{"index":"index","follow":"follow","max-snippet":"max-snippet:-1","max-image-preview":"max-image-preview:large","max-video-preview":"max-video-preview:-1"},"canonical":"https:\/\/eurecat.org\/es\/principales-organizaciones-productoras-avellana-asociacion\/","og_locale":"es_ES","og_type":"article","og_title":"Las principales organizaciones productoras de avellana se organizan en una asociaci\u00f3n","og_description":"La Asociaci\u00f3n de Organizaciones de Productores de Avellana (AOPA) se ha constituido este viernes por parte de seis organizaciones","og_url":"https:\/\/eurecat.org\/es\/principales-organizaciones-productoras-avellana-asociacion\/","og_site_name":"Eurecat","article_published_time":"2021-11-26T13:36:51+00:00","article_modified_time":"2021-11-29T11:57:34+00:00","og_image":[{"width":930,"height":515,"url":"https:\/\/eurecat.org\/wp-content\/uploads\/2021\/11\/Eurecat_AOPA_930x515px.jpg","type":"image\/jpeg"}],"author":"eurecatNG","twitter_card":"summary_large_image","twitter_misc":{"Escrito por":"eurecatNG","Tiempo de lectura":"4 minutos"},"schema":{"@context":"https:\/\/schema.org","@graph":[{"@type":"Article","@id":"https:\/\/eurecat.org\/es\/principales-organizaciones-productoras-avellana-asociacion\/#article","isPartOf":{"@id":"https:\/\/eurecat.org\/es\/principales-organizaciones-productoras-avellana-asociacion\/"},"author":{"name":"eurecatNG","@id":"https:\/\/eurecat.org\/es\/#\/schema\/person\/8342992d6929ad043b305d3cac68b3f4"},"headline":"Las principales organizaciones productoras de avellana se organizan en una asociaci\u00f3n","datePublished":"2021-11-26T13:36:51+00:00","dateModified":"2021-11-29T11:57:34+00:00","mainEntityOfPage":{"@id":"https:\/\/eurecat.org\/es\/principales-organizaciones-productoras-avellana-asociacion\/"},"wordCount":790,"commentCount":0,"image":{"@id":"https:\/\/eurecat.org\/es\/principales-organizaciones-productoras-avellana-asociacion\/#primaryimage"},"thumbnailUrl":"https:\/\/eurecat.org\/wp-content\/uploads\/2021\/11\/Eurecat_AOPA_930x515px.jpg","articleSection":["Alimentaci\u00f3n","Innovaci\u00f3 tur\u00edstica","Notas de prensa","Turismo"],"inLanguage":"es","potentialAction":[{"@type":"CommentAction","name":"Comment","target":["https:\/\/eurecat.org\/es\/principales-organizaciones-productoras-avellana-asociacion\/#respond"]}]},{"@type":"WebPage","@id":"https:\/\/eurecat.org\/es\/principales-organizaciones-productoras-avellana-asociacion\/","url":"https:\/\/eurecat.org\/es\/principales-organizaciones-productoras-avellana-asociacion\/","name":"Las principales organizaciones productoras de avellana se organizan en una asociaci\u00f3n","isPartOf":{"@id":"https:\/\/eurecat.org\/es\/#website"},"primaryImageOfPage":{"@id":"https:\/\/eurecat.org\/es\/principales-organizaciones-productoras-avellana-asociacion\/#primaryimage"},"image":{"@id":"https:\/\/eurecat.org\/es\/principales-organizaciones-productoras-avellana-asociacion\/#primaryimage"},"thumbnailUrl":"https:\/\/eurecat.org\/wp-content\/uploads\/2021\/11\/Eurecat_AOPA_930x515px.jpg","datePublished":"2021-11-26T13:36:51+00:00","dateModified":"2021-11-29T11:57:34+00:00","author":{"@id":"https:\/\/eurecat.org\/es\/#\/schema\/person\/8342992d6929ad043b305d3cac68b3f4"},"description":"La Asociaci\u00f3n de Organizaciones de Productores de Avellana (AOPA) se ha constituido este viernes por parte de seis organizaciones","breadcrumb":{"@id":"https:\/\/eurecat.org\/es\/principales-organizaciones-productoras-avellana-asociacion\/#breadcrumb"},"inLanguage":"es","potentialAction":[{"@type":"ReadAction","target":["https:\/\/eurecat.org\/es\/principales-organizaciones-productoras-avellana-asociacion\/"]}]},{"@type":"ImageObject","inLanguage":"es","@id":"https:\/\/eurecat.org\/es\/principales-organizaciones-productoras-avellana-asociacion\/#primaryimage","url":"https:\/\/eurecat.org\/wp-content\/uploads\/2021\/11\/Eurecat_AOPA_930x515px.jpg","contentUrl":"https:\/\/eurecat.org\/wp-content\/uploads\/2021\/11\/Eurecat_AOPA_930x515px.jpg","width":930,"height":515,"caption":"Eurecat AOPA avellana"},{"@type":"BreadcrumbList","@id":"https:\/\/eurecat.org\/es\/principales-organizaciones-productoras-avellana-asociacion\/#breadcrumb","itemListElement":[{"@type":"ListItem","position":1,"name":"Inici","item":"https:\/\/eurecat.org\/es\/"},{"@type":"ListItem","position":2,"name":"Las principales organizaciones productoras de avellana se organizan en una asociaci\u00f3n"}]},{"@type":"WebSite","@id":"https:\/\/eurecat.org\/es\/#website","url":"https:\/\/eurecat.org\/es\/","name":"Eurecat","description":"Otro sitio realizado con WordPress","potentialAction":[{"@type":"SearchAction","target":{"@type":"EntryPoint","urlTemplate":"https:\/\/eurecat.org\/es\/?s={search_term_string}"},"query-input":{"@type":"PropertyValueSpecification","valueRequired":true,"valueName":"search_term_string"}}],"inLanguage":"es"},{"@type":"Person","@id":"https:\/\/eurecat.org\/es\/#\/schema\/person\/8342992d6929ad043b305d3cac68b3f4","name":"eurecatNG","image":{"@type":"ImageObject","inLanguage":"es","@id":"https:\/\/secure.gravatar.com\/avatar\/63200cb70ae4f15a0f673050f36df149dba802bea7614e8f838aaccfcf8ea11d?s=96&d=mm&r=g","url":"https:\/\/secure.gravatar.com\/avatar\/63200cb70ae4f15a0f673050f36df149dba802bea7614e8f838aaccfcf8ea11d?s=96&d=mm&r=g","contentUrl":"https:\/\/secure.gravatar.com\/avatar\/63200cb70ae4f15a0f673050f36df149dba802bea7614e8f838aaccfcf8ea11d?s=96&d=mm&r=g","caption":"eurecatNG"}}]}},"_links":{"self":[{"href":"https:\/\/eurecat.org\/es\/wp-json\/wp\/v2\/posts\/118673","targetHints":{"allow":["GET"]}}],"collection":[{"href":"https:\/\/eurecat.org\/es\/wp-json\/wp\/v2\/posts"}],"about":[{"href":"https:\/\/eurecat.org\/es\/wp-json\/wp\/v2\/types\/post"}],"author":[{"embeddable":true,"href":"https:\/\/eurecat.org\/es\/wp-json\/wp\/v2\/users\/27"}],"replies":[{"embeddable":true,"href":"https:\/\/eurecat.org\/es\/wp-json\/wp\/v2\/comments?post=118673"}],"version-history":[{"count":0,"href":"https:\/\/eurecat.org\/es\/wp-json\/wp\/v2\/posts\/118673\/revisions"}],"wp:featuredmedia":[{"embeddable":true,"href":"https:\/\/eurecat.org\/es\/wp-json\/wp\/v2\/media\/118670"}],"wp:attachment":[{"href":"https:\/\/eurecat.org\/es\/wp-json\/wp\/v2\/media?parent=118673"}],"wp:term":[{"taxonomy":"category","embeddable":true,"href":"https:\/\/eurecat.org\/es\/wp-json\/wp\/v2\/categories?post=118673"},{"taxonomy":"post_tag","embeddable":true,"href":"https:\/\/eurecat.org\/es\/wp-json\/wp\/v2\/tags?post=118673"}],"curies":[{"name":"wp","href":"https:\/\/api.w.org\/{rel}","templated":true}]}}