{"id":118818,"date":"2021-12-03T12:48:23","date_gmt":"2021-12-03T11:48:23","guid":{"rendered":"https:\/\/eurecat.org\/?p=118818"},"modified":"2021-12-03T12:49:54","modified_gmt":"2021-12-03T11:49:54","slug":"impulso-a-la-innovacion-en-el-sector-de-las-industrias-culturales-y-creativas","status":"publish","type":"post","link":"https:\/\/eurecat.org\/es\/impulso-a-la-innovacion-en-el-sector-de-las-industrias-culturales-y-creativas\/","title":{"rendered":"Impulso a la innovaci\u00f3n en el sector de las industrias culturales y creativas"},"content":{"rendered":"<p>La <a href=\"https:\/\/comunitatmedia.cat\/\">Comunidad RIS3CAT Media<\/a>, coordinada por el centro tecnol\u00f3gico Eurecat, ha celebrado su segunda asamblea general, para poner en com\u00fan los avances en los proyectos que est\u00e1n desarrollando con el objetivo de contribuir al impulso y al cambio del sector de las industrias culturales y creativas y a posicionar Catalu\u00f1a como referente a nivel internacional.<\/p>\n<p>En concreto, la Comunidad RIS3CAT Media, que integra a 34 empresas y agentes de I+D+i, desarrolla ocho proyectos de innovaci\u00f3n tecnol\u00f3gica que suman una inversi\u00f3n de 13,6 millones de euros y abarcan desde nuevas experiencias en los museos e innovaciones en los procesos de aprendizaje hasta nuevas soluciones en el \u00e1mbito de la m\u00fasica en streaming y la recomendaci\u00f3n de contenidos. Tambi\u00e9n incluyen experiencias inmersivas e interactivas y el desarrollo de nuevos formatos en el emprendimiento y la incubaci\u00f3n de empresas.<\/p>\n<p><strong>Ocho proyectos punteros de I+D+i<\/strong><\/p>\n<p>El proyecto PICAE (Publicaci\u00f3n Inteligente de Contenidos Audiovisuales y Editoriales) estudia modelos innovadores de recomendaci\u00f3n de contenidos audiovisuales y editoriales con un doble objetivo: mejorar la experiencia de usuario basada en su perfil y su entorno y, por tanto, su satisfacci\u00f3n y fidelizaci\u00f3n, as\u00ed como tambi\u00e9n mejorar el \u00edndice de consumo digital de estos contenidos, en base a identificar los productos que demandan estas nuevas formas de consumo y c\u00f3mo se han de producir, distribuir y promocionar para responder a las necesidades de este mercado emergente.<\/p>\n<p>El proyecto ViVIM (Visi\u00f3n por computador por V\u00eddeo Inmersivo Multi-plataforma) crea un nuevo formato audiovisual basado en v\u00eddeo omnidireccional. Este nuevo formato ofrece a los usuarios finales una experiencia audiovisual coherente en dispositivos de realidad virtual, tabletas y el televisor tradicional, en lugar de dividir su atenci\u00f3n entre ellos. Este nuevo tipo de contenido se integrar\u00e1, y aumentar\u00e1, la televisi\u00f3n tradicional y la cada vez m\u00e1s habitual segunda pantalla como las tabletas y los m\u00f3viles.<\/p>\n<p>Por su parte, MIRONINS desarrolla una plataforma que permita experiencias de realidad aumentada e interactiva para crear un nuevo entorno digital dentro de la Fundaci\u00f3n Joan Mir\u00f3, donde los Mironins, unas peque\u00f1as gotas de pintura que viven dentro de los cuadros de Joan Mir\u00f3, ayuden a los ni\u00f1os a introducirse en el mundo del arte y a desarrollar sus capacidades art\u00edsticas mientras se divierten.<\/p>\n<p>El proyecto nanoMOOCs incorpora en una misma plataforma de aprendizaje en l\u00ednea, basada en software abierto, herramientas de gamificaci\u00f3n y personalizaci\u00f3n del contenido para incentivar a los alumnos a seguir un itinerario formativo, as\u00ed como la evaluaci\u00f3n automatizada de competencias.<\/p>\n<p>IDENTI@RT desarrolla una plataforma distribuida y descentralizada que permitir\u00e1 a los artistas, creadores y dise\u00f1adores registrar su obra en soporte digital garantizando la originalidad, la integridad y sus derechos de forma segura y eficaz, manteniendo al mismo tiempo un registro de las transacciones asociadas a esta.<\/p>\n<p>Engagement desarrolla tecnolog\u00edas que fomenten la interacci\u00f3n con los p\u00fablicos de los contenidos exhibidos en los museos, enriquecidos a partir del an\u00e1lisis de datos que generan sus visitas y ofreciendo nuevas lecturas y experiencias.<\/p>\n<p>Impulsar un sistema de gesti\u00f3n destinado a reforzar los procesos de innovaci\u00f3n y organizaci\u00f3n de los agentes de la educaci\u00f3n y la cultura que permita desarrollar nuevas iniciativas pedag\u00f3gicas de car\u00e1cter empresarial o institucional es el objetivo del proyecto EDvidence.<\/p>\n<p>ZINKCAT desarrolla un nuevo protocolo para dise\u00f1adores y agencias de marketing que les permitir\u00e1 establecer las bases conceptuales para crear dise\u00f1o conectado y mejorar la experiencia del usuario.<\/p>\n<p>Cofinanciada por ACCI\u00d3, la Comunidad RIS3CAT Media es una de las 13 Comunidades RIS3CAT acreditadas por ACCI\u00d3, una estrategia que en el periodo 2014-2020 ha contado con un presupuesto total de 53 millones de euros, unas ayudas gestionadas por ACCI\u00d3 y parte de las cuales provienen del Fondo Europeo de Desarrollo Regional (FEDER) de la Uni\u00f3n Europea. Una Comunidad RIS3CAT es una asociaci\u00f3n sectorial p\u00fablico-privada formada por diferentes entidades (empresas, centros tecnol\u00f3gicos, universidades y otros agentes del sistema de I+D), con el objetivo de desarrollar proyectos tecnol\u00f3gicos transformadores con alto impacto para la econom\u00eda catalana.<\/p>\n<p>Integran la Comunidad RIS3CAT Media: ARA \u2013 Edici\u00f3 d\u2019Empresa Peri\u00f2dica, Barcelona Centre de Disseny (BCD), BMAT Licensing, Connociam Consulting, Cornelius Films, Corporaci\u00f3 Catalana de Mitjans Audiovisuals (CCMA), Creactivitat, Consejo Superior de Investigaciones Cient\u00edficas (CSIC), Centre de Visi\u00f3 per Computador (CVC),\u00a0 Enciclop\u00e8dia Catalana, Ediciones Don Bosco (EDEB\u00c9), Eurecat, Fundaci\u00f3 Antoni T\u00e0pies, Fundaci\u00f3 Joan Mir\u00f3, Internet i Innovaci\u00f3 Digital a Catalunya (i2CAT), Grup Include 3, Indissoluble, Konodrac, Lavinia Next, Lead to Change, Mobile Media Content (MMC), Museu Nacional d\u2019Art de Catalunya (MNAC), Nextret, Grupo Ormo, Penguin Random House, Peninsula, Rebold, Seidor, Soft for you, Universitat de Barcelona (UB), Universitat Oberta de Catalunya (UOC), Universitat Pompeu Fabra (UPF), Visyon y Wildbytes.<\/p>\n","protected":false},"excerpt":{"rendered":"<p>La Comunidad RIS3CAT Media, coordinada por el centro tecnol\u00f3gico Eurecat, ha celebrado su segunda asamblea general, para poner en com\u00fan los avances en los proyectos que est\u00e1n desarrollando con el objetivo de contribuir al impulso y al cambio del sector de las industrias culturales y creativas y a posicionar Catalu\u00f1a como referente a nivel internacional.  [&#8230;]<\/p>\n","protected":false},"author":12,"featured_media":118821,"comment_status":"open","ping_status":"closed","sticky":false,"template":"","format":"standard","meta":{"footnotes":""},"categories":[394,2275,134],"tags":[],"class_list":["post-118818","post","type-post","status-publish","format-standard","has-post-thumbnail","hentry","category-consultoria-es","category-industrias-culturales-y-creativas","category-notas-de-prensa"],"yoast_head":"<!-- This site is optimized with the Yoast SEO plugin v27.4 - https:\/\/yoast.com\/product\/yoast-seo-wordpress\/ -->\n<title>Impulso a la innovaci\u00f3n en el sector de las industrias culturales y creativas<\/title>\n<meta name=\"description\" content=\"La Comunidad RIS3CAT Media, coordinada por el centro tecnol\u00f3gico Eurecat, ha celebrado su segunda asamblea genera\" \/>\n<meta name=\"robots\" content=\"index, follow, max-snippet:-1, max-image-preview:large, max-video-preview:-1\" \/>\n<link rel=\"canonical\" href=\"https:\/\/eurecat.org\/es\/impulso-a-la-innovacion-en-el-sector-de-las-industrias-culturales-y-creativas\/\" \/>\n<meta property=\"og:locale\" content=\"es_ES\" \/>\n<meta property=\"og:type\" content=\"article\" \/>\n<meta property=\"og:title\" content=\"Impulso a la innovaci\u00f3n en el sector de las industrias culturales y creativas\" \/>\n<meta property=\"og:description\" content=\"La Comunidad RIS3CAT Media, coordinada por el centro tecnol\u00f3gico Eurecat, ha celebrado su segunda asamblea genera\" \/>\n<meta property=\"og:url\" content=\"https:\/\/eurecat.org\/es\/impulso-a-la-innovacion-en-el-sector-de-las-industrias-culturales-y-creativas\/\" \/>\n<meta property=\"og:site_name\" content=\"Eurecat\" \/>\n<meta property=\"article:published_time\" content=\"2021-12-03T11:48:23+00:00\" \/>\n<meta property=\"article:modified_time\" content=\"2021-12-03T11:49:54+00:00\" \/>\n<meta property=\"og:image\" content=\"https:\/\/eurecat.org\/wp-content\/uploads\/2021\/12\/Ris3cat_Media_800px.jpg\" \/>\n\t<meta property=\"og:image:width\" content=\"800\" \/>\n\t<meta property=\"og:image:height\" content=\"520\" \/>\n\t<meta property=\"og:image:type\" content=\"image\/jpeg\" \/>\n<meta name=\"author\" content=\"EurecatEG\" \/>\n<meta name=\"twitter:card\" content=\"summary_large_image\" \/>\n<meta name=\"twitter:label1\" content=\"Escrito por\" \/>\n\t<meta name=\"twitter:data1\" content=\"EurecatEG\" \/>\n\t<meta name=\"twitter:label2\" content=\"Tiempo de lectura\" \/>\n\t<meta name=\"twitter:data2\" content=\"4 minutos\" \/>\n<script type=\"application\/ld+json\" class=\"yoast-schema-graph\">{\"@context\":\"https:\\\/\\\/schema.org\",\"@graph\":[{\"@type\":\"Article\",\"@id\":\"https:\\\/\\\/eurecat.org\\\/es\\\/impulso-a-la-innovacion-en-el-sector-de-las-industrias-culturales-y-creativas\\\/#article\",\"isPartOf\":{\"@id\":\"https:\\\/\\\/eurecat.org\\\/es\\\/impulso-a-la-innovacion-en-el-sector-de-las-industrias-culturales-y-creativas\\\/\"},\"author\":{\"name\":\"EurecatEG\",\"@id\":\"https:\\\/\\\/eurecat.org\\\/es\\\/#\\\/schema\\\/person\\\/def9217eded50ee57a9dc4cf0c883f80\"},\"headline\":\"Impulso a la innovaci\u00f3n en el sector de las industrias culturales y creativas\",\"datePublished\":\"2021-12-03T11:48:23+00:00\",\"dateModified\":\"2021-12-03T11:49:54+00:00\",\"mainEntityOfPage\":{\"@id\":\"https:\\\/\\\/eurecat.org\\\/es\\\/impulso-a-la-innovacion-en-el-sector-de-las-industrias-culturales-y-creativas\\\/\"},\"wordCount\":835,\"commentCount\":0,\"image\":{\"@id\":\"https:\\\/\\\/eurecat.org\\\/es\\\/impulso-a-la-innovacion-en-el-sector-de-las-industrias-culturales-y-creativas\\\/#primaryimage\"},\"thumbnailUrl\":\"https:\\\/\\\/eurecat.org\\\/wp-content\\\/uploads\\\/2021\\\/12\\\/Ris3cat_Media_800px.jpg\",\"articleSection\":[\"Consultor\u00eda\",\"Industrias Culturales y Creativas\",\"Notas de prensa\"],\"inLanguage\":\"es\",\"potentialAction\":[{\"@type\":\"CommentAction\",\"name\":\"Comment\",\"target\":[\"https:\\\/\\\/eurecat.org\\\/es\\\/impulso-a-la-innovacion-en-el-sector-de-las-industrias-culturales-y-creativas\\\/#respond\"]}]},{\"@type\":\"WebPage\",\"@id\":\"https:\\\/\\\/eurecat.org\\\/es\\\/impulso-a-la-innovacion-en-el-sector-de-las-industrias-culturales-y-creativas\\\/\",\"url\":\"https:\\\/\\\/eurecat.org\\\/es\\\/impulso-a-la-innovacion-en-el-sector-de-las-industrias-culturales-y-creativas\\\/\",\"name\":\"Impulso a la innovaci\u00f3n en el sector de las industrias culturales y creativas\",\"isPartOf\":{\"@id\":\"https:\\\/\\\/eurecat.org\\\/es\\\/#website\"},\"primaryImageOfPage\":{\"@id\":\"https:\\\/\\\/eurecat.org\\\/es\\\/impulso-a-la-innovacion-en-el-sector-de-las-industrias-culturales-y-creativas\\\/#primaryimage\"},\"image\":{\"@id\":\"https:\\\/\\\/eurecat.org\\\/es\\\/impulso-a-la-innovacion-en-el-sector-de-las-industrias-culturales-y-creativas\\\/#primaryimage\"},\"thumbnailUrl\":\"https:\\\/\\\/eurecat.org\\\/wp-content\\\/uploads\\\/2021\\\/12\\\/Ris3cat_Media_800px.jpg\",\"datePublished\":\"2021-12-03T11:48:23+00:00\",\"dateModified\":\"2021-12-03T11:49:54+00:00\",\"author\":{\"@id\":\"https:\\\/\\\/eurecat.org\\\/es\\\/#\\\/schema\\\/person\\\/def9217eded50ee57a9dc4cf0c883f80\"},\"description\":\"La Comunidad RIS3CAT Media, coordinada por el centro tecnol\u00f3gico Eurecat, ha celebrado su segunda asamblea genera\",\"breadcrumb\":{\"@id\":\"https:\\\/\\\/eurecat.org\\\/es\\\/impulso-a-la-innovacion-en-el-sector-de-las-industrias-culturales-y-creativas\\\/#breadcrumb\"},\"inLanguage\":\"es\",\"potentialAction\":[{\"@type\":\"ReadAction\",\"target\":[\"https:\\\/\\\/eurecat.org\\\/es\\\/impulso-a-la-innovacion-en-el-sector-de-las-industrias-culturales-y-creativas\\\/\"]}]},{\"@type\":\"ImageObject\",\"inLanguage\":\"es\",\"@id\":\"https:\\\/\\\/eurecat.org\\\/es\\\/impulso-a-la-innovacion-en-el-sector-de-las-industrias-culturales-y-creativas\\\/#primaryimage\",\"url\":\"https:\\\/\\\/eurecat.org\\\/wp-content\\\/uploads\\\/2021\\\/12\\\/Ris3cat_Media_800px.jpg\",\"contentUrl\":\"https:\\\/\\\/eurecat.org\\\/wp-content\\\/uploads\\\/2021\\\/12\\\/Ris3cat_Media_800px.jpg\",\"width\":800,\"height\":520,\"caption\":\"culturals\"},{\"@type\":\"BreadcrumbList\",\"@id\":\"https:\\\/\\\/eurecat.org\\\/es\\\/impulso-a-la-innovacion-en-el-sector-de-las-industrias-culturales-y-creativas\\\/#breadcrumb\",\"itemListElement\":[{\"@type\":\"ListItem\",\"position\":1,\"name\":\"Inici\",\"item\":\"https:\\\/\\\/eurecat.org\\\/es\\\/\"},{\"@type\":\"ListItem\",\"position\":2,\"name\":\"Impulso a la innovaci\u00f3n en el sector de las industrias culturales y creativas\"}]},{\"@type\":\"WebSite\",\"@id\":\"https:\\\/\\\/eurecat.org\\\/es\\\/#website\",\"url\":\"https:\\\/\\\/eurecat.org\\\/es\\\/\",\"name\":\"Eurecat\",\"description\":\"Otro sitio realizado con WordPress\",\"potentialAction\":[{\"@type\":\"SearchAction\",\"target\":{\"@type\":\"EntryPoint\",\"urlTemplate\":\"https:\\\/\\\/eurecat.org\\\/es\\\/?s={search_term_string}\"},\"query-input\":{\"@type\":\"PropertyValueSpecification\",\"valueRequired\":true,\"valueName\":\"search_term_string\"}}],\"inLanguage\":\"es\"},{\"@type\":\"Person\",\"@id\":\"https:\\\/\\\/eurecat.org\\\/es\\\/#\\\/schema\\\/person\\\/def9217eded50ee57a9dc4cf0c883f80\",\"name\":\"EurecatEG\",\"image\":{\"@type\":\"ImageObject\",\"inLanguage\":\"es\",\"@id\":\"https:\\\/\\\/secure.gravatar.com\\\/avatar\\\/f40dd9b6ecd3e5c591f3c9b033e495ee0ec9877ba77249fbf268b3889350c824?s=96&d=mm&r=g\",\"url\":\"https:\\\/\\\/secure.gravatar.com\\\/avatar\\\/f40dd9b6ecd3e5c591f3c9b033e495ee0ec9877ba77249fbf268b3889350c824?s=96&d=mm&r=g\",\"contentUrl\":\"https:\\\/\\\/secure.gravatar.com\\\/avatar\\\/f40dd9b6ecd3e5c591f3c9b033e495ee0ec9877ba77249fbf268b3889350c824?s=96&d=mm&r=g\",\"caption\":\"EurecatEG\"}}]}<\/script>\n<!-- \/ Yoast SEO plugin. -->","yoast_head_json":{"title":"Impulso a la innovaci\u00f3n en el sector de las industrias culturales y creativas","description":"La Comunidad RIS3CAT Media, coordinada por el centro tecnol\u00f3gico Eurecat, ha celebrado su segunda asamblea genera","robots":{"index":"index","follow":"follow","max-snippet":"max-snippet:-1","max-image-preview":"max-image-preview:large","max-video-preview":"max-video-preview:-1"},"canonical":"https:\/\/eurecat.org\/es\/impulso-a-la-innovacion-en-el-sector-de-las-industrias-culturales-y-creativas\/","og_locale":"es_ES","og_type":"article","og_title":"Impulso a la innovaci\u00f3n en el sector de las industrias culturales y creativas","og_description":"La Comunidad RIS3CAT Media, coordinada por el centro tecnol\u00f3gico Eurecat, ha celebrado su segunda asamblea genera","og_url":"https:\/\/eurecat.org\/es\/impulso-a-la-innovacion-en-el-sector-de-las-industrias-culturales-y-creativas\/","og_site_name":"Eurecat","article_published_time":"2021-12-03T11:48:23+00:00","article_modified_time":"2021-12-03T11:49:54+00:00","og_image":[{"width":800,"height":520,"url":"https:\/\/eurecat.org\/wp-content\/uploads\/2021\/12\/Ris3cat_Media_800px.jpg","type":"image\/jpeg"}],"author":"EurecatEG","twitter_card":"summary_large_image","twitter_misc":{"Escrito por":"EurecatEG","Tiempo de lectura":"4 minutos"},"schema":{"@context":"https:\/\/schema.org","@graph":[{"@type":"Article","@id":"https:\/\/eurecat.org\/es\/impulso-a-la-innovacion-en-el-sector-de-las-industrias-culturales-y-creativas\/#article","isPartOf":{"@id":"https:\/\/eurecat.org\/es\/impulso-a-la-innovacion-en-el-sector-de-las-industrias-culturales-y-creativas\/"},"author":{"name":"EurecatEG","@id":"https:\/\/eurecat.org\/es\/#\/schema\/person\/def9217eded50ee57a9dc4cf0c883f80"},"headline":"Impulso a la innovaci\u00f3n en el sector de las industrias culturales y creativas","datePublished":"2021-12-03T11:48:23+00:00","dateModified":"2021-12-03T11:49:54+00:00","mainEntityOfPage":{"@id":"https:\/\/eurecat.org\/es\/impulso-a-la-innovacion-en-el-sector-de-las-industrias-culturales-y-creativas\/"},"wordCount":835,"commentCount":0,"image":{"@id":"https:\/\/eurecat.org\/es\/impulso-a-la-innovacion-en-el-sector-de-las-industrias-culturales-y-creativas\/#primaryimage"},"thumbnailUrl":"https:\/\/eurecat.org\/wp-content\/uploads\/2021\/12\/Ris3cat_Media_800px.jpg","articleSection":["Consultor\u00eda","Industrias Culturales y Creativas","Notas de prensa"],"inLanguage":"es","potentialAction":[{"@type":"CommentAction","name":"Comment","target":["https:\/\/eurecat.org\/es\/impulso-a-la-innovacion-en-el-sector-de-las-industrias-culturales-y-creativas\/#respond"]}]},{"@type":"WebPage","@id":"https:\/\/eurecat.org\/es\/impulso-a-la-innovacion-en-el-sector-de-las-industrias-culturales-y-creativas\/","url":"https:\/\/eurecat.org\/es\/impulso-a-la-innovacion-en-el-sector-de-las-industrias-culturales-y-creativas\/","name":"Impulso a la innovaci\u00f3n en el sector de las industrias culturales y creativas","isPartOf":{"@id":"https:\/\/eurecat.org\/es\/#website"},"primaryImageOfPage":{"@id":"https:\/\/eurecat.org\/es\/impulso-a-la-innovacion-en-el-sector-de-las-industrias-culturales-y-creativas\/#primaryimage"},"image":{"@id":"https:\/\/eurecat.org\/es\/impulso-a-la-innovacion-en-el-sector-de-las-industrias-culturales-y-creativas\/#primaryimage"},"thumbnailUrl":"https:\/\/eurecat.org\/wp-content\/uploads\/2021\/12\/Ris3cat_Media_800px.jpg","datePublished":"2021-12-03T11:48:23+00:00","dateModified":"2021-12-03T11:49:54+00:00","author":{"@id":"https:\/\/eurecat.org\/es\/#\/schema\/person\/def9217eded50ee57a9dc4cf0c883f80"},"description":"La Comunidad RIS3CAT Media, coordinada por el centro tecnol\u00f3gico Eurecat, ha celebrado su segunda asamblea genera","breadcrumb":{"@id":"https:\/\/eurecat.org\/es\/impulso-a-la-innovacion-en-el-sector-de-las-industrias-culturales-y-creativas\/#breadcrumb"},"inLanguage":"es","potentialAction":[{"@type":"ReadAction","target":["https:\/\/eurecat.org\/es\/impulso-a-la-innovacion-en-el-sector-de-las-industrias-culturales-y-creativas\/"]}]},{"@type":"ImageObject","inLanguage":"es","@id":"https:\/\/eurecat.org\/es\/impulso-a-la-innovacion-en-el-sector-de-las-industrias-culturales-y-creativas\/#primaryimage","url":"https:\/\/eurecat.org\/wp-content\/uploads\/2021\/12\/Ris3cat_Media_800px.jpg","contentUrl":"https:\/\/eurecat.org\/wp-content\/uploads\/2021\/12\/Ris3cat_Media_800px.jpg","width":800,"height":520,"caption":"culturals"},{"@type":"BreadcrumbList","@id":"https:\/\/eurecat.org\/es\/impulso-a-la-innovacion-en-el-sector-de-las-industrias-culturales-y-creativas\/#breadcrumb","itemListElement":[{"@type":"ListItem","position":1,"name":"Inici","item":"https:\/\/eurecat.org\/es\/"},{"@type":"ListItem","position":2,"name":"Impulso a la innovaci\u00f3n en el sector de las industrias culturales y creativas"}]},{"@type":"WebSite","@id":"https:\/\/eurecat.org\/es\/#website","url":"https:\/\/eurecat.org\/es\/","name":"Eurecat","description":"Otro sitio realizado con WordPress","potentialAction":[{"@type":"SearchAction","target":{"@type":"EntryPoint","urlTemplate":"https:\/\/eurecat.org\/es\/?s={search_term_string}"},"query-input":{"@type":"PropertyValueSpecification","valueRequired":true,"valueName":"search_term_string"}}],"inLanguage":"es"},{"@type":"Person","@id":"https:\/\/eurecat.org\/es\/#\/schema\/person\/def9217eded50ee57a9dc4cf0c883f80","name":"EurecatEG","image":{"@type":"ImageObject","inLanguage":"es","@id":"https:\/\/secure.gravatar.com\/avatar\/f40dd9b6ecd3e5c591f3c9b033e495ee0ec9877ba77249fbf268b3889350c824?s=96&d=mm&r=g","url":"https:\/\/secure.gravatar.com\/avatar\/f40dd9b6ecd3e5c591f3c9b033e495ee0ec9877ba77249fbf268b3889350c824?s=96&d=mm&r=g","contentUrl":"https:\/\/secure.gravatar.com\/avatar\/f40dd9b6ecd3e5c591f3c9b033e495ee0ec9877ba77249fbf268b3889350c824?s=96&d=mm&r=g","caption":"EurecatEG"}}]}},"_links":{"self":[{"href":"https:\/\/eurecat.org\/es\/wp-json\/wp\/v2\/posts\/118818","targetHints":{"allow":["GET"]}}],"collection":[{"href":"https:\/\/eurecat.org\/es\/wp-json\/wp\/v2\/posts"}],"about":[{"href":"https:\/\/eurecat.org\/es\/wp-json\/wp\/v2\/types\/post"}],"author":[{"embeddable":true,"href":"https:\/\/eurecat.org\/es\/wp-json\/wp\/v2\/users\/12"}],"replies":[{"embeddable":true,"href":"https:\/\/eurecat.org\/es\/wp-json\/wp\/v2\/comments?post=118818"}],"version-history":[{"count":0,"href":"https:\/\/eurecat.org\/es\/wp-json\/wp\/v2\/posts\/118818\/revisions"}],"wp:featuredmedia":[{"embeddable":true,"href":"https:\/\/eurecat.org\/es\/wp-json\/wp\/v2\/media\/118821"}],"wp:attachment":[{"href":"https:\/\/eurecat.org\/es\/wp-json\/wp\/v2\/media?parent=118818"}],"wp:term":[{"taxonomy":"category","embeddable":true,"href":"https:\/\/eurecat.org\/es\/wp-json\/wp\/v2\/categories?post=118818"},{"taxonomy":"post_tag","embeddable":true,"href":"https:\/\/eurecat.org\/es\/wp-json\/wp\/v2\/tags?post=118818"}],"curies":[{"name":"wp","href":"https:\/\/api.w.org\/{rel}","templated":true}]}}