{"id":119103,"date":"2021-12-17T10:36:49","date_gmt":"2021-12-17T09:36:49","guid":{"rendered":"https:\/\/eurecat.org\/?p=119103"},"modified":"2021-12-17T10:40:48","modified_gmt":"2021-12-17T09:40:48","slug":"se-buscan-voluntarios-para-evaluar-si-la-suplementacion-con-probioticos-puede-mitigar-los-sintomas-de-la-rinitis-alergica-persistente","status":"publish","type":"post","link":"https:\/\/eurecat.org\/es\/se-buscan-voluntarios-para-evaluar-si-la-suplementacion-con-probioticos-puede-mitigar-los-sintomas-de-la-rinitis-alergica-persistente\/","title":{"rendered":"Se buscan voluntarios para evaluar si la suplementaci\u00f3n con probi\u00f3ticos puede mitigar los s\u00edntomas de la rinitis al\u00e9rgica persistente"},"content":{"rendered":"<p>El centro tecnol\u00f3gico <a href=\"https:\/\/eurecat.org\/\">Eurecat Reus<\/a> iniciar\u00e1 el pr\u00f3ximo mes de enero un estudio para evaluar los efectos de la suplementaci\u00f3n con probi\u00f3ticos sobre los s\u00edntomas de la rinitis al\u00e9rgica persistente y la calidad de vida de las personas afectadas, que suponen el 21,5 por ciento de la poblaci\u00f3n, con mayor impacto en ni\u00f1os peque\u00f1os y personas j\u00f3venes.<\/p>\n<p>Para participar en el estudio, hay que tener entre 18 y 60 a\u00f1os y acreditar un diagn\u00f3stico de rinitis al\u00e9rgica persistente a los \u00e1caros del polvo al menos desde hace dos a\u00f1os, adem\u00e1s de no presentar ninguna enfermedad gastrointestinal, autoinmunitaria o anemia, entre otros requisitos.<\/p>\n<p>El estudio, llamado microrin_2, se prolongar\u00e1 durante tres meses y se llevar\u00e1 a cabo en la sede de Eurecat en Reus, situada frente al Hospital Universitario Sant Joan de Reus. Se ha habilitado el correo electr\u00f3nico estudis@eurecat.org y el tel\u00e9fono 636 944 723 para que las personas que quieran participar se inscriban como voluntarias o consulten sus dudas.<\/p>\n<p>\u201cConsiderando la estrecha relaci\u00f3n entre el sistema inmunitario y los microorganismos que conviven en nuestro intestino, el uso de determinados probi\u00f3ticos en la cantidad adecuada podr\u00eda tener un beneficio en la salud, no s\u00f3lo en general, sino tambi\u00e9n como tratamiento emergente para la prevenci\u00f3n de determinadas alergias\u201d, se\u00f1ala el director de la Unidad Tecnol\u00f3gica de Nutrici\u00f3n y Salud, el dr. Josep M\u00aa del Bas.<\/p>\n<p>En sus palabras, \u201clos resultados pueden ser \u00fatiles para avanzar en nuevos tratamientos para la sintomatolog\u00eda asociada a la rinitis al\u00e9rgica persistente y, por tanto, a la mejora de la calidad de vida de las personas diagnosticadas\u201d.<\/p>\n<p><strong>Tratamiento y seguimiento de la sintomatolog\u00eda<\/strong><\/p>\n<p>Durante el estudio se llevar\u00e1n a cabo cuatro visitas, en la primera de las cuales se evaluar\u00e1 la idoneidad para poder participar. A las personas seleccionadas, la semana siguiente se les realizar\u00e1 una visita en la que se les proporcionar\u00e1 el tratamiento y se les har\u00e1n diferentes anal\u00edticas.<\/p>\n<p>Dos meses despu\u00e9s de recibir el tratamiento, se llevar\u00e1 a cabo una tercera visita de finalizaci\u00f3n, donde se har\u00e1n nuevas anal\u00edticas y una evaluaci\u00f3n de la sintomatolog\u00eda asociada a la rinitis al\u00e9rgica, as\u00ed como a su calidad de vida. Despu\u00e9s de un mes, se har\u00e1 la \u00faltima visita del estudio para realizar un seguimiento de la sintomatolog\u00eda y de la calidad de vida.<\/p>\n<p><strong>Los probi\u00f3ticos y la microbiota intestinal<\/strong><\/p>\n<p>Seg\u00fan la Asociaci\u00f3n Cient\u00edfica Internacionales por Probi\u00f3ticos y Prebi\u00f3ticos (ISAPP), los probi\u00f3ticos son microorganismos vivos que, cuando se administran en cantidades adecuadas confieren un beneficio en la salud mediante su acci\u00f3n directa en la comunidad de microorganismos que viven en el trato intestinal, la llamada microbiota intestinal.<\/p>\n<p>Muchos estudios publicados en la literatura cient\u00edfica sugieren que alteraciones en la microbiota intestinal podr\u00edan ser el origen del desarrollo de enfermedades de componente al\u00e9rgico. Esto podr\u00eda estar relacionado con alteraciones en el sistema inmunitario de la mucosa intestinal.<\/p>\n<p>La rinitis al\u00e9rgica es un problema de salud caracterizado por la inflamaci\u00f3n de la mucosa nasal debido a una reacci\u00f3n del sistema inmunitario ante la exposici\u00f3n de al\u00e9rgenos medioambientales como el pelo de animales, plumas, polen, \u00e1caros del polvo y esporas f\u00fangicas en aquellas personas sensibilizadas. Se calcula que s\u00f3lo en Europa, los casos confirmados de rinitis al\u00e9rgica son entre un 17 y un 28,5 por ciento, con una prevalencia del 22,7 por ciento. En Espa\u00f1a, la rinitis al\u00e9rgica afecta al 21,5 por ciento de la poblaci\u00f3n, con un mayor impacto en ni\u00f1os peque\u00f1os y personas j\u00f3venes.<\/p>\n","protected":false},"excerpt":{"rendered":"<p>El centro tecnol\u00f3gico Eurecat Reus iniciar\u00e1 el pr\u00f3ximo mes de enero un estudio para evaluar los efectos de la suplementaci\u00f3n con probi\u00f3ticos sobre los s\u00edntomas de la rinitis al\u00e9rgica persistente y la calidad de vida de las personas afectadas, que suponen el 21,5 por ciento de la poblaci\u00f3n, con mayor impacto en ni\u00f1os peque\u00f1os y  [&#8230;]<\/p>\n","protected":false},"author":12,"featured_media":119117,"comment_status":"open","ping_status":"closed","sticky":false,"template":"","format":"standard","meta":{"footnotes":""},"categories":[134,407],"tags":[],"class_list":["post-119103","post","type-post","status-publish","format-standard","has-post-thumbnail","hentry","category-notas-de-prensa","category-nutricion-salud"],"yoast_head":"<!-- This site is optimized with the Yoast SEO plugin v27.4 - https:\/\/yoast.com\/product\/yoast-seo-wordpress\/ -->\n<title>Voluntarios para evaluar la suplementaci\u00f3n con probi\u00f3ticos<\/title>\n<meta name=\"description\" content=\"Se buscan voluntarios para evaluar si la suplementaci\u00f3n con probi\u00f3ticos puede mitigar los s\u00edntomas de la rinitis al\u00e9rgica persistente\" \/>\n<meta name=\"robots\" content=\"index, follow, max-snippet:-1, max-image-preview:large, max-video-preview:-1\" \/>\n<link rel=\"canonical\" href=\"https:\/\/eurecat.org\/es\/se-buscan-voluntarios-para-evaluar-si-la-suplementacion-con-probioticos-puede-mitigar-los-sintomas-de-la-rinitis-alergica-persistente\/\" \/>\n<meta property=\"og:locale\" content=\"es_ES\" \/>\n<meta property=\"og:type\" content=\"article\" \/>\n<meta property=\"og:title\" content=\"Voluntarios para evaluar la suplementaci\u00f3n con probi\u00f3ticos\" \/>\n<meta property=\"og:description\" content=\"Se buscan voluntarios para evaluar si la suplementaci\u00f3n con probi\u00f3ticos puede mitigar los s\u00edntomas de la rinitis al\u00e9rgica persistente\" \/>\n<meta property=\"og:url\" content=\"https:\/\/eurecat.org\/es\/se-buscan-voluntarios-para-evaluar-si-la-suplementacion-con-probioticos-puede-mitigar-los-sintomas-de-la-rinitis-alergica-persistente\/\" \/>\n<meta property=\"og:site_name\" content=\"Eurecat\" \/>\n<meta property=\"article:published_time\" content=\"2021-12-17T09:36:49+00:00\" \/>\n<meta property=\"article:modified_time\" content=\"2021-12-17T09:40:48+00:00\" \/>\n<meta property=\"og:image\" content=\"https:\/\/eurecat.org\/wp-content\/uploads\/2021\/12\/Imatge_rinitis_800px.jpg\" \/>\n\t<meta property=\"og:image:width\" content=\"800\" \/>\n\t<meta property=\"og:image:height\" content=\"533\" \/>\n\t<meta property=\"og:image:type\" content=\"image\/jpeg\" \/>\n<meta name=\"author\" content=\"EurecatEG\" \/>\n<meta name=\"twitter:card\" content=\"summary_large_image\" \/>\n<meta name=\"twitter:label1\" content=\"Escrito por\" \/>\n\t<meta name=\"twitter:data1\" content=\"EurecatEG\" \/>\n\t<meta name=\"twitter:label2\" content=\"Tiempo de lectura\" \/>\n\t<meta name=\"twitter:data2\" content=\"4 minutos\" \/>\n<script type=\"application\/ld+json\" class=\"yoast-schema-graph\">{\"@context\":\"https:\\\/\\\/schema.org\",\"@graph\":[{\"@type\":\"Article\",\"@id\":\"https:\\\/\\\/eurecat.org\\\/es\\\/se-buscan-voluntarios-para-evaluar-si-la-suplementacion-con-probioticos-puede-mitigar-los-sintomas-de-la-rinitis-alergica-persistente\\\/#article\",\"isPartOf\":{\"@id\":\"https:\\\/\\\/eurecat.org\\\/es\\\/se-buscan-voluntarios-para-evaluar-si-la-suplementacion-con-probioticos-puede-mitigar-los-sintomas-de-la-rinitis-alergica-persistente\\\/\"},\"author\":{\"name\":\"EurecatEG\",\"@id\":\"https:\\\/\\\/eurecat.org\\\/es\\\/#\\\/schema\\\/person\\\/def9217eded50ee57a9dc4cf0c883f80\"},\"headline\":\"Se buscan voluntarios para evaluar si la suplementaci\u00f3n con probi\u00f3ticos puede mitigar los s\u00edntomas de la rinitis al\u00e9rgica persistente\",\"datePublished\":\"2021-12-17T09:36:49+00:00\",\"dateModified\":\"2021-12-17T09:40:48+00:00\",\"mainEntityOfPage\":{\"@id\":\"https:\\\/\\\/eurecat.org\\\/es\\\/se-buscan-voluntarios-para-evaluar-si-la-suplementacion-con-probioticos-puede-mitigar-los-sintomas-de-la-rinitis-alergica-persistente\\\/\"},\"wordCount\":649,\"commentCount\":0,\"image\":{\"@id\":\"https:\\\/\\\/eurecat.org\\\/es\\\/se-buscan-voluntarios-para-evaluar-si-la-suplementacion-con-probioticos-puede-mitigar-los-sintomas-de-la-rinitis-alergica-persistente\\\/#primaryimage\"},\"thumbnailUrl\":\"https:\\\/\\\/eurecat.org\\\/wp-content\\\/uploads\\\/2021\\\/12\\\/Imatge_rinitis_800px.jpg\",\"articleSection\":[\"Notas de prensa\",\"Nutrici\u00f3n y Salud\"],\"inLanguage\":\"es\",\"potentialAction\":[{\"@type\":\"CommentAction\",\"name\":\"Comment\",\"target\":[\"https:\\\/\\\/eurecat.org\\\/es\\\/se-buscan-voluntarios-para-evaluar-si-la-suplementacion-con-probioticos-puede-mitigar-los-sintomas-de-la-rinitis-alergica-persistente\\\/#respond\"]}]},{\"@type\":\"WebPage\",\"@id\":\"https:\\\/\\\/eurecat.org\\\/es\\\/se-buscan-voluntarios-para-evaluar-si-la-suplementacion-con-probioticos-puede-mitigar-los-sintomas-de-la-rinitis-alergica-persistente\\\/\",\"url\":\"https:\\\/\\\/eurecat.org\\\/es\\\/se-buscan-voluntarios-para-evaluar-si-la-suplementacion-con-probioticos-puede-mitigar-los-sintomas-de-la-rinitis-alergica-persistente\\\/\",\"name\":\"Voluntarios para evaluar la suplementaci\u00f3n con probi\u00f3ticos\",\"isPartOf\":{\"@id\":\"https:\\\/\\\/eurecat.org\\\/es\\\/#website\"},\"primaryImageOfPage\":{\"@id\":\"https:\\\/\\\/eurecat.org\\\/es\\\/se-buscan-voluntarios-para-evaluar-si-la-suplementacion-con-probioticos-puede-mitigar-los-sintomas-de-la-rinitis-alergica-persistente\\\/#primaryimage\"},\"image\":{\"@id\":\"https:\\\/\\\/eurecat.org\\\/es\\\/se-buscan-voluntarios-para-evaluar-si-la-suplementacion-con-probioticos-puede-mitigar-los-sintomas-de-la-rinitis-alergica-persistente\\\/#primaryimage\"},\"thumbnailUrl\":\"https:\\\/\\\/eurecat.org\\\/wp-content\\\/uploads\\\/2021\\\/12\\\/Imatge_rinitis_800px.jpg\",\"datePublished\":\"2021-12-17T09:36:49+00:00\",\"dateModified\":\"2021-12-17T09:40:48+00:00\",\"author\":{\"@id\":\"https:\\\/\\\/eurecat.org\\\/es\\\/#\\\/schema\\\/person\\\/def9217eded50ee57a9dc4cf0c883f80\"},\"description\":\"Se buscan voluntarios para evaluar si la suplementaci\u00f3n con probi\u00f3ticos puede mitigar los s\u00edntomas de la rinitis al\u00e9rgica persistente\",\"breadcrumb\":{\"@id\":\"https:\\\/\\\/eurecat.org\\\/es\\\/se-buscan-voluntarios-para-evaluar-si-la-suplementacion-con-probioticos-puede-mitigar-los-sintomas-de-la-rinitis-alergica-persistente\\\/#breadcrumb\"},\"inLanguage\":\"es\",\"potentialAction\":[{\"@type\":\"ReadAction\",\"target\":[\"https:\\\/\\\/eurecat.org\\\/es\\\/se-buscan-voluntarios-para-evaluar-si-la-suplementacion-con-probioticos-puede-mitigar-los-sintomas-de-la-rinitis-alergica-persistente\\\/\"]}]},{\"@type\":\"ImageObject\",\"inLanguage\":\"es\",\"@id\":\"https:\\\/\\\/eurecat.org\\\/es\\\/se-buscan-voluntarios-para-evaluar-si-la-suplementacion-con-probioticos-puede-mitigar-los-sintomas-de-la-rinitis-alergica-persistente\\\/#primaryimage\",\"url\":\"https:\\\/\\\/eurecat.org\\\/wp-content\\\/uploads\\\/2021\\\/12\\\/Imatge_rinitis_800px.jpg\",\"contentUrl\":\"https:\\\/\\\/eurecat.org\\\/wp-content\\\/uploads\\\/2021\\\/12\\\/Imatge_rinitis_800px.jpg\",\"width\":800,\"height\":533,\"caption\":\"probi\u00f2tics\"},{\"@type\":\"BreadcrumbList\",\"@id\":\"https:\\\/\\\/eurecat.org\\\/es\\\/se-buscan-voluntarios-para-evaluar-si-la-suplementacion-con-probioticos-puede-mitigar-los-sintomas-de-la-rinitis-alergica-persistente\\\/#breadcrumb\",\"itemListElement\":[{\"@type\":\"ListItem\",\"position\":1,\"name\":\"Inici\",\"item\":\"https:\\\/\\\/eurecat.org\\\/es\\\/\"},{\"@type\":\"ListItem\",\"position\":2,\"name\":\"Se buscan voluntarios para evaluar si la suplementaci\u00f3n con probi\u00f3ticos puede mitigar los s\u00edntomas de la rinitis al\u00e9rgica persistente\"}]},{\"@type\":\"WebSite\",\"@id\":\"https:\\\/\\\/eurecat.org\\\/es\\\/#website\",\"url\":\"https:\\\/\\\/eurecat.org\\\/es\\\/\",\"name\":\"Eurecat\",\"description\":\"Otro sitio realizado con WordPress\",\"potentialAction\":[{\"@type\":\"SearchAction\",\"target\":{\"@type\":\"EntryPoint\",\"urlTemplate\":\"https:\\\/\\\/eurecat.org\\\/es\\\/?s={search_term_string}\"},\"query-input\":{\"@type\":\"PropertyValueSpecification\",\"valueRequired\":true,\"valueName\":\"search_term_string\"}}],\"inLanguage\":\"es\"},{\"@type\":\"Person\",\"@id\":\"https:\\\/\\\/eurecat.org\\\/es\\\/#\\\/schema\\\/person\\\/def9217eded50ee57a9dc4cf0c883f80\",\"name\":\"EurecatEG\",\"image\":{\"@type\":\"ImageObject\",\"inLanguage\":\"es\",\"@id\":\"https:\\\/\\\/secure.gravatar.com\\\/avatar\\\/f40dd9b6ecd3e5c591f3c9b033e495ee0ec9877ba77249fbf268b3889350c824?s=96&d=mm&r=g\",\"url\":\"https:\\\/\\\/secure.gravatar.com\\\/avatar\\\/f40dd9b6ecd3e5c591f3c9b033e495ee0ec9877ba77249fbf268b3889350c824?s=96&d=mm&r=g\",\"contentUrl\":\"https:\\\/\\\/secure.gravatar.com\\\/avatar\\\/f40dd9b6ecd3e5c591f3c9b033e495ee0ec9877ba77249fbf268b3889350c824?s=96&d=mm&r=g\",\"caption\":\"EurecatEG\"}}]}<\/script>\n<!-- \/ Yoast SEO plugin. -->","yoast_head_json":{"title":"Voluntarios para evaluar la suplementaci\u00f3n con probi\u00f3ticos","description":"Se buscan voluntarios para evaluar si la suplementaci\u00f3n con probi\u00f3ticos puede mitigar los s\u00edntomas de la rinitis al\u00e9rgica persistente","robots":{"index":"index","follow":"follow","max-snippet":"max-snippet:-1","max-image-preview":"max-image-preview:large","max-video-preview":"max-video-preview:-1"},"canonical":"https:\/\/eurecat.org\/es\/se-buscan-voluntarios-para-evaluar-si-la-suplementacion-con-probioticos-puede-mitigar-los-sintomas-de-la-rinitis-alergica-persistente\/","og_locale":"es_ES","og_type":"article","og_title":"Voluntarios para evaluar la suplementaci\u00f3n con probi\u00f3ticos","og_description":"Se buscan voluntarios para evaluar si la suplementaci\u00f3n con probi\u00f3ticos puede mitigar los s\u00edntomas de la rinitis al\u00e9rgica persistente","og_url":"https:\/\/eurecat.org\/es\/se-buscan-voluntarios-para-evaluar-si-la-suplementacion-con-probioticos-puede-mitigar-los-sintomas-de-la-rinitis-alergica-persistente\/","og_site_name":"Eurecat","article_published_time":"2021-12-17T09:36:49+00:00","article_modified_time":"2021-12-17T09:40:48+00:00","og_image":[{"width":800,"height":533,"url":"https:\/\/eurecat.org\/wp-content\/uploads\/2021\/12\/Imatge_rinitis_800px.jpg","type":"image\/jpeg"}],"author":"EurecatEG","twitter_card":"summary_large_image","twitter_misc":{"Escrito por":"EurecatEG","Tiempo de lectura":"4 minutos"},"schema":{"@context":"https:\/\/schema.org","@graph":[{"@type":"Article","@id":"https:\/\/eurecat.org\/es\/se-buscan-voluntarios-para-evaluar-si-la-suplementacion-con-probioticos-puede-mitigar-los-sintomas-de-la-rinitis-alergica-persistente\/#article","isPartOf":{"@id":"https:\/\/eurecat.org\/es\/se-buscan-voluntarios-para-evaluar-si-la-suplementacion-con-probioticos-puede-mitigar-los-sintomas-de-la-rinitis-alergica-persistente\/"},"author":{"name":"EurecatEG","@id":"https:\/\/eurecat.org\/es\/#\/schema\/person\/def9217eded50ee57a9dc4cf0c883f80"},"headline":"Se buscan voluntarios para evaluar si la suplementaci\u00f3n con probi\u00f3ticos puede mitigar los s\u00edntomas de la rinitis al\u00e9rgica persistente","datePublished":"2021-12-17T09:36:49+00:00","dateModified":"2021-12-17T09:40:48+00:00","mainEntityOfPage":{"@id":"https:\/\/eurecat.org\/es\/se-buscan-voluntarios-para-evaluar-si-la-suplementacion-con-probioticos-puede-mitigar-los-sintomas-de-la-rinitis-alergica-persistente\/"},"wordCount":649,"commentCount":0,"image":{"@id":"https:\/\/eurecat.org\/es\/se-buscan-voluntarios-para-evaluar-si-la-suplementacion-con-probioticos-puede-mitigar-los-sintomas-de-la-rinitis-alergica-persistente\/#primaryimage"},"thumbnailUrl":"https:\/\/eurecat.org\/wp-content\/uploads\/2021\/12\/Imatge_rinitis_800px.jpg","articleSection":["Notas de prensa","Nutrici\u00f3n y Salud"],"inLanguage":"es","potentialAction":[{"@type":"CommentAction","name":"Comment","target":["https:\/\/eurecat.org\/es\/se-buscan-voluntarios-para-evaluar-si-la-suplementacion-con-probioticos-puede-mitigar-los-sintomas-de-la-rinitis-alergica-persistente\/#respond"]}]},{"@type":"WebPage","@id":"https:\/\/eurecat.org\/es\/se-buscan-voluntarios-para-evaluar-si-la-suplementacion-con-probioticos-puede-mitigar-los-sintomas-de-la-rinitis-alergica-persistente\/","url":"https:\/\/eurecat.org\/es\/se-buscan-voluntarios-para-evaluar-si-la-suplementacion-con-probioticos-puede-mitigar-los-sintomas-de-la-rinitis-alergica-persistente\/","name":"Voluntarios para evaluar la suplementaci\u00f3n con probi\u00f3ticos","isPartOf":{"@id":"https:\/\/eurecat.org\/es\/#website"},"primaryImageOfPage":{"@id":"https:\/\/eurecat.org\/es\/se-buscan-voluntarios-para-evaluar-si-la-suplementacion-con-probioticos-puede-mitigar-los-sintomas-de-la-rinitis-alergica-persistente\/#primaryimage"},"image":{"@id":"https:\/\/eurecat.org\/es\/se-buscan-voluntarios-para-evaluar-si-la-suplementacion-con-probioticos-puede-mitigar-los-sintomas-de-la-rinitis-alergica-persistente\/#primaryimage"},"thumbnailUrl":"https:\/\/eurecat.org\/wp-content\/uploads\/2021\/12\/Imatge_rinitis_800px.jpg","datePublished":"2021-12-17T09:36:49+00:00","dateModified":"2021-12-17T09:40:48+00:00","author":{"@id":"https:\/\/eurecat.org\/es\/#\/schema\/person\/def9217eded50ee57a9dc4cf0c883f80"},"description":"Se buscan voluntarios para evaluar si la suplementaci\u00f3n con probi\u00f3ticos puede mitigar los s\u00edntomas de la rinitis al\u00e9rgica persistente","breadcrumb":{"@id":"https:\/\/eurecat.org\/es\/se-buscan-voluntarios-para-evaluar-si-la-suplementacion-con-probioticos-puede-mitigar-los-sintomas-de-la-rinitis-alergica-persistente\/#breadcrumb"},"inLanguage":"es","potentialAction":[{"@type":"ReadAction","target":["https:\/\/eurecat.org\/es\/se-buscan-voluntarios-para-evaluar-si-la-suplementacion-con-probioticos-puede-mitigar-los-sintomas-de-la-rinitis-alergica-persistente\/"]}]},{"@type":"ImageObject","inLanguage":"es","@id":"https:\/\/eurecat.org\/es\/se-buscan-voluntarios-para-evaluar-si-la-suplementacion-con-probioticos-puede-mitigar-los-sintomas-de-la-rinitis-alergica-persistente\/#primaryimage","url":"https:\/\/eurecat.org\/wp-content\/uploads\/2021\/12\/Imatge_rinitis_800px.jpg","contentUrl":"https:\/\/eurecat.org\/wp-content\/uploads\/2021\/12\/Imatge_rinitis_800px.jpg","width":800,"height":533,"caption":"probi\u00f2tics"},{"@type":"BreadcrumbList","@id":"https:\/\/eurecat.org\/es\/se-buscan-voluntarios-para-evaluar-si-la-suplementacion-con-probioticos-puede-mitigar-los-sintomas-de-la-rinitis-alergica-persistente\/#breadcrumb","itemListElement":[{"@type":"ListItem","position":1,"name":"Inici","item":"https:\/\/eurecat.org\/es\/"},{"@type":"ListItem","position":2,"name":"Se buscan voluntarios para evaluar si la suplementaci\u00f3n con probi\u00f3ticos puede mitigar los s\u00edntomas de la rinitis al\u00e9rgica persistente"}]},{"@type":"WebSite","@id":"https:\/\/eurecat.org\/es\/#website","url":"https:\/\/eurecat.org\/es\/","name":"Eurecat","description":"Otro sitio realizado con WordPress","potentialAction":[{"@type":"SearchAction","target":{"@type":"EntryPoint","urlTemplate":"https:\/\/eurecat.org\/es\/?s={search_term_string}"},"query-input":{"@type":"PropertyValueSpecification","valueRequired":true,"valueName":"search_term_string"}}],"inLanguage":"es"},{"@type":"Person","@id":"https:\/\/eurecat.org\/es\/#\/schema\/person\/def9217eded50ee57a9dc4cf0c883f80","name":"EurecatEG","image":{"@type":"ImageObject","inLanguage":"es","@id":"https:\/\/secure.gravatar.com\/avatar\/f40dd9b6ecd3e5c591f3c9b033e495ee0ec9877ba77249fbf268b3889350c824?s=96&d=mm&r=g","url":"https:\/\/secure.gravatar.com\/avatar\/f40dd9b6ecd3e5c591f3c9b033e495ee0ec9877ba77249fbf268b3889350c824?s=96&d=mm&r=g","contentUrl":"https:\/\/secure.gravatar.com\/avatar\/f40dd9b6ecd3e5c591f3c9b033e495ee0ec9877ba77249fbf268b3889350c824?s=96&d=mm&r=g","caption":"EurecatEG"}}]}},"_links":{"self":[{"href":"https:\/\/eurecat.org\/es\/wp-json\/wp\/v2\/posts\/119103","targetHints":{"allow":["GET"]}}],"collection":[{"href":"https:\/\/eurecat.org\/es\/wp-json\/wp\/v2\/posts"}],"about":[{"href":"https:\/\/eurecat.org\/es\/wp-json\/wp\/v2\/types\/post"}],"author":[{"embeddable":true,"href":"https:\/\/eurecat.org\/es\/wp-json\/wp\/v2\/users\/12"}],"replies":[{"embeddable":true,"href":"https:\/\/eurecat.org\/es\/wp-json\/wp\/v2\/comments?post=119103"}],"version-history":[{"count":0,"href":"https:\/\/eurecat.org\/es\/wp-json\/wp\/v2\/posts\/119103\/revisions"}],"wp:featuredmedia":[{"embeddable":true,"href":"https:\/\/eurecat.org\/es\/wp-json\/wp\/v2\/media\/119117"}],"wp:attachment":[{"href":"https:\/\/eurecat.org\/es\/wp-json\/wp\/v2\/media?parent=119103"}],"wp:term":[{"taxonomy":"category","embeddable":true,"href":"https:\/\/eurecat.org\/es\/wp-json\/wp\/v2\/categories?post=119103"},{"taxonomy":"post_tag","embeddable":true,"href":"https:\/\/eurecat.org\/es\/wp-json\/wp\/v2\/tags?post=119103"}],"curies":[{"name":"wp","href":"https:\/\/api.w.org\/{rel}","templated":true}]}}