{"id":119194,"date":"2021-12-22T16:37:36","date_gmt":"2021-12-22T15:37:36","guid":{"rendered":"https:\/\/eurecat.org\/?p=119194"},"modified":"2021-12-22T16:44:10","modified_gmt":"2021-12-22T15:44:10","slug":"editorial_una-nueva-perspectiva-innovadora","status":"publish","type":"post","link":"https:\/\/eurecat.org\/es\/editorial_una-nueva-perspectiva-innovadora\/","title":{"rendered":"Una nueva perspectiva innovadora"},"content":{"rendered":"<p><strong><img decoding=\"async\" class=\"alignleft wp-image-117063 size-medium\" src=\"https:\/\/eurecat.org\/wp-content\/uploads\/2021\/09\/Xavier_Torra_600-X-400-1-300x200.jpg\" alt=\"\" width=\"300\" height=\"200\" srcset=\"https:\/\/eurecat.org\/wp-content\/uploads\/2021\/09\/Xavier_Torra_600-X-400-1-200x133.jpg 200w, https:\/\/eurecat.org\/wp-content\/uploads\/2021\/09\/Xavier_Torra_600-X-400-1-300x200.jpg 300w, https:\/\/eurecat.org\/wp-content\/uploads\/2021\/09\/Xavier_Torra_600-X-400-1-391x260.jpg 391w, https:\/\/eurecat.org\/wp-content\/uploads\/2021\/09\/Xavier_Torra_600-X-400-1-400x267.jpg 400w, https:\/\/eurecat.org\/wp-content\/uploads\/2021\/09\/Xavier_Torra_600-X-400-1.jpg 600w\" sizes=\"(max-width: 300px) 100vw, 300px\" \/><\/strong><\/p>\n<p>Estamos a punto de cerrar este dif\u00edcil 2021 y es hora de repasar algunos de los hechos e iniciativas m\u00e1s destacadas del a\u00f1o. <strong>La innovaci\u00f3n de alto impacto<\/strong>, inspirada en la excelencia, buscando ser referente a nivel tecnol\u00f3gico y enfocada en el crecimiento eficiente de las empresas, <strong>con especial atenci\u00f3n a las pymes, que concentran el 67 por ciento de nuestra actividad<\/strong>, <strong>es una de las bases estrat\u00e9gicas que han fundamentado la labor de Eurecat<\/strong>, en un contexto marcado por la Covid-19 y donde hemos acompa\u00f1ado a cientos de empresas para que puedan aumentar su competitividad y posicionamiento en el mercado.<\/p>\n<p>Este planteamiento, como dec\u00edamos, ha sido el eje de buena parte de las iniciativas estrat\u00e9gicas y singulares que hemos liderado en los \u00faltimos doce meses. Es el caso de <strong>Battech<\/strong>, un centro de referencia que hemos puesto en marcha con IREC, Instituto de Investigaci\u00f3n en Energ\u00eda de Catalu\u00f1a, para cubrir toda la I+D+i del ecosistema de bater\u00edas del sur de Europa.<\/p>\n<p>En 2021 tambi\u00e9n hemos estrenado el <strong>Centro en Resiliencia Clim\u00e1tica<\/strong> (CRC) para potenciar la transici\u00f3n ecol\u00f3gica y la lucha contra la emergencia clim\u00e1tica, a partir de la investigaci\u00f3n, la tecnolog\u00eda y la innovaci\u00f3n, dentro de una iniciativa que cuenta con elaboraci\u00f3n de instituciones como la Generalidad de Catalu\u00f1a, la Universidad Rovira i Virgili y el Ayuntamiento de Amposta.<\/p>\n<p>Desde el <strong>CIDAI<\/strong>, el Centro of Innovation for Data Tech and Artificial Intelligence, del que somos coordinadores, hemos promovido intensamente la transferencia de conocimiento y soluciones innovadoras en inteligencia artificial aplicada.<\/p>\n<p>Con <strong>CoE in Tourism Innovation<\/strong>, hemos activado con empresas y organizaciones proyectos innovadores para un turismo m\u00e1s resiliente y sostenible y en el marco de <strong>Reimagine Textile<\/strong>, el programa de innovaci\u00f3n empresarial dirigido al sector del textil impulsado junto con el Ayuntamiento de Matar\u00f3 y TecnoCampus, hemos puesto a disposici\u00f3n de emprendedores, startups y empresas unas nuevas instalaciones de incubaci\u00f3n y un Laboratorio de Fabricaci\u00f3n y Prototipaje Textil para la generaci\u00f3n de nuevas actividades empresariales y productos innovadores.<\/p>\n<p>En paralelo, hemos continuado coordinando la <strong>Comunidad Ris3Cat Media<\/strong>, que est\u00e1 evidenciando hasta qu\u00e9 punto se crean oportunidades de futuro cuando la innovaci\u00f3n tecnol\u00f3gica y las industrias culturales y creativas suman para generar nuevos proyectos, experiencias y formatos, y que ha servido de semilla por potencial el Cl\u00faster Media donde tenemos una fuerte implicaci\u00f3n.<\/p>\n<p>En el \u00e1mbito de las nuevas iniciativas empresariales de base tecnol\u00f3gica, el segundo semestre del a\u00f1o ha sido especialmente prol\u00edfico, con la constituci\u00f3n de <strong>Ephion SL<\/strong>, que aporta una plataforma de IA para mejorar el seguimiento y tratamiento de pacientes con enfermedades degenerativas, y la aprobaci\u00f3n por parte de nuestro Patronato de la creaci\u00f3n de otra spin off relacionada con la tecnolog\u00eda CFIP.<\/p>\n<p>Este a\u00f1o se ha formalizado tambi\u00e9n nuestra participaci\u00f3n en una alianza de conocimiento, ciencia y tecnolog\u00eda integrada por la Universidad Rovira i Virgili, el Instituto Catal\u00e1n de Investigaci\u00f3n Qu\u00edmica y el IREC, n\u00facleo de investigaci\u00f3n e innovaci\u00f3n del <strong>Valle del Hidr\u00f3geno de Catalu\u00f1a<\/strong>, que trabaja en torno al desarrollo de las capacidades cient\u00edficas y tecnol\u00f3gicas necesarias relativas al hidr\u00f3geno renovable.<\/p>\n<p>En noviembre la primera edici\u00f3n de <strong>Cassandra Conference<\/strong> ha mostrado como un evento con vocaci\u00f3n internacional, organizado por Eurecat con el apoyo de organizaciones como la UNESCO y de la Comisi\u00f3n Europea y del Banco Mundial, puede contribuir a alinear la ciencia y la tecnolog\u00eda para que puedan estar al alcance y servicio de la sociedad en un momento de escasez de los recursos como el actual.<\/p>\n<p>Tanto esta iniciativa como las anteriormente mencionadas tienen la innovaci\u00f3n con impacto como denominador com\u00fan, al igual que los proyectos que hemos reunido en este \u00faltimo newsletter, donde profundizamos en el programa <strong>Acelera Pyme<\/strong>, en el que participamos para contribuir al impulso de la transformaci\u00f3n digital de las empresas.<\/p>\n<p>En la esfera de la salud, encontrar\u00e1 un sistema automatizado que incorpora tecnolog\u00eda de aprendizaje profundo para la detecci\u00f3n de lesiones causadas por la Covid-19. Le acercamos, adem\u00e1s, innovaciones que hemos desarrollado con <strong>Coniex<\/strong> en materia de nuevos procesos con silicona y los \u00faltimos ensayos de bater\u00edas que hemos realizado desde Battech para crear una nueva l\u00ednea de herramientas de la compa\u00f1\u00eda <strong>Rub\u00ed Group<\/strong>. Os presentamos tambi\u00e9n una plataforma l\u00edder que permite la monitorizaci\u00f3n del turismo familiar en la Costa Daurada y las Terres de l&#8217;Ebre y estudios muy potentes vinculados a la biotecnolog\u00eda y al sector metal\u00fargico, entre otros.<\/p>\n<p>Se trata de proyectos muy diferentes, pero todos ellos reflejan c\u00f3mo la integraci\u00f3n de capacidades multisectoriales y multitecnol\u00f3gicas avanza de forma acelerada hacia una visi\u00f3n hol\u00edstica, abriendo una nueva perspectiva innovadora que busca aportar las mejores soluciones para las necesidades cada vez m\u00e1s complejas de las empresas y de la sociedad. Espero que encuentre interesantes los contenidos y le traslado en nombre de todo el equipo de Eurecat los mejores deseos para 2022.<\/p>\n<p><strong>Xavier Torra<br \/>\n<\/strong><strong>Presidente de Eurecat<\/strong><\/p>\n","protected":false},"excerpt":{"rendered":"<p>Estamos a punto de cerrar este dif\u00edcil 2021 y es hora de repasar algunos de los hechos e iniciativas m\u00e1s destacadas del a\u00f1o. La innovaci\u00f3n de alto impacto, inspirada en la excelencia, buscando ser referente a nivel tecnol\u00f3gico y enfocada en el crecimiento eficiente de las empresas, con especial atenci\u00f3n a las pymes, que concentran  [&#8230;]<\/p>\n","protected":false},"author":20,"featured_media":117060,"comment_status":"closed","ping_status":"closed","sticky":false,"template":"","format":"standard","meta":{"footnotes":""},"categories":[133,2217],"tags":[],"class_list":["post-119194","post","type-post","status-publish","format-standard","has-post-thumbnail","hentry","category-blog","category-editorial"],"yoast_head":"<!-- This site is optimized with the Yoast SEO plugin v27.5 - https:\/\/yoast.com\/product\/yoast-seo-wordpress\/ -->\n<title>Una nueva perspectiva innovadora - Eurecat<\/title>\n<meta name=\"description\" content=\"Estamos a punto de cerrar este dif\u00edcil 2021 y es hora de repasar algunos de los hechos e iniciativas m\u00e1s destacadas del a\u00f1o. La innovaci\u00f3n de alto impacto, inspirada en la excelencia, buscando ser referente a nivel tecnol\u00f3gico y enfocada en el crecimiento eficiente de las empresas\" \/>\n<meta name=\"robots\" content=\"index, follow, max-snippet:-1, max-image-preview:large, max-video-preview:-1\" \/>\n<link rel=\"canonical\" href=\"https:\/\/eurecat.org\/es\/editorial_una-nueva-perspectiva-innovadora\/\" \/>\n<meta property=\"og:locale\" content=\"es_ES\" \/>\n<meta property=\"og:type\" content=\"article\" \/>\n<meta property=\"og:title\" content=\"Una nueva perspectiva innovadora - Eurecat\" \/>\n<meta property=\"og:description\" content=\"Estamos a punto de cerrar este dif\u00edcil 2021 y es hora de repasar algunos de los hechos e iniciativas m\u00e1s destacadas del a\u00f1o. La innovaci\u00f3n de alto impacto, inspirada en la excelencia, buscando ser referente a nivel tecnol\u00f3gico y enfocada en el crecimiento eficiente de las empresas\" \/>\n<meta property=\"og:url\" content=\"https:\/\/eurecat.org\/es\/editorial_una-nueva-perspectiva-innovadora\/\" \/>\n<meta property=\"og:site_name\" content=\"Eurecat\" \/>\n<meta property=\"article:published_time\" content=\"2021-12-22T15:37:36+00:00\" \/>\n<meta property=\"article:modified_time\" content=\"2021-12-22T15:44:10+00:00\" \/>\n<meta property=\"og:image\" content=\"https:\/\/eurecat.org\/wp-content\/uploads\/2021\/09\/Xavier_Torra_600-X-400.jpg\" \/>\n\t<meta property=\"og:image:width\" content=\"600\" \/>\n\t<meta property=\"og:image:height\" content=\"400\" \/>\n\t<meta property=\"og:image:type\" content=\"image\/jpeg\" \/>\n<meta name=\"author\" content=\"EurecatEQZ\" \/>\n<meta name=\"twitter:card\" content=\"summary_large_image\" \/>\n<meta name=\"twitter:label1\" content=\"Escrito por\" \/>\n\t<meta name=\"twitter:data1\" content=\"EurecatEQZ\" \/>\n\t<meta name=\"twitter:label2\" content=\"Tiempo de lectura\" \/>\n\t<meta name=\"twitter:data2\" content=\"5 minutos\" \/>\n<script type=\"application\/ld+json\" class=\"yoast-schema-graph\">{\"@context\":\"https:\\\/\\\/schema.org\",\"@graph\":[{\"@type\":\"Article\",\"@id\":\"https:\\\/\\\/eurecat.org\\\/es\\\/editorial_una-nueva-perspectiva-innovadora\\\/#article\",\"isPartOf\":{\"@id\":\"https:\\\/\\\/eurecat.org\\\/es\\\/editorial_una-nueva-perspectiva-innovadora\\\/\"},\"author\":{\"name\":\"EurecatEQZ\",\"@id\":\"https:\\\/\\\/eurecat.org\\\/es\\\/#\\\/schema\\\/person\\\/99d4d39712001e7621b6867b27b40bed\"},\"headline\":\"Una nueva perspectiva innovadora\",\"datePublished\":\"2021-12-22T15:37:36+00:00\",\"dateModified\":\"2021-12-22T15:44:10+00:00\",\"mainEntityOfPage\":{\"@id\":\"https:\\\/\\\/eurecat.org\\\/es\\\/editorial_una-nueva-perspectiva-innovadora\\\/\"},\"wordCount\":884,\"image\":{\"@id\":\"https:\\\/\\\/eurecat.org\\\/es\\\/editorial_una-nueva-perspectiva-innovadora\\\/#primaryimage\"},\"thumbnailUrl\":\"https:\\\/\\\/eurecat.org\\\/wp-content\\\/uploads\\\/2021\\\/09\\\/Xavier_Torra_600-X-400.jpg\",\"articleSection\":[\"Blog\",\"Editorial\"],\"inLanguage\":\"es\"},{\"@type\":\"WebPage\",\"@id\":\"https:\\\/\\\/eurecat.org\\\/es\\\/editorial_una-nueva-perspectiva-innovadora\\\/\",\"url\":\"https:\\\/\\\/eurecat.org\\\/es\\\/editorial_una-nueva-perspectiva-innovadora\\\/\",\"name\":\"Una nueva perspectiva innovadora - Eurecat\",\"isPartOf\":{\"@id\":\"https:\\\/\\\/eurecat.org\\\/es\\\/#website\"},\"primaryImageOfPage\":{\"@id\":\"https:\\\/\\\/eurecat.org\\\/es\\\/editorial_una-nueva-perspectiva-innovadora\\\/#primaryimage\"},\"image\":{\"@id\":\"https:\\\/\\\/eurecat.org\\\/es\\\/editorial_una-nueva-perspectiva-innovadora\\\/#primaryimage\"},\"thumbnailUrl\":\"https:\\\/\\\/eurecat.org\\\/wp-content\\\/uploads\\\/2021\\\/09\\\/Xavier_Torra_600-X-400.jpg\",\"datePublished\":\"2021-12-22T15:37:36+00:00\",\"dateModified\":\"2021-12-22T15:44:10+00:00\",\"author\":{\"@id\":\"https:\\\/\\\/eurecat.org\\\/es\\\/#\\\/schema\\\/person\\\/99d4d39712001e7621b6867b27b40bed\"},\"description\":\"Estamos a punto de cerrar este dif\u00edcil 2021 y es hora de repasar algunos de los hechos e iniciativas m\u00e1s destacadas del a\u00f1o. La innovaci\u00f3n de alto impacto, inspirada en la excelencia, buscando ser referente a nivel tecnol\u00f3gico y enfocada en el crecimiento eficiente de las empresas\",\"breadcrumb\":{\"@id\":\"https:\\\/\\\/eurecat.org\\\/es\\\/editorial_una-nueva-perspectiva-innovadora\\\/#breadcrumb\"},\"inLanguage\":\"es\",\"potentialAction\":[{\"@type\":\"ReadAction\",\"target\":[\"https:\\\/\\\/eurecat.org\\\/es\\\/editorial_una-nueva-perspectiva-innovadora\\\/\"]}]},{\"@type\":\"ImageObject\",\"inLanguage\":\"es\",\"@id\":\"https:\\\/\\\/eurecat.org\\\/es\\\/editorial_una-nueva-perspectiva-innovadora\\\/#primaryimage\",\"url\":\"https:\\\/\\\/eurecat.org\\\/wp-content\\\/uploads\\\/2021\\\/09\\\/Xavier_Torra_600-X-400.jpg\",\"contentUrl\":\"https:\\\/\\\/eurecat.org\\\/wp-content\\\/uploads\\\/2021\\\/09\\\/Xavier_Torra_600-X-400.jpg\",\"width\":600,\"height\":400},{\"@type\":\"BreadcrumbList\",\"@id\":\"https:\\\/\\\/eurecat.org\\\/es\\\/editorial_una-nueva-perspectiva-innovadora\\\/#breadcrumb\",\"itemListElement\":[{\"@type\":\"ListItem\",\"position\":1,\"name\":\"Inici\",\"item\":\"https:\\\/\\\/eurecat.org\\\/es\\\/\"},{\"@type\":\"ListItem\",\"position\":2,\"name\":\"Una nueva perspectiva innovadora\"}]},{\"@type\":\"WebSite\",\"@id\":\"https:\\\/\\\/eurecat.org\\\/es\\\/#website\",\"url\":\"https:\\\/\\\/eurecat.org\\\/es\\\/\",\"name\":\"Eurecat\",\"description\":\"Otro sitio realizado con WordPress\",\"potentialAction\":[{\"@type\":\"SearchAction\",\"target\":{\"@type\":\"EntryPoint\",\"urlTemplate\":\"https:\\\/\\\/eurecat.org\\\/es\\\/?s={search_term_string}\"},\"query-input\":{\"@type\":\"PropertyValueSpecification\",\"valueRequired\":true,\"valueName\":\"search_term_string\"}}],\"inLanguage\":\"es\"},{\"@type\":\"Person\",\"@id\":\"https:\\\/\\\/eurecat.org\\\/es\\\/#\\\/schema\\\/person\\\/99d4d39712001e7621b6867b27b40bed\",\"name\":\"EurecatEQZ\",\"image\":{\"@type\":\"ImageObject\",\"inLanguage\":\"es\",\"@id\":\"https:\\\/\\\/secure.gravatar.com\\\/avatar\\\/6deb26ca61bcc34263c59cc62bb8b08ff90b67af7f99943babf5d86396845993?s=96&d=mm&r=g\",\"url\":\"https:\\\/\\\/secure.gravatar.com\\\/avatar\\\/6deb26ca61bcc34263c59cc62bb8b08ff90b67af7f99943babf5d86396845993?s=96&d=mm&r=g\",\"contentUrl\":\"https:\\\/\\\/secure.gravatar.com\\\/avatar\\\/6deb26ca61bcc34263c59cc62bb8b08ff90b67af7f99943babf5d86396845993?s=96&d=mm&r=g\",\"caption\":\"EurecatEQZ\"}}]}<\/script>\n<!-- \/ Yoast SEO plugin. -->","yoast_head_json":{"title":"Una nueva perspectiva innovadora - Eurecat","description":"Estamos a punto de cerrar este dif\u00edcil 2021 y es hora de repasar algunos de los hechos e iniciativas m\u00e1s destacadas del a\u00f1o. La innovaci\u00f3n de alto impacto, inspirada en la excelencia, buscando ser referente a nivel tecnol\u00f3gico y enfocada en el crecimiento eficiente de las empresas","robots":{"index":"index","follow":"follow","max-snippet":"max-snippet:-1","max-image-preview":"max-image-preview:large","max-video-preview":"max-video-preview:-1"},"canonical":"https:\/\/eurecat.org\/es\/editorial_una-nueva-perspectiva-innovadora\/","og_locale":"es_ES","og_type":"article","og_title":"Una nueva perspectiva innovadora - Eurecat","og_description":"Estamos a punto de cerrar este dif\u00edcil 2021 y es hora de repasar algunos de los hechos e iniciativas m\u00e1s destacadas del a\u00f1o. La innovaci\u00f3n de alto impacto, inspirada en la excelencia, buscando ser referente a nivel tecnol\u00f3gico y enfocada en el crecimiento eficiente de las empresas","og_url":"https:\/\/eurecat.org\/es\/editorial_una-nueva-perspectiva-innovadora\/","og_site_name":"Eurecat","article_published_time":"2021-12-22T15:37:36+00:00","article_modified_time":"2021-12-22T15:44:10+00:00","og_image":[{"width":600,"height":400,"url":"https:\/\/eurecat.org\/wp-content\/uploads\/2021\/09\/Xavier_Torra_600-X-400.jpg","type":"image\/jpeg"}],"author":"EurecatEQZ","twitter_card":"summary_large_image","twitter_misc":{"Escrito por":"EurecatEQZ","Tiempo de lectura":"5 minutos"},"schema":{"@context":"https:\/\/schema.org","@graph":[{"@type":"Article","@id":"https:\/\/eurecat.org\/es\/editorial_una-nueva-perspectiva-innovadora\/#article","isPartOf":{"@id":"https:\/\/eurecat.org\/es\/editorial_una-nueva-perspectiva-innovadora\/"},"author":{"name":"EurecatEQZ","@id":"https:\/\/eurecat.org\/es\/#\/schema\/person\/99d4d39712001e7621b6867b27b40bed"},"headline":"Una nueva perspectiva innovadora","datePublished":"2021-12-22T15:37:36+00:00","dateModified":"2021-12-22T15:44:10+00:00","mainEntityOfPage":{"@id":"https:\/\/eurecat.org\/es\/editorial_una-nueva-perspectiva-innovadora\/"},"wordCount":884,"image":{"@id":"https:\/\/eurecat.org\/es\/editorial_una-nueva-perspectiva-innovadora\/#primaryimage"},"thumbnailUrl":"https:\/\/eurecat.org\/wp-content\/uploads\/2021\/09\/Xavier_Torra_600-X-400.jpg","articleSection":["Blog","Editorial"],"inLanguage":"es"},{"@type":"WebPage","@id":"https:\/\/eurecat.org\/es\/editorial_una-nueva-perspectiva-innovadora\/","url":"https:\/\/eurecat.org\/es\/editorial_una-nueva-perspectiva-innovadora\/","name":"Una nueva perspectiva innovadora - Eurecat","isPartOf":{"@id":"https:\/\/eurecat.org\/es\/#website"},"primaryImageOfPage":{"@id":"https:\/\/eurecat.org\/es\/editorial_una-nueva-perspectiva-innovadora\/#primaryimage"},"image":{"@id":"https:\/\/eurecat.org\/es\/editorial_una-nueva-perspectiva-innovadora\/#primaryimage"},"thumbnailUrl":"https:\/\/eurecat.org\/wp-content\/uploads\/2021\/09\/Xavier_Torra_600-X-400.jpg","datePublished":"2021-12-22T15:37:36+00:00","dateModified":"2021-12-22T15:44:10+00:00","author":{"@id":"https:\/\/eurecat.org\/es\/#\/schema\/person\/99d4d39712001e7621b6867b27b40bed"},"description":"Estamos a punto de cerrar este dif\u00edcil 2021 y es hora de repasar algunos de los hechos e iniciativas m\u00e1s destacadas del a\u00f1o. La innovaci\u00f3n de alto impacto, inspirada en la excelencia, buscando ser referente a nivel tecnol\u00f3gico y enfocada en el crecimiento eficiente de las empresas","breadcrumb":{"@id":"https:\/\/eurecat.org\/es\/editorial_una-nueva-perspectiva-innovadora\/#breadcrumb"},"inLanguage":"es","potentialAction":[{"@type":"ReadAction","target":["https:\/\/eurecat.org\/es\/editorial_una-nueva-perspectiva-innovadora\/"]}]},{"@type":"ImageObject","inLanguage":"es","@id":"https:\/\/eurecat.org\/es\/editorial_una-nueva-perspectiva-innovadora\/#primaryimage","url":"https:\/\/eurecat.org\/wp-content\/uploads\/2021\/09\/Xavier_Torra_600-X-400.jpg","contentUrl":"https:\/\/eurecat.org\/wp-content\/uploads\/2021\/09\/Xavier_Torra_600-X-400.jpg","width":600,"height":400},{"@type":"BreadcrumbList","@id":"https:\/\/eurecat.org\/es\/editorial_una-nueva-perspectiva-innovadora\/#breadcrumb","itemListElement":[{"@type":"ListItem","position":1,"name":"Inici","item":"https:\/\/eurecat.org\/es\/"},{"@type":"ListItem","position":2,"name":"Una nueva perspectiva innovadora"}]},{"@type":"WebSite","@id":"https:\/\/eurecat.org\/es\/#website","url":"https:\/\/eurecat.org\/es\/","name":"Eurecat","description":"Otro sitio realizado con WordPress","potentialAction":[{"@type":"SearchAction","target":{"@type":"EntryPoint","urlTemplate":"https:\/\/eurecat.org\/es\/?s={search_term_string}"},"query-input":{"@type":"PropertyValueSpecification","valueRequired":true,"valueName":"search_term_string"}}],"inLanguage":"es"},{"@type":"Person","@id":"https:\/\/eurecat.org\/es\/#\/schema\/person\/99d4d39712001e7621b6867b27b40bed","name":"EurecatEQZ","image":{"@type":"ImageObject","inLanguage":"es","@id":"https:\/\/secure.gravatar.com\/avatar\/6deb26ca61bcc34263c59cc62bb8b08ff90b67af7f99943babf5d86396845993?s=96&d=mm&r=g","url":"https:\/\/secure.gravatar.com\/avatar\/6deb26ca61bcc34263c59cc62bb8b08ff90b67af7f99943babf5d86396845993?s=96&d=mm&r=g","contentUrl":"https:\/\/secure.gravatar.com\/avatar\/6deb26ca61bcc34263c59cc62bb8b08ff90b67af7f99943babf5d86396845993?s=96&d=mm&r=g","caption":"EurecatEQZ"}}]}},"_links":{"self":[{"href":"https:\/\/eurecat.org\/es\/wp-json\/wp\/v2\/posts\/119194","targetHints":{"allow":["GET"]}}],"collection":[{"href":"https:\/\/eurecat.org\/es\/wp-json\/wp\/v2\/posts"}],"about":[{"href":"https:\/\/eurecat.org\/es\/wp-json\/wp\/v2\/types\/post"}],"author":[{"embeddable":true,"href":"https:\/\/eurecat.org\/es\/wp-json\/wp\/v2\/users\/20"}],"replies":[{"embeddable":true,"href":"https:\/\/eurecat.org\/es\/wp-json\/wp\/v2\/comments?post=119194"}],"version-history":[{"count":0,"href":"https:\/\/eurecat.org\/es\/wp-json\/wp\/v2\/posts\/119194\/revisions"}],"wp:featuredmedia":[{"embeddable":true,"href":"https:\/\/eurecat.org\/es\/wp-json\/wp\/v2\/media\/117060"}],"wp:attachment":[{"href":"https:\/\/eurecat.org\/es\/wp-json\/wp\/v2\/media?parent=119194"}],"wp:term":[{"taxonomy":"category","embeddable":true,"href":"https:\/\/eurecat.org\/es\/wp-json\/wp\/v2\/categories?post=119194"},{"taxonomy":"post_tag","embeddable":true,"href":"https:\/\/eurecat.org\/es\/wp-json\/wp\/v2\/tags?post=119194"}],"curies":[{"name":"wp","href":"https:\/\/api.w.org\/{rel}","templated":true}]}}