{"id":119572,"date":"2022-01-28T11:29:47","date_gmt":"2022-01-28T10:29:47","guid":{"rendered":"https:\/\/eurecat.org\/?p=119572"},"modified":"2022-01-28T11:39:05","modified_gmt":"2022-01-28T10:39:05","slug":"editorial_innovacion-con-proposito","status":"publish","type":"post","link":"https:\/\/eurecat.org\/es\/editorial_innovacion-con-proposito\/","title":{"rendered":"Innovaci\u00f3n con prop\u00f3sito"},"content":{"rendered":"<p><strong><img decoding=\"async\" class=\"alignleft wp-image-119582 size-medium\" src=\"https:\/\/eurecat.org\/wp-content\/uploads\/2022\/01\/XAVIER-TORRA_RETRAT09_low-2-300x201.jpg\" alt=\"\" width=\"300\" height=\"201\" srcset=\"https:\/\/eurecat.org\/wp-content\/uploads\/2022\/01\/XAVIER-TORRA_RETRAT09_low-2-200x134.jpg 200w, https:\/\/eurecat.org\/wp-content\/uploads\/2022\/01\/XAVIER-TORRA_RETRAT09_low-2-300x201.jpg 300w, https:\/\/eurecat.org\/wp-content\/uploads\/2022\/01\/XAVIER-TORRA_RETRAT09_low-2-400x268.jpg 400w, https:\/\/eurecat.org\/wp-content\/uploads\/2022\/01\/XAVIER-TORRA_RETRAT09_low-2-600x402.jpg 600w, https:\/\/eurecat.org\/wp-content\/uploads\/2022\/01\/XAVIER-TORRA_RETRAT09_low-2.jpg 709w\" sizes=\"(max-width: 300px) 100vw, 300px\" \/><\/strong><\/p>\n<p>La innovaci\u00f3n tecnol\u00f3gica est\u00e1 m\u00e1s que nunca en el coraz\u00f3n de los nuevos productos y servicios y en el propio funcionamiento de los procesos de fabricaci\u00f3n y producci\u00f3n. Por este motivo, desde Eurecat <strong>estamos creando junto con las empresas todo tipo de soluciones diferenciales para dar respuesta a sus necesidades<\/strong>, en este contexto tan complejo que ha generado la pandemia de la Covid-19 a todos los niveles. <strong>Las acompa\u00f1amos desde la conceptualizaci\u00f3n de la innovaci\u00f3n hasta su escalado industrial<\/strong>, incluyendo el diagn\u00f3stico, la estrategia, la construcci\u00f3n de iniciativas, la planificaci\u00f3n, la realizaci\u00f3n de la prueba de concepto, el desarrollo, el despliegue y el apoyo en la gesti\u00f3n del cambio.<\/p>\n<p>Nuestra actividad est\u00e1 orientada, por tanto, a <strong>ofrecer un soporte potente y multisectorial para que las empresas de todos los tama\u00f1os y sectores puedan dar respuesta a sus retos, mediante la implantaci\u00f3n de tecnolog\u00eda puntera y adaptada a sus requerimientos<\/strong>, en un escenario donde nuestras actuaciones y las de las empresas para las que trabajamos, adem\u00e1s de aportar soluciones a los desaf\u00edos empresariales, incorporan prop\u00f3sitos sociales, medioambientales y enfocados al bienestar de las personas y al progreso territorial.<\/p>\n<p>Nuestro \u00e9xito se mide en funci\u00f3n de la mejora competitiva y de nuestra contribuci\u00f3n al desarrollo econ\u00f3mico del entorno, as\u00ed como a nivel de impacto como fuente de riqueza y empleo. Sin embargo, sabemos que <strong>para muchas empresas innovar es todo un desaf\u00edo, aunque no hacerlo supone quedar atr\u00e1s en t\u00e9rminos de competitividad y diferenciaci\u00f3n<\/strong>. Por este motivo, una de nuestras misiones estrat\u00e9gicas como centro tecnol\u00f3gico de referencia en 2022 es facilitar m\u00e1s que nunca la incorporaci\u00f3n de tecnolog\u00eda diferencial como palanca de cambio en las estrategias de crecimiento.<\/p>\n<p>En este sentido, <strong>una de nuestras singularidades es la capacidad que tenemos para combinar m\u00faltiples disciplinas tecnol\u00f3gicas, algo que tiene una importancia creciente para poder responder a las soluciones cada vez m\u00e1s complejas<\/strong> que requieren las empresas, las administraciones y el conjunto de la sociedad. As\u00ed lo reflejan algunos de los proyectos liderados por Eurecat que hemos seleccionado en este primer newsletter del a\u00f1o, como <strong>Impetus<\/strong>, que cuenta con un presupuesto de 14,8 millones de euros con el objetivo de acelerar la respuesta de Europa al cambio clim\u00e1tico, o <strong>Sharework<\/strong>, que desarrolla un nuevo sistema inteligente para la colaboraci\u00f3n entre robots y trabajadores en la industria de forma segura. Se trata de iniciativas muy ambiciosas, pero lo importante es que muestran c\u00f3mo los prop\u00f3sitos de innovaci\u00f3n se pueden convertir en nuevas ideas y grandes soluciones.<\/p>\n<p><strong>Xavier Torra<br \/>\n<\/strong><strong>Presidente de Eurecat<\/strong><\/p>\n","protected":false},"excerpt":{"rendered":"<p>La innovaci\u00f3n tecnol\u00f3gica est\u00e1 m\u00e1s que nunca en el coraz\u00f3n de los nuevos productos y servicios y en el propio funcionamiento de los procesos de fabricaci\u00f3n y producci\u00f3n. Por este motivo, desde Eurecat estamos creando junto con las empresas todo tipo de soluciones diferenciales para dar respuesta a sus necesidades, en este contexto tan complejo  [&#8230;]<\/p>\n","protected":false},"author":20,"featured_media":119578,"comment_status":"closed","ping_status":"closed","sticky":false,"template":"","format":"standard","meta":{"footnotes":""},"categories":[133,2217],"tags":[],"class_list":["post-119572","post","type-post","status-publish","format-standard","has-post-thumbnail","hentry","category-blog","category-editorial"],"yoast_head":"<!-- This site is optimized with the Yoast SEO plugin v27.5 - https:\/\/yoast.com\/product\/yoast-seo-wordpress\/ -->\n<title>Innovaci\u00f3n con prop\u00f3sito - Eurecat<\/title>\n<meta name=\"description\" content=\"La innovaci\u00f3n tecnol\u00f3gica est\u00e1 m\u00e1s que nunca en el coraz\u00f3n de los nuevos productos y servicios y en el propio funcionamiento de los procesos de fabricaci\u00f3n y producci\u00f3n.\" \/>\n<meta name=\"robots\" content=\"index, follow, max-snippet:-1, max-image-preview:large, max-video-preview:-1\" \/>\n<link rel=\"canonical\" href=\"https:\/\/eurecat.org\/es\/editorial_innovacion-con-proposito\/\" \/>\n<meta property=\"og:locale\" content=\"es_ES\" \/>\n<meta property=\"og:type\" content=\"article\" \/>\n<meta property=\"og:title\" content=\"Innovaci\u00f3n con prop\u00f3sito - Eurecat\" \/>\n<meta property=\"og:description\" content=\"La innovaci\u00f3n tecnol\u00f3gica est\u00e1 m\u00e1s que nunca en el coraz\u00f3n de los nuevos productos y servicios y en el propio funcionamiento de los procesos de fabricaci\u00f3n y producci\u00f3n.\" \/>\n<meta property=\"og:url\" content=\"https:\/\/eurecat.org\/es\/editorial_innovacion-con-proposito\/\" \/>\n<meta property=\"og:site_name\" content=\"Eurecat\" \/>\n<meta property=\"article:published_time\" content=\"2022-01-28T10:29:47+00:00\" \/>\n<meta property=\"article:modified_time\" content=\"2022-01-28T10:39:05+00:00\" \/>\n<meta property=\"og:image\" content=\"https:\/\/eurecat.org\/wp-content\/uploads\/2022\/01\/XAVIER-TORRA_RETRAT09_low-1.jpg\" \/>\n\t<meta property=\"og:image:width\" content=\"709\" \/>\n\t<meta property=\"og:image:height\" content=\"475\" \/>\n\t<meta property=\"og:image:type\" content=\"image\/jpeg\" \/>\n<meta name=\"author\" content=\"EurecatEQZ\" \/>\n<meta name=\"twitter:card\" content=\"summary_large_image\" \/>\n<meta name=\"twitter:label1\" content=\"Escrito por\" \/>\n\t<meta name=\"twitter:data1\" content=\"EurecatEQZ\" \/>\n\t<meta name=\"twitter:label2\" content=\"Tiempo de lectura\" \/>\n\t<meta name=\"twitter:data2\" content=\"3 minutos\" \/>\n<script type=\"application\/ld+json\" class=\"yoast-schema-graph\">{\"@context\":\"https:\\\/\\\/schema.org\",\"@graph\":[{\"@type\":\"Article\",\"@id\":\"https:\\\/\\\/eurecat.org\\\/es\\\/editorial_innovacion-con-proposito\\\/#article\",\"isPartOf\":{\"@id\":\"https:\\\/\\\/eurecat.org\\\/es\\\/editorial_innovacion-con-proposito\\\/\"},\"author\":{\"name\":\"EurecatEQZ\",\"@id\":\"https:\\\/\\\/eurecat.org\\\/es\\\/#\\\/schema\\\/person\\\/99d4d39712001e7621b6867b27b40bed\"},\"headline\":\"Innovaci\u00f3n con prop\u00f3sito\",\"datePublished\":\"2022-01-28T10:29:47+00:00\",\"dateModified\":\"2022-01-28T10:39:05+00:00\",\"mainEntityOfPage\":{\"@id\":\"https:\\\/\\\/eurecat.org\\\/es\\\/editorial_innovacion-con-proposito\\\/\"},\"wordCount\":460,\"image\":{\"@id\":\"https:\\\/\\\/eurecat.org\\\/es\\\/editorial_innovacion-con-proposito\\\/#primaryimage\"},\"thumbnailUrl\":\"https:\\\/\\\/eurecat.org\\\/wp-content\\\/uploads\\\/2022\\\/01\\\/XAVIER-TORRA_RETRAT09_low-1.jpg\",\"articleSection\":[\"Blog\",\"Editorial\"],\"inLanguage\":\"es\"},{\"@type\":\"WebPage\",\"@id\":\"https:\\\/\\\/eurecat.org\\\/es\\\/editorial_innovacion-con-proposito\\\/\",\"url\":\"https:\\\/\\\/eurecat.org\\\/es\\\/editorial_innovacion-con-proposito\\\/\",\"name\":\"Innovaci\u00f3n con prop\u00f3sito - Eurecat\",\"isPartOf\":{\"@id\":\"https:\\\/\\\/eurecat.org\\\/es\\\/#website\"},\"primaryImageOfPage\":{\"@id\":\"https:\\\/\\\/eurecat.org\\\/es\\\/editorial_innovacion-con-proposito\\\/#primaryimage\"},\"image\":{\"@id\":\"https:\\\/\\\/eurecat.org\\\/es\\\/editorial_innovacion-con-proposito\\\/#primaryimage\"},\"thumbnailUrl\":\"https:\\\/\\\/eurecat.org\\\/wp-content\\\/uploads\\\/2022\\\/01\\\/XAVIER-TORRA_RETRAT09_low-1.jpg\",\"datePublished\":\"2022-01-28T10:29:47+00:00\",\"dateModified\":\"2022-01-28T10:39:05+00:00\",\"author\":{\"@id\":\"https:\\\/\\\/eurecat.org\\\/es\\\/#\\\/schema\\\/person\\\/99d4d39712001e7621b6867b27b40bed\"},\"description\":\"La innovaci\u00f3n tecnol\u00f3gica est\u00e1 m\u00e1s que nunca en el coraz\u00f3n de los nuevos productos y servicios y en el propio funcionamiento de los procesos de fabricaci\u00f3n y producci\u00f3n.\",\"breadcrumb\":{\"@id\":\"https:\\\/\\\/eurecat.org\\\/es\\\/editorial_innovacion-con-proposito\\\/#breadcrumb\"},\"inLanguage\":\"es\",\"potentialAction\":[{\"@type\":\"ReadAction\",\"target\":[\"https:\\\/\\\/eurecat.org\\\/es\\\/editorial_innovacion-con-proposito\\\/\"]}]},{\"@type\":\"ImageObject\",\"inLanguage\":\"es\",\"@id\":\"https:\\\/\\\/eurecat.org\\\/es\\\/editorial_innovacion-con-proposito\\\/#primaryimage\",\"url\":\"https:\\\/\\\/eurecat.org\\\/wp-content\\\/uploads\\\/2022\\\/01\\\/XAVIER-TORRA_RETRAT09_low-1.jpg\",\"contentUrl\":\"https:\\\/\\\/eurecat.org\\\/wp-content\\\/uploads\\\/2022\\\/01\\\/XAVIER-TORRA_RETRAT09_low-1.jpg\",\"width\":709,\"height\":475},{\"@type\":\"BreadcrumbList\",\"@id\":\"https:\\\/\\\/eurecat.org\\\/es\\\/editorial_innovacion-con-proposito\\\/#breadcrumb\",\"itemListElement\":[{\"@type\":\"ListItem\",\"position\":1,\"name\":\"Inici\",\"item\":\"https:\\\/\\\/eurecat.org\\\/es\\\/\"},{\"@type\":\"ListItem\",\"position\":2,\"name\":\"Innovaci\u00f3n con prop\u00f3sito\"}]},{\"@type\":\"WebSite\",\"@id\":\"https:\\\/\\\/eurecat.org\\\/es\\\/#website\",\"url\":\"https:\\\/\\\/eurecat.org\\\/es\\\/\",\"name\":\"Eurecat\",\"description\":\"Otro sitio realizado con WordPress\",\"potentialAction\":[{\"@type\":\"SearchAction\",\"target\":{\"@type\":\"EntryPoint\",\"urlTemplate\":\"https:\\\/\\\/eurecat.org\\\/es\\\/?s={search_term_string}\"},\"query-input\":{\"@type\":\"PropertyValueSpecification\",\"valueRequired\":true,\"valueName\":\"search_term_string\"}}],\"inLanguage\":\"es\"},{\"@type\":\"Person\",\"@id\":\"https:\\\/\\\/eurecat.org\\\/es\\\/#\\\/schema\\\/person\\\/99d4d39712001e7621b6867b27b40bed\",\"name\":\"EurecatEQZ\",\"image\":{\"@type\":\"ImageObject\",\"inLanguage\":\"es\",\"@id\":\"https:\\\/\\\/secure.gravatar.com\\\/avatar\\\/6deb26ca61bcc34263c59cc62bb8b08ff90b67af7f99943babf5d86396845993?s=96&d=mm&r=g\",\"url\":\"https:\\\/\\\/secure.gravatar.com\\\/avatar\\\/6deb26ca61bcc34263c59cc62bb8b08ff90b67af7f99943babf5d86396845993?s=96&d=mm&r=g\",\"contentUrl\":\"https:\\\/\\\/secure.gravatar.com\\\/avatar\\\/6deb26ca61bcc34263c59cc62bb8b08ff90b67af7f99943babf5d86396845993?s=96&d=mm&r=g\",\"caption\":\"EurecatEQZ\"}}]}<\/script>\n<!-- \/ Yoast SEO plugin. -->","yoast_head_json":{"title":"Innovaci\u00f3n con prop\u00f3sito - Eurecat","description":"La innovaci\u00f3n tecnol\u00f3gica est\u00e1 m\u00e1s que nunca en el coraz\u00f3n de los nuevos productos y servicios y en el propio funcionamiento de los procesos de fabricaci\u00f3n y producci\u00f3n.","robots":{"index":"index","follow":"follow","max-snippet":"max-snippet:-1","max-image-preview":"max-image-preview:large","max-video-preview":"max-video-preview:-1"},"canonical":"https:\/\/eurecat.org\/es\/editorial_innovacion-con-proposito\/","og_locale":"es_ES","og_type":"article","og_title":"Innovaci\u00f3n con prop\u00f3sito - Eurecat","og_description":"La innovaci\u00f3n tecnol\u00f3gica est\u00e1 m\u00e1s que nunca en el coraz\u00f3n de los nuevos productos y servicios y en el propio funcionamiento de los procesos de fabricaci\u00f3n y producci\u00f3n.","og_url":"https:\/\/eurecat.org\/es\/editorial_innovacion-con-proposito\/","og_site_name":"Eurecat","article_published_time":"2022-01-28T10:29:47+00:00","article_modified_time":"2022-01-28T10:39:05+00:00","og_image":[{"width":709,"height":475,"url":"https:\/\/eurecat.org\/wp-content\/uploads\/2022\/01\/XAVIER-TORRA_RETRAT09_low-1.jpg","type":"image\/jpeg"}],"author":"EurecatEQZ","twitter_card":"summary_large_image","twitter_misc":{"Escrito por":"EurecatEQZ","Tiempo de lectura":"3 minutos"},"schema":{"@context":"https:\/\/schema.org","@graph":[{"@type":"Article","@id":"https:\/\/eurecat.org\/es\/editorial_innovacion-con-proposito\/#article","isPartOf":{"@id":"https:\/\/eurecat.org\/es\/editorial_innovacion-con-proposito\/"},"author":{"name":"EurecatEQZ","@id":"https:\/\/eurecat.org\/es\/#\/schema\/person\/99d4d39712001e7621b6867b27b40bed"},"headline":"Innovaci\u00f3n con prop\u00f3sito","datePublished":"2022-01-28T10:29:47+00:00","dateModified":"2022-01-28T10:39:05+00:00","mainEntityOfPage":{"@id":"https:\/\/eurecat.org\/es\/editorial_innovacion-con-proposito\/"},"wordCount":460,"image":{"@id":"https:\/\/eurecat.org\/es\/editorial_innovacion-con-proposito\/#primaryimage"},"thumbnailUrl":"https:\/\/eurecat.org\/wp-content\/uploads\/2022\/01\/XAVIER-TORRA_RETRAT09_low-1.jpg","articleSection":["Blog","Editorial"],"inLanguage":"es"},{"@type":"WebPage","@id":"https:\/\/eurecat.org\/es\/editorial_innovacion-con-proposito\/","url":"https:\/\/eurecat.org\/es\/editorial_innovacion-con-proposito\/","name":"Innovaci\u00f3n con prop\u00f3sito - Eurecat","isPartOf":{"@id":"https:\/\/eurecat.org\/es\/#website"},"primaryImageOfPage":{"@id":"https:\/\/eurecat.org\/es\/editorial_innovacion-con-proposito\/#primaryimage"},"image":{"@id":"https:\/\/eurecat.org\/es\/editorial_innovacion-con-proposito\/#primaryimage"},"thumbnailUrl":"https:\/\/eurecat.org\/wp-content\/uploads\/2022\/01\/XAVIER-TORRA_RETRAT09_low-1.jpg","datePublished":"2022-01-28T10:29:47+00:00","dateModified":"2022-01-28T10:39:05+00:00","author":{"@id":"https:\/\/eurecat.org\/es\/#\/schema\/person\/99d4d39712001e7621b6867b27b40bed"},"description":"La innovaci\u00f3n tecnol\u00f3gica est\u00e1 m\u00e1s que nunca en el coraz\u00f3n de los nuevos productos y servicios y en el propio funcionamiento de los procesos de fabricaci\u00f3n y producci\u00f3n.","breadcrumb":{"@id":"https:\/\/eurecat.org\/es\/editorial_innovacion-con-proposito\/#breadcrumb"},"inLanguage":"es","potentialAction":[{"@type":"ReadAction","target":["https:\/\/eurecat.org\/es\/editorial_innovacion-con-proposito\/"]}]},{"@type":"ImageObject","inLanguage":"es","@id":"https:\/\/eurecat.org\/es\/editorial_innovacion-con-proposito\/#primaryimage","url":"https:\/\/eurecat.org\/wp-content\/uploads\/2022\/01\/XAVIER-TORRA_RETRAT09_low-1.jpg","contentUrl":"https:\/\/eurecat.org\/wp-content\/uploads\/2022\/01\/XAVIER-TORRA_RETRAT09_low-1.jpg","width":709,"height":475},{"@type":"BreadcrumbList","@id":"https:\/\/eurecat.org\/es\/editorial_innovacion-con-proposito\/#breadcrumb","itemListElement":[{"@type":"ListItem","position":1,"name":"Inici","item":"https:\/\/eurecat.org\/es\/"},{"@type":"ListItem","position":2,"name":"Innovaci\u00f3n con prop\u00f3sito"}]},{"@type":"WebSite","@id":"https:\/\/eurecat.org\/es\/#website","url":"https:\/\/eurecat.org\/es\/","name":"Eurecat","description":"Otro sitio realizado con WordPress","potentialAction":[{"@type":"SearchAction","target":{"@type":"EntryPoint","urlTemplate":"https:\/\/eurecat.org\/es\/?s={search_term_string}"},"query-input":{"@type":"PropertyValueSpecification","valueRequired":true,"valueName":"search_term_string"}}],"inLanguage":"es"},{"@type":"Person","@id":"https:\/\/eurecat.org\/es\/#\/schema\/person\/99d4d39712001e7621b6867b27b40bed","name":"EurecatEQZ","image":{"@type":"ImageObject","inLanguage":"es","@id":"https:\/\/secure.gravatar.com\/avatar\/6deb26ca61bcc34263c59cc62bb8b08ff90b67af7f99943babf5d86396845993?s=96&d=mm&r=g","url":"https:\/\/secure.gravatar.com\/avatar\/6deb26ca61bcc34263c59cc62bb8b08ff90b67af7f99943babf5d86396845993?s=96&d=mm&r=g","contentUrl":"https:\/\/secure.gravatar.com\/avatar\/6deb26ca61bcc34263c59cc62bb8b08ff90b67af7f99943babf5d86396845993?s=96&d=mm&r=g","caption":"EurecatEQZ"}}]}},"_links":{"self":[{"href":"https:\/\/eurecat.org\/es\/wp-json\/wp\/v2\/posts\/119572","targetHints":{"allow":["GET"]}}],"collection":[{"href":"https:\/\/eurecat.org\/es\/wp-json\/wp\/v2\/posts"}],"about":[{"href":"https:\/\/eurecat.org\/es\/wp-json\/wp\/v2\/types\/post"}],"author":[{"embeddable":true,"href":"https:\/\/eurecat.org\/es\/wp-json\/wp\/v2\/users\/20"}],"replies":[{"embeddable":true,"href":"https:\/\/eurecat.org\/es\/wp-json\/wp\/v2\/comments?post=119572"}],"version-history":[{"count":0,"href":"https:\/\/eurecat.org\/es\/wp-json\/wp\/v2\/posts\/119572\/revisions"}],"wp:featuredmedia":[{"embeddable":true,"href":"https:\/\/eurecat.org\/es\/wp-json\/wp\/v2\/media\/119578"}],"wp:attachment":[{"href":"https:\/\/eurecat.org\/es\/wp-json\/wp\/v2\/media?parent=119572"}],"wp:term":[{"taxonomy":"category","embeddable":true,"href":"https:\/\/eurecat.org\/es\/wp-json\/wp\/v2\/categories?post=119572"},{"taxonomy":"post_tag","embeddable":true,"href":"https:\/\/eurecat.org\/es\/wp-json\/wp\/v2\/tags?post=119572"}],"curies":[{"name":"wp","href":"https:\/\/api.w.org\/{rel}","templated":true}]}}