{"id":120456,"date":"2022-02-23T09:00:38","date_gmt":"2022-02-23T08:00:38","guid":{"rendered":"https:\/\/eurecat.org\/?p=120456"},"modified":"2022-02-25T11:52:47","modified_gmt":"2022-02-25T10:52:47","slug":"eurecat-hub-foodtech-nutrition-transformacion-economica-social","status":"publish","type":"post","link":"https:\/\/eurecat.org\/es\/eurecat-hub-foodtech-nutrition-transformacion-economica-social\/","title":{"rendered":"Eurecat participa en el Hub Foodtech &#038; Nutrition que impulsa la transformaci\u00f3n econ\u00f3mica y social a partir de los sectores tecnol\u00f3gico y alimentario"},"content":{"rendered":"<p>El Auditorio Antoni Gaud\u00ed ha acogido el acto de presentaci\u00f3n del Hub Foodtech &amp; Nutrition, uno de los proyectos m\u00e1s ambiciosos que presenta el Ayuntamiento de Reus a los Fondos Europeos Next Generation y que est\u00e1 liderado por el consistorio reusense a trav\u00e9s de la empresa municipal REDESSA, la Diputaci\u00f3 de Tarragona, la Universitat Rovira i Virgili, el centro tecnol\u00f3gico <a href=\"http:\/\/eurecat.org\/\">Eurecat<\/a> y el sector privado, representado por el Cl\u00faster TIC Catalunya Sud y las empresas alimentarias de la demarcaci\u00f3n.<\/p>\n<p>El Hub Foodtech &amp; Nutrition es una iniciativa p\u00fablico-privada que tiene como finalidad la creaci\u00f3n de un ecosistema catalizador de innovaci\u00f3n, especializado en nutrici\u00f3n, que genere din\u00e1micas entre dos sectores estrat\u00e9gicos en la Catalunya Sud: el tecnol\u00f3gico y el alimentario, para dar respuesta a los retos presentes y futuros, y contribuir a la recuperaci\u00f3n postpandemia y a la transformaci\u00f3n econ\u00f3mica y social. En este sentido, el alcalde de Reus, Carles Pellicer, ha explicado que \u201ceste proyecto renueva el compromiso hist\u00f3rico de la ciudad con el sector alimentario, con una gran apuesta por la innovaci\u00f3n y la tecnolog\u00eda, y con una clara voluntad de transferencia al sector productivo local que contribuye a la reactivaci\u00f3n econ\u00f3mica\u201d.<\/p>\n<p>El Hub Foodtech &amp; Nutrition forma parte de los 27 proyectos emblem\u00e1ticos a los que el Gobierno de la Generalitat da apoyo en el marco de los Urban Tech Hubs, concretamente, en la vertical de nutrici\u00f3n. La secretaria de Asuntos Econ\u00f3micos y Fondos Europeos de la Generalitat, Matilde Villarroya, ha afirmado que \u201cel Hub Foodtech &amp; Nutrition es un ejemplo de las cosas que se pueden conseguir cuando los \u00a0diversos actores suman esfuerzos para lograr un objetivo compartido. Los fondos europeos son una clara oportunidad para proyectos transformadores. Concretamente, el PERTE Agroalimentario que prev\u00e9 la inversi\u00f3n de 1.000 millones de euros, puede ser una inyecci\u00f3n muy importante para el sector. Por este motivo desde el gobierno de la Generalitat pedimos coliderar este PERTE para intentar conseguir que estos fondos sean realmente transformadores y lleguen a proyectos reales, como el Hub Foodtech &amp; Nutrition que hoy se presenta\u201d.<\/p>\n<p>En su intervenci\u00f3n, el secretario de Pol\u00edticas Digitales, David Ferrer, ha asegurado que \u201cel sector de la nutrici\u00f3n y la alimentaci\u00f3n est\u00e1 en proceso de transformaci\u00f3n y las tecnolog\u00edas digitales son una palanca para abordar retos como el impacto del sector en el cambio clim\u00e1tico y su descarbonizaci\u00f3n, los cambios en los h\u00e1bitos de consumo y una trazabilidad cada vez m\u00e1s cuidada. Ser\u00e1 clave el uso de tecnolog\u00edas digitales avanzadas que impulsamos desde el Departamento de la Vicepresidencia a trav\u00e9s de estrategias e iniciativas que estar\u00e1n conectadas con el Hub Foodtech &amp; Nutrition, para maximizar su impacto y establecer colaboraciones p\u00fablico-privadas de transformaci\u00f3n digital\u201d.<\/p>\n<p><img decoding=\"async\" class=\"alignnone size-full wp-image-120462 aligncenter\" src=\"https:\/\/eurecat.org\/wp-content\/uploads\/2022\/02\/foto_hub_800px.jpg\" alt=\"hub foodtech &amp; nutrition eurecat\" width=\"800\" height=\"361\" srcset=\"https:\/\/eurecat.org\/wp-content\/uploads\/2022\/02\/foto_hub_800px-200x90.jpg 200w, https:\/\/eurecat.org\/wp-content\/uploads\/2022\/02\/foto_hub_800px-300x135.jpg 300w, https:\/\/eurecat.org\/wp-content\/uploads\/2022\/02\/foto_hub_800px-400x181.jpg 400w, https:\/\/eurecat.org\/wp-content\/uploads\/2022\/02\/foto_hub_800px-600x271.jpg 600w, https:\/\/eurecat.org\/wp-content\/uploads\/2022\/02\/foto_hub_800px-768x347.jpg 768w, https:\/\/eurecat.org\/wp-content\/uploads\/2022\/02\/foto_hub_800px.jpg 800w\" sizes=\"(max-width: 800px) 100vw, 800px\" \/><\/p>\n<p><strong>Un proyecto tractor que conecta dos sectores estrat\u00e9gicos y prev\u00e9 una inversi\u00f3n de 49 millones de euros <\/strong><\/p>\n<p>En el \u00e1mbito de la iniciativa privada, el Hub conecta dos sectores estrat\u00e9gicos en la demarcaci\u00f3n: el tecnol\u00f3gico, con un Cl\u00faster TIC que cuenta con 60 empresas y entidades, 2.000 trabajadores y m\u00e1s de 1.000 millones de euros de facturaci\u00f3n; y el de nutrici\u00f3n y alimentaci\u00f3n, con m\u00e1s de 100 empresas en la demarcaci\u00f3n de Tarragona, que suman m\u00e1s de 6.000 trabajadores y unos 2.500 millones de euros de facturaci\u00f3n anual.<\/p>\n<p>El Hub ya ha empezado a desplegar algunas de las herramientas para impulsar el ecosistema porque, tal como ha explicado la consejera delegada de REDESSA y regidora de Econom\u00eda, Conocimiento y Vivienda del Ayuntamiento de Reus, Teresa Pallar\u00e8s: \u201cla Catalunya Sud es el escenario del crecimiento de empresas y startups de los dos sectores econ\u00f3micos que convergen en el Hub y que de mano de la investigaci\u00f3n en nutrici\u00f3n que se desarrolla en el territorio, tiene que dar respuesta a algunos de los grandes retos de la industria alimentaria en todos los \u00e1mbitos de su cadena de valor. Hablamos de soluciones tecnol\u00f3gicas vinculadas a la seguridad alimentaria, la producci\u00f3n eficiente y sostenible, los nuevos alimentos, la nutrici\u00f3n personalizada o la trazabilidad, entre otras; que tienen que generar nuevos puestos de trabajo que permitan captar y retener talento y hacer que las empresas sean m\u00e1s competitivas\u201d.<\/p>\n<p>Por lo que se refiere a investigaci\u00f3n en nutrici\u00f3n, desde el Hub se han detectado las tres l\u00edneas en las que el territorio trabaja en proyectos de referencia y que son: envejecimiento saludable, nutrici\u00f3n personalizada y producci\u00f3n eficiente y sostenible.<\/p>\n<p>\u201cEurecat somos parte de este ecosistema como referentes en innovaci\u00f3n y transferencia tecnol\u00f3gica en nutrici\u00f3n y salud y como conocedores de los retos y exigencias de la industria agroalimentaria y las demandas de la sociedad. Estas capacidades y la colaboraci\u00f3n sistem\u00e1tica con otros partners del ecosistema nos permitir\u00e1n aportar soluciones punteras que se transferir\u00e1n al sector o ser\u00e1n la base de nuevas empresas o proyectos\u201d, ha manifestado el director general Corporativo y de Operaciones de Eurecat, Xavier L\u00f3pez.<\/p>\n<p>El proyecto, tiene su epicentro en el edificio Hub, en las instalaciones que la URV tiene cedidas a Eurecat en el Campus de Bellissens, a donde en el futuro est\u00e1 previsto trasladar la Facultad de Medicina y los estudios del Grado en Nutrici\u00f3n Humana y Diet\u00e9tica. La rectora de la URV, Mar\u00eda Jos\u00e9 Figueras, ha puesto en valor la iniciativa del Hub Foodtech &amp; Nutrition y se ha mostrado satisfecha de que \u00abla g\u00e9nesis de la experticia en el \u00e1mbito de la nutrici\u00f3n en la URV haya permitido generar una transferencia de conocimiento por parte de nuestra instituci\u00f3n y del centro tecnol\u00f3gico Eurecat\u00bb.<\/p>\n<p>El Hub Foodtech &amp; Nutrition act\u00faa como polo de investigaci\u00f3n en el que empresas, investigaci\u00f3n, universidad y administraciones, desarrollan proyectos innovadores, que permiten captar inversi\u00f3n y generar nuevos modelos de negocio, promoviendo la creaci\u00f3n de startups y de nuevas v\u00edas de crecimiento que repercutan en el desarrollo econ\u00f3mico y social del territorio. La presidenta de la Diputaci\u00f3 de Tarragona, Noem\u00ed Llaurad\u00f3, ha explicado que \u00abla Diputaci\u00f3, en su funci\u00f3n de motor del territorio, est\u00e1 junto a todos aquellos proyectos que, como el que hoy se presenta, tienen como objetivo la innovaci\u00f3n y la transformaci\u00f3n del tejido productivo local y comarcal, dot\u00e1ndolo de potencial nacional\u201d.<\/p>\n<p>El Hub Foodtech &amp; Nutrition busca soluciones tecnol\u00f3gicas a medida de las empresas alimentarias a trav\u00e9s de la digitalizaci\u00f3n, con herramientas como la inteligencia artificial, blockchain, realidad aumentada, impresi\u00f3n 3D, Internet of Things y drones, entre otras. El presidente del Cl\u00faster TICSUD, Pablo Maz\u00f3n, ha explicado que \u201clas empresas asociadas al Cl\u00faster TIC trabajar\u00e1n para ser el veh\u00edculo que facilite las soluciones tecnol\u00f3gicas que tienen que hacer realidad los proyectos y pilotos, para conseguir nuevos \u00e9xitos del sector en el marco del nuevo Hub Foodtech &amp; Nutrition de la Catalunya Sud\u201d.<\/p>\n<p>El Hub Foodtech &amp; Nutrition tiene prevista una inversi\u00f3n de 49 millones de euros para actuaciones vinculadas con el impulso de proyectos que impulsen el crecimiento del ecosistema y que generen nuevas din\u00e1micas entre los agentes implicados. Tambi\u00e9n est\u00e1 prevista una actuaci\u00f3n arquitect\u00f3nica y urban\u00edstica que ayudar\u00e1 a desplegar el Campus del Hub, que se extiende desde el Campus de Bellissens de la URV, hasta el Parque Tecnol\u00f3gico y de Innovaci\u00f3n del Tecnoparc de Reus. Con estas intervenciones se prev\u00e9 mejorar la eficacia energ\u00e9tica y la sostenibilidad de los edificios vinculados al Hub, incrementar su digitalizaci\u00f3n e invertir en los equipos de investigaci\u00f3n y prototipaje necesarios para desarrollar proyectos del \u00e1mbito de las tecnolog\u00edas de la alimentaci\u00f3n.<\/p>\n","protected":false},"excerpt":{"rendered":"<p>El Auditorio Antoni Gaud\u00ed ha acogido el acto de presentaci\u00f3n del Hub Foodtech &amp; Nutrition, uno de los proyectos m\u00e1s ambiciosos que presenta el Ayuntamiento de Reus a los Fondos Europeos Next Generation y que est\u00e1 liderado por el consistorio reusense a trav\u00e9s de la empresa municipal REDESSA, la Diputaci\u00f3 de Tarragona, la Universitat Rovira  [&#8230;]<\/p>\n","protected":false},"author":12,"featured_media":120459,"comment_status":"open","ping_status":"closed","sticky":false,"template":"","format":"standard","meta":{"footnotes":""},"categories":[1905,682,134,407,2289],"tags":[],"class_list":["post-120456","post","type-post","status-publish","format-standard","has-post-thumbnail","hentry","category-alimentacion","category-corporatiu-es","category-notas-de-prensa","category-nutricion-salud","category-tic-es"],"yoast_head":"<!-- This site is optimized with the Yoast SEO plugin v27.4 - https:\/\/yoast.com\/product\/yoast-seo-wordpress\/ -->\n<title>Hub Foodtech &amp; Nutrition Eurecat i la transformaci\u00f3 econ\u00f3mica i social<\/title>\n<meta name=\"description\" content=\"Eurecat participa en el Hub Foodtech &amp; Nutrition que impulsa la transformaci\u00f3 econ\u00f2mica i social a partir dels sectors tecnol\u00f2gic i alimentari\" \/>\n<meta name=\"robots\" content=\"index, follow, max-snippet:-1, max-image-preview:large, max-video-preview:-1\" \/>\n<link rel=\"canonical\" href=\"https:\/\/eurecat.org\/es\/eurecat-hub-foodtech-nutrition-transformacion-economica-social\/\" \/>\n<meta property=\"og:locale\" content=\"es_ES\" \/>\n<meta property=\"og:type\" content=\"article\" \/>\n<meta property=\"og:title\" content=\"Hub Foodtech &amp; Nutrition Eurecat i la transformaci\u00f3 econ\u00f3mica i social\" \/>\n<meta property=\"og:description\" content=\"Eurecat participa en el Hub Foodtech &amp; Nutrition que impulsa la transformaci\u00f3 econ\u00f2mica i social a partir dels sectors tecnol\u00f2gic i alimentari\" \/>\n<meta property=\"og:url\" content=\"https:\/\/eurecat.org\/es\/eurecat-hub-foodtech-nutrition-transformacion-economica-social\/\" \/>\n<meta property=\"og:site_name\" content=\"Eurecat\" \/>\n<meta property=\"article:published_time\" content=\"2022-02-23T08:00:38+00:00\" \/>\n<meta property=\"article:modified_time\" content=\"2022-02-25T10:52:47+00:00\" \/>\n<meta property=\"og:image\" content=\"https:\/\/eurecat.org\/wp-content\/uploads\/2022\/02\/foto_hub_XavierLopez_800px.jpg\" \/>\n\t<meta property=\"og:image:width\" content=\"800\" \/>\n\t<meta property=\"og:image:height\" content=\"533\" \/>\n\t<meta property=\"og:image:type\" content=\"image\/jpeg\" \/>\n<meta name=\"author\" content=\"EurecatEG\" \/>\n<meta name=\"twitter:card\" content=\"summary_large_image\" \/>\n<meta name=\"twitter:label1\" content=\"Escrito por\" \/>\n\t<meta name=\"twitter:data1\" content=\"EurecatEG\" \/>\n\t<meta name=\"twitter:label2\" content=\"Tiempo de lectura\" \/>\n\t<meta name=\"twitter:data2\" content=\"7 minutos\" \/>\n<script type=\"application\/ld+json\" class=\"yoast-schema-graph\">{\"@context\":\"https:\\\/\\\/schema.org\",\"@graph\":[{\"@type\":\"Article\",\"@id\":\"https:\\\/\\\/eurecat.org\\\/es\\\/eurecat-hub-foodtech-nutrition-transformacion-economica-social\\\/#article\",\"isPartOf\":{\"@id\":\"https:\\\/\\\/eurecat.org\\\/es\\\/eurecat-hub-foodtech-nutrition-transformacion-economica-social\\\/\"},\"author\":{\"name\":\"EurecatEG\",\"@id\":\"https:\\\/\\\/eurecat.org\\\/es\\\/#\\\/schema\\\/person\\\/def9217eded50ee57a9dc4cf0c883f80\"},\"headline\":\"Eurecat participa en el Hub Foodtech &#038; Nutrition que impulsa la transformaci\u00f3n econ\u00f3mica y social a partir de los sectores tecnol\u00f3gico y alimentario\",\"datePublished\":\"2022-02-23T08:00:38+00:00\",\"dateModified\":\"2022-02-25T10:52:47+00:00\",\"mainEntityOfPage\":{\"@id\":\"https:\\\/\\\/eurecat.org\\\/es\\\/eurecat-hub-foodtech-nutrition-transformacion-economica-social\\\/\"},\"wordCount\":1344,\"commentCount\":0,\"image\":{\"@id\":\"https:\\\/\\\/eurecat.org\\\/es\\\/eurecat-hub-foodtech-nutrition-transformacion-economica-social\\\/#primaryimage\"},\"thumbnailUrl\":\"https:\\\/\\\/eurecat.org\\\/wp-content\\\/uploads\\\/2022\\\/02\\\/foto_hub_XavierLopez_800px.jpg\",\"articleSection\":[\"Alimentaci\u00f3n\",\"Corporativo\",\"Notas de prensa\",\"Nutrici\u00f3n y Salud\",\"Tic\"],\"inLanguage\":\"es\",\"potentialAction\":[{\"@type\":\"CommentAction\",\"name\":\"Comment\",\"target\":[\"https:\\\/\\\/eurecat.org\\\/es\\\/eurecat-hub-foodtech-nutrition-transformacion-economica-social\\\/#respond\"]}]},{\"@type\":\"WebPage\",\"@id\":\"https:\\\/\\\/eurecat.org\\\/es\\\/eurecat-hub-foodtech-nutrition-transformacion-economica-social\\\/\",\"url\":\"https:\\\/\\\/eurecat.org\\\/es\\\/eurecat-hub-foodtech-nutrition-transformacion-economica-social\\\/\",\"name\":\"Hub Foodtech & Nutrition Eurecat i la transformaci\u00f3 econ\u00f3mica i social\",\"isPartOf\":{\"@id\":\"https:\\\/\\\/eurecat.org\\\/es\\\/#website\"},\"primaryImageOfPage\":{\"@id\":\"https:\\\/\\\/eurecat.org\\\/es\\\/eurecat-hub-foodtech-nutrition-transformacion-economica-social\\\/#primaryimage\"},\"image\":{\"@id\":\"https:\\\/\\\/eurecat.org\\\/es\\\/eurecat-hub-foodtech-nutrition-transformacion-economica-social\\\/#primaryimage\"},\"thumbnailUrl\":\"https:\\\/\\\/eurecat.org\\\/wp-content\\\/uploads\\\/2022\\\/02\\\/foto_hub_XavierLopez_800px.jpg\",\"datePublished\":\"2022-02-23T08:00:38+00:00\",\"dateModified\":\"2022-02-25T10:52:47+00:00\",\"author\":{\"@id\":\"https:\\\/\\\/eurecat.org\\\/es\\\/#\\\/schema\\\/person\\\/def9217eded50ee57a9dc4cf0c883f80\"},\"description\":\"Eurecat participa en el Hub Foodtech & Nutrition que impulsa la transformaci\u00f3 econ\u00f2mica i social a partir dels sectors tecnol\u00f2gic i alimentari\",\"breadcrumb\":{\"@id\":\"https:\\\/\\\/eurecat.org\\\/es\\\/eurecat-hub-foodtech-nutrition-transformacion-economica-social\\\/#breadcrumb\"},\"inLanguage\":\"es\",\"potentialAction\":[{\"@type\":\"ReadAction\",\"target\":[\"https:\\\/\\\/eurecat.org\\\/es\\\/eurecat-hub-foodtech-nutrition-transformacion-economica-social\\\/\"]}]},{\"@type\":\"ImageObject\",\"inLanguage\":\"es\",\"@id\":\"https:\\\/\\\/eurecat.org\\\/es\\\/eurecat-hub-foodtech-nutrition-transformacion-economica-social\\\/#primaryimage\",\"url\":\"https:\\\/\\\/eurecat.org\\\/wp-content\\\/uploads\\\/2022\\\/02\\\/foto_hub_XavierLopez_800px.jpg\",\"contentUrl\":\"https:\\\/\\\/eurecat.org\\\/wp-content\\\/uploads\\\/2022\\\/02\\\/foto_hub_XavierLopez_800px.jpg\",\"width\":800,\"height\":533,\"caption\":\"hub food innovation eurecat\"},{\"@type\":\"BreadcrumbList\",\"@id\":\"https:\\\/\\\/eurecat.org\\\/es\\\/eurecat-hub-foodtech-nutrition-transformacion-economica-social\\\/#breadcrumb\",\"itemListElement\":[{\"@type\":\"ListItem\",\"position\":1,\"name\":\"Inici\",\"item\":\"https:\\\/\\\/eurecat.org\\\/es\\\/\"},{\"@type\":\"ListItem\",\"position\":2,\"name\":\"Eurecat participa en el Hub Foodtech &#038; Nutrition que impulsa la transformaci\u00f3n econ\u00f3mica y social a partir de los sectores tecnol\u00f3gico y alimentario\"}]},{\"@type\":\"WebSite\",\"@id\":\"https:\\\/\\\/eurecat.org\\\/es\\\/#website\",\"url\":\"https:\\\/\\\/eurecat.org\\\/es\\\/\",\"name\":\"Eurecat\",\"description\":\"Otro sitio realizado con WordPress\",\"potentialAction\":[{\"@type\":\"SearchAction\",\"target\":{\"@type\":\"EntryPoint\",\"urlTemplate\":\"https:\\\/\\\/eurecat.org\\\/es\\\/?s={search_term_string}\"},\"query-input\":{\"@type\":\"PropertyValueSpecification\",\"valueRequired\":true,\"valueName\":\"search_term_string\"}}],\"inLanguage\":\"es\"},{\"@type\":\"Person\",\"@id\":\"https:\\\/\\\/eurecat.org\\\/es\\\/#\\\/schema\\\/person\\\/def9217eded50ee57a9dc4cf0c883f80\",\"name\":\"EurecatEG\",\"image\":{\"@type\":\"ImageObject\",\"inLanguage\":\"es\",\"@id\":\"https:\\\/\\\/secure.gravatar.com\\\/avatar\\\/f40dd9b6ecd3e5c591f3c9b033e495ee0ec9877ba77249fbf268b3889350c824?s=96&d=mm&r=g\",\"url\":\"https:\\\/\\\/secure.gravatar.com\\\/avatar\\\/f40dd9b6ecd3e5c591f3c9b033e495ee0ec9877ba77249fbf268b3889350c824?s=96&d=mm&r=g\",\"contentUrl\":\"https:\\\/\\\/secure.gravatar.com\\\/avatar\\\/f40dd9b6ecd3e5c591f3c9b033e495ee0ec9877ba77249fbf268b3889350c824?s=96&d=mm&r=g\",\"caption\":\"EurecatEG\"}}]}<\/script>\n<!-- \/ Yoast SEO plugin. -->","yoast_head_json":{"title":"Hub Foodtech & Nutrition Eurecat i la transformaci\u00f3 econ\u00f3mica i social","description":"Eurecat participa en el Hub Foodtech & Nutrition que impulsa la transformaci\u00f3 econ\u00f2mica i social a partir dels sectors tecnol\u00f2gic i alimentari","robots":{"index":"index","follow":"follow","max-snippet":"max-snippet:-1","max-image-preview":"max-image-preview:large","max-video-preview":"max-video-preview:-1"},"canonical":"https:\/\/eurecat.org\/es\/eurecat-hub-foodtech-nutrition-transformacion-economica-social\/","og_locale":"es_ES","og_type":"article","og_title":"Hub Foodtech & Nutrition Eurecat i la transformaci\u00f3 econ\u00f3mica i social","og_description":"Eurecat participa en el Hub Foodtech & Nutrition que impulsa la transformaci\u00f3 econ\u00f2mica i social a partir dels sectors tecnol\u00f2gic i alimentari","og_url":"https:\/\/eurecat.org\/es\/eurecat-hub-foodtech-nutrition-transformacion-economica-social\/","og_site_name":"Eurecat","article_published_time":"2022-02-23T08:00:38+00:00","article_modified_time":"2022-02-25T10:52:47+00:00","og_image":[{"width":800,"height":533,"url":"https:\/\/eurecat.org\/wp-content\/uploads\/2022\/02\/foto_hub_XavierLopez_800px.jpg","type":"image\/jpeg"}],"author":"EurecatEG","twitter_card":"summary_large_image","twitter_misc":{"Escrito por":"EurecatEG","Tiempo de lectura":"7 minutos"},"schema":{"@context":"https:\/\/schema.org","@graph":[{"@type":"Article","@id":"https:\/\/eurecat.org\/es\/eurecat-hub-foodtech-nutrition-transformacion-economica-social\/#article","isPartOf":{"@id":"https:\/\/eurecat.org\/es\/eurecat-hub-foodtech-nutrition-transformacion-economica-social\/"},"author":{"name":"EurecatEG","@id":"https:\/\/eurecat.org\/es\/#\/schema\/person\/def9217eded50ee57a9dc4cf0c883f80"},"headline":"Eurecat participa en el Hub Foodtech &#038; Nutrition que impulsa la transformaci\u00f3n econ\u00f3mica y social a partir de los sectores tecnol\u00f3gico y alimentario","datePublished":"2022-02-23T08:00:38+00:00","dateModified":"2022-02-25T10:52:47+00:00","mainEntityOfPage":{"@id":"https:\/\/eurecat.org\/es\/eurecat-hub-foodtech-nutrition-transformacion-economica-social\/"},"wordCount":1344,"commentCount":0,"image":{"@id":"https:\/\/eurecat.org\/es\/eurecat-hub-foodtech-nutrition-transformacion-economica-social\/#primaryimage"},"thumbnailUrl":"https:\/\/eurecat.org\/wp-content\/uploads\/2022\/02\/foto_hub_XavierLopez_800px.jpg","articleSection":["Alimentaci\u00f3n","Corporativo","Notas de prensa","Nutrici\u00f3n y Salud","Tic"],"inLanguage":"es","potentialAction":[{"@type":"CommentAction","name":"Comment","target":["https:\/\/eurecat.org\/es\/eurecat-hub-foodtech-nutrition-transformacion-economica-social\/#respond"]}]},{"@type":"WebPage","@id":"https:\/\/eurecat.org\/es\/eurecat-hub-foodtech-nutrition-transformacion-economica-social\/","url":"https:\/\/eurecat.org\/es\/eurecat-hub-foodtech-nutrition-transformacion-economica-social\/","name":"Hub Foodtech & Nutrition Eurecat i la transformaci\u00f3 econ\u00f3mica i social","isPartOf":{"@id":"https:\/\/eurecat.org\/es\/#website"},"primaryImageOfPage":{"@id":"https:\/\/eurecat.org\/es\/eurecat-hub-foodtech-nutrition-transformacion-economica-social\/#primaryimage"},"image":{"@id":"https:\/\/eurecat.org\/es\/eurecat-hub-foodtech-nutrition-transformacion-economica-social\/#primaryimage"},"thumbnailUrl":"https:\/\/eurecat.org\/wp-content\/uploads\/2022\/02\/foto_hub_XavierLopez_800px.jpg","datePublished":"2022-02-23T08:00:38+00:00","dateModified":"2022-02-25T10:52:47+00:00","author":{"@id":"https:\/\/eurecat.org\/es\/#\/schema\/person\/def9217eded50ee57a9dc4cf0c883f80"},"description":"Eurecat participa en el Hub Foodtech & Nutrition que impulsa la transformaci\u00f3 econ\u00f2mica i social a partir dels sectors tecnol\u00f2gic i alimentari","breadcrumb":{"@id":"https:\/\/eurecat.org\/es\/eurecat-hub-foodtech-nutrition-transformacion-economica-social\/#breadcrumb"},"inLanguage":"es","potentialAction":[{"@type":"ReadAction","target":["https:\/\/eurecat.org\/es\/eurecat-hub-foodtech-nutrition-transformacion-economica-social\/"]}]},{"@type":"ImageObject","inLanguage":"es","@id":"https:\/\/eurecat.org\/es\/eurecat-hub-foodtech-nutrition-transformacion-economica-social\/#primaryimage","url":"https:\/\/eurecat.org\/wp-content\/uploads\/2022\/02\/foto_hub_XavierLopez_800px.jpg","contentUrl":"https:\/\/eurecat.org\/wp-content\/uploads\/2022\/02\/foto_hub_XavierLopez_800px.jpg","width":800,"height":533,"caption":"hub food innovation eurecat"},{"@type":"BreadcrumbList","@id":"https:\/\/eurecat.org\/es\/eurecat-hub-foodtech-nutrition-transformacion-economica-social\/#breadcrumb","itemListElement":[{"@type":"ListItem","position":1,"name":"Inici","item":"https:\/\/eurecat.org\/es\/"},{"@type":"ListItem","position":2,"name":"Eurecat participa en el Hub Foodtech &#038; Nutrition que impulsa la transformaci\u00f3n econ\u00f3mica y social a partir de los sectores tecnol\u00f3gico y alimentario"}]},{"@type":"WebSite","@id":"https:\/\/eurecat.org\/es\/#website","url":"https:\/\/eurecat.org\/es\/","name":"Eurecat","description":"Otro sitio realizado con WordPress","potentialAction":[{"@type":"SearchAction","target":{"@type":"EntryPoint","urlTemplate":"https:\/\/eurecat.org\/es\/?s={search_term_string}"},"query-input":{"@type":"PropertyValueSpecification","valueRequired":true,"valueName":"search_term_string"}}],"inLanguage":"es"},{"@type":"Person","@id":"https:\/\/eurecat.org\/es\/#\/schema\/person\/def9217eded50ee57a9dc4cf0c883f80","name":"EurecatEG","image":{"@type":"ImageObject","inLanguage":"es","@id":"https:\/\/secure.gravatar.com\/avatar\/f40dd9b6ecd3e5c591f3c9b033e495ee0ec9877ba77249fbf268b3889350c824?s=96&d=mm&r=g","url":"https:\/\/secure.gravatar.com\/avatar\/f40dd9b6ecd3e5c591f3c9b033e495ee0ec9877ba77249fbf268b3889350c824?s=96&d=mm&r=g","contentUrl":"https:\/\/secure.gravatar.com\/avatar\/f40dd9b6ecd3e5c591f3c9b033e495ee0ec9877ba77249fbf268b3889350c824?s=96&d=mm&r=g","caption":"EurecatEG"}}]}},"_links":{"self":[{"href":"https:\/\/eurecat.org\/es\/wp-json\/wp\/v2\/posts\/120456","targetHints":{"allow":["GET"]}}],"collection":[{"href":"https:\/\/eurecat.org\/es\/wp-json\/wp\/v2\/posts"}],"about":[{"href":"https:\/\/eurecat.org\/es\/wp-json\/wp\/v2\/types\/post"}],"author":[{"embeddable":true,"href":"https:\/\/eurecat.org\/es\/wp-json\/wp\/v2\/users\/12"}],"replies":[{"embeddable":true,"href":"https:\/\/eurecat.org\/es\/wp-json\/wp\/v2\/comments?post=120456"}],"version-history":[{"count":0,"href":"https:\/\/eurecat.org\/es\/wp-json\/wp\/v2\/posts\/120456\/revisions"}],"wp:featuredmedia":[{"embeddable":true,"href":"https:\/\/eurecat.org\/es\/wp-json\/wp\/v2\/media\/120459"}],"wp:attachment":[{"href":"https:\/\/eurecat.org\/es\/wp-json\/wp\/v2\/media?parent=120456"}],"wp:term":[{"taxonomy":"category","embeddable":true,"href":"https:\/\/eurecat.org\/es\/wp-json\/wp\/v2\/categories?post=120456"},{"taxonomy":"post_tag","embeddable":true,"href":"https:\/\/eurecat.org\/es\/wp-json\/wp\/v2\/tags?post=120456"}],"curies":[{"name":"wp","href":"https:\/\/api.w.org\/{rel}","templated":true}]}}