{"id":121154,"date":"2021-12-15T17:06:35","date_gmt":"2021-12-15T16:06:35","guid":{"rendered":"https:\/\/eurecat.org\/a-battech-abordem-la-sostenibilitat-de-les-bateries-electriques\/"},"modified":"2022-03-14T16:51:42","modified_gmt":"2022-03-14T15:51:42","slug":"en-battech-abordamos-la-sostenibilidad-de-las-baterias-electricas-desde-una-perspectiva-global","status":"publish","type":"post","link":"https:\/\/eurecat.org\/es\/en-battech-abordamos-la-sostenibilidad-de-las-baterias-electricas-desde-una-perspectiva-global\/","title":{"rendered":"\u00abEn Battech abordamos la sostenibilidad de las bater\u00edas el\u00e9ctricas desde una perspectiva global\u00bb"},"content":{"rendered":"<h3>Agust\u00ed Chico es el director tecnol\u00f3gico de <a href=\"https:\/\/eurecat.org\/es\/battech-centro-referencia-idi-baterias-sur-europa\/\">Battech<\/a>, la unidad conjunta de investigaci\u00f3n en bater\u00edas el\u00e9ctricas impulsada por el centro tecnol\u00f3gico Eurecat y por el Instituto de Investigaci\u00f3n en Energ\u00eda de Catalu\u00f1a (IREC). En esta entrevista muestra los principales objetivos de Battech y c\u00f3mo pueden las empresas colaborar con esta nueva entidad, la m\u00e1s relevante en I+D en el \u00e1mbito de las bater\u00edas del sur de Europa.<\/h3>\n<h3>\u00bfQu\u00e9 ventajas ofrece para las empresas Battech, la unidad conjunta de investigaci\u00f3n en bater\u00edas el\u00e9ctricas impulsada por Eurecat e IREC?<\/h3>\n<p><a href=\"https:\/\/eurecat.org\/es\/battech-centro-referencia-idi-baterias-sur-europa\/\">Battech<\/a> permite <strong>dar una respuesta tecnol\u00f3gica global a las necesidades actuales y de futuro de las bater\u00edas el\u00e9ctricas<\/strong>, tanto en dispositivos electr\u00f3nicos de consim, sistemas aut\u00f3nomos, veh\u00edculos el\u00e9ctricos de todo tipo (patinetes, bicicletas, ciclomotores, autom\u00f3viles, etc.) como bater\u00edas estacionarias de soporte a la red el\u00e9ctrica. Battech, como unidad de investigaci\u00f3n, <strong>cubre toda la cadena de valor de las bater\u00edas, desde la qu\u00edmica de las celdas al reciclaje de las bater\u00edas una vez que han llegado a su fin de vida<\/strong>, pasando por el desarrollo, ensayo y validaci\u00f3n nuevas bater\u00edas o su segundo uso, para contemplar la econom\u00eda circular de toda nueva bater\u00eda.<\/p>\n<p>Por ejemplo, se investiga la b\u00fasqueda de nuevos materiales alternativos al cobalto, m\u00e1s sostenibles, en qu\u00edmicas para la nueva generaci\u00f3n de bater\u00edas de ion litio, de litio azufre o de estado s\u00f3lido con el objetivo de aumentar su densidad energ\u00e9tica, las prestaciones, la vida, la seguridad y reducir su coste.<\/p>\n<p>En paralelo, Battech tambi\u00e9n tiene proyectos de investigaci\u00f3n en marcha de bater\u00edas de flujo m\u00e1s pensadas para aplicaciones de almacenamiento estacionario. Este tipo de bater\u00edas o bater\u00edas de segunda vida provenientes de la movilidad el\u00e9ctrica sirven de apoyo a la red el\u00e9ctrica para compensar, por ejemplo, aquellos picos de demanda que las energ\u00edas renovables no puedan cubrir por falta de viento, solo o por un aumento de demanda repentina.<\/p>\n<p>Hay que tener presente que la transici\u00f3n energ\u00e9tica y la incorporaci\u00f3n masiva de renovables a la red provoca una variabilidad cada vez mayor en la generaci\u00f3n y en la demanda, que hace imprescindible disponer de sistemas de almacenamiento de energ\u00eda el\u00e9ctrica para poder garantizar la flexibilidad y la firmeza del sistema el\u00e9ctrico, mediante la regulaci\u00f3n de frecuencia, control de tensi\u00f3n, reducci\u00f3n de encajes de consumo y capacidad de recuperaci\u00f3n del sistema en caso de paradas o contingencias.<\/p>\n<h3>\u00bfCu\u00e1l es la propuesta de sostenibilidad de Battech?<\/h3>\n<p>Adem\u00e1s de esta investigaci\u00f3n en materiales, Battech tambi\u00e9n ofrece la posibilidad de dise\u00f1ar y validar nuevos desarrollos de cajas de bater\u00edas (Battery Packs) con materiales m\u00e1s ligeros y provenientes de reciclaje, considerando un dise\u00f1o pensado para un segundo uso y un m\u00e1s f\u00e1cil reciclaje, as\u00ed como desarrollar sistemas de gesti\u00f3n avanzados (Battery Management Systems) haciendo uso de algoritmos con inteligencia artificial que permiten una mejor predicci\u00f3n del estado de salud, del estado de carga y alargar la vida de las bater\u00edas.<\/p>\n<p>En cuanto a la segunda vida de bater\u00edas y su reciclaje, \u00e9ste es un \u00e1mbito de investigaci\u00f3n y desarrollo muy importante e imprescindible <strong>para que las bater\u00edas no sean un problema para el medio ambiente<\/strong>. Pero para que esto sea as\u00ed, el coste econ\u00f3mico de los procesos de reutilizaci\u00f3n y reciclaje deben ser competitivos respecto a una bater\u00eda nueva. En este sentido, el dise\u00f1o, la manufactura y montaje de las nuevas bater\u00edas en las que participa Battech, facilitan su desmontaje, su reparaci\u00f3n, su segundo uso y su reciclaje. Adem\u00e1s, se est\u00e1n estudiando todos estos procesos, hasta ahora muy manuales, para automatizarlos y que sean viables hacerlos en Europa y as\u00ed recuperar los materiales y minerales de origen para poder volver a realizar nuevas bater\u00edas .<\/p>\n<p>El objetivo de \u00a0Battech es <strong>abordar todas las etapas de una bater\u00eda el\u00e9ctrica desde una perspectiva global y sostenible<\/strong>, situ\u00e1ndonos como el centro de referencia de I+D+i de las bater\u00edas en el sur de Europa y con voluntad de liderar el Battery Hub de Catalu\u00f1a, uno de los 27 proyectos estrat\u00e9gicos y emblem\u00e1ticos del Next Generation Catalonia.<\/p>\n<h3>\u00bfQu\u00e9 tipos de servicios y proyectos de colaboraci\u00f3n ofrece Battech a las empresas?<\/h3>\n<p>La unidad conjunta ofrece proyectos de investigaci\u00f3n colaborativa, servicios de ensayo, consultor\u00eda, transferencia de conocimiento y formaci\u00f3n, principalmente. A partir de las necesidades de la empresa se plantea un tipo u otro de proyecto o servicio, pueden colaborar desde un proyecto de investigaci\u00f3n muy ambicioso de larga duraci\u00f3n a un servicio de consultor\u00eda o asesoramiento m\u00e1s acotado en el tiempo o a una formaci\u00f3n a medida.<\/p>\n<p>En cuanto a los servicios de ensayo de celdas y bater\u00edas, se pueden ofrecer ensayos de validaci\u00f3n de nuevos desarrollos o realizar ensayos en bater\u00edas que el cliente haya comprado para saber si cumple con los requerimientos de la ficha de producto, o bien ensayos de envejecimiento acelerado o ensayos abusivos de la bater\u00eda en condiciones l\u00edmite. Todas estas actividades pueden ser proyectos o servicios de colaboraci\u00f3n en los que Battech acompa\u00f1a a las empresas en la transformaci\u00f3n de sus productos hacia la electrificaci\u00f3n.<\/p>\n<h3>\u00bfEn qu\u00e9 tecnolog\u00eda puntera y estrat\u00e9gica trabaja Battech?<\/h3>\n<p>Estamos trabajando y liderando dos grandes proyectos de investigaci\u00f3n europeos muy \u00fatiles para adquirir el conocimiento necesario para abordar los retos de bater\u00edas sostenibles de nueva generaci\u00f3n. Por ejemplo, el proyecto\u00a0<a href=\"https:\/\/eurecat.org\/es\/portfolio-items\/cobra\/\">COBRA<\/a>, que quiere conseguir bater\u00edas libres de cobalto, un material cr\u00edtico que se obtiene principalmente de la Rep\u00fablica del Congo donde es habitual la explotaci\u00f3n laboral e infantil para conseguir este mineral, y\u00a0el proyecto <a href=\"https:\/\/eurecat.org\/es\/portfolio-items\/marbel\/\">MARBEL<\/a>, que plantea un dise\u00f1o de una bater\u00eda de altas prestaciones de ion-litio que permite un segundo uso y una reciclabilidad de los materiales mucho m\u00e1s f\u00e1cil.<\/p>\n<p>Estos dos proyectos nos posicionan y capacitan de forma muy importante en dos \u00e1mbitos muy complementarios y muy estrat\u00e9gicos en el mundo de las bater\u00edas, uno m\u00e1s enfocado en las celdas del futuro para evitar materiales cr\u00edticos, y el otro centrado en fabricar bater\u00edas m\u00e1s amigables con el medio ambiente, dise\u00f1adas en origen pensando en su segundo uso y en su reciclaje al final de su vida \u00fatil para que sean totalmente circulares.<\/p>\n<h3>\u00bfCu\u00e1l es la aportaci\u00f3n de Eurecat al proyecto?<\/h3>\n<p>Eurecat, que impulsa Battech junto con IREC, participa de la unidad conjunta mediante diferentes unidades de investigaci\u00f3n del centro como la de <a href=\"https:\/\/eurecat.org\/es\/ambitos-de-conocimiento\/residuos-energia-impacto-ambiental\/\">Residuos, Energ\u00eda e Impacto ambiental<\/a>, que ofrece experiencia en la modelizaci\u00f3n y ensayo de celdas y bater\u00edas, as\u00ed como en el an\u00e1lisis de ciclo de vida y en el reciclaje y recuperaci\u00f3n de materiales, o la de\u00a0<a href=\"https:\/\/eurecat.org\/es\/ambitos-de-conocimiento\/innovacion-producto-simulacion-multifisica\/\">Desarrollo de producto<\/a>,\u00a0que aporta experiencia en eco-dise\u00f1o y procesos avanzados de manufactura, as\u00ed como en la simulaci\u00f3n mec\u00e1nica, t\u00e9rmica, qu\u00edmica y fluidodin\u00e1mica de bater\u00edas. Eurecat tambi\u00e9n aporta investigadores y expertos de la <a href=\"https:\/\/eurecat.org\/es\/ambitos-de-conocimiento\/applied-artificial-intelligence\/\">unidad de Applied Artificial Intelligence<\/a> para mejorar los sistemas de gesti\u00f3n y control de las bater\u00edas y su integraci\u00f3n en dispositivos, veh\u00edculos y la red el\u00e9ctrica.<\/p>\n<p>Sin embargo, la <a href=\"https:\/\/eurecat.org\/es\/ambitos-de-conocimiento\/materiales-metalicos-ceramicos\/\">unidad de Materiales Met\u00e1licos y Cer\u00e1micos<\/a> y la unidad de Materiales Comp\u00f3sitos aportan experiencia en materiales <em>lightweighting<\/em> y en los procesos de manufactura correspondientes y la unidad de Rob\u00f3tica aporta conocimiento en la automatizaci\u00f3n de procesos. Por \u00faltimo, las \u00e1reas de Consultor\u00eda y Formaci\u00f3n de Eurecat tambi\u00e9n tienen un peso muy relevante en Battech transfiriendo el conocimiento de las unidades Tecnol\u00f3gicas a las empresas mediante consultor\u00eda, asesoramiento y formaci\u00f3n.<\/p>\n<p>Otro valor fundamental que aporta Eurecat es nuestra cercan\u00eda a las empresas y nuestra trayectoria de multitud de proyectos, servicios y acciones formativas que nos avalan.<\/p>\n<h3>\u00bfQu\u00e9 pr\u00f3ximos retos tecnol\u00f3gicos se presentan en el sector de las bater\u00edas el\u00e9ctricas?<\/h3>\n<p>Existen varios retos relevantes: la sustituci\u00f3n de materiales cr\u00edticos por materiales abundantes, la b\u00fasqueda de nuevas qu\u00edmicas para incrementar la densidad energ\u00e9tica, la velocidad de carga, la vida y la seguridad, as\u00ed como la reducci\u00f3n del coste, del peso y del volumen de las bater\u00edas. Tambi\u00e9n de primordial importancia, tener bater\u00edas dise\u00f1adas y fabricadas aptas para una segunda vida y para su reciclaje, de tal modo que se puedan recuperar todos sus materiales de una manera econ\u00f3micamente viable y as\u00ed poder fabricar nuevas bater\u00edas, cerrando el ciclo con el menor impacto posible.<\/p>\n<h3>\u00bfQu\u00e9 \u00e1mbito o sector presenta mejores oportunidades de negocio en el \u00e1mbito de la electrificaci\u00f3n?<\/h3>\n<p>El sector de la movilidad es el que tendr\u00e1 una demanda m\u00e1s importante y m\u00e1s exponencial en el corto plazo, <strong>pero existen otros sectores que tambi\u00e9n presentan grandes oportunidades como el caso de las bater\u00edas de soporte en la red el\u00e9ctrica<\/strong>. En la electr\u00f3nica de consumo ya se ha avanzado mucho y es un sector m\u00e1s maduro y saturado pero habr\u00e1 que seguir incorporando bater\u00edas el\u00e9ctricas con mayor densidad energ\u00e9tica a todos aquellos dispositivos electr\u00f3nicos de nuestra vida diaria (tel\u00e9fonos, ordenadores, tabletas, juguetes, etc.) y donde se sumar\u00e1n ninguna vez m\u00e1s dispositivos tipo wearables, IoT, robots dom\u00e9sticos aut\u00f3nomos, etc.<\/p>\n<blockquote><p><a href=\"https:\/\/eurecat.org\/es\/contacto\/\">\u00bfQuieres colaborar con Battech? Cont\u00e1ctanos aqu\u00ed<\/a><\/p><\/blockquote>\n","protected":false},"excerpt":{"rendered":"<p>Agust\u00ed Chico es el director tecnol\u00f3gico de Battech, la unidad conjunta de investigaci\u00f3n en bater\u00edas el\u00e9ctricas impulsada por el centro tecnol\u00f3gico Eurecat y por el Instituto de Investigaci\u00f3n en Energ\u00eda de Catalu\u00f1a (IREC). En esta entrevista muestra los principales objetivos de Battech y c\u00f3mo pueden las empresas colaborar con esta nueva entidad, la m\u00e1s relevante  [&#8230;]<\/p>\n","protected":false},"author":6,"featured_media":119041,"comment_status":"open","ping_status":"closed","sticky":false,"template":"","format":"standard","meta":{"footnotes":""},"categories":[133,411],"tags":[],"class_list":["post-121154","post","type-post","status-publish","format-standard","has-post-thumbnail","hentry","category-blog","category-sostenibilidad"],"yoast_head":"<!-- This site is optimized with the Yoast SEO plugin v27.4 - https:\/\/yoast.com\/product\/yoast-seo-wordpress\/ -->\n<title>&quot;En Battech abordamos la sostenibilidad de las bater\u00edas el\u00e9ctricas desde una perspectiva global&quot; - Eurecat<\/title>\n<meta name=\"description\" content=\"Entrevista con el director tecnol\u00f3gico de Battech, una unidad conjunta de investigaci\u00f3n para mejorar la sostenibilidad de las bater\u00edas el\u00e9ctricas.\" \/>\n<meta name=\"robots\" content=\"index, follow, max-snippet:-1, max-image-preview:large, max-video-preview:-1\" \/>\n<link rel=\"canonical\" href=\"https:\/\/eurecat.org\/es\/en-battech-abordamos-la-sostenibilidad-de-las-baterias-electricas-desde-una-perspectiva-global\/\" \/>\n<meta property=\"og:locale\" content=\"es_ES\" \/>\n<meta property=\"og:type\" content=\"article\" \/>\n<meta property=\"og:title\" content=\"&quot;En Battech abordamos la sostenibilidad de las bater\u00edas el\u00e9ctricas desde una perspectiva global&quot; - Eurecat\" \/>\n<meta property=\"og:description\" content=\"Entrevista con el director tecnol\u00f3gico de Battech, una unidad conjunta de investigaci\u00f3n para mejorar la sostenibilidad de las bater\u00edas el\u00e9ctricas.\" \/>\n<meta property=\"og:url\" content=\"https:\/\/eurecat.org\/es\/en-battech-abordamos-la-sostenibilidad-de-las-baterias-electricas-desde-una-perspectiva-global\/\" \/>\n<meta property=\"og:site_name\" content=\"Eurecat\" \/>\n<meta property=\"article:published_time\" content=\"2021-12-15T16:06:35+00:00\" \/>\n<meta property=\"article:modified_time\" content=\"2022-03-14T15:51:42+00:00\" \/>\n<meta property=\"og:image\" content=\"https:\/\/eurecat.org\/wp-content\/uploads\/2021\/12\/agusti-chico.jpg\" \/>\n\t<meta property=\"og:image:width\" content=\"800\" \/>\n\t<meta property=\"og:image:height\" content=\"461\" \/>\n\t<meta property=\"og:image:type\" content=\"image\/jpeg\" \/>\n<meta name=\"author\" content=\"EurecatEM\" \/>\n<meta name=\"twitter:card\" content=\"summary_large_image\" \/>\n<meta name=\"twitter:label1\" content=\"Escrito por\" \/>\n\t<meta name=\"twitter:data1\" content=\"EurecatEM\" \/>\n\t<meta name=\"twitter:label2\" content=\"Tiempo de lectura\" \/>\n\t<meta name=\"twitter:data2\" content=\"8 minutos\" \/>\n<script type=\"application\/ld+json\" class=\"yoast-schema-graph\">{\"@context\":\"https:\\\/\\\/schema.org\",\"@graph\":[{\"@type\":\"Article\",\"@id\":\"https:\\\/\\\/eurecat.org\\\/es\\\/en-battech-abordamos-la-sostenibilidad-de-las-baterias-electricas-desde-una-perspectiva-global\\\/#article\",\"isPartOf\":{\"@id\":\"https:\\\/\\\/eurecat.org\\\/es\\\/en-battech-abordamos-la-sostenibilidad-de-las-baterias-electricas-desde-una-perspectiva-global\\\/\"},\"author\":{\"name\":\"EurecatEM\",\"@id\":\"https:\\\/\\\/eurecat.org\\\/es\\\/#\\\/schema\\\/person\\\/540d47fd9da63c4587cbae01b88e4db3\"},\"headline\":\"\u00abEn Battech abordamos la sostenibilidad de las bater\u00edas el\u00e9ctricas desde una perspectiva global\u00bb\",\"datePublished\":\"2021-12-15T16:06:35+00:00\",\"dateModified\":\"2022-03-14T15:51:42+00:00\",\"mainEntityOfPage\":{\"@id\":\"https:\\\/\\\/eurecat.org\\\/es\\\/en-battech-abordamos-la-sostenibilidad-de-las-baterias-electricas-desde-una-perspectiva-global\\\/\"},\"wordCount\":1654,\"commentCount\":0,\"image\":{\"@id\":\"https:\\\/\\\/eurecat.org\\\/es\\\/en-battech-abordamos-la-sostenibilidad-de-las-baterias-electricas-desde-una-perspectiva-global\\\/#primaryimage\"},\"thumbnailUrl\":\"https:\\\/\\\/eurecat.org\\\/wp-content\\\/uploads\\\/2021\\\/12\\\/agusti-chico.jpg\",\"articleSection\":[\"Blog\",\"Sostenibilidad\"],\"inLanguage\":\"es\",\"potentialAction\":[{\"@type\":\"CommentAction\",\"name\":\"Comment\",\"target\":[\"https:\\\/\\\/eurecat.org\\\/es\\\/en-battech-abordamos-la-sostenibilidad-de-las-baterias-electricas-desde-una-perspectiva-global\\\/#respond\"]}]},{\"@type\":\"WebPage\",\"@id\":\"https:\\\/\\\/eurecat.org\\\/es\\\/en-battech-abordamos-la-sostenibilidad-de-las-baterias-electricas-desde-una-perspectiva-global\\\/\",\"url\":\"https:\\\/\\\/eurecat.org\\\/es\\\/en-battech-abordamos-la-sostenibilidad-de-las-baterias-electricas-desde-una-perspectiva-global\\\/\",\"name\":\"\\\"En Battech abordamos la sostenibilidad de las bater\u00edas el\u00e9ctricas desde una perspectiva global\\\" - Eurecat\",\"isPartOf\":{\"@id\":\"https:\\\/\\\/eurecat.org\\\/es\\\/#website\"},\"primaryImageOfPage\":{\"@id\":\"https:\\\/\\\/eurecat.org\\\/es\\\/en-battech-abordamos-la-sostenibilidad-de-las-baterias-electricas-desde-una-perspectiva-global\\\/#primaryimage\"},\"image\":{\"@id\":\"https:\\\/\\\/eurecat.org\\\/es\\\/en-battech-abordamos-la-sostenibilidad-de-las-baterias-electricas-desde-una-perspectiva-global\\\/#primaryimage\"},\"thumbnailUrl\":\"https:\\\/\\\/eurecat.org\\\/wp-content\\\/uploads\\\/2021\\\/12\\\/agusti-chico.jpg\",\"datePublished\":\"2021-12-15T16:06:35+00:00\",\"dateModified\":\"2022-03-14T15:51:42+00:00\",\"author\":{\"@id\":\"https:\\\/\\\/eurecat.org\\\/es\\\/#\\\/schema\\\/person\\\/540d47fd9da63c4587cbae01b88e4db3\"},\"description\":\"Entrevista con el director tecnol\u00f3gico de Battech, una unidad conjunta de investigaci\u00f3n para mejorar la sostenibilidad de las bater\u00edas el\u00e9ctricas.\",\"breadcrumb\":{\"@id\":\"https:\\\/\\\/eurecat.org\\\/es\\\/en-battech-abordamos-la-sostenibilidad-de-las-baterias-electricas-desde-una-perspectiva-global\\\/#breadcrumb\"},\"inLanguage\":\"es\",\"potentialAction\":[{\"@type\":\"ReadAction\",\"target\":[\"https:\\\/\\\/eurecat.org\\\/es\\\/en-battech-abordamos-la-sostenibilidad-de-las-baterias-electricas-desde-una-perspectiva-global\\\/\"]}]},{\"@type\":\"ImageObject\",\"inLanguage\":\"es\",\"@id\":\"https:\\\/\\\/eurecat.org\\\/es\\\/en-battech-abordamos-la-sostenibilidad-de-las-baterias-electricas-desde-una-perspectiva-global\\\/#primaryimage\",\"url\":\"https:\\\/\\\/eurecat.org\\\/wp-content\\\/uploads\\\/2021\\\/12\\\/agusti-chico.jpg\",\"contentUrl\":\"https:\\\/\\\/eurecat.org\\\/wp-content\\\/uploads\\\/2021\\\/12\\\/agusti-chico.jpg\",\"width\":800,\"height\":461,\"caption\":\"agust\u00ed chico\"},{\"@type\":\"BreadcrumbList\",\"@id\":\"https:\\\/\\\/eurecat.org\\\/es\\\/en-battech-abordamos-la-sostenibilidad-de-las-baterias-electricas-desde-una-perspectiva-global\\\/#breadcrumb\",\"itemListElement\":[{\"@type\":\"ListItem\",\"position\":1,\"name\":\"Inici\",\"item\":\"https:\\\/\\\/eurecat.org\\\/es\\\/\"},{\"@type\":\"ListItem\",\"position\":2,\"name\":\"\u00abEn Battech abordamos la sostenibilidad de las bater\u00edas el\u00e9ctricas desde una perspectiva global\u00bb\"}]},{\"@type\":\"WebSite\",\"@id\":\"https:\\\/\\\/eurecat.org\\\/es\\\/#website\",\"url\":\"https:\\\/\\\/eurecat.org\\\/es\\\/\",\"name\":\"Eurecat\",\"description\":\"Otro sitio realizado con WordPress\",\"potentialAction\":[{\"@type\":\"SearchAction\",\"target\":{\"@type\":\"EntryPoint\",\"urlTemplate\":\"https:\\\/\\\/eurecat.org\\\/es\\\/?s={search_term_string}\"},\"query-input\":{\"@type\":\"PropertyValueSpecification\",\"valueRequired\":true,\"valueName\":\"search_term_string\"}}],\"inLanguage\":\"es\"},{\"@type\":\"Person\",\"@id\":\"https:\\\/\\\/eurecat.org\\\/es\\\/#\\\/schema\\\/person\\\/540d47fd9da63c4587cbae01b88e4db3\",\"name\":\"EurecatEM\",\"image\":{\"@type\":\"ImageObject\",\"inLanguage\":\"es\",\"@id\":\"https:\\\/\\\/secure.gravatar.com\\\/avatar\\\/deb330c0660ac5bf74cae5724d94229935e34c26df9bce576399b4da2212af05?s=96&d=mm&r=g\",\"url\":\"https:\\\/\\\/secure.gravatar.com\\\/avatar\\\/deb330c0660ac5bf74cae5724d94229935e34c26df9bce576399b4da2212af05?s=96&d=mm&r=g\",\"contentUrl\":\"https:\\\/\\\/secure.gravatar.com\\\/avatar\\\/deb330c0660ac5bf74cae5724d94229935e34c26df9bce576399b4da2212af05?s=96&d=mm&r=g\",\"caption\":\"EurecatEM\"}}]}<\/script>\n<!-- \/ Yoast SEO plugin. -->","yoast_head_json":{"title":"\"En Battech abordamos la sostenibilidad de las bater\u00edas el\u00e9ctricas desde una perspectiva global\" - Eurecat","description":"Entrevista con el director tecnol\u00f3gico de Battech, una unidad conjunta de investigaci\u00f3n para mejorar la sostenibilidad de las bater\u00edas el\u00e9ctricas.","robots":{"index":"index","follow":"follow","max-snippet":"max-snippet:-1","max-image-preview":"max-image-preview:large","max-video-preview":"max-video-preview:-1"},"canonical":"https:\/\/eurecat.org\/es\/en-battech-abordamos-la-sostenibilidad-de-las-baterias-electricas-desde-una-perspectiva-global\/","og_locale":"es_ES","og_type":"article","og_title":"\"En Battech abordamos la sostenibilidad de las bater\u00edas el\u00e9ctricas desde una perspectiva global\" - Eurecat","og_description":"Entrevista con el director tecnol\u00f3gico de Battech, una unidad conjunta de investigaci\u00f3n para mejorar la sostenibilidad de las bater\u00edas el\u00e9ctricas.","og_url":"https:\/\/eurecat.org\/es\/en-battech-abordamos-la-sostenibilidad-de-las-baterias-electricas-desde-una-perspectiva-global\/","og_site_name":"Eurecat","article_published_time":"2021-12-15T16:06:35+00:00","article_modified_time":"2022-03-14T15:51:42+00:00","og_image":[{"width":800,"height":461,"url":"https:\/\/eurecat.org\/wp-content\/uploads\/2021\/12\/agusti-chico.jpg","type":"image\/jpeg"}],"author":"EurecatEM","twitter_card":"summary_large_image","twitter_misc":{"Escrito por":"EurecatEM","Tiempo de lectura":"8 minutos"},"schema":{"@context":"https:\/\/schema.org","@graph":[{"@type":"Article","@id":"https:\/\/eurecat.org\/es\/en-battech-abordamos-la-sostenibilidad-de-las-baterias-electricas-desde-una-perspectiva-global\/#article","isPartOf":{"@id":"https:\/\/eurecat.org\/es\/en-battech-abordamos-la-sostenibilidad-de-las-baterias-electricas-desde-una-perspectiva-global\/"},"author":{"name":"EurecatEM","@id":"https:\/\/eurecat.org\/es\/#\/schema\/person\/540d47fd9da63c4587cbae01b88e4db3"},"headline":"\u00abEn Battech abordamos la sostenibilidad de las bater\u00edas el\u00e9ctricas desde una perspectiva global\u00bb","datePublished":"2021-12-15T16:06:35+00:00","dateModified":"2022-03-14T15:51:42+00:00","mainEntityOfPage":{"@id":"https:\/\/eurecat.org\/es\/en-battech-abordamos-la-sostenibilidad-de-las-baterias-electricas-desde-una-perspectiva-global\/"},"wordCount":1654,"commentCount":0,"image":{"@id":"https:\/\/eurecat.org\/es\/en-battech-abordamos-la-sostenibilidad-de-las-baterias-electricas-desde-una-perspectiva-global\/#primaryimage"},"thumbnailUrl":"https:\/\/eurecat.org\/wp-content\/uploads\/2021\/12\/agusti-chico.jpg","articleSection":["Blog","Sostenibilidad"],"inLanguage":"es","potentialAction":[{"@type":"CommentAction","name":"Comment","target":["https:\/\/eurecat.org\/es\/en-battech-abordamos-la-sostenibilidad-de-las-baterias-electricas-desde-una-perspectiva-global\/#respond"]}]},{"@type":"WebPage","@id":"https:\/\/eurecat.org\/es\/en-battech-abordamos-la-sostenibilidad-de-las-baterias-electricas-desde-una-perspectiva-global\/","url":"https:\/\/eurecat.org\/es\/en-battech-abordamos-la-sostenibilidad-de-las-baterias-electricas-desde-una-perspectiva-global\/","name":"\"En Battech abordamos la sostenibilidad de las bater\u00edas el\u00e9ctricas desde una perspectiva global\" - Eurecat","isPartOf":{"@id":"https:\/\/eurecat.org\/es\/#website"},"primaryImageOfPage":{"@id":"https:\/\/eurecat.org\/es\/en-battech-abordamos-la-sostenibilidad-de-las-baterias-electricas-desde-una-perspectiva-global\/#primaryimage"},"image":{"@id":"https:\/\/eurecat.org\/es\/en-battech-abordamos-la-sostenibilidad-de-las-baterias-electricas-desde-una-perspectiva-global\/#primaryimage"},"thumbnailUrl":"https:\/\/eurecat.org\/wp-content\/uploads\/2021\/12\/agusti-chico.jpg","datePublished":"2021-12-15T16:06:35+00:00","dateModified":"2022-03-14T15:51:42+00:00","author":{"@id":"https:\/\/eurecat.org\/es\/#\/schema\/person\/540d47fd9da63c4587cbae01b88e4db3"},"description":"Entrevista con el director tecnol\u00f3gico de Battech, una unidad conjunta de investigaci\u00f3n para mejorar la sostenibilidad de las bater\u00edas el\u00e9ctricas.","breadcrumb":{"@id":"https:\/\/eurecat.org\/es\/en-battech-abordamos-la-sostenibilidad-de-las-baterias-electricas-desde-una-perspectiva-global\/#breadcrumb"},"inLanguage":"es","potentialAction":[{"@type":"ReadAction","target":["https:\/\/eurecat.org\/es\/en-battech-abordamos-la-sostenibilidad-de-las-baterias-electricas-desde-una-perspectiva-global\/"]}]},{"@type":"ImageObject","inLanguage":"es","@id":"https:\/\/eurecat.org\/es\/en-battech-abordamos-la-sostenibilidad-de-las-baterias-electricas-desde-una-perspectiva-global\/#primaryimage","url":"https:\/\/eurecat.org\/wp-content\/uploads\/2021\/12\/agusti-chico.jpg","contentUrl":"https:\/\/eurecat.org\/wp-content\/uploads\/2021\/12\/agusti-chico.jpg","width":800,"height":461,"caption":"agust\u00ed chico"},{"@type":"BreadcrumbList","@id":"https:\/\/eurecat.org\/es\/en-battech-abordamos-la-sostenibilidad-de-las-baterias-electricas-desde-una-perspectiva-global\/#breadcrumb","itemListElement":[{"@type":"ListItem","position":1,"name":"Inici","item":"https:\/\/eurecat.org\/es\/"},{"@type":"ListItem","position":2,"name":"\u00abEn Battech abordamos la sostenibilidad de las bater\u00edas el\u00e9ctricas desde una perspectiva global\u00bb"}]},{"@type":"WebSite","@id":"https:\/\/eurecat.org\/es\/#website","url":"https:\/\/eurecat.org\/es\/","name":"Eurecat","description":"Otro sitio realizado con WordPress","potentialAction":[{"@type":"SearchAction","target":{"@type":"EntryPoint","urlTemplate":"https:\/\/eurecat.org\/es\/?s={search_term_string}"},"query-input":{"@type":"PropertyValueSpecification","valueRequired":true,"valueName":"search_term_string"}}],"inLanguage":"es"},{"@type":"Person","@id":"https:\/\/eurecat.org\/es\/#\/schema\/person\/540d47fd9da63c4587cbae01b88e4db3","name":"EurecatEM","image":{"@type":"ImageObject","inLanguage":"es","@id":"https:\/\/secure.gravatar.com\/avatar\/deb330c0660ac5bf74cae5724d94229935e34c26df9bce576399b4da2212af05?s=96&d=mm&r=g","url":"https:\/\/secure.gravatar.com\/avatar\/deb330c0660ac5bf74cae5724d94229935e34c26df9bce576399b4da2212af05?s=96&d=mm&r=g","contentUrl":"https:\/\/secure.gravatar.com\/avatar\/deb330c0660ac5bf74cae5724d94229935e34c26df9bce576399b4da2212af05?s=96&d=mm&r=g","caption":"EurecatEM"}}]}},"_links":{"self":[{"href":"https:\/\/eurecat.org\/es\/wp-json\/wp\/v2\/posts\/121154","targetHints":{"allow":["GET"]}}],"collection":[{"href":"https:\/\/eurecat.org\/es\/wp-json\/wp\/v2\/posts"}],"about":[{"href":"https:\/\/eurecat.org\/es\/wp-json\/wp\/v2\/types\/post"}],"author":[{"embeddable":true,"href":"https:\/\/eurecat.org\/es\/wp-json\/wp\/v2\/users\/6"}],"replies":[{"embeddable":true,"href":"https:\/\/eurecat.org\/es\/wp-json\/wp\/v2\/comments?post=121154"}],"version-history":[{"count":0,"href":"https:\/\/eurecat.org\/es\/wp-json\/wp\/v2\/posts\/121154\/revisions"}],"wp:featuredmedia":[{"embeddable":true,"href":"https:\/\/eurecat.org\/es\/wp-json\/wp\/v2\/media\/119041"}],"wp:attachment":[{"href":"https:\/\/eurecat.org\/es\/wp-json\/wp\/v2\/media?parent=121154"}],"wp:term":[{"taxonomy":"category","embeddable":true,"href":"https:\/\/eurecat.org\/es\/wp-json\/wp\/v2\/categories?post=121154"},{"taxonomy":"post_tag","embeddable":true,"href":"https:\/\/eurecat.org\/es\/wp-json\/wp\/v2\/tags?post=121154"}],"curies":[{"name":"wp","href":"https:\/\/api.w.org\/{rel}","templated":true}]}}