{"id":121166,"date":"2021-12-02T15:47:04","date_gmt":"2021-12-02T14:47:04","guid":{"rendered":"https:\/\/eurecat.org\/els-sector-productius-tambe-shauran-dadaptar-al-canvi-climatic\/"},"modified":"2022-03-14T17:09:13","modified_gmt":"2022-03-14T16:09:13","slug":"los-sectores-productivos-tambien-tendran-que-adaptarse-al-cambio-climatico","status":"publish","type":"post","link":"https:\/\/eurecat.org\/es\/los-sectores-productivos-tambien-tendran-que-adaptarse-al-cambio-climatico\/","title":{"rendered":"\u00abLos sectores productivos tambi\u00e9n tendr\u00e1n que adaptarse al cambio clim\u00e1tico\u00bb"},"content":{"rendered":"<h3>Miquel Rovira es director del \u00c1rea de Sostenibilidad de Eurecat. Participa en la direcci\u00f3n tecnol\u00f3gica del nuevo <a href=\"https:\/\/centreenresilienciaclimatica.org\/es\/\">Centro en Resiliencia Clim\u00e1tica<\/a> (CRC), un referente para impulsar la investigaci\u00f3n y la innovaci\u00f3n en la adaptaci\u00f3n a la emergencia clim\u00e1tica, buscando soluciones transformadoras para transitar hacia el desarrollo sostenible y la digitalizaci\u00f3n. En esta entrevista nos presenta algunos de los retos del CRC y de la investigaci\u00f3n e innovaci\u00f3n en el cambio clim\u00e1tico.<\/h3>\n<h3>\u00bfPor qu\u00e9 se ha creado el Centro en Resiliencia Clim\u00e1tica?<\/h3>\n<p>El Centro en Resiliencia Clim\u00e1tica (CRC) se crea para impulsar la tecnolog\u00eda y el conocimiento como herramientas para afrontar la emergencia clim\u00e1tica, uno de los principales retos de la humanidad. Se trata de una situaci\u00f3n que requiere una simbiosis cient\u00edfico-tecnol\u00f3gica muy grande. No podemos hacerlo solos y en Eurecat impulsamos esta iniciativa junto con el Ayuntamiento de Amposta y la Universidad Rovira i Virgili. Contamos tambi\u00e9n como socios promotores con la Generalitat de Catalu\u00f1a, el Consorcio de Pol\u00edticas Ambientales de las Terres de l&#8217;Ebre (COPATE), el Centro de Investigaci\u00f3n Ecol\u00f3gica y Aplicaciones forestales (CREAF), la Fundaci\u00f3n Catalu\u00f1a La Pedrera, la Fundaci\u00f3n Empresa y Clima, el Observatorio del Ebro y SEO\/BirdLIfe.<\/p>\n<h3>\u00bfCu\u00e1les son los principales objetivos que impulsar\u00e1 el CRC?<\/h3>\n<p>El CRC quiere liderar la resiliencia clim\u00e1tica y desarrollar herramientas metodol\u00f3gicas y tecnolog\u00edas innovadoras para afrontarlo. Esto implica realizar investigaci\u00f3n e innovaci\u00f3n de excelencia y ser referentes en transferencia de conocimiento para administraciones, empresas y la ciudadan\u00eda.<\/p>\n<p>Es fundamental difundir la problem\u00e1tica del cambio clim\u00e1tico, por eso la divulgaci\u00f3n tiene una especial relevancia en este proyecto. Es necesario llegar a toda la sociedad para explicar c\u00f3mo adaptarnos y tambi\u00e9n hacer un acompa\u00f1amiento en la implantaci\u00f3n de todas las estrategias impulsadas por agendas locales, nacionales e internacionales.<\/p>\n<h3>\u00bfQu\u00e9 tipos de proyectos se llevan a cabo?<\/h3>\n<p>El problema es de tal magnitud que la colaboraci\u00f3n entre instituciones p\u00fablicas, centros de investigaci\u00f3n, empresas, ciudadan\u00eda y ciudades es esencial porque para cada reto es necesario encontrar soluciones a medida. Tambi\u00e9n para tomar soluciones, lo que debe hacerse cient\u00edficamente con la ayuda de la tecnolog\u00eda.<\/p>\n<p>Por otro lado, desde el CRC tambi\u00e9n se ejecutan proyectos de investigaci\u00f3n. Actualmente el CRC participa en dos grandes proyectos europeos: IMPETUS, coordinado por Eurecat y con 32 socios europeos de 9 pa\u00edses, que desarrolla los llamados \u201cadaptation pathways\u201d que deben ser una especie de hojas de ruta de adaptaci\u00f3n al clima basadas en la gesti\u00f3n din\u00e1mica de la informaci\u00f3n y que se aplican a 7 regiones bioclim\u00e1ticas de Europa entre ellas la l\u00ednea de costa catalana; y REST-COAST, centrado en la restauraci\u00f3n ambiental mediante soluciones basadas en la naturaleza. \u00c9ste \u00faltimo est\u00e1 liderado por la UPC con participaci\u00f3n de entidades europeas y tiene por objetivo reducir los riesgos costeros, mejorar la biodiversidad y secuestrar carbono para mitigar los efectos del cambio clim\u00e1tico. Estos tipos de proyectos europeos incluyen demo-sites, sitios demostrativos representativos de retos concretos que se investigan durante el proyecto y para extraer conclusiones que pueden extrapolarse.<\/p>\n<p>El CRC tambi\u00e9n est\u00e1 abierto a proyectos a menor tama\u00f1o. Los proyectos deben ser flexibles y \u00e1giles para encajar cada reto. Por ejemplo, las empresas de car\u00e1cter industrial vulnerables al cambio clim\u00e1tico que quieran incrementar su resiliencia clim\u00e1tica pueden encontrar respuesta al CRC a trav\u00e9s del an\u00e1lisis de las vulnerabilidades\u00a0 de sus cadenas de suministro, los riesgos f\u00edsicos a los que est\u00e1n expuestos y establecimiento de roadmaps de descarbonizaci\u00f3n.<\/p>\n<h3>\u00bfCu\u00e1les son los principales retos en resiliencia clim\u00e1tica de Catalu\u00f1a?<\/h3>\n<p>Catalu\u00f1a aunque es un pa\u00eds peque\u00f1o, tiene una gran variedad clim\u00e1tica marcada por un relieve muy diverso y un litoral mediterr\u00e1neo muy largo, lo que hace que los retos sean tambi\u00e9n variados. El mediterr\u00e1neo es una zona especialmente vulnerable: podemos se\u00f1alar la subida del nivel del mar y las lluvias irregulares que implican alteraciones en la l\u00ednea de la costa e inundaciones. Tambi\u00e9n habr\u00e1 que hacer frente a una probable escasez de agua ya un incremento de incendios forestales que ser\u00e1n m\u00e1s r\u00e1pidos, intensos y devastadores, puesto que est\u00e1n cambiando sus patrones. De hecho, se habla ya de incendios de sexta generaci\u00f3n. Adem\u00e1s, es necesario a\u00f1adir la afectaci\u00f3n a la salud de las personas ya la salud del medio natural, es decir la biodiversidad.<\/p>\n<p>Por otra parte, Catalu\u00f1a debe disminuir las emisiones de gases de efecto invernadero a trav\u00e9s de la transici\u00f3n energ\u00e9tica hacia un sistema de energ\u00edas renovables, la movilidad el\u00e9ctrica y la econom\u00eda circular entre otros. En Catalu\u00f1a, los sectores productivos como la industria, el turismo, la agricultura tambi\u00e9n tendr\u00e1n que adaptarse al cambio clim\u00e1tico adem\u00e1s de contribuir a su mitigaci\u00f3n. Eurecat tiene un papel muy relevante, ya que puede ayudar a estos sectores productivos a innovar por no perder su competitividad.<\/p>\n<h3>\u00bfC\u00f3mo puede ayudar a la investigaci\u00f3n cient\u00edfico-tecnol\u00f3gica a minimizar los efectos del cambio clim\u00e1tico?<\/h3>\n<p>Dado que los efectos del cambio clim\u00e1tico ya son manifiestos, nos hemos adaptado a una nueva realidad. La investigaci\u00f3n y la tecnolog\u00eda son claves en la adaptaci\u00f3n y en la toma de decisiones, ser\u00e1 necesario adaptar cada sector productivo y cada regi\u00f3n al cambio clim\u00e1tico. A menudo nos encontraremos en situaciones aparentemente contradictorias. Por ejemplo, si el cambio clim\u00e1tico empeora la calidad del agua porque sube la temperatura como es el caso de la zona mediterr\u00e1nea, habr\u00e1 que incrementar los procesos de tratamiento y gastar m\u00e1s energ\u00eda. La adaptaci\u00f3n ser\u00e1 contradictoria con la mitigaci\u00f3n.<\/p>\n<p>Tenemos problemas espec\u00edficos interconectados entre ellos y es necesaria una visi\u00f3n global para abordarlos. Adem\u00e1s, es fundamental el desarrollo de indicadores con una potente base cient\u00edfica que ayuden a medir el progreso de la resiliencia clim\u00e1tica.<\/p>\n<h3>\u00bfQu\u00e9 \u00e1mbitos de investigaci\u00f3n cient\u00edfica pueden ayudar a mitigarlo?<\/h3>\n<p>Tenemos tres grandes ejes: dejar de emitir gases de efecto invernadero migrante hacia las energ\u00edas renovables y por otra parte, <strong>es necesario promover la Econom\u00eda Circular en todos los sectores productivos<\/strong> a trav\u00e9s del eco-dise\u00f1o, el uso \u00f3ptimo de productos y servicios y la recuperaci\u00f3n de valor cuando se llega al final de vida de los productos. La circularidad contribuye tambi\u00e9n de una forma muy significativa a reducir los gases de efecto invernadero.<\/p>\n<p>Por ejemplo, si no reciclamos el aluminio estamos forzando a extraer m\u00e1s de la naturaleza y tratarlo en un proceso muy costoso que consume mucha energ\u00eda. Reciclando tambi\u00e9n consumiremos energ\u00eda, pero evitaremos las etapas de producci\u00f3n que m\u00e1s energ\u00eda consumen. Por \u00faltimo, las mejoras e innovaciones en la gesti\u00f3n agr\u00edcola y ganadera y del medio natural en general tambi\u00e9n contribuir\u00e1n a la mitigaci\u00f3n del cambio clim\u00e1tico.<\/p>\n<h3><strong>\u00bfQu\u00e9 v\u00ednculo tiene el CRC con el Delta del Ebro?<\/strong><\/h3>\n<p>El Centro en Resiliencia Clim\u00e1tica (CRC) nace en Amposta y tiene un v\u00ednculo muy importante con el Delta por ser la zona de Catalu\u00f1a m\u00e1s vulnerable al cambio clim\u00e1tico. No le llegan sedimentos debido a los embalses que hay en el r\u00edo Ebro, sufre subsidencia, es decir tendencia a que se hunda el terreno en un contexto de subida del nivel del mar, p\u00e9rdida de biodiversidad, estr\u00e9s h\u00eddrico y salinizaci\u00f3n afectando negativamente a las actividades econ\u00f3micas y los ecosistemas naturales. Por tanto, es la cota 0 de Catalu\u00f1a y una de las \u00e1reas donde hay afectaci\u00f3n directa por el cambio clim\u00e1tico.<\/p>\n<p>El CRC no limita sus actividades al Delta, pero tambi\u00e9n queremos ser \u00fatiles para exportar y replicar soluciones a cualquier lugar del mundo donde tenga sentido implantarlas.<\/p>\n<h3><strong>\u00bfCu\u00e1les son las fortalezas de Eurecat en apoyo a la resiliencia clim\u00e1tica desde el punto de vista de la ciencia y la tecnolog\u00eda?<\/strong><\/h3>\n<p>El cambio clim\u00e1tico es un problema complejo que requiere un abordaje hol\u00edstico. En Eurecat somos expertos en tecnolog\u00edas h\u00edbridas, en enfoques multitecnol\u00f3gicos y diferentes \u00e1mbitos de investigaci\u00f3n que pueden cruzarse como es en este caso la sostenibilidad, la digitalizaci\u00f3n, la biotecnolog\u00eda o las tecnolog\u00edas industriales que combinadas aportan soluciones a los retos que se plantean y tener una r\u00e1pida implementaci\u00f3n. El tiempo nos va en contra.<\/p>\n<p>Eurecat con el CRC puede acelerar la implantaci\u00f3n de soluciones de alcance exponencial. Adem\u00e1s, tenemos esp\u00edritu colaborativo y muchas alianzas en el territorio. En este sentido, el CRC tambi\u00e9n trabajar\u00e1 en el formato Living Lab para habilitar un v\u00ednculo m\u00e1s fuerte con los enclaves donde trabaje para que las soluciones lleguen lo m\u00e1s r\u00e1pido posible a implantarse. De hecho, ya se ha iniciado un Living Lab en el Delta del Ebro <strong>en el marco del proyecto de Especializaci\u00f3n y Competitividad (PECT) Ebro Bioterritorio<\/strong> que pretende favorecer la transici\u00f3n sist\u00e9mica, hacia un modelo de explotaci\u00f3n sostenible del capital natural .<\/p>\n","protected":false},"excerpt":{"rendered":"<p>Miquel Rovira es director del \u00c1rea de Sostenibilidad de Eurecat. Participa en la direcci\u00f3n tecnol\u00f3gica del nuevo Centro en Resiliencia Clim\u00e1tica (CRC), un referente para impulsar la investigaci\u00f3n y la innovaci\u00f3n en la adaptaci\u00f3n a la emergencia clim\u00e1tica, buscando soluciones transformadoras para transitar hacia el desarrollo sostenible y la digitalizaci\u00f3n. En esta entrevista nos presenta  [&#8230;]<\/p>\n","protected":false},"author":6,"featured_media":108761,"comment_status":"open","ping_status":"closed","sticky":false,"template":"","format":"standard","meta":{"footnotes":""},"categories":[133,411],"tags":[],"class_list":["post-121166","post","type-post","status-publish","format-standard","has-post-thumbnail","hentry","category-blog","category-sostenibilidad"],"yoast_head":"<!-- This site is optimized with the Yoast SEO plugin v27.4 - https:\/\/yoast.com\/product\/yoast-seo-wordpress\/ -->\n<title>&quot;Los sectores productivos tambi\u00e9n tendr\u00e1n que adaptarse al cambio clim\u00e1tico&quot; - Eurecat<\/title>\n<meta name=\"description\" content=\"Miquel Rovira, jefe del \u00c1rea de Sostenibilidad de Eurecat analiza en esta entrevista los retos del cambio clim\u00e1tico en Catalu\u00f1a.\" \/>\n<meta name=\"robots\" content=\"index, follow, max-snippet:-1, max-image-preview:large, max-video-preview:-1\" \/>\n<link rel=\"canonical\" href=\"https:\/\/eurecat.org\/es\/los-sectores-productivos-tambien-tendran-que-adaptarse-al-cambio-climatico\/\" \/>\n<meta property=\"og:locale\" content=\"es_ES\" \/>\n<meta property=\"og:type\" content=\"article\" \/>\n<meta property=\"og:title\" content=\"&quot;Los sectores productivos tambi\u00e9n tendr\u00e1n que adaptarse al cambio clim\u00e1tico&quot; - Eurecat\" \/>\n<meta property=\"og:description\" content=\"Miquel Rovira, jefe del \u00c1rea de Sostenibilidad de Eurecat analiza en esta entrevista los retos del cambio clim\u00e1tico en Catalu\u00f1a.\" \/>\n<meta property=\"og:url\" content=\"https:\/\/eurecat.org\/es\/los-sectores-productivos-tambien-tendran-que-adaptarse-al-cambio-climatico\/\" \/>\n<meta property=\"og:site_name\" content=\"Eurecat\" \/>\n<meta property=\"article:published_time\" content=\"2021-12-02T14:47:04+00:00\" \/>\n<meta property=\"article:modified_time\" content=\"2022-03-14T16:09:13+00:00\" \/>\n<meta property=\"og:image\" content=\"https:\/\/eurecat.org\/wp-content\/uploads\/2020\/11\/MIQUEL_ROVIRA_Q-1.jpg\" \/>\n\t<meta property=\"og:image:width\" content=\"800\" \/>\n\t<meta property=\"og:image:height\" content=\"461\" \/>\n\t<meta property=\"og:image:type\" content=\"image\/jpeg\" \/>\n<meta name=\"author\" content=\"EurecatEM\" \/>\n<meta name=\"twitter:card\" content=\"summary_large_image\" \/>\n<meta name=\"twitter:label1\" content=\"Escrito por\" \/>\n\t<meta name=\"twitter:data1\" content=\"EurecatEM\" \/>\n\t<meta name=\"twitter:label2\" content=\"Tiempo de lectura\" \/>\n\t<meta name=\"twitter:data2\" content=\"8 minutos\" \/>\n<script type=\"application\/ld+json\" class=\"yoast-schema-graph\">{\"@context\":\"https:\\\/\\\/schema.org\",\"@graph\":[{\"@type\":\"Article\",\"@id\":\"https:\\\/\\\/eurecat.org\\\/es\\\/los-sectores-productivos-tambien-tendran-que-adaptarse-al-cambio-climatico\\\/#article\",\"isPartOf\":{\"@id\":\"https:\\\/\\\/eurecat.org\\\/es\\\/los-sectores-productivos-tambien-tendran-que-adaptarse-al-cambio-climatico\\\/\"},\"author\":{\"name\":\"EurecatEM\",\"@id\":\"https:\\\/\\\/eurecat.org\\\/es\\\/#\\\/schema\\\/person\\\/540d47fd9da63c4587cbae01b88e4db3\"},\"headline\":\"\u00abLos sectores productivos tambi\u00e9n tendr\u00e1n que adaptarse al cambio clim\u00e1tico\u00bb\",\"datePublished\":\"2021-12-02T14:47:04+00:00\",\"dateModified\":\"2022-03-14T16:09:13+00:00\",\"mainEntityOfPage\":{\"@id\":\"https:\\\/\\\/eurecat.org\\\/es\\\/los-sectores-productivos-tambien-tendran-que-adaptarse-al-cambio-climatico\\\/\"},\"wordCount\":1588,\"commentCount\":0,\"image\":{\"@id\":\"https:\\\/\\\/eurecat.org\\\/es\\\/los-sectores-productivos-tambien-tendran-que-adaptarse-al-cambio-climatico\\\/#primaryimage\"},\"thumbnailUrl\":\"https:\\\/\\\/eurecat.org\\\/wp-content\\\/uploads\\\/2020\\\/11\\\/MIQUEL_ROVIRA_Q-1.jpg\",\"articleSection\":[\"Blog\",\"Sostenibilidad\"],\"inLanguage\":\"es\",\"potentialAction\":[{\"@type\":\"CommentAction\",\"name\":\"Comment\",\"target\":[\"https:\\\/\\\/eurecat.org\\\/es\\\/los-sectores-productivos-tambien-tendran-que-adaptarse-al-cambio-climatico\\\/#respond\"]}]},{\"@type\":\"WebPage\",\"@id\":\"https:\\\/\\\/eurecat.org\\\/es\\\/los-sectores-productivos-tambien-tendran-que-adaptarse-al-cambio-climatico\\\/\",\"url\":\"https:\\\/\\\/eurecat.org\\\/es\\\/los-sectores-productivos-tambien-tendran-que-adaptarse-al-cambio-climatico\\\/\",\"name\":\"\\\"Los sectores productivos tambi\u00e9n tendr\u00e1n que adaptarse al cambio clim\u00e1tico\\\" - Eurecat\",\"isPartOf\":{\"@id\":\"https:\\\/\\\/eurecat.org\\\/es\\\/#website\"},\"primaryImageOfPage\":{\"@id\":\"https:\\\/\\\/eurecat.org\\\/es\\\/los-sectores-productivos-tambien-tendran-que-adaptarse-al-cambio-climatico\\\/#primaryimage\"},\"image\":{\"@id\":\"https:\\\/\\\/eurecat.org\\\/es\\\/los-sectores-productivos-tambien-tendran-que-adaptarse-al-cambio-climatico\\\/#primaryimage\"},\"thumbnailUrl\":\"https:\\\/\\\/eurecat.org\\\/wp-content\\\/uploads\\\/2020\\\/11\\\/MIQUEL_ROVIRA_Q-1.jpg\",\"datePublished\":\"2021-12-02T14:47:04+00:00\",\"dateModified\":\"2022-03-14T16:09:13+00:00\",\"author\":{\"@id\":\"https:\\\/\\\/eurecat.org\\\/es\\\/#\\\/schema\\\/person\\\/540d47fd9da63c4587cbae01b88e4db3\"},\"description\":\"Miquel Rovira, jefe del \u00c1rea de Sostenibilidad de Eurecat analiza en esta entrevista los retos del cambio clim\u00e1tico en Catalu\u00f1a.\",\"breadcrumb\":{\"@id\":\"https:\\\/\\\/eurecat.org\\\/es\\\/los-sectores-productivos-tambien-tendran-que-adaptarse-al-cambio-climatico\\\/#breadcrumb\"},\"inLanguage\":\"es\",\"potentialAction\":[{\"@type\":\"ReadAction\",\"target\":[\"https:\\\/\\\/eurecat.org\\\/es\\\/los-sectores-productivos-tambien-tendran-que-adaptarse-al-cambio-climatico\\\/\"]}]},{\"@type\":\"ImageObject\",\"inLanguage\":\"es\",\"@id\":\"https:\\\/\\\/eurecat.org\\\/es\\\/los-sectores-productivos-tambien-tendran-que-adaptarse-al-cambio-climatico\\\/#primaryimage\",\"url\":\"https:\\\/\\\/eurecat.org\\\/wp-content\\\/uploads\\\/2020\\\/11\\\/MIQUEL_ROVIRA_Q-1.jpg\",\"contentUrl\":\"https:\\\/\\\/eurecat.org\\\/wp-content\\\/uploads\\\/2020\\\/11\\\/MIQUEL_ROVIRA_Q-1.jpg\",\"width\":800,\"height\":461},{\"@type\":\"BreadcrumbList\",\"@id\":\"https:\\\/\\\/eurecat.org\\\/es\\\/los-sectores-productivos-tambien-tendran-que-adaptarse-al-cambio-climatico\\\/#breadcrumb\",\"itemListElement\":[{\"@type\":\"ListItem\",\"position\":1,\"name\":\"Inici\",\"item\":\"https:\\\/\\\/eurecat.org\\\/es\\\/\"},{\"@type\":\"ListItem\",\"position\":2,\"name\":\"\u00abLos sectores productivos tambi\u00e9n tendr\u00e1n que adaptarse al cambio clim\u00e1tico\u00bb\"}]},{\"@type\":\"WebSite\",\"@id\":\"https:\\\/\\\/eurecat.org\\\/es\\\/#website\",\"url\":\"https:\\\/\\\/eurecat.org\\\/es\\\/\",\"name\":\"Eurecat\",\"description\":\"Otro sitio realizado con WordPress\",\"potentialAction\":[{\"@type\":\"SearchAction\",\"target\":{\"@type\":\"EntryPoint\",\"urlTemplate\":\"https:\\\/\\\/eurecat.org\\\/es\\\/?s={search_term_string}\"},\"query-input\":{\"@type\":\"PropertyValueSpecification\",\"valueRequired\":true,\"valueName\":\"search_term_string\"}}],\"inLanguage\":\"es\"},{\"@type\":\"Person\",\"@id\":\"https:\\\/\\\/eurecat.org\\\/es\\\/#\\\/schema\\\/person\\\/540d47fd9da63c4587cbae01b88e4db3\",\"name\":\"EurecatEM\",\"image\":{\"@type\":\"ImageObject\",\"inLanguage\":\"es\",\"@id\":\"https:\\\/\\\/secure.gravatar.com\\\/avatar\\\/deb330c0660ac5bf74cae5724d94229935e34c26df9bce576399b4da2212af05?s=96&d=mm&r=g\",\"url\":\"https:\\\/\\\/secure.gravatar.com\\\/avatar\\\/deb330c0660ac5bf74cae5724d94229935e34c26df9bce576399b4da2212af05?s=96&d=mm&r=g\",\"contentUrl\":\"https:\\\/\\\/secure.gravatar.com\\\/avatar\\\/deb330c0660ac5bf74cae5724d94229935e34c26df9bce576399b4da2212af05?s=96&d=mm&r=g\",\"caption\":\"EurecatEM\"}}]}<\/script>\n<!-- \/ Yoast SEO plugin. -->","yoast_head_json":{"title":"\"Los sectores productivos tambi\u00e9n tendr\u00e1n que adaptarse al cambio clim\u00e1tico\" - Eurecat","description":"Miquel Rovira, jefe del \u00c1rea de Sostenibilidad de Eurecat analiza en esta entrevista los retos del cambio clim\u00e1tico en Catalu\u00f1a.","robots":{"index":"index","follow":"follow","max-snippet":"max-snippet:-1","max-image-preview":"max-image-preview:large","max-video-preview":"max-video-preview:-1"},"canonical":"https:\/\/eurecat.org\/es\/los-sectores-productivos-tambien-tendran-que-adaptarse-al-cambio-climatico\/","og_locale":"es_ES","og_type":"article","og_title":"\"Los sectores productivos tambi\u00e9n tendr\u00e1n que adaptarse al cambio clim\u00e1tico\" - Eurecat","og_description":"Miquel Rovira, jefe del \u00c1rea de Sostenibilidad de Eurecat analiza en esta entrevista los retos del cambio clim\u00e1tico en Catalu\u00f1a.","og_url":"https:\/\/eurecat.org\/es\/los-sectores-productivos-tambien-tendran-que-adaptarse-al-cambio-climatico\/","og_site_name":"Eurecat","article_published_time":"2021-12-02T14:47:04+00:00","article_modified_time":"2022-03-14T16:09:13+00:00","og_image":[{"width":800,"height":461,"url":"https:\/\/eurecat.org\/wp-content\/uploads\/2020\/11\/MIQUEL_ROVIRA_Q-1.jpg","type":"image\/jpeg"}],"author":"EurecatEM","twitter_card":"summary_large_image","twitter_misc":{"Escrito por":"EurecatEM","Tiempo de lectura":"8 minutos"},"schema":{"@context":"https:\/\/schema.org","@graph":[{"@type":"Article","@id":"https:\/\/eurecat.org\/es\/los-sectores-productivos-tambien-tendran-que-adaptarse-al-cambio-climatico\/#article","isPartOf":{"@id":"https:\/\/eurecat.org\/es\/los-sectores-productivos-tambien-tendran-que-adaptarse-al-cambio-climatico\/"},"author":{"name":"EurecatEM","@id":"https:\/\/eurecat.org\/es\/#\/schema\/person\/540d47fd9da63c4587cbae01b88e4db3"},"headline":"\u00abLos sectores productivos tambi\u00e9n tendr\u00e1n que adaptarse al cambio clim\u00e1tico\u00bb","datePublished":"2021-12-02T14:47:04+00:00","dateModified":"2022-03-14T16:09:13+00:00","mainEntityOfPage":{"@id":"https:\/\/eurecat.org\/es\/los-sectores-productivos-tambien-tendran-que-adaptarse-al-cambio-climatico\/"},"wordCount":1588,"commentCount":0,"image":{"@id":"https:\/\/eurecat.org\/es\/los-sectores-productivos-tambien-tendran-que-adaptarse-al-cambio-climatico\/#primaryimage"},"thumbnailUrl":"https:\/\/eurecat.org\/wp-content\/uploads\/2020\/11\/MIQUEL_ROVIRA_Q-1.jpg","articleSection":["Blog","Sostenibilidad"],"inLanguage":"es","potentialAction":[{"@type":"CommentAction","name":"Comment","target":["https:\/\/eurecat.org\/es\/los-sectores-productivos-tambien-tendran-que-adaptarse-al-cambio-climatico\/#respond"]}]},{"@type":"WebPage","@id":"https:\/\/eurecat.org\/es\/los-sectores-productivos-tambien-tendran-que-adaptarse-al-cambio-climatico\/","url":"https:\/\/eurecat.org\/es\/los-sectores-productivos-tambien-tendran-que-adaptarse-al-cambio-climatico\/","name":"\"Los sectores productivos tambi\u00e9n tendr\u00e1n que adaptarse al cambio clim\u00e1tico\" - Eurecat","isPartOf":{"@id":"https:\/\/eurecat.org\/es\/#website"},"primaryImageOfPage":{"@id":"https:\/\/eurecat.org\/es\/los-sectores-productivos-tambien-tendran-que-adaptarse-al-cambio-climatico\/#primaryimage"},"image":{"@id":"https:\/\/eurecat.org\/es\/los-sectores-productivos-tambien-tendran-que-adaptarse-al-cambio-climatico\/#primaryimage"},"thumbnailUrl":"https:\/\/eurecat.org\/wp-content\/uploads\/2020\/11\/MIQUEL_ROVIRA_Q-1.jpg","datePublished":"2021-12-02T14:47:04+00:00","dateModified":"2022-03-14T16:09:13+00:00","author":{"@id":"https:\/\/eurecat.org\/es\/#\/schema\/person\/540d47fd9da63c4587cbae01b88e4db3"},"description":"Miquel Rovira, jefe del \u00c1rea de Sostenibilidad de Eurecat analiza en esta entrevista los retos del cambio clim\u00e1tico en Catalu\u00f1a.","breadcrumb":{"@id":"https:\/\/eurecat.org\/es\/los-sectores-productivos-tambien-tendran-que-adaptarse-al-cambio-climatico\/#breadcrumb"},"inLanguage":"es","potentialAction":[{"@type":"ReadAction","target":["https:\/\/eurecat.org\/es\/los-sectores-productivos-tambien-tendran-que-adaptarse-al-cambio-climatico\/"]}]},{"@type":"ImageObject","inLanguage":"es","@id":"https:\/\/eurecat.org\/es\/los-sectores-productivos-tambien-tendran-que-adaptarse-al-cambio-climatico\/#primaryimage","url":"https:\/\/eurecat.org\/wp-content\/uploads\/2020\/11\/MIQUEL_ROVIRA_Q-1.jpg","contentUrl":"https:\/\/eurecat.org\/wp-content\/uploads\/2020\/11\/MIQUEL_ROVIRA_Q-1.jpg","width":800,"height":461},{"@type":"BreadcrumbList","@id":"https:\/\/eurecat.org\/es\/los-sectores-productivos-tambien-tendran-que-adaptarse-al-cambio-climatico\/#breadcrumb","itemListElement":[{"@type":"ListItem","position":1,"name":"Inici","item":"https:\/\/eurecat.org\/es\/"},{"@type":"ListItem","position":2,"name":"\u00abLos sectores productivos tambi\u00e9n tendr\u00e1n que adaptarse al cambio clim\u00e1tico\u00bb"}]},{"@type":"WebSite","@id":"https:\/\/eurecat.org\/es\/#website","url":"https:\/\/eurecat.org\/es\/","name":"Eurecat","description":"Otro sitio realizado con WordPress","potentialAction":[{"@type":"SearchAction","target":{"@type":"EntryPoint","urlTemplate":"https:\/\/eurecat.org\/es\/?s={search_term_string}"},"query-input":{"@type":"PropertyValueSpecification","valueRequired":true,"valueName":"search_term_string"}}],"inLanguage":"es"},{"@type":"Person","@id":"https:\/\/eurecat.org\/es\/#\/schema\/person\/540d47fd9da63c4587cbae01b88e4db3","name":"EurecatEM","image":{"@type":"ImageObject","inLanguage":"es","@id":"https:\/\/secure.gravatar.com\/avatar\/deb330c0660ac5bf74cae5724d94229935e34c26df9bce576399b4da2212af05?s=96&d=mm&r=g","url":"https:\/\/secure.gravatar.com\/avatar\/deb330c0660ac5bf74cae5724d94229935e34c26df9bce576399b4da2212af05?s=96&d=mm&r=g","contentUrl":"https:\/\/secure.gravatar.com\/avatar\/deb330c0660ac5bf74cae5724d94229935e34c26df9bce576399b4da2212af05?s=96&d=mm&r=g","caption":"EurecatEM"}}]}},"_links":{"self":[{"href":"https:\/\/eurecat.org\/es\/wp-json\/wp\/v2\/posts\/121166","targetHints":{"allow":["GET"]}}],"collection":[{"href":"https:\/\/eurecat.org\/es\/wp-json\/wp\/v2\/posts"}],"about":[{"href":"https:\/\/eurecat.org\/es\/wp-json\/wp\/v2\/types\/post"}],"author":[{"embeddable":true,"href":"https:\/\/eurecat.org\/es\/wp-json\/wp\/v2\/users\/6"}],"replies":[{"embeddable":true,"href":"https:\/\/eurecat.org\/es\/wp-json\/wp\/v2\/comments?post=121166"}],"version-history":[{"count":0,"href":"https:\/\/eurecat.org\/es\/wp-json\/wp\/v2\/posts\/121166\/revisions"}],"wp:featuredmedia":[{"embeddable":true,"href":"https:\/\/eurecat.org\/es\/wp-json\/wp\/v2\/media\/108761"}],"wp:attachment":[{"href":"https:\/\/eurecat.org\/es\/wp-json\/wp\/v2\/media?parent=121166"}],"wp:term":[{"taxonomy":"category","embeddable":true,"href":"https:\/\/eurecat.org\/es\/wp-json\/wp\/v2\/categories?post=121166"},{"taxonomy":"post_tag","embeddable":true,"href":"https:\/\/eurecat.org\/es\/wp-json\/wp\/v2\/tags?post=121166"}],"curies":[{"name":"wp","href":"https:\/\/api.w.org\/{rel}","templated":true}]}}