{"id":121247,"date":"2022-03-03T11:51:34","date_gmt":"2022-03-03T10:51:34","guid":{"rendered":"https:\/\/eurecat.org\/?p=121247"},"modified":"2022-03-18T11:53:22","modified_gmt":"2022-03-18T10:53:22","slug":"acuerdo-con-el-ayuntamiento-de-sabadell-para-la-formacion-de-profesionales-de-la-industria","status":"publish","type":"post","link":"https:\/\/eurecat.org\/es\/acuerdo-con-el-ayuntamiento-de-sabadell-para-la-formacion-de-profesionales-de-la-industria\/","title":{"rendered":"Acuerdo con el Ayuntamiento de Sabadell para la formaci\u00f3n de profesionales de la industria"},"content":{"rendered":"<div class=\"fusion-fullwidth fullwidth-box fusion-builder-row-1 fusion-flex-container nonhundred-percent-fullwidth non-hundred-percent-height-scrolling\" style=\"--awb-border-radius-top-left:0px;--awb-border-radius-top-right:0px;--awb-border-radius-bottom-right:0px;--awb-border-radius-bottom-left:0px;--awb-flex-wrap:wrap;\" ><div class=\"fusion-builder-row fusion-row fusion-flex-align-items-flex-start fusion-flex-content-wrap\" style=\"max-width:1424.8px;margin-left: calc(-4% \/ 2 );margin-right: calc(-4% \/ 2 );\"><div class=\"fusion-layout-column fusion_builder_column fusion-builder-column-0 fusion_builder_column_1_1 1_1 fusion-flex-column\" style=\"--awb-bg-size:cover;--awb-width-large:100%;--awb-margin-top-large:0px;--awb-spacing-right-large:1.92%;--awb-margin-bottom-large:0px;--awb-spacing-left-large:1.92%;--awb-width-medium:100%;--awb-spacing-right-medium:1.92%;--awb-spacing-left-medium:1.92%;--awb-width-small:100%;--awb-spacing-right-small:1.92%;--awb-spacing-left-small:1.92%;\"><div class=\"fusion-column-wrapper fusion-flex-justify-content-flex-start fusion-content-layout-column\"><div class=\"fusion-text fusion-text-1\" style=\"--awb-text-transform:none;\"><p>El Ayuntamiento de Sabadell ha formalizado la renovaci\u00f3n de un acuerdo con el centro tecnol\u00f3gico Eurecat, C\u00e1mara de Comercio de Sabadell y el Centro Metal\u00fargico para la formaci\u00f3n de profesionales de la industria. Al acto asistieron la teniente de alcaldesa del \u00c1rea de Desarrollo Econ\u00f3mico e Impulso Administrativo, Montse Gonz\u00e1lez, el director general Corporativo y de Operaciones de Eurecat, Xavier L\u00f3pez, el director de Formaci\u00f3n de Eurecat, Marc Capellades, el vicepresidente de la C\u00e1mara de Comercio de Sabadell, Leo Torrecilla y el director del Centro Metal\u00fargico, Gabriel Torras.<\/p>\n<p>El objetivo del convenio es ayudar a las empresas industriales en la mejora de su competitividad formando a profesionales del sector industrial en general, especialmente el metal\u00fargico y el de la industria 4.0. Para responder a esta finalidad, el Ayuntamiento de Sabadell pone a disposici\u00f3n su Centro de Formaci\u00f3n Cal Molins, adscrito a Promoci\u00f3n Econ\u00f3mica de Sabadell, SL. para impartir la formaci\u00f3n programada por Eurecat con el apoyo del Centro Metal\u00fargico y de la C\u00e1mara de Comercio de Sabadell. En concreto, se cede a Eurecat el uso de un aula y un taller de este equipamiento municipal.<\/p>\n<p>Las acciones que se realicen ir\u00e1n dirigidas tanto a formar nuevos profesionales como realizar acciones de reciclaje. Se pretende, al mismo tiempo, acercar el conocimiento del sector entre la poblaci\u00f3n en general y, en particular, promover las vocaciones entre j\u00f3venes y mujeres por medio de las modalidades de formaci\u00f3n profesional para el empleo y la formaci\u00f3n continua. En el caso de la formaci\u00f3n profesional para el empleo se trata habitualmente de programas de larga duraci\u00f3n.<\/p>\n<p>Cal Molins ya est\u00e1 homologado para la importaci\u00f3n del Certificado de Profesionalidad de \u201cMecanizaci\u00f3n por Arranque de viruta\u201d. En el marco de esta programaci\u00f3n, las partes dar\u00e1n prioridad a la realizaci\u00f3n de acciones de formaci\u00f3n profesional para el empleo, dirigidas a un m\u00ednimo de 45 alumnos desempleados anuales, en las instalaciones.<\/p>\n<p>Por lo que se refiere a la formaci\u00f3n continua, suelen ser cursos cortos, muy vinculados a las tecnolog\u00edas, equipamientos y softwares existentes en el centro. La voluntad es trabajar \u00e1mbitos novedosos como metrolog\u00eda b\u00e1sica, dise\u00f1o 2D Autocad, Impresi\u00f3n 3D, o rob\u00f3tica, entre otros.<\/p>\n<p>En el marco de este nuevo convenio, Eurecat se compromete a invertir un m\u00ednimo de 50.000 euros para ofrecer al alumnado unas instalaciones actualizadas y m\u00e1s cercanas a la realidad industrial.<\/p>\n<\/div><\/div><\/div><\/div><\/div>\n","protected":false},"excerpt":{"rendered":"","protected":false},"author":12,"featured_media":121251,"comment_status":"open","ping_status":"closed","sticky":false,"template":"","format":"standard","meta":{"footnotes":""},"categories":[2314,394,134,411],"tags":[],"class_list":["post-121247","post","type-post","status-publish","format-standard","has-post-thumbnail","hentry","category-agua-aire-suelos","category-consultoria-es","category-notas-de-prensa","category-sostenibilidad"],"yoast_head":"<!-- This site is optimized with the Yoast SEO plugin v27.5 - https:\/\/yoast.com\/product\/yoast-seo-wordpress\/ -->\n<title>Acuerdo con el Ayuntamiento de Sabadell para la formaci\u00f3n de profesionales de la industria - Eurecat<\/title>\n<meta name=\"description\" content=\"Donen un nou impuls a l\u2019Observatori Catalunya Circular, el hub d\u2019innovaci\u00f3 de l\u2019ecosistema catal\u00e0 d\u2019economia circula\" \/>\n<meta name=\"robots\" content=\"index, follow, max-snippet:-1, max-image-preview:large, max-video-preview:-1\" \/>\n<link rel=\"canonical\" href=\"https:\/\/eurecat.org\/es\/acuerdo-con-el-ayuntamiento-de-sabadell-para-la-formacion-de-profesionales-de-la-industria\/\" \/>\n<meta property=\"og:locale\" content=\"es_ES\" \/>\n<meta property=\"og:type\" content=\"article\" \/>\n<meta property=\"og:title\" content=\"Acuerdo con el Ayuntamiento de Sabadell para la formaci\u00f3n de profesionales de la industria - Eurecat\" \/>\n<meta property=\"og:description\" content=\"Donen un nou impuls a l\u2019Observatori Catalunya Circular, el hub d\u2019innovaci\u00f3 de l\u2019ecosistema catal\u00e0 d\u2019economia circula\" \/>\n<meta property=\"og:url\" content=\"https:\/\/eurecat.org\/es\/acuerdo-con-el-ayuntamiento-de-sabadell-para-la-formacion-de-profesionales-de-la-industria\/\" \/>\n<meta property=\"og:site_name\" content=\"Eurecat\" \/>\n<meta property=\"article:published_time\" content=\"2022-03-03T10:51:34+00:00\" \/>\n<meta property=\"article:modified_time\" content=\"2022-03-18T10:53:22+00:00\" \/>\n<meta property=\"og:image\" content=\"https:\/\/eurecat.org\/wp-content\/uploads\/2022\/03\/03_conveni_eurecat.jpg\" \/>\n\t<meta property=\"og:image:width\" content=\"650\" \/>\n\t<meta property=\"og:image:height\" content=\"356\" \/>\n\t<meta property=\"og:image:type\" content=\"image\/jpeg\" \/>\n<meta name=\"author\" content=\"EurecatEG\" \/>\n<meta name=\"twitter:card\" content=\"summary_large_image\" \/>\n<meta name=\"twitter:label1\" content=\"Escrito por\" \/>\n\t<meta name=\"twitter:data1\" content=\"EurecatEG\" \/>\n\t<meta name=\"twitter:label2\" content=\"Tiempo de lectura\" \/>\n\t<meta name=\"twitter:data2\" content=\"3 minutos\" \/>\n<script type=\"application\/ld+json\" class=\"yoast-schema-graph\">{\"@context\":\"https:\\\/\\\/schema.org\",\"@graph\":[{\"@type\":\"Article\",\"@id\":\"https:\\\/\\\/eurecat.org\\\/es\\\/acuerdo-con-el-ayuntamiento-de-sabadell-para-la-formacion-de-profesionales-de-la-industria\\\/#article\",\"isPartOf\":{\"@id\":\"https:\\\/\\\/eurecat.org\\\/es\\\/acuerdo-con-el-ayuntamiento-de-sabadell-para-la-formacion-de-profesionales-de-la-industria\\\/\"},\"author\":{\"name\":\"EurecatEG\",\"@id\":\"https:\\\/\\\/eurecat.org\\\/es\\\/#\\\/schema\\\/person\\\/def9217eded50ee57a9dc4cf0c883f80\"},\"headline\":\"Acuerdo con el Ayuntamiento de Sabadell para la formaci\u00f3n de profesionales de la industria\",\"datePublished\":\"2022-03-03T10:51:34+00:00\",\"dateModified\":\"2022-03-18T10:53:22+00:00\",\"mainEntityOfPage\":{\"@id\":\"https:\\\/\\\/eurecat.org\\\/es\\\/acuerdo-con-el-ayuntamiento-de-sabadell-para-la-formacion-de-profesionales-de-la-industria\\\/\"},\"wordCount\":685,\"commentCount\":0,\"image\":{\"@id\":\"https:\\\/\\\/eurecat.org\\\/es\\\/acuerdo-con-el-ayuntamiento-de-sabadell-para-la-formacion-de-profesionales-de-la-industria\\\/#primaryimage\"},\"thumbnailUrl\":\"https:\\\/\\\/eurecat.org\\\/wp-content\\\/uploads\\\/2022\\\/03\\\/03_conveni_eurecat.jpg\",\"articleSection\":[\"Agua aire suelos\",\"Consultor\u00eda\",\"Notas de prensa\",\"Sostenibilidad\"],\"inLanguage\":\"es\",\"potentialAction\":[{\"@type\":\"CommentAction\",\"name\":\"Comment\",\"target\":[\"https:\\\/\\\/eurecat.org\\\/es\\\/acuerdo-con-el-ayuntamiento-de-sabadell-para-la-formacion-de-profesionales-de-la-industria\\\/#respond\"]}]},{\"@type\":\"WebPage\",\"@id\":\"https:\\\/\\\/eurecat.org\\\/es\\\/acuerdo-con-el-ayuntamiento-de-sabadell-para-la-formacion-de-profesionales-de-la-industria\\\/\",\"url\":\"https:\\\/\\\/eurecat.org\\\/es\\\/acuerdo-con-el-ayuntamiento-de-sabadell-para-la-formacion-de-profesionales-de-la-industria\\\/\",\"name\":\"Acuerdo con el Ayuntamiento de Sabadell para la formaci\u00f3n de profesionales de la industria - Eurecat\",\"isPartOf\":{\"@id\":\"https:\\\/\\\/eurecat.org\\\/es\\\/#website\"},\"primaryImageOfPage\":{\"@id\":\"https:\\\/\\\/eurecat.org\\\/es\\\/acuerdo-con-el-ayuntamiento-de-sabadell-para-la-formacion-de-profesionales-de-la-industria\\\/#primaryimage\"},\"image\":{\"@id\":\"https:\\\/\\\/eurecat.org\\\/es\\\/acuerdo-con-el-ayuntamiento-de-sabadell-para-la-formacion-de-profesionales-de-la-industria\\\/#primaryimage\"},\"thumbnailUrl\":\"https:\\\/\\\/eurecat.org\\\/wp-content\\\/uploads\\\/2022\\\/03\\\/03_conveni_eurecat.jpg\",\"datePublished\":\"2022-03-03T10:51:34+00:00\",\"dateModified\":\"2022-03-18T10:53:22+00:00\",\"author\":{\"@id\":\"https:\\\/\\\/eurecat.org\\\/es\\\/#\\\/schema\\\/person\\\/def9217eded50ee57a9dc4cf0c883f80\"},\"description\":\"Donen un nou impuls a l\u2019Observatori Catalunya Circular, el hub d\u2019innovaci\u00f3 de l\u2019ecosistema catal\u00e0 d\u2019economia circula\",\"breadcrumb\":{\"@id\":\"https:\\\/\\\/eurecat.org\\\/es\\\/acuerdo-con-el-ayuntamiento-de-sabadell-para-la-formacion-de-profesionales-de-la-industria\\\/#breadcrumb\"},\"inLanguage\":\"es\",\"potentialAction\":[{\"@type\":\"ReadAction\",\"target\":[\"https:\\\/\\\/eurecat.org\\\/es\\\/acuerdo-con-el-ayuntamiento-de-sabadell-para-la-formacion-de-profesionales-de-la-industria\\\/\"]}]},{\"@type\":\"ImageObject\",\"inLanguage\":\"es\",\"@id\":\"https:\\\/\\\/eurecat.org\\\/es\\\/acuerdo-con-el-ayuntamiento-de-sabadell-para-la-formacion-de-profesionales-de-la-industria\\\/#primaryimage\",\"url\":\"https:\\\/\\\/eurecat.org\\\/wp-content\\\/uploads\\\/2022\\\/03\\\/03_conveni_eurecat.jpg\",\"contentUrl\":\"https:\\\/\\\/eurecat.org\\\/wp-content\\\/uploads\\\/2022\\\/03\\\/03_conveni_eurecat.jpg\",\"width\":650,\"height\":356},{\"@type\":\"BreadcrumbList\",\"@id\":\"https:\\\/\\\/eurecat.org\\\/es\\\/acuerdo-con-el-ayuntamiento-de-sabadell-para-la-formacion-de-profesionales-de-la-industria\\\/#breadcrumb\",\"itemListElement\":[{\"@type\":\"ListItem\",\"position\":1,\"name\":\"Inici\",\"item\":\"https:\\\/\\\/eurecat.org\\\/es\\\/\"},{\"@type\":\"ListItem\",\"position\":2,\"name\":\"Acuerdo con el Ayuntamiento de Sabadell para la formaci\u00f3n de profesionales de la industria\"}]},{\"@type\":\"WebSite\",\"@id\":\"https:\\\/\\\/eurecat.org\\\/es\\\/#website\",\"url\":\"https:\\\/\\\/eurecat.org\\\/es\\\/\",\"name\":\"Eurecat\",\"description\":\"Otro sitio realizado con WordPress\",\"potentialAction\":[{\"@type\":\"SearchAction\",\"target\":{\"@type\":\"EntryPoint\",\"urlTemplate\":\"https:\\\/\\\/eurecat.org\\\/es\\\/?s={search_term_string}\"},\"query-input\":{\"@type\":\"PropertyValueSpecification\",\"valueRequired\":true,\"valueName\":\"search_term_string\"}}],\"inLanguage\":\"es\"},{\"@type\":\"Person\",\"@id\":\"https:\\\/\\\/eurecat.org\\\/es\\\/#\\\/schema\\\/person\\\/def9217eded50ee57a9dc4cf0c883f80\",\"name\":\"EurecatEG\",\"image\":{\"@type\":\"ImageObject\",\"inLanguage\":\"es\",\"@id\":\"https:\\\/\\\/secure.gravatar.com\\\/avatar\\\/f40dd9b6ecd3e5c591f3c9b033e495ee0ec9877ba77249fbf268b3889350c824?s=96&d=mm&r=g\",\"url\":\"https:\\\/\\\/secure.gravatar.com\\\/avatar\\\/f40dd9b6ecd3e5c591f3c9b033e495ee0ec9877ba77249fbf268b3889350c824?s=96&d=mm&r=g\",\"contentUrl\":\"https:\\\/\\\/secure.gravatar.com\\\/avatar\\\/f40dd9b6ecd3e5c591f3c9b033e495ee0ec9877ba77249fbf268b3889350c824?s=96&d=mm&r=g\",\"caption\":\"EurecatEG\"}}]}<\/script>\n<!-- \/ Yoast SEO plugin. -->","yoast_head_json":{"title":"Acuerdo con el Ayuntamiento de Sabadell para la formaci\u00f3n de profesionales de la industria - Eurecat","description":"Donen un nou impuls a l\u2019Observatori Catalunya Circular, el hub d\u2019innovaci\u00f3 de l\u2019ecosistema catal\u00e0 d\u2019economia circula","robots":{"index":"index","follow":"follow","max-snippet":"max-snippet:-1","max-image-preview":"max-image-preview:large","max-video-preview":"max-video-preview:-1"},"canonical":"https:\/\/eurecat.org\/es\/acuerdo-con-el-ayuntamiento-de-sabadell-para-la-formacion-de-profesionales-de-la-industria\/","og_locale":"es_ES","og_type":"article","og_title":"Acuerdo con el Ayuntamiento de Sabadell para la formaci\u00f3n de profesionales de la industria - Eurecat","og_description":"Donen un nou impuls a l\u2019Observatori Catalunya Circular, el hub d\u2019innovaci\u00f3 de l\u2019ecosistema catal\u00e0 d\u2019economia circula","og_url":"https:\/\/eurecat.org\/es\/acuerdo-con-el-ayuntamiento-de-sabadell-para-la-formacion-de-profesionales-de-la-industria\/","og_site_name":"Eurecat","article_published_time":"2022-03-03T10:51:34+00:00","article_modified_time":"2022-03-18T10:53:22+00:00","og_image":[{"width":650,"height":356,"url":"https:\/\/eurecat.org\/wp-content\/uploads\/2022\/03\/03_conveni_eurecat.jpg","type":"image\/jpeg"}],"author":"EurecatEG","twitter_card":"summary_large_image","twitter_misc":{"Escrito por":"EurecatEG","Tiempo de lectura":"3 minutos"},"schema":{"@context":"https:\/\/schema.org","@graph":[{"@type":"Article","@id":"https:\/\/eurecat.org\/es\/acuerdo-con-el-ayuntamiento-de-sabadell-para-la-formacion-de-profesionales-de-la-industria\/#article","isPartOf":{"@id":"https:\/\/eurecat.org\/es\/acuerdo-con-el-ayuntamiento-de-sabadell-para-la-formacion-de-profesionales-de-la-industria\/"},"author":{"name":"EurecatEG","@id":"https:\/\/eurecat.org\/es\/#\/schema\/person\/def9217eded50ee57a9dc4cf0c883f80"},"headline":"Acuerdo con el Ayuntamiento de Sabadell para la formaci\u00f3n de profesionales de la industria","datePublished":"2022-03-03T10:51:34+00:00","dateModified":"2022-03-18T10:53:22+00:00","mainEntityOfPage":{"@id":"https:\/\/eurecat.org\/es\/acuerdo-con-el-ayuntamiento-de-sabadell-para-la-formacion-de-profesionales-de-la-industria\/"},"wordCount":685,"commentCount":0,"image":{"@id":"https:\/\/eurecat.org\/es\/acuerdo-con-el-ayuntamiento-de-sabadell-para-la-formacion-de-profesionales-de-la-industria\/#primaryimage"},"thumbnailUrl":"https:\/\/eurecat.org\/wp-content\/uploads\/2022\/03\/03_conveni_eurecat.jpg","articleSection":["Agua aire suelos","Consultor\u00eda","Notas de prensa","Sostenibilidad"],"inLanguage":"es","potentialAction":[{"@type":"CommentAction","name":"Comment","target":["https:\/\/eurecat.org\/es\/acuerdo-con-el-ayuntamiento-de-sabadell-para-la-formacion-de-profesionales-de-la-industria\/#respond"]}]},{"@type":"WebPage","@id":"https:\/\/eurecat.org\/es\/acuerdo-con-el-ayuntamiento-de-sabadell-para-la-formacion-de-profesionales-de-la-industria\/","url":"https:\/\/eurecat.org\/es\/acuerdo-con-el-ayuntamiento-de-sabadell-para-la-formacion-de-profesionales-de-la-industria\/","name":"Acuerdo con el Ayuntamiento de Sabadell para la formaci\u00f3n de profesionales de la industria - Eurecat","isPartOf":{"@id":"https:\/\/eurecat.org\/es\/#website"},"primaryImageOfPage":{"@id":"https:\/\/eurecat.org\/es\/acuerdo-con-el-ayuntamiento-de-sabadell-para-la-formacion-de-profesionales-de-la-industria\/#primaryimage"},"image":{"@id":"https:\/\/eurecat.org\/es\/acuerdo-con-el-ayuntamiento-de-sabadell-para-la-formacion-de-profesionales-de-la-industria\/#primaryimage"},"thumbnailUrl":"https:\/\/eurecat.org\/wp-content\/uploads\/2022\/03\/03_conveni_eurecat.jpg","datePublished":"2022-03-03T10:51:34+00:00","dateModified":"2022-03-18T10:53:22+00:00","author":{"@id":"https:\/\/eurecat.org\/es\/#\/schema\/person\/def9217eded50ee57a9dc4cf0c883f80"},"description":"Donen un nou impuls a l\u2019Observatori Catalunya Circular, el hub d\u2019innovaci\u00f3 de l\u2019ecosistema catal\u00e0 d\u2019economia circula","breadcrumb":{"@id":"https:\/\/eurecat.org\/es\/acuerdo-con-el-ayuntamiento-de-sabadell-para-la-formacion-de-profesionales-de-la-industria\/#breadcrumb"},"inLanguage":"es","potentialAction":[{"@type":"ReadAction","target":["https:\/\/eurecat.org\/es\/acuerdo-con-el-ayuntamiento-de-sabadell-para-la-formacion-de-profesionales-de-la-industria\/"]}]},{"@type":"ImageObject","inLanguage":"es","@id":"https:\/\/eurecat.org\/es\/acuerdo-con-el-ayuntamiento-de-sabadell-para-la-formacion-de-profesionales-de-la-industria\/#primaryimage","url":"https:\/\/eurecat.org\/wp-content\/uploads\/2022\/03\/03_conveni_eurecat.jpg","contentUrl":"https:\/\/eurecat.org\/wp-content\/uploads\/2022\/03\/03_conveni_eurecat.jpg","width":650,"height":356},{"@type":"BreadcrumbList","@id":"https:\/\/eurecat.org\/es\/acuerdo-con-el-ayuntamiento-de-sabadell-para-la-formacion-de-profesionales-de-la-industria\/#breadcrumb","itemListElement":[{"@type":"ListItem","position":1,"name":"Inici","item":"https:\/\/eurecat.org\/es\/"},{"@type":"ListItem","position":2,"name":"Acuerdo con el Ayuntamiento de Sabadell para la formaci\u00f3n de profesionales de la industria"}]},{"@type":"WebSite","@id":"https:\/\/eurecat.org\/es\/#website","url":"https:\/\/eurecat.org\/es\/","name":"Eurecat","description":"Otro sitio realizado con WordPress","potentialAction":[{"@type":"SearchAction","target":{"@type":"EntryPoint","urlTemplate":"https:\/\/eurecat.org\/es\/?s={search_term_string}"},"query-input":{"@type":"PropertyValueSpecification","valueRequired":true,"valueName":"search_term_string"}}],"inLanguage":"es"},{"@type":"Person","@id":"https:\/\/eurecat.org\/es\/#\/schema\/person\/def9217eded50ee57a9dc4cf0c883f80","name":"EurecatEG","image":{"@type":"ImageObject","inLanguage":"es","@id":"https:\/\/secure.gravatar.com\/avatar\/f40dd9b6ecd3e5c591f3c9b033e495ee0ec9877ba77249fbf268b3889350c824?s=96&d=mm&r=g","url":"https:\/\/secure.gravatar.com\/avatar\/f40dd9b6ecd3e5c591f3c9b033e495ee0ec9877ba77249fbf268b3889350c824?s=96&d=mm&r=g","contentUrl":"https:\/\/secure.gravatar.com\/avatar\/f40dd9b6ecd3e5c591f3c9b033e495ee0ec9877ba77249fbf268b3889350c824?s=96&d=mm&r=g","caption":"EurecatEG"}}]}},"_links":{"self":[{"href":"https:\/\/eurecat.org\/es\/wp-json\/wp\/v2\/posts\/121247","targetHints":{"allow":["GET"]}}],"collection":[{"href":"https:\/\/eurecat.org\/es\/wp-json\/wp\/v2\/posts"}],"about":[{"href":"https:\/\/eurecat.org\/es\/wp-json\/wp\/v2\/types\/post"}],"author":[{"embeddable":true,"href":"https:\/\/eurecat.org\/es\/wp-json\/wp\/v2\/users\/12"}],"replies":[{"embeddable":true,"href":"https:\/\/eurecat.org\/es\/wp-json\/wp\/v2\/comments?post=121247"}],"version-history":[{"count":0,"href":"https:\/\/eurecat.org\/es\/wp-json\/wp\/v2\/posts\/121247\/revisions"}],"wp:featuredmedia":[{"embeddable":true,"href":"https:\/\/eurecat.org\/es\/wp-json\/wp\/v2\/media\/121251"}],"wp:attachment":[{"href":"https:\/\/eurecat.org\/es\/wp-json\/wp\/v2\/media?parent=121247"}],"wp:term":[{"taxonomy":"category","embeddable":true,"href":"https:\/\/eurecat.org\/es\/wp-json\/wp\/v2\/categories?post=121247"},{"taxonomy":"post_tag","embeddable":true,"href":"https:\/\/eurecat.org\/es\/wp-json\/wp\/v2\/tags?post=121247"}],"curies":[{"name":"wp","href":"https:\/\/api.w.org\/{rel}","templated":true}]}}