{"id":12131,"date":"2016-06-15T13:10:19","date_gmt":"2016-06-15T13:10:19","guid":{"rendered":"http:\/\/eurecat.org\/es\/?p=12131"},"modified":"2016-07-19T08:21:41","modified_gmt":"2016-07-19T08:21:41","slug":"la-digitalizacio-no-es-una-opcion-es-una-necesidad-para-empresas","status":"publish","type":"post","link":"https:\/\/eurecat.org\/es\/la-digitalizacio-no-es-una-opcion-es-una-necesidad-para-empresas\/","title":{"rendered":"\u201cLa digitalizaci\u00f3n no es una opci\u00f3n, es una necesidad para las empresas\u201d"},"content":{"rendered":"<h1 style=\"text-align: center;\"><span style=\"color: #000000;\">FUTURE INDUSTRY CONGRESS<\/span><\/h1>\n<blockquote><p>La secretaria general de <strong><span style=\"color: #800080;\"><a style=\"color: #800080;\" href=\"http:\/\/www.minetur.gob.es\/ca-ES\/Paginas\/index.aspx\">Industria y de la Peque\u00f1a y Mediana Empresa del Ministerio de Industria, Energ\u00eda y Turismo<\/a><\/span><\/strong>, Bego\u00f1a Cristeto, y la directora general de <strong><span style=\"color: #800080;\"><a style=\"color: #800080;\" href=\"http:\/\/web.gencat.cat\/ca\/inici\/index.html\">Industria<\/a><\/span><\/strong> y consejera delegada de <strong><span style=\"color: #800080;\"><a style=\"color: #800080;\" href=\"http:\/\/accio.gencat.cat\/cat\/\">ACCI\u00d3<\/a><\/span><\/strong>, N\u00faria Betriu, coinciden en afirmar en el congres <strong><span style=\"color: #800080;\"><a style=\"color: #800080;\" href=\"http:\/\/futureindustrycongress.com\/\">Future Industry Congress<\/a><\/span><\/strong> la importancia de la digitalizaci\u00f3n de la industria, un sector que en Espa\u00f1a representa el 13 por ciento del PIB y el 11 por ciento de la poblaci\u00f3n ocupada.<\/p><\/blockquote>\n<p><strong><u>Barcelona, 15 de junio de 2016.-<\/u> <\/strong>\u00abDigitalizaci\u00f3n e industria 4.0 no son retos de futuro, sino realidades de presente a las que hay que hacer frente\u00bb. As\u00ed lo han afirmado tanto la secretaria general de Industria y de la Peque\u00f1a y Mediana Empresa del Ministerio de Industria, Energ\u00eda y Turismo, Bego\u00f1a Cristeto, como la directora general de Industria y consejera delegada de ACCI\u00d3, N\u00faria Betriu, en la segunda jornada del Future Industry Congress, organizado por Eurecat (miembro de Tecnio).<\/p>\n<p>Ambas han apuntado como las administraciones deben ser facilitadoras de la competitividad, la adaptaci\u00f3n y la transformaci\u00f3n y han hecho referencia a las actuaciones que se est\u00e1n adoptando para acompa\u00f1ar a la empresa en el proceso de digitalizaci\u00f3n, tales como herramientas de autodiagn\u00f3stico online para evaluar el nivel de madurez digital o programas de pr\u00e9stamos para financiar la innovaci\u00f3n.<\/p>\n<p>Cristeto ha destacado que la hibridaci\u00f3n entre el mundo f\u00edsico y el virtual no afecta s\u00f3lo al proceso productivo sino tambi\u00e9n a los productos (cada vez m\u00e1s inteligentes y funcionalizados) y los modelos de negocio. En este \u00faltimo aspecto, ha se\u00f1alado que \u00abtodas las empresas deben analizar su cadena de valor y c\u00f3mo \u00e9sta puede verse afectada desde fuera para poner los mecanismos de protecci\u00f3n adecuados\u00bb. La secretaria general de Industria y de la Peque\u00f1a y Mediana Empresa del Ministerio de Industria, Energ\u00eda y Turismo ha apuntado que la empresa ha de convertir el reto de la industria 4.0 en una oportunidad, dado su peso en la econom\u00eda. Representa, ha dicho, el 13% del PIB y el 11% de la poblaci\u00f3n ocupada. Posteriormente, ha agregado que \u00aben el 2020 tenemos que llegar al 20% del PIB y hay que subir este tren y meternos de lleno en la industria 4.0\u00bb.<\/p>\n<blockquote><p>Los expertos que hoy han participado en la segunda jornada del congreso organizado por el centro tecnol\u00f3gico Eurecat destacan como fundamental la colaboraci\u00f3n p\u00fablico-privada para ganar masa y emprender actuaciones con menos riesgos y costos en el camino hacia la industria 4.0.<\/p><\/blockquote>\n<p>Para la directora general de Industria y consejera delegada de ACCI\u00d3, \u00abCatalu\u00f1a mira con ambici\u00f3n la industria 4.0 y c\u00f3mo ejercer el liderazgo en este \u00e1mbito\u00bb. Ha se\u00f1alado que, para llevarlo a cabo, se cuenta tanto con condiciones favorables de contexto (un tejido empresarial innovador) como con la capacidad del sector privado, al que dar\u00e1 apoyo al sector p\u00fablico. Haciendo menci\u00f3n a los \u00faltimos datos del Bar\u00f3metro a la Innovaci\u00f3n en Catalu\u00f1a, Betriu ha destacado que m\u00e1s de la mitad de las empresas de m\u00e1s de 9 trabajadores (54%) han innovado en 2015, un porcentaje que crece cuando se analiza el sector industrial (68%), y que el 57% de las empresas innovadoras han exportado en 2015. Con estos datos como referencia, la consejera delegada de ACCI\u00d3 ha remarcado la importancia del binomio innovaci\u00f3n-internacionalizaci\u00f3n para traccionar la competitividad de la empresa. Tambi\u00e9n ha hecho menci\u00f3n a la colaboraci\u00f3n p\u00fablico-privada como v\u00eda para alcanzar masa y compartir riesgos y costes.<\/p>\n<p>En este punto ha coincidido tambi\u00e9n con la intervenci\u00f3n de Xavier Torra, presidente de Eurecat, quien se ha referido a la dimensi\u00f3n de la empresa como factor para afrontar las inversiones que requiere la industria 4.0 y al papel que juega Eurecat en el acompa\u00f1amiento tecnol\u00f3gico para hacer frente a la digitalizaci\u00f3n y retos de futuro.<\/p>\n<p>La colaboraci\u00f3n p\u00fablico-privada ha sido, asimismo, el n\u00facleo central de la intervenci\u00f3n de Carl Gislekog, Digital Technology Advisor de la <strong><span style=\"color: #800080;\">European Factories of the future Research Association<\/span><\/strong>. Gislekog se ha referido al programa europeo \u00abFactories of the future\u00bb como una v\u00eda para las empresas para innovar en colaboraci\u00f3n. Para los pr\u00f3ximos a\u00f1os, el programa, que cuenta con financiaci\u00f3n de la Comisi\u00f3n Europea, destinar\u00e1 recursos a los proyectos centrados, entre otros, en la manufactura basada en materiales complejos y multi-componentes, en los avances en la fabricaci\u00f3n avanzada, en la fabricaci\u00f3n de alta precisi\u00f3n, en la eficiencia en materiales y recursos y en la eficiencia energ\u00e9tica tanto a nivel de maquinaria como de f\u00e1brica.<\/p>\n<blockquote><p>En el \u00e1mbito europeo, el programa \u201c<strong><span style=\"color: #800080;\"><a style=\"color: #800080;\" href=\"http:\/\/ec.europa.eu\/research\/industrial_technologies\/factories-of-the-future_en.html\">Factories of de Future<\/a><\/span><\/strong>\u201d priorizar\u00e1 en los pr\u00f3ximos a\u00f1os la colaboraci\u00f3n en proyectos orientados a la manufactura en base a materiales complejos, los avances en la fabricaci\u00f3n avanzada, la fabricaci\u00f3n de alta precisi\u00f3n, la eficiencia en materiales y recursos y la eficiencia energ\u00e9tica tanto a nivel de maquinaria como de f\u00e1brica.<\/p><\/blockquote>\n<p>Durante la jornada de hoy han participado tambi\u00e9n directivos con una amplia visi\u00f3n internacional, como Eduard Marf\u00e0, director de Marketing de EMEA, Lifecycle Collaboration de <strong><span style=\"color: #800080;\"><a style=\"color: #800080;\" href=\"http:\/\/www.siemens.com\/\">SIEMENS<\/a><\/span><\/strong>, quien ha compartido experiencias sobre las innovaciones inteligentes; David Palacios, gerente de <strong><span style=\"color: #800080;\"><a style=\"color: #800080;\" href=\"http:\/\/www.tecnocom.es\/\">TECNOCOM<\/a><\/span><\/strong>, quien ha presentado un proyecto para la certificaci\u00f3n de aplicaciones m\u00f3viles para el coche conectado; Alejandro Cadenas, responsable de Internet of Things industrial de <strong><span style=\"color: #800080;\"><a style=\"color: #800080;\" href=\"https:\/\/www.telefonica.es\/\">Telef\u00f3nica<\/a><\/span><\/strong>, que ha centrado su intervenci\u00f3n en la gesti\u00f3n de la movilidad en la transici\u00f3n hacia la industria 4.0, o Carlos Guti\u00e9rrez, Cognitive yate Consultant de <strong><span style=\"color: #800080;\"><a style=\"color: #800080;\" href=\"https:\/\/www.ibm.com\/\">IBM<\/a><\/span><\/strong>, quien ha expuesto las claves para construir una industria m\u00e1s inteligente, interconectada y cognitiva.<\/p>\n<p>&nbsp;<\/p>\n<p><strong>Sobre Eurecat<\/strong><\/p>\n<p>Eurecat, Centro Tecnol\u00f3gico de Catalu\u00f1a (miembro de TECNIO), aglutina la experiencia de m\u00e1s de <strong>450 profesionales<\/strong> que generan un volumen de ingresos de <strong>45 millones de euros anuales<\/strong> y presta servicio a m\u00e1s de <strong>1.000 empresas<\/strong>. <strong>I+D aplicado<\/strong>, <strong>servicios tecnol\u00f3gicos<\/strong>, <strong>formaci\u00f3n de alta especializaci\u00f3n<\/strong>, <strong>consultor\u00eda tecnol\u00f3gica<\/strong> y <strong>eventos profesionales<\/strong> son algunos de los servicios que Eurecat ofrece tanto para grandes como para peque\u00f1as y medianas empresas de todos los sectores. Con instalaciones en Barcelona, Canet de Mar, Cerdanyola del Vall\u00e8s, Girona, Lleida, Manresa, Matar\u00f3, Reus y Amposta y con una sede en Brasil, participa a <strong>160 grandes proyectos consorciados de I+D+i<\/strong> nacionales e internacionales de alto valor estrat\u00e9gico y cuenta con <strong>73 patentes<\/strong> y <strong>7 spin-off<\/strong>. El valor a\u00f1adido que aporta Eurecat <strong>acelera la innovaci\u00f3n<\/strong>, <strong>disminuye el gasto en infraestructuras<\/strong> cient\u00edficas y tecnol\u00f3gicas, <strong>reduce los riesgos <\/strong>y proporciona <strong>conocimiento especializado <\/strong>a medida de cada empresa. <strong>M\u00e1s informaci\u00f3n en <\/strong><a href=\"http:\/\/www.eurecat.org\"><strong>www.eurecat.org<\/strong><\/a><\/p>\n<p><strong>\u00a0<\/strong><\/p>\n<p><strong><em>M\u00e1s informaci\u00f3n:<\/em><\/strong><\/p>\n<p><strong>Montse Mascar\u00f3<br \/>\nPrensa | Direcci\u00f3n de Comunicaci\u00f3n Corporativa <\/strong><strong>Eurecat<\/strong><\/p>\n<p><strong>Tel. (+34) 932 381 400 | M\u00f3vil: (+34) 630 425 169<br \/>\nC\/e: premsa@eurecat.org | <\/strong><a href=\"http:\/\/www.eurecat.org\">www.eurecat.org<\/a><\/p>\n<p>&nbsp;<\/p>\n","protected":false},"excerpt":{"rendered":"<p>FUTURE INDUSTRY CONGRESS La secretaria general de Industria y de la Peque\u00f1a y Mediana Empresa del Ministerio de Industria, Energ\u00eda y Turismo, Bego\u00f1a Cristeto, y la directora general de Industria y consejera delegada de ACCI\u00d3, N\u00faria Betriu, coinciden en afirmar en el congres Future Industry Congress la importancia de la digitalizaci\u00f3n de la industria, un  [&#8230;]<\/p>\n","protected":false},"author":12,"featured_media":12123,"comment_status":"open","ping_status":"closed","sticky":false,"template":"","format":"standard","meta":{"footnotes":""},"categories":[400,134],"tags":[140,323,173,733],"class_list":["post-12131","post","type-post","status-publish","format-standard","has-post-thumbnail","hentry","category-desarrollo-producto","category-notas-de-prensa","tag-eurecat","tag-fic","tag-industria-4-0","tag-industria-4-0-es"],"yoast_head":"<!-- This site is optimized with the Yoast SEO plugin v27.5 - https:\/\/yoast.com\/product\/yoast-seo-wordpress\/ -->\n<title>Digitalizaci\u00f3n no es una opci\u00f3n es una necesidad para empresas<\/title>\n<meta name=\"description\" content=\"Digitalizaci\u00f3n y industria 4.0 no son retos de futuro, sino realidades de presente a las cuales se debe hacer frente - FUTURE INDUSTRY CONGRESS\" \/>\n<meta name=\"robots\" content=\"index, follow, max-snippet:-1, max-image-preview:large, max-video-preview:-1\" \/>\n<link rel=\"canonical\" href=\"https:\/\/eurecat.org\/es\/la-digitalizacio-no-es-una-opcion-es-una-necesidad-para-empresas\/\" \/>\n<meta property=\"og:locale\" content=\"es_ES\" \/>\n<meta property=\"og:type\" content=\"article\" \/>\n<meta property=\"og:title\" content=\"Digitalizaci\u00f3n no es una opci\u00f3n es una necesidad para empresas\" \/>\n<meta property=\"og:description\" content=\"Digitalizaci\u00f3n y industria 4.0 no son retos de futuro, sino realidades de presente a las cuales se debe hacer frente - FUTURE INDUSTRY CONGRESS\" \/>\n<meta property=\"og:url\" content=\"https:\/\/eurecat.org\/es\/la-digitalizacio-no-es-una-opcion-es-una-necesidad-para-empresas\/\" \/>\n<meta property=\"og:site_name\" content=\"Eurecat\" \/>\n<meta property=\"article:published_time\" content=\"2016-06-15T13:10:19+00:00\" \/>\n<meta property=\"article:modified_time\" content=\"2016-07-19T08:21:41+00:00\" \/>\n<meta property=\"og:image\" content=\"https:\/\/eurecat.org\/wp-content\/uploads\/2016\/06\/016FIC247.jpg\" \/>\n\t<meta property=\"og:image:width\" content=\"800\" \/>\n\t<meta property=\"og:image:height\" content=\"533\" \/>\n\t<meta property=\"og:image:type\" content=\"image\/jpeg\" \/>\n<meta name=\"author\" content=\"EurecatEG\" \/>\n<meta name=\"twitter:card\" content=\"summary_large_image\" \/>\n<meta name=\"twitter:label1\" content=\"Escrito por\" \/>\n\t<meta name=\"twitter:data1\" content=\"EurecatEG\" \/>\n\t<meta name=\"twitter:label2\" content=\"Tiempo de lectura\" \/>\n\t<meta name=\"twitter:data2\" content=\"6 minutos\" \/>\n<script type=\"application\/ld+json\" class=\"yoast-schema-graph\">{\"@context\":\"https:\\\/\\\/schema.org\",\"@graph\":[{\"@type\":\"Article\",\"@id\":\"https:\\\/\\\/eurecat.org\\\/es\\\/la-digitalizacio-no-es-una-opcion-es-una-necesidad-para-empresas\\\/#article\",\"isPartOf\":{\"@id\":\"https:\\\/\\\/eurecat.org\\\/es\\\/la-digitalizacio-no-es-una-opcion-es-una-necesidad-para-empresas\\\/\"},\"author\":{\"name\":\"EurecatEG\",\"@id\":\"https:\\\/\\\/eurecat.org\\\/es\\\/#\\\/schema\\\/person\\\/def9217eded50ee57a9dc4cf0c883f80\"},\"headline\":\"\u201cLa digitalizaci\u00f3n no es una opci\u00f3n, es una necesidad para las empresas\u201d\",\"datePublished\":\"2016-06-15T13:10:19+00:00\",\"dateModified\":\"2016-07-19T08:21:41+00:00\",\"mainEntityOfPage\":{\"@id\":\"https:\\\/\\\/eurecat.org\\\/es\\\/la-digitalizacio-no-es-una-opcion-es-una-necesidad-para-empresas\\\/\"},\"wordCount\":1173,\"commentCount\":0,\"image\":{\"@id\":\"https:\\\/\\\/eurecat.org\\\/es\\\/la-digitalizacio-no-es-una-opcion-es-una-necesidad-para-empresas\\\/#primaryimage\"},\"thumbnailUrl\":\"https:\\\/\\\/eurecat.org\\\/wp-content\\\/uploads\\\/2016\\\/06\\\/016FIC247.jpg\",\"keywords\":[\"eurecat\",\"FIC\",\"industria 4.0\",\"industria 4.0\"],\"articleSection\":[\"Desarrollo de Producto\",\"Notas de prensa\"],\"inLanguage\":\"es\",\"potentialAction\":[{\"@type\":\"CommentAction\",\"name\":\"Comment\",\"target\":[\"https:\\\/\\\/eurecat.org\\\/es\\\/la-digitalizacio-no-es-una-opcion-es-una-necesidad-para-empresas\\\/#respond\"]}]},{\"@type\":\"WebPage\",\"@id\":\"https:\\\/\\\/eurecat.org\\\/es\\\/la-digitalizacio-no-es-una-opcion-es-una-necesidad-para-empresas\\\/\",\"url\":\"https:\\\/\\\/eurecat.org\\\/es\\\/la-digitalizacio-no-es-una-opcion-es-una-necesidad-para-empresas\\\/\",\"name\":\"Digitalizaci\u00f3n no es una opci\u00f3n es una necesidad para empresas\",\"isPartOf\":{\"@id\":\"https:\\\/\\\/eurecat.org\\\/es\\\/#website\"},\"primaryImageOfPage\":{\"@id\":\"https:\\\/\\\/eurecat.org\\\/es\\\/la-digitalizacio-no-es-una-opcion-es-una-necesidad-para-empresas\\\/#primaryimage\"},\"image\":{\"@id\":\"https:\\\/\\\/eurecat.org\\\/es\\\/la-digitalizacio-no-es-una-opcion-es-una-necesidad-para-empresas\\\/#primaryimage\"},\"thumbnailUrl\":\"https:\\\/\\\/eurecat.org\\\/wp-content\\\/uploads\\\/2016\\\/06\\\/016FIC247.jpg\",\"datePublished\":\"2016-06-15T13:10:19+00:00\",\"dateModified\":\"2016-07-19T08:21:41+00:00\",\"author\":{\"@id\":\"https:\\\/\\\/eurecat.org\\\/es\\\/#\\\/schema\\\/person\\\/def9217eded50ee57a9dc4cf0c883f80\"},\"description\":\"Digitalizaci\u00f3n y industria 4.0 no son retos de futuro, sino realidades de presente a las cuales se debe hacer frente - FUTURE INDUSTRY CONGRESS\",\"breadcrumb\":{\"@id\":\"https:\\\/\\\/eurecat.org\\\/es\\\/la-digitalizacio-no-es-una-opcion-es-una-necesidad-para-empresas\\\/#breadcrumb\"},\"inLanguage\":\"es\",\"potentialAction\":[{\"@type\":\"ReadAction\",\"target\":[\"https:\\\/\\\/eurecat.org\\\/es\\\/la-digitalizacio-no-es-una-opcion-es-una-necesidad-para-empresas\\\/\"]}]},{\"@type\":\"ImageObject\",\"inLanguage\":\"es\",\"@id\":\"https:\\\/\\\/eurecat.org\\\/es\\\/la-digitalizacio-no-es-una-opcion-es-una-necesidad-para-empresas\\\/#primaryimage\",\"url\":\"https:\\\/\\\/eurecat.org\\\/wp-content\\\/uploads\\\/2016\\\/06\\\/016FIC247.jpg\",\"contentUrl\":\"https:\\\/\\\/eurecat.org\\\/wp-content\\\/uploads\\\/2016\\\/06\\\/016FIC247.jpg\",\"width\":800,\"height\":533},{\"@type\":\"BreadcrumbList\",\"@id\":\"https:\\\/\\\/eurecat.org\\\/es\\\/la-digitalizacio-no-es-una-opcion-es-una-necesidad-para-empresas\\\/#breadcrumb\",\"itemListElement\":[{\"@type\":\"ListItem\",\"position\":1,\"name\":\"Inici\",\"item\":\"https:\\\/\\\/eurecat.org\\\/es\\\/\"},{\"@type\":\"ListItem\",\"position\":2,\"name\":\"\u201cLa digitalizaci\u00f3n no es una opci\u00f3n, es una necesidad para las empresas\u201d\"}]},{\"@type\":\"WebSite\",\"@id\":\"https:\\\/\\\/eurecat.org\\\/es\\\/#website\",\"url\":\"https:\\\/\\\/eurecat.org\\\/es\\\/\",\"name\":\"Eurecat\",\"description\":\"Otro sitio realizado con WordPress\",\"potentialAction\":[{\"@type\":\"SearchAction\",\"target\":{\"@type\":\"EntryPoint\",\"urlTemplate\":\"https:\\\/\\\/eurecat.org\\\/es\\\/?s={search_term_string}\"},\"query-input\":{\"@type\":\"PropertyValueSpecification\",\"valueRequired\":true,\"valueName\":\"search_term_string\"}}],\"inLanguage\":\"es\"},{\"@type\":\"Person\",\"@id\":\"https:\\\/\\\/eurecat.org\\\/es\\\/#\\\/schema\\\/person\\\/def9217eded50ee57a9dc4cf0c883f80\",\"name\":\"EurecatEG\",\"image\":{\"@type\":\"ImageObject\",\"inLanguage\":\"es\",\"@id\":\"https:\\\/\\\/secure.gravatar.com\\\/avatar\\\/f40dd9b6ecd3e5c591f3c9b033e495ee0ec9877ba77249fbf268b3889350c824?s=96&d=mm&r=g\",\"url\":\"https:\\\/\\\/secure.gravatar.com\\\/avatar\\\/f40dd9b6ecd3e5c591f3c9b033e495ee0ec9877ba77249fbf268b3889350c824?s=96&d=mm&r=g\",\"contentUrl\":\"https:\\\/\\\/secure.gravatar.com\\\/avatar\\\/f40dd9b6ecd3e5c591f3c9b033e495ee0ec9877ba77249fbf268b3889350c824?s=96&d=mm&r=g\",\"caption\":\"EurecatEG\"}}]}<\/script>\n<!-- \/ Yoast SEO plugin. -->","yoast_head_json":{"title":"Digitalizaci\u00f3n no es una opci\u00f3n es una necesidad para empresas","description":"Digitalizaci\u00f3n y industria 4.0 no son retos de futuro, sino realidades de presente a las cuales se debe hacer frente - FUTURE INDUSTRY CONGRESS","robots":{"index":"index","follow":"follow","max-snippet":"max-snippet:-1","max-image-preview":"max-image-preview:large","max-video-preview":"max-video-preview:-1"},"canonical":"https:\/\/eurecat.org\/es\/la-digitalizacio-no-es-una-opcion-es-una-necesidad-para-empresas\/","og_locale":"es_ES","og_type":"article","og_title":"Digitalizaci\u00f3n no es una opci\u00f3n es una necesidad para empresas","og_description":"Digitalizaci\u00f3n y industria 4.0 no son retos de futuro, sino realidades de presente a las cuales se debe hacer frente - FUTURE INDUSTRY CONGRESS","og_url":"https:\/\/eurecat.org\/es\/la-digitalizacio-no-es-una-opcion-es-una-necesidad-para-empresas\/","og_site_name":"Eurecat","article_published_time":"2016-06-15T13:10:19+00:00","article_modified_time":"2016-07-19T08:21:41+00:00","og_image":[{"width":800,"height":533,"url":"https:\/\/eurecat.org\/wp-content\/uploads\/2016\/06\/016FIC247.jpg","type":"image\/jpeg"}],"author":"EurecatEG","twitter_card":"summary_large_image","twitter_misc":{"Escrito por":"EurecatEG","Tiempo de lectura":"6 minutos"},"schema":{"@context":"https:\/\/schema.org","@graph":[{"@type":"Article","@id":"https:\/\/eurecat.org\/es\/la-digitalizacio-no-es-una-opcion-es-una-necesidad-para-empresas\/#article","isPartOf":{"@id":"https:\/\/eurecat.org\/es\/la-digitalizacio-no-es-una-opcion-es-una-necesidad-para-empresas\/"},"author":{"name":"EurecatEG","@id":"https:\/\/eurecat.org\/es\/#\/schema\/person\/def9217eded50ee57a9dc4cf0c883f80"},"headline":"\u201cLa digitalizaci\u00f3n no es una opci\u00f3n, es una necesidad para las empresas\u201d","datePublished":"2016-06-15T13:10:19+00:00","dateModified":"2016-07-19T08:21:41+00:00","mainEntityOfPage":{"@id":"https:\/\/eurecat.org\/es\/la-digitalizacio-no-es-una-opcion-es-una-necesidad-para-empresas\/"},"wordCount":1173,"commentCount":0,"image":{"@id":"https:\/\/eurecat.org\/es\/la-digitalizacio-no-es-una-opcion-es-una-necesidad-para-empresas\/#primaryimage"},"thumbnailUrl":"https:\/\/eurecat.org\/wp-content\/uploads\/2016\/06\/016FIC247.jpg","keywords":["eurecat","FIC","industria 4.0","industria 4.0"],"articleSection":["Desarrollo de Producto","Notas de prensa"],"inLanguage":"es","potentialAction":[{"@type":"CommentAction","name":"Comment","target":["https:\/\/eurecat.org\/es\/la-digitalizacio-no-es-una-opcion-es-una-necesidad-para-empresas\/#respond"]}]},{"@type":"WebPage","@id":"https:\/\/eurecat.org\/es\/la-digitalizacio-no-es-una-opcion-es-una-necesidad-para-empresas\/","url":"https:\/\/eurecat.org\/es\/la-digitalizacio-no-es-una-opcion-es-una-necesidad-para-empresas\/","name":"Digitalizaci\u00f3n no es una opci\u00f3n es una necesidad para empresas","isPartOf":{"@id":"https:\/\/eurecat.org\/es\/#website"},"primaryImageOfPage":{"@id":"https:\/\/eurecat.org\/es\/la-digitalizacio-no-es-una-opcion-es-una-necesidad-para-empresas\/#primaryimage"},"image":{"@id":"https:\/\/eurecat.org\/es\/la-digitalizacio-no-es-una-opcion-es-una-necesidad-para-empresas\/#primaryimage"},"thumbnailUrl":"https:\/\/eurecat.org\/wp-content\/uploads\/2016\/06\/016FIC247.jpg","datePublished":"2016-06-15T13:10:19+00:00","dateModified":"2016-07-19T08:21:41+00:00","author":{"@id":"https:\/\/eurecat.org\/es\/#\/schema\/person\/def9217eded50ee57a9dc4cf0c883f80"},"description":"Digitalizaci\u00f3n y industria 4.0 no son retos de futuro, sino realidades de presente a las cuales se debe hacer frente - FUTURE INDUSTRY CONGRESS","breadcrumb":{"@id":"https:\/\/eurecat.org\/es\/la-digitalizacio-no-es-una-opcion-es-una-necesidad-para-empresas\/#breadcrumb"},"inLanguage":"es","potentialAction":[{"@type":"ReadAction","target":["https:\/\/eurecat.org\/es\/la-digitalizacio-no-es-una-opcion-es-una-necesidad-para-empresas\/"]}]},{"@type":"ImageObject","inLanguage":"es","@id":"https:\/\/eurecat.org\/es\/la-digitalizacio-no-es-una-opcion-es-una-necesidad-para-empresas\/#primaryimage","url":"https:\/\/eurecat.org\/wp-content\/uploads\/2016\/06\/016FIC247.jpg","contentUrl":"https:\/\/eurecat.org\/wp-content\/uploads\/2016\/06\/016FIC247.jpg","width":800,"height":533},{"@type":"BreadcrumbList","@id":"https:\/\/eurecat.org\/es\/la-digitalizacio-no-es-una-opcion-es-una-necesidad-para-empresas\/#breadcrumb","itemListElement":[{"@type":"ListItem","position":1,"name":"Inici","item":"https:\/\/eurecat.org\/es\/"},{"@type":"ListItem","position":2,"name":"\u201cLa digitalizaci\u00f3n no es una opci\u00f3n, es una necesidad para las empresas\u201d"}]},{"@type":"WebSite","@id":"https:\/\/eurecat.org\/es\/#website","url":"https:\/\/eurecat.org\/es\/","name":"Eurecat","description":"Otro sitio realizado con WordPress","potentialAction":[{"@type":"SearchAction","target":{"@type":"EntryPoint","urlTemplate":"https:\/\/eurecat.org\/es\/?s={search_term_string}"},"query-input":{"@type":"PropertyValueSpecification","valueRequired":true,"valueName":"search_term_string"}}],"inLanguage":"es"},{"@type":"Person","@id":"https:\/\/eurecat.org\/es\/#\/schema\/person\/def9217eded50ee57a9dc4cf0c883f80","name":"EurecatEG","image":{"@type":"ImageObject","inLanguage":"es","@id":"https:\/\/secure.gravatar.com\/avatar\/f40dd9b6ecd3e5c591f3c9b033e495ee0ec9877ba77249fbf268b3889350c824?s=96&d=mm&r=g","url":"https:\/\/secure.gravatar.com\/avatar\/f40dd9b6ecd3e5c591f3c9b033e495ee0ec9877ba77249fbf268b3889350c824?s=96&d=mm&r=g","contentUrl":"https:\/\/secure.gravatar.com\/avatar\/f40dd9b6ecd3e5c591f3c9b033e495ee0ec9877ba77249fbf268b3889350c824?s=96&d=mm&r=g","caption":"EurecatEG"}}]}},"_links":{"self":[{"href":"https:\/\/eurecat.org\/es\/wp-json\/wp\/v2\/posts\/12131","targetHints":{"allow":["GET"]}}],"collection":[{"href":"https:\/\/eurecat.org\/es\/wp-json\/wp\/v2\/posts"}],"about":[{"href":"https:\/\/eurecat.org\/es\/wp-json\/wp\/v2\/types\/post"}],"author":[{"embeddable":true,"href":"https:\/\/eurecat.org\/es\/wp-json\/wp\/v2\/users\/12"}],"replies":[{"embeddable":true,"href":"https:\/\/eurecat.org\/es\/wp-json\/wp\/v2\/comments?post=12131"}],"version-history":[{"count":0,"href":"https:\/\/eurecat.org\/es\/wp-json\/wp\/v2\/posts\/12131\/revisions"}],"wp:featuredmedia":[{"embeddable":true,"href":"https:\/\/eurecat.org\/es\/wp-json\/wp\/v2\/media\/12123"}],"wp:attachment":[{"href":"https:\/\/eurecat.org\/es\/wp-json\/wp\/v2\/media?parent=12131"}],"wp:term":[{"taxonomy":"category","embeddable":true,"href":"https:\/\/eurecat.org\/es\/wp-json\/wp\/v2\/categories?post=12131"},{"taxonomy":"post_tag","embeddable":true,"href":"https:\/\/eurecat.org\/es\/wp-json\/wp\/v2\/tags?post=12131"}],"curies":[{"name":"wp","href":"https:\/\/api.w.org\/{rel}","templated":true}]}}