{"id":121645,"date":"2022-04-01T08:52:48","date_gmt":"2022-04-01T07:52:48","guid":{"rendered":"https:\/\/eurecat.org\/?p=121645"},"modified":"2022-04-01T09:05:56","modified_gmt":"2022-04-01T08:05:56","slug":"editorial_acelerando-soluciones-tecnologicas-innovadoras-en-clave-digital-y-verde","status":"publish","type":"post","link":"https:\/\/eurecat.org\/es\/editorial_acelerando-soluciones-tecnologicas-innovadoras-en-clave-digital-y-verde\/","title":{"rendered":"Acelerando soluciones tecnol\u00f3gicas innovadoras en clave digital y verde"},"content":{"rendered":"<p><strong><img decoding=\"async\" class=\"alignleft wp-image-121649 size-fusion-400\" src=\"https:\/\/eurecat.org\/wp-content\/uploads\/2022\/04\/XAVIER_TORRA_low-400x267.jpg\" alt=\"\" width=\"400\" height=\"267\" srcset=\"https:\/\/eurecat.org\/wp-content\/uploads\/2022\/04\/XAVIER_TORRA_low-200x133.jpg 200w, https:\/\/eurecat.org\/wp-content\/uploads\/2022\/04\/XAVIER_TORRA_low-300x200.jpg 300w, https:\/\/eurecat.org\/wp-content\/uploads\/2022\/04\/XAVIER_TORRA_low-391x260.jpg 391w, https:\/\/eurecat.org\/wp-content\/uploads\/2022\/04\/XAVIER_TORRA_low-400x267.jpg 400w, https:\/\/eurecat.org\/wp-content\/uploads\/2022\/04\/XAVIER_TORRA_low-600x400.jpg 600w, https:\/\/eurecat.org\/wp-content\/uploads\/2022\/04\/XAVIER_TORRA_low.jpg 630w\" sizes=\"(max-width: 400px) 100vw, 400px\" \/><\/strong><\/p>\n<p>Los <strong>retos de la digitalizaci\u00f3n y de la sostenibilidad son y ser\u00e1n fundamentales en los pr\u00f3ximos a\u00f1os y en Eurecat trabajamos para que se conviertan en una oportunidad para las empresas.<\/strong> Acelerar esta transici\u00f3n digital y medioambiental es fundamental para mantener las opciones a nivel competitivo, especialmente para las pymes, en un escenario marcado por el incremento de los costes de la energ\u00eda y por importantes desaf\u00edos en el campo de los suministros.<\/p>\n<p>Estas dificultades exigen una visi\u00f3n estrat\u00e9gica y capacidad de dar respuestas r\u00e1pidas y eficaces. En este marco, desde Eurecat buscamos sumar al m\u00e1ximo, a fin de poder desarrollar proyectos de futuro adaptados a las prioridades y dimensiones de cada empresa, en clave digital y verde.<\/p>\n<p>Desde esta perspectiva, <strong>con el Royal Melbourne Institute of Technology (RMIT) Europe hemos puesto en marcha una unidad de investigaci\u00f3n conjunta de fabricaci\u00f3n digital en metal<\/strong>, la <strong>Metal Digital Manufacturing Joint Research Unit<\/strong>, para impulsar la innovaci\u00f3n industrial para las empresas de los sectores aeroespacial, automotriz y de salud en Europa y Australia.<\/p>\n<p>Se trata de una iniciativa que se inscribe en la din\u00e1mica de Eurecat de facilitar que las empresas puedan acceder a infraestructuras de vanguardia y a experiencia t\u00e9cnica y tecnol\u00f3gica de m\u00e1ximo nivel para aumentar la competitividad global del sector de fabricaci\u00f3n, ayudar a desarrollar nuevos productos y procesos y capacitar a la vez a nuevos talentos.<\/p>\n<p>Fruto de esta orientaci\u00f3n, encontrar\u00e1 en este newsletter una recopilaci\u00f3n de informaciones que apuntan a nuevas soluciones y aproximaciones, como por ejemplo <strong>innovaciones tecnol\u00f3gicas punteras<\/strong> que permiten una mayor reutilizaci\u00f3n del agua frente a la escasez h\u00eddrica y el impacto del cambio clim\u00e1tico.<\/p>\n<p>En el \u00e1mbito industrial y energ\u00e9tico, acabamos de presentar en <strong>LOPEC<\/strong>, el evento de referencia en electr\u00f3nica impresa, el prototipo de un dispositivo impreso, flexible y ligero para la producci\u00f3n de hidr\u00f3geno verde, pensado para reducir el impacto y el coste de las celdas electrol\u00edticas que se utilizan habitualmente en este proceso.<\/p>\n<p>En la esfera de la salud, le anticipamos los detalles de una plataforma digital desarrollada por el spin-off <strong>Ephion Health<\/strong> que permitir\u00e1 evaluar, mediante inteligencia artificial, el riesgo de ca\u00edda de personas de edad avanzada con signos de fragilidad . Tambi\u00e9n incluimos informaci\u00f3n sobre la nueva aplicaci\u00f3n <strong>eVisi\u00f3n<\/strong> que permite realizar pruebas oftalmol\u00f3gicas sin desplazarse.<\/p>\n<p>Os acercamos tambi\u00e9n la labor que hemos desarrollado para contribuir al impulso del <strong>Observatorio Catalunya Circular<\/strong>, as\u00ed como un estudio con la <strong>UOC<\/strong> que incorpora inteligencia artificial para detectar a los estudiantes que necesitan m\u00e1s ayuda y los resultados del proyecto <strong>Diamond<\/strong> para avanzar en la correcci\u00f3n de las desigualdades de g\u00e9nero en el transporte.<\/p>\n<p>Todos estos ejemplos tienen en com\u00fan<strong> la vocaci\u00f3n de Eurecat de trabajar para aportar soluciones integrales a las necesidades cada vez m\u00e1s complejas de las empresas<\/strong>, de forma que se puedan anticipar al mercado, priorizando aspectos como la econom\u00eda circular y agilizando el empuje que ofrecen las tecnolog\u00edas de base digital para dotar de mayor inteligencia a los productos y servicios, as\u00ed como a los componentes y los procesos industriales.<\/p>\n<p><strong>Xavier Torra<br \/>\n<\/strong><strong>Presidente de Eurecat<\/strong><\/p>\n","protected":false},"excerpt":{"rendered":"<p>Los retos de la digitalizaci\u00f3n y de la sostenibilidad son y ser\u00e1n fundamentales en los pr\u00f3ximos a\u00f1os y en Eurecat trabajamos para que se conviertan en una oportunidad para las empresas. Acelerar esta transici\u00f3n digital y medioambiental es fundamental para mantener las opciones a nivel competitivo, especialmente para las pymes, en un escenario marcado por  [&#8230;]<\/p>\n","protected":false},"author":20,"featured_media":121649,"comment_status":"closed","ping_status":"closed","sticky":false,"template":"","format":"standard","meta":{"footnotes":""},"categories":[133,2217],"tags":[],"class_list":["post-121645","post","type-post","status-publish","format-standard","has-post-thumbnail","hentry","category-blog","category-editorial"],"yoast_head":"<!-- This site is optimized with the Yoast SEO plugin v27.5 - https:\/\/yoast.com\/product\/yoast-seo-wordpress\/ -->\n<title>Acelerando soluciones tecnol\u00f3gicas innovadoras en clave digital y verde - Eurecat<\/title>\n<meta name=\"description\" content=\"Los retos de la digitalizaci\u00f3n y de la sostenibilidad son y ser\u00e1n fundamentales en los pr\u00f3ximos a\u00f1os y en Eurecat trabajamos para que se conviertan en una oportunidad para las empresas\" \/>\n<meta name=\"robots\" content=\"index, follow, max-snippet:-1, max-image-preview:large, max-video-preview:-1\" \/>\n<link rel=\"canonical\" href=\"https:\/\/eurecat.org\/es\/editorial_acelerando-soluciones-tecnologicas-innovadoras-en-clave-digital-y-verde\/\" \/>\n<meta property=\"og:locale\" content=\"es_ES\" \/>\n<meta property=\"og:type\" content=\"article\" \/>\n<meta property=\"og:title\" content=\"Acelerando soluciones tecnol\u00f3gicas innovadoras en clave digital y verde - Eurecat\" \/>\n<meta property=\"og:description\" content=\"Los retos de la digitalizaci\u00f3n y de la sostenibilidad son y ser\u00e1n fundamentales en los pr\u00f3ximos a\u00f1os y en Eurecat trabajamos para que se conviertan en una oportunidad para las empresas\" \/>\n<meta property=\"og:url\" content=\"https:\/\/eurecat.org\/es\/editorial_acelerando-soluciones-tecnologicas-innovadoras-en-clave-digital-y-verde\/\" \/>\n<meta property=\"og:site_name\" content=\"Eurecat\" \/>\n<meta property=\"article:published_time\" content=\"2022-04-01T07:52:48+00:00\" \/>\n<meta property=\"article:modified_time\" content=\"2022-04-01T08:05:56+00:00\" \/>\n<meta property=\"og:image\" content=\"https:\/\/eurecat.org\/wp-content\/uploads\/2022\/04\/XAVIER_TORRA_low.jpg\" \/>\n\t<meta property=\"og:image:width\" content=\"630\" \/>\n\t<meta property=\"og:image:height\" content=\"420\" \/>\n\t<meta property=\"og:image:type\" content=\"image\/jpeg\" \/>\n<meta name=\"author\" content=\"EurecatEQZ\" \/>\n<meta name=\"twitter:card\" content=\"summary_large_image\" \/>\n<meta name=\"twitter:label1\" content=\"Escrito por\" \/>\n\t<meta name=\"twitter:data1\" content=\"EurecatEQZ\" \/>\n\t<meta name=\"twitter:label2\" content=\"Tiempo de lectura\" \/>\n\t<meta name=\"twitter:data2\" content=\"3 minutos\" \/>\n<script type=\"application\/ld+json\" class=\"yoast-schema-graph\">{\"@context\":\"https:\\\/\\\/schema.org\",\"@graph\":[{\"@type\":\"Article\",\"@id\":\"https:\\\/\\\/eurecat.org\\\/es\\\/editorial_acelerando-soluciones-tecnologicas-innovadoras-en-clave-digital-y-verde\\\/#article\",\"isPartOf\":{\"@id\":\"https:\\\/\\\/eurecat.org\\\/es\\\/editorial_acelerando-soluciones-tecnologicas-innovadoras-en-clave-digital-y-verde\\\/\"},\"author\":{\"name\":\"EurecatEQZ\",\"@id\":\"https:\\\/\\\/eurecat.org\\\/es\\\/#\\\/schema\\\/person\\\/99d4d39712001e7621b6867b27b40bed\"},\"headline\":\"Acelerando soluciones tecnol\u00f3gicas innovadoras en clave digital y verde\",\"datePublished\":\"2022-04-01T07:52:48+00:00\",\"dateModified\":\"2022-04-01T08:05:56+00:00\",\"mainEntityOfPage\":{\"@id\":\"https:\\\/\\\/eurecat.org\\\/es\\\/editorial_acelerando-soluciones-tecnologicas-innovadoras-en-clave-digital-y-verde\\\/\"},\"wordCount\":562,\"image\":{\"@id\":\"https:\\\/\\\/eurecat.org\\\/es\\\/editorial_acelerando-soluciones-tecnologicas-innovadoras-en-clave-digital-y-verde\\\/#primaryimage\"},\"thumbnailUrl\":\"https:\\\/\\\/eurecat.org\\\/wp-content\\\/uploads\\\/2022\\\/04\\\/XAVIER_TORRA_low.jpg\",\"articleSection\":[\"Blog\",\"Editorial\"],\"inLanguage\":\"es\"},{\"@type\":\"WebPage\",\"@id\":\"https:\\\/\\\/eurecat.org\\\/es\\\/editorial_acelerando-soluciones-tecnologicas-innovadoras-en-clave-digital-y-verde\\\/\",\"url\":\"https:\\\/\\\/eurecat.org\\\/es\\\/editorial_acelerando-soluciones-tecnologicas-innovadoras-en-clave-digital-y-verde\\\/\",\"name\":\"Acelerando soluciones tecnol\u00f3gicas innovadoras en clave digital y verde - Eurecat\",\"isPartOf\":{\"@id\":\"https:\\\/\\\/eurecat.org\\\/es\\\/#website\"},\"primaryImageOfPage\":{\"@id\":\"https:\\\/\\\/eurecat.org\\\/es\\\/editorial_acelerando-soluciones-tecnologicas-innovadoras-en-clave-digital-y-verde\\\/#primaryimage\"},\"image\":{\"@id\":\"https:\\\/\\\/eurecat.org\\\/es\\\/editorial_acelerando-soluciones-tecnologicas-innovadoras-en-clave-digital-y-verde\\\/#primaryimage\"},\"thumbnailUrl\":\"https:\\\/\\\/eurecat.org\\\/wp-content\\\/uploads\\\/2022\\\/04\\\/XAVIER_TORRA_low.jpg\",\"datePublished\":\"2022-04-01T07:52:48+00:00\",\"dateModified\":\"2022-04-01T08:05:56+00:00\",\"author\":{\"@id\":\"https:\\\/\\\/eurecat.org\\\/es\\\/#\\\/schema\\\/person\\\/99d4d39712001e7621b6867b27b40bed\"},\"description\":\"Los retos de la digitalizaci\u00f3n y de la sostenibilidad son y ser\u00e1n fundamentales en los pr\u00f3ximos a\u00f1os y en Eurecat trabajamos para que se conviertan en una oportunidad para las empresas\",\"breadcrumb\":{\"@id\":\"https:\\\/\\\/eurecat.org\\\/es\\\/editorial_acelerando-soluciones-tecnologicas-innovadoras-en-clave-digital-y-verde\\\/#breadcrumb\"},\"inLanguage\":\"es\",\"potentialAction\":[{\"@type\":\"ReadAction\",\"target\":[\"https:\\\/\\\/eurecat.org\\\/es\\\/editorial_acelerando-soluciones-tecnologicas-innovadoras-en-clave-digital-y-verde\\\/\"]}]},{\"@type\":\"ImageObject\",\"inLanguage\":\"es\",\"@id\":\"https:\\\/\\\/eurecat.org\\\/es\\\/editorial_acelerando-soluciones-tecnologicas-innovadoras-en-clave-digital-y-verde\\\/#primaryimage\",\"url\":\"https:\\\/\\\/eurecat.org\\\/wp-content\\\/uploads\\\/2022\\\/04\\\/XAVIER_TORRA_low.jpg\",\"contentUrl\":\"https:\\\/\\\/eurecat.org\\\/wp-content\\\/uploads\\\/2022\\\/04\\\/XAVIER_TORRA_low.jpg\",\"width\":630,\"height\":420},{\"@type\":\"BreadcrumbList\",\"@id\":\"https:\\\/\\\/eurecat.org\\\/es\\\/editorial_acelerando-soluciones-tecnologicas-innovadoras-en-clave-digital-y-verde\\\/#breadcrumb\",\"itemListElement\":[{\"@type\":\"ListItem\",\"position\":1,\"name\":\"Inici\",\"item\":\"https:\\\/\\\/eurecat.org\\\/es\\\/\"},{\"@type\":\"ListItem\",\"position\":2,\"name\":\"Acelerando soluciones tecnol\u00f3gicas innovadoras en clave digital y verde\"}]},{\"@type\":\"WebSite\",\"@id\":\"https:\\\/\\\/eurecat.org\\\/es\\\/#website\",\"url\":\"https:\\\/\\\/eurecat.org\\\/es\\\/\",\"name\":\"Eurecat\",\"description\":\"Otro sitio realizado con WordPress\",\"potentialAction\":[{\"@type\":\"SearchAction\",\"target\":{\"@type\":\"EntryPoint\",\"urlTemplate\":\"https:\\\/\\\/eurecat.org\\\/es\\\/?s={search_term_string}\"},\"query-input\":{\"@type\":\"PropertyValueSpecification\",\"valueRequired\":true,\"valueName\":\"search_term_string\"}}],\"inLanguage\":\"es\"},{\"@type\":\"Person\",\"@id\":\"https:\\\/\\\/eurecat.org\\\/es\\\/#\\\/schema\\\/person\\\/99d4d39712001e7621b6867b27b40bed\",\"name\":\"EurecatEQZ\",\"image\":{\"@type\":\"ImageObject\",\"inLanguage\":\"es\",\"@id\":\"https:\\\/\\\/secure.gravatar.com\\\/avatar\\\/6deb26ca61bcc34263c59cc62bb8b08ff90b67af7f99943babf5d86396845993?s=96&d=mm&r=g\",\"url\":\"https:\\\/\\\/secure.gravatar.com\\\/avatar\\\/6deb26ca61bcc34263c59cc62bb8b08ff90b67af7f99943babf5d86396845993?s=96&d=mm&r=g\",\"contentUrl\":\"https:\\\/\\\/secure.gravatar.com\\\/avatar\\\/6deb26ca61bcc34263c59cc62bb8b08ff90b67af7f99943babf5d86396845993?s=96&d=mm&r=g\",\"caption\":\"EurecatEQZ\"}}]}<\/script>\n<!-- \/ Yoast SEO plugin. -->","yoast_head_json":{"title":"Acelerando soluciones tecnol\u00f3gicas innovadoras en clave digital y verde - Eurecat","description":"Los retos de la digitalizaci\u00f3n y de la sostenibilidad son y ser\u00e1n fundamentales en los pr\u00f3ximos a\u00f1os y en Eurecat trabajamos para que se conviertan en una oportunidad para las empresas","robots":{"index":"index","follow":"follow","max-snippet":"max-snippet:-1","max-image-preview":"max-image-preview:large","max-video-preview":"max-video-preview:-1"},"canonical":"https:\/\/eurecat.org\/es\/editorial_acelerando-soluciones-tecnologicas-innovadoras-en-clave-digital-y-verde\/","og_locale":"es_ES","og_type":"article","og_title":"Acelerando soluciones tecnol\u00f3gicas innovadoras en clave digital y verde - Eurecat","og_description":"Los retos de la digitalizaci\u00f3n y de la sostenibilidad son y ser\u00e1n fundamentales en los pr\u00f3ximos a\u00f1os y en Eurecat trabajamos para que se conviertan en una oportunidad para las empresas","og_url":"https:\/\/eurecat.org\/es\/editorial_acelerando-soluciones-tecnologicas-innovadoras-en-clave-digital-y-verde\/","og_site_name":"Eurecat","article_published_time":"2022-04-01T07:52:48+00:00","article_modified_time":"2022-04-01T08:05:56+00:00","og_image":[{"width":630,"height":420,"url":"https:\/\/eurecat.org\/wp-content\/uploads\/2022\/04\/XAVIER_TORRA_low.jpg","type":"image\/jpeg"}],"author":"EurecatEQZ","twitter_card":"summary_large_image","twitter_misc":{"Escrito por":"EurecatEQZ","Tiempo de lectura":"3 minutos"},"schema":{"@context":"https:\/\/schema.org","@graph":[{"@type":"Article","@id":"https:\/\/eurecat.org\/es\/editorial_acelerando-soluciones-tecnologicas-innovadoras-en-clave-digital-y-verde\/#article","isPartOf":{"@id":"https:\/\/eurecat.org\/es\/editorial_acelerando-soluciones-tecnologicas-innovadoras-en-clave-digital-y-verde\/"},"author":{"name":"EurecatEQZ","@id":"https:\/\/eurecat.org\/es\/#\/schema\/person\/99d4d39712001e7621b6867b27b40bed"},"headline":"Acelerando soluciones tecnol\u00f3gicas innovadoras en clave digital y verde","datePublished":"2022-04-01T07:52:48+00:00","dateModified":"2022-04-01T08:05:56+00:00","mainEntityOfPage":{"@id":"https:\/\/eurecat.org\/es\/editorial_acelerando-soluciones-tecnologicas-innovadoras-en-clave-digital-y-verde\/"},"wordCount":562,"image":{"@id":"https:\/\/eurecat.org\/es\/editorial_acelerando-soluciones-tecnologicas-innovadoras-en-clave-digital-y-verde\/#primaryimage"},"thumbnailUrl":"https:\/\/eurecat.org\/wp-content\/uploads\/2022\/04\/XAVIER_TORRA_low.jpg","articleSection":["Blog","Editorial"],"inLanguage":"es"},{"@type":"WebPage","@id":"https:\/\/eurecat.org\/es\/editorial_acelerando-soluciones-tecnologicas-innovadoras-en-clave-digital-y-verde\/","url":"https:\/\/eurecat.org\/es\/editorial_acelerando-soluciones-tecnologicas-innovadoras-en-clave-digital-y-verde\/","name":"Acelerando soluciones tecnol\u00f3gicas innovadoras en clave digital y verde - Eurecat","isPartOf":{"@id":"https:\/\/eurecat.org\/es\/#website"},"primaryImageOfPage":{"@id":"https:\/\/eurecat.org\/es\/editorial_acelerando-soluciones-tecnologicas-innovadoras-en-clave-digital-y-verde\/#primaryimage"},"image":{"@id":"https:\/\/eurecat.org\/es\/editorial_acelerando-soluciones-tecnologicas-innovadoras-en-clave-digital-y-verde\/#primaryimage"},"thumbnailUrl":"https:\/\/eurecat.org\/wp-content\/uploads\/2022\/04\/XAVIER_TORRA_low.jpg","datePublished":"2022-04-01T07:52:48+00:00","dateModified":"2022-04-01T08:05:56+00:00","author":{"@id":"https:\/\/eurecat.org\/es\/#\/schema\/person\/99d4d39712001e7621b6867b27b40bed"},"description":"Los retos de la digitalizaci\u00f3n y de la sostenibilidad son y ser\u00e1n fundamentales en los pr\u00f3ximos a\u00f1os y en Eurecat trabajamos para que se conviertan en una oportunidad para las empresas","breadcrumb":{"@id":"https:\/\/eurecat.org\/es\/editorial_acelerando-soluciones-tecnologicas-innovadoras-en-clave-digital-y-verde\/#breadcrumb"},"inLanguage":"es","potentialAction":[{"@type":"ReadAction","target":["https:\/\/eurecat.org\/es\/editorial_acelerando-soluciones-tecnologicas-innovadoras-en-clave-digital-y-verde\/"]}]},{"@type":"ImageObject","inLanguage":"es","@id":"https:\/\/eurecat.org\/es\/editorial_acelerando-soluciones-tecnologicas-innovadoras-en-clave-digital-y-verde\/#primaryimage","url":"https:\/\/eurecat.org\/wp-content\/uploads\/2022\/04\/XAVIER_TORRA_low.jpg","contentUrl":"https:\/\/eurecat.org\/wp-content\/uploads\/2022\/04\/XAVIER_TORRA_low.jpg","width":630,"height":420},{"@type":"BreadcrumbList","@id":"https:\/\/eurecat.org\/es\/editorial_acelerando-soluciones-tecnologicas-innovadoras-en-clave-digital-y-verde\/#breadcrumb","itemListElement":[{"@type":"ListItem","position":1,"name":"Inici","item":"https:\/\/eurecat.org\/es\/"},{"@type":"ListItem","position":2,"name":"Acelerando soluciones tecnol\u00f3gicas innovadoras en clave digital y verde"}]},{"@type":"WebSite","@id":"https:\/\/eurecat.org\/es\/#website","url":"https:\/\/eurecat.org\/es\/","name":"Eurecat","description":"Otro sitio realizado con WordPress","potentialAction":[{"@type":"SearchAction","target":{"@type":"EntryPoint","urlTemplate":"https:\/\/eurecat.org\/es\/?s={search_term_string}"},"query-input":{"@type":"PropertyValueSpecification","valueRequired":true,"valueName":"search_term_string"}}],"inLanguage":"es"},{"@type":"Person","@id":"https:\/\/eurecat.org\/es\/#\/schema\/person\/99d4d39712001e7621b6867b27b40bed","name":"EurecatEQZ","image":{"@type":"ImageObject","inLanguage":"es","@id":"https:\/\/secure.gravatar.com\/avatar\/6deb26ca61bcc34263c59cc62bb8b08ff90b67af7f99943babf5d86396845993?s=96&d=mm&r=g","url":"https:\/\/secure.gravatar.com\/avatar\/6deb26ca61bcc34263c59cc62bb8b08ff90b67af7f99943babf5d86396845993?s=96&d=mm&r=g","contentUrl":"https:\/\/secure.gravatar.com\/avatar\/6deb26ca61bcc34263c59cc62bb8b08ff90b67af7f99943babf5d86396845993?s=96&d=mm&r=g","caption":"EurecatEQZ"}}]}},"_links":{"self":[{"href":"https:\/\/eurecat.org\/es\/wp-json\/wp\/v2\/posts\/121645","targetHints":{"allow":["GET"]}}],"collection":[{"href":"https:\/\/eurecat.org\/es\/wp-json\/wp\/v2\/posts"}],"about":[{"href":"https:\/\/eurecat.org\/es\/wp-json\/wp\/v2\/types\/post"}],"author":[{"embeddable":true,"href":"https:\/\/eurecat.org\/es\/wp-json\/wp\/v2\/users\/20"}],"replies":[{"embeddable":true,"href":"https:\/\/eurecat.org\/es\/wp-json\/wp\/v2\/comments?post=121645"}],"version-history":[{"count":0,"href":"https:\/\/eurecat.org\/es\/wp-json\/wp\/v2\/posts\/121645\/revisions"}],"wp:featuredmedia":[{"embeddable":true,"href":"https:\/\/eurecat.org\/es\/wp-json\/wp\/v2\/media\/121649"}],"wp:attachment":[{"href":"https:\/\/eurecat.org\/es\/wp-json\/wp\/v2\/media?parent=121645"}],"wp:term":[{"taxonomy":"category","embeddable":true,"href":"https:\/\/eurecat.org\/es\/wp-json\/wp\/v2\/categories?post=121645"},{"taxonomy":"post_tag","embeddable":true,"href":"https:\/\/eurecat.org\/es\/wp-json\/wp\/v2\/tags?post=121645"}],"curies":[{"name":"wp","href":"https:\/\/api.w.org\/{rel}","templated":true}]}}