{"id":121716,"date":"2022-04-04T13:10:09","date_gmt":"2022-04-04T12:10:09","guid":{"rendered":"https:\/\/eurecat.org\/?p=121716"},"modified":"2022-04-04T13:18:02","modified_gmt":"2022-04-04T12:18:02","slug":"estudian-nuevos-alimentos-funcionales-para-favorecer-el-bienestar-mental","status":"publish","type":"post","link":"https:\/\/eurecat.org\/es\/estudian-nuevos-alimentos-funcionales-para-favorecer-el-bienestar-mental\/","title":{"rendered":"Estudian nuevos alimentos funcionales para favorecer el bienestar mental"},"content":{"rendered":"<div class=\"fusion-fullwidth fullwidth-box fusion-builder-row-1 fusion-flex-container nonhundred-percent-fullwidth non-hundred-percent-height-scrolling\" style=\"--awb-border-radius-top-left:0px;--awb-border-radius-top-right:0px;--awb-border-radius-bottom-right:0px;--awb-border-radius-bottom-left:0px;--awb-flex-wrap:wrap;\" ><div class=\"fusion-builder-row fusion-row fusion-flex-align-items-flex-start fusion-flex-content-wrap\" style=\"max-width:1424.8px;margin-left: calc(-4% \/ 2 );margin-right: calc(-4% \/ 2 );\"><div class=\"fusion-layout-column fusion_builder_column fusion-builder-column-0 fusion_builder_column_1_1 1_1 fusion-flex-column\" style=\"--awb-bg-size:cover;--awb-width-large:100%;--awb-margin-top-large:0px;--awb-spacing-right-large:1.92%;--awb-margin-bottom-large:0px;--awb-spacing-left-large:1.92%;--awb-width-medium:100%;--awb-spacing-right-medium:1.92%;--awb-spacing-left-medium:1.92%;--awb-width-small:100%;--awb-spacing-right-small:1.92%;--awb-spacing-left-small:1.92%;\"><div class=\"fusion-column-wrapper fusion-flex-justify-content-flex-start fusion-content-layout-column\"><div class=\"fusion-text fusion-text-1\" style=\"--awb-text-transform:none;\"><p>El centro tecnol\u00f3gico <a href=\"http:\/\/eurecat.org\/\">Eurecat<\/a> presenta a partir de hoy en la feria Alimentaria, en Barcelona, \u200b\u200bel proyecto Dantian, que estudia nuevos alimentos e ingredientes bioactivos que favorezcan el bienestar mental, mediante el conocimiento del mecanismo a nivel cognitivo y su relaci\u00f3n con la microbiota y la salud intestinal.<\/p>\n<p>En esta l\u00ednea, se llevan a cabo estudios para la validaci\u00f3n de los efectos beneficiosos de alimentos, extractos y probi\u00f3ticos frente al deterioro cognitivo, trastornos vinculados al estr\u00e9s, la ansiedad y la depresi\u00f3n. Tambi\u00e9n se llevan a cabo estudios cl\u00ednicos con algunos de estos compuestos, as\u00ed como estudios metagen\u00f3micos de microbiota intestinal y b\u00fasqueda de biomarcadores.<\/p>\n<p>Seg\u00fan el coordinador tecnol\u00f3gico del proyecto, Josep Maria del Bas, director de la Unidad de Nutrici\u00f3n y Salud de Eurecat, Dantian \u201cse basa en el concepto del eje intestino-cerebro, y traslada el conocimiento generado en los \u00faltimos a\u00f1os sobre la relaci\u00f3n entre la alimentaci\u00f3n y la salud mental a propuestas concretas de alimentos e ingredientes que, integrados en la dieta, ayuden al mantenimiento de nuestro bienestar mental\u201d.<\/p>\n<p>El proyecto Dantian \u201ces un ejemplo del potencial que abre el desarrollo de nuevos ingredientes y alimentos saludables y sostenibles dise\u00f1ados con un objetivo espec\u00edfico, como es, en este caso, el bienestar mental, mediante la aportaci\u00f3n de funcionalidades y de perfiles nutricionales mejorados\u201d, una tendencia que tiene \u201cmucho recorrido pensando en grupos poblacionales concretos, como la gente mayor o los j\u00f3venes\u201d, se\u00f1ala el responsable de Negocio de Alimentaci\u00f3n de Eurecat, Ignasi Papell.<\/p>\n<p>El proyecto Dantian cuenta con un consorcio formado por ocho empresas del sector agroalimentario y tecnol\u00f3gico, como Agrupaci\u00f3n Cooperativa L\u00e1ctea (ACOLACT), entidad l\u00edder del proyecto, Bioinicia, Mahou San Miguel, Pronat, Uni\u00f3 Nuts, Grupo ICA, Agr\u00edcola El Bosque, y Biogenetics; y por ocho centros tecnol\u00f3gicos y de investigaci\u00f3n como Eurecat, coordinador tecnol\u00f3gico del proyecto, el Centro Tecnol\u00f3gico Agroalimentario de Extremadura (CTAEX), el Institut Guttmann, la Universitat de Barcelona, \u200b\u200bla Universidad de Santiago de Compostela, la Fundaci\u00f3n Biom\u00e9dica Galicia Sur, ANFACO, y el Instituto de Agroqu\u00edmica y Tecnolog\u00eda de Alimentos (IATA).<\/p>\n<p>Dantian est\u00e1 financiado con 4,8 millones de euros por el Centro para el Desarrollo Tecnol\u00f3gico e Industrial (CDTI), dentro de la convocatoria Proyectos Estrat\u00e9gicos CIEN y cofinanciado por el Fondo Europeo de Desarrollo Regional (FEDER).<\/p>\n<p><strong>Empresas innovando en alimentaci\u00f3n, salud y bienestar<\/strong><\/p>\n<p>Eurecat organiza el pr\u00f3ximo jueves 7 de abril, en el marco de la feria Alimentaria, la sesi\u00f3n \u201cEmpresas innovando en alimentaci\u00f3n, salud y bienestar\u201d, donde se abordar\u00e1n las tendencias que afectan a la innovaci\u00f3n alimentaria y casos de \u00e9xito con empresas del sector.<\/p>\n<p>En la sesi\u00f3n participar\u00e1n las empresas Mahou San Miguel y Agr\u00edcola el Bosque que hablar\u00e1n sobre el proyecto Dantian; el Grupo Ametller Origen, que presentar\u00e1 el proyecto VALACTICAT de econom\u00eda circular sobre la valorizaci\u00f3n del suero de leche y otros proyectos para alimentos sostenibles y saludables; Microalgae, que mostrar\u00e1 sus microalgas como fuente alternativa proteica y diferentes biocompuestos que se pueden extraer, y Torrons i Mel Alemany presentar\u00e1 nuevos productos vegetales para untar, entre otros.<\/p>\n<\/div><\/div><\/div><\/div><\/div>\n","protected":false},"excerpt":{"rendered":"","protected":false},"author":12,"featured_media":121720,"comment_status":"open","ping_status":"closed","sticky":false,"template":"","format":"standard","meta":{"footnotes":""},"categories":[1905,134,407],"tags":[],"class_list":["post-121716","post","type-post","status-publish","format-standard","has-post-thumbnail","hentry","category-alimentacion","category-notas-de-prensa","category-nutricion-salud"],"yoast_head":"<!-- This site is optimized with the Yoast SEO plugin v27.4 - https:\/\/yoast.com\/product\/yoast-seo-wordpress\/ -->\n<title>Estudian nuevos alimentos funcionales para favorecer el bienestar mental<\/title>\n<meta name=\"description\" content=\"Estudian nuevos alimentos funcionales para favorecer el bienestar mental - Eurecat Centre Tecnol\u00f2gic\" \/>\n<meta name=\"robots\" content=\"index, follow, max-snippet:-1, max-image-preview:large, max-video-preview:-1\" \/>\n<link rel=\"canonical\" href=\"https:\/\/eurecat.org\/es\/estudian-nuevos-alimentos-funcionales-para-favorecer-el-bienestar-mental\/\" \/>\n<meta property=\"og:locale\" content=\"es_ES\" \/>\n<meta property=\"og:type\" content=\"article\" \/>\n<meta property=\"og:title\" content=\"Estudian nuevos alimentos funcionales para favorecer el bienestar mental\" \/>\n<meta property=\"og:description\" content=\"Estudian nuevos alimentos funcionales para favorecer el bienestar mental - Eurecat Centre Tecnol\u00f2gic\" \/>\n<meta property=\"og:url\" content=\"https:\/\/eurecat.org\/es\/estudian-nuevos-alimentos-funcionales-para-favorecer-el-bienestar-mental\/\" \/>\n<meta property=\"og:site_name\" content=\"Eurecat\" \/>\n<meta property=\"article:published_time\" content=\"2022-04-04T12:10:09+00:00\" \/>\n<meta property=\"article:modified_time\" content=\"2022-04-04T12:18:02+00:00\" \/>\n<meta property=\"og:image\" content=\"https:\/\/eurecat.org\/wp-content\/uploads\/2022\/04\/Alimentaria_Dantian_800.jpg\" \/>\n\t<meta property=\"og:image:width\" content=\"800\" \/>\n\t<meta property=\"og:image:height\" content=\"462\" \/>\n\t<meta property=\"og:image:type\" content=\"image\/jpeg\" \/>\n<meta name=\"author\" content=\"EurecatEG\" \/>\n<meta name=\"twitter:card\" content=\"summary_large_image\" \/>\n<meta name=\"twitter:label1\" content=\"Escrito por\" \/>\n\t<meta name=\"twitter:data1\" content=\"EurecatEG\" \/>\n\t<meta name=\"twitter:label2\" content=\"Tiempo de lectura\" \/>\n\t<meta name=\"twitter:data2\" content=\"4 minutos\" \/>\n<script type=\"application\/ld+json\" class=\"yoast-schema-graph\">{\"@context\":\"https:\\\/\\\/schema.org\",\"@graph\":[{\"@type\":\"Article\",\"@id\":\"https:\\\/\\\/eurecat.org\\\/es\\\/estudian-nuevos-alimentos-funcionales-para-favorecer-el-bienestar-mental\\\/#article\",\"isPartOf\":{\"@id\":\"https:\\\/\\\/eurecat.org\\\/es\\\/estudian-nuevos-alimentos-funcionales-para-favorecer-el-bienestar-mental\\\/\"},\"author\":{\"name\":\"EurecatEG\",\"@id\":\"https:\\\/\\\/eurecat.org\\\/es\\\/#\\\/schema\\\/person\\\/def9217eded50ee57a9dc4cf0c883f80\"},\"headline\":\"Estudian nuevos alimentos funcionales para favorecer el bienestar mental\",\"datePublished\":\"2022-04-04T12:10:09+00:00\",\"dateModified\":\"2022-04-04T12:18:02+00:00\",\"mainEntityOfPage\":{\"@id\":\"https:\\\/\\\/eurecat.org\\\/es\\\/estudian-nuevos-alimentos-funcionales-para-favorecer-el-bienestar-mental\\\/\"},\"wordCount\":795,\"commentCount\":0,\"image\":{\"@id\":\"https:\\\/\\\/eurecat.org\\\/es\\\/estudian-nuevos-alimentos-funcionales-para-favorecer-el-bienestar-mental\\\/#primaryimage\"},\"thumbnailUrl\":\"https:\\\/\\\/eurecat.org\\\/wp-content\\\/uploads\\\/2022\\\/04\\\/Alimentaria_Dantian_800.jpg\",\"articleSection\":[\"Alimentaci\u00f3n\",\"Notas de prensa\",\"Nutrici\u00f3n y Salud\"],\"inLanguage\":\"es\",\"potentialAction\":[{\"@type\":\"CommentAction\",\"name\":\"Comment\",\"target\":[\"https:\\\/\\\/eurecat.org\\\/es\\\/estudian-nuevos-alimentos-funcionales-para-favorecer-el-bienestar-mental\\\/#respond\"]}]},{\"@type\":\"WebPage\",\"@id\":\"https:\\\/\\\/eurecat.org\\\/es\\\/estudian-nuevos-alimentos-funcionales-para-favorecer-el-bienestar-mental\\\/\",\"url\":\"https:\\\/\\\/eurecat.org\\\/es\\\/estudian-nuevos-alimentos-funcionales-para-favorecer-el-bienestar-mental\\\/\",\"name\":\"Estudian nuevos alimentos funcionales para favorecer el bienestar mental\",\"isPartOf\":{\"@id\":\"https:\\\/\\\/eurecat.org\\\/es\\\/#website\"},\"primaryImageOfPage\":{\"@id\":\"https:\\\/\\\/eurecat.org\\\/es\\\/estudian-nuevos-alimentos-funcionales-para-favorecer-el-bienestar-mental\\\/#primaryimage\"},\"image\":{\"@id\":\"https:\\\/\\\/eurecat.org\\\/es\\\/estudian-nuevos-alimentos-funcionales-para-favorecer-el-bienestar-mental\\\/#primaryimage\"},\"thumbnailUrl\":\"https:\\\/\\\/eurecat.org\\\/wp-content\\\/uploads\\\/2022\\\/04\\\/Alimentaria_Dantian_800.jpg\",\"datePublished\":\"2022-04-04T12:10:09+00:00\",\"dateModified\":\"2022-04-04T12:18:02+00:00\",\"author\":{\"@id\":\"https:\\\/\\\/eurecat.org\\\/es\\\/#\\\/schema\\\/person\\\/def9217eded50ee57a9dc4cf0c883f80\"},\"description\":\"Estudian nuevos alimentos funcionales para favorecer el bienestar mental - Eurecat Centre Tecnol\u00f2gic\",\"breadcrumb\":{\"@id\":\"https:\\\/\\\/eurecat.org\\\/es\\\/estudian-nuevos-alimentos-funcionales-para-favorecer-el-bienestar-mental\\\/#breadcrumb\"},\"inLanguage\":\"es\",\"potentialAction\":[{\"@type\":\"ReadAction\",\"target\":[\"https:\\\/\\\/eurecat.org\\\/es\\\/estudian-nuevos-alimentos-funcionales-para-favorecer-el-bienestar-mental\\\/\"]}]},{\"@type\":\"ImageObject\",\"inLanguage\":\"es\",\"@id\":\"https:\\\/\\\/eurecat.org\\\/es\\\/estudian-nuevos-alimentos-funcionales-para-favorecer-el-bienestar-mental\\\/#primaryimage\",\"url\":\"https:\\\/\\\/eurecat.org\\\/wp-content\\\/uploads\\\/2022\\\/04\\\/Alimentaria_Dantian_800.jpg\",\"contentUrl\":\"https:\\\/\\\/eurecat.org\\\/wp-content\\\/uploads\\\/2022\\\/04\\\/Alimentaria_Dantian_800.jpg\",\"width\":800,\"height\":462,\"caption\":\"dantian\"},{\"@type\":\"BreadcrumbList\",\"@id\":\"https:\\\/\\\/eurecat.org\\\/es\\\/estudian-nuevos-alimentos-funcionales-para-favorecer-el-bienestar-mental\\\/#breadcrumb\",\"itemListElement\":[{\"@type\":\"ListItem\",\"position\":1,\"name\":\"Inici\",\"item\":\"https:\\\/\\\/eurecat.org\\\/es\\\/\"},{\"@type\":\"ListItem\",\"position\":2,\"name\":\"Estudian nuevos alimentos funcionales para favorecer el bienestar mental\"}]},{\"@type\":\"WebSite\",\"@id\":\"https:\\\/\\\/eurecat.org\\\/es\\\/#website\",\"url\":\"https:\\\/\\\/eurecat.org\\\/es\\\/\",\"name\":\"Eurecat\",\"description\":\"Otro sitio realizado con WordPress\",\"potentialAction\":[{\"@type\":\"SearchAction\",\"target\":{\"@type\":\"EntryPoint\",\"urlTemplate\":\"https:\\\/\\\/eurecat.org\\\/es\\\/?s={search_term_string}\"},\"query-input\":{\"@type\":\"PropertyValueSpecification\",\"valueRequired\":true,\"valueName\":\"search_term_string\"}}],\"inLanguage\":\"es\"},{\"@type\":\"Person\",\"@id\":\"https:\\\/\\\/eurecat.org\\\/es\\\/#\\\/schema\\\/person\\\/def9217eded50ee57a9dc4cf0c883f80\",\"name\":\"EurecatEG\",\"image\":{\"@type\":\"ImageObject\",\"inLanguage\":\"es\",\"@id\":\"https:\\\/\\\/secure.gravatar.com\\\/avatar\\\/f40dd9b6ecd3e5c591f3c9b033e495ee0ec9877ba77249fbf268b3889350c824?s=96&d=mm&r=g\",\"url\":\"https:\\\/\\\/secure.gravatar.com\\\/avatar\\\/f40dd9b6ecd3e5c591f3c9b033e495ee0ec9877ba77249fbf268b3889350c824?s=96&d=mm&r=g\",\"contentUrl\":\"https:\\\/\\\/secure.gravatar.com\\\/avatar\\\/f40dd9b6ecd3e5c591f3c9b033e495ee0ec9877ba77249fbf268b3889350c824?s=96&d=mm&r=g\",\"caption\":\"EurecatEG\"}}]}<\/script>\n<!-- \/ Yoast SEO plugin. -->","yoast_head_json":{"title":"Estudian nuevos alimentos funcionales para favorecer el bienestar mental","description":"Estudian nuevos alimentos funcionales para favorecer el bienestar mental - Eurecat Centre Tecnol\u00f2gic","robots":{"index":"index","follow":"follow","max-snippet":"max-snippet:-1","max-image-preview":"max-image-preview:large","max-video-preview":"max-video-preview:-1"},"canonical":"https:\/\/eurecat.org\/es\/estudian-nuevos-alimentos-funcionales-para-favorecer-el-bienestar-mental\/","og_locale":"es_ES","og_type":"article","og_title":"Estudian nuevos alimentos funcionales para favorecer el bienestar mental","og_description":"Estudian nuevos alimentos funcionales para favorecer el bienestar mental - Eurecat Centre Tecnol\u00f2gic","og_url":"https:\/\/eurecat.org\/es\/estudian-nuevos-alimentos-funcionales-para-favorecer-el-bienestar-mental\/","og_site_name":"Eurecat","article_published_time":"2022-04-04T12:10:09+00:00","article_modified_time":"2022-04-04T12:18:02+00:00","og_image":[{"width":800,"height":462,"url":"https:\/\/eurecat.org\/wp-content\/uploads\/2022\/04\/Alimentaria_Dantian_800.jpg","type":"image\/jpeg"}],"author":"EurecatEG","twitter_card":"summary_large_image","twitter_misc":{"Escrito por":"EurecatEG","Tiempo de lectura":"4 minutos"},"schema":{"@context":"https:\/\/schema.org","@graph":[{"@type":"Article","@id":"https:\/\/eurecat.org\/es\/estudian-nuevos-alimentos-funcionales-para-favorecer-el-bienestar-mental\/#article","isPartOf":{"@id":"https:\/\/eurecat.org\/es\/estudian-nuevos-alimentos-funcionales-para-favorecer-el-bienestar-mental\/"},"author":{"name":"EurecatEG","@id":"https:\/\/eurecat.org\/es\/#\/schema\/person\/def9217eded50ee57a9dc4cf0c883f80"},"headline":"Estudian nuevos alimentos funcionales para favorecer el bienestar mental","datePublished":"2022-04-04T12:10:09+00:00","dateModified":"2022-04-04T12:18:02+00:00","mainEntityOfPage":{"@id":"https:\/\/eurecat.org\/es\/estudian-nuevos-alimentos-funcionales-para-favorecer-el-bienestar-mental\/"},"wordCount":795,"commentCount":0,"image":{"@id":"https:\/\/eurecat.org\/es\/estudian-nuevos-alimentos-funcionales-para-favorecer-el-bienestar-mental\/#primaryimage"},"thumbnailUrl":"https:\/\/eurecat.org\/wp-content\/uploads\/2022\/04\/Alimentaria_Dantian_800.jpg","articleSection":["Alimentaci\u00f3n","Notas de prensa","Nutrici\u00f3n y Salud"],"inLanguage":"es","potentialAction":[{"@type":"CommentAction","name":"Comment","target":["https:\/\/eurecat.org\/es\/estudian-nuevos-alimentos-funcionales-para-favorecer-el-bienestar-mental\/#respond"]}]},{"@type":"WebPage","@id":"https:\/\/eurecat.org\/es\/estudian-nuevos-alimentos-funcionales-para-favorecer-el-bienestar-mental\/","url":"https:\/\/eurecat.org\/es\/estudian-nuevos-alimentos-funcionales-para-favorecer-el-bienestar-mental\/","name":"Estudian nuevos alimentos funcionales para favorecer el bienestar mental","isPartOf":{"@id":"https:\/\/eurecat.org\/es\/#website"},"primaryImageOfPage":{"@id":"https:\/\/eurecat.org\/es\/estudian-nuevos-alimentos-funcionales-para-favorecer-el-bienestar-mental\/#primaryimage"},"image":{"@id":"https:\/\/eurecat.org\/es\/estudian-nuevos-alimentos-funcionales-para-favorecer-el-bienestar-mental\/#primaryimage"},"thumbnailUrl":"https:\/\/eurecat.org\/wp-content\/uploads\/2022\/04\/Alimentaria_Dantian_800.jpg","datePublished":"2022-04-04T12:10:09+00:00","dateModified":"2022-04-04T12:18:02+00:00","author":{"@id":"https:\/\/eurecat.org\/es\/#\/schema\/person\/def9217eded50ee57a9dc4cf0c883f80"},"description":"Estudian nuevos alimentos funcionales para favorecer el bienestar mental - Eurecat Centre Tecnol\u00f2gic","breadcrumb":{"@id":"https:\/\/eurecat.org\/es\/estudian-nuevos-alimentos-funcionales-para-favorecer-el-bienestar-mental\/#breadcrumb"},"inLanguage":"es","potentialAction":[{"@type":"ReadAction","target":["https:\/\/eurecat.org\/es\/estudian-nuevos-alimentos-funcionales-para-favorecer-el-bienestar-mental\/"]}]},{"@type":"ImageObject","inLanguage":"es","@id":"https:\/\/eurecat.org\/es\/estudian-nuevos-alimentos-funcionales-para-favorecer-el-bienestar-mental\/#primaryimage","url":"https:\/\/eurecat.org\/wp-content\/uploads\/2022\/04\/Alimentaria_Dantian_800.jpg","contentUrl":"https:\/\/eurecat.org\/wp-content\/uploads\/2022\/04\/Alimentaria_Dantian_800.jpg","width":800,"height":462,"caption":"dantian"},{"@type":"BreadcrumbList","@id":"https:\/\/eurecat.org\/es\/estudian-nuevos-alimentos-funcionales-para-favorecer-el-bienestar-mental\/#breadcrumb","itemListElement":[{"@type":"ListItem","position":1,"name":"Inici","item":"https:\/\/eurecat.org\/es\/"},{"@type":"ListItem","position":2,"name":"Estudian nuevos alimentos funcionales para favorecer el bienestar mental"}]},{"@type":"WebSite","@id":"https:\/\/eurecat.org\/es\/#website","url":"https:\/\/eurecat.org\/es\/","name":"Eurecat","description":"Otro sitio realizado con WordPress","potentialAction":[{"@type":"SearchAction","target":{"@type":"EntryPoint","urlTemplate":"https:\/\/eurecat.org\/es\/?s={search_term_string}"},"query-input":{"@type":"PropertyValueSpecification","valueRequired":true,"valueName":"search_term_string"}}],"inLanguage":"es"},{"@type":"Person","@id":"https:\/\/eurecat.org\/es\/#\/schema\/person\/def9217eded50ee57a9dc4cf0c883f80","name":"EurecatEG","image":{"@type":"ImageObject","inLanguage":"es","@id":"https:\/\/secure.gravatar.com\/avatar\/f40dd9b6ecd3e5c591f3c9b033e495ee0ec9877ba77249fbf268b3889350c824?s=96&d=mm&r=g","url":"https:\/\/secure.gravatar.com\/avatar\/f40dd9b6ecd3e5c591f3c9b033e495ee0ec9877ba77249fbf268b3889350c824?s=96&d=mm&r=g","contentUrl":"https:\/\/secure.gravatar.com\/avatar\/f40dd9b6ecd3e5c591f3c9b033e495ee0ec9877ba77249fbf268b3889350c824?s=96&d=mm&r=g","caption":"EurecatEG"}}]}},"_links":{"self":[{"href":"https:\/\/eurecat.org\/es\/wp-json\/wp\/v2\/posts\/121716","targetHints":{"allow":["GET"]}}],"collection":[{"href":"https:\/\/eurecat.org\/es\/wp-json\/wp\/v2\/posts"}],"about":[{"href":"https:\/\/eurecat.org\/es\/wp-json\/wp\/v2\/types\/post"}],"author":[{"embeddable":true,"href":"https:\/\/eurecat.org\/es\/wp-json\/wp\/v2\/users\/12"}],"replies":[{"embeddable":true,"href":"https:\/\/eurecat.org\/es\/wp-json\/wp\/v2\/comments?post=121716"}],"version-history":[{"count":0,"href":"https:\/\/eurecat.org\/es\/wp-json\/wp\/v2\/posts\/121716\/revisions"}],"wp:featuredmedia":[{"embeddable":true,"href":"https:\/\/eurecat.org\/es\/wp-json\/wp\/v2\/media\/121720"}],"wp:attachment":[{"href":"https:\/\/eurecat.org\/es\/wp-json\/wp\/v2\/media?parent=121716"}],"wp:term":[{"taxonomy":"category","embeddable":true,"href":"https:\/\/eurecat.org\/es\/wp-json\/wp\/v2\/categories?post=121716"},{"taxonomy":"post_tag","embeddable":true,"href":"https:\/\/eurecat.org\/es\/wp-json\/wp\/v2\/tags?post=121716"}],"curies":[{"name":"wp","href":"https:\/\/api.w.org\/{rel}","templated":true}]}}