{"id":122444,"date":"2022-04-25T06:45:34","date_gmt":"2022-04-25T05:45:34","guid":{"rendered":"https:\/\/eurecat.org\/?p=122444"},"modified":"2022-04-26T06:52:39","modified_gmt":"2022-04-26T05:52:39","slug":"el-centro-de-ciencias-omicas-renueva-su-pertenencia-al-mapa-de-infraestructuras-cientificas-y-tecnicas-singulares","status":"publish","type":"post","link":"https:\/\/eurecat.org\/es\/el-centro-de-ciencias-omicas-renueva-su-pertenencia-al-mapa-de-infraestructuras-cientificas-y-tecnicas-singulares\/","title":{"rendered":"El Centro de Ciencias \u00d3micas renueva su pertenencia al Mapa de Infraestructuras Cient\u00edficas y T\u00e9cnicas Singulares"},"content":{"rendered":"<div class=\"fusion-fullwidth fullwidth-box fusion-builder-row-1 fusion-flex-container nonhundred-percent-fullwidth non-hundred-percent-height-scrolling\" style=\"--awb-border-radius-top-left:0px;--awb-border-radius-top-right:0px;--awb-border-radius-bottom-right:0px;--awb-border-radius-bottom-left:0px;--awb-flex-wrap:wrap;\" ><div class=\"fusion-builder-row fusion-row fusion-flex-align-items-flex-start fusion-flex-content-wrap\" style=\"max-width:1424.8px;margin-left: calc(-4% \/ 2 );margin-right: calc(-4% \/ 2 );\"><div class=\"fusion-layout-column fusion_builder_column fusion-builder-column-0 fusion_builder_column_1_1 1_1 fusion-flex-column\" style=\"--awb-bg-size:cover;--awb-width-large:100%;--awb-margin-top-large:0px;--awb-spacing-right-large:1.92%;--awb-margin-bottom-large:0px;--awb-spacing-left-large:1.92%;--awb-width-medium:100%;--awb-spacing-right-medium:1.92%;--awb-spacing-left-medium:1.92%;--awb-width-small:100%;--awb-spacing-right-small:1.92%;--awb-spacing-left-small:1.92%;\"><div class=\"fusion-column-wrapper fusion-flex-justify-content-flex-start fusion-content-layout-column\"><div class=\"fusion-text fusion-text-1\" style=\"--awb-text-transform:none;\"><p>El Centro de Ciencias \u00d3micas (COS), gestionado por el centro tecnol\u00f3gico <a href=\"http:\/\/eurecat.org\/es\/\">Eurecat<\/a> y la Universitat Rovira i Virgili, ha renovado su pertenencia al Mapa Nacional de Infraestructuras Cient\u00edficas y T\u00e9cnicas Singulares (ICTS) para el per\u00edodo 2021-2024. El COS es una infraestructura cient\u00edfica equipada con herramientas y tecnolog\u00edas punteras para demostrar el efecto saludable, los mecanismos de acci\u00f3n por los que se produce y avanzar hacia la nutrici\u00f3n personalizada.<\/p>\n<p>La directora de la Unidad de Ciencias \u00d3micas de Eurecat en Reus y coordinadora t\u00e9cnica de la Unidad mixta del Centro de Ciencias \u00d3micas, formada por profesionales de Eurecat y la URV, N\u00faria Canela, explica que en los \u00e1mbitos de la salud y la nutrici\u00f3n estas tecnolog\u00edas \u201cpermiten realizar estudios sobre biomarcadores, por ejemplo, biomarcadores predictivos que pueden indicar la predisposici\u00f3n a determinadas enfermedades o biomarcadores de estratificaci\u00f3n para poder clasificar bien a los enfermos, y con este pron\u00f3stico indicar medidas terap\u00e9uticas m\u00e1s personalizadas o aconsejar cambios de estilo de vida con antelaci\u00f3n\u201d.<\/p>\n<p>En cuanto a la alimentaci\u00f3n y nutrici\u00f3n de precisi\u00f3n, \u201clas \u00f3micas son fundamentales para caracterizar de forma precisa el fenotipo de las personas, entender los mecanismos mediante los cuales los ingredientes y alimentos ejercen sus efectos y encontrar nuevos biomarcadores de salud, para poder monitorizar de forma precisa la respuesta a una dieta o alimento determinado\u201d, se\u00f1ala el director del \u00e1rea de Biotecnolog\u00eda de Eurecat, Antoni Caimari.<\/p>\n<p>El COS est\u00e1 considerado como Infraestructura Cient\u00edfica y T\u00e9cnica Singular (ICTS) desde 2014 por el Ministerio de Industria y Competitividad. Es, as\u00ed, una herramienta experimental de vanguardia \u00fanica en Espa\u00f1a por su contenido y prestaciones, de utilidad para el sistema de I+D+i en el \u00e1mbito nacional e internacional, imprescindible para realizar determinadas investigaciones o desarrollos tecnol\u00f3gicos, de forma que su construcci\u00f3n y\/o conservaci\u00f3n es prioritaria y estrat\u00e9gica.<\/p>\n<p>El Consejo de Pol\u00edtica Cient\u00edfica, Tecnol\u00f3gica y de Innovaci\u00f3n ha aprobado el mapa en el que se incluye de nuevo la Infraestructura Integrada de Tecnolog\u00edas \u00d3micas (OmicsTech), formada por el Centro de Ciencias \u00d3micas (COS), el Centro Nacional de An\u00e1lisis Gen\u00f3mico (CNAG-CRG) y la Unidad de Prote\u00f3mica del CRG y UPF. La instalaci\u00f3n ofrece a la comunidad investigadora la posibilidad de utilizar instalaciones \u00fanicas dedicadas exclusivamente a las tecnolog\u00edas \u00f3micas, con un amplio espectro de herramientas de an\u00e1lisis biomolecular que proporcionan una visi\u00f3n hol\u00edstica de los procesos biol\u00f3gicos.<\/p>\n<p>Los avances en las tecnolog\u00edas de la gen\u00f3mica, la prote\u00f3mica y la metabol\u00f3mica han abierto nuevas v\u00edas para comprender los mecanismos moleculares de las enfermedades y el comportamiento de las c\u00e9lulas, tejidos y \u00f3rganos. El objetivo de OmicsTech es impulsar las ciencias \u00f3micas, satisfaciendo la creciente demanda de estas tecnolog\u00edas y asegurando la competitividad en los campos de la biomedicina, la biolog\u00eda y el sector agroalimentario.<\/p>\n<p>El objetivo del Mapa de ICTS, que se actualiza cada cuatro a\u00f1os, es apoyar el desarrollo de infraestructuras cient\u00edfico-t\u00e9cnicas de vanguardia y estrat\u00e9gicas con un coste de inversi\u00f3n o mantenimiento y de operaci\u00f3n muy elevado. Su actualizaci\u00f3n se realiza seg\u00fan criterios de m\u00e1xima calidad cient\u00edfica, tecnol\u00f3gica e innovaci\u00f3n.<\/p>\n<p><strong>Jornada de puertas abiertas del Centro de Ciencias \u00d3micas<\/strong><\/p>\n<p>Las instalaciones del Centro de Ciencias \u00d3micas en Reus se podr\u00e1n visitar en una jornada de puertas abiertas que se celebrar\u00e1 el pr\u00f3ximo 20 de mayo, en el marco de la Semana de la Administraci\u00f3n Abierta, una iniciativa impulsada mundialmente por la Alianza por el Gobierno Abierto (Open Gov Week). Las inscripciones se pueden formalizar en este <a href=\"https:\/\/eurecat.org\/calendari\/jornada-de-portes-obertes-cos-icts-omicstech\/\">enlace<\/a><\/p>\n<p><strong>Mapa de infraestructuras Cient\u00edficas y T\u00e9cnicas Singulares 2021-2024: <\/strong><\/p>\n<p><a href=\"https:\/\/www.ciencia.gob.es\/Organismos-y-Centros\/Infraestructuras-Cientificas-y-Tecnicas-Singulares-ICTS.html\">https:\/\/www.ciencia.gob.es\/Organismos-y-Centros\/Infraestructuras-Cientificas-y-Tecnicas-Singulares-ICTS.html<\/a><\/p>\n<\/div><\/div><\/div><\/div><\/div>\n","protected":false},"excerpt":{"rendered":"","protected":false},"author":12,"featured_media":122448,"comment_status":"open","ping_status":"closed","sticky":false,"template":"","format":"standard","meta":{"footnotes":""},"categories":[393,134],"tags":[],"class_list":["post-122444","post","type-post","status-publish","format-standard","has-post-thumbnail","hentry","category-ciencias-omicas","category-notas-de-prensa"],"yoast_head":"<!-- This site is optimized with the Yoast SEO plugin v27.4 - https:\/\/yoast.com\/product\/yoast-seo-wordpress\/ -->\n<title>El Centro de Ciencias \u00d3micas renueva su pertenencia al Mapa de Infraestructuras Cient\u00edficas y T\u00e9cnicas Singulares<\/title>\n<meta name=\"description\" content=\"El Centro de Ciencias \u00d3micas renueva su pertenencia al Mapa de Infraestructuras Cient\u00edficas y T\u00e9cnicas Singulares\" \/>\n<meta name=\"robots\" content=\"index, follow, max-snippet:-1, max-image-preview:large, max-video-preview:-1\" \/>\n<link rel=\"canonical\" href=\"https:\/\/eurecat.org\/es\/el-centro-de-ciencias-omicas-renueva-su-pertenencia-al-mapa-de-infraestructuras-cientificas-y-tecnicas-singulares\/\" \/>\n<meta property=\"og:locale\" content=\"es_ES\" \/>\n<meta property=\"og:type\" content=\"article\" \/>\n<meta property=\"og:title\" content=\"El Centro de Ciencias \u00d3micas renueva su pertenencia al Mapa de Infraestructuras Cient\u00edficas y T\u00e9cnicas Singulares\" \/>\n<meta property=\"og:description\" content=\"El Centro de Ciencias \u00d3micas renueva su pertenencia al Mapa de Infraestructuras Cient\u00edficas y T\u00e9cnicas Singulares\" \/>\n<meta property=\"og:url\" content=\"https:\/\/eurecat.org\/es\/el-centro-de-ciencias-omicas-renueva-su-pertenencia-al-mapa-de-infraestructuras-cientificas-y-tecnicas-singulares\/\" \/>\n<meta property=\"og:site_name\" content=\"Eurecat\" \/>\n<meta property=\"article:published_time\" content=\"2022-04-25T05:45:34+00:00\" \/>\n<meta property=\"article:modified_time\" content=\"2022-04-26T05:52:39+00:00\" \/>\n<meta property=\"og:image\" content=\"https:\/\/eurecat.org\/wp-content\/uploads\/2022\/04\/COS1_800px.jpg\" \/>\n\t<meta property=\"og:image:width\" content=\"800\" \/>\n\t<meta property=\"og:image:height\" content=\"450\" \/>\n\t<meta property=\"og:image:type\" content=\"image\/jpeg\" \/>\n<meta name=\"author\" content=\"EurecatEG\" \/>\n<meta name=\"twitter:card\" content=\"summary_large_image\" \/>\n<meta name=\"twitter:label1\" content=\"Escrito por\" \/>\n\t<meta name=\"twitter:data1\" content=\"EurecatEG\" \/>\n\t<meta name=\"twitter:label2\" content=\"Tiempo de lectura\" \/>\n\t<meta name=\"twitter:data2\" content=\"4 minutos\" \/>\n<script type=\"application\/ld+json\" class=\"yoast-schema-graph\">{\"@context\":\"https:\\\/\\\/schema.org\",\"@graph\":[{\"@type\":\"Article\",\"@id\":\"https:\\\/\\\/eurecat.org\\\/es\\\/el-centro-de-ciencias-omicas-renueva-su-pertenencia-al-mapa-de-infraestructuras-cientificas-y-tecnicas-singulares\\\/#article\",\"isPartOf\":{\"@id\":\"https:\\\/\\\/eurecat.org\\\/es\\\/el-centro-de-ciencias-omicas-renueva-su-pertenencia-al-mapa-de-infraestructuras-cientificas-y-tecnicas-singulares\\\/\"},\"author\":{\"name\":\"EurecatEG\",\"@id\":\"https:\\\/\\\/eurecat.org\\\/es\\\/#\\\/schema\\\/person\\\/def9217eded50ee57a9dc4cf0c883f80\"},\"headline\":\"El Centro de Ciencias \u00d3micas renueva su pertenencia al Mapa de Infraestructuras Cient\u00edficas y T\u00e9cnicas Singulares\",\"datePublished\":\"2022-04-25T05:45:34+00:00\",\"dateModified\":\"2022-04-26T05:52:39+00:00\",\"mainEntityOfPage\":{\"@id\":\"https:\\\/\\\/eurecat.org\\\/es\\\/el-centro-de-ciencias-omicas-renueva-su-pertenencia-al-mapa-de-infraestructuras-cientificas-y-tecnicas-singulares\\\/\"},\"wordCount\":913,\"commentCount\":0,\"image\":{\"@id\":\"https:\\\/\\\/eurecat.org\\\/es\\\/el-centro-de-ciencias-omicas-renueva-su-pertenencia-al-mapa-de-infraestructuras-cientificas-y-tecnicas-singulares\\\/#primaryimage\"},\"thumbnailUrl\":\"https:\\\/\\\/eurecat.org\\\/wp-content\\\/uploads\\\/2022\\\/04\\\/COS1_800px.jpg\",\"articleSection\":[\"Ciencias \u00d3micas\",\"Notas de prensa\"],\"inLanguage\":\"es\",\"potentialAction\":[{\"@type\":\"CommentAction\",\"name\":\"Comment\",\"target\":[\"https:\\\/\\\/eurecat.org\\\/es\\\/el-centro-de-ciencias-omicas-renueva-su-pertenencia-al-mapa-de-infraestructuras-cientificas-y-tecnicas-singulares\\\/#respond\"]}]},{\"@type\":\"WebPage\",\"@id\":\"https:\\\/\\\/eurecat.org\\\/es\\\/el-centro-de-ciencias-omicas-renueva-su-pertenencia-al-mapa-de-infraestructuras-cientificas-y-tecnicas-singulares\\\/\",\"url\":\"https:\\\/\\\/eurecat.org\\\/es\\\/el-centro-de-ciencias-omicas-renueva-su-pertenencia-al-mapa-de-infraestructuras-cientificas-y-tecnicas-singulares\\\/\",\"name\":\"El Centro de Ciencias \u00d3micas renueva su pertenencia al Mapa de Infraestructuras Cient\u00edficas y T\u00e9cnicas Singulares\",\"isPartOf\":{\"@id\":\"https:\\\/\\\/eurecat.org\\\/es\\\/#website\"},\"primaryImageOfPage\":{\"@id\":\"https:\\\/\\\/eurecat.org\\\/es\\\/el-centro-de-ciencias-omicas-renueva-su-pertenencia-al-mapa-de-infraestructuras-cientificas-y-tecnicas-singulares\\\/#primaryimage\"},\"image\":{\"@id\":\"https:\\\/\\\/eurecat.org\\\/es\\\/el-centro-de-ciencias-omicas-renueva-su-pertenencia-al-mapa-de-infraestructuras-cientificas-y-tecnicas-singulares\\\/#primaryimage\"},\"thumbnailUrl\":\"https:\\\/\\\/eurecat.org\\\/wp-content\\\/uploads\\\/2022\\\/04\\\/COS1_800px.jpg\",\"datePublished\":\"2022-04-25T05:45:34+00:00\",\"dateModified\":\"2022-04-26T05:52:39+00:00\",\"author\":{\"@id\":\"https:\\\/\\\/eurecat.org\\\/es\\\/#\\\/schema\\\/person\\\/def9217eded50ee57a9dc4cf0c883f80\"},\"description\":\"El Centro de Ciencias \u00d3micas renueva su pertenencia al Mapa de Infraestructuras Cient\u00edficas y T\u00e9cnicas Singulares\",\"breadcrumb\":{\"@id\":\"https:\\\/\\\/eurecat.org\\\/es\\\/el-centro-de-ciencias-omicas-renueva-su-pertenencia-al-mapa-de-infraestructuras-cientificas-y-tecnicas-singulares\\\/#breadcrumb\"},\"inLanguage\":\"es\",\"potentialAction\":[{\"@type\":\"ReadAction\",\"target\":[\"https:\\\/\\\/eurecat.org\\\/es\\\/el-centro-de-ciencias-omicas-renueva-su-pertenencia-al-mapa-de-infraestructuras-cientificas-y-tecnicas-singulares\\\/\"]}]},{\"@type\":\"ImageObject\",\"inLanguage\":\"es\",\"@id\":\"https:\\\/\\\/eurecat.org\\\/es\\\/el-centro-de-ciencias-omicas-renueva-su-pertenencia-al-mapa-de-infraestructuras-cientificas-y-tecnicas-singulares\\\/#primaryimage\",\"url\":\"https:\\\/\\\/eurecat.org\\\/wp-content\\\/uploads\\\/2022\\\/04\\\/COS1_800px.jpg\",\"contentUrl\":\"https:\\\/\\\/eurecat.org\\\/wp-content\\\/uploads\\\/2022\\\/04\\\/COS1_800px.jpg\",\"width\":800,\"height\":450,\"caption\":\"COS eurecat\"},{\"@type\":\"BreadcrumbList\",\"@id\":\"https:\\\/\\\/eurecat.org\\\/es\\\/el-centro-de-ciencias-omicas-renueva-su-pertenencia-al-mapa-de-infraestructuras-cientificas-y-tecnicas-singulares\\\/#breadcrumb\",\"itemListElement\":[{\"@type\":\"ListItem\",\"position\":1,\"name\":\"Inici\",\"item\":\"https:\\\/\\\/eurecat.org\\\/es\\\/\"},{\"@type\":\"ListItem\",\"position\":2,\"name\":\"El Centro de Ciencias \u00d3micas renueva su pertenencia al Mapa de Infraestructuras Cient\u00edficas y T\u00e9cnicas Singulares\"}]},{\"@type\":\"WebSite\",\"@id\":\"https:\\\/\\\/eurecat.org\\\/es\\\/#website\",\"url\":\"https:\\\/\\\/eurecat.org\\\/es\\\/\",\"name\":\"Eurecat\",\"description\":\"Otro sitio realizado con WordPress\",\"potentialAction\":[{\"@type\":\"SearchAction\",\"target\":{\"@type\":\"EntryPoint\",\"urlTemplate\":\"https:\\\/\\\/eurecat.org\\\/es\\\/?s={search_term_string}\"},\"query-input\":{\"@type\":\"PropertyValueSpecification\",\"valueRequired\":true,\"valueName\":\"search_term_string\"}}],\"inLanguage\":\"es\"},{\"@type\":\"Person\",\"@id\":\"https:\\\/\\\/eurecat.org\\\/es\\\/#\\\/schema\\\/person\\\/def9217eded50ee57a9dc4cf0c883f80\",\"name\":\"EurecatEG\",\"image\":{\"@type\":\"ImageObject\",\"inLanguage\":\"es\",\"@id\":\"https:\\\/\\\/secure.gravatar.com\\\/avatar\\\/f40dd9b6ecd3e5c591f3c9b033e495ee0ec9877ba77249fbf268b3889350c824?s=96&d=mm&r=g\",\"url\":\"https:\\\/\\\/secure.gravatar.com\\\/avatar\\\/f40dd9b6ecd3e5c591f3c9b033e495ee0ec9877ba77249fbf268b3889350c824?s=96&d=mm&r=g\",\"contentUrl\":\"https:\\\/\\\/secure.gravatar.com\\\/avatar\\\/f40dd9b6ecd3e5c591f3c9b033e495ee0ec9877ba77249fbf268b3889350c824?s=96&d=mm&r=g\",\"caption\":\"EurecatEG\"}}]}<\/script>\n<!-- \/ Yoast SEO plugin. -->","yoast_head_json":{"title":"El Centro de Ciencias \u00d3micas renueva su pertenencia al Mapa de Infraestructuras Cient\u00edficas y T\u00e9cnicas Singulares","description":"El Centro de Ciencias \u00d3micas renueva su pertenencia al Mapa de Infraestructuras Cient\u00edficas y T\u00e9cnicas Singulares","robots":{"index":"index","follow":"follow","max-snippet":"max-snippet:-1","max-image-preview":"max-image-preview:large","max-video-preview":"max-video-preview:-1"},"canonical":"https:\/\/eurecat.org\/es\/el-centro-de-ciencias-omicas-renueva-su-pertenencia-al-mapa-de-infraestructuras-cientificas-y-tecnicas-singulares\/","og_locale":"es_ES","og_type":"article","og_title":"El Centro de Ciencias \u00d3micas renueva su pertenencia al Mapa de Infraestructuras Cient\u00edficas y T\u00e9cnicas Singulares","og_description":"El Centro de Ciencias \u00d3micas renueva su pertenencia al Mapa de Infraestructuras Cient\u00edficas y T\u00e9cnicas Singulares","og_url":"https:\/\/eurecat.org\/es\/el-centro-de-ciencias-omicas-renueva-su-pertenencia-al-mapa-de-infraestructuras-cientificas-y-tecnicas-singulares\/","og_site_name":"Eurecat","article_published_time":"2022-04-25T05:45:34+00:00","article_modified_time":"2022-04-26T05:52:39+00:00","og_image":[{"width":800,"height":450,"url":"https:\/\/eurecat.org\/wp-content\/uploads\/2022\/04\/COS1_800px.jpg","type":"image\/jpeg"}],"author":"EurecatEG","twitter_card":"summary_large_image","twitter_misc":{"Escrito por":"EurecatEG","Tiempo de lectura":"4 minutos"},"schema":{"@context":"https:\/\/schema.org","@graph":[{"@type":"Article","@id":"https:\/\/eurecat.org\/es\/el-centro-de-ciencias-omicas-renueva-su-pertenencia-al-mapa-de-infraestructuras-cientificas-y-tecnicas-singulares\/#article","isPartOf":{"@id":"https:\/\/eurecat.org\/es\/el-centro-de-ciencias-omicas-renueva-su-pertenencia-al-mapa-de-infraestructuras-cientificas-y-tecnicas-singulares\/"},"author":{"name":"EurecatEG","@id":"https:\/\/eurecat.org\/es\/#\/schema\/person\/def9217eded50ee57a9dc4cf0c883f80"},"headline":"El Centro de Ciencias \u00d3micas renueva su pertenencia al Mapa de Infraestructuras Cient\u00edficas y T\u00e9cnicas Singulares","datePublished":"2022-04-25T05:45:34+00:00","dateModified":"2022-04-26T05:52:39+00:00","mainEntityOfPage":{"@id":"https:\/\/eurecat.org\/es\/el-centro-de-ciencias-omicas-renueva-su-pertenencia-al-mapa-de-infraestructuras-cientificas-y-tecnicas-singulares\/"},"wordCount":913,"commentCount":0,"image":{"@id":"https:\/\/eurecat.org\/es\/el-centro-de-ciencias-omicas-renueva-su-pertenencia-al-mapa-de-infraestructuras-cientificas-y-tecnicas-singulares\/#primaryimage"},"thumbnailUrl":"https:\/\/eurecat.org\/wp-content\/uploads\/2022\/04\/COS1_800px.jpg","articleSection":["Ciencias \u00d3micas","Notas de prensa"],"inLanguage":"es","potentialAction":[{"@type":"CommentAction","name":"Comment","target":["https:\/\/eurecat.org\/es\/el-centro-de-ciencias-omicas-renueva-su-pertenencia-al-mapa-de-infraestructuras-cientificas-y-tecnicas-singulares\/#respond"]}]},{"@type":"WebPage","@id":"https:\/\/eurecat.org\/es\/el-centro-de-ciencias-omicas-renueva-su-pertenencia-al-mapa-de-infraestructuras-cientificas-y-tecnicas-singulares\/","url":"https:\/\/eurecat.org\/es\/el-centro-de-ciencias-omicas-renueva-su-pertenencia-al-mapa-de-infraestructuras-cientificas-y-tecnicas-singulares\/","name":"El Centro de Ciencias \u00d3micas renueva su pertenencia al Mapa de Infraestructuras Cient\u00edficas y T\u00e9cnicas Singulares","isPartOf":{"@id":"https:\/\/eurecat.org\/es\/#website"},"primaryImageOfPage":{"@id":"https:\/\/eurecat.org\/es\/el-centro-de-ciencias-omicas-renueva-su-pertenencia-al-mapa-de-infraestructuras-cientificas-y-tecnicas-singulares\/#primaryimage"},"image":{"@id":"https:\/\/eurecat.org\/es\/el-centro-de-ciencias-omicas-renueva-su-pertenencia-al-mapa-de-infraestructuras-cientificas-y-tecnicas-singulares\/#primaryimage"},"thumbnailUrl":"https:\/\/eurecat.org\/wp-content\/uploads\/2022\/04\/COS1_800px.jpg","datePublished":"2022-04-25T05:45:34+00:00","dateModified":"2022-04-26T05:52:39+00:00","author":{"@id":"https:\/\/eurecat.org\/es\/#\/schema\/person\/def9217eded50ee57a9dc4cf0c883f80"},"description":"El Centro de Ciencias \u00d3micas renueva su pertenencia al Mapa de Infraestructuras Cient\u00edficas y T\u00e9cnicas Singulares","breadcrumb":{"@id":"https:\/\/eurecat.org\/es\/el-centro-de-ciencias-omicas-renueva-su-pertenencia-al-mapa-de-infraestructuras-cientificas-y-tecnicas-singulares\/#breadcrumb"},"inLanguage":"es","potentialAction":[{"@type":"ReadAction","target":["https:\/\/eurecat.org\/es\/el-centro-de-ciencias-omicas-renueva-su-pertenencia-al-mapa-de-infraestructuras-cientificas-y-tecnicas-singulares\/"]}]},{"@type":"ImageObject","inLanguage":"es","@id":"https:\/\/eurecat.org\/es\/el-centro-de-ciencias-omicas-renueva-su-pertenencia-al-mapa-de-infraestructuras-cientificas-y-tecnicas-singulares\/#primaryimage","url":"https:\/\/eurecat.org\/wp-content\/uploads\/2022\/04\/COS1_800px.jpg","contentUrl":"https:\/\/eurecat.org\/wp-content\/uploads\/2022\/04\/COS1_800px.jpg","width":800,"height":450,"caption":"COS eurecat"},{"@type":"BreadcrumbList","@id":"https:\/\/eurecat.org\/es\/el-centro-de-ciencias-omicas-renueva-su-pertenencia-al-mapa-de-infraestructuras-cientificas-y-tecnicas-singulares\/#breadcrumb","itemListElement":[{"@type":"ListItem","position":1,"name":"Inici","item":"https:\/\/eurecat.org\/es\/"},{"@type":"ListItem","position":2,"name":"El Centro de Ciencias \u00d3micas renueva su pertenencia al Mapa de Infraestructuras Cient\u00edficas y T\u00e9cnicas Singulares"}]},{"@type":"WebSite","@id":"https:\/\/eurecat.org\/es\/#website","url":"https:\/\/eurecat.org\/es\/","name":"Eurecat","description":"Otro sitio realizado con WordPress","potentialAction":[{"@type":"SearchAction","target":{"@type":"EntryPoint","urlTemplate":"https:\/\/eurecat.org\/es\/?s={search_term_string}"},"query-input":{"@type":"PropertyValueSpecification","valueRequired":true,"valueName":"search_term_string"}}],"inLanguage":"es"},{"@type":"Person","@id":"https:\/\/eurecat.org\/es\/#\/schema\/person\/def9217eded50ee57a9dc4cf0c883f80","name":"EurecatEG","image":{"@type":"ImageObject","inLanguage":"es","@id":"https:\/\/secure.gravatar.com\/avatar\/f40dd9b6ecd3e5c591f3c9b033e495ee0ec9877ba77249fbf268b3889350c824?s=96&d=mm&r=g","url":"https:\/\/secure.gravatar.com\/avatar\/f40dd9b6ecd3e5c591f3c9b033e495ee0ec9877ba77249fbf268b3889350c824?s=96&d=mm&r=g","contentUrl":"https:\/\/secure.gravatar.com\/avatar\/f40dd9b6ecd3e5c591f3c9b033e495ee0ec9877ba77249fbf268b3889350c824?s=96&d=mm&r=g","caption":"EurecatEG"}}]}},"_links":{"self":[{"href":"https:\/\/eurecat.org\/es\/wp-json\/wp\/v2\/posts\/122444","targetHints":{"allow":["GET"]}}],"collection":[{"href":"https:\/\/eurecat.org\/es\/wp-json\/wp\/v2\/posts"}],"about":[{"href":"https:\/\/eurecat.org\/es\/wp-json\/wp\/v2\/types\/post"}],"author":[{"embeddable":true,"href":"https:\/\/eurecat.org\/es\/wp-json\/wp\/v2\/users\/12"}],"replies":[{"embeddable":true,"href":"https:\/\/eurecat.org\/es\/wp-json\/wp\/v2\/comments?post=122444"}],"version-history":[{"count":0,"href":"https:\/\/eurecat.org\/es\/wp-json\/wp\/v2\/posts\/122444\/revisions"}],"wp:featuredmedia":[{"embeddable":true,"href":"https:\/\/eurecat.org\/es\/wp-json\/wp\/v2\/media\/122448"}],"wp:attachment":[{"href":"https:\/\/eurecat.org\/es\/wp-json\/wp\/v2\/media?parent=122444"}],"wp:term":[{"taxonomy":"category","embeddable":true,"href":"https:\/\/eurecat.org\/es\/wp-json\/wp\/v2\/categories?post=122444"},{"taxonomy":"post_tag","embeddable":true,"href":"https:\/\/eurecat.org\/es\/wp-json\/wp\/v2\/tags?post=122444"}],"curies":[{"name":"wp","href":"https:\/\/api.w.org\/{rel}","templated":true}]}}