{"id":122600,"date":"2022-04-28T11:46:30","date_gmt":"2022-04-28T10:46:30","guid":{"rendered":"https:\/\/eurecat.org\/?p=122600"},"modified":"2022-04-28T11:56:34","modified_gmt":"2022-04-28T10:56:34","slug":"jordi-palmiola-las-empresas-deben-tomar-conciencia-de-que-no-pueden-perder-el-tren-de-la-industria-4-0","status":"publish","type":"post","link":"https:\/\/eurecat.org\/es\/jordi-palmiola-las-empresas-deben-tomar-conciencia-de-que-no-pueden-perder-el-tren-de-la-industria-4-0\/","title":{"rendered":"Jordi Palmiola: \u00abLas empresas deben tomar conciencia de que no pueden perder el tren de la industria 4.0\u201d"},"content":{"rendered":"<p><strong><img decoding=\"async\" class=\"wp-image-122608 size-fusion-200 alignleft\" src=\"https:\/\/eurecat.org\/wp-content\/uploads\/2022\/04\/JORDI-PALMIOLA_low-1-200x267.jpg\" alt=\"\" width=\"200\" height=\"267\" srcset=\"https:\/\/eurecat.org\/wp-content\/uploads\/2022\/04\/JORDI-PALMIOLA_low-1-200x267.jpg 200w, https:\/\/eurecat.org\/wp-content\/uploads\/2022\/04\/JORDI-PALMIOLA_low-1-225x300.jpg 225w, https:\/\/eurecat.org\/wp-content\/uploads\/2022\/04\/JORDI-PALMIOLA_low-1-300x400.jpg 300w, https:\/\/eurecat.org\/wp-content\/uploads\/2022\/04\/JORDI-PALMIOLA_low-1-400x533.jpg 400w, https:\/\/eurecat.org\/wp-content\/uploads\/2022\/04\/JORDI-PALMIOLA_low-1.jpg 496w\" sizes=\"(max-width: 200px) 100vw, 200px\" \/><\/strong><\/p>\n<p>La industria 4.0 comporta una transformaci\u00f3n de los procesos productivos, de los productos y de los modelos de negocio para las empresas de todos los tama\u00f1os y sectores, aumentando la eficiencia, flexibilidad y sostenibilidad de los sistemas de producci\u00f3n y facilitando la personalizaci\u00f3n de los productos. As\u00ed lo explica en esta entrevista <strong>Jordi Palmiola<\/strong>, experto en industria 4.0 de Eurecat, que subraya que la industria 4.0 ha hecho entrar de repente en las f\u00e1bricas casi una decena de nuevas tecnolog\u00edas que cambian el paradigma tradicional e insiste en la importancia que las empresas , especialmente las pymes, tomen conciencia de que no pueden perder ese tren.<\/p>\n<p><strong>\u00bfQu\u00e9 es la industria 4.0?<\/strong><br \/>\nLa industria 4.0 consiste en la digitalizaci\u00f3n de las f\u00e1bricas y supone un cambio de paradigma en la forma en que se dise\u00f1an y fabrican los productos. Engloba una serie de tecnolog\u00edas como el Internet de las Cosas, la Inteligencia Artificial, el Big Data, la nube, la realidad aumentada, la rob\u00f3tica, la impresi\u00f3n 3D o la ciberseguridad que convergen y crean sinergias entre ellas. Conlleva una transformaci\u00f3n de los procesos productivos, de los productos y de los modelos de negocio y permite realizar sistemas de producci\u00f3n m\u00e1s eficientes, flexibles y sostenibles, as\u00ed como personalizar los productos.<\/p>\n<p><strong>\u00bfQu\u00e9 sectores son un referente en industria 4.0 y cu\u00e1l es la situaci\u00f3n de la industria en este momento hacia ese cambio de paradigma?<\/strong><br \/>\nLa industria 4.0 es muy transversal y afecta a muchos sectores. El sector de la automoci\u00f3n ha sido uno de los pioneros, pero tambi\u00e9n destacan el metal\u00fargico, el de la transformaci\u00f3n de metales, el de alimentaci\u00f3n, el de la log\u00edstica y el de fabricaci\u00f3n de maquinaria y bienes de equipo. En Catalu\u00f1a, podemos encontrar tanto grandes empresas como pymes en varios estadios de madurez. Hay empresas que hace tiempo que han puesto en marcha el proceso de transformaci\u00f3n digital y hay otras que est\u00e1n en una fase muy inicial. Respecto a proveedores de tecnolog\u00edas de industria 4.0, Catalu\u00f1a cuenta con un ecosistema bastante completo, tanto en empresas como centros tecnol\u00f3gicos y universidades.<\/p>\n<p><strong>\u00bfQu\u00e9 deben hacer las empresas, especialmente las pymes, para avanzar en la industria 4.0?<\/strong><br \/>\nPrimero es necesario que tomen conciencia de que no pueden perder el tren de la industria 4.0. La transformaci\u00f3n digital afecta a los productos, a todos los departamentos de la empresa y a la f\u00e1brica, a las relaciones con el ecosistema, como clientes, proveedores o socios, y tambi\u00e9n es necesario prever la organizaci\u00f3n para gestionar el cambio y las necesidades de talento . Por tanto, es conveniente que empiecen elaborando un plan de transformaci\u00f3n digital donde se tengan en cuenta todos los aspectos y se identifiquen unas acciones, se prioricen y se pongan en un calendario. Desde Eurecat, hace ya unos a\u00f1os que hacemos planes de transformaci\u00f3n digital para empresas en sectores muy diferentes, que han permitido a m\u00e1s de 200 pymes identificar nuevas oportunidades y nuevos modelos de negocio.<\/p>\n<p><strong>\u00bfLos profesionales, los equipos, est\u00e1n preparados para la industria 4.0?<\/strong><br \/>\nLa industria 4.0 representa un cambio en la forma de funcionar de las empresas y tambi\u00e9n en las habilidades de los equipos. Las empresas tendr\u00e1n que incorporar nuevo talento y tambi\u00e9n formar el propio equipo. En esta l\u00ednea, en Eurecat hace a\u00f1os que facilitamos la formaci\u00f3n para que los equipos de las empresas se puedan adaptar a las nuevas tecnolog\u00edas. La irrupci\u00f3n de la industria 4.0 ha hecho entrar de repente casi una decena de nuevas tecnolog\u00edas que cambian el paradigma tradicional de la industria. En este marco, la formaci\u00f3n continua juega un papel muy importante en esta transici\u00f3n. La transici\u00f3n digital tambi\u00e9n pasa por las habilidades soft aplicadas en la industria; las skills 4.0, como el liderazgo, el trabajo en equipo, la creatividad o la adaptabilidad a los cambios. La tecnolog\u00eda debe ir acompa\u00f1ada del factor humano. En Eurecat, a menudo hablamos de transformaci\u00f3n competencial y actitudinal de las personas. En esta l\u00ednea, en Europa ya se habla de Industria 5.0, que pone a las personas en el centro de la industria.<\/p>\n<p><strong>\u00bfC\u00f3mo podr\u00edan resumirse los retos de la industria actual? \u00bfCu\u00e1les son las perspectivas m\u00e1s inminentes?<\/strong><br \/>\nEl reto de la industria actual es la doble transici\u00f3n hacia la digitalizaci\u00f3n y la sostenibilidad. Por eso, es fundamental que exista un ecosistema innovador, porque no es un camino que las empresas puedan recorrer solas. Y aqu\u00ed es d\u00f3nde Eurecat puede ser un gran aliado para acompa\u00f1arlas en la incorporaci\u00f3n de nuevas soluciones tecnol\u00f3gicas con eficacia, solvencia y seguridad.<\/p>\n","protected":false},"excerpt":{"rendered":"<p>La industria 4.0 comporta una transformaci\u00f3n de los procesos productivos, de los productos y de los modelos de negocio para las empresas de todos los tama\u00f1os y sectores, aumentando la eficiencia, flexibilidad y sostenibilidad de los sistemas de producci\u00f3n y facilitando la personalizaci\u00f3n de los productos. As\u00ed lo explica en esta entrevista Jordi Palmiola, experto  [&#8230;]<\/p>\n","protected":false},"author":20,"featured_media":122607,"comment_status":"closed","ping_status":"closed","sticky":false,"template":"","format":"standard","meta":{"footnotes":""},"categories":[133,2275,412],"tags":[],"class_list":["post-122600","post","type-post","status-publish","format-standard","has-post-thumbnail","hentry","category-blog","category-industrias-culturales-y-creativas","category-tecnologias-audiovisuales"],"yoast_head":"<!-- This site is optimized with the Yoast SEO plugin v27.4 - https:\/\/yoast.com\/product\/yoast-seo-wordpress\/ -->\n<title>Jordi Palmiola: &quot;Las empresas deben tomar conciencia de que no pueden perder el tren de la industria 4.0\u201d - Eurecat<\/title>\n<meta name=\"description\" content=\"La industria 4.0 ha hecho entrar de repente en las f\u00e1bricas casi una decena de nuevas tecnolog\u00edas que cambian el paradigma tradicional\" \/>\n<meta name=\"robots\" content=\"index, follow, max-snippet:-1, max-image-preview:large, max-video-preview:-1\" \/>\n<link rel=\"canonical\" href=\"https:\/\/eurecat.org\/es\/jordi-palmiola-las-empresas-deben-tomar-conciencia-de-que-no-pueden-perder-el-tren-de-la-industria-4-0\/\" \/>\n<meta property=\"og:locale\" content=\"es_ES\" \/>\n<meta property=\"og:type\" content=\"article\" \/>\n<meta property=\"og:title\" content=\"Jordi Palmiola: &quot;Las empresas deben tomar conciencia de que no pueden perder el tren de la industria 4.0\u201d - Eurecat\" \/>\n<meta property=\"og:description\" content=\"La industria 4.0 ha hecho entrar de repente en las f\u00e1bricas casi una decena de nuevas tecnolog\u00edas que cambian el paradigma tradicional\" \/>\n<meta property=\"og:url\" content=\"https:\/\/eurecat.org\/es\/jordi-palmiola-las-empresas-deben-tomar-conciencia-de-que-no-pueden-perder-el-tren-de-la-industria-4-0\/\" \/>\n<meta property=\"og:site_name\" content=\"Eurecat\" \/>\n<meta property=\"article:published_time\" content=\"2022-04-28T10:46:30+00:00\" \/>\n<meta property=\"article:modified_time\" content=\"2022-04-28T10:56:34+00:00\" \/>\n<meta property=\"og:image\" content=\"https:\/\/eurecat.org\/wp-content\/uploads\/2022\/04\/JORDI-PALMIOLA_retall.jpg\" \/>\n\t<meta property=\"og:image:width\" content=\"496\" \/>\n\t<meta property=\"og:image:height\" content=\"337\" \/>\n\t<meta property=\"og:image:type\" content=\"image\/jpeg\" \/>\n<meta name=\"author\" content=\"EurecatEQZ\" \/>\n<meta name=\"twitter:card\" content=\"summary_large_image\" \/>\n<meta name=\"twitter:label1\" content=\"Escrito por\" \/>\n\t<meta name=\"twitter:data1\" content=\"EurecatEQZ\" \/>\n\t<meta name=\"twitter:label2\" content=\"Tiempo de lectura\" \/>\n\t<meta name=\"twitter:data2\" content=\"5 minutos\" \/>\n<script type=\"application\/ld+json\" class=\"yoast-schema-graph\">{\"@context\":\"https:\\\/\\\/schema.org\",\"@graph\":[{\"@type\":\"Article\",\"@id\":\"https:\\\/\\\/eurecat.org\\\/es\\\/jordi-palmiola-las-empresas-deben-tomar-conciencia-de-que-no-pueden-perder-el-tren-de-la-industria-4-0\\\/#article\",\"isPartOf\":{\"@id\":\"https:\\\/\\\/eurecat.org\\\/es\\\/jordi-palmiola-las-empresas-deben-tomar-conciencia-de-que-no-pueden-perder-el-tren-de-la-industria-4-0\\\/\"},\"author\":{\"name\":\"EurecatEQZ\",\"@id\":\"https:\\\/\\\/eurecat.org\\\/es\\\/#\\\/schema\\\/person\\\/99d4d39712001e7621b6867b27b40bed\"},\"headline\":\"Jordi Palmiola: \u00abLas empresas deben tomar conciencia de que no pueden perder el tren de la industria 4.0\u201d\",\"datePublished\":\"2022-04-28T10:46:30+00:00\",\"dateModified\":\"2022-04-28T10:56:34+00:00\",\"mainEntityOfPage\":{\"@id\":\"https:\\\/\\\/eurecat.org\\\/es\\\/jordi-palmiola-las-empresas-deben-tomar-conciencia-de-que-no-pueden-perder-el-tren-de-la-industria-4-0\\\/\"},\"wordCount\":810,\"image\":{\"@id\":\"https:\\\/\\\/eurecat.org\\\/es\\\/jordi-palmiola-las-empresas-deben-tomar-conciencia-de-que-no-pueden-perder-el-tren-de-la-industria-4-0\\\/#primaryimage\"},\"thumbnailUrl\":\"https:\\\/\\\/eurecat.org\\\/wp-content\\\/uploads\\\/2022\\\/04\\\/JORDI-PALMIOLA_retall.jpg\",\"articleSection\":[\"Blog\",\"Industrias Culturales y Creativas\",\"Tecnolog\u00edas Audiovisuales\"],\"inLanguage\":\"es\"},{\"@type\":\"WebPage\",\"@id\":\"https:\\\/\\\/eurecat.org\\\/es\\\/jordi-palmiola-las-empresas-deben-tomar-conciencia-de-que-no-pueden-perder-el-tren-de-la-industria-4-0\\\/\",\"url\":\"https:\\\/\\\/eurecat.org\\\/es\\\/jordi-palmiola-las-empresas-deben-tomar-conciencia-de-que-no-pueden-perder-el-tren-de-la-industria-4-0\\\/\",\"name\":\"Jordi Palmiola: \\\"Las empresas deben tomar conciencia de que no pueden perder el tren de la industria 4.0\u201d - Eurecat\",\"isPartOf\":{\"@id\":\"https:\\\/\\\/eurecat.org\\\/es\\\/#website\"},\"primaryImageOfPage\":{\"@id\":\"https:\\\/\\\/eurecat.org\\\/es\\\/jordi-palmiola-las-empresas-deben-tomar-conciencia-de-que-no-pueden-perder-el-tren-de-la-industria-4-0\\\/#primaryimage\"},\"image\":{\"@id\":\"https:\\\/\\\/eurecat.org\\\/es\\\/jordi-palmiola-las-empresas-deben-tomar-conciencia-de-que-no-pueden-perder-el-tren-de-la-industria-4-0\\\/#primaryimage\"},\"thumbnailUrl\":\"https:\\\/\\\/eurecat.org\\\/wp-content\\\/uploads\\\/2022\\\/04\\\/JORDI-PALMIOLA_retall.jpg\",\"datePublished\":\"2022-04-28T10:46:30+00:00\",\"dateModified\":\"2022-04-28T10:56:34+00:00\",\"author\":{\"@id\":\"https:\\\/\\\/eurecat.org\\\/es\\\/#\\\/schema\\\/person\\\/99d4d39712001e7621b6867b27b40bed\"},\"description\":\"La industria 4.0 ha hecho entrar de repente en las f\u00e1bricas casi una decena de nuevas tecnolog\u00edas que cambian el paradigma tradicional\",\"breadcrumb\":{\"@id\":\"https:\\\/\\\/eurecat.org\\\/es\\\/jordi-palmiola-las-empresas-deben-tomar-conciencia-de-que-no-pueden-perder-el-tren-de-la-industria-4-0\\\/#breadcrumb\"},\"inLanguage\":\"es\",\"potentialAction\":[{\"@type\":\"ReadAction\",\"target\":[\"https:\\\/\\\/eurecat.org\\\/es\\\/jordi-palmiola-las-empresas-deben-tomar-conciencia-de-que-no-pueden-perder-el-tren-de-la-industria-4-0\\\/\"]}]},{\"@type\":\"ImageObject\",\"inLanguage\":\"es\",\"@id\":\"https:\\\/\\\/eurecat.org\\\/es\\\/jordi-palmiola-las-empresas-deben-tomar-conciencia-de-que-no-pueden-perder-el-tren-de-la-industria-4-0\\\/#primaryimage\",\"url\":\"https:\\\/\\\/eurecat.org\\\/wp-content\\\/uploads\\\/2022\\\/04\\\/JORDI-PALMIOLA_retall.jpg\",\"contentUrl\":\"https:\\\/\\\/eurecat.org\\\/wp-content\\\/uploads\\\/2022\\\/04\\\/JORDI-PALMIOLA_retall.jpg\",\"width\":496,\"height\":337},{\"@type\":\"BreadcrumbList\",\"@id\":\"https:\\\/\\\/eurecat.org\\\/es\\\/jordi-palmiola-las-empresas-deben-tomar-conciencia-de-que-no-pueden-perder-el-tren-de-la-industria-4-0\\\/#breadcrumb\",\"itemListElement\":[{\"@type\":\"ListItem\",\"position\":1,\"name\":\"Inici\",\"item\":\"https:\\\/\\\/eurecat.org\\\/es\\\/\"},{\"@type\":\"ListItem\",\"position\":2,\"name\":\"Jordi Palmiola: &#8220;Las empresas deben tomar conciencia de que no pueden perder el tren de la industria 4.0\u201d\"}]},{\"@type\":\"WebSite\",\"@id\":\"https:\\\/\\\/eurecat.org\\\/es\\\/#website\",\"url\":\"https:\\\/\\\/eurecat.org\\\/es\\\/\",\"name\":\"Eurecat\",\"description\":\"Otro sitio realizado con WordPress\",\"potentialAction\":[{\"@type\":\"SearchAction\",\"target\":{\"@type\":\"EntryPoint\",\"urlTemplate\":\"https:\\\/\\\/eurecat.org\\\/es\\\/?s={search_term_string}\"},\"query-input\":{\"@type\":\"PropertyValueSpecification\",\"valueRequired\":true,\"valueName\":\"search_term_string\"}}],\"inLanguage\":\"es\"},{\"@type\":\"Person\",\"@id\":\"https:\\\/\\\/eurecat.org\\\/es\\\/#\\\/schema\\\/person\\\/99d4d39712001e7621b6867b27b40bed\",\"name\":\"EurecatEQZ\",\"image\":{\"@type\":\"ImageObject\",\"inLanguage\":\"es\",\"@id\":\"https:\\\/\\\/secure.gravatar.com\\\/avatar\\\/6deb26ca61bcc34263c59cc62bb8b08ff90b67af7f99943babf5d86396845993?s=96&d=mm&r=g\",\"url\":\"https:\\\/\\\/secure.gravatar.com\\\/avatar\\\/6deb26ca61bcc34263c59cc62bb8b08ff90b67af7f99943babf5d86396845993?s=96&d=mm&r=g\",\"contentUrl\":\"https:\\\/\\\/secure.gravatar.com\\\/avatar\\\/6deb26ca61bcc34263c59cc62bb8b08ff90b67af7f99943babf5d86396845993?s=96&d=mm&r=g\",\"caption\":\"EurecatEQZ\"}}]}<\/script>\n<!-- \/ Yoast SEO plugin. -->","yoast_head_json":{"title":"Jordi Palmiola: \"Las empresas deben tomar conciencia de que no pueden perder el tren de la industria 4.0\u201d - Eurecat","description":"La industria 4.0 ha hecho entrar de repente en las f\u00e1bricas casi una decena de nuevas tecnolog\u00edas que cambian el paradigma tradicional","robots":{"index":"index","follow":"follow","max-snippet":"max-snippet:-1","max-image-preview":"max-image-preview:large","max-video-preview":"max-video-preview:-1"},"canonical":"https:\/\/eurecat.org\/es\/jordi-palmiola-las-empresas-deben-tomar-conciencia-de-que-no-pueden-perder-el-tren-de-la-industria-4-0\/","og_locale":"es_ES","og_type":"article","og_title":"Jordi Palmiola: \"Las empresas deben tomar conciencia de que no pueden perder el tren de la industria 4.0\u201d - Eurecat","og_description":"La industria 4.0 ha hecho entrar de repente en las f\u00e1bricas casi una decena de nuevas tecnolog\u00edas que cambian el paradigma tradicional","og_url":"https:\/\/eurecat.org\/es\/jordi-palmiola-las-empresas-deben-tomar-conciencia-de-que-no-pueden-perder-el-tren-de-la-industria-4-0\/","og_site_name":"Eurecat","article_published_time":"2022-04-28T10:46:30+00:00","article_modified_time":"2022-04-28T10:56:34+00:00","og_image":[{"width":496,"height":337,"url":"https:\/\/eurecat.org\/wp-content\/uploads\/2022\/04\/JORDI-PALMIOLA_retall.jpg","type":"image\/jpeg"}],"author":"EurecatEQZ","twitter_card":"summary_large_image","twitter_misc":{"Escrito por":"EurecatEQZ","Tiempo de lectura":"5 minutos"},"schema":{"@context":"https:\/\/schema.org","@graph":[{"@type":"Article","@id":"https:\/\/eurecat.org\/es\/jordi-palmiola-las-empresas-deben-tomar-conciencia-de-que-no-pueden-perder-el-tren-de-la-industria-4-0\/#article","isPartOf":{"@id":"https:\/\/eurecat.org\/es\/jordi-palmiola-las-empresas-deben-tomar-conciencia-de-que-no-pueden-perder-el-tren-de-la-industria-4-0\/"},"author":{"name":"EurecatEQZ","@id":"https:\/\/eurecat.org\/es\/#\/schema\/person\/99d4d39712001e7621b6867b27b40bed"},"headline":"Jordi Palmiola: \u00abLas empresas deben tomar conciencia de que no pueden perder el tren de la industria 4.0\u201d","datePublished":"2022-04-28T10:46:30+00:00","dateModified":"2022-04-28T10:56:34+00:00","mainEntityOfPage":{"@id":"https:\/\/eurecat.org\/es\/jordi-palmiola-las-empresas-deben-tomar-conciencia-de-que-no-pueden-perder-el-tren-de-la-industria-4-0\/"},"wordCount":810,"image":{"@id":"https:\/\/eurecat.org\/es\/jordi-palmiola-las-empresas-deben-tomar-conciencia-de-que-no-pueden-perder-el-tren-de-la-industria-4-0\/#primaryimage"},"thumbnailUrl":"https:\/\/eurecat.org\/wp-content\/uploads\/2022\/04\/JORDI-PALMIOLA_retall.jpg","articleSection":["Blog","Industrias Culturales y Creativas","Tecnolog\u00edas Audiovisuales"],"inLanguage":"es"},{"@type":"WebPage","@id":"https:\/\/eurecat.org\/es\/jordi-palmiola-las-empresas-deben-tomar-conciencia-de-que-no-pueden-perder-el-tren-de-la-industria-4-0\/","url":"https:\/\/eurecat.org\/es\/jordi-palmiola-las-empresas-deben-tomar-conciencia-de-que-no-pueden-perder-el-tren-de-la-industria-4-0\/","name":"Jordi Palmiola: \"Las empresas deben tomar conciencia de que no pueden perder el tren de la industria 4.0\u201d - Eurecat","isPartOf":{"@id":"https:\/\/eurecat.org\/es\/#website"},"primaryImageOfPage":{"@id":"https:\/\/eurecat.org\/es\/jordi-palmiola-las-empresas-deben-tomar-conciencia-de-que-no-pueden-perder-el-tren-de-la-industria-4-0\/#primaryimage"},"image":{"@id":"https:\/\/eurecat.org\/es\/jordi-palmiola-las-empresas-deben-tomar-conciencia-de-que-no-pueden-perder-el-tren-de-la-industria-4-0\/#primaryimage"},"thumbnailUrl":"https:\/\/eurecat.org\/wp-content\/uploads\/2022\/04\/JORDI-PALMIOLA_retall.jpg","datePublished":"2022-04-28T10:46:30+00:00","dateModified":"2022-04-28T10:56:34+00:00","author":{"@id":"https:\/\/eurecat.org\/es\/#\/schema\/person\/99d4d39712001e7621b6867b27b40bed"},"description":"La industria 4.0 ha hecho entrar de repente en las f\u00e1bricas casi una decena de nuevas tecnolog\u00edas que cambian el paradigma tradicional","breadcrumb":{"@id":"https:\/\/eurecat.org\/es\/jordi-palmiola-las-empresas-deben-tomar-conciencia-de-que-no-pueden-perder-el-tren-de-la-industria-4-0\/#breadcrumb"},"inLanguage":"es","potentialAction":[{"@type":"ReadAction","target":["https:\/\/eurecat.org\/es\/jordi-palmiola-las-empresas-deben-tomar-conciencia-de-que-no-pueden-perder-el-tren-de-la-industria-4-0\/"]}]},{"@type":"ImageObject","inLanguage":"es","@id":"https:\/\/eurecat.org\/es\/jordi-palmiola-las-empresas-deben-tomar-conciencia-de-que-no-pueden-perder-el-tren-de-la-industria-4-0\/#primaryimage","url":"https:\/\/eurecat.org\/wp-content\/uploads\/2022\/04\/JORDI-PALMIOLA_retall.jpg","contentUrl":"https:\/\/eurecat.org\/wp-content\/uploads\/2022\/04\/JORDI-PALMIOLA_retall.jpg","width":496,"height":337},{"@type":"BreadcrumbList","@id":"https:\/\/eurecat.org\/es\/jordi-palmiola-las-empresas-deben-tomar-conciencia-de-que-no-pueden-perder-el-tren-de-la-industria-4-0\/#breadcrumb","itemListElement":[{"@type":"ListItem","position":1,"name":"Inici","item":"https:\/\/eurecat.org\/es\/"},{"@type":"ListItem","position":2,"name":"Jordi Palmiola: &#8220;Las empresas deben tomar conciencia de que no pueden perder el tren de la industria 4.0\u201d"}]},{"@type":"WebSite","@id":"https:\/\/eurecat.org\/es\/#website","url":"https:\/\/eurecat.org\/es\/","name":"Eurecat","description":"Otro sitio realizado con WordPress","potentialAction":[{"@type":"SearchAction","target":{"@type":"EntryPoint","urlTemplate":"https:\/\/eurecat.org\/es\/?s={search_term_string}"},"query-input":{"@type":"PropertyValueSpecification","valueRequired":true,"valueName":"search_term_string"}}],"inLanguage":"es"},{"@type":"Person","@id":"https:\/\/eurecat.org\/es\/#\/schema\/person\/99d4d39712001e7621b6867b27b40bed","name":"EurecatEQZ","image":{"@type":"ImageObject","inLanguage":"es","@id":"https:\/\/secure.gravatar.com\/avatar\/6deb26ca61bcc34263c59cc62bb8b08ff90b67af7f99943babf5d86396845993?s=96&d=mm&r=g","url":"https:\/\/secure.gravatar.com\/avatar\/6deb26ca61bcc34263c59cc62bb8b08ff90b67af7f99943babf5d86396845993?s=96&d=mm&r=g","contentUrl":"https:\/\/secure.gravatar.com\/avatar\/6deb26ca61bcc34263c59cc62bb8b08ff90b67af7f99943babf5d86396845993?s=96&d=mm&r=g","caption":"EurecatEQZ"}}]}},"_links":{"self":[{"href":"https:\/\/eurecat.org\/es\/wp-json\/wp\/v2\/posts\/122600","targetHints":{"allow":["GET"]}}],"collection":[{"href":"https:\/\/eurecat.org\/es\/wp-json\/wp\/v2\/posts"}],"about":[{"href":"https:\/\/eurecat.org\/es\/wp-json\/wp\/v2\/types\/post"}],"author":[{"embeddable":true,"href":"https:\/\/eurecat.org\/es\/wp-json\/wp\/v2\/users\/20"}],"replies":[{"embeddable":true,"href":"https:\/\/eurecat.org\/es\/wp-json\/wp\/v2\/comments?post=122600"}],"version-history":[{"count":0,"href":"https:\/\/eurecat.org\/es\/wp-json\/wp\/v2\/posts\/122600\/revisions"}],"wp:featuredmedia":[{"embeddable":true,"href":"https:\/\/eurecat.org\/es\/wp-json\/wp\/v2\/media\/122607"}],"wp:attachment":[{"href":"https:\/\/eurecat.org\/es\/wp-json\/wp\/v2\/media?parent=122600"}],"wp:term":[{"taxonomy":"category","embeddable":true,"href":"https:\/\/eurecat.org\/es\/wp-json\/wp\/v2\/categories?post=122600"},{"taxonomy":"post_tag","embeddable":true,"href":"https:\/\/eurecat.org\/es\/wp-json\/wp\/v2\/tags?post=122600"}],"curies":[{"name":"wp","href":"https:\/\/api.w.org\/{rel}","templated":true}]}}