{"id":122741,"date":"2022-05-02T13:09:19","date_gmt":"2022-05-02T12:09:19","guid":{"rendered":"https:\/\/eurecat.org\/?p=122741"},"modified":"2022-05-02T13:16:09","modified_gmt":"2022-05-02T12:16:09","slug":"editorial_el-forum-turistic-10-anos-anticipando-tendencias-tecnologicas-claves-para-el-sector","status":"publish","type":"post","link":"https:\/\/eurecat.org\/es\/editorial_el-forum-turistic-10-anos-anticipando-tendencias-tecnologicas-claves-para-el-sector\/","title":{"rendered":"El Forum TurisTIC, 10 a\u00f1os anticipando tendencias tecnol\u00f3gicas claves para el sector"},"content":{"rendered":"<p><strong><img decoding=\"async\" class=\"alignleft wp-image-119582 size-medium\" src=\"https:\/\/eurecat.org\/wp-content\/uploads\/2022\/01\/XAVIER-TORRA_RETRAT09_low-2-300x201.jpg\" alt=\"\" width=\"300\" height=\"201\" srcset=\"https:\/\/eurecat.org\/wp-content\/uploads\/2022\/01\/XAVIER-TORRA_RETRAT09_low-2-200x134.jpg 200w, https:\/\/eurecat.org\/wp-content\/uploads\/2022\/01\/XAVIER-TORRA_RETRAT09_low-2-300x201.jpg 300w, https:\/\/eurecat.org\/wp-content\/uploads\/2022\/01\/XAVIER-TORRA_RETRAT09_low-2-400x268.jpg 400w, https:\/\/eurecat.org\/wp-content\/uploads\/2022\/01\/XAVIER-TORRA_RETRAT09_low-2-600x402.jpg 600w, https:\/\/eurecat.org\/wp-content\/uploads\/2022\/01\/XAVIER-TORRA_RETRAT09_low-2.jpg 709w\" sizes=\"(max-width: 300px) 100vw, 300px\" \/><\/strong><\/p>\n<p>El <strong>Forum TurisTIC<\/strong>, el evento de referencia en la aplicaci\u00f3n de las TIC en el sector tur\u00edstico, <strong>celebra el pr\u00f3ximo 10 de mayo su d\u00e9cima edici\u00f3n con un programa especial, que se centrar\u00e1 en las nuevas tecnolog\u00edas que fortalecen el sector tur\u00edstico<\/strong>. Con motivo de este d\u00e9cimo aniversario, buscamos situar el foco en una dimensi\u00f3n diferente a la de los a\u00f1os anteriores, profundizando no s\u00f3lo en las aportaciones que la tecnolog\u00eda puede desempe\u00f1ar en la din\u00e1mica tur\u00edstica, sino tambi\u00e9n en el papel que juegan en su propia transformaci\u00f3n y competitividad.<\/p>\n<p>Con este horizonte, propondremos un recorrido reflexivo por la evoluci\u00f3n del turismo, en un entorno en constante evoluci\u00f3n, al que est\u00e1is todos invitados. Los ejes se basar\u00e1n en el an\u00e1lisis de aspectos clave como el turismo sostenible y la digitalizaci\u00f3n, el impacto de las redes sociales y la tecnolog\u00eda aplicada al sector y veremos tambi\u00e9n las perspectivas que abren el metaverso, as\u00ed como los nuevos entornos y oportunidades de negocio que anticipa.<\/p>\n<p>Desde el punto de vista institucional, queremos compartir tambi\u00e9n nuestra satisfacci\u00f3n por la <strong>incorporaci\u00f3n al Patronato de Eurecat de las empresas Avinent, Lavinia y Noel<\/strong>, que nos aportan una visi\u00f3n y experiencia de gran valor en \u00e1mbitos vinculados con la innovaci\u00f3n tecnol\u00f3gica en las \u00e1reas de la fabricaci\u00f3n de equipamiento m\u00e9dico, de la comunicaci\u00f3n y los contenidos y de la alimentaci\u00f3n.<\/p>\n<p>En la entrevista, encontrar\u00e9is una interesante reflexi\u00f3n sobre el cambio de paradigma que comporta <strong>la industria 4.0<\/strong> en la transformaci\u00f3n de los procesos productivos, de los productos y de los modelos de negocio para las empresas de todos los tama\u00f1os y sectores, con especial atenci\u00f3n a las pymes , a partir de sistemas de producci\u00f3n m\u00e1s eficientes, flexibles, sostenibles y que faciliten la personalizaci\u00f3n. El reportaje lo dedicamos al proyecto <strong>Dantian<\/strong>, que estudia nuevos alimentos e ingredientes bioactivos que favorezcan el bienestar mental, mediante el conocimiento del mecanismo a nivel cognitivo y su relaci\u00f3n con la microbiota y la salud intestinal.<\/p>\n<p>Otros contenidos que hemos reunido en este newsletter abordan desde la renovaci\u00f3n de la pertenencia del <strong>Centro de Ciencias \u00d3micas<\/strong> en el Mapa de Infraestructuras Cient\u00edficas y T\u00e9cnicas Singulares e innovaciones en el campo de la alimentaci\u00f3n y de la nutrici\u00f3n de precisi\u00f3n, hasta una nueva soluci\u00f3n con la empresa <strong>Jansa<\/strong> para la automatizaci\u00f3n de los montajes en la construcci\u00f3n y un sistema de mantenimiento predictivo con la empresa <strong>Masats<\/strong> para anticipar errores en puertas y rampas de acceso al transporte p\u00fablico. Desde el plano de la sostenibilidad, le presentamos una nueva tecnolog\u00eda para la remediaci\u00f3n de suelos contaminados mediante hongos y una iniciativa para avanzar en la econom\u00eda circular en la esfera de las infraestructuras viarias, la ingenier\u00eda civil y la gesti\u00f3n de residuos. Esperamos que encuentre interesantes los contenidos que le proponemos y que nos reencontramos a partir de este mes de mayo, con la progresiva recuperaci\u00f3n de las citas presenciales y del programa de eventos de Eurecat para este a\u00f1o, que estrena el Forum TurisTIC.<\/p>\n<p><strong>Xavier Torra<br \/>\n<\/strong><strong>Presidente de Eurecat<\/strong><\/p>\n","protected":false},"excerpt":{"rendered":"<p>El Forum TurisTIC, el evento de referencia en la aplicaci\u00f3n de las TIC en el sector tur\u00edstico, celebra el pr\u00f3ximo 10 de mayo su d\u00e9cima edici\u00f3n con un programa especial, que se centrar\u00e1 en las nuevas tecnolog\u00edas que fortalecen el sector tur\u00edstico. Con motivo de este d\u00e9cimo aniversario, buscamos situar el foco en una dimensi\u00f3n  [&#8230;]<\/p>\n","protected":false},"author":20,"featured_media":119578,"comment_status":"closed","ping_status":"closed","sticky":false,"template":"","format":"standard","meta":{"footnotes":""},"categories":[133,2217],"tags":[],"class_list":["post-122741","post","type-post","status-publish","format-standard","has-post-thumbnail","hentry","category-blog","category-editorial"],"yoast_head":"<!-- This site is optimized with the Yoast SEO plugin v27.5 - https:\/\/yoast.com\/product\/yoast-seo-wordpress\/ -->\n<title>El Forum TurisTIC, 10 a\u00f1os anticipando tendencias tecnol\u00f3gicas claves para el sector - Eurecat<\/title>\n<meta name=\"description\" content=\"El Forum TurisTIC, el evento de referencia en la aplicaci\u00f3n de las TIC en el sector tur\u00edstico, celebra el pr\u00f3ximo 10 de mayo su d\u00e9cima edici\u00f3n con un programa especial, que se centrar\u00e1 en las nuevas tecnolog\u00edas que fortalecen el sector tur\u00edstico\" \/>\n<meta name=\"robots\" content=\"index, follow, max-snippet:-1, max-image-preview:large, max-video-preview:-1\" \/>\n<link rel=\"canonical\" href=\"https:\/\/eurecat.org\/es\/editorial_el-forum-turistic-10-anos-anticipando-tendencias-tecnologicas-claves-para-el-sector\/\" \/>\n<meta property=\"og:locale\" content=\"es_ES\" \/>\n<meta property=\"og:type\" content=\"article\" \/>\n<meta property=\"og:title\" content=\"El Forum TurisTIC, 10 a\u00f1os anticipando tendencias tecnol\u00f3gicas claves para el sector - Eurecat\" \/>\n<meta property=\"og:description\" content=\"El Forum TurisTIC, el evento de referencia en la aplicaci\u00f3n de las TIC en el sector tur\u00edstico, celebra el pr\u00f3ximo 10 de mayo su d\u00e9cima edici\u00f3n con un programa especial, que se centrar\u00e1 en las nuevas tecnolog\u00edas que fortalecen el sector tur\u00edstico\" \/>\n<meta property=\"og:url\" content=\"https:\/\/eurecat.org\/es\/editorial_el-forum-turistic-10-anos-anticipando-tendencias-tecnologicas-claves-para-el-sector\/\" \/>\n<meta property=\"og:site_name\" content=\"Eurecat\" \/>\n<meta property=\"article:published_time\" content=\"2022-05-02T12:09:19+00:00\" \/>\n<meta property=\"article:modified_time\" content=\"2022-05-02T12:16:09+00:00\" \/>\n<meta property=\"og:image\" content=\"https:\/\/eurecat.org\/wp-content\/uploads\/2022\/01\/XAVIER-TORRA_RETRAT09_low-1.jpg\" \/>\n\t<meta property=\"og:image:width\" content=\"709\" \/>\n\t<meta property=\"og:image:height\" content=\"475\" \/>\n\t<meta property=\"og:image:type\" content=\"image\/jpeg\" \/>\n<meta name=\"author\" content=\"EurecatEQZ\" \/>\n<meta name=\"twitter:card\" content=\"summary_large_image\" \/>\n<meta name=\"twitter:label1\" content=\"Escrito por\" \/>\n\t<meta name=\"twitter:data1\" content=\"EurecatEQZ\" \/>\n\t<meta name=\"twitter:label2\" content=\"Tiempo de lectura\" \/>\n\t<meta name=\"twitter:data2\" content=\"3 minutos\" \/>\n<script type=\"application\/ld+json\" class=\"yoast-schema-graph\">{\"@context\":\"https:\\\/\\\/schema.org\",\"@graph\":[{\"@type\":\"Article\",\"@id\":\"https:\\\/\\\/eurecat.org\\\/es\\\/editorial_el-forum-turistic-10-anos-anticipando-tendencias-tecnologicas-claves-para-el-sector\\\/#article\",\"isPartOf\":{\"@id\":\"https:\\\/\\\/eurecat.org\\\/es\\\/editorial_el-forum-turistic-10-anos-anticipando-tendencias-tecnologicas-claves-para-el-sector\\\/\"},\"author\":{\"name\":\"EurecatEQZ\",\"@id\":\"https:\\\/\\\/eurecat.org\\\/es\\\/#\\\/schema\\\/person\\\/99d4d39712001e7621b6867b27b40bed\"},\"headline\":\"El Forum TurisTIC, 10 a\u00f1os anticipando tendencias tecnol\u00f3gicas claves para el sector\",\"datePublished\":\"2022-05-02T12:09:19+00:00\",\"dateModified\":\"2022-05-02T12:16:09+00:00\",\"mainEntityOfPage\":{\"@id\":\"https:\\\/\\\/eurecat.org\\\/es\\\/editorial_el-forum-turistic-10-anos-anticipando-tendencias-tecnologicas-claves-para-el-sector\\\/\"},\"wordCount\":568,\"image\":{\"@id\":\"https:\\\/\\\/eurecat.org\\\/es\\\/editorial_el-forum-turistic-10-anos-anticipando-tendencias-tecnologicas-claves-para-el-sector\\\/#primaryimage\"},\"thumbnailUrl\":\"https:\\\/\\\/eurecat.org\\\/wp-content\\\/uploads\\\/2022\\\/01\\\/XAVIER-TORRA_RETRAT09_low-1.jpg\",\"articleSection\":[\"Blog\",\"Editorial\"],\"inLanguage\":\"es\"},{\"@type\":\"WebPage\",\"@id\":\"https:\\\/\\\/eurecat.org\\\/es\\\/editorial_el-forum-turistic-10-anos-anticipando-tendencias-tecnologicas-claves-para-el-sector\\\/\",\"url\":\"https:\\\/\\\/eurecat.org\\\/es\\\/editorial_el-forum-turistic-10-anos-anticipando-tendencias-tecnologicas-claves-para-el-sector\\\/\",\"name\":\"El Forum TurisTIC, 10 a\u00f1os anticipando tendencias tecnol\u00f3gicas claves para el sector - Eurecat\",\"isPartOf\":{\"@id\":\"https:\\\/\\\/eurecat.org\\\/es\\\/#website\"},\"primaryImageOfPage\":{\"@id\":\"https:\\\/\\\/eurecat.org\\\/es\\\/editorial_el-forum-turistic-10-anos-anticipando-tendencias-tecnologicas-claves-para-el-sector\\\/#primaryimage\"},\"image\":{\"@id\":\"https:\\\/\\\/eurecat.org\\\/es\\\/editorial_el-forum-turistic-10-anos-anticipando-tendencias-tecnologicas-claves-para-el-sector\\\/#primaryimage\"},\"thumbnailUrl\":\"https:\\\/\\\/eurecat.org\\\/wp-content\\\/uploads\\\/2022\\\/01\\\/XAVIER-TORRA_RETRAT09_low-1.jpg\",\"datePublished\":\"2022-05-02T12:09:19+00:00\",\"dateModified\":\"2022-05-02T12:16:09+00:00\",\"author\":{\"@id\":\"https:\\\/\\\/eurecat.org\\\/es\\\/#\\\/schema\\\/person\\\/99d4d39712001e7621b6867b27b40bed\"},\"description\":\"El Forum TurisTIC, el evento de referencia en la aplicaci\u00f3n de las TIC en el sector tur\u00edstico, celebra el pr\u00f3ximo 10 de mayo su d\u00e9cima edici\u00f3n con un programa especial, que se centrar\u00e1 en las nuevas tecnolog\u00edas que fortalecen el sector tur\u00edstico\",\"breadcrumb\":{\"@id\":\"https:\\\/\\\/eurecat.org\\\/es\\\/editorial_el-forum-turistic-10-anos-anticipando-tendencias-tecnologicas-claves-para-el-sector\\\/#breadcrumb\"},\"inLanguage\":\"es\",\"potentialAction\":[{\"@type\":\"ReadAction\",\"target\":[\"https:\\\/\\\/eurecat.org\\\/es\\\/editorial_el-forum-turistic-10-anos-anticipando-tendencias-tecnologicas-claves-para-el-sector\\\/\"]}]},{\"@type\":\"ImageObject\",\"inLanguage\":\"es\",\"@id\":\"https:\\\/\\\/eurecat.org\\\/es\\\/editorial_el-forum-turistic-10-anos-anticipando-tendencias-tecnologicas-claves-para-el-sector\\\/#primaryimage\",\"url\":\"https:\\\/\\\/eurecat.org\\\/wp-content\\\/uploads\\\/2022\\\/01\\\/XAVIER-TORRA_RETRAT09_low-1.jpg\",\"contentUrl\":\"https:\\\/\\\/eurecat.org\\\/wp-content\\\/uploads\\\/2022\\\/01\\\/XAVIER-TORRA_RETRAT09_low-1.jpg\",\"width\":709,\"height\":475},{\"@type\":\"BreadcrumbList\",\"@id\":\"https:\\\/\\\/eurecat.org\\\/es\\\/editorial_el-forum-turistic-10-anos-anticipando-tendencias-tecnologicas-claves-para-el-sector\\\/#breadcrumb\",\"itemListElement\":[{\"@type\":\"ListItem\",\"position\":1,\"name\":\"Inici\",\"item\":\"https:\\\/\\\/eurecat.org\\\/es\\\/\"},{\"@type\":\"ListItem\",\"position\":2,\"name\":\"El Forum TurisTIC, 10 a\u00f1os anticipando tendencias tecnol\u00f3gicas claves para el sector\"}]},{\"@type\":\"WebSite\",\"@id\":\"https:\\\/\\\/eurecat.org\\\/es\\\/#website\",\"url\":\"https:\\\/\\\/eurecat.org\\\/es\\\/\",\"name\":\"Eurecat\",\"description\":\"Otro sitio realizado con WordPress\",\"potentialAction\":[{\"@type\":\"SearchAction\",\"target\":{\"@type\":\"EntryPoint\",\"urlTemplate\":\"https:\\\/\\\/eurecat.org\\\/es\\\/?s={search_term_string}\"},\"query-input\":{\"@type\":\"PropertyValueSpecification\",\"valueRequired\":true,\"valueName\":\"search_term_string\"}}],\"inLanguage\":\"es\"},{\"@type\":\"Person\",\"@id\":\"https:\\\/\\\/eurecat.org\\\/es\\\/#\\\/schema\\\/person\\\/99d4d39712001e7621b6867b27b40bed\",\"name\":\"EurecatEQZ\",\"image\":{\"@type\":\"ImageObject\",\"inLanguage\":\"es\",\"@id\":\"https:\\\/\\\/secure.gravatar.com\\\/avatar\\\/6deb26ca61bcc34263c59cc62bb8b08ff90b67af7f99943babf5d86396845993?s=96&d=mm&r=g\",\"url\":\"https:\\\/\\\/secure.gravatar.com\\\/avatar\\\/6deb26ca61bcc34263c59cc62bb8b08ff90b67af7f99943babf5d86396845993?s=96&d=mm&r=g\",\"contentUrl\":\"https:\\\/\\\/secure.gravatar.com\\\/avatar\\\/6deb26ca61bcc34263c59cc62bb8b08ff90b67af7f99943babf5d86396845993?s=96&d=mm&r=g\",\"caption\":\"EurecatEQZ\"}}]}<\/script>\n<!-- \/ Yoast SEO plugin. -->","yoast_head_json":{"title":"El Forum TurisTIC, 10 a\u00f1os anticipando tendencias tecnol\u00f3gicas claves para el sector - Eurecat","description":"El Forum TurisTIC, el evento de referencia en la aplicaci\u00f3n de las TIC en el sector tur\u00edstico, celebra el pr\u00f3ximo 10 de mayo su d\u00e9cima edici\u00f3n con un programa especial, que se centrar\u00e1 en las nuevas tecnolog\u00edas que fortalecen el sector tur\u00edstico","robots":{"index":"index","follow":"follow","max-snippet":"max-snippet:-1","max-image-preview":"max-image-preview:large","max-video-preview":"max-video-preview:-1"},"canonical":"https:\/\/eurecat.org\/es\/editorial_el-forum-turistic-10-anos-anticipando-tendencias-tecnologicas-claves-para-el-sector\/","og_locale":"es_ES","og_type":"article","og_title":"El Forum TurisTIC, 10 a\u00f1os anticipando tendencias tecnol\u00f3gicas claves para el sector - Eurecat","og_description":"El Forum TurisTIC, el evento de referencia en la aplicaci\u00f3n de las TIC en el sector tur\u00edstico, celebra el pr\u00f3ximo 10 de mayo su d\u00e9cima edici\u00f3n con un programa especial, que se centrar\u00e1 en las nuevas tecnolog\u00edas que fortalecen el sector tur\u00edstico","og_url":"https:\/\/eurecat.org\/es\/editorial_el-forum-turistic-10-anos-anticipando-tendencias-tecnologicas-claves-para-el-sector\/","og_site_name":"Eurecat","article_published_time":"2022-05-02T12:09:19+00:00","article_modified_time":"2022-05-02T12:16:09+00:00","og_image":[{"width":709,"height":475,"url":"https:\/\/eurecat.org\/wp-content\/uploads\/2022\/01\/XAVIER-TORRA_RETRAT09_low-1.jpg","type":"image\/jpeg"}],"author":"EurecatEQZ","twitter_card":"summary_large_image","twitter_misc":{"Escrito por":"EurecatEQZ","Tiempo de lectura":"3 minutos"},"schema":{"@context":"https:\/\/schema.org","@graph":[{"@type":"Article","@id":"https:\/\/eurecat.org\/es\/editorial_el-forum-turistic-10-anos-anticipando-tendencias-tecnologicas-claves-para-el-sector\/#article","isPartOf":{"@id":"https:\/\/eurecat.org\/es\/editorial_el-forum-turistic-10-anos-anticipando-tendencias-tecnologicas-claves-para-el-sector\/"},"author":{"name":"EurecatEQZ","@id":"https:\/\/eurecat.org\/es\/#\/schema\/person\/99d4d39712001e7621b6867b27b40bed"},"headline":"El Forum TurisTIC, 10 a\u00f1os anticipando tendencias tecnol\u00f3gicas claves para el sector","datePublished":"2022-05-02T12:09:19+00:00","dateModified":"2022-05-02T12:16:09+00:00","mainEntityOfPage":{"@id":"https:\/\/eurecat.org\/es\/editorial_el-forum-turistic-10-anos-anticipando-tendencias-tecnologicas-claves-para-el-sector\/"},"wordCount":568,"image":{"@id":"https:\/\/eurecat.org\/es\/editorial_el-forum-turistic-10-anos-anticipando-tendencias-tecnologicas-claves-para-el-sector\/#primaryimage"},"thumbnailUrl":"https:\/\/eurecat.org\/wp-content\/uploads\/2022\/01\/XAVIER-TORRA_RETRAT09_low-1.jpg","articleSection":["Blog","Editorial"],"inLanguage":"es"},{"@type":"WebPage","@id":"https:\/\/eurecat.org\/es\/editorial_el-forum-turistic-10-anos-anticipando-tendencias-tecnologicas-claves-para-el-sector\/","url":"https:\/\/eurecat.org\/es\/editorial_el-forum-turistic-10-anos-anticipando-tendencias-tecnologicas-claves-para-el-sector\/","name":"El Forum TurisTIC, 10 a\u00f1os anticipando tendencias tecnol\u00f3gicas claves para el sector - Eurecat","isPartOf":{"@id":"https:\/\/eurecat.org\/es\/#website"},"primaryImageOfPage":{"@id":"https:\/\/eurecat.org\/es\/editorial_el-forum-turistic-10-anos-anticipando-tendencias-tecnologicas-claves-para-el-sector\/#primaryimage"},"image":{"@id":"https:\/\/eurecat.org\/es\/editorial_el-forum-turistic-10-anos-anticipando-tendencias-tecnologicas-claves-para-el-sector\/#primaryimage"},"thumbnailUrl":"https:\/\/eurecat.org\/wp-content\/uploads\/2022\/01\/XAVIER-TORRA_RETRAT09_low-1.jpg","datePublished":"2022-05-02T12:09:19+00:00","dateModified":"2022-05-02T12:16:09+00:00","author":{"@id":"https:\/\/eurecat.org\/es\/#\/schema\/person\/99d4d39712001e7621b6867b27b40bed"},"description":"El Forum TurisTIC, el evento de referencia en la aplicaci\u00f3n de las TIC en el sector tur\u00edstico, celebra el pr\u00f3ximo 10 de mayo su d\u00e9cima edici\u00f3n con un programa especial, que se centrar\u00e1 en las nuevas tecnolog\u00edas que fortalecen el sector tur\u00edstico","breadcrumb":{"@id":"https:\/\/eurecat.org\/es\/editorial_el-forum-turistic-10-anos-anticipando-tendencias-tecnologicas-claves-para-el-sector\/#breadcrumb"},"inLanguage":"es","potentialAction":[{"@type":"ReadAction","target":["https:\/\/eurecat.org\/es\/editorial_el-forum-turistic-10-anos-anticipando-tendencias-tecnologicas-claves-para-el-sector\/"]}]},{"@type":"ImageObject","inLanguage":"es","@id":"https:\/\/eurecat.org\/es\/editorial_el-forum-turistic-10-anos-anticipando-tendencias-tecnologicas-claves-para-el-sector\/#primaryimage","url":"https:\/\/eurecat.org\/wp-content\/uploads\/2022\/01\/XAVIER-TORRA_RETRAT09_low-1.jpg","contentUrl":"https:\/\/eurecat.org\/wp-content\/uploads\/2022\/01\/XAVIER-TORRA_RETRAT09_low-1.jpg","width":709,"height":475},{"@type":"BreadcrumbList","@id":"https:\/\/eurecat.org\/es\/editorial_el-forum-turistic-10-anos-anticipando-tendencias-tecnologicas-claves-para-el-sector\/#breadcrumb","itemListElement":[{"@type":"ListItem","position":1,"name":"Inici","item":"https:\/\/eurecat.org\/es\/"},{"@type":"ListItem","position":2,"name":"El Forum TurisTIC, 10 a\u00f1os anticipando tendencias tecnol\u00f3gicas claves para el sector"}]},{"@type":"WebSite","@id":"https:\/\/eurecat.org\/es\/#website","url":"https:\/\/eurecat.org\/es\/","name":"Eurecat","description":"Otro sitio realizado con WordPress","potentialAction":[{"@type":"SearchAction","target":{"@type":"EntryPoint","urlTemplate":"https:\/\/eurecat.org\/es\/?s={search_term_string}"},"query-input":{"@type":"PropertyValueSpecification","valueRequired":true,"valueName":"search_term_string"}}],"inLanguage":"es"},{"@type":"Person","@id":"https:\/\/eurecat.org\/es\/#\/schema\/person\/99d4d39712001e7621b6867b27b40bed","name":"EurecatEQZ","image":{"@type":"ImageObject","inLanguage":"es","@id":"https:\/\/secure.gravatar.com\/avatar\/6deb26ca61bcc34263c59cc62bb8b08ff90b67af7f99943babf5d86396845993?s=96&d=mm&r=g","url":"https:\/\/secure.gravatar.com\/avatar\/6deb26ca61bcc34263c59cc62bb8b08ff90b67af7f99943babf5d86396845993?s=96&d=mm&r=g","contentUrl":"https:\/\/secure.gravatar.com\/avatar\/6deb26ca61bcc34263c59cc62bb8b08ff90b67af7f99943babf5d86396845993?s=96&d=mm&r=g","caption":"EurecatEQZ"}}]}},"_links":{"self":[{"href":"https:\/\/eurecat.org\/es\/wp-json\/wp\/v2\/posts\/122741","targetHints":{"allow":["GET"]}}],"collection":[{"href":"https:\/\/eurecat.org\/es\/wp-json\/wp\/v2\/posts"}],"about":[{"href":"https:\/\/eurecat.org\/es\/wp-json\/wp\/v2\/types\/post"}],"author":[{"embeddable":true,"href":"https:\/\/eurecat.org\/es\/wp-json\/wp\/v2\/users\/20"}],"replies":[{"embeddable":true,"href":"https:\/\/eurecat.org\/es\/wp-json\/wp\/v2\/comments?post=122741"}],"version-history":[{"count":0,"href":"https:\/\/eurecat.org\/es\/wp-json\/wp\/v2\/posts\/122741\/revisions"}],"wp:featuredmedia":[{"embeddable":true,"href":"https:\/\/eurecat.org\/es\/wp-json\/wp\/v2\/media\/119578"}],"wp:attachment":[{"href":"https:\/\/eurecat.org\/es\/wp-json\/wp\/v2\/media?parent=122741"}],"wp:term":[{"taxonomy":"category","embeddable":true,"href":"https:\/\/eurecat.org\/es\/wp-json\/wp\/v2\/categories?post=122741"},{"taxonomy":"post_tag","embeddable":true,"href":"https:\/\/eurecat.org\/es\/wp-json\/wp\/v2\/tags?post=122741"}],"curies":[{"name":"wp","href":"https:\/\/api.w.org\/{rel}","templated":true}]}}