{"id":123658,"date":"2022-05-31T08:27:38","date_gmt":"2022-05-31T07:27:38","guid":{"rendered":"https:\/\/eurecat.org\/?p=123658"},"modified":"2022-05-31T08:46:22","modified_gmt":"2022-05-31T07:46:22","slug":"editorial_los-centros-tecnologicos-el-valor-de-la-innovacion-con-impacto","status":"publish","type":"post","link":"https:\/\/eurecat.org\/es\/editorial_los-centros-tecnologicos-el-valor-de-la-innovacion-con-impacto\/","title":{"rendered":"Los centros tecnol\u00f3gicos: el valor de la innovaci\u00f3n con impacto"},"content":{"rendered":"<p><strong><img decoding=\"async\" class=\"alignleft wp-image-119582 size-medium\" src=\"https:\/\/eurecat.org\/wp-content\/uploads\/2022\/01\/XAVIER-TORRA_RETRAT09_low-2-300x201.jpg\" alt=\"\" width=\"300\" height=\"201\" srcset=\"https:\/\/eurecat.org\/wp-content\/uploads\/2022\/01\/XAVIER-TORRA_RETRAT09_low-2-200x134.jpg 200w, https:\/\/eurecat.org\/wp-content\/uploads\/2022\/01\/XAVIER-TORRA_RETRAT09_low-2-300x201.jpg 300w, https:\/\/eurecat.org\/wp-content\/uploads\/2022\/01\/XAVIER-TORRA_RETRAT09_low-2-400x268.jpg 400w, https:\/\/eurecat.org\/wp-content\/uploads\/2022\/01\/XAVIER-TORRA_RETRAT09_low-2-600x402.jpg 600w, https:\/\/eurecat.org\/wp-content\/uploads\/2022\/01\/XAVIER-TORRA_RETRAT09_low-2.jpg 709w\" sizes=\"(max-width: 300px) 100vw, 300px\" \/><\/strong><\/p>\n<p>\u00bfQu\u00e9 papel juegan los centros tecnol\u00f3gicos en la transici\u00f3n verde y digital? \u00bfC\u00f3mo pueden contribuir a hacer posible que esta transformaci\u00f3n impacte positivamente en la competitividad de las empresas, pero a la vez reducimos los efectos del cambio clim\u00e1tico en el planeta, y en el bienestar de las personas? \u00c9sta y otras cuestiones clave sobre <strong>el rol que los centros tecnol\u00f3gicos tenemos en la implementaci\u00f3n de soluciones innovadoras orientadas a impulsar el progreso econ\u00f3mico y social<\/strong> han vertebrado <strong>la Conferencia Anual de la Asociaci\u00f3n Europea de Organizaciones de Investigaci\u00f3n y Tecnolog\u00eda<\/strong> (<strong>EARTO<\/strong>), que re\u00fane 150.000 investigadores e ingenieros de m\u00e1s de 20 pa\u00edses altamente calificados que gestionamos una amplia gama de infraestructuras de innovaci\u00f3n.<\/p>\n<p>La conferencia, que ha tenido lugar en Barcelona y que este a\u00f1o hemos tenido el privilegio de organizar, ha reunido a m\u00e1s de 200 participantes de todos los agentes e instituciones de I+I de la Uni\u00f3n Europea y ha generado reflexiones y propuestas muy interesantes en torno al impacto de los centros tecnol\u00f3gicos en un momento decisivo, marcado por grandes desaf\u00edos a nivel europeo y mundial.<\/p>\n<p>Desde Eurecat, estamos convencidos de que <strong>dinamizando la gran transformaci\u00f3n verde y digital<\/strong> que estamos viviendo <strong>contribuimos tanto al desarrollo tecnol\u00f3gico de nuestras industrias, como a la mejora de la calidad de vida de nuestra sociedad<\/strong>. Trabajamos conjuntamente con las empresas para encontrar soluciones a sus necesidades y retos que los ODS plantean. Ponemos nuestras infraestructuras tecnol\u00f3gicas al alcance de las pymes para que puedan acceder a nuevas tecnolog\u00edas e innovar con \u00e9xito. As\u00ed lo refleja tambi\u00e9n un estudio presentado durante el evento, por parte de la Organizaci\u00f3n para la Cooperaci\u00f3n y el Desarrollo Econ\u00f3mico (OCDE), sobre la contribuci\u00f3n que los centros tecnol\u00f3gicos realizamos a la recuperaci\u00f3n socioecon\u00f3mica, la resiliencia y la mencionada doble transici\u00f3n.<\/p>\n<p>Es bien sabido que la proximidad que tenemos los centros tecnol\u00f3gicos con las empresas y, sobre todo, con la realidad sociocultural de nuestros territorios, nos convierte en agentes estrat\u00e9gicos en una doble dimensi\u00f3n empresarial y social. Desde esta perspectiva, estamos firmemente convencidos de que <strong>la colaboraci\u00f3n con otros agentes del panorama de la innovaci\u00f3n es imprescindible<\/strong>, no s\u00f3lo para ser eficientes, sino tambi\u00e9n para potenciar la innovaci\u00f3n a un nivel superior. Por este motivo, en nuestros laboratorios, en los proyectos que participamos y, en general, en todas las iniciativas que lideramos existen representantes de las esferas p\u00fablica y privada, a trav\u00e9s de centros de investigaci\u00f3n, universidades, empresas, administraciones y otras plataformas, entidades y organizaciones.<\/p>\n<p>Esta \u00f3ptica integradora rodea tambi\u00e9n la <strong>creaci\u00f3n del Digital Innovation Hub de Catalu\u00f1a<\/strong> (<strong>DIH4CAT<\/strong>), donde una decena de agentes econ\u00f3micos, centros tecnol\u00f3gicos y de conocimiento catalanes, entre los que est\u00e1 Eurecat,<strong> nos hemos unido para acelerar la incorporaci\u00f3n de tecnolog\u00eda avanzada por parte de las empresas e instituciones catalanas<\/strong>. El objetivo de esta iniciativa es facilitar que las pymes puedan realizar pruebas y testeos en los laboratorios e infraestructuras de los nodos que forman el DIH4CAT antes de invertir para implementarlas en sus negocios.<\/p>\n<p>Se trata de un enfoque que permitir\u00e1 llevar adelante proyectos cada vez m\u00e1s ambiciosos, como los que le compartimos en este newsletter, donde le hablamos de c\u00f3mo los <strong>robots dotados con interfaces que facilitan la conversaci\u00f3n con los pacientes<\/strong> son una tendencia creciente en la asistencia. sanitaria y social, de innovaciones punteras en el sector de la alimentaci\u00f3n a ra\u00edz de <strong>la feria Food4Future<\/strong> celebrada hace pocos d\u00edas en Bilbao, y de la reciente presentaci\u00f3n del &#8216;<strong>Libro Blanco sobre la Inteligencia Artificial aplicada a las industrias culturales y basadas en la experiencia<\/strong>&#8216;.<\/p>\n<p>El dise\u00f1o de un agente de aprendizaje autom\u00e1tico para facilitar la interacci\u00f3n en entornos de realidad extendida como el metaverso; los <strong>nuevos ensayos que estamos llevando a cabo en la esfera de materiales compuestos<\/strong>; una <strong>nueva tecnolog\u00eda para la eliminaci\u00f3n de hidrocarburos del petr\u00f3leo en suelos contaminados<\/strong>, la generaci\u00f3n de <strong>consejos diet\u00e9ticos personalizados basados \u200b\u200ben biomarcadores<\/strong> y las reflexiones generadas en la d\u00e9cima edici\u00f3n del <strong>Forum TurisTIC<\/strong> son otras de las tem\u00e1ticas que encontrar\u00e1. Tambi\u00e9n le compartimos el reconocimiento a nuestra trayectoria que hemos recibido en <strong>los Premios Revoluci\u00f3n 4.0 de Catalunya R\u00e0dio<\/strong> y que queremos dedicar especialmente a todos los que nos est\u00e1is acompa\u00f1ando con vuestra complicidad y confianza.<\/p>\n<p><strong>Xavier Torra<br \/>\n<\/strong><strong>Presidente de Eurecat<\/strong><\/p>\n","protected":false},"excerpt":{"rendered":"<p>\u00bfQu\u00e9 papel juegan los centros tecnol\u00f3gicos en la transici\u00f3n verde y digital? \u00bfC\u00f3mo pueden contribuir a hacer posible que esta transformaci\u00f3n impacte positivamente en la competitividad de las empresas, pero a la vez reducimos los efectos del cambio clim\u00e1tico en el planeta, y en el bienestar de las personas? \u00c9sta y otras cuestiones clave sobre  [&#8230;]<\/p>\n","protected":false},"author":20,"featured_media":119578,"comment_status":"closed","ping_status":"closed","sticky":false,"template":"","format":"standard","meta":{"footnotes":""},"categories":[133,2217],"tags":[],"class_list":["post-123658","post","type-post","status-publish","format-standard","has-post-thumbnail","hentry","category-blog","category-editorial"],"yoast_head":"<!-- This site is optimized with the Yoast SEO plugin v27.5 - https:\/\/yoast.com\/product\/yoast-seo-wordpress\/ -->\n<title>Los centros tecnol\u00f3gicos: el valor de la innovaci\u00f3n con impacto - Eurecat<\/title>\n<meta name=\"description\" content=\"\u00bfQu\u00e9 papel juegan los centros tecnol\u00f3gicos en la transici\u00f3n verde y digital? \u00bfC\u00f3mo pueden contribuir a hacer posible que esta transformaci\u00f3n impacte positivamente en la competitividad de las empresas?\" \/>\n<meta name=\"robots\" content=\"index, follow, max-snippet:-1, max-image-preview:large, max-video-preview:-1\" \/>\n<link rel=\"canonical\" href=\"https:\/\/eurecat.org\/es\/editorial_los-centros-tecnologicos-el-valor-de-la-innovacion-con-impacto\/\" \/>\n<meta property=\"og:locale\" content=\"es_ES\" \/>\n<meta property=\"og:type\" content=\"article\" \/>\n<meta property=\"og:title\" content=\"Los centros tecnol\u00f3gicos: el valor de la innovaci\u00f3n con impacto - Eurecat\" \/>\n<meta property=\"og:description\" content=\"\u00bfQu\u00e9 papel juegan los centros tecnol\u00f3gicos en la transici\u00f3n verde y digital? \u00bfC\u00f3mo pueden contribuir a hacer posible que esta transformaci\u00f3n impacte positivamente en la competitividad de las empresas?\" \/>\n<meta property=\"og:url\" content=\"https:\/\/eurecat.org\/es\/editorial_los-centros-tecnologicos-el-valor-de-la-innovacion-con-impacto\/\" \/>\n<meta property=\"og:site_name\" content=\"Eurecat\" \/>\n<meta property=\"article:published_time\" content=\"2022-05-31T07:27:38+00:00\" \/>\n<meta property=\"article:modified_time\" content=\"2022-05-31T07:46:22+00:00\" \/>\n<meta property=\"og:image\" content=\"https:\/\/eurecat.org\/wp-content\/uploads\/2022\/01\/XAVIER-TORRA_RETRAT09_low-1.jpg\" \/>\n\t<meta property=\"og:image:width\" content=\"709\" \/>\n\t<meta property=\"og:image:height\" content=\"475\" \/>\n\t<meta property=\"og:image:type\" content=\"image\/jpeg\" \/>\n<meta name=\"author\" content=\"EurecatEQZ\" \/>\n<meta name=\"twitter:card\" content=\"summary_large_image\" \/>\n<meta name=\"twitter:label1\" content=\"Escrito por\" \/>\n\t<meta name=\"twitter:data1\" content=\"EurecatEQZ\" \/>\n\t<meta name=\"twitter:label2\" content=\"Tiempo de lectura\" \/>\n\t<meta name=\"twitter:data2\" content=\"3 minutos\" \/>\n<script type=\"application\/ld+json\" class=\"yoast-schema-graph\">{\"@context\":\"https:\\\/\\\/schema.org\",\"@graph\":[{\"@type\":\"Article\",\"@id\":\"https:\\\/\\\/eurecat.org\\\/es\\\/editorial_los-centros-tecnologicos-el-valor-de-la-innovacion-con-impacto\\\/#article\",\"isPartOf\":{\"@id\":\"https:\\\/\\\/eurecat.org\\\/es\\\/editorial_los-centros-tecnologicos-el-valor-de-la-innovacion-con-impacto\\\/\"},\"author\":{\"name\":\"EurecatEQZ\",\"@id\":\"https:\\\/\\\/eurecat.org\\\/es\\\/#\\\/schema\\\/person\\\/99d4d39712001e7621b6867b27b40bed\"},\"headline\":\"Los centros tecnol\u00f3gicos: el valor de la innovaci\u00f3n con impacto\",\"datePublished\":\"2022-05-31T07:27:38+00:00\",\"dateModified\":\"2022-05-31T07:46:22+00:00\",\"mainEntityOfPage\":{\"@id\":\"https:\\\/\\\/eurecat.org\\\/es\\\/editorial_los-centros-tecnologicos-el-valor-de-la-innovacion-con-impacto\\\/\"},\"wordCount\":786,\"image\":{\"@id\":\"https:\\\/\\\/eurecat.org\\\/es\\\/editorial_los-centros-tecnologicos-el-valor-de-la-innovacion-con-impacto\\\/#primaryimage\"},\"thumbnailUrl\":\"https:\\\/\\\/eurecat.org\\\/wp-content\\\/uploads\\\/2022\\\/01\\\/XAVIER-TORRA_RETRAT09_low-1.jpg\",\"articleSection\":[\"Blog\",\"Editorial\"],\"inLanguage\":\"es\"},{\"@type\":\"WebPage\",\"@id\":\"https:\\\/\\\/eurecat.org\\\/es\\\/editorial_los-centros-tecnologicos-el-valor-de-la-innovacion-con-impacto\\\/\",\"url\":\"https:\\\/\\\/eurecat.org\\\/es\\\/editorial_los-centros-tecnologicos-el-valor-de-la-innovacion-con-impacto\\\/\",\"name\":\"Los centros tecnol\u00f3gicos: el valor de la innovaci\u00f3n con impacto - Eurecat\",\"isPartOf\":{\"@id\":\"https:\\\/\\\/eurecat.org\\\/es\\\/#website\"},\"primaryImageOfPage\":{\"@id\":\"https:\\\/\\\/eurecat.org\\\/es\\\/editorial_los-centros-tecnologicos-el-valor-de-la-innovacion-con-impacto\\\/#primaryimage\"},\"image\":{\"@id\":\"https:\\\/\\\/eurecat.org\\\/es\\\/editorial_los-centros-tecnologicos-el-valor-de-la-innovacion-con-impacto\\\/#primaryimage\"},\"thumbnailUrl\":\"https:\\\/\\\/eurecat.org\\\/wp-content\\\/uploads\\\/2022\\\/01\\\/XAVIER-TORRA_RETRAT09_low-1.jpg\",\"datePublished\":\"2022-05-31T07:27:38+00:00\",\"dateModified\":\"2022-05-31T07:46:22+00:00\",\"author\":{\"@id\":\"https:\\\/\\\/eurecat.org\\\/es\\\/#\\\/schema\\\/person\\\/99d4d39712001e7621b6867b27b40bed\"},\"description\":\"\u00bfQu\u00e9 papel juegan los centros tecnol\u00f3gicos en la transici\u00f3n verde y digital? \u00bfC\u00f3mo pueden contribuir a hacer posible que esta transformaci\u00f3n impacte positivamente en la competitividad de las empresas?\",\"breadcrumb\":{\"@id\":\"https:\\\/\\\/eurecat.org\\\/es\\\/editorial_los-centros-tecnologicos-el-valor-de-la-innovacion-con-impacto\\\/#breadcrumb\"},\"inLanguage\":\"es\",\"potentialAction\":[{\"@type\":\"ReadAction\",\"target\":[\"https:\\\/\\\/eurecat.org\\\/es\\\/editorial_los-centros-tecnologicos-el-valor-de-la-innovacion-con-impacto\\\/\"]}]},{\"@type\":\"ImageObject\",\"inLanguage\":\"es\",\"@id\":\"https:\\\/\\\/eurecat.org\\\/es\\\/editorial_los-centros-tecnologicos-el-valor-de-la-innovacion-con-impacto\\\/#primaryimage\",\"url\":\"https:\\\/\\\/eurecat.org\\\/wp-content\\\/uploads\\\/2022\\\/01\\\/XAVIER-TORRA_RETRAT09_low-1.jpg\",\"contentUrl\":\"https:\\\/\\\/eurecat.org\\\/wp-content\\\/uploads\\\/2022\\\/01\\\/XAVIER-TORRA_RETRAT09_low-1.jpg\",\"width\":709,\"height\":475},{\"@type\":\"BreadcrumbList\",\"@id\":\"https:\\\/\\\/eurecat.org\\\/es\\\/editorial_los-centros-tecnologicos-el-valor-de-la-innovacion-con-impacto\\\/#breadcrumb\",\"itemListElement\":[{\"@type\":\"ListItem\",\"position\":1,\"name\":\"Inici\",\"item\":\"https:\\\/\\\/eurecat.org\\\/es\\\/\"},{\"@type\":\"ListItem\",\"position\":2,\"name\":\"Los centros tecnol\u00f3gicos: el valor de la innovaci\u00f3n con impacto\"}]},{\"@type\":\"WebSite\",\"@id\":\"https:\\\/\\\/eurecat.org\\\/es\\\/#website\",\"url\":\"https:\\\/\\\/eurecat.org\\\/es\\\/\",\"name\":\"Eurecat\",\"description\":\"Otro sitio realizado con WordPress\",\"potentialAction\":[{\"@type\":\"SearchAction\",\"target\":{\"@type\":\"EntryPoint\",\"urlTemplate\":\"https:\\\/\\\/eurecat.org\\\/es\\\/?s={search_term_string}\"},\"query-input\":{\"@type\":\"PropertyValueSpecification\",\"valueRequired\":true,\"valueName\":\"search_term_string\"}}],\"inLanguage\":\"es\"},{\"@type\":\"Person\",\"@id\":\"https:\\\/\\\/eurecat.org\\\/es\\\/#\\\/schema\\\/person\\\/99d4d39712001e7621b6867b27b40bed\",\"name\":\"EurecatEQZ\",\"image\":{\"@type\":\"ImageObject\",\"inLanguage\":\"es\",\"@id\":\"https:\\\/\\\/secure.gravatar.com\\\/avatar\\\/6deb26ca61bcc34263c59cc62bb8b08ff90b67af7f99943babf5d86396845993?s=96&d=mm&r=g\",\"url\":\"https:\\\/\\\/secure.gravatar.com\\\/avatar\\\/6deb26ca61bcc34263c59cc62bb8b08ff90b67af7f99943babf5d86396845993?s=96&d=mm&r=g\",\"contentUrl\":\"https:\\\/\\\/secure.gravatar.com\\\/avatar\\\/6deb26ca61bcc34263c59cc62bb8b08ff90b67af7f99943babf5d86396845993?s=96&d=mm&r=g\",\"caption\":\"EurecatEQZ\"}}]}<\/script>\n<!-- \/ Yoast SEO plugin. -->","yoast_head_json":{"title":"Los centros tecnol\u00f3gicos: el valor de la innovaci\u00f3n con impacto - Eurecat","description":"\u00bfQu\u00e9 papel juegan los centros tecnol\u00f3gicos en la transici\u00f3n verde y digital? \u00bfC\u00f3mo pueden contribuir a hacer posible que esta transformaci\u00f3n impacte positivamente en la competitividad de las empresas?","robots":{"index":"index","follow":"follow","max-snippet":"max-snippet:-1","max-image-preview":"max-image-preview:large","max-video-preview":"max-video-preview:-1"},"canonical":"https:\/\/eurecat.org\/es\/editorial_los-centros-tecnologicos-el-valor-de-la-innovacion-con-impacto\/","og_locale":"es_ES","og_type":"article","og_title":"Los centros tecnol\u00f3gicos: el valor de la innovaci\u00f3n con impacto - Eurecat","og_description":"\u00bfQu\u00e9 papel juegan los centros tecnol\u00f3gicos en la transici\u00f3n verde y digital? \u00bfC\u00f3mo pueden contribuir a hacer posible que esta transformaci\u00f3n impacte positivamente en la competitividad de las empresas?","og_url":"https:\/\/eurecat.org\/es\/editorial_los-centros-tecnologicos-el-valor-de-la-innovacion-con-impacto\/","og_site_name":"Eurecat","article_published_time":"2022-05-31T07:27:38+00:00","article_modified_time":"2022-05-31T07:46:22+00:00","og_image":[{"width":709,"height":475,"url":"https:\/\/eurecat.org\/wp-content\/uploads\/2022\/01\/XAVIER-TORRA_RETRAT09_low-1.jpg","type":"image\/jpeg"}],"author":"EurecatEQZ","twitter_card":"summary_large_image","twitter_misc":{"Escrito por":"EurecatEQZ","Tiempo de lectura":"3 minutos"},"schema":{"@context":"https:\/\/schema.org","@graph":[{"@type":"Article","@id":"https:\/\/eurecat.org\/es\/editorial_los-centros-tecnologicos-el-valor-de-la-innovacion-con-impacto\/#article","isPartOf":{"@id":"https:\/\/eurecat.org\/es\/editorial_los-centros-tecnologicos-el-valor-de-la-innovacion-con-impacto\/"},"author":{"name":"EurecatEQZ","@id":"https:\/\/eurecat.org\/es\/#\/schema\/person\/99d4d39712001e7621b6867b27b40bed"},"headline":"Los centros tecnol\u00f3gicos: el valor de la innovaci\u00f3n con impacto","datePublished":"2022-05-31T07:27:38+00:00","dateModified":"2022-05-31T07:46:22+00:00","mainEntityOfPage":{"@id":"https:\/\/eurecat.org\/es\/editorial_los-centros-tecnologicos-el-valor-de-la-innovacion-con-impacto\/"},"wordCount":786,"image":{"@id":"https:\/\/eurecat.org\/es\/editorial_los-centros-tecnologicos-el-valor-de-la-innovacion-con-impacto\/#primaryimage"},"thumbnailUrl":"https:\/\/eurecat.org\/wp-content\/uploads\/2022\/01\/XAVIER-TORRA_RETRAT09_low-1.jpg","articleSection":["Blog","Editorial"],"inLanguage":"es"},{"@type":"WebPage","@id":"https:\/\/eurecat.org\/es\/editorial_los-centros-tecnologicos-el-valor-de-la-innovacion-con-impacto\/","url":"https:\/\/eurecat.org\/es\/editorial_los-centros-tecnologicos-el-valor-de-la-innovacion-con-impacto\/","name":"Los centros tecnol\u00f3gicos: el valor de la innovaci\u00f3n con impacto - Eurecat","isPartOf":{"@id":"https:\/\/eurecat.org\/es\/#website"},"primaryImageOfPage":{"@id":"https:\/\/eurecat.org\/es\/editorial_los-centros-tecnologicos-el-valor-de-la-innovacion-con-impacto\/#primaryimage"},"image":{"@id":"https:\/\/eurecat.org\/es\/editorial_los-centros-tecnologicos-el-valor-de-la-innovacion-con-impacto\/#primaryimage"},"thumbnailUrl":"https:\/\/eurecat.org\/wp-content\/uploads\/2022\/01\/XAVIER-TORRA_RETRAT09_low-1.jpg","datePublished":"2022-05-31T07:27:38+00:00","dateModified":"2022-05-31T07:46:22+00:00","author":{"@id":"https:\/\/eurecat.org\/es\/#\/schema\/person\/99d4d39712001e7621b6867b27b40bed"},"description":"\u00bfQu\u00e9 papel juegan los centros tecnol\u00f3gicos en la transici\u00f3n verde y digital? \u00bfC\u00f3mo pueden contribuir a hacer posible que esta transformaci\u00f3n impacte positivamente en la competitividad de las empresas?","breadcrumb":{"@id":"https:\/\/eurecat.org\/es\/editorial_los-centros-tecnologicos-el-valor-de-la-innovacion-con-impacto\/#breadcrumb"},"inLanguage":"es","potentialAction":[{"@type":"ReadAction","target":["https:\/\/eurecat.org\/es\/editorial_los-centros-tecnologicos-el-valor-de-la-innovacion-con-impacto\/"]}]},{"@type":"ImageObject","inLanguage":"es","@id":"https:\/\/eurecat.org\/es\/editorial_los-centros-tecnologicos-el-valor-de-la-innovacion-con-impacto\/#primaryimage","url":"https:\/\/eurecat.org\/wp-content\/uploads\/2022\/01\/XAVIER-TORRA_RETRAT09_low-1.jpg","contentUrl":"https:\/\/eurecat.org\/wp-content\/uploads\/2022\/01\/XAVIER-TORRA_RETRAT09_low-1.jpg","width":709,"height":475},{"@type":"BreadcrumbList","@id":"https:\/\/eurecat.org\/es\/editorial_los-centros-tecnologicos-el-valor-de-la-innovacion-con-impacto\/#breadcrumb","itemListElement":[{"@type":"ListItem","position":1,"name":"Inici","item":"https:\/\/eurecat.org\/es\/"},{"@type":"ListItem","position":2,"name":"Los centros tecnol\u00f3gicos: el valor de la innovaci\u00f3n con impacto"}]},{"@type":"WebSite","@id":"https:\/\/eurecat.org\/es\/#website","url":"https:\/\/eurecat.org\/es\/","name":"Eurecat","description":"Otro sitio realizado con WordPress","potentialAction":[{"@type":"SearchAction","target":{"@type":"EntryPoint","urlTemplate":"https:\/\/eurecat.org\/es\/?s={search_term_string}"},"query-input":{"@type":"PropertyValueSpecification","valueRequired":true,"valueName":"search_term_string"}}],"inLanguage":"es"},{"@type":"Person","@id":"https:\/\/eurecat.org\/es\/#\/schema\/person\/99d4d39712001e7621b6867b27b40bed","name":"EurecatEQZ","image":{"@type":"ImageObject","inLanguage":"es","@id":"https:\/\/secure.gravatar.com\/avatar\/6deb26ca61bcc34263c59cc62bb8b08ff90b67af7f99943babf5d86396845993?s=96&d=mm&r=g","url":"https:\/\/secure.gravatar.com\/avatar\/6deb26ca61bcc34263c59cc62bb8b08ff90b67af7f99943babf5d86396845993?s=96&d=mm&r=g","contentUrl":"https:\/\/secure.gravatar.com\/avatar\/6deb26ca61bcc34263c59cc62bb8b08ff90b67af7f99943babf5d86396845993?s=96&d=mm&r=g","caption":"EurecatEQZ"}}]}},"_links":{"self":[{"href":"https:\/\/eurecat.org\/es\/wp-json\/wp\/v2\/posts\/123658","targetHints":{"allow":["GET"]}}],"collection":[{"href":"https:\/\/eurecat.org\/es\/wp-json\/wp\/v2\/posts"}],"about":[{"href":"https:\/\/eurecat.org\/es\/wp-json\/wp\/v2\/types\/post"}],"author":[{"embeddable":true,"href":"https:\/\/eurecat.org\/es\/wp-json\/wp\/v2\/users\/20"}],"replies":[{"embeddable":true,"href":"https:\/\/eurecat.org\/es\/wp-json\/wp\/v2\/comments?post=123658"}],"version-history":[{"count":0,"href":"https:\/\/eurecat.org\/es\/wp-json\/wp\/v2\/posts\/123658\/revisions"}],"wp:featuredmedia":[{"embeddable":true,"href":"https:\/\/eurecat.org\/es\/wp-json\/wp\/v2\/media\/119578"}],"wp:attachment":[{"href":"https:\/\/eurecat.org\/es\/wp-json\/wp\/v2\/media?parent=123658"}],"wp:term":[{"taxonomy":"category","embeddable":true,"href":"https:\/\/eurecat.org\/es\/wp-json\/wp\/v2\/categories?post=123658"},{"taxonomy":"post_tag","embeddable":true,"href":"https:\/\/eurecat.org\/es\/wp-json\/wp\/v2\/tags?post=123658"}],"curies":[{"name":"wp","href":"https:\/\/api.w.org\/{rel}","templated":true}]}}