{"id":123721,"date":"2022-05-17T11:55:23","date_gmt":"2022-05-17T10:55:23","guid":{"rendered":"https:\/\/eurecat.org\/?p=123721"},"modified":"2022-06-02T12:07:09","modified_gmt":"2022-06-02T11:07:09","slug":"eurecat-organiza-conferencia-anual-centros-tecnologicos-europeos","status":"publish","type":"post","link":"https:\/\/eurecat.org\/es\/eurecat-organiza-conferencia-anual-centros-tecnologicos-europeos\/","title":{"rendered":"Eurecat organiza en Barcelona la Conferencia anual de los centros tecnol\u00f3gicos europeos"},"content":{"rendered":"<p>El centro tecnol\u00f3gico <a href=\"http:\/\/eurecat.org\/\" target=\"_blank\" rel=\"noopener\">Eurecat<\/a> organiza en Barcelona ma\u00f1ana mi\u00e9rcoles, 18 de mayo, la Conferencia Anual de la Asociaci\u00f3n Europea de Organizaciones de Investigaci\u00f3n y Tecnolog\u00eda (EARTO) 2022, que se celebrar\u00e1 por primera vez en Catalu\u00f1a y que se centrar\u00e1 en el rol de los centros tecnol\u00f3gicos europeos frente a la doble transici\u00f3n verde y digital.<\/p>\n<p>En la sesi\u00f3n de bienvenida participar\u00e1n el presidente de EARTO, Antti Vasara, y el presidente de Eurecat, Xavier Torra, y contar\u00e1 con la intervenci\u00f3n del conseller de Empresa y Trabajo de la Generalitat de Catalunya, Roger Torrent; la secretaria general de Innovaci\u00f3n del Ministerio de Ciencia e Innovaci\u00f3n del Gobierno de Espa\u00f1a, Teresa Riesgo, y con la intervenci\u00f3n de la vicepresidenta ejecutiva de la Comisi\u00f3n Europea para la era digital, Margrethe Vestager.<\/p>\n<h2>El rol de los centros tecnol\u00f3gicos en la doble transici\u00f3n europea<\/h2>\n<p>En el marco de la Conferencia Anual de EARTO, la OCDE presentar\u00e1 los resultados del estudio sobre la contribuci\u00f3n de los centros tecnol\u00f3gicos en la recuperaci\u00f3n socioecon\u00f3mica, resiliencia y la doble transici\u00f3n.<\/p>\n<p>Expertos de los distintos centros tecnol\u00f3gicos e instituciones en el \u00e1mbito europeo presentar\u00e1n y debatir\u00e1n tambi\u00e9n sobre instrumentos e iniciativas lideradas por los centros tecnol\u00f3gicos para contribuir a la doble transici\u00f3n verde y digital, as\u00ed como las pol\u00edticas de la Uni\u00f3n Europea que marcan su actividad.<\/p>\n<p>La Conferencia Anual de EARTO re\u00fane cada a\u00f1o a m\u00e1s de 200 participantes de todos los agentes e instituciones de I+I de la Uni\u00f3n Europea. Con ponentes de alto nivel de la Comisi\u00f3n Europea y otras instituciones clave, as\u00ed como miembros de EARTO y representantes del sector, la Conferencia de EARTO es un punto de encuentro de intercambio de opiniones y de informaci\u00f3n sobre las pol\u00edticas y la financiaci\u00f3n de la UE.<\/p>\n<p>La red de EARTO re\u00fane a 150.000 investigadores e ingenieros de m\u00e1s de 20 pa\u00edses altamente cualificados que gestionan una amplia gama de infraestructuras de innovaci\u00f3n.<\/p>\n","protected":false},"excerpt":{"rendered":"<p>El centro tecnol\u00f3gico Eurecat organiza en Barcelona ma\u00f1ana mi\u00e9rcoles, 18 de mayo, la Conferencia Anual de la Asociaci\u00f3n Europea de Organizaciones de Investigaci\u00f3n y Tecnolog\u00eda (EARTO) 2022, que se celebrar\u00e1 por primera vez en Catalu\u00f1a y que se centrar\u00e1 en el rol de los centros tecnol\u00f3gicos europeos frente a la doble transici\u00f3n verde y digital.  [&#8230;]<\/p>\n","protected":false},"author":27,"featured_media":123718,"comment_status":"open","ping_status":"closed","sticky":false,"template":"","format":"standard","meta":{"footnotes":""},"categories":[682,702,134],"tags":[],"class_list":["post-123721","post","type-post","status-publish","format-standard","has-post-thumbnail","hentry","category-corporatiu-es","category-eventos","category-notas-de-prensa"],"yoast_head":"<!-- This site is optimized with the Yoast SEO plugin v27.5 - https:\/\/yoast.com\/product\/yoast-seo-wordpress\/ -->\n<title>Eurecat organiza en Barcelona la Conferencia anual de los centros tecnol\u00f3gicos europeos - Eurecat<\/title>\n<meta name=\"description\" content=\"El centro tecnol\u00f3gico Eurecat organiza en Barcelona la Conferencia anual de los centros tecnol\u00f3gicos europeos\" \/>\n<meta name=\"robots\" content=\"index, follow, max-snippet:-1, max-image-preview:large, max-video-preview:-1\" \/>\n<link rel=\"canonical\" href=\"https:\/\/eurecat.org\/es\/eurecat-organiza-conferencia-anual-centros-tecnologicos-europeos\/\" \/>\n<meta property=\"og:locale\" content=\"es_ES\" \/>\n<meta property=\"og:type\" content=\"article\" \/>\n<meta property=\"og:title\" content=\"Eurecat organiza en Barcelona la Conferencia anual de los centros tecnol\u00f3gicos europeos - Eurecat\" \/>\n<meta property=\"og:description\" content=\"El centro tecnol\u00f3gico Eurecat organiza en Barcelona la Conferencia anual de los centros tecnol\u00f3gicos europeos\" \/>\n<meta property=\"og:url\" content=\"https:\/\/eurecat.org\/es\/eurecat-organiza-conferencia-anual-centros-tecnologicos-europeos\/\" \/>\n<meta property=\"og:site_name\" content=\"Eurecat\" \/>\n<meta property=\"article:published_time\" content=\"2022-05-17T10:55:23+00:00\" \/>\n<meta property=\"article:modified_time\" content=\"2022-06-02T11:07:09+00:00\" \/>\n<meta property=\"og:image\" content=\"https:\/\/eurecat.org\/wp-content\/uploads\/2022\/06\/Eurecat-EARTO2022_930x515px.jpg\" \/>\n\t<meta property=\"og:image:width\" content=\"930\" \/>\n\t<meta property=\"og:image:height\" content=\"515\" \/>\n\t<meta property=\"og:image:type\" content=\"image\/jpeg\" \/>\n<meta name=\"author\" content=\"eurecatNG\" \/>\n<meta name=\"twitter:card\" content=\"summary_large_image\" \/>\n<meta name=\"twitter:label1\" content=\"Escrito por\" \/>\n\t<meta name=\"twitter:data1\" content=\"eurecatNG\" \/>\n\t<meta name=\"twitter:label2\" content=\"Tiempo de lectura\" \/>\n\t<meta name=\"twitter:data2\" content=\"2 minutos\" \/>\n<script type=\"application\/ld+json\" class=\"yoast-schema-graph\">{\"@context\":\"https:\\\/\\\/schema.org\",\"@graph\":[{\"@type\":\"Article\",\"@id\":\"https:\\\/\\\/eurecat.org\\\/es\\\/eurecat-organiza-conferencia-anual-centros-tecnologicos-europeos\\\/#article\",\"isPartOf\":{\"@id\":\"https:\\\/\\\/eurecat.org\\\/es\\\/eurecat-organiza-conferencia-anual-centros-tecnologicos-europeos\\\/\"},\"author\":{\"name\":\"eurecatNG\",\"@id\":\"https:\\\/\\\/eurecat.org\\\/es\\\/#\\\/schema\\\/person\\\/8342992d6929ad043b305d3cac68b3f4\"},\"headline\":\"Eurecat organiza en Barcelona la Conferencia anual de los centros tecnol\u00f3gicos europeos\",\"datePublished\":\"2022-05-17T10:55:23+00:00\",\"dateModified\":\"2022-06-02T11:07:09+00:00\",\"mainEntityOfPage\":{\"@id\":\"https:\\\/\\\/eurecat.org\\\/es\\\/eurecat-organiza-conferencia-anual-centros-tecnologicos-europeos\\\/\"},\"wordCount\":367,\"commentCount\":0,\"image\":{\"@id\":\"https:\\\/\\\/eurecat.org\\\/es\\\/eurecat-organiza-conferencia-anual-centros-tecnologicos-europeos\\\/#primaryimage\"},\"thumbnailUrl\":\"https:\\\/\\\/eurecat.org\\\/wp-content\\\/uploads\\\/2022\\\/06\\\/Eurecat-EARTO2022_930x515px.jpg\",\"articleSection\":[\"Corporativo\",\"Eventos\",\"Notas de prensa\"],\"inLanguage\":\"es\",\"potentialAction\":[{\"@type\":\"CommentAction\",\"name\":\"Comment\",\"target\":[\"https:\\\/\\\/eurecat.org\\\/es\\\/eurecat-organiza-conferencia-anual-centros-tecnologicos-europeos\\\/#respond\"]}]},{\"@type\":\"WebPage\",\"@id\":\"https:\\\/\\\/eurecat.org\\\/es\\\/eurecat-organiza-conferencia-anual-centros-tecnologicos-europeos\\\/\",\"url\":\"https:\\\/\\\/eurecat.org\\\/es\\\/eurecat-organiza-conferencia-anual-centros-tecnologicos-europeos\\\/\",\"name\":\"Eurecat organiza en Barcelona la Conferencia anual de los centros tecnol\u00f3gicos europeos - Eurecat\",\"isPartOf\":{\"@id\":\"https:\\\/\\\/eurecat.org\\\/es\\\/#website\"},\"primaryImageOfPage\":{\"@id\":\"https:\\\/\\\/eurecat.org\\\/es\\\/eurecat-organiza-conferencia-anual-centros-tecnologicos-europeos\\\/#primaryimage\"},\"image\":{\"@id\":\"https:\\\/\\\/eurecat.org\\\/es\\\/eurecat-organiza-conferencia-anual-centros-tecnologicos-europeos\\\/#primaryimage\"},\"thumbnailUrl\":\"https:\\\/\\\/eurecat.org\\\/wp-content\\\/uploads\\\/2022\\\/06\\\/Eurecat-EARTO2022_930x515px.jpg\",\"datePublished\":\"2022-05-17T10:55:23+00:00\",\"dateModified\":\"2022-06-02T11:07:09+00:00\",\"author\":{\"@id\":\"https:\\\/\\\/eurecat.org\\\/es\\\/#\\\/schema\\\/person\\\/8342992d6929ad043b305d3cac68b3f4\"},\"description\":\"El centro tecnol\u00f3gico Eurecat organiza en Barcelona la Conferencia anual de los centros tecnol\u00f3gicos europeos\",\"breadcrumb\":{\"@id\":\"https:\\\/\\\/eurecat.org\\\/es\\\/eurecat-organiza-conferencia-anual-centros-tecnologicos-europeos\\\/#breadcrumb\"},\"inLanguage\":\"es\",\"potentialAction\":[{\"@type\":\"ReadAction\",\"target\":[\"https:\\\/\\\/eurecat.org\\\/es\\\/eurecat-organiza-conferencia-anual-centros-tecnologicos-europeos\\\/\"]}]},{\"@type\":\"ImageObject\",\"inLanguage\":\"es\",\"@id\":\"https:\\\/\\\/eurecat.org\\\/es\\\/eurecat-organiza-conferencia-anual-centros-tecnologicos-europeos\\\/#primaryimage\",\"url\":\"https:\\\/\\\/eurecat.org\\\/wp-content\\\/uploads\\\/2022\\\/06\\\/Eurecat-EARTO2022_930x515px.jpg\",\"contentUrl\":\"https:\\\/\\\/eurecat.org\\\/wp-content\\\/uploads\\\/2022\\\/06\\\/Eurecat-EARTO2022_930x515px.jpg\",\"width\":930,\"height\":515,\"caption\":\"EARTO\"},{\"@type\":\"BreadcrumbList\",\"@id\":\"https:\\\/\\\/eurecat.org\\\/es\\\/eurecat-organiza-conferencia-anual-centros-tecnologicos-europeos\\\/#breadcrumb\",\"itemListElement\":[{\"@type\":\"ListItem\",\"position\":1,\"name\":\"Inici\",\"item\":\"https:\\\/\\\/eurecat.org\\\/es\\\/\"},{\"@type\":\"ListItem\",\"position\":2,\"name\":\"Eurecat organiza en Barcelona la Conferencia anual de los centros tecnol\u00f3gicos europeos\"}]},{\"@type\":\"WebSite\",\"@id\":\"https:\\\/\\\/eurecat.org\\\/es\\\/#website\",\"url\":\"https:\\\/\\\/eurecat.org\\\/es\\\/\",\"name\":\"Eurecat\",\"description\":\"Otro sitio realizado con WordPress\",\"potentialAction\":[{\"@type\":\"SearchAction\",\"target\":{\"@type\":\"EntryPoint\",\"urlTemplate\":\"https:\\\/\\\/eurecat.org\\\/es\\\/?s={search_term_string}\"},\"query-input\":{\"@type\":\"PropertyValueSpecification\",\"valueRequired\":true,\"valueName\":\"search_term_string\"}}],\"inLanguage\":\"es\"},{\"@type\":\"Person\",\"@id\":\"https:\\\/\\\/eurecat.org\\\/es\\\/#\\\/schema\\\/person\\\/8342992d6929ad043b305d3cac68b3f4\",\"name\":\"eurecatNG\",\"image\":{\"@type\":\"ImageObject\",\"inLanguage\":\"es\",\"@id\":\"https:\\\/\\\/secure.gravatar.com\\\/avatar\\\/63200cb70ae4f15a0f673050f36df149dba802bea7614e8f838aaccfcf8ea11d?s=96&d=mm&r=g\",\"url\":\"https:\\\/\\\/secure.gravatar.com\\\/avatar\\\/63200cb70ae4f15a0f673050f36df149dba802bea7614e8f838aaccfcf8ea11d?s=96&d=mm&r=g\",\"contentUrl\":\"https:\\\/\\\/secure.gravatar.com\\\/avatar\\\/63200cb70ae4f15a0f673050f36df149dba802bea7614e8f838aaccfcf8ea11d?s=96&d=mm&r=g\",\"caption\":\"eurecatNG\"}}]}<\/script>\n<!-- \/ Yoast SEO plugin. -->","yoast_head_json":{"title":"Eurecat organiza en Barcelona la Conferencia anual de los centros tecnol\u00f3gicos europeos - Eurecat","description":"El centro tecnol\u00f3gico Eurecat organiza en Barcelona la Conferencia anual de los centros tecnol\u00f3gicos europeos","robots":{"index":"index","follow":"follow","max-snippet":"max-snippet:-1","max-image-preview":"max-image-preview:large","max-video-preview":"max-video-preview:-1"},"canonical":"https:\/\/eurecat.org\/es\/eurecat-organiza-conferencia-anual-centros-tecnologicos-europeos\/","og_locale":"es_ES","og_type":"article","og_title":"Eurecat organiza en Barcelona la Conferencia anual de los centros tecnol\u00f3gicos europeos - Eurecat","og_description":"El centro tecnol\u00f3gico Eurecat organiza en Barcelona la Conferencia anual de los centros tecnol\u00f3gicos europeos","og_url":"https:\/\/eurecat.org\/es\/eurecat-organiza-conferencia-anual-centros-tecnologicos-europeos\/","og_site_name":"Eurecat","article_published_time":"2022-05-17T10:55:23+00:00","article_modified_time":"2022-06-02T11:07:09+00:00","og_image":[{"width":930,"height":515,"url":"https:\/\/eurecat.org\/wp-content\/uploads\/2022\/06\/Eurecat-EARTO2022_930x515px.jpg","type":"image\/jpeg"}],"author":"eurecatNG","twitter_card":"summary_large_image","twitter_misc":{"Escrito por":"eurecatNG","Tiempo de lectura":"2 minutos"},"schema":{"@context":"https:\/\/schema.org","@graph":[{"@type":"Article","@id":"https:\/\/eurecat.org\/es\/eurecat-organiza-conferencia-anual-centros-tecnologicos-europeos\/#article","isPartOf":{"@id":"https:\/\/eurecat.org\/es\/eurecat-organiza-conferencia-anual-centros-tecnologicos-europeos\/"},"author":{"name":"eurecatNG","@id":"https:\/\/eurecat.org\/es\/#\/schema\/person\/8342992d6929ad043b305d3cac68b3f4"},"headline":"Eurecat organiza en Barcelona la Conferencia anual de los centros tecnol\u00f3gicos europeos","datePublished":"2022-05-17T10:55:23+00:00","dateModified":"2022-06-02T11:07:09+00:00","mainEntityOfPage":{"@id":"https:\/\/eurecat.org\/es\/eurecat-organiza-conferencia-anual-centros-tecnologicos-europeos\/"},"wordCount":367,"commentCount":0,"image":{"@id":"https:\/\/eurecat.org\/es\/eurecat-organiza-conferencia-anual-centros-tecnologicos-europeos\/#primaryimage"},"thumbnailUrl":"https:\/\/eurecat.org\/wp-content\/uploads\/2022\/06\/Eurecat-EARTO2022_930x515px.jpg","articleSection":["Corporativo","Eventos","Notas de prensa"],"inLanguage":"es","potentialAction":[{"@type":"CommentAction","name":"Comment","target":["https:\/\/eurecat.org\/es\/eurecat-organiza-conferencia-anual-centros-tecnologicos-europeos\/#respond"]}]},{"@type":"WebPage","@id":"https:\/\/eurecat.org\/es\/eurecat-organiza-conferencia-anual-centros-tecnologicos-europeos\/","url":"https:\/\/eurecat.org\/es\/eurecat-organiza-conferencia-anual-centros-tecnologicos-europeos\/","name":"Eurecat organiza en Barcelona la Conferencia anual de los centros tecnol\u00f3gicos europeos - Eurecat","isPartOf":{"@id":"https:\/\/eurecat.org\/es\/#website"},"primaryImageOfPage":{"@id":"https:\/\/eurecat.org\/es\/eurecat-organiza-conferencia-anual-centros-tecnologicos-europeos\/#primaryimage"},"image":{"@id":"https:\/\/eurecat.org\/es\/eurecat-organiza-conferencia-anual-centros-tecnologicos-europeos\/#primaryimage"},"thumbnailUrl":"https:\/\/eurecat.org\/wp-content\/uploads\/2022\/06\/Eurecat-EARTO2022_930x515px.jpg","datePublished":"2022-05-17T10:55:23+00:00","dateModified":"2022-06-02T11:07:09+00:00","author":{"@id":"https:\/\/eurecat.org\/es\/#\/schema\/person\/8342992d6929ad043b305d3cac68b3f4"},"description":"El centro tecnol\u00f3gico Eurecat organiza en Barcelona la Conferencia anual de los centros tecnol\u00f3gicos europeos","breadcrumb":{"@id":"https:\/\/eurecat.org\/es\/eurecat-organiza-conferencia-anual-centros-tecnologicos-europeos\/#breadcrumb"},"inLanguage":"es","potentialAction":[{"@type":"ReadAction","target":["https:\/\/eurecat.org\/es\/eurecat-organiza-conferencia-anual-centros-tecnologicos-europeos\/"]}]},{"@type":"ImageObject","inLanguage":"es","@id":"https:\/\/eurecat.org\/es\/eurecat-organiza-conferencia-anual-centros-tecnologicos-europeos\/#primaryimage","url":"https:\/\/eurecat.org\/wp-content\/uploads\/2022\/06\/Eurecat-EARTO2022_930x515px.jpg","contentUrl":"https:\/\/eurecat.org\/wp-content\/uploads\/2022\/06\/Eurecat-EARTO2022_930x515px.jpg","width":930,"height":515,"caption":"EARTO"},{"@type":"BreadcrumbList","@id":"https:\/\/eurecat.org\/es\/eurecat-organiza-conferencia-anual-centros-tecnologicos-europeos\/#breadcrumb","itemListElement":[{"@type":"ListItem","position":1,"name":"Inici","item":"https:\/\/eurecat.org\/es\/"},{"@type":"ListItem","position":2,"name":"Eurecat organiza en Barcelona la Conferencia anual de los centros tecnol\u00f3gicos europeos"}]},{"@type":"WebSite","@id":"https:\/\/eurecat.org\/es\/#website","url":"https:\/\/eurecat.org\/es\/","name":"Eurecat","description":"Otro sitio realizado con WordPress","potentialAction":[{"@type":"SearchAction","target":{"@type":"EntryPoint","urlTemplate":"https:\/\/eurecat.org\/es\/?s={search_term_string}"},"query-input":{"@type":"PropertyValueSpecification","valueRequired":true,"valueName":"search_term_string"}}],"inLanguage":"es"},{"@type":"Person","@id":"https:\/\/eurecat.org\/es\/#\/schema\/person\/8342992d6929ad043b305d3cac68b3f4","name":"eurecatNG","image":{"@type":"ImageObject","inLanguage":"es","@id":"https:\/\/secure.gravatar.com\/avatar\/63200cb70ae4f15a0f673050f36df149dba802bea7614e8f838aaccfcf8ea11d?s=96&d=mm&r=g","url":"https:\/\/secure.gravatar.com\/avatar\/63200cb70ae4f15a0f673050f36df149dba802bea7614e8f838aaccfcf8ea11d?s=96&d=mm&r=g","contentUrl":"https:\/\/secure.gravatar.com\/avatar\/63200cb70ae4f15a0f673050f36df149dba802bea7614e8f838aaccfcf8ea11d?s=96&d=mm&r=g","caption":"eurecatNG"}}]}},"_links":{"self":[{"href":"https:\/\/eurecat.org\/es\/wp-json\/wp\/v2\/posts\/123721","targetHints":{"allow":["GET"]}}],"collection":[{"href":"https:\/\/eurecat.org\/es\/wp-json\/wp\/v2\/posts"}],"about":[{"href":"https:\/\/eurecat.org\/es\/wp-json\/wp\/v2\/types\/post"}],"author":[{"embeddable":true,"href":"https:\/\/eurecat.org\/es\/wp-json\/wp\/v2\/users\/27"}],"replies":[{"embeddable":true,"href":"https:\/\/eurecat.org\/es\/wp-json\/wp\/v2\/comments?post=123721"}],"version-history":[{"count":0,"href":"https:\/\/eurecat.org\/es\/wp-json\/wp\/v2\/posts\/123721\/revisions"}],"wp:featuredmedia":[{"embeddable":true,"href":"https:\/\/eurecat.org\/es\/wp-json\/wp\/v2\/media\/123718"}],"wp:attachment":[{"href":"https:\/\/eurecat.org\/es\/wp-json\/wp\/v2\/media?parent=123721"}],"wp:term":[{"taxonomy":"category","embeddable":true,"href":"https:\/\/eurecat.org\/es\/wp-json\/wp\/v2\/categories?post=123721"},{"taxonomy":"post_tag","embeddable":true,"href":"https:\/\/eurecat.org\/es\/wp-json\/wp\/v2\/tags?post=123721"}],"curies":[{"name":"wp","href":"https:\/\/api.w.org\/{rel}","templated":true}]}}