{"id":124052,"date":"2022-06-20T14:10:20","date_gmt":"2022-06-20T13:10:20","guid":{"rendered":"https:\/\/eurecat.org\/?p=124052"},"modified":"2022-06-20T14:14:29","modified_gmt":"2022-06-20T13:14:29","slug":"comision-europea-2_8m-dih4cat-seleccionado-hubs-transformacion-digital-pymes-europa","status":"publish","type":"post","link":"https:\/\/eurecat.org\/es\/comision-europea-2_8m-dih4cat-seleccionado-hubs-transformacion-digital-pymes-europa\/","title":{"rendered":"La Comisi\u00f3n Europea destinar\u00e1 2,8 MEUR al DIH4CAT, seleccionado como uno de los \u2018hubs\u2019 de transformaci\u00f3n digital de las pymes en Europa"},"content":{"rendered":"<div class=\"fusion-fullwidth fullwidth-box fusion-builder-row-1 fusion-flex-container nonhundred-percent-fullwidth non-hundred-percent-height-scrolling\" style=\"--awb-border-radius-top-left:0px;--awb-border-radius-top-right:0px;--awb-border-radius-bottom-right:0px;--awb-border-radius-bottom-left:0px;--awb-flex-wrap:wrap;\" ><div class=\"fusion-builder-row fusion-row fusion-flex-align-items-flex-start fusion-flex-content-wrap\" style=\"max-width:1424.8px;margin-left: calc(-4% \/ 2 );margin-right: calc(-4% \/ 2 );\"><div class=\"fusion-layout-column fusion_builder_column fusion-builder-column-0 fusion_builder_column_1_1 1_1 fusion-flex-column\" style=\"--awb-bg-size:cover;--awb-width-large:100%;--awb-margin-top-large:0px;--awb-spacing-right-large:1.92%;--awb-margin-bottom-large:0px;--awb-spacing-left-large:1.92%;--awb-width-medium:100%;--awb-spacing-right-medium:1.92%;--awb-spacing-left-medium:1.92%;--awb-width-small:100%;--awb-spacing-right-small:1.92%;--awb-spacing-left-small:1.92%;\"><div class=\"fusion-column-wrapper fusion-flex-justify-content-flex-start fusion-content-layout-column\"><div class=\"fusion-text fusion-text-1\" style=\"--awb-text-transform:none;\"><p>La Comisi\u00f3n Europea ha elegido al consorcio p\u00fablico-privado catal\u00e1n DIH4CAT, en el que participa Eurecat, como uno de los <em>hubs<\/em> de la Uni\u00f3n Europea responsables de la transformaci\u00f3n digital de las pymes. As\u00ed, el DIH4CAT se convierte en uno de los European Digital Innovation Hubs (EDIH) con el objetivo de contribuir a que el 75% de las pymes europeas hayan llevado a cabo procesos de digitalizaci\u00f3n avanzada en 2030.<\/p>\n<p>Con este reconocimiento, la Comisi\u00f3n Europea destinar\u00e1 2,8 millones de euros al proyecto catal\u00e1n, que est\u00e1 impulsado por el Departamento de Empresa y Trabajo mediante ACCI\u00d3, el Departamento de la Vicepresidencia y de Pol\u00edticas Digitales y Territorio, Foment del Treball, PIMEC, Eurecat, CVC, ICFO, i2CAT, Leitat, Universitat Polit\u00e8cnica de Catalunya (UPC), Barcelona Supercomputing Center (BCS) e IESE Business School. Aparte de los 2,8 MEUR de la Comisi\u00f3n Europea, la Generalitat de Catalunya, el Ministerio de Econom\u00eda y Competitividad y los socios del proyecto aportar\u00e1n hasta 4 millones de euros a la iniciativa.<\/p>\n<p>As\u00ed, el DIH4CAT facilitar\u00e1 que las empresas catalanas puedan realizar pruebas y testeos de tecnolog\u00edas avanzadas antes de invertir para implementarlas en sus negocios. De momento, dentro de la aportaci\u00f3n de los socios del proyecto, un primer mill\u00f3n de euros por parte del Departamento de la Vicepresidencia y de Pol\u00edticas Digitales y Territorio permitir\u00e1 que este verano ya se destinen ayudas de hasta 10.000 euros a 100 empresas catalanas para que puedan llevar a cabo estas pruebas de concepto, desarrollo de prototipos o ensayos en los laboratorios e infraestructuras de los miembros del DIH4CAT. Las tecnolog\u00edas que podr\u00e1n testear estar\u00e1n vinculadas con la impresi\u00f3n 3D, la rob\u00f3tica, la supercomputaci\u00f3n\/cu\u00e1ntica, la ciberseguridad, el blockchain, la inteligencia artificial, el big data, el IoT, el 5G y la fot\u00f3nica.<\/p>\n<p>En paralelo, tambi\u00e9n se ofrecer\u00e1n servicios de consultor\u00eda tecnol\u00f3gica previa al testeo; formaci\u00f3n tecnol\u00f3gica especializada; conexi\u00f3n con el ecosistema de innovaci\u00f3n, y asesoramiento en la b\u00fasqueda de financiaci\u00f3n. El DIH4CAT se configura como un centro de servicios en red, a modo de \u00abventanilla \u00fanica\u00bb a trav\u00e9s de la cual las empresas y las instituciones p\u00fablicas pueden acceder a capacidad, soluciones e infraestructuras tecnol\u00f3gicas para impulsar su transformaci\u00f3n digital.<\/p>\n<p>Aparte de la financiaci\u00f3n de la Generalitat y la Comisi\u00f3n Europea, el DIH4CAT tambi\u00e9n optar\u00e1 a una l\u00ednea de fondo Next Generation vehiculada a trav\u00e9s de Fundaci\u00f3n EOI del Ministerio de Econom\u00eda y Competitividad que en total contar\u00e1 con una dotaci\u00f3n superior a los 40 millones de euros para todo el Estado espa\u00f1ol. En este caso, las ayudas a cada empresa ser\u00e1n entre 30.000 y 60.000 euros.<\/p>\n<p>El DIH4CAT tambi\u00e9n pone a disposici\u00f3n de las empresas una herramienta de autoorientaci\u00f3n para analizar su grado de madurez digital de forma r\u00e1pida, sencilla y \u00e1gil. Despu\u00e9s de realizar el autodiagn\u00f3stico <a href=\"https:\/\/autorientacio.dih4cat.cat\/\">a trav\u00e9s de este enlace<\/a>, las empresas pueden obtener autom\u00e1ticamente un informe personalizado con la evaluaci\u00f3n de la madurez digital, seguido de un conjunto de recomendaciones y pr\u00f3ximos pasos para avanzar en la transformaci\u00f3n digital, y acompa\u00f1ado con la identificaci\u00f3n de los principales recursos de inter\u00e9s del DIH4CAT y de los nodos tecnol\u00f3gicos que lo integran.<\/p>\n<\/div><\/div><\/div><\/div><\/div>\n","protected":false},"excerpt":{"rendered":"","protected":false},"author":12,"featured_media":123580,"comment_status":"open","ping_status":"closed","sticky":false,"template":"","format":"standard","meta":{"footnotes":""},"categories":[134,410,2289],"tags":[],"class_list":["post-124052","post","type-post","status-publish","format-standard","has-post-thumbnail","hentry","category-notas-de-prensa","category-smart-management-systems","category-tic-es"],"yoast_head":"<!-- This site is optimized with the Yoast SEO plugin v27.5 - https:\/\/yoast.com\/product\/yoast-seo-wordpress\/ -->\n<title>La Comisi\u00f3n Europea destinar\u00e1 2,8 MEUR al DIH4CAT<\/title>\n<meta name=\"description\" content=\"La Comisi\u00f3n Europea destinar\u00e1 2,8 MEUR al DIH4CAT, seleccionado como uno de los \u2018hubs\u2019 de transformaci\u00f3n digital de las pymes en Europa\" \/>\n<meta name=\"robots\" content=\"index, follow, max-snippet:-1, max-image-preview:large, max-video-preview:-1\" \/>\n<link rel=\"canonical\" href=\"https:\/\/eurecat.org\/es\/comision-europea-2_8m-dih4cat-seleccionado-hubs-transformacion-digital-pymes-europa\/\" \/>\n<meta property=\"og:locale\" content=\"es_ES\" \/>\n<meta property=\"og:type\" content=\"article\" \/>\n<meta property=\"og:title\" content=\"La Comisi\u00f3n Europea destinar\u00e1 2,8 MEUR al DIH4CAT\" \/>\n<meta property=\"og:description\" content=\"La Comisi\u00f3n Europea destinar\u00e1 2,8 MEUR al DIH4CAT, seleccionado como uno de los \u2018hubs\u2019 de transformaci\u00f3n digital de las pymes en Europa\" \/>\n<meta property=\"og:url\" content=\"https:\/\/eurecat.org\/es\/comision-europea-2_8m-dih4cat-seleccionado-hubs-transformacion-digital-pymes-europa\/\" \/>\n<meta property=\"og:site_name\" content=\"Eurecat\" \/>\n<meta property=\"article:published_time\" content=\"2022-06-20T13:10:20+00:00\" \/>\n<meta property=\"article:modified_time\" content=\"2022-06-20T13:14:29+00:00\" \/>\n<meta property=\"og:image\" content=\"https:\/\/eurecat.org\/wp-content\/uploads\/2022\/05\/DIH4CAT_ACCIO_0300_800px.jpg\" \/>\n\t<meta property=\"og:image:width\" content=\"800\" \/>\n\t<meta property=\"og:image:height\" content=\"533\" \/>\n\t<meta property=\"og:image:type\" content=\"image\/jpeg\" \/>\n<meta name=\"author\" content=\"EurecatEG\" \/>\n<meta name=\"twitter:card\" content=\"summary_large_image\" \/>\n<meta name=\"twitter:label1\" content=\"Escrito por\" \/>\n\t<meta name=\"twitter:data1\" content=\"EurecatEG\" \/>\n\t<meta name=\"twitter:label2\" content=\"Tiempo de lectura\" \/>\n\t<meta name=\"twitter:data2\" content=\"4 minutos\" \/>\n<script type=\"application\/ld+json\" class=\"yoast-schema-graph\">{\"@context\":\"https:\\\/\\\/schema.org\",\"@graph\":[{\"@type\":\"Article\",\"@id\":\"https:\\\/\\\/eurecat.org\\\/es\\\/comision-europea-2_8m-dih4cat-seleccionado-hubs-transformacion-digital-pymes-europa\\\/#article\",\"isPartOf\":{\"@id\":\"https:\\\/\\\/eurecat.org\\\/es\\\/comision-europea-2_8m-dih4cat-seleccionado-hubs-transformacion-digital-pymes-europa\\\/\"},\"author\":{\"name\":\"EurecatEG\",\"@id\":\"https:\\\/\\\/eurecat.org\\\/es\\\/#\\\/schema\\\/person\\\/def9217eded50ee57a9dc4cf0c883f80\"},\"headline\":\"La Comisi\u00f3n Europea destinar\u00e1 2,8 MEUR al DIH4CAT, seleccionado como uno de los \u2018hubs\u2019 de transformaci\u00f3n digital de las pymes en Europa\",\"datePublished\":\"2022-06-20T13:10:20+00:00\",\"dateModified\":\"2022-06-20T13:14:29+00:00\",\"mainEntityOfPage\":{\"@id\":\"https:\\\/\\\/eurecat.org\\\/es\\\/comision-europea-2_8m-dih4cat-seleccionado-hubs-transformacion-digital-pymes-europa\\\/\"},\"wordCount\":842,\"commentCount\":0,\"image\":{\"@id\":\"https:\\\/\\\/eurecat.org\\\/es\\\/comision-europea-2_8m-dih4cat-seleccionado-hubs-transformacion-digital-pymes-europa\\\/#primaryimage\"},\"thumbnailUrl\":\"https:\\\/\\\/eurecat.org\\\/wp-content\\\/uploads\\\/2022\\\/05\\\/DIH4CAT_ACCIO_0300_800px.jpg\",\"articleSection\":[\"Notas de prensa\",\"Smart Management Systems\",\"Tic\"],\"inLanguage\":\"es\",\"potentialAction\":[{\"@type\":\"CommentAction\",\"name\":\"Comment\",\"target\":[\"https:\\\/\\\/eurecat.org\\\/es\\\/comision-europea-2_8m-dih4cat-seleccionado-hubs-transformacion-digital-pymes-europa\\\/#respond\"]}]},{\"@type\":\"WebPage\",\"@id\":\"https:\\\/\\\/eurecat.org\\\/es\\\/comision-europea-2_8m-dih4cat-seleccionado-hubs-transformacion-digital-pymes-europa\\\/\",\"url\":\"https:\\\/\\\/eurecat.org\\\/es\\\/comision-europea-2_8m-dih4cat-seleccionado-hubs-transformacion-digital-pymes-europa\\\/\",\"name\":\"La Comisi\u00f3n Europea destinar\u00e1 2,8 MEUR al DIH4CAT\",\"isPartOf\":{\"@id\":\"https:\\\/\\\/eurecat.org\\\/es\\\/#website\"},\"primaryImageOfPage\":{\"@id\":\"https:\\\/\\\/eurecat.org\\\/es\\\/comision-europea-2_8m-dih4cat-seleccionado-hubs-transformacion-digital-pymes-europa\\\/#primaryimage\"},\"image\":{\"@id\":\"https:\\\/\\\/eurecat.org\\\/es\\\/comision-europea-2_8m-dih4cat-seleccionado-hubs-transformacion-digital-pymes-europa\\\/#primaryimage\"},\"thumbnailUrl\":\"https:\\\/\\\/eurecat.org\\\/wp-content\\\/uploads\\\/2022\\\/05\\\/DIH4CAT_ACCIO_0300_800px.jpg\",\"datePublished\":\"2022-06-20T13:10:20+00:00\",\"dateModified\":\"2022-06-20T13:14:29+00:00\",\"author\":{\"@id\":\"https:\\\/\\\/eurecat.org\\\/es\\\/#\\\/schema\\\/person\\\/def9217eded50ee57a9dc4cf0c883f80\"},\"description\":\"La Comisi\u00f3n Europea destinar\u00e1 2,8 MEUR al DIH4CAT, seleccionado como uno de los \u2018hubs\u2019 de transformaci\u00f3n digital de las pymes en Europa\",\"breadcrumb\":{\"@id\":\"https:\\\/\\\/eurecat.org\\\/es\\\/comision-europea-2_8m-dih4cat-seleccionado-hubs-transformacion-digital-pymes-europa\\\/#breadcrumb\"},\"inLanguage\":\"es\",\"potentialAction\":[{\"@type\":\"ReadAction\",\"target\":[\"https:\\\/\\\/eurecat.org\\\/es\\\/comision-europea-2_8m-dih4cat-seleccionado-hubs-transformacion-digital-pymes-europa\\\/\"]}]},{\"@type\":\"ImageObject\",\"inLanguage\":\"es\",\"@id\":\"https:\\\/\\\/eurecat.org\\\/es\\\/comision-europea-2_8m-dih4cat-seleccionado-hubs-transformacion-digital-pymes-europa\\\/#primaryimage\",\"url\":\"https:\\\/\\\/eurecat.org\\\/wp-content\\\/uploads\\\/2022\\\/05\\\/DIH4CAT_ACCIO_0300_800px.jpg\",\"contentUrl\":\"https:\\\/\\\/eurecat.org\\\/wp-content\\\/uploads\\\/2022\\\/05\\\/DIH4CAT_ACCIO_0300_800px.jpg\",\"width\":800,\"height\":533,\"caption\":\"dih4cat\"},{\"@type\":\"BreadcrumbList\",\"@id\":\"https:\\\/\\\/eurecat.org\\\/es\\\/comision-europea-2_8m-dih4cat-seleccionado-hubs-transformacion-digital-pymes-europa\\\/#breadcrumb\",\"itemListElement\":[{\"@type\":\"ListItem\",\"position\":1,\"name\":\"Inici\",\"item\":\"https:\\\/\\\/eurecat.org\\\/es\\\/\"},{\"@type\":\"ListItem\",\"position\":2,\"name\":\"La Comisi\u00f3n Europea destinar\u00e1 2,8 MEUR al DIH4CAT, seleccionado como uno de los \u2018hubs\u2019 de transformaci\u00f3n digital de las pymes en Europa\"}]},{\"@type\":\"WebSite\",\"@id\":\"https:\\\/\\\/eurecat.org\\\/es\\\/#website\",\"url\":\"https:\\\/\\\/eurecat.org\\\/es\\\/\",\"name\":\"Eurecat\",\"description\":\"Otro sitio realizado con WordPress\",\"potentialAction\":[{\"@type\":\"SearchAction\",\"target\":{\"@type\":\"EntryPoint\",\"urlTemplate\":\"https:\\\/\\\/eurecat.org\\\/es\\\/?s={search_term_string}\"},\"query-input\":{\"@type\":\"PropertyValueSpecification\",\"valueRequired\":true,\"valueName\":\"search_term_string\"}}],\"inLanguage\":\"es\"},{\"@type\":\"Person\",\"@id\":\"https:\\\/\\\/eurecat.org\\\/es\\\/#\\\/schema\\\/person\\\/def9217eded50ee57a9dc4cf0c883f80\",\"name\":\"EurecatEG\",\"image\":{\"@type\":\"ImageObject\",\"inLanguage\":\"es\",\"@id\":\"https:\\\/\\\/secure.gravatar.com\\\/avatar\\\/f40dd9b6ecd3e5c591f3c9b033e495ee0ec9877ba77249fbf268b3889350c824?s=96&d=mm&r=g\",\"url\":\"https:\\\/\\\/secure.gravatar.com\\\/avatar\\\/f40dd9b6ecd3e5c591f3c9b033e495ee0ec9877ba77249fbf268b3889350c824?s=96&d=mm&r=g\",\"contentUrl\":\"https:\\\/\\\/secure.gravatar.com\\\/avatar\\\/f40dd9b6ecd3e5c591f3c9b033e495ee0ec9877ba77249fbf268b3889350c824?s=96&d=mm&r=g\",\"caption\":\"EurecatEG\"}}]}<\/script>\n<!-- \/ Yoast SEO plugin. -->","yoast_head_json":{"title":"La Comisi\u00f3n Europea destinar\u00e1 2,8 MEUR al DIH4CAT","description":"La Comisi\u00f3n Europea destinar\u00e1 2,8 MEUR al DIH4CAT, seleccionado como uno de los \u2018hubs\u2019 de transformaci\u00f3n digital de las pymes en Europa","robots":{"index":"index","follow":"follow","max-snippet":"max-snippet:-1","max-image-preview":"max-image-preview:large","max-video-preview":"max-video-preview:-1"},"canonical":"https:\/\/eurecat.org\/es\/comision-europea-2_8m-dih4cat-seleccionado-hubs-transformacion-digital-pymes-europa\/","og_locale":"es_ES","og_type":"article","og_title":"La Comisi\u00f3n Europea destinar\u00e1 2,8 MEUR al DIH4CAT","og_description":"La Comisi\u00f3n Europea destinar\u00e1 2,8 MEUR al DIH4CAT, seleccionado como uno de los \u2018hubs\u2019 de transformaci\u00f3n digital de las pymes en Europa","og_url":"https:\/\/eurecat.org\/es\/comision-europea-2_8m-dih4cat-seleccionado-hubs-transformacion-digital-pymes-europa\/","og_site_name":"Eurecat","article_published_time":"2022-06-20T13:10:20+00:00","article_modified_time":"2022-06-20T13:14:29+00:00","og_image":[{"width":800,"height":533,"url":"https:\/\/eurecat.org\/wp-content\/uploads\/2022\/05\/DIH4CAT_ACCIO_0300_800px.jpg","type":"image\/jpeg"}],"author":"EurecatEG","twitter_card":"summary_large_image","twitter_misc":{"Escrito por":"EurecatEG","Tiempo de lectura":"4 minutos"},"schema":{"@context":"https:\/\/schema.org","@graph":[{"@type":"Article","@id":"https:\/\/eurecat.org\/es\/comision-europea-2_8m-dih4cat-seleccionado-hubs-transformacion-digital-pymes-europa\/#article","isPartOf":{"@id":"https:\/\/eurecat.org\/es\/comision-europea-2_8m-dih4cat-seleccionado-hubs-transformacion-digital-pymes-europa\/"},"author":{"name":"EurecatEG","@id":"https:\/\/eurecat.org\/es\/#\/schema\/person\/def9217eded50ee57a9dc4cf0c883f80"},"headline":"La Comisi\u00f3n Europea destinar\u00e1 2,8 MEUR al DIH4CAT, seleccionado como uno de los \u2018hubs\u2019 de transformaci\u00f3n digital de las pymes en Europa","datePublished":"2022-06-20T13:10:20+00:00","dateModified":"2022-06-20T13:14:29+00:00","mainEntityOfPage":{"@id":"https:\/\/eurecat.org\/es\/comision-europea-2_8m-dih4cat-seleccionado-hubs-transformacion-digital-pymes-europa\/"},"wordCount":842,"commentCount":0,"image":{"@id":"https:\/\/eurecat.org\/es\/comision-europea-2_8m-dih4cat-seleccionado-hubs-transformacion-digital-pymes-europa\/#primaryimage"},"thumbnailUrl":"https:\/\/eurecat.org\/wp-content\/uploads\/2022\/05\/DIH4CAT_ACCIO_0300_800px.jpg","articleSection":["Notas de prensa","Smart Management Systems","Tic"],"inLanguage":"es","potentialAction":[{"@type":"CommentAction","name":"Comment","target":["https:\/\/eurecat.org\/es\/comision-europea-2_8m-dih4cat-seleccionado-hubs-transformacion-digital-pymes-europa\/#respond"]}]},{"@type":"WebPage","@id":"https:\/\/eurecat.org\/es\/comision-europea-2_8m-dih4cat-seleccionado-hubs-transformacion-digital-pymes-europa\/","url":"https:\/\/eurecat.org\/es\/comision-europea-2_8m-dih4cat-seleccionado-hubs-transformacion-digital-pymes-europa\/","name":"La Comisi\u00f3n Europea destinar\u00e1 2,8 MEUR al DIH4CAT","isPartOf":{"@id":"https:\/\/eurecat.org\/es\/#website"},"primaryImageOfPage":{"@id":"https:\/\/eurecat.org\/es\/comision-europea-2_8m-dih4cat-seleccionado-hubs-transformacion-digital-pymes-europa\/#primaryimage"},"image":{"@id":"https:\/\/eurecat.org\/es\/comision-europea-2_8m-dih4cat-seleccionado-hubs-transformacion-digital-pymes-europa\/#primaryimage"},"thumbnailUrl":"https:\/\/eurecat.org\/wp-content\/uploads\/2022\/05\/DIH4CAT_ACCIO_0300_800px.jpg","datePublished":"2022-06-20T13:10:20+00:00","dateModified":"2022-06-20T13:14:29+00:00","author":{"@id":"https:\/\/eurecat.org\/es\/#\/schema\/person\/def9217eded50ee57a9dc4cf0c883f80"},"description":"La Comisi\u00f3n Europea destinar\u00e1 2,8 MEUR al DIH4CAT, seleccionado como uno de los \u2018hubs\u2019 de transformaci\u00f3n digital de las pymes en Europa","breadcrumb":{"@id":"https:\/\/eurecat.org\/es\/comision-europea-2_8m-dih4cat-seleccionado-hubs-transformacion-digital-pymes-europa\/#breadcrumb"},"inLanguage":"es","potentialAction":[{"@type":"ReadAction","target":["https:\/\/eurecat.org\/es\/comision-europea-2_8m-dih4cat-seleccionado-hubs-transformacion-digital-pymes-europa\/"]}]},{"@type":"ImageObject","inLanguage":"es","@id":"https:\/\/eurecat.org\/es\/comision-europea-2_8m-dih4cat-seleccionado-hubs-transformacion-digital-pymes-europa\/#primaryimage","url":"https:\/\/eurecat.org\/wp-content\/uploads\/2022\/05\/DIH4CAT_ACCIO_0300_800px.jpg","contentUrl":"https:\/\/eurecat.org\/wp-content\/uploads\/2022\/05\/DIH4CAT_ACCIO_0300_800px.jpg","width":800,"height":533,"caption":"dih4cat"},{"@type":"BreadcrumbList","@id":"https:\/\/eurecat.org\/es\/comision-europea-2_8m-dih4cat-seleccionado-hubs-transformacion-digital-pymes-europa\/#breadcrumb","itemListElement":[{"@type":"ListItem","position":1,"name":"Inici","item":"https:\/\/eurecat.org\/es\/"},{"@type":"ListItem","position":2,"name":"La Comisi\u00f3n Europea destinar\u00e1 2,8 MEUR al DIH4CAT, seleccionado como uno de los \u2018hubs\u2019 de transformaci\u00f3n digital de las pymes en Europa"}]},{"@type":"WebSite","@id":"https:\/\/eurecat.org\/es\/#website","url":"https:\/\/eurecat.org\/es\/","name":"Eurecat","description":"Otro sitio realizado con WordPress","potentialAction":[{"@type":"SearchAction","target":{"@type":"EntryPoint","urlTemplate":"https:\/\/eurecat.org\/es\/?s={search_term_string}"},"query-input":{"@type":"PropertyValueSpecification","valueRequired":true,"valueName":"search_term_string"}}],"inLanguage":"es"},{"@type":"Person","@id":"https:\/\/eurecat.org\/es\/#\/schema\/person\/def9217eded50ee57a9dc4cf0c883f80","name":"EurecatEG","image":{"@type":"ImageObject","inLanguage":"es","@id":"https:\/\/secure.gravatar.com\/avatar\/f40dd9b6ecd3e5c591f3c9b033e495ee0ec9877ba77249fbf268b3889350c824?s=96&d=mm&r=g","url":"https:\/\/secure.gravatar.com\/avatar\/f40dd9b6ecd3e5c591f3c9b033e495ee0ec9877ba77249fbf268b3889350c824?s=96&d=mm&r=g","contentUrl":"https:\/\/secure.gravatar.com\/avatar\/f40dd9b6ecd3e5c591f3c9b033e495ee0ec9877ba77249fbf268b3889350c824?s=96&d=mm&r=g","caption":"EurecatEG"}}]}},"_links":{"self":[{"href":"https:\/\/eurecat.org\/es\/wp-json\/wp\/v2\/posts\/124052","targetHints":{"allow":["GET"]}}],"collection":[{"href":"https:\/\/eurecat.org\/es\/wp-json\/wp\/v2\/posts"}],"about":[{"href":"https:\/\/eurecat.org\/es\/wp-json\/wp\/v2\/types\/post"}],"author":[{"embeddable":true,"href":"https:\/\/eurecat.org\/es\/wp-json\/wp\/v2\/users\/12"}],"replies":[{"embeddable":true,"href":"https:\/\/eurecat.org\/es\/wp-json\/wp\/v2\/comments?post=124052"}],"version-history":[{"count":0,"href":"https:\/\/eurecat.org\/es\/wp-json\/wp\/v2\/posts\/124052\/revisions"}],"wp:featuredmedia":[{"embeddable":true,"href":"https:\/\/eurecat.org\/es\/wp-json\/wp\/v2\/media\/123580"}],"wp:attachment":[{"href":"https:\/\/eurecat.org\/es\/wp-json\/wp\/v2\/media?parent=124052"}],"wp:term":[{"taxonomy":"category","embeddable":true,"href":"https:\/\/eurecat.org\/es\/wp-json\/wp\/v2\/categories?post=124052"},{"taxonomy":"post_tag","embeddable":true,"href":"https:\/\/eurecat.org\/es\/wp-json\/wp\/v2\/tags?post=124052"}],"curies":[{"name":"wp","href":"https:\/\/api.w.org\/{rel}","templated":true}]}}