{"id":124064,"date":"2022-06-20T16:23:05","date_gmt":"2022-06-20T15:23:05","guid":{"rendered":"https:\/\/eurecat.org\/?p=124064"},"modified":"2022-06-20T16:24:53","modified_gmt":"2022-06-20T15:24:53","slug":"la-universitat-de-girona-y-eurecat-impulsan-la-creacion-de-un-espacio-colaborativo-en-fabricacion-digital","status":"publish","type":"post","link":"https:\/\/eurecat.org\/es\/la-universitat-de-girona-y-eurecat-impulsan-la-creacion-de-un-espacio-colaborativo-en-fabricacion-digital\/","title":{"rendered":"La Universitat de Girona y Eurecat impulsan la creaci\u00f3n de un espacio colaborativo en fabricaci\u00f3n digital"},"content":{"rendered":"<div class=\"fusion-fullwidth fullwidth-box fusion-builder-row-1 fusion-flex-container nonhundred-percent-fullwidth non-hundred-percent-height-scrolling\" style=\"--awb-border-radius-top-left:0px;--awb-border-radius-top-right:0px;--awb-border-radius-bottom-right:0px;--awb-border-radius-bottom-left:0px;--awb-flex-wrap:wrap;\" ><div class=\"fusion-builder-row fusion-row fusion-flex-align-items-flex-start fusion-flex-content-wrap\" style=\"max-width:1424.8px;margin-left: calc(-4% \/ 2 );margin-right: calc(-4% \/ 2 );\"><div class=\"fusion-layout-column fusion_builder_column fusion-builder-column-0 fusion_builder_column_1_1 1_1 fusion-flex-column\" style=\"--awb-bg-size:cover;--awb-width-large:100%;--awb-margin-top-large:0px;--awb-spacing-right-large:1.92%;--awb-margin-bottom-large:0px;--awb-spacing-left-large:1.92%;--awb-width-medium:100%;--awb-spacing-right-medium:1.92%;--awb-spacing-left-medium:1.92%;--awb-width-small:100%;--awb-spacing-right-small:1.92%;--awb-spacing-left-small:1.92%;\"><div class=\"fusion-column-wrapper fusion-flex-justify-content-flex-start fusion-content-layout-column\"><div class=\"fusion-text fusion-text-1\" style=\"--awb-text-transform:none;\"><p>La Universitat de Girona (UdG) y el centro tecnol\u00f3gico Eurecat impulsar\u00e1n las tecnolog\u00edas de impresi\u00f3n 3D y de fabricaci\u00f3n digital mediante la creaci\u00f3n del 3Digital Manufacturing Lab Girona (3DML), un espacio colaborativo que generar\u00e1 nuevas tecnolog\u00edas y conocimiento en el territorio, en el \u00e1mbito industrial, social y de la investigaci\u00f3n.<\/p>\n<p>En esta l\u00ednea, la colaboraci\u00f3n permitir\u00e1 la transferencia de conocimiento en tecnolog\u00edas de manufactura y en el desarrollo de nuevas tecnolog\u00edas y sistemas de fabricaci\u00f3n avanzados, desde la unidad especializada en sistemas avanzados de fabricaci\u00f3n de Eurecat a los grupos de investigaci\u00f3n de la UdG, para dar respuesta conjuntamente a las necesidades de innovaci\u00f3n del tejido industrial de la ciudad y de las comarcas de Girona.<\/p>\n<p>El convenio ha sido suscrito por el director general Corporativo y de Operaciones de Eurecat, Xavier L\u00f3pez, y por el rector de la UdG, Quim Salvi, para un per\u00edodo de cuatro a\u00f1os. El acto de firma ha contado tambi\u00e9n con la participaci\u00f3n del vicerrector de Proyectos Estrat\u00e9gicos e Internacionalizaci\u00f3n de la UdG, Josep Calb\u00f3, y del director de Desarrollo de Negocio de Eurecat y gerente de Eurecat Girona, Guillem Quintana.<\/p>\n<p>\u201cCuando en la UdG aprobamos el Plan Estrat\u00e9gico de la Suma de Inteligencias busc\u00e1bamos las complicidades del trabajo en red con las instituciones de referencia del territorio para crecer en talento y crecer en conocimiento, y en servicios hacia el territorio, hacia el sector sociocultural y socioecon\u00f3mico. Hoy estamos dando un paso decisivo en la impresi\u00f3n 3D y la fabricaci\u00f3n digital para que herramientas, maquinaria y conocimiento de la Universitat y de Eurecat est\u00e9n en un \u00fanico centro al servicio de la investigaci\u00f3n y la transferencia para dar riqueza al territorio. Un servicio que estamos realizando como agentes de conocimiento y territoriales, de centros tecnol\u00f3gicos y centros de investigaci\u00f3n, en Girona, pero con vocaci\u00f3n nacional para las empresas del pa\u00eds. Es un d\u00eda importante porque nos hemos puesto de acuerdo para hacerlo posible, para poder ofrecer este servicio de referencia en Girona para la impresi\u00f3n digital\u201d, ha subrayado el rector de la UdG, Quim Salvi.<\/p>\n<p>En palabras del director general Corporativo y de Operaciones de Eurecat, \u201cesta alianza lleva a sumar las capacidades de la UdG y de Eurecat para potenciar la transferencia tecnol\u00f3gica y de conocimiento a las empresas y al territorio\u201d, a la vez que \u201cpermitir\u00e1 impulsar la innovaci\u00f3n y la competitividad mediante nuevos proyectos estrat\u00e9gicos conjuntos en un \u00e1mbito tan relevante como el de la fabricaci\u00f3n digital\u201d.<\/p>\n<p>\u201cHoy es un d\u00eda importante para que formalicemos y demos recorrido a algunas de las prioridades estrat\u00e9gicas de Eurecat: Crecer y reforzar nuestra presencia y capacidades tecnol\u00f3gicas en Girona, hacerlo de la mano de nuestro aliado estrat\u00e9gico de referencia en el territorio, UdG, en un \u00e1mbito tecnol\u00f3gico en el que ambas instituciones son referentes, y a trav\u00e9s de un f\u00f3rmula estable de colaboraci\u00f3n que permite potenciar las complementariedades y sinergias entre nosotros\u201d, ha remarcado Xavier L\u00f3pez.<\/p>\n<p>Seg\u00fan el director de Desarrollo de Negocio de Eurecat y gerente de Eurecat Girona, \u201cambas entidades hemos colaborado desde el a\u00f1o 2005, y el 3DML es un paso adelante que fortalece nuestras capacidades cient\u00edfico-tecnol\u00f3gicas para proyectarnos conjuntamente al servicio de la sociedad, la industria y el mundo de la investigaci\u00f3n del territorio, en el \u00e1mbito de la fabricaci\u00f3n digital\u201d.<\/p>\n<p>El 3DML Girona tendr\u00e1 su sede en el Parque Cient\u00edfico y Tecnol\u00f3gico de la UdG y contar\u00e1 con otros espacios dotados de maquinaria en el edificio Giroempr\u00e8n.<\/p>\n<\/div><\/div><\/div><\/div><\/div>\n","protected":false},"excerpt":{"rendered":"","protected":false},"author":12,"featured_media":124068,"comment_status":"open","ping_status":"closed","sticky":false,"template":"","format":"standard","meta":{"footnotes":""},"categories":[134,410,2289],"tags":[],"class_list":["post-124064","post","type-post","status-publish","format-standard","has-post-thumbnail","hentry","category-notas-de-prensa","category-smart-management-systems","category-tic-es"],"yoast_head":"<!-- This site is optimized with the Yoast SEO plugin v27.5 - https:\/\/yoast.com\/product\/yoast-seo-wordpress\/ -->\n<title>UDG i Eurecat impulsan un espacio colaborativo fabricaci\u00f3n digital<\/title>\n<meta name=\"description\" content=\"La Universitat de Girona y Eurecat impulsan la creaci\u00f3n de un espacio colaborativo en fabricaci\u00f3n digital\" \/>\n<meta name=\"robots\" content=\"index, follow, max-snippet:-1, max-image-preview:large, max-video-preview:-1\" \/>\n<link rel=\"canonical\" href=\"https:\/\/eurecat.org\/es\/la-universitat-de-girona-y-eurecat-impulsan-la-creacion-de-un-espacio-colaborativo-en-fabricacion-digital\/\" \/>\n<meta property=\"og:locale\" content=\"es_ES\" \/>\n<meta property=\"og:type\" content=\"article\" \/>\n<meta property=\"og:title\" content=\"UDG i Eurecat impulsan un espacio colaborativo fabricaci\u00f3n digital\" \/>\n<meta property=\"og:description\" content=\"La Universitat de Girona y Eurecat impulsan la creaci\u00f3n de un espacio colaborativo en fabricaci\u00f3n digital\" \/>\n<meta property=\"og:url\" content=\"https:\/\/eurecat.org\/es\/la-universitat-de-girona-y-eurecat-impulsan-la-creacion-de-un-espacio-colaborativo-en-fabricacion-digital\/\" \/>\n<meta property=\"og:site_name\" content=\"Eurecat\" \/>\n<meta property=\"article:published_time\" content=\"2022-06-20T15:23:05+00:00\" \/>\n<meta property=\"article:modified_time\" content=\"2022-06-20T15:24:53+00:00\" \/>\n<meta property=\"og:image\" content=\"https:\/\/eurecat.org\/wp-content\/uploads\/2022\/06\/UDG_800px.jpg\" \/>\n\t<meta property=\"og:image:width\" content=\"800\" \/>\n\t<meta property=\"og:image:height\" content=\"536\" \/>\n\t<meta property=\"og:image:type\" content=\"image\/jpeg\" \/>\n<meta name=\"author\" content=\"EurecatEG\" \/>\n<meta name=\"twitter:card\" content=\"summary_large_image\" \/>\n<meta name=\"twitter:label1\" content=\"Escrito por\" \/>\n\t<meta name=\"twitter:data1\" content=\"EurecatEG\" \/>\n\t<meta name=\"twitter:label2\" content=\"Tiempo de lectura\" \/>\n\t<meta name=\"twitter:data2\" content=\"4 minutos\" \/>\n<script type=\"application\/ld+json\" class=\"yoast-schema-graph\">{\"@context\":\"https:\\\/\\\/schema.org\",\"@graph\":[{\"@type\":\"Article\",\"@id\":\"https:\\\/\\\/eurecat.org\\\/es\\\/la-universitat-de-girona-y-eurecat-impulsan-la-creacion-de-un-espacio-colaborativo-en-fabricacion-digital\\\/#article\",\"isPartOf\":{\"@id\":\"https:\\\/\\\/eurecat.org\\\/es\\\/la-universitat-de-girona-y-eurecat-impulsan-la-creacion-de-un-espacio-colaborativo-en-fabricacion-digital\\\/\"},\"author\":{\"name\":\"EurecatEG\",\"@id\":\"https:\\\/\\\/eurecat.org\\\/es\\\/#\\\/schema\\\/person\\\/def9217eded50ee57a9dc4cf0c883f80\"},\"headline\":\"La Universitat de Girona y Eurecat impulsan la creaci\u00f3n de un espacio colaborativo en fabricaci\u00f3n digital\",\"datePublished\":\"2022-06-20T15:23:05+00:00\",\"dateModified\":\"2022-06-20T15:24:53+00:00\",\"mainEntityOfPage\":{\"@id\":\"https:\\\/\\\/eurecat.org\\\/es\\\/la-universitat-de-girona-y-eurecat-impulsan-la-creacion-de-un-espacio-colaborativo-en-fabricacion-digital\\\/\"},\"wordCount\":888,\"commentCount\":0,\"image\":{\"@id\":\"https:\\\/\\\/eurecat.org\\\/es\\\/la-universitat-de-girona-y-eurecat-impulsan-la-creacion-de-un-espacio-colaborativo-en-fabricacion-digital\\\/#primaryimage\"},\"thumbnailUrl\":\"https:\\\/\\\/eurecat.org\\\/wp-content\\\/uploads\\\/2022\\\/06\\\/UDG_800px.jpg\",\"articleSection\":[\"Notas de prensa\",\"Smart Management Systems\",\"Tic\"],\"inLanguage\":\"es\",\"potentialAction\":[{\"@type\":\"CommentAction\",\"name\":\"Comment\",\"target\":[\"https:\\\/\\\/eurecat.org\\\/es\\\/la-universitat-de-girona-y-eurecat-impulsan-la-creacion-de-un-espacio-colaborativo-en-fabricacion-digital\\\/#respond\"]}]},{\"@type\":\"WebPage\",\"@id\":\"https:\\\/\\\/eurecat.org\\\/es\\\/la-universitat-de-girona-y-eurecat-impulsan-la-creacion-de-un-espacio-colaborativo-en-fabricacion-digital\\\/\",\"url\":\"https:\\\/\\\/eurecat.org\\\/es\\\/la-universitat-de-girona-y-eurecat-impulsan-la-creacion-de-un-espacio-colaborativo-en-fabricacion-digital\\\/\",\"name\":\"UDG i Eurecat impulsan un espacio colaborativo fabricaci\u00f3n digital\",\"isPartOf\":{\"@id\":\"https:\\\/\\\/eurecat.org\\\/es\\\/#website\"},\"primaryImageOfPage\":{\"@id\":\"https:\\\/\\\/eurecat.org\\\/es\\\/la-universitat-de-girona-y-eurecat-impulsan-la-creacion-de-un-espacio-colaborativo-en-fabricacion-digital\\\/#primaryimage\"},\"image\":{\"@id\":\"https:\\\/\\\/eurecat.org\\\/es\\\/la-universitat-de-girona-y-eurecat-impulsan-la-creacion-de-un-espacio-colaborativo-en-fabricacion-digital\\\/#primaryimage\"},\"thumbnailUrl\":\"https:\\\/\\\/eurecat.org\\\/wp-content\\\/uploads\\\/2022\\\/06\\\/UDG_800px.jpg\",\"datePublished\":\"2022-06-20T15:23:05+00:00\",\"dateModified\":\"2022-06-20T15:24:53+00:00\",\"author\":{\"@id\":\"https:\\\/\\\/eurecat.org\\\/es\\\/#\\\/schema\\\/person\\\/def9217eded50ee57a9dc4cf0c883f80\"},\"description\":\"La Universitat de Girona y Eurecat impulsan la creaci\u00f3n de un espacio colaborativo en fabricaci\u00f3n digital\",\"breadcrumb\":{\"@id\":\"https:\\\/\\\/eurecat.org\\\/es\\\/la-universitat-de-girona-y-eurecat-impulsan-la-creacion-de-un-espacio-colaborativo-en-fabricacion-digital\\\/#breadcrumb\"},\"inLanguage\":\"es\",\"potentialAction\":[{\"@type\":\"ReadAction\",\"target\":[\"https:\\\/\\\/eurecat.org\\\/es\\\/la-universitat-de-girona-y-eurecat-impulsan-la-creacion-de-un-espacio-colaborativo-en-fabricacion-digital\\\/\"]}]},{\"@type\":\"ImageObject\",\"inLanguage\":\"es\",\"@id\":\"https:\\\/\\\/eurecat.org\\\/es\\\/la-universitat-de-girona-y-eurecat-impulsan-la-creacion-de-un-espacio-colaborativo-en-fabricacion-digital\\\/#primaryimage\",\"url\":\"https:\\\/\\\/eurecat.org\\\/wp-content\\\/uploads\\\/2022\\\/06\\\/UDG_800px.jpg\",\"contentUrl\":\"https:\\\/\\\/eurecat.org\\\/wp-content\\\/uploads\\\/2022\\\/06\\\/UDG_800px.jpg\",\"width\":800,\"height\":536,\"caption\":\"udg\"},{\"@type\":\"BreadcrumbList\",\"@id\":\"https:\\\/\\\/eurecat.org\\\/es\\\/la-universitat-de-girona-y-eurecat-impulsan-la-creacion-de-un-espacio-colaborativo-en-fabricacion-digital\\\/#breadcrumb\",\"itemListElement\":[{\"@type\":\"ListItem\",\"position\":1,\"name\":\"Inici\",\"item\":\"https:\\\/\\\/eurecat.org\\\/es\\\/\"},{\"@type\":\"ListItem\",\"position\":2,\"name\":\"La Universitat de Girona y Eurecat impulsan la creaci\u00f3n de un espacio colaborativo en fabricaci\u00f3n digital\"}]},{\"@type\":\"WebSite\",\"@id\":\"https:\\\/\\\/eurecat.org\\\/es\\\/#website\",\"url\":\"https:\\\/\\\/eurecat.org\\\/es\\\/\",\"name\":\"Eurecat\",\"description\":\"Otro sitio realizado con WordPress\",\"potentialAction\":[{\"@type\":\"SearchAction\",\"target\":{\"@type\":\"EntryPoint\",\"urlTemplate\":\"https:\\\/\\\/eurecat.org\\\/es\\\/?s={search_term_string}\"},\"query-input\":{\"@type\":\"PropertyValueSpecification\",\"valueRequired\":true,\"valueName\":\"search_term_string\"}}],\"inLanguage\":\"es\"},{\"@type\":\"Person\",\"@id\":\"https:\\\/\\\/eurecat.org\\\/es\\\/#\\\/schema\\\/person\\\/def9217eded50ee57a9dc4cf0c883f80\",\"name\":\"EurecatEG\",\"image\":{\"@type\":\"ImageObject\",\"inLanguage\":\"es\",\"@id\":\"https:\\\/\\\/secure.gravatar.com\\\/avatar\\\/f40dd9b6ecd3e5c591f3c9b033e495ee0ec9877ba77249fbf268b3889350c824?s=96&d=mm&r=g\",\"url\":\"https:\\\/\\\/secure.gravatar.com\\\/avatar\\\/f40dd9b6ecd3e5c591f3c9b033e495ee0ec9877ba77249fbf268b3889350c824?s=96&d=mm&r=g\",\"contentUrl\":\"https:\\\/\\\/secure.gravatar.com\\\/avatar\\\/f40dd9b6ecd3e5c591f3c9b033e495ee0ec9877ba77249fbf268b3889350c824?s=96&d=mm&r=g\",\"caption\":\"EurecatEG\"}}]}<\/script>\n<!-- \/ Yoast SEO plugin. -->","yoast_head_json":{"title":"UDG i Eurecat impulsan un espacio colaborativo fabricaci\u00f3n digital","description":"La Universitat de Girona y Eurecat impulsan la creaci\u00f3n de un espacio colaborativo en fabricaci\u00f3n digital","robots":{"index":"index","follow":"follow","max-snippet":"max-snippet:-1","max-image-preview":"max-image-preview:large","max-video-preview":"max-video-preview:-1"},"canonical":"https:\/\/eurecat.org\/es\/la-universitat-de-girona-y-eurecat-impulsan-la-creacion-de-un-espacio-colaborativo-en-fabricacion-digital\/","og_locale":"es_ES","og_type":"article","og_title":"UDG i Eurecat impulsan un espacio colaborativo fabricaci\u00f3n digital","og_description":"La Universitat de Girona y Eurecat impulsan la creaci\u00f3n de un espacio colaborativo en fabricaci\u00f3n digital","og_url":"https:\/\/eurecat.org\/es\/la-universitat-de-girona-y-eurecat-impulsan-la-creacion-de-un-espacio-colaborativo-en-fabricacion-digital\/","og_site_name":"Eurecat","article_published_time":"2022-06-20T15:23:05+00:00","article_modified_time":"2022-06-20T15:24:53+00:00","og_image":[{"width":800,"height":536,"url":"https:\/\/eurecat.org\/wp-content\/uploads\/2022\/06\/UDG_800px.jpg","type":"image\/jpeg"}],"author":"EurecatEG","twitter_card":"summary_large_image","twitter_misc":{"Escrito por":"EurecatEG","Tiempo de lectura":"4 minutos"},"schema":{"@context":"https:\/\/schema.org","@graph":[{"@type":"Article","@id":"https:\/\/eurecat.org\/es\/la-universitat-de-girona-y-eurecat-impulsan-la-creacion-de-un-espacio-colaborativo-en-fabricacion-digital\/#article","isPartOf":{"@id":"https:\/\/eurecat.org\/es\/la-universitat-de-girona-y-eurecat-impulsan-la-creacion-de-un-espacio-colaborativo-en-fabricacion-digital\/"},"author":{"name":"EurecatEG","@id":"https:\/\/eurecat.org\/es\/#\/schema\/person\/def9217eded50ee57a9dc4cf0c883f80"},"headline":"La Universitat de Girona y Eurecat impulsan la creaci\u00f3n de un espacio colaborativo en fabricaci\u00f3n digital","datePublished":"2022-06-20T15:23:05+00:00","dateModified":"2022-06-20T15:24:53+00:00","mainEntityOfPage":{"@id":"https:\/\/eurecat.org\/es\/la-universitat-de-girona-y-eurecat-impulsan-la-creacion-de-un-espacio-colaborativo-en-fabricacion-digital\/"},"wordCount":888,"commentCount":0,"image":{"@id":"https:\/\/eurecat.org\/es\/la-universitat-de-girona-y-eurecat-impulsan-la-creacion-de-un-espacio-colaborativo-en-fabricacion-digital\/#primaryimage"},"thumbnailUrl":"https:\/\/eurecat.org\/wp-content\/uploads\/2022\/06\/UDG_800px.jpg","articleSection":["Notas de prensa","Smart Management Systems","Tic"],"inLanguage":"es","potentialAction":[{"@type":"CommentAction","name":"Comment","target":["https:\/\/eurecat.org\/es\/la-universitat-de-girona-y-eurecat-impulsan-la-creacion-de-un-espacio-colaborativo-en-fabricacion-digital\/#respond"]}]},{"@type":"WebPage","@id":"https:\/\/eurecat.org\/es\/la-universitat-de-girona-y-eurecat-impulsan-la-creacion-de-un-espacio-colaborativo-en-fabricacion-digital\/","url":"https:\/\/eurecat.org\/es\/la-universitat-de-girona-y-eurecat-impulsan-la-creacion-de-un-espacio-colaborativo-en-fabricacion-digital\/","name":"UDG i Eurecat impulsan un espacio colaborativo fabricaci\u00f3n digital","isPartOf":{"@id":"https:\/\/eurecat.org\/es\/#website"},"primaryImageOfPage":{"@id":"https:\/\/eurecat.org\/es\/la-universitat-de-girona-y-eurecat-impulsan-la-creacion-de-un-espacio-colaborativo-en-fabricacion-digital\/#primaryimage"},"image":{"@id":"https:\/\/eurecat.org\/es\/la-universitat-de-girona-y-eurecat-impulsan-la-creacion-de-un-espacio-colaborativo-en-fabricacion-digital\/#primaryimage"},"thumbnailUrl":"https:\/\/eurecat.org\/wp-content\/uploads\/2022\/06\/UDG_800px.jpg","datePublished":"2022-06-20T15:23:05+00:00","dateModified":"2022-06-20T15:24:53+00:00","author":{"@id":"https:\/\/eurecat.org\/es\/#\/schema\/person\/def9217eded50ee57a9dc4cf0c883f80"},"description":"La Universitat de Girona y Eurecat impulsan la creaci\u00f3n de un espacio colaborativo en fabricaci\u00f3n digital","breadcrumb":{"@id":"https:\/\/eurecat.org\/es\/la-universitat-de-girona-y-eurecat-impulsan-la-creacion-de-un-espacio-colaborativo-en-fabricacion-digital\/#breadcrumb"},"inLanguage":"es","potentialAction":[{"@type":"ReadAction","target":["https:\/\/eurecat.org\/es\/la-universitat-de-girona-y-eurecat-impulsan-la-creacion-de-un-espacio-colaborativo-en-fabricacion-digital\/"]}]},{"@type":"ImageObject","inLanguage":"es","@id":"https:\/\/eurecat.org\/es\/la-universitat-de-girona-y-eurecat-impulsan-la-creacion-de-un-espacio-colaborativo-en-fabricacion-digital\/#primaryimage","url":"https:\/\/eurecat.org\/wp-content\/uploads\/2022\/06\/UDG_800px.jpg","contentUrl":"https:\/\/eurecat.org\/wp-content\/uploads\/2022\/06\/UDG_800px.jpg","width":800,"height":536,"caption":"udg"},{"@type":"BreadcrumbList","@id":"https:\/\/eurecat.org\/es\/la-universitat-de-girona-y-eurecat-impulsan-la-creacion-de-un-espacio-colaborativo-en-fabricacion-digital\/#breadcrumb","itemListElement":[{"@type":"ListItem","position":1,"name":"Inici","item":"https:\/\/eurecat.org\/es\/"},{"@type":"ListItem","position":2,"name":"La Universitat de Girona y Eurecat impulsan la creaci\u00f3n de un espacio colaborativo en fabricaci\u00f3n digital"}]},{"@type":"WebSite","@id":"https:\/\/eurecat.org\/es\/#website","url":"https:\/\/eurecat.org\/es\/","name":"Eurecat","description":"Otro sitio realizado con WordPress","potentialAction":[{"@type":"SearchAction","target":{"@type":"EntryPoint","urlTemplate":"https:\/\/eurecat.org\/es\/?s={search_term_string}"},"query-input":{"@type":"PropertyValueSpecification","valueRequired":true,"valueName":"search_term_string"}}],"inLanguage":"es"},{"@type":"Person","@id":"https:\/\/eurecat.org\/es\/#\/schema\/person\/def9217eded50ee57a9dc4cf0c883f80","name":"EurecatEG","image":{"@type":"ImageObject","inLanguage":"es","@id":"https:\/\/secure.gravatar.com\/avatar\/f40dd9b6ecd3e5c591f3c9b033e495ee0ec9877ba77249fbf268b3889350c824?s=96&d=mm&r=g","url":"https:\/\/secure.gravatar.com\/avatar\/f40dd9b6ecd3e5c591f3c9b033e495ee0ec9877ba77249fbf268b3889350c824?s=96&d=mm&r=g","contentUrl":"https:\/\/secure.gravatar.com\/avatar\/f40dd9b6ecd3e5c591f3c9b033e495ee0ec9877ba77249fbf268b3889350c824?s=96&d=mm&r=g","caption":"EurecatEG"}}]}},"_links":{"self":[{"href":"https:\/\/eurecat.org\/es\/wp-json\/wp\/v2\/posts\/124064","targetHints":{"allow":["GET"]}}],"collection":[{"href":"https:\/\/eurecat.org\/es\/wp-json\/wp\/v2\/posts"}],"about":[{"href":"https:\/\/eurecat.org\/es\/wp-json\/wp\/v2\/types\/post"}],"author":[{"embeddable":true,"href":"https:\/\/eurecat.org\/es\/wp-json\/wp\/v2\/users\/12"}],"replies":[{"embeddable":true,"href":"https:\/\/eurecat.org\/es\/wp-json\/wp\/v2\/comments?post=124064"}],"version-history":[{"count":0,"href":"https:\/\/eurecat.org\/es\/wp-json\/wp\/v2\/posts\/124064\/revisions"}],"wp:featuredmedia":[{"embeddable":true,"href":"https:\/\/eurecat.org\/es\/wp-json\/wp\/v2\/media\/124068"}],"wp:attachment":[{"href":"https:\/\/eurecat.org\/es\/wp-json\/wp\/v2\/media?parent=124064"}],"wp:term":[{"taxonomy":"category","embeddable":true,"href":"https:\/\/eurecat.org\/es\/wp-json\/wp\/v2\/categories?post=124064"},{"taxonomy":"post_tag","embeddable":true,"href":"https:\/\/eurecat.org\/es\/wp-json\/wp\/v2\/tags?post=124064"}],"curies":[{"name":"wp","href":"https:\/\/api.w.org\/{rel}","templated":true}]}}