{"id":12413,"date":"2016-06-20T07:31:55","date_gmt":"2016-06-20T07:31:55","guid":{"rendered":"http:\/\/eurecat.org\/es\/?p=12413"},"modified":"2016-07-19T08:19:34","modified_gmt":"2016-07-19T08:19:34","slug":"cataluna-vanguardia-tecnologia-audio-3d","status":"publish","type":"post","link":"https:\/\/eurecat.org\/es\/cataluna-vanguardia-tecnologia-audio-3d\/","title":{"rendered":"Catalu\u00f1a, a la vanguardia de la tecnolog\u00eda de audio 3D"},"content":{"rendered":"<h1 style=\"text-align: center;\"><span style=\"color: #000000;\">SONAR+D<\/span><\/h1>\n<blockquote><p>La presente edici\u00f3n del Sonar+D ha acreditado el posicionamiento de Catalu\u00f1a a la vanguardia de la tecnolog\u00eda de audio 3D, con las tecnolog\u00edas Sf\u00ebar y los altavoces desarrollados por Amate Audio para crear y escuchar m\u00fasica en tres dimensiones.<\/p><\/blockquote>\n<p><strong>Barcelona, 20 de junio de 2015.- <\/strong>La presente edici\u00f3n del Sonar+D ha mostrado el posicionamiento de Catalu\u00f1a a la vanguardia de la tecnolog\u00eda de audio 3D, con las tecnolog\u00edas <a href=\"http:\/\/www.sfear.com\">Sf\u00ebar<\/a> que ha presentado el centro tecnol\u00f3gico Eurecat para crear m\u00fasica en tres dimensiones y los altavoces desarrollados por la empresa <strong><span style=\"color: #800080;\"><a style=\"color: #800080;\" href=\"http:\/\/www.amateaudio.com\/es\/\">Amate Audio<\/a>.<\/span><\/strong><\/p>\n<p>Las canciones 3D compuestas por m\u00fasicos, artistas sonoros y DJ con la tecnolog\u00eda Sf\u00ebar se han podido escuchar en primicia en el Sonar+D con unos altavoces con el sistema SA3D desarrollados por Amate Audio, con sede en Terrassa, gracias a la convocatoria Nuclis de Investigaci\u00f3n Industrial y Desarrollo Experimental, cofinanciada por ACCI\u00d3 \u2013la agencia para la competitividad de la empresa- y el fondo europeo FEDER.<\/p>\n<p>Se trata de un nuevo sistema ac\u00fastico innovador pensado para poder equipar estudios profesionales de producci\u00f3n musical con tecnolog\u00eda de sonido 3D y para poder organizar eventos de sonido 3D inmersivo, tanto al aire libre y en directo como en salas de conciertos.<\/p>\n<blockquote><p>La nueva tecnolog\u00eda de audio 3D tiene potencial para llegar a ser el nuevo est\u00e1ndar en audio, como lo fue el est\u00e9reo en su momento.<\/p><\/blockquote>\n<p>Por su parte, m\u00fasicos internacionales como Mr J, Timothy Schemele y MainBerlin han presentado en el Sonar+D las primeras canciones 3D compuestas con Sf\u00ebar, que permite crear canciones y sesiones de m\u00fasica en tres dimensiones en directo y producir y distribuir m\u00fasica y contenidos de audio inmersivo en los dispositivos m\u00f3viles a trav\u00e9s de auriculares.<\/p>\n<p>Seg\u00fan pronostica Adan Garriga, director de Tecnolog\u00edas Audiovisuales de Eurecat, \u00abel sonido 3D ser\u00e1 el nuevo est\u00e1ndar en el campo del audio, como lo fue la irrupci\u00f3n del sonido est\u00e9reo en los a\u00f1os cincuenta y el paso est\u00e9reo al sistema 5.1 en los ochenta\u00bb.<\/p>\n<p><strong>Web de Amate Audio: <span style=\"color: #800080;\"><a style=\"color: #800080;\" href=\"http:\/\/www.amateaudio.com\">www.amateaudio.com<\/a><\/span><\/strong><\/p>\n<p><strong>Web de Sf\u00ebar: <span style=\"color: #800080;\"><a style=\"color: #800080;\" href=\"http:\/\/www.sfear.com\">www.sfear.com<\/a><\/span><\/strong><\/p>\n<p>&nbsp;<\/p>\n<p><strong>Sobre Eurecat<\/strong><\/p>\n<p>Eurecat, Centro Tecnol\u00f3gico de Catalu\u00f1a (miembro de TECNIO), aglutina la experiencia de m\u00e1s de <strong>450 profesionales<\/strong> que generan un volumen de ingresos de <strong>45 millones de euros anuales<\/strong> y presta servicio a m\u00e1s de <strong>1.000 empresas<\/strong>. <strong>I+D aplicado<\/strong>, <strong>servicios tecnol\u00f3gicos<\/strong>, <strong>formaci\u00f3n de alta especializaci\u00f3n<\/strong>, <strong>consultor\u00eda tecnol\u00f3gica<\/strong> y <strong>eventos profesionales<\/strong> son algunos de los servicios que Eurecat ofrece tanto para grandes como para peque\u00f1as y medianas empresas de todos los sectores. Con instalaciones en Barcelona, Canet de Mar, Cerdanyola del Vall\u00e8s, Girona, Lleida, Manresa, Matar\u00f3, Reus y Amposta y con una sede en Brasil, participa a <strong>160 grandes proyectos consorciados de I+D+i<\/strong> nacionales e internacionales de alto valor estrat\u00e9gico y cuenta con <strong>73 patentes<\/strong> y <strong>7 spin-off<\/strong>. El valor a\u00f1adido que aporta Eurecat <strong>acelera la innovaci\u00f3n<\/strong>, <strong>disminuye el gasto en infraestructuras<\/strong> cient\u00edficas y tecnol\u00f3gicas, <strong>reduce los riesgos <\/strong>y proporciona <strong>conocimiento especializado <\/strong>a medida de cada empresa. <strong>M\u00e1s informaci\u00f3n en <\/strong><a href=\"http:\/\/www.eurecat.org\"><strong>www.eurecat.org<\/strong><\/a><\/p>\n<p><strong>\u00a0<\/strong><\/p>\n<p><strong>\u00a0<\/strong><strong><em>M\u00e1s informaci\u00f3n:<\/em><\/strong><\/p>\n<p><strong>Montse Mascar\u00f3<br \/>\nPrensa | Direcci\u00f3n de Comunicaci\u00f3n Corporativa <\/strong><strong>Eurecat<\/strong><\/p>\n<p><strong>Tel. (+34) 932 381 400 | M\u00f3vil: (+34) 630 425 169<br \/>\nC\/e: premsa@eurecat.org | <\/strong><a href=\"http:\/\/www.eurecat.org\">www.eurecat.org<\/a><\/p>\n","protected":false},"excerpt":{"rendered":"<p>SONAR+D La presente edici\u00f3n del Sonar+D ha acreditado el posicionamiento de Catalu\u00f1a a la vanguardia de la tecnolog\u00eda de audio 3D, con las tecnolog\u00edas Sf\u00ebar y los altavoces desarrollados por Amate Audio para crear y escuchar m\u00fasica en tres dimensiones. Barcelona, 20 de junio de 2015.- La presente edici\u00f3n del Sonar+D ha mostrado el posicionamiento  [&#8230;]<\/p>\n","protected":false},"author":12,"featured_media":12408,"comment_status":"open","ping_status":"closed","sticky":false,"template":"","format":"standard","meta":{"footnotes":""},"categories":[134,412],"tags":[],"class_list":["post-12413","post","type-post","status-publish","format-standard","has-post-thumbnail","hentry","category-notas-de-prensa","category-tecnologias-audiovisuales"],"yoast_head":"<!-- This site is optimized with the Yoast SEO plugin v27.4 - https:\/\/yoast.com\/product\/yoast-seo-wordpress\/ -->\n<title>Catalu\u00f1a, en la avantguardia de la tecnolog\u00eda de audio 3D<\/title>\n<meta name=\"description\" content=\"Sonar+D ha mostrado posicionamiento de Catalu\u00f1a en la avanguardia de tecnolog\u00eda audio 3D con tecnolog\u00eda Sf\u00ebar que ha presentado Eurecat para crear m\u00fasica 3D\" \/>\n<meta name=\"robots\" content=\"index, follow, max-snippet:-1, max-image-preview:large, max-video-preview:-1\" \/>\n<link rel=\"canonical\" href=\"https:\/\/eurecat.org\/es\/cataluna-vanguardia-tecnologia-audio-3d\/\" \/>\n<meta property=\"og:locale\" content=\"es_ES\" \/>\n<meta property=\"og:type\" content=\"article\" \/>\n<meta property=\"og:title\" content=\"Catalu\u00f1a, en la avantguardia de la tecnolog\u00eda de audio 3D\" \/>\n<meta property=\"og:description\" content=\"Sonar+D ha mostrado posicionamiento de Catalu\u00f1a en la avanguardia de tecnolog\u00eda audio 3D con tecnolog\u00eda Sf\u00ebar que ha presentado Eurecat para crear m\u00fasica 3D\" \/>\n<meta property=\"og:url\" content=\"https:\/\/eurecat.org\/es\/cataluna-vanguardia-tecnologia-audio-3d\/\" \/>\n<meta property=\"og:site_name\" content=\"Eurecat\" \/>\n<meta property=\"article:published_time\" content=\"2016-06-20T07:31:55+00:00\" \/>\n<meta property=\"article:modified_time\" content=\"2016-07-19T08:19:34+00:00\" \/>\n<meta property=\"og:image\" content=\"https:\/\/eurecat.org\/wp-content\/uploads\/2016\/06\/DSC_0091v02.jpg\" \/>\n\t<meta property=\"og:image:width\" content=\"800\" \/>\n\t<meta property=\"og:image:height\" content=\"450\" \/>\n\t<meta property=\"og:image:type\" content=\"image\/jpeg\" \/>\n<meta name=\"author\" content=\"EurecatEG\" \/>\n<meta name=\"twitter:card\" content=\"summary_large_image\" \/>\n<meta name=\"twitter:label1\" content=\"Escrito por\" \/>\n\t<meta name=\"twitter:data1\" content=\"EurecatEG\" \/>\n\t<meta name=\"twitter:label2\" content=\"Tiempo de lectura\" \/>\n\t<meta name=\"twitter:data2\" content=\"3 minutos\" \/>\n<script type=\"application\/ld+json\" class=\"yoast-schema-graph\">{\"@context\":\"https:\\\/\\\/schema.org\",\"@graph\":[{\"@type\":\"Article\",\"@id\":\"https:\\\/\\\/eurecat.org\\\/es\\\/cataluna-vanguardia-tecnologia-audio-3d\\\/#article\",\"isPartOf\":{\"@id\":\"https:\\\/\\\/eurecat.org\\\/es\\\/cataluna-vanguardia-tecnologia-audio-3d\\\/\"},\"author\":{\"name\":\"EurecatEG\",\"@id\":\"https:\\\/\\\/eurecat.org\\\/es\\\/#\\\/schema\\\/person\\\/def9217eded50ee57a9dc4cf0c883f80\"},\"headline\":\"Catalu\u00f1a, a la vanguardia de la tecnolog\u00eda de audio 3D\",\"datePublished\":\"2016-06-20T07:31:55+00:00\",\"dateModified\":\"2016-07-19T08:19:34+00:00\",\"mainEntityOfPage\":{\"@id\":\"https:\\\/\\\/eurecat.org\\\/es\\\/cataluna-vanguardia-tecnologia-audio-3d\\\/\"},\"wordCount\":584,\"commentCount\":0,\"image\":{\"@id\":\"https:\\\/\\\/eurecat.org\\\/es\\\/cataluna-vanguardia-tecnologia-audio-3d\\\/#primaryimage\"},\"thumbnailUrl\":\"https:\\\/\\\/eurecat.org\\\/wp-content\\\/uploads\\\/2016\\\/06\\\/DSC_0091v02.jpg\",\"articleSection\":[\"Notas de prensa\",\"Tecnolog\u00edas Audiovisuales\"],\"inLanguage\":\"es\",\"potentialAction\":[{\"@type\":\"CommentAction\",\"name\":\"Comment\",\"target\":[\"https:\\\/\\\/eurecat.org\\\/es\\\/cataluna-vanguardia-tecnologia-audio-3d\\\/#respond\"]}]},{\"@type\":\"WebPage\",\"@id\":\"https:\\\/\\\/eurecat.org\\\/es\\\/cataluna-vanguardia-tecnologia-audio-3d\\\/\",\"url\":\"https:\\\/\\\/eurecat.org\\\/es\\\/cataluna-vanguardia-tecnologia-audio-3d\\\/\",\"name\":\"Catalu\u00f1a, en la avantguardia de la tecnolog\u00eda de audio 3D\",\"isPartOf\":{\"@id\":\"https:\\\/\\\/eurecat.org\\\/es\\\/#website\"},\"primaryImageOfPage\":{\"@id\":\"https:\\\/\\\/eurecat.org\\\/es\\\/cataluna-vanguardia-tecnologia-audio-3d\\\/#primaryimage\"},\"image\":{\"@id\":\"https:\\\/\\\/eurecat.org\\\/es\\\/cataluna-vanguardia-tecnologia-audio-3d\\\/#primaryimage\"},\"thumbnailUrl\":\"https:\\\/\\\/eurecat.org\\\/wp-content\\\/uploads\\\/2016\\\/06\\\/DSC_0091v02.jpg\",\"datePublished\":\"2016-06-20T07:31:55+00:00\",\"dateModified\":\"2016-07-19T08:19:34+00:00\",\"author\":{\"@id\":\"https:\\\/\\\/eurecat.org\\\/es\\\/#\\\/schema\\\/person\\\/def9217eded50ee57a9dc4cf0c883f80\"},\"description\":\"Sonar+D ha mostrado posicionamiento de Catalu\u00f1a en la avanguardia de tecnolog\u00eda audio 3D con tecnolog\u00eda Sf\u00ebar que ha presentado Eurecat para crear m\u00fasica 3D\",\"breadcrumb\":{\"@id\":\"https:\\\/\\\/eurecat.org\\\/es\\\/cataluna-vanguardia-tecnologia-audio-3d\\\/#breadcrumb\"},\"inLanguage\":\"es\",\"potentialAction\":[{\"@type\":\"ReadAction\",\"target\":[\"https:\\\/\\\/eurecat.org\\\/es\\\/cataluna-vanguardia-tecnologia-audio-3d\\\/\"]}]},{\"@type\":\"ImageObject\",\"inLanguage\":\"es\",\"@id\":\"https:\\\/\\\/eurecat.org\\\/es\\\/cataluna-vanguardia-tecnologia-audio-3d\\\/#primaryimage\",\"url\":\"https:\\\/\\\/eurecat.org\\\/wp-content\\\/uploads\\\/2016\\\/06\\\/DSC_0091v02.jpg\",\"contentUrl\":\"https:\\\/\\\/eurecat.org\\\/wp-content\\\/uploads\\\/2016\\\/06\\\/DSC_0091v02.jpg\",\"width\":800,\"height\":450},{\"@type\":\"BreadcrumbList\",\"@id\":\"https:\\\/\\\/eurecat.org\\\/es\\\/cataluna-vanguardia-tecnologia-audio-3d\\\/#breadcrumb\",\"itemListElement\":[{\"@type\":\"ListItem\",\"position\":1,\"name\":\"Inici\",\"item\":\"https:\\\/\\\/eurecat.org\\\/es\\\/\"},{\"@type\":\"ListItem\",\"position\":2,\"name\":\"Catalu\u00f1a, a la vanguardia de la tecnolog\u00eda de audio 3D\"}]},{\"@type\":\"WebSite\",\"@id\":\"https:\\\/\\\/eurecat.org\\\/es\\\/#website\",\"url\":\"https:\\\/\\\/eurecat.org\\\/es\\\/\",\"name\":\"Eurecat\",\"description\":\"Otro sitio realizado con WordPress\",\"potentialAction\":[{\"@type\":\"SearchAction\",\"target\":{\"@type\":\"EntryPoint\",\"urlTemplate\":\"https:\\\/\\\/eurecat.org\\\/es\\\/?s={search_term_string}\"},\"query-input\":{\"@type\":\"PropertyValueSpecification\",\"valueRequired\":true,\"valueName\":\"search_term_string\"}}],\"inLanguage\":\"es\"},{\"@type\":\"Person\",\"@id\":\"https:\\\/\\\/eurecat.org\\\/es\\\/#\\\/schema\\\/person\\\/def9217eded50ee57a9dc4cf0c883f80\",\"name\":\"EurecatEG\",\"image\":{\"@type\":\"ImageObject\",\"inLanguage\":\"es\",\"@id\":\"https:\\\/\\\/secure.gravatar.com\\\/avatar\\\/f40dd9b6ecd3e5c591f3c9b033e495ee0ec9877ba77249fbf268b3889350c824?s=96&d=mm&r=g\",\"url\":\"https:\\\/\\\/secure.gravatar.com\\\/avatar\\\/f40dd9b6ecd3e5c591f3c9b033e495ee0ec9877ba77249fbf268b3889350c824?s=96&d=mm&r=g\",\"contentUrl\":\"https:\\\/\\\/secure.gravatar.com\\\/avatar\\\/f40dd9b6ecd3e5c591f3c9b033e495ee0ec9877ba77249fbf268b3889350c824?s=96&d=mm&r=g\",\"caption\":\"EurecatEG\"}}]}<\/script>\n<!-- \/ Yoast SEO plugin. -->","yoast_head_json":{"title":"Catalu\u00f1a, en la avantguardia de la tecnolog\u00eda de audio 3D","description":"Sonar+D ha mostrado posicionamiento de Catalu\u00f1a en la avanguardia de tecnolog\u00eda audio 3D con tecnolog\u00eda Sf\u00ebar que ha presentado Eurecat para crear m\u00fasica 3D","robots":{"index":"index","follow":"follow","max-snippet":"max-snippet:-1","max-image-preview":"max-image-preview:large","max-video-preview":"max-video-preview:-1"},"canonical":"https:\/\/eurecat.org\/es\/cataluna-vanguardia-tecnologia-audio-3d\/","og_locale":"es_ES","og_type":"article","og_title":"Catalu\u00f1a, en la avantguardia de la tecnolog\u00eda de audio 3D","og_description":"Sonar+D ha mostrado posicionamiento de Catalu\u00f1a en la avanguardia de tecnolog\u00eda audio 3D con tecnolog\u00eda Sf\u00ebar que ha presentado Eurecat para crear m\u00fasica 3D","og_url":"https:\/\/eurecat.org\/es\/cataluna-vanguardia-tecnologia-audio-3d\/","og_site_name":"Eurecat","article_published_time":"2016-06-20T07:31:55+00:00","article_modified_time":"2016-07-19T08:19:34+00:00","og_image":[{"width":800,"height":450,"url":"https:\/\/eurecat.org\/wp-content\/uploads\/2016\/06\/DSC_0091v02.jpg","type":"image\/jpeg"}],"author":"EurecatEG","twitter_card":"summary_large_image","twitter_misc":{"Escrito por":"EurecatEG","Tiempo de lectura":"3 minutos"},"schema":{"@context":"https:\/\/schema.org","@graph":[{"@type":"Article","@id":"https:\/\/eurecat.org\/es\/cataluna-vanguardia-tecnologia-audio-3d\/#article","isPartOf":{"@id":"https:\/\/eurecat.org\/es\/cataluna-vanguardia-tecnologia-audio-3d\/"},"author":{"name":"EurecatEG","@id":"https:\/\/eurecat.org\/es\/#\/schema\/person\/def9217eded50ee57a9dc4cf0c883f80"},"headline":"Catalu\u00f1a, a la vanguardia de la tecnolog\u00eda de audio 3D","datePublished":"2016-06-20T07:31:55+00:00","dateModified":"2016-07-19T08:19:34+00:00","mainEntityOfPage":{"@id":"https:\/\/eurecat.org\/es\/cataluna-vanguardia-tecnologia-audio-3d\/"},"wordCount":584,"commentCount":0,"image":{"@id":"https:\/\/eurecat.org\/es\/cataluna-vanguardia-tecnologia-audio-3d\/#primaryimage"},"thumbnailUrl":"https:\/\/eurecat.org\/wp-content\/uploads\/2016\/06\/DSC_0091v02.jpg","articleSection":["Notas de prensa","Tecnolog\u00edas Audiovisuales"],"inLanguage":"es","potentialAction":[{"@type":"CommentAction","name":"Comment","target":["https:\/\/eurecat.org\/es\/cataluna-vanguardia-tecnologia-audio-3d\/#respond"]}]},{"@type":"WebPage","@id":"https:\/\/eurecat.org\/es\/cataluna-vanguardia-tecnologia-audio-3d\/","url":"https:\/\/eurecat.org\/es\/cataluna-vanguardia-tecnologia-audio-3d\/","name":"Catalu\u00f1a, en la avantguardia de la tecnolog\u00eda de audio 3D","isPartOf":{"@id":"https:\/\/eurecat.org\/es\/#website"},"primaryImageOfPage":{"@id":"https:\/\/eurecat.org\/es\/cataluna-vanguardia-tecnologia-audio-3d\/#primaryimage"},"image":{"@id":"https:\/\/eurecat.org\/es\/cataluna-vanguardia-tecnologia-audio-3d\/#primaryimage"},"thumbnailUrl":"https:\/\/eurecat.org\/wp-content\/uploads\/2016\/06\/DSC_0091v02.jpg","datePublished":"2016-06-20T07:31:55+00:00","dateModified":"2016-07-19T08:19:34+00:00","author":{"@id":"https:\/\/eurecat.org\/es\/#\/schema\/person\/def9217eded50ee57a9dc4cf0c883f80"},"description":"Sonar+D ha mostrado posicionamiento de Catalu\u00f1a en la avanguardia de tecnolog\u00eda audio 3D con tecnolog\u00eda Sf\u00ebar que ha presentado Eurecat para crear m\u00fasica 3D","breadcrumb":{"@id":"https:\/\/eurecat.org\/es\/cataluna-vanguardia-tecnologia-audio-3d\/#breadcrumb"},"inLanguage":"es","potentialAction":[{"@type":"ReadAction","target":["https:\/\/eurecat.org\/es\/cataluna-vanguardia-tecnologia-audio-3d\/"]}]},{"@type":"ImageObject","inLanguage":"es","@id":"https:\/\/eurecat.org\/es\/cataluna-vanguardia-tecnologia-audio-3d\/#primaryimage","url":"https:\/\/eurecat.org\/wp-content\/uploads\/2016\/06\/DSC_0091v02.jpg","contentUrl":"https:\/\/eurecat.org\/wp-content\/uploads\/2016\/06\/DSC_0091v02.jpg","width":800,"height":450},{"@type":"BreadcrumbList","@id":"https:\/\/eurecat.org\/es\/cataluna-vanguardia-tecnologia-audio-3d\/#breadcrumb","itemListElement":[{"@type":"ListItem","position":1,"name":"Inici","item":"https:\/\/eurecat.org\/es\/"},{"@type":"ListItem","position":2,"name":"Catalu\u00f1a, a la vanguardia de la tecnolog\u00eda de audio 3D"}]},{"@type":"WebSite","@id":"https:\/\/eurecat.org\/es\/#website","url":"https:\/\/eurecat.org\/es\/","name":"Eurecat","description":"Otro sitio realizado con WordPress","potentialAction":[{"@type":"SearchAction","target":{"@type":"EntryPoint","urlTemplate":"https:\/\/eurecat.org\/es\/?s={search_term_string}"},"query-input":{"@type":"PropertyValueSpecification","valueRequired":true,"valueName":"search_term_string"}}],"inLanguage":"es"},{"@type":"Person","@id":"https:\/\/eurecat.org\/es\/#\/schema\/person\/def9217eded50ee57a9dc4cf0c883f80","name":"EurecatEG","image":{"@type":"ImageObject","inLanguage":"es","@id":"https:\/\/secure.gravatar.com\/avatar\/f40dd9b6ecd3e5c591f3c9b033e495ee0ec9877ba77249fbf268b3889350c824?s=96&d=mm&r=g","url":"https:\/\/secure.gravatar.com\/avatar\/f40dd9b6ecd3e5c591f3c9b033e495ee0ec9877ba77249fbf268b3889350c824?s=96&d=mm&r=g","contentUrl":"https:\/\/secure.gravatar.com\/avatar\/f40dd9b6ecd3e5c591f3c9b033e495ee0ec9877ba77249fbf268b3889350c824?s=96&d=mm&r=g","caption":"EurecatEG"}}]}},"_links":{"self":[{"href":"https:\/\/eurecat.org\/es\/wp-json\/wp\/v2\/posts\/12413","targetHints":{"allow":["GET"]}}],"collection":[{"href":"https:\/\/eurecat.org\/es\/wp-json\/wp\/v2\/posts"}],"about":[{"href":"https:\/\/eurecat.org\/es\/wp-json\/wp\/v2\/types\/post"}],"author":[{"embeddable":true,"href":"https:\/\/eurecat.org\/es\/wp-json\/wp\/v2\/users\/12"}],"replies":[{"embeddable":true,"href":"https:\/\/eurecat.org\/es\/wp-json\/wp\/v2\/comments?post=12413"}],"version-history":[{"count":0,"href":"https:\/\/eurecat.org\/es\/wp-json\/wp\/v2\/posts\/12413\/revisions"}],"wp:featuredmedia":[{"embeddable":true,"href":"https:\/\/eurecat.org\/es\/wp-json\/wp\/v2\/media\/12408"}],"wp:attachment":[{"href":"https:\/\/eurecat.org\/es\/wp-json\/wp\/v2\/media?parent=12413"}],"wp:term":[{"taxonomy":"category","embeddable":true,"href":"https:\/\/eurecat.org\/es\/wp-json\/wp\/v2\/categories?post=12413"},{"taxonomy":"post_tag","embeddable":true,"href":"https:\/\/eurecat.org\/es\/wp-json\/wp\/v2\/tags?post=12413"}],"curies":[{"name":"wp","href":"https:\/\/api.w.org\/{rel}","templated":true}]}}