{"id":124293,"date":"2022-06-29T12:40:36","date_gmt":"2022-06-29T11:40:36","guid":{"rendered":"https:\/\/eurecat.org\/?p=124293"},"modified":"2022-06-30T10:48:00","modified_gmt":"2022-06-30T09:48:00","slug":"eurect-formara-parte-del-eit-culture-and-creativity","status":"publish","type":"post","link":"https:\/\/eurecat.org\/es\/eurect-formara-parte-del-eit-culture-and-creativity\/","title":{"rendered":"Eurecat formar\u00e1 parte del EIT Culture &#038; Creativity, el nuevo instrumento europeo para la competitividad de las industrias culturales y creativas"},"content":{"rendered":"<div class=\"fusion-fullwidth fullwidth-box fusion-builder-row-1 fusion-flex-container nonhundred-percent-fullwidth non-hundred-percent-height-scrolling\" style=\"--awb-border-radius-top-left:0px;--awb-border-radius-top-right:0px;--awb-border-radius-bottom-right:0px;--awb-border-radius-bottom-left:0px;--awb-flex-wrap:wrap;\" ><div class=\"fusion-builder-row fusion-row fusion-flex-align-items-flex-start fusion-flex-content-wrap\" style=\"max-width:1424.8px;margin-left: calc(-4% \/ 2 );margin-right: calc(-4% \/ 2 );\"><div class=\"fusion-layout-column fusion_builder_column fusion-builder-column-0 fusion_builder_column_1_1 1_1 fusion-flex-column\" style=\"--awb-bg-size:cover;--awb-width-large:100%;--awb-margin-top-large:0px;--awb-spacing-right-large:1.92%;--awb-margin-bottom-large:0px;--awb-spacing-left-large:1.92%;--awb-width-medium:100%;--awb-spacing-right-medium:1.92%;--awb-spacing-left-medium:1.92%;--awb-width-small:100%;--awb-spacing-right-small:1.92%;--awb-spacing-left-small:1.92%;\"><div class=\"fusion-column-wrapper fusion-flex-justify-content-flex-start fusion-content-layout-column\"><div class=\"fusion-text fusion-text-1\" style=\"--awb-text-transform:none;\"><p>El centro tecnol\u00f3gico <a href=\"http:\/\/eurecat.org\/es\/\">Eurecat<\/a> forma parte del consorcio ICE, que ha sido seleccionado por el Consejo de Gobierno del Instituto Europeo de Innovaci\u00f3n y Tecnolog\u00eda (EIT de sus siglas en ingl\u00e9s) para impulsar la competitividad de las industrias culturales y creativas europeas mediante la sociedad EIT Culture &amp; Creativity.<\/p>\n<p>Coordinado por el Fraunhofer y formado por 50 organizaciones de toda Europa, el consorcio ICE se ha impuesto con \u00e9xito a otros cuatro candidatos en el proceso de selecci\u00f3n con una propuesta dise\u00f1ada para poner en valor el valor latente de los sectores y las industrias culturales y creativas para convertirse en un agente de cambio para la transformaci\u00f3n verde, digital y social de Europa.<\/p>\n<p>Eurecat, que ha contado con el apoyo del ICEC y ACCIO, ha liderado un ecosistema de 30 organizaciones espa\u00f1olas, francesas y portuguesas en las que est\u00e1n representadas empresas, centros tecnol\u00f3gicos, universidades y administraciones p\u00fablicas. Y la voluntad es hacer crecer esta comunidad en el futuro, incorporando empresas culturales, agentes tecnol\u00f3gicos y administraciones interesadas en la innovaci\u00f3n por el tejido cultural y creativo.<\/p>\n<p>Dentro del EIT Culture &amp; Creativity, Eurecat desplegar\u00e1 su actividad para el suroeste de Europa desde Barcelona, \u200b\u200bintegrado dentro de una red de seis <em>Co-Location Centers<\/em>, donde funcionar\u00e1 como un hub para todos los agentes relevantes en las industrias y sectores de creatividad y cultura. En este sentido, \u201cse preocupar\u00e1 especialmente de c\u00f3mo las industrias culturales y creativas pueden ser un motor de competitividad para otros sectores en clave de innovaci\u00f3n cross-sectorial, adem\u00e1s de favorecer su adaptaci\u00f3n al cambio clim\u00e1tico\u201d, subraya la directora de la Unidad de Propuestas y Coordinaci\u00f3n de Proyectos Europeos de Eurecat, Patricia Castillo.<\/p>\n<p>El \u00e9xito de esta iniciativa supone un hito importante para Eurecat ya que reafirma su liderazgo en la innovaci\u00f3n tecnol\u00f3gica y multidisciplinar aplicada a un sector tan importante para Catalunya como es el sector creativo y cultural. Disponer de una de las seis sedes de esta Comunidad en Barcelona contribuir\u00e1 positivamente al desarrollo de este sector empresarial y tendr\u00e1 tambi\u00e9n un impacto positivo en la sostenibilidad de nuestro territorio.<\/p>\n<p><strong>El EIT Culture &amp; Creativity<\/strong><\/p>\n<p>La EIT Culture &amp; Creativity ser\u00e1 una sociedad sin \u00e1nimo de lucro financiada con fondos p\u00fablicos que invertir\u00e1 para impulsar la competitividad de los sectores e industrias culturales y creativas europeas y reforzar su papel como motores de prosperidad para Europa.<\/p>\n<p>En este sentido, el consorcio tiene la misi\u00f3n de establecer la novena Comunidad de Conocimiento e Innovaci\u00f3n, que iniciar\u00e1 en 2024 su primer per\u00edodo de operaciones de siete a\u00f1os con el apoyo del Instituto Europeo de Tecnolog\u00eda, y una posible ampliaci\u00f3n a un segundo per\u00edodo, antes de convertirse en autosostenible. En 2023 ser\u00e1 la fase de lanzamiento, donde el EIT aportar\u00e1 6 millones de euros de financiaci\u00f3n para que se establezca la colaboraci\u00f3n.<\/p>\n<p>Con el lema \u201cCreado en Europa\u201d, el consorcio ganador re\u00fane a universidades, instituciones de investigaci\u00f3n, empresas, inversores y asociaciones relevantes para todos los subsectores culturales y creativos.<\/p>\n<p>\u201cLa diversidad es la puerta de entrada a la innovaci\u00f3n. Estamos orgullosos de haber construido un consorcio que es diverso en muchos aspectos, pero especialmente uno que hace honor a la naturaleza del CCSI europeo: el nuestro es un sector formado por numerosas pymes y actores muy peque\u00f1os\u201d, afirma Bernd Fesel, CEO interino y portavoz del consorcio ganador.<\/p>\n<p>Las industrias culturales y creativas representan el 5,5 por ciento del PIB total de la Uni\u00f3n Europea y el 6,2 por ciento de la fuerza de trabajo europea, donde el 80 por ciento de los 2,9 millones de empresas del sector son peque\u00f1as y microempresas. \u201cEsta ser\u00e1 una Comunidad de Innovaci\u00f3n y Conocimiento abierta: abierta a emprendedores, artistas, aut\u00f3nomos, innovadores sociales, agentes culturales. La innovaci\u00f3n y el cambio son posibles cuando todos los actores \u2013grandes y peque\u00f1os\u2013 se encuentran en espacios de colaboraci\u00f3n\u201d, afirma Bernd Fesel.<\/p>\n<p>La sede central de la EIT Culture &amp; Creativity se ubicar\u00e1 en Renania del Norte-Westfalia y tendr\u00e1 seis oficinas, llamadas Co-Location Centers, en \u00c1msterdam, Barcelona, \u200b\u200bBolonia, Helsinki, Kosice y Viena. Estos centros har\u00e1n posible esta vocaci\u00f3n abierta implicando y canalizando las necesidades y expectativas de los ecosistemas locales y regionales y ofrecer\u00e1n servicios relevantes de las Comunidades de Innovaci\u00f3n y Conocimiento adecuados a cada ecosistema y grupos de inter\u00e9s, por ejemplo, estudiantes, startups, inversores de capital riesgo y administraciones.<\/p>\n<p>Las industrias culturales y creativas son un motor de innovaci\u00f3n para toda la sociedad, tal y como qued\u00f3 especialmente patente en la crisis de la Covid-19 y constituyen uno de los motores clave del crecimiento econ\u00f3mico y la creaci\u00f3n de empleo en toda Europa, donde Comunidad de Innovaci\u00f3n y Conocimiento ser\u00e1 clave para apoyar la recuperaci\u00f3n de Europa.<\/p>\n<p><strong>Sobre el Instituto Europeo de Innovaci\u00f3n y Tecnolog\u00eda (EIT)<\/strong><\/p>\n<p>El EIT es el mayor ecosistema de innovaci\u00f3n de Europa que re\u00fane a cerca de 3.000 socios de las principales organizaciones empresariales, de investigaci\u00f3n y de educaci\u00f3n de Europa en m\u00e1s de 60 centros de innovaci\u00f3n. El EIT es un organismo de la UE y una parte integral de Horizon Europe, el programa marco de la UE para la Investigaci\u00f3n y la Innovaci\u00f3n. A trav\u00e9s de asociaciones paneuropeas din\u00e1micas, llamadas Comunidades de Innovaci\u00f3n y Conocimiento e Innovaci\u00f3n (KICs), la Comunidad EIT ofrece una amplia gama de actividades de innovaci\u00f3n y emprendimiento, reforzando la capacidad de Europa de innovar y de impulsar soluciones a los retos globales urgentes a la vez que fomenta el talento emprendedor para crear un crecimiento sostenible y puestos de trabajo calificados en Europa.<\/p>\n<p><strong>Sobre las Comunidades de Innovaci\u00f3n y Conocimiento<\/strong><\/p>\n<p>Las Comunidades de Innovaci\u00f3n y Conocimiento son grandes proyectos en red que requieren mucho m\u00e1s tiempo y complejidad para su preparaci\u00f3n que los proyectos habituales de la UE. Pueden reunir hasta 200 o m\u00e1s instituciones asociadas a un consorcio. Tienen forma jur\u00eddica propia y est\u00e1n dise\u00f1ados para una cooperaci\u00f3n a largo plazo de siete a quince a\u00f1os.<\/p>\n<p>Desde 2010, se han establecido un total de ocho Comunidades de Innovaci\u00f3n y Conocimiento con m\u00e1s de 2.900 organizaciones europeas asociadas en 200 hubs de Europa. Apoyaron a m\u00e1s de 3.800 empresas, llevaron 1.400 nuevos productos y servicios al mercado y generaron 13.000 nuevos puestos de trabajo. Las inversiones recaudadas por las empresas asociadas de las Comunidades de Innovaci\u00f3n y Conocimiento ascendieron a 3.900 millones de euros y 3.800 graduados completaron con \u00e9xito un programa universitario de la EIT. En 2026 est\u00e1 prevista una convocatoria de propuestas para otra comunidad sobre agua, oc\u00e9anos y sector mar\u00edtimo.<\/p>\n<p><strong>PIE DE FOTO:<\/strong> En la imagen aparece Patricia Castillo, de Eurecat (primera por la izquierda), acompa\u00f1ada de los representantes del consorcio ganador, en Budapest, sede de la EIT.<\/p>\n<p><strong>M\u00e1s informaci\u00f3n en: <\/strong><a href=\"https:\/\/eit.europa.eu\/\"><strong>https:\/\/eit.europa.eu\/<\/strong><\/a><\/p>\n<\/div><\/div><\/div><\/div><\/div>\n","protected":false},"excerpt":{"rendered":"","protected":false},"author":12,"featured_media":124297,"comment_status":"open","ping_status":"closed","sticky":false,"template":"","format":"standard","meta":{"footnotes":""},"categories":[2275,134,412],"tags":[],"class_list":["post-124293","post","type-post","status-publish","format-standard","has-post-thumbnail","hentry","category-industrias-culturales-y-creativas","category-notas-de-prensa","category-tecnologias-audiovisuales"],"yoast_head":"<!-- This site is optimized with the Yoast SEO plugin v27.5 - https:\/\/yoast.com\/product\/yoast-seo-wordpress\/ -->\n<title>Eurecat formar\u00e1 parte del EIT Culture &amp; Creativity<\/title>\n<meta name=\"description\" content=\"Eurecat formar\u00e1 parte del EIT Culture &amp; Creativity, el nuevo instrumento europeo para la competitividad de las industrias culturales y creativas\" \/>\n<meta name=\"robots\" content=\"index, follow, max-snippet:-1, max-image-preview:large, max-video-preview:-1\" \/>\n<link rel=\"canonical\" href=\"https:\/\/eurecat.org\/es\/eurect-formara-parte-del-eit-culture-and-creativity\/\" \/>\n<meta property=\"og:locale\" content=\"es_ES\" \/>\n<meta property=\"og:type\" content=\"article\" \/>\n<meta property=\"og:title\" content=\"Eurecat formar\u00e1 parte del EIT Culture &amp; Creativity\" \/>\n<meta property=\"og:description\" content=\"Eurecat formar\u00e1 parte del EIT Culture &amp; Creativity, el nuevo instrumento europeo para la competitividad de las industrias culturales y creativas\" \/>\n<meta property=\"og:url\" content=\"https:\/\/eurecat.org\/es\/eurect-formara-parte-del-eit-culture-and-creativity\/\" \/>\n<meta property=\"og:site_name\" content=\"Eurecat\" \/>\n<meta property=\"article:published_time\" content=\"2022-06-29T11:40:36+00:00\" \/>\n<meta property=\"article:modified_time\" content=\"2022-06-30T09:48:00+00:00\" \/>\n<meta property=\"og:image\" content=\"https:\/\/eurecat.org\/wp-content\/uploads\/2022\/06\/EIT_Eurecat_800px.jpg\" \/>\n\t<meta property=\"og:image:width\" content=\"800\" \/>\n\t<meta property=\"og:image:height\" content=\"450\" \/>\n\t<meta property=\"og:image:type\" content=\"image\/jpeg\" \/>\n<meta name=\"author\" content=\"EurecatEG\" \/>\n<meta name=\"twitter:card\" content=\"summary_large_image\" \/>\n<meta name=\"twitter:label1\" content=\"Escrito por\" \/>\n\t<meta name=\"twitter:data1\" content=\"EurecatEG\" \/>\n\t<meta name=\"twitter:label2\" content=\"Tiempo de lectura\" \/>\n\t<meta name=\"twitter:data2\" content=\"7 minutos\" \/>\n<script type=\"application\/ld+json\" class=\"yoast-schema-graph\">{\"@context\":\"https:\\\/\\\/schema.org\",\"@graph\":[{\"@type\":\"Article\",\"@id\":\"https:\\\/\\\/eurecat.org\\\/es\\\/eurect-formara-parte-del-eit-culture-and-creativity\\\/#article\",\"isPartOf\":{\"@id\":\"https:\\\/\\\/eurecat.org\\\/es\\\/eurect-formara-parte-del-eit-culture-and-creativity\\\/\"},\"author\":{\"name\":\"EurecatEG\",\"@id\":\"https:\\\/\\\/eurecat.org\\\/es\\\/#\\\/schema\\\/person\\\/def9217eded50ee57a9dc4cf0c883f80\"},\"headline\":\"Eurecat formar\u00e1 parte del EIT Culture &#038; Creativity, el nuevo instrumento europeo para la competitividad de las industrias culturales y creativas\",\"datePublished\":\"2022-06-29T11:40:36+00:00\",\"dateModified\":\"2022-06-30T09:48:00+00:00\",\"mainEntityOfPage\":{\"@id\":\"https:\\\/\\\/eurecat.org\\\/es\\\/eurect-formara-parte-del-eit-culture-and-creativity\\\/\"},\"wordCount\":1431,\"commentCount\":0,\"image\":{\"@id\":\"https:\\\/\\\/eurecat.org\\\/es\\\/eurect-formara-parte-del-eit-culture-and-creativity\\\/#primaryimage\"},\"thumbnailUrl\":\"https:\\\/\\\/eurecat.org\\\/wp-content\\\/uploads\\\/2022\\\/06\\\/EIT_Eurecat_800px.jpg\",\"articleSection\":[\"Industrias Culturales y Creativas\",\"Notas de prensa\",\"Tecnolog\u00edas Audiovisuales\"],\"inLanguage\":\"es\",\"potentialAction\":[{\"@type\":\"CommentAction\",\"name\":\"Comment\",\"target\":[\"https:\\\/\\\/eurecat.org\\\/es\\\/eurect-formara-parte-del-eit-culture-and-creativity\\\/#respond\"]}]},{\"@type\":\"WebPage\",\"@id\":\"https:\\\/\\\/eurecat.org\\\/es\\\/eurect-formara-parte-del-eit-culture-and-creativity\\\/\",\"url\":\"https:\\\/\\\/eurecat.org\\\/es\\\/eurect-formara-parte-del-eit-culture-and-creativity\\\/\",\"name\":\"Eurecat formar\u00e1 parte del EIT Culture & Creativity\",\"isPartOf\":{\"@id\":\"https:\\\/\\\/eurecat.org\\\/es\\\/#website\"},\"primaryImageOfPage\":{\"@id\":\"https:\\\/\\\/eurecat.org\\\/es\\\/eurect-formara-parte-del-eit-culture-and-creativity\\\/#primaryimage\"},\"image\":{\"@id\":\"https:\\\/\\\/eurecat.org\\\/es\\\/eurect-formara-parte-del-eit-culture-and-creativity\\\/#primaryimage\"},\"thumbnailUrl\":\"https:\\\/\\\/eurecat.org\\\/wp-content\\\/uploads\\\/2022\\\/06\\\/EIT_Eurecat_800px.jpg\",\"datePublished\":\"2022-06-29T11:40:36+00:00\",\"dateModified\":\"2022-06-30T09:48:00+00:00\",\"author\":{\"@id\":\"https:\\\/\\\/eurecat.org\\\/es\\\/#\\\/schema\\\/person\\\/def9217eded50ee57a9dc4cf0c883f80\"},\"description\":\"Eurecat formar\u00e1 parte del EIT Culture & Creativity, el nuevo instrumento europeo para la competitividad de las industrias culturales y creativas\",\"breadcrumb\":{\"@id\":\"https:\\\/\\\/eurecat.org\\\/es\\\/eurect-formara-parte-del-eit-culture-and-creativity\\\/#breadcrumb\"},\"inLanguage\":\"es\",\"potentialAction\":[{\"@type\":\"ReadAction\",\"target\":[\"https:\\\/\\\/eurecat.org\\\/es\\\/eurect-formara-parte-del-eit-culture-and-creativity\\\/\"]}]},{\"@type\":\"ImageObject\",\"inLanguage\":\"es\",\"@id\":\"https:\\\/\\\/eurecat.org\\\/es\\\/eurect-formara-parte-del-eit-culture-and-creativity\\\/#primaryimage\",\"url\":\"https:\\\/\\\/eurecat.org\\\/wp-content\\\/uploads\\\/2022\\\/06\\\/EIT_Eurecat_800px.jpg\",\"contentUrl\":\"https:\\\/\\\/eurecat.org\\\/wp-content\\\/uploads\\\/2022\\\/06\\\/EIT_Eurecat_800px.jpg\",\"width\":800,\"height\":450,\"caption\":\"A la imatge hi apareix Patricia Castillo, d\u2019Eurecat (primera per l\u2019esquerra), acompanyada dels representants del consorci guanyador, a Budapest, seu de l\u2019EIT.\"},{\"@type\":\"BreadcrumbList\",\"@id\":\"https:\\\/\\\/eurecat.org\\\/es\\\/eurect-formara-parte-del-eit-culture-and-creativity\\\/#breadcrumb\",\"itemListElement\":[{\"@type\":\"ListItem\",\"position\":1,\"name\":\"Inici\",\"item\":\"https:\\\/\\\/eurecat.org\\\/es\\\/\"},{\"@type\":\"ListItem\",\"position\":2,\"name\":\"Eurecat formar\u00e1 parte del EIT Culture &#038; Creativity, el nuevo instrumento europeo para la competitividad de las industrias culturales y creativas\"}]},{\"@type\":\"WebSite\",\"@id\":\"https:\\\/\\\/eurecat.org\\\/es\\\/#website\",\"url\":\"https:\\\/\\\/eurecat.org\\\/es\\\/\",\"name\":\"Eurecat\",\"description\":\"Otro sitio realizado con WordPress\",\"potentialAction\":[{\"@type\":\"SearchAction\",\"target\":{\"@type\":\"EntryPoint\",\"urlTemplate\":\"https:\\\/\\\/eurecat.org\\\/es\\\/?s={search_term_string}\"},\"query-input\":{\"@type\":\"PropertyValueSpecification\",\"valueRequired\":true,\"valueName\":\"search_term_string\"}}],\"inLanguage\":\"es\"},{\"@type\":\"Person\",\"@id\":\"https:\\\/\\\/eurecat.org\\\/es\\\/#\\\/schema\\\/person\\\/def9217eded50ee57a9dc4cf0c883f80\",\"name\":\"EurecatEG\",\"image\":{\"@type\":\"ImageObject\",\"inLanguage\":\"es\",\"@id\":\"https:\\\/\\\/secure.gravatar.com\\\/avatar\\\/f40dd9b6ecd3e5c591f3c9b033e495ee0ec9877ba77249fbf268b3889350c824?s=96&d=mm&r=g\",\"url\":\"https:\\\/\\\/secure.gravatar.com\\\/avatar\\\/f40dd9b6ecd3e5c591f3c9b033e495ee0ec9877ba77249fbf268b3889350c824?s=96&d=mm&r=g\",\"contentUrl\":\"https:\\\/\\\/secure.gravatar.com\\\/avatar\\\/f40dd9b6ecd3e5c591f3c9b033e495ee0ec9877ba77249fbf268b3889350c824?s=96&d=mm&r=g\",\"caption\":\"EurecatEG\"}}]}<\/script>\n<!-- \/ Yoast SEO plugin. -->","yoast_head_json":{"title":"Eurecat formar\u00e1 parte del EIT Culture & Creativity","description":"Eurecat formar\u00e1 parte del EIT Culture & Creativity, el nuevo instrumento europeo para la competitividad de las industrias culturales y creativas","robots":{"index":"index","follow":"follow","max-snippet":"max-snippet:-1","max-image-preview":"max-image-preview:large","max-video-preview":"max-video-preview:-1"},"canonical":"https:\/\/eurecat.org\/es\/eurect-formara-parte-del-eit-culture-and-creativity\/","og_locale":"es_ES","og_type":"article","og_title":"Eurecat formar\u00e1 parte del EIT Culture & Creativity","og_description":"Eurecat formar\u00e1 parte del EIT Culture & Creativity, el nuevo instrumento europeo para la competitividad de las industrias culturales y creativas","og_url":"https:\/\/eurecat.org\/es\/eurect-formara-parte-del-eit-culture-and-creativity\/","og_site_name":"Eurecat","article_published_time":"2022-06-29T11:40:36+00:00","article_modified_time":"2022-06-30T09:48:00+00:00","og_image":[{"width":800,"height":450,"url":"https:\/\/eurecat.org\/wp-content\/uploads\/2022\/06\/EIT_Eurecat_800px.jpg","type":"image\/jpeg"}],"author":"EurecatEG","twitter_card":"summary_large_image","twitter_misc":{"Escrito por":"EurecatEG","Tiempo de lectura":"7 minutos"},"schema":{"@context":"https:\/\/schema.org","@graph":[{"@type":"Article","@id":"https:\/\/eurecat.org\/es\/eurect-formara-parte-del-eit-culture-and-creativity\/#article","isPartOf":{"@id":"https:\/\/eurecat.org\/es\/eurect-formara-parte-del-eit-culture-and-creativity\/"},"author":{"name":"EurecatEG","@id":"https:\/\/eurecat.org\/es\/#\/schema\/person\/def9217eded50ee57a9dc4cf0c883f80"},"headline":"Eurecat formar\u00e1 parte del EIT Culture &#038; Creativity, el nuevo instrumento europeo para la competitividad de las industrias culturales y creativas","datePublished":"2022-06-29T11:40:36+00:00","dateModified":"2022-06-30T09:48:00+00:00","mainEntityOfPage":{"@id":"https:\/\/eurecat.org\/es\/eurect-formara-parte-del-eit-culture-and-creativity\/"},"wordCount":1431,"commentCount":0,"image":{"@id":"https:\/\/eurecat.org\/es\/eurect-formara-parte-del-eit-culture-and-creativity\/#primaryimage"},"thumbnailUrl":"https:\/\/eurecat.org\/wp-content\/uploads\/2022\/06\/EIT_Eurecat_800px.jpg","articleSection":["Industrias Culturales y Creativas","Notas de prensa","Tecnolog\u00edas Audiovisuales"],"inLanguage":"es","potentialAction":[{"@type":"CommentAction","name":"Comment","target":["https:\/\/eurecat.org\/es\/eurect-formara-parte-del-eit-culture-and-creativity\/#respond"]}]},{"@type":"WebPage","@id":"https:\/\/eurecat.org\/es\/eurect-formara-parte-del-eit-culture-and-creativity\/","url":"https:\/\/eurecat.org\/es\/eurect-formara-parte-del-eit-culture-and-creativity\/","name":"Eurecat formar\u00e1 parte del EIT Culture & Creativity","isPartOf":{"@id":"https:\/\/eurecat.org\/es\/#website"},"primaryImageOfPage":{"@id":"https:\/\/eurecat.org\/es\/eurect-formara-parte-del-eit-culture-and-creativity\/#primaryimage"},"image":{"@id":"https:\/\/eurecat.org\/es\/eurect-formara-parte-del-eit-culture-and-creativity\/#primaryimage"},"thumbnailUrl":"https:\/\/eurecat.org\/wp-content\/uploads\/2022\/06\/EIT_Eurecat_800px.jpg","datePublished":"2022-06-29T11:40:36+00:00","dateModified":"2022-06-30T09:48:00+00:00","author":{"@id":"https:\/\/eurecat.org\/es\/#\/schema\/person\/def9217eded50ee57a9dc4cf0c883f80"},"description":"Eurecat formar\u00e1 parte del EIT Culture & Creativity, el nuevo instrumento europeo para la competitividad de las industrias culturales y creativas","breadcrumb":{"@id":"https:\/\/eurecat.org\/es\/eurect-formara-parte-del-eit-culture-and-creativity\/#breadcrumb"},"inLanguage":"es","potentialAction":[{"@type":"ReadAction","target":["https:\/\/eurecat.org\/es\/eurect-formara-parte-del-eit-culture-and-creativity\/"]}]},{"@type":"ImageObject","inLanguage":"es","@id":"https:\/\/eurecat.org\/es\/eurect-formara-parte-del-eit-culture-and-creativity\/#primaryimage","url":"https:\/\/eurecat.org\/wp-content\/uploads\/2022\/06\/EIT_Eurecat_800px.jpg","contentUrl":"https:\/\/eurecat.org\/wp-content\/uploads\/2022\/06\/EIT_Eurecat_800px.jpg","width":800,"height":450,"caption":"A la imatge hi apareix Patricia Castillo, d\u2019Eurecat (primera per l\u2019esquerra), acompanyada dels representants del consorci guanyador, a Budapest, seu de l\u2019EIT."},{"@type":"BreadcrumbList","@id":"https:\/\/eurecat.org\/es\/eurect-formara-parte-del-eit-culture-and-creativity\/#breadcrumb","itemListElement":[{"@type":"ListItem","position":1,"name":"Inici","item":"https:\/\/eurecat.org\/es\/"},{"@type":"ListItem","position":2,"name":"Eurecat formar\u00e1 parte del EIT Culture &#038; Creativity, el nuevo instrumento europeo para la competitividad de las industrias culturales y creativas"}]},{"@type":"WebSite","@id":"https:\/\/eurecat.org\/es\/#website","url":"https:\/\/eurecat.org\/es\/","name":"Eurecat","description":"Otro sitio realizado con WordPress","potentialAction":[{"@type":"SearchAction","target":{"@type":"EntryPoint","urlTemplate":"https:\/\/eurecat.org\/es\/?s={search_term_string}"},"query-input":{"@type":"PropertyValueSpecification","valueRequired":true,"valueName":"search_term_string"}}],"inLanguage":"es"},{"@type":"Person","@id":"https:\/\/eurecat.org\/es\/#\/schema\/person\/def9217eded50ee57a9dc4cf0c883f80","name":"EurecatEG","image":{"@type":"ImageObject","inLanguage":"es","@id":"https:\/\/secure.gravatar.com\/avatar\/f40dd9b6ecd3e5c591f3c9b033e495ee0ec9877ba77249fbf268b3889350c824?s=96&d=mm&r=g","url":"https:\/\/secure.gravatar.com\/avatar\/f40dd9b6ecd3e5c591f3c9b033e495ee0ec9877ba77249fbf268b3889350c824?s=96&d=mm&r=g","contentUrl":"https:\/\/secure.gravatar.com\/avatar\/f40dd9b6ecd3e5c591f3c9b033e495ee0ec9877ba77249fbf268b3889350c824?s=96&d=mm&r=g","caption":"EurecatEG"}}]}},"_links":{"self":[{"href":"https:\/\/eurecat.org\/es\/wp-json\/wp\/v2\/posts\/124293","targetHints":{"allow":["GET"]}}],"collection":[{"href":"https:\/\/eurecat.org\/es\/wp-json\/wp\/v2\/posts"}],"about":[{"href":"https:\/\/eurecat.org\/es\/wp-json\/wp\/v2\/types\/post"}],"author":[{"embeddable":true,"href":"https:\/\/eurecat.org\/es\/wp-json\/wp\/v2\/users\/12"}],"replies":[{"embeddable":true,"href":"https:\/\/eurecat.org\/es\/wp-json\/wp\/v2\/comments?post=124293"}],"version-history":[{"count":0,"href":"https:\/\/eurecat.org\/es\/wp-json\/wp\/v2\/posts\/124293\/revisions"}],"wp:featuredmedia":[{"embeddable":true,"href":"https:\/\/eurecat.org\/es\/wp-json\/wp\/v2\/media\/124297"}],"wp:attachment":[{"href":"https:\/\/eurecat.org\/es\/wp-json\/wp\/v2\/media?parent=124293"}],"wp:term":[{"taxonomy":"category","embeddable":true,"href":"https:\/\/eurecat.org\/es\/wp-json\/wp\/v2\/categories?post=124293"},{"taxonomy":"post_tag","embeddable":true,"href":"https:\/\/eurecat.org\/es\/wp-json\/wp\/v2\/tags?post=124293"}],"curies":[{"name":"wp","href":"https:\/\/api.w.org\/{rel}","templated":true}]}}