{"id":124387,"date":"2022-07-04T10:12:48","date_gmt":"2022-07-04T09:12:48","guid":{"rendered":"https:\/\/eurecat.org\/?p=124387"},"modified":"2022-07-06T08:25:38","modified_gmt":"2022-07-06T07:25:38","slug":"editorial_la-vigilancia-tecnologica-el-radar-de-las-empresas-que-marca-la-diferencia","status":"publish","type":"post","link":"https:\/\/eurecat.org\/es\/editorial_la-vigilancia-tecnologica-el-radar-de-las-empresas-que-marca-la-diferencia\/","title":{"rendered":"La vigilancia tecnol\u00f3gica, el radar de las empresas que marca la diferencia"},"content":{"rendered":"<p><strong><img decoding=\"async\" class=\"alignleft wp-image-124395 size-medium\" src=\"https:\/\/eurecat.org\/wp-content\/uploads\/2022\/07\/XAVIER_TORRA_low-600x400-2-300x200.jpg\" alt=\"\" width=\"300\" height=\"200\" srcset=\"https:\/\/eurecat.org\/wp-content\/uploads\/2022\/07\/XAVIER_TORRA_low-600x400-2-200x133.jpg 200w, https:\/\/eurecat.org\/wp-content\/uploads\/2022\/07\/XAVIER_TORRA_low-600x400-2-300x200.jpg 300w, https:\/\/eurecat.org\/wp-content\/uploads\/2022\/07\/XAVIER_TORRA_low-600x400-2-391x260.jpg 391w, https:\/\/eurecat.org\/wp-content\/uploads\/2022\/07\/XAVIER_TORRA_low-600x400-2-400x267.jpg 400w, https:\/\/eurecat.org\/wp-content\/uploads\/2022\/07\/XAVIER_TORRA_low-600x400-2.jpg 600w\" sizes=\"(max-width: 300px) 100vw, 300px\" \/><\/strong><\/p>\n<p><strong>Mejorar desde el punto de vista de negocio y anticiparse a los cambios, identificar amenazas y oportunidades del entorno econ\u00f3mico, social y tecnol\u00f3gico y tomar las decisiones m\u00e1s acertadas<\/strong>, adem\u00e1s de conocer las tendencias del mercado y crecer a nivel estrat\u00e9gico y competitivo. \u00c9stas son <strong>algunas de las claves que aporta el servicio de vigilancia tecnol\u00f3gica e inteligencia que, desde Eurecat, ofrecemos a las empresas, con especial atenci\u00f3n a las peque\u00f1as y medianas<\/strong>, para que puedan diferenciarse en un entorno muy competitivo marcado por cambios continuos e imprevisibles, donde la principal ventaja es ser capaz de aprender y actuar m\u00e1s r\u00e1pido que la competencia.<\/p>\n<p>Cada vez m\u00e1s, por costes y facilidad t\u00e9cnica y organizativa, la vigilancia y la inteligencia estrat\u00e9gica est\u00e1n al alcance de un mayor n\u00famero de empresas de menor dimensi\u00f3n. <strong>La principal condici\u00f3n es contar con estrategia y voluntad de liderazgo<\/strong> desde el punto de vista de la utilizaci\u00f3n de la tecnolog\u00eda como factor de generaci\u00f3n de ventajas competitivas. Se trata de que la empresa pueda analizar y captar las informaciones que le ayudar\u00e1n a aprender y tomar decisiones estrat\u00e9gicas para adaptarse al entorno y adelantarse para estar bien posicionada en el futuro inmediato. Por eso, nuestro servicio, adem\u00e1s de sistematizar la vigilancia tecnol\u00f3gica como un proceso m\u00e1s dentro de la empresa, alerta sobre amenazas y avances tecnol\u00f3gicos, detecta tendencias y oportunidades de negocio, contribuye a identificar productos sustitutivos, facilita la incorporaci\u00f3n de nuevos avances tecnol\u00f3gicos e identifica potenciales cooperaciones y socios adecuados en proyectos conjuntos de I+D. Encontrar\u00e1 m\u00e1s informaci\u00f3n al respecto en la entrevista de este newsletter de junio con Julia Riquelme, consultora en el Departamento de Consultor\u00eda Tecnol\u00f3gica de Eurecat.<\/p>\n<p>Tambi\u00e9n le hablamos de <strong>la gran noticia de nuestra designaci\u00f3n, dentro del consorcio ICE, para impulsar la competitividad de las industrias culturales y creativas europeas, mediante la iniciativa europea EIT Culture &amp; Creativity.<\/strong><\/p>\n<p>En el marco del EIT Culture &amp; Creativity, que est\u00e1 coordinada por Fraunhofer, desplegaremos la actividad para el suroeste de Europa, dentro de una red de seis Co-Location Centers, donde funcionaremos como un hub para todos los agentes relevantes en las industrias y sectores de la creatividad y cultura. En este sentido, incidiremos especialmente en el papel de las industrias culturales y creativas como motor de competitividad para otras actividades en clave de innovaci\u00f3n cross-sectorial.<\/p>\n<p>En este sexto n\u00famero del a\u00f1o le acercamos tambi\u00e9n el resumen del <strong>congreso internacional de metales CHS2<\/strong> que hemos coorganizado, la puesta en marcha del <strong>3Digital Manufacturing Lab Girona<\/strong> (3DML) <strong>con la Universidad de Girona<\/strong> y <strong>el convenio suscrito con IngenierosGi<\/strong> para ofrecer formaci\u00f3n y transferencia de conocimiento a sus asociados. Encontrar\u00e1, adem\u00e1s, informaciones vinculadas a la celebraci\u00f3n del <strong>D\u00eda Mundial del Medio Ambiente<\/strong> y a nuestras actividades en las \u00e1reas digital, industrial y biotecnol\u00f3gica para favorecer la innovaci\u00f3n y la competitividad empresarial.<\/p>\n<p><strong>Xavier Torra<br \/>\n<\/strong><strong>Presidente de Eurecat<\/strong><\/p>\n","protected":false},"excerpt":{"rendered":"<p>Mejorar desde el punto de vista de negocio y anticiparse a los cambios, identificar amenazas y oportunidades del entorno econ\u00f3mico, social y tecnol\u00f3gico y tomar las decisiones m\u00e1s acertadas, adem\u00e1s de conocer las tendencias del mercado y crecer a nivel estrat\u00e9gico y competitivo. \u00c9stas son algunas de las claves que aporta el servicio de vigilancia  [&#8230;]<\/p>\n","protected":false},"author":20,"featured_media":124390,"comment_status":"closed","ping_status":"closed","sticky":false,"template":"","format":"standard","meta":{"footnotes":""},"categories":[133,2217],"tags":[],"class_list":["post-124387","post","type-post","status-publish","format-standard","has-post-thumbnail","hentry","category-blog","category-editorial"],"yoast_head":"<!-- This site is optimized with the Yoast SEO plugin v27.5 - https:\/\/yoast.com\/product\/yoast-seo-wordpress\/ -->\n<title>La vigilancia tecnol\u00f3gica, el radar de las empresas que marca la diferencia - Eurecat<\/title>\n<meta name=\"description\" content=\"Mejorar desde el punto de vista de negocio y anticiparse a los cambios, identificar amenazas y oportunidades del entorno econ\u00f3mico, social y tecnol\u00f3gico y tomar las decisiones m\u00e1s acertadas, adem\u00e1s de conocer las tendencias del mercado y crecer a nivel estrat\u00e9gico y competitivo.\" \/>\n<meta name=\"robots\" content=\"index, follow, max-snippet:-1, max-image-preview:large, max-video-preview:-1\" \/>\n<link rel=\"canonical\" href=\"https:\/\/eurecat.org\/es\/editorial_la-vigilancia-tecnologica-el-radar-de-las-empresas-que-marca-la-diferencia\/\" \/>\n<meta property=\"og:locale\" content=\"es_ES\" \/>\n<meta property=\"og:type\" content=\"article\" \/>\n<meta property=\"og:title\" content=\"La vigilancia tecnol\u00f3gica, el radar de las empresas que marca la diferencia - Eurecat\" \/>\n<meta property=\"og:description\" content=\"Mejorar desde el punto de vista de negocio y anticiparse a los cambios, identificar amenazas y oportunidades del entorno econ\u00f3mico, social y tecnol\u00f3gico y tomar las decisiones m\u00e1s acertadas, adem\u00e1s de conocer las tendencias del mercado y crecer a nivel estrat\u00e9gico y competitivo.\" \/>\n<meta property=\"og:url\" content=\"https:\/\/eurecat.org\/es\/editorial_la-vigilancia-tecnologica-el-radar-de-las-empresas-que-marca-la-diferencia\/\" \/>\n<meta property=\"og:site_name\" content=\"Eurecat\" \/>\n<meta property=\"article:published_time\" content=\"2022-07-04T09:12:48+00:00\" \/>\n<meta property=\"article:modified_time\" content=\"2022-07-06T07:25:38+00:00\" \/>\n<meta property=\"og:image\" content=\"https:\/\/eurecat.org\/wp-content\/uploads\/2022\/07\/XAVIER_TORRA_low-600x400-1.jpg\" \/>\n\t<meta property=\"og:image:width\" content=\"600\" \/>\n\t<meta property=\"og:image:height\" content=\"400\" \/>\n\t<meta property=\"og:image:type\" content=\"image\/jpeg\" \/>\n<meta name=\"author\" content=\"EurecatEQZ\" \/>\n<meta name=\"twitter:card\" content=\"summary_large_image\" \/>\n<meta name=\"twitter:label1\" content=\"Escrito por\" \/>\n\t<meta name=\"twitter:data1\" content=\"EurecatEQZ\" \/>\n\t<meta name=\"twitter:label2\" content=\"Tiempo de lectura\" \/>\n\t<meta name=\"twitter:data2\" content=\"3 minutos\" \/>\n<script type=\"application\/ld+json\" class=\"yoast-schema-graph\">{\"@context\":\"https:\\\/\\\/schema.org\",\"@graph\":[{\"@type\":\"Article\",\"@id\":\"https:\\\/\\\/eurecat.org\\\/es\\\/editorial_la-vigilancia-tecnologica-el-radar-de-las-empresas-que-marca-la-diferencia\\\/#article\",\"isPartOf\":{\"@id\":\"https:\\\/\\\/eurecat.org\\\/es\\\/editorial_la-vigilancia-tecnologica-el-radar-de-las-empresas-que-marca-la-diferencia\\\/\"},\"author\":{\"name\":\"EurecatEQZ\",\"@id\":\"https:\\\/\\\/eurecat.org\\\/es\\\/#\\\/schema\\\/person\\\/99d4d39712001e7621b6867b27b40bed\"},\"headline\":\"La vigilancia tecnol\u00f3gica, el radar de las empresas que marca la diferencia\",\"datePublished\":\"2022-07-04T09:12:48+00:00\",\"dateModified\":\"2022-07-06T07:25:38+00:00\",\"mainEntityOfPage\":{\"@id\":\"https:\\\/\\\/eurecat.org\\\/es\\\/editorial_la-vigilancia-tecnologica-el-radar-de-las-empresas-que-marca-la-diferencia\\\/\"},\"wordCount\":529,\"image\":{\"@id\":\"https:\\\/\\\/eurecat.org\\\/es\\\/editorial_la-vigilancia-tecnologica-el-radar-de-las-empresas-que-marca-la-diferencia\\\/#primaryimage\"},\"thumbnailUrl\":\"https:\\\/\\\/eurecat.org\\\/wp-content\\\/uploads\\\/2022\\\/07\\\/XAVIER_TORRA_low-600x400-1.jpg\",\"articleSection\":[\"Blog\",\"Editorial\"],\"inLanguage\":\"es\"},{\"@type\":\"WebPage\",\"@id\":\"https:\\\/\\\/eurecat.org\\\/es\\\/editorial_la-vigilancia-tecnologica-el-radar-de-las-empresas-que-marca-la-diferencia\\\/\",\"url\":\"https:\\\/\\\/eurecat.org\\\/es\\\/editorial_la-vigilancia-tecnologica-el-radar-de-las-empresas-que-marca-la-diferencia\\\/\",\"name\":\"La vigilancia tecnol\u00f3gica, el radar de las empresas que marca la diferencia - Eurecat\",\"isPartOf\":{\"@id\":\"https:\\\/\\\/eurecat.org\\\/es\\\/#website\"},\"primaryImageOfPage\":{\"@id\":\"https:\\\/\\\/eurecat.org\\\/es\\\/editorial_la-vigilancia-tecnologica-el-radar-de-las-empresas-que-marca-la-diferencia\\\/#primaryimage\"},\"image\":{\"@id\":\"https:\\\/\\\/eurecat.org\\\/es\\\/editorial_la-vigilancia-tecnologica-el-radar-de-las-empresas-que-marca-la-diferencia\\\/#primaryimage\"},\"thumbnailUrl\":\"https:\\\/\\\/eurecat.org\\\/wp-content\\\/uploads\\\/2022\\\/07\\\/XAVIER_TORRA_low-600x400-1.jpg\",\"datePublished\":\"2022-07-04T09:12:48+00:00\",\"dateModified\":\"2022-07-06T07:25:38+00:00\",\"author\":{\"@id\":\"https:\\\/\\\/eurecat.org\\\/es\\\/#\\\/schema\\\/person\\\/99d4d39712001e7621b6867b27b40bed\"},\"description\":\"Mejorar desde el punto de vista de negocio y anticiparse a los cambios, identificar amenazas y oportunidades del entorno econ\u00f3mico, social y tecnol\u00f3gico y tomar las decisiones m\u00e1s acertadas, adem\u00e1s de conocer las tendencias del mercado y crecer a nivel estrat\u00e9gico y competitivo.\",\"breadcrumb\":{\"@id\":\"https:\\\/\\\/eurecat.org\\\/es\\\/editorial_la-vigilancia-tecnologica-el-radar-de-las-empresas-que-marca-la-diferencia\\\/#breadcrumb\"},\"inLanguage\":\"es\",\"potentialAction\":[{\"@type\":\"ReadAction\",\"target\":[\"https:\\\/\\\/eurecat.org\\\/es\\\/editorial_la-vigilancia-tecnologica-el-radar-de-las-empresas-que-marca-la-diferencia\\\/\"]}]},{\"@type\":\"ImageObject\",\"inLanguage\":\"es\",\"@id\":\"https:\\\/\\\/eurecat.org\\\/es\\\/editorial_la-vigilancia-tecnologica-el-radar-de-las-empresas-que-marca-la-diferencia\\\/#primaryimage\",\"url\":\"https:\\\/\\\/eurecat.org\\\/wp-content\\\/uploads\\\/2022\\\/07\\\/XAVIER_TORRA_low-600x400-1.jpg\",\"contentUrl\":\"https:\\\/\\\/eurecat.org\\\/wp-content\\\/uploads\\\/2022\\\/07\\\/XAVIER_TORRA_low-600x400-1.jpg\",\"width\":600,\"height\":400},{\"@type\":\"BreadcrumbList\",\"@id\":\"https:\\\/\\\/eurecat.org\\\/es\\\/editorial_la-vigilancia-tecnologica-el-radar-de-las-empresas-que-marca-la-diferencia\\\/#breadcrumb\",\"itemListElement\":[{\"@type\":\"ListItem\",\"position\":1,\"name\":\"Inici\",\"item\":\"https:\\\/\\\/eurecat.org\\\/es\\\/\"},{\"@type\":\"ListItem\",\"position\":2,\"name\":\"La vigilancia tecnol\u00f3gica, el radar de las empresas que marca la diferencia\"}]},{\"@type\":\"WebSite\",\"@id\":\"https:\\\/\\\/eurecat.org\\\/es\\\/#website\",\"url\":\"https:\\\/\\\/eurecat.org\\\/es\\\/\",\"name\":\"Eurecat\",\"description\":\"Otro sitio realizado con WordPress\",\"potentialAction\":[{\"@type\":\"SearchAction\",\"target\":{\"@type\":\"EntryPoint\",\"urlTemplate\":\"https:\\\/\\\/eurecat.org\\\/es\\\/?s={search_term_string}\"},\"query-input\":{\"@type\":\"PropertyValueSpecification\",\"valueRequired\":true,\"valueName\":\"search_term_string\"}}],\"inLanguage\":\"es\"},{\"@type\":\"Person\",\"@id\":\"https:\\\/\\\/eurecat.org\\\/es\\\/#\\\/schema\\\/person\\\/99d4d39712001e7621b6867b27b40bed\",\"name\":\"EurecatEQZ\",\"image\":{\"@type\":\"ImageObject\",\"inLanguage\":\"es\",\"@id\":\"https:\\\/\\\/secure.gravatar.com\\\/avatar\\\/6deb26ca61bcc34263c59cc62bb8b08ff90b67af7f99943babf5d86396845993?s=96&d=mm&r=g\",\"url\":\"https:\\\/\\\/secure.gravatar.com\\\/avatar\\\/6deb26ca61bcc34263c59cc62bb8b08ff90b67af7f99943babf5d86396845993?s=96&d=mm&r=g\",\"contentUrl\":\"https:\\\/\\\/secure.gravatar.com\\\/avatar\\\/6deb26ca61bcc34263c59cc62bb8b08ff90b67af7f99943babf5d86396845993?s=96&d=mm&r=g\",\"caption\":\"EurecatEQZ\"}}]}<\/script>\n<!-- \/ Yoast SEO plugin. -->","yoast_head_json":{"title":"La vigilancia tecnol\u00f3gica, el radar de las empresas que marca la diferencia - Eurecat","description":"Mejorar desde el punto de vista de negocio y anticiparse a los cambios, identificar amenazas y oportunidades del entorno econ\u00f3mico, social y tecnol\u00f3gico y tomar las decisiones m\u00e1s acertadas, adem\u00e1s de conocer las tendencias del mercado y crecer a nivel estrat\u00e9gico y competitivo.","robots":{"index":"index","follow":"follow","max-snippet":"max-snippet:-1","max-image-preview":"max-image-preview:large","max-video-preview":"max-video-preview:-1"},"canonical":"https:\/\/eurecat.org\/es\/editorial_la-vigilancia-tecnologica-el-radar-de-las-empresas-que-marca-la-diferencia\/","og_locale":"es_ES","og_type":"article","og_title":"La vigilancia tecnol\u00f3gica, el radar de las empresas que marca la diferencia - Eurecat","og_description":"Mejorar desde el punto de vista de negocio y anticiparse a los cambios, identificar amenazas y oportunidades del entorno econ\u00f3mico, social y tecnol\u00f3gico y tomar las decisiones m\u00e1s acertadas, adem\u00e1s de conocer las tendencias del mercado y crecer a nivel estrat\u00e9gico y competitivo.","og_url":"https:\/\/eurecat.org\/es\/editorial_la-vigilancia-tecnologica-el-radar-de-las-empresas-que-marca-la-diferencia\/","og_site_name":"Eurecat","article_published_time":"2022-07-04T09:12:48+00:00","article_modified_time":"2022-07-06T07:25:38+00:00","og_image":[{"width":600,"height":400,"url":"https:\/\/eurecat.org\/wp-content\/uploads\/2022\/07\/XAVIER_TORRA_low-600x400-1.jpg","type":"image\/jpeg"}],"author":"EurecatEQZ","twitter_card":"summary_large_image","twitter_misc":{"Escrito por":"EurecatEQZ","Tiempo de lectura":"3 minutos"},"schema":{"@context":"https:\/\/schema.org","@graph":[{"@type":"Article","@id":"https:\/\/eurecat.org\/es\/editorial_la-vigilancia-tecnologica-el-radar-de-las-empresas-que-marca-la-diferencia\/#article","isPartOf":{"@id":"https:\/\/eurecat.org\/es\/editorial_la-vigilancia-tecnologica-el-radar-de-las-empresas-que-marca-la-diferencia\/"},"author":{"name":"EurecatEQZ","@id":"https:\/\/eurecat.org\/es\/#\/schema\/person\/99d4d39712001e7621b6867b27b40bed"},"headline":"La vigilancia tecnol\u00f3gica, el radar de las empresas que marca la diferencia","datePublished":"2022-07-04T09:12:48+00:00","dateModified":"2022-07-06T07:25:38+00:00","mainEntityOfPage":{"@id":"https:\/\/eurecat.org\/es\/editorial_la-vigilancia-tecnologica-el-radar-de-las-empresas-que-marca-la-diferencia\/"},"wordCount":529,"image":{"@id":"https:\/\/eurecat.org\/es\/editorial_la-vigilancia-tecnologica-el-radar-de-las-empresas-que-marca-la-diferencia\/#primaryimage"},"thumbnailUrl":"https:\/\/eurecat.org\/wp-content\/uploads\/2022\/07\/XAVIER_TORRA_low-600x400-1.jpg","articleSection":["Blog","Editorial"],"inLanguage":"es"},{"@type":"WebPage","@id":"https:\/\/eurecat.org\/es\/editorial_la-vigilancia-tecnologica-el-radar-de-las-empresas-que-marca-la-diferencia\/","url":"https:\/\/eurecat.org\/es\/editorial_la-vigilancia-tecnologica-el-radar-de-las-empresas-que-marca-la-diferencia\/","name":"La vigilancia tecnol\u00f3gica, el radar de las empresas que marca la diferencia - Eurecat","isPartOf":{"@id":"https:\/\/eurecat.org\/es\/#website"},"primaryImageOfPage":{"@id":"https:\/\/eurecat.org\/es\/editorial_la-vigilancia-tecnologica-el-radar-de-las-empresas-que-marca-la-diferencia\/#primaryimage"},"image":{"@id":"https:\/\/eurecat.org\/es\/editorial_la-vigilancia-tecnologica-el-radar-de-las-empresas-que-marca-la-diferencia\/#primaryimage"},"thumbnailUrl":"https:\/\/eurecat.org\/wp-content\/uploads\/2022\/07\/XAVIER_TORRA_low-600x400-1.jpg","datePublished":"2022-07-04T09:12:48+00:00","dateModified":"2022-07-06T07:25:38+00:00","author":{"@id":"https:\/\/eurecat.org\/es\/#\/schema\/person\/99d4d39712001e7621b6867b27b40bed"},"description":"Mejorar desde el punto de vista de negocio y anticiparse a los cambios, identificar amenazas y oportunidades del entorno econ\u00f3mico, social y tecnol\u00f3gico y tomar las decisiones m\u00e1s acertadas, adem\u00e1s de conocer las tendencias del mercado y crecer a nivel estrat\u00e9gico y competitivo.","breadcrumb":{"@id":"https:\/\/eurecat.org\/es\/editorial_la-vigilancia-tecnologica-el-radar-de-las-empresas-que-marca-la-diferencia\/#breadcrumb"},"inLanguage":"es","potentialAction":[{"@type":"ReadAction","target":["https:\/\/eurecat.org\/es\/editorial_la-vigilancia-tecnologica-el-radar-de-las-empresas-que-marca-la-diferencia\/"]}]},{"@type":"ImageObject","inLanguage":"es","@id":"https:\/\/eurecat.org\/es\/editorial_la-vigilancia-tecnologica-el-radar-de-las-empresas-que-marca-la-diferencia\/#primaryimage","url":"https:\/\/eurecat.org\/wp-content\/uploads\/2022\/07\/XAVIER_TORRA_low-600x400-1.jpg","contentUrl":"https:\/\/eurecat.org\/wp-content\/uploads\/2022\/07\/XAVIER_TORRA_low-600x400-1.jpg","width":600,"height":400},{"@type":"BreadcrumbList","@id":"https:\/\/eurecat.org\/es\/editorial_la-vigilancia-tecnologica-el-radar-de-las-empresas-que-marca-la-diferencia\/#breadcrumb","itemListElement":[{"@type":"ListItem","position":1,"name":"Inici","item":"https:\/\/eurecat.org\/es\/"},{"@type":"ListItem","position":2,"name":"La vigilancia tecnol\u00f3gica, el radar de las empresas que marca la diferencia"}]},{"@type":"WebSite","@id":"https:\/\/eurecat.org\/es\/#website","url":"https:\/\/eurecat.org\/es\/","name":"Eurecat","description":"Otro sitio realizado con WordPress","potentialAction":[{"@type":"SearchAction","target":{"@type":"EntryPoint","urlTemplate":"https:\/\/eurecat.org\/es\/?s={search_term_string}"},"query-input":{"@type":"PropertyValueSpecification","valueRequired":true,"valueName":"search_term_string"}}],"inLanguage":"es"},{"@type":"Person","@id":"https:\/\/eurecat.org\/es\/#\/schema\/person\/99d4d39712001e7621b6867b27b40bed","name":"EurecatEQZ","image":{"@type":"ImageObject","inLanguage":"es","@id":"https:\/\/secure.gravatar.com\/avatar\/6deb26ca61bcc34263c59cc62bb8b08ff90b67af7f99943babf5d86396845993?s=96&d=mm&r=g","url":"https:\/\/secure.gravatar.com\/avatar\/6deb26ca61bcc34263c59cc62bb8b08ff90b67af7f99943babf5d86396845993?s=96&d=mm&r=g","contentUrl":"https:\/\/secure.gravatar.com\/avatar\/6deb26ca61bcc34263c59cc62bb8b08ff90b67af7f99943babf5d86396845993?s=96&d=mm&r=g","caption":"EurecatEQZ"}}]}},"_links":{"self":[{"href":"https:\/\/eurecat.org\/es\/wp-json\/wp\/v2\/posts\/124387","targetHints":{"allow":["GET"]}}],"collection":[{"href":"https:\/\/eurecat.org\/es\/wp-json\/wp\/v2\/posts"}],"about":[{"href":"https:\/\/eurecat.org\/es\/wp-json\/wp\/v2\/types\/post"}],"author":[{"embeddable":true,"href":"https:\/\/eurecat.org\/es\/wp-json\/wp\/v2\/users\/20"}],"replies":[{"embeddable":true,"href":"https:\/\/eurecat.org\/es\/wp-json\/wp\/v2\/comments?post=124387"}],"version-history":[{"count":1,"href":"https:\/\/eurecat.org\/es\/wp-json\/wp\/v2\/posts\/124387\/revisions"}],"predecessor-version":[{"id":124401,"href":"https:\/\/eurecat.org\/es\/wp-json\/wp\/v2\/posts\/124387\/revisions\/124401"}],"wp:featuredmedia":[{"embeddable":true,"href":"https:\/\/eurecat.org\/es\/wp-json\/wp\/v2\/media\/124390"}],"wp:attachment":[{"href":"https:\/\/eurecat.org\/es\/wp-json\/wp\/v2\/media?parent=124387"}],"wp:term":[{"taxonomy":"category","embeddable":true,"href":"https:\/\/eurecat.org\/es\/wp-json\/wp\/v2\/categories?post=124387"},{"taxonomy":"post_tag","embeddable":true,"href":"https:\/\/eurecat.org\/es\/wp-json\/wp\/v2\/tags?post=124387"}],"curies":[{"name":"wp","href":"https:\/\/api.w.org\/{rel}","templated":true}]}}