{"id":125373,"date":"2022-07-27T10:56:00","date_gmt":"2022-07-27T08:56:00","guid":{"rendered":"https:\/\/eurecat.org\/?p=125373"},"modified":"2022-07-27T11:00:18","modified_gmt":"2022-07-27T10:00:18","slug":"proyecto-med4youth-galardonado-en-la-xv-edicion-de-los-premios-estrategia-naos","status":"publish","type":"post","link":"https:\/\/eurecat.org\/es\/proyecto-med4youth-galardonado-en-la-xv-edicion-de-los-premios-estrategia-naos\/","title":{"rendered":"El proyecto MED4Youth, galardonado en la XV edici\u00f3n de los Premios Estrategia NAOS"},"content":{"rendered":"<div class=\"fusion-fullwidth fullwidth-box fusion-builder-row-1 fusion-flex-container nonhundred-percent-fullwidth non-hundred-percent-height-scrolling\" style=\"--awb-border-radius-top-left:0px;--awb-border-radius-top-right:0px;--awb-border-radius-bottom-right:0px;--awb-border-radius-bottom-left:0px;--awb-flex-wrap:wrap;\" ><div class=\"fusion-builder-row fusion-row fusion-flex-align-items-flex-start fusion-flex-content-wrap\" style=\"max-width:1424.8px;margin-left: calc(-4% \/ 2 );margin-right: calc(-4% \/ 2 );\"><div class=\"fusion-layout-column fusion_builder_column fusion-builder-column-0 fusion_builder_column_1_1 1_1 fusion-flex-column\" style=\"--awb-bg-size:cover;--awb-width-large:100%;--awb-margin-top-large:0px;--awb-spacing-right-large:1.92%;--awb-margin-bottom-large:0px;--awb-spacing-left-large:1.92%;--awb-width-medium:100%;--awb-spacing-right-medium:1.92%;--awb-spacing-left-medium:1.92%;--awb-width-small:100%;--awb-spacing-right-small:1.92%;--awb-spacing-left-small:1.92%;\"><div class=\"fusion-column-wrapper fusion-flex-justify-content-flex-start fusion-content-layout-column\"><div class=\"fusion-text fusion-text-1\"><p>El proyecto europeo MED4Youth, liderado por el centro tecnol\u00f3gico\u00a0<a href=\"http:\/\/eurecat.org\/es\/\">Eurecat<\/a>, ha sido reconocido con el primer acc\u00e9sit de los XV Premios Estrategia NAOS en la modalidad de Alimentaci\u00f3n saludable en el \u00e1mbito familiar y comunitario otorgados por la Agencia Espa\u00f1ola de Seguridad Alimentaria y Nutrici\u00f3n del Ministerio de Consumo.<\/p>\n<p>Los Premios de Estrategia NAOS tienen como fin reconocer y dar mayor visibilidad a los programas, intervenciones o iniciativas que tengan entre sus objetivos contribuir a la prevenci\u00f3n de la obesidad, mediante la promoci\u00f3n de una alimentaci\u00f3n saludable, as\u00ed como de la pr\u00e1ctica de actividad f\u00edsica regular en el marco de la Estrategia NAOS.<\/p>\n<p>El proyecto es el primer estudio de intervenci\u00f3n nutricional en el cual se eval\u00faa de forma paralela en diferentes pa\u00edses los efectos de una intervenci\u00f3n diet\u00e9tica basada en la dieta mediterr\u00e1nea ante la obesidad en adolescentes, con el fin de promover y ayudar a implementar h\u00e1bitos saludables en este segmento de poblaci\u00f3n.<\/p>\n<p>En este escenario, el estudio, que se lleva a cabo entre j\u00f3venes de 11 a 17 a\u00f1os catalanes, italianos y portugueses que presentan sobrepeso y obesidad, propone la introducci\u00f3n de alimentos propios de la dieta mediterr\u00e1nea, como el pan de masa madre, las legumbres, la granada y los frutos secos.<\/p>\n<p>Esta intervenci\u00f3n diet\u00e9tica se combina con la tecnolog\u00eda y el uso de la gamificaci\u00f3n, a trav\u00e9s del uso de una app educacional adaptada a los adolescentes y a sus padres, buscando la adquisici\u00f3n de contenidos sobre nutrici\u00f3n y salud, y as\u00ed, ense\u00f1ar a los adolescentes a comer mejor y a implementar buenos h\u00e1bitos sostenidos a lo largo del tiempo, mejorando su salud y calidad de vida.<\/p>\n<p>El estudio se lleva a cabo en las instalaciones del \u00c1rea de Biotecnolog\u00eda de Eurecat, situadas delante del Hospital Sant Joan de Reus. Se ha habilitado el correo electr\u00f3nico estudis@eurecat.org y el tel\u00e9fono 636 944 723, para que las persones que quieran participar en el estudio se inscriban como voluntarias o consulten sus dudas.<\/p>\n<p>En su XV edici\u00f3n, los Premios Estrategia NAOS recibieron un total de 46 solicitudes para las diferentes modalidades, entre las cuales se seleccionaron 25 finalistas.<\/p>\n<p>El consorcio del proyecto MED4Youth, coordinado por el centro tecnol\u00f3gico Eurecat, cuenta tambi\u00e9n con la participaci\u00f3n de la Universidad de Parma, que lidera el estudio en Italia, la Universidad de Co\u00efmbra, que lo lidera en Portugal, Shikma Field Crops (Israel),\u00a0<a href=\"https:\/\/facts-center.com\/\">Scientific Food Center\u00a0<\/a>(Jordania) y\u00a0<a href=\"http:\/\/www.gruporebola.com\/novapan\/\">Panishop-Novapan<\/a>\u00a0(Espa\u00f1a). El proyecto cuenta tambi\u00e9n con la colaboraci\u00f3n de la Cooperativa Agr\u00edcola de la Selva del Camp (COSELVA), que suministra los frutos secos a los participantes.<\/p>\n<p>El proyecto forma parte del programa PRIMA, que tiene el soporte de la Uni\u00f3n Europea y ACCI\u00d3, el CDTI, la Agencia de Innovaci\u00f3n de Israel, el Ministerio de la Educaci\u00f3n, la Universidad y de la Investigaci\u00f3n de Italia (MIUR), el Fondo de Soporte a la Investigaci\u00f3n Cient\u00edfica de Jordania y de la Fundaci\u00f3n para la Ciencia y la Tecnolog\u00eda de Portugal (FCT).<\/p>\n<p><strong>M\u00e1s informaci\u00f3n sobre el estudio del proyecto MED4Youth\u00a0<\/strong><a href=\"https:\/\/eurecat.org\/es\/proyectos\/proyectos-europeos\/med4youth-estudio-dieta-mediterranea-adolescentes\/\"><strong>aqu\u00ed<\/strong><\/a><\/p>\n<\/div><\/div><\/div><\/div><\/div>\n","protected":false},"excerpt":{"rendered":"","protected":false},"author":12,"featured_media":125356,"comment_status":"open","ping_status":"closed","sticky":false,"template":"","format":"standard","meta":{"footnotes":""},"categories":[1905,134,407],"tags":[],"class_list":["post-125373","post","type-post","status-publish","format-standard","has-post-thumbnail","hentry","category-alimentacion","category-notas-de-prensa","category-nutricion-salud"],"yoast_head":"<!-- This site is optimized with the Yoast SEO plugin v27.4 - https:\/\/yoast.com\/product\/yoast-seo-wordpress\/ -->\n<title>El proyecto MED4Youth, galardonado en la XV edici\u00f3n de los Premios Estrategia NAOS - Eurecat<\/title>\n<meta name=\"robots\" content=\"index, follow, max-snippet:-1, max-image-preview:large, max-video-preview:-1\" \/>\n<link rel=\"canonical\" href=\"https:\/\/eurecat.org\/es\/proyecto-med4youth-galardonado-en-la-xv-edicion-de-los-premios-estrategia-naos\/\" \/>\n<meta property=\"og:locale\" content=\"es_ES\" \/>\n<meta property=\"og:type\" content=\"article\" \/>\n<meta property=\"og:title\" content=\"El proyecto MED4Youth, galardonado en la XV edici\u00f3n de los Premios Estrategia NAOS - Eurecat\" \/>\n<meta property=\"og:url\" content=\"https:\/\/eurecat.org\/es\/proyecto-med4youth-galardonado-en-la-xv-edicion-de-los-premios-estrategia-naos\/\" \/>\n<meta property=\"og:site_name\" content=\"Eurecat\" \/>\n<meta property=\"article:published_time\" content=\"2022-07-27T08:56:00+00:00\" \/>\n<meta property=\"article:modified_time\" content=\"2022-07-27T10:00:18+00:00\" \/>\n<meta property=\"og:image\" content=\"https:\/\/eurecat.org\/wp-content\/uploads\/2022\/07\/AlimentacioDietaMediterrania_MED4Youth_800px.jpg\" \/>\n\t<meta property=\"og:image:width\" content=\"800\" \/>\n\t<meta property=\"og:image:height\" content=\"533\" \/>\n\t<meta property=\"og:image:type\" content=\"image\/jpeg\" \/>\n<meta name=\"author\" content=\"EurecatEG\" \/>\n<meta name=\"twitter:card\" content=\"summary_large_image\" \/>\n<meta name=\"twitter:label1\" content=\"Escrito por\" \/>\n\t<meta name=\"twitter:data1\" content=\"EurecatEG\" \/>\n\t<meta name=\"twitter:label2\" content=\"Tiempo de lectura\" \/>\n\t<meta name=\"twitter:data2\" content=\"4 minutos\" \/>\n<script type=\"application\/ld+json\" class=\"yoast-schema-graph\">{\"@context\":\"https:\\\/\\\/schema.org\",\"@graph\":[{\"@type\":\"Article\",\"@id\":\"https:\\\/\\\/eurecat.org\\\/es\\\/proyecto-med4youth-galardonado-en-la-xv-edicion-de-los-premios-estrategia-naos\\\/#article\",\"isPartOf\":{\"@id\":\"https:\\\/\\\/eurecat.org\\\/es\\\/proyecto-med4youth-galardonado-en-la-xv-edicion-de-los-premios-estrategia-naos\\\/\"},\"author\":{\"name\":\"EurecatEG\",\"@id\":\"https:\\\/\\\/eurecat.org\\\/es\\\/#\\\/schema\\\/person\\\/def9217eded50ee57a9dc4cf0c883f80\"},\"headline\":\"El proyecto MED4Youth, galardonado en la XV edici\u00f3n de los Premios Estrategia NAOS\",\"datePublished\":\"2022-07-27T08:56:00+00:00\",\"dateModified\":\"2022-07-27T10:00:18+00:00\",\"mainEntityOfPage\":{\"@id\":\"https:\\\/\\\/eurecat.org\\\/es\\\/proyecto-med4youth-galardonado-en-la-xv-edicion-de-los-premios-estrategia-naos\\\/\"},\"wordCount\":730,\"commentCount\":0,\"image\":{\"@id\":\"https:\\\/\\\/eurecat.org\\\/es\\\/proyecto-med4youth-galardonado-en-la-xv-edicion-de-los-premios-estrategia-naos\\\/#primaryimage\"},\"thumbnailUrl\":\"https:\\\/\\\/eurecat.org\\\/wp-content\\\/uploads\\\/2022\\\/07\\\/AlimentacioDietaMediterrania_MED4Youth_800px.jpg\",\"articleSection\":[\"Alimentaci\u00f3n\",\"Notas de prensa\",\"Nutrici\u00f3n y Salud\"],\"inLanguage\":\"es\",\"potentialAction\":[{\"@type\":\"CommentAction\",\"name\":\"Comment\",\"target\":[\"https:\\\/\\\/eurecat.org\\\/es\\\/proyecto-med4youth-galardonado-en-la-xv-edicion-de-los-premios-estrategia-naos\\\/#respond\"]}]},{\"@type\":\"WebPage\",\"@id\":\"https:\\\/\\\/eurecat.org\\\/es\\\/proyecto-med4youth-galardonado-en-la-xv-edicion-de-los-premios-estrategia-naos\\\/\",\"url\":\"https:\\\/\\\/eurecat.org\\\/es\\\/proyecto-med4youth-galardonado-en-la-xv-edicion-de-los-premios-estrategia-naos\\\/\",\"name\":\"El proyecto MED4Youth, galardonado en la XV edici\u00f3n de los Premios Estrategia NAOS - Eurecat\",\"isPartOf\":{\"@id\":\"https:\\\/\\\/eurecat.org\\\/es\\\/#website\"},\"primaryImageOfPage\":{\"@id\":\"https:\\\/\\\/eurecat.org\\\/es\\\/proyecto-med4youth-galardonado-en-la-xv-edicion-de-los-premios-estrategia-naos\\\/#primaryimage\"},\"image\":{\"@id\":\"https:\\\/\\\/eurecat.org\\\/es\\\/proyecto-med4youth-galardonado-en-la-xv-edicion-de-los-premios-estrategia-naos\\\/#primaryimage\"},\"thumbnailUrl\":\"https:\\\/\\\/eurecat.org\\\/wp-content\\\/uploads\\\/2022\\\/07\\\/AlimentacioDietaMediterrania_MED4Youth_800px.jpg\",\"datePublished\":\"2022-07-27T08:56:00+00:00\",\"dateModified\":\"2022-07-27T10:00:18+00:00\",\"author\":{\"@id\":\"https:\\\/\\\/eurecat.org\\\/es\\\/#\\\/schema\\\/person\\\/def9217eded50ee57a9dc4cf0c883f80\"},\"breadcrumb\":{\"@id\":\"https:\\\/\\\/eurecat.org\\\/es\\\/proyecto-med4youth-galardonado-en-la-xv-edicion-de-los-premios-estrategia-naos\\\/#breadcrumb\"},\"inLanguage\":\"es\",\"potentialAction\":[{\"@type\":\"ReadAction\",\"target\":[\"https:\\\/\\\/eurecat.org\\\/es\\\/proyecto-med4youth-galardonado-en-la-xv-edicion-de-los-premios-estrategia-naos\\\/\"]}]},{\"@type\":\"ImageObject\",\"inLanguage\":\"es\",\"@id\":\"https:\\\/\\\/eurecat.org\\\/es\\\/proyecto-med4youth-galardonado-en-la-xv-edicion-de-los-premios-estrategia-naos\\\/#primaryimage\",\"url\":\"https:\\\/\\\/eurecat.org\\\/wp-content\\\/uploads\\\/2022\\\/07\\\/AlimentacioDietaMediterrania_MED4Youth_800px.jpg\",\"contentUrl\":\"https:\\\/\\\/eurecat.org\\\/wp-content\\\/uploads\\\/2022\\\/07\\\/AlimentacioDietaMediterrania_MED4Youth_800px.jpg\",\"width\":800,\"height\":533,\"caption\":\"med4youth\"},{\"@type\":\"BreadcrumbList\",\"@id\":\"https:\\\/\\\/eurecat.org\\\/es\\\/proyecto-med4youth-galardonado-en-la-xv-edicion-de-los-premios-estrategia-naos\\\/#breadcrumb\",\"itemListElement\":[{\"@type\":\"ListItem\",\"position\":1,\"name\":\"Inici\",\"item\":\"https:\\\/\\\/eurecat.org\\\/es\\\/\"},{\"@type\":\"ListItem\",\"position\":2,\"name\":\"El proyecto MED4Youth, galardonado en la XV edici\u00f3n de los Premios Estrategia NAOS\"}]},{\"@type\":\"WebSite\",\"@id\":\"https:\\\/\\\/eurecat.org\\\/es\\\/#website\",\"url\":\"https:\\\/\\\/eurecat.org\\\/es\\\/\",\"name\":\"Eurecat\",\"description\":\"Otro sitio realizado con WordPress\",\"potentialAction\":[{\"@type\":\"SearchAction\",\"target\":{\"@type\":\"EntryPoint\",\"urlTemplate\":\"https:\\\/\\\/eurecat.org\\\/es\\\/?s={search_term_string}\"},\"query-input\":{\"@type\":\"PropertyValueSpecification\",\"valueRequired\":true,\"valueName\":\"search_term_string\"}}],\"inLanguage\":\"es\"},{\"@type\":\"Person\",\"@id\":\"https:\\\/\\\/eurecat.org\\\/es\\\/#\\\/schema\\\/person\\\/def9217eded50ee57a9dc4cf0c883f80\",\"name\":\"EurecatEG\",\"image\":{\"@type\":\"ImageObject\",\"inLanguage\":\"es\",\"@id\":\"https:\\\/\\\/secure.gravatar.com\\\/avatar\\\/f40dd9b6ecd3e5c591f3c9b033e495ee0ec9877ba77249fbf268b3889350c824?s=96&d=mm&r=g\",\"url\":\"https:\\\/\\\/secure.gravatar.com\\\/avatar\\\/f40dd9b6ecd3e5c591f3c9b033e495ee0ec9877ba77249fbf268b3889350c824?s=96&d=mm&r=g\",\"contentUrl\":\"https:\\\/\\\/secure.gravatar.com\\\/avatar\\\/f40dd9b6ecd3e5c591f3c9b033e495ee0ec9877ba77249fbf268b3889350c824?s=96&d=mm&r=g\",\"caption\":\"EurecatEG\"}}]}<\/script>\n<!-- \/ Yoast SEO plugin. -->","yoast_head_json":{"title":"El proyecto MED4Youth, galardonado en la XV edici\u00f3n de los Premios Estrategia NAOS - Eurecat","robots":{"index":"index","follow":"follow","max-snippet":"max-snippet:-1","max-image-preview":"max-image-preview:large","max-video-preview":"max-video-preview:-1"},"canonical":"https:\/\/eurecat.org\/es\/proyecto-med4youth-galardonado-en-la-xv-edicion-de-los-premios-estrategia-naos\/","og_locale":"es_ES","og_type":"article","og_title":"El proyecto MED4Youth, galardonado en la XV edici\u00f3n de los Premios Estrategia NAOS - Eurecat","og_url":"https:\/\/eurecat.org\/es\/proyecto-med4youth-galardonado-en-la-xv-edicion-de-los-premios-estrategia-naos\/","og_site_name":"Eurecat","article_published_time":"2022-07-27T08:56:00+00:00","article_modified_time":"2022-07-27T10:00:18+00:00","og_image":[{"width":800,"height":533,"url":"https:\/\/eurecat.org\/wp-content\/uploads\/2022\/07\/AlimentacioDietaMediterrania_MED4Youth_800px.jpg","type":"image\/jpeg"}],"author":"EurecatEG","twitter_card":"summary_large_image","twitter_misc":{"Escrito por":"EurecatEG","Tiempo de lectura":"4 minutos"},"schema":{"@context":"https:\/\/schema.org","@graph":[{"@type":"Article","@id":"https:\/\/eurecat.org\/es\/proyecto-med4youth-galardonado-en-la-xv-edicion-de-los-premios-estrategia-naos\/#article","isPartOf":{"@id":"https:\/\/eurecat.org\/es\/proyecto-med4youth-galardonado-en-la-xv-edicion-de-los-premios-estrategia-naos\/"},"author":{"name":"EurecatEG","@id":"https:\/\/eurecat.org\/es\/#\/schema\/person\/def9217eded50ee57a9dc4cf0c883f80"},"headline":"El proyecto MED4Youth, galardonado en la XV edici\u00f3n de los Premios Estrategia NAOS","datePublished":"2022-07-27T08:56:00+00:00","dateModified":"2022-07-27T10:00:18+00:00","mainEntityOfPage":{"@id":"https:\/\/eurecat.org\/es\/proyecto-med4youth-galardonado-en-la-xv-edicion-de-los-premios-estrategia-naos\/"},"wordCount":730,"commentCount":0,"image":{"@id":"https:\/\/eurecat.org\/es\/proyecto-med4youth-galardonado-en-la-xv-edicion-de-los-premios-estrategia-naos\/#primaryimage"},"thumbnailUrl":"https:\/\/eurecat.org\/wp-content\/uploads\/2022\/07\/AlimentacioDietaMediterrania_MED4Youth_800px.jpg","articleSection":["Alimentaci\u00f3n","Notas de prensa","Nutrici\u00f3n y Salud"],"inLanguage":"es","potentialAction":[{"@type":"CommentAction","name":"Comment","target":["https:\/\/eurecat.org\/es\/proyecto-med4youth-galardonado-en-la-xv-edicion-de-los-premios-estrategia-naos\/#respond"]}]},{"@type":"WebPage","@id":"https:\/\/eurecat.org\/es\/proyecto-med4youth-galardonado-en-la-xv-edicion-de-los-premios-estrategia-naos\/","url":"https:\/\/eurecat.org\/es\/proyecto-med4youth-galardonado-en-la-xv-edicion-de-los-premios-estrategia-naos\/","name":"El proyecto MED4Youth, galardonado en la XV edici\u00f3n de los Premios Estrategia NAOS - Eurecat","isPartOf":{"@id":"https:\/\/eurecat.org\/es\/#website"},"primaryImageOfPage":{"@id":"https:\/\/eurecat.org\/es\/proyecto-med4youth-galardonado-en-la-xv-edicion-de-los-premios-estrategia-naos\/#primaryimage"},"image":{"@id":"https:\/\/eurecat.org\/es\/proyecto-med4youth-galardonado-en-la-xv-edicion-de-los-premios-estrategia-naos\/#primaryimage"},"thumbnailUrl":"https:\/\/eurecat.org\/wp-content\/uploads\/2022\/07\/AlimentacioDietaMediterrania_MED4Youth_800px.jpg","datePublished":"2022-07-27T08:56:00+00:00","dateModified":"2022-07-27T10:00:18+00:00","author":{"@id":"https:\/\/eurecat.org\/es\/#\/schema\/person\/def9217eded50ee57a9dc4cf0c883f80"},"breadcrumb":{"@id":"https:\/\/eurecat.org\/es\/proyecto-med4youth-galardonado-en-la-xv-edicion-de-los-premios-estrategia-naos\/#breadcrumb"},"inLanguage":"es","potentialAction":[{"@type":"ReadAction","target":["https:\/\/eurecat.org\/es\/proyecto-med4youth-galardonado-en-la-xv-edicion-de-los-premios-estrategia-naos\/"]}]},{"@type":"ImageObject","inLanguage":"es","@id":"https:\/\/eurecat.org\/es\/proyecto-med4youth-galardonado-en-la-xv-edicion-de-los-premios-estrategia-naos\/#primaryimage","url":"https:\/\/eurecat.org\/wp-content\/uploads\/2022\/07\/AlimentacioDietaMediterrania_MED4Youth_800px.jpg","contentUrl":"https:\/\/eurecat.org\/wp-content\/uploads\/2022\/07\/AlimentacioDietaMediterrania_MED4Youth_800px.jpg","width":800,"height":533,"caption":"med4youth"},{"@type":"BreadcrumbList","@id":"https:\/\/eurecat.org\/es\/proyecto-med4youth-galardonado-en-la-xv-edicion-de-los-premios-estrategia-naos\/#breadcrumb","itemListElement":[{"@type":"ListItem","position":1,"name":"Inici","item":"https:\/\/eurecat.org\/es\/"},{"@type":"ListItem","position":2,"name":"El proyecto MED4Youth, galardonado en la XV edici\u00f3n de los Premios Estrategia NAOS"}]},{"@type":"WebSite","@id":"https:\/\/eurecat.org\/es\/#website","url":"https:\/\/eurecat.org\/es\/","name":"Eurecat","description":"Otro sitio realizado con WordPress","potentialAction":[{"@type":"SearchAction","target":{"@type":"EntryPoint","urlTemplate":"https:\/\/eurecat.org\/es\/?s={search_term_string}"},"query-input":{"@type":"PropertyValueSpecification","valueRequired":true,"valueName":"search_term_string"}}],"inLanguage":"es"},{"@type":"Person","@id":"https:\/\/eurecat.org\/es\/#\/schema\/person\/def9217eded50ee57a9dc4cf0c883f80","name":"EurecatEG","image":{"@type":"ImageObject","inLanguage":"es","@id":"https:\/\/secure.gravatar.com\/avatar\/f40dd9b6ecd3e5c591f3c9b033e495ee0ec9877ba77249fbf268b3889350c824?s=96&d=mm&r=g","url":"https:\/\/secure.gravatar.com\/avatar\/f40dd9b6ecd3e5c591f3c9b033e495ee0ec9877ba77249fbf268b3889350c824?s=96&d=mm&r=g","contentUrl":"https:\/\/secure.gravatar.com\/avatar\/f40dd9b6ecd3e5c591f3c9b033e495ee0ec9877ba77249fbf268b3889350c824?s=96&d=mm&r=g","caption":"EurecatEG"}}]}},"_links":{"self":[{"href":"https:\/\/eurecat.org\/es\/wp-json\/wp\/v2\/posts\/125373","targetHints":{"allow":["GET"]}}],"collection":[{"href":"https:\/\/eurecat.org\/es\/wp-json\/wp\/v2\/posts"}],"about":[{"href":"https:\/\/eurecat.org\/es\/wp-json\/wp\/v2\/types\/post"}],"author":[{"embeddable":true,"href":"https:\/\/eurecat.org\/es\/wp-json\/wp\/v2\/users\/12"}],"replies":[{"embeddable":true,"href":"https:\/\/eurecat.org\/es\/wp-json\/wp\/v2\/comments?post=125373"}],"version-history":[{"count":1,"href":"https:\/\/eurecat.org\/es\/wp-json\/wp\/v2\/posts\/125373\/revisions"}],"predecessor-version":[{"id":125376,"href":"https:\/\/eurecat.org\/es\/wp-json\/wp\/v2\/posts\/125373\/revisions\/125376"}],"wp:featuredmedia":[{"embeddable":true,"href":"https:\/\/eurecat.org\/es\/wp-json\/wp\/v2\/media\/125356"}],"wp:attachment":[{"href":"https:\/\/eurecat.org\/es\/wp-json\/wp\/v2\/media?parent=125373"}],"wp:term":[{"taxonomy":"category","embeddable":true,"href":"https:\/\/eurecat.org\/es\/wp-json\/wp\/v2\/categories?post=125373"},{"taxonomy":"post_tag","embeddable":true,"href":"https:\/\/eurecat.org\/es\/wp-json\/wp\/v2\/tags?post=125373"}],"curies":[{"name":"wp","href":"https:\/\/api.w.org\/{rel}","templated":true}]}}