{"id":126069,"date":"2022-09-13T15:36:49","date_gmt":"2022-09-13T14:36:49","guid":{"rendered":"https:\/\/eurecat.org\/?p=126069"},"modified":"2022-09-13T15:39:11","modified_gmt":"2022-09-13T14:39:11","slug":"el-xpatient-barcelona-congress-abordara-el-impacto-de-los-contextos-de-crisis-en-los-sistemas-de-salud-y-de-atencion-social","status":"publish","type":"post","link":"https:\/\/eurecat.org\/es\/el-xpatient-barcelona-congress-abordara-el-impacto-de-los-contextos-de-crisis-en-los-sistemas-de-salud-y-de-atencion-social\/","title":{"rendered":"El XPAtient Barcelona Congress abordar\u00e1 el impacto de los contextos de crisis en los sistemas de salud y de atenci\u00f3n social"},"content":{"rendered":"<div class=\"fusion-fullwidth fullwidth-box fusion-builder-row-1 fusion-flex-container nonhundred-percent-fullwidth non-hundred-percent-height-scrolling\" style=\"--awb-border-radius-top-left:0px;--awb-border-radius-top-right:0px;--awb-border-radius-bottom-right:0px;--awb-border-radius-bottom-left:0px;--awb-flex-wrap:wrap;\" ><div class=\"fusion-builder-row fusion-row fusion-flex-align-items-flex-start fusion-flex-content-wrap\" style=\"max-width:1424.8px;margin-left: calc(-4% \/ 2 );margin-right: calc(-4% \/ 2 );\"><div class=\"fusion-layout-column fusion_builder_column fusion-builder-column-0 fusion_builder_column_1_1 1_1 fusion-flex-column\" style=\"--awb-bg-size:cover;--awb-width-large:100%;--awb-margin-top-large:0px;--awb-spacing-right-large:1.92%;--awb-margin-bottom-large:0px;--awb-spacing-left-large:1.92%;--awb-width-medium:100%;--awb-spacing-right-medium:1.92%;--awb-spacing-left-medium:1.92%;--awb-width-small:100%;--awb-spacing-right-small:1.92%;--awb-spacing-left-small:1.92%;\"><div class=\"fusion-column-wrapper fusion-flex-justify-content-flex-start fusion-content-layout-column\"><div class=\"fusion-text fusion-text-1\"><p>El <a href=\"https:\/\/xpatientbcncongress.com\/\">XPAtient Barcelona Congress<\/a> abordar\u00e1 este mes de septiembre en Barcelona el impacto que tiene en los sistemas de salud y de atenci\u00f3n social la complejidad del contexto actual de crisis sanitaria, econ\u00f3mica, social, humanitaria y medioambiental, con el fin de contribuir a poner al paciente en el centro y ayudar a generar mayor valor, eficiencia y servicios de calidad.<\/p>\n<p>Con el lema \u201cBack to basics\u201d, la edici\u00f3n de este a\u00f1o propone una aproximaci\u00f3n a los efectos que tiene este escenario en los sistemas de salud y atenci\u00f3n social, a partir de los valores de la honestidad, el conocimiento de las limitaciones y la comprensi\u00f3n de los l\u00edmites de las expectativas, evitando el desperdicio y priorizando la formaci\u00f3n como elemento clave.<\/p>\n<p>La primera jornada del XPAtient contar\u00e1 con un seminario de especializaci\u00f3n en rob\u00f3tica asistencial y har\u00e1 hincapi\u00e9 en el potencial de las plataformas tecnol\u00f3gicas para proporcionar ayuda, rehabilitaci\u00f3n y asistencia remota a los pacientes.<\/p>\n<p>Abrir\u00e1 esta sesi\u00f3n la ponencia de la profesora de investigaci\u00f3n y jefa del grupo de investigaci\u00f3n en rob\u00f3tica asistencial y colaborativa del Instituto de Rob\u00f3tica e Inform\u00e1tica Industrial del CSIC y de la UPC, Premio Nacional de Investigaci\u00f3n 2020, la Dra. Carme Torras, quien expondr\u00e1 los retos y avances en rob\u00f3tica inteligente y social para la asistencia de personas con necesidades especiales, con aspectos clave como el uso de la inteligencia artificial y el componente \u00e9tico de estas interacciones.<\/p>\n<p>En la sesi\u00f3n de tarde, tendr\u00e1 lugar un seminario centrado en debatir los elementos clave para mejorar la experiencia de los pacientes y de profesionales, as\u00ed como la toma de decisiones compartidas, a partir de la gesti\u00f3n del miedo, de la incertidumbre y del tiempo.<\/p>\n<p>El segundo d\u00eda, el congreso presentar\u00e1 veinte iniciativas, soluciones y tecnolog\u00edas que generan valor a los servicios sanitarios y asistenciales y mejoran la experiencia de los pacientes o cuidadores, integrando sus necesidades y expectativas. Las cuatro mesas en las que se presentar\u00e1n estos proyectos estar\u00e1n dinamizadas por pacientes que moderar\u00e1n los debates.<\/p>\n<p>En la s\u00e9ptima edici\u00f3n de este encuentro anual sobre el cambio de modelo asistencial, se dar\u00e1n a conocer experiencias de metodolog\u00edas participativas de cocreaci\u00f3n, de capacitaci\u00f3n de pacientes expertos, de programas de educaci\u00f3n y de empoderamiento, de algoritmos de inteligencia artificial y de plataformas tecnol\u00f3gicas multimodales que dan respuesta a pacientes de esclerosis m\u00faltiple, c\u00e1ncer de mama, c\u00e1ncer infantil, salud mental, endometriosis, diabetes o ictus, entre otros.<\/p>\n<p>La jornada se cerrar\u00e1 con una sesi\u00f3n sobre la experiencia de paciente desde la perspectiva de g\u00e9nero, que debatir\u00e1 sobre las intervenciones prioritarias para matizar las barreras relacionadas con el g\u00e9nero y la salud, tanto en el campo asistencial como en el de la investigaci\u00f3n.<\/p>\n<p>El congreso, organizado por el centro tecnol\u00f3gico Eurecat, el Hospital Cl\u00ednic de Barcelona, \u200b\u200bla Ag\u00e8ncia de Qualitat i Avaluaci\u00f3 Sanit\u00e0ries de Catalunya (AQuAS) y el Hospital Universitari Vall d&#8217;Hebron, con el impulso de la comunidad de pr\u00e1ctica XPA (Experiencia de Paciente) Barcelona, \u200b\u200btiene las inscripciones abiertas y se celebra los d\u00edas 28 y 29 de septiembre online y en formato h\u00edbrido, ya que recuperar\u00e1 la asistencia presencial en la primera sesi\u00f3n, el d\u00eda 28.<\/p>\n<\/div><div ><a class=\"fusion-button button-flat fusion-button-default-size button-default fusion-button-default button-1 fusion-button-default-span fusion-button-default-type\" target=\"_self\" href=\"https:\/\/xpatientbcncongress.com\/es\/programa-2022\/%20\"><span class=\"fusion-button-text awb-button__text awb-button__text--default\">Programa 2022<\/span><\/a><\/div><\/div><\/div><\/div><\/div>\n","protected":false},"excerpt":{"rendered":"","protected":false},"author":12,"featured_media":126073,"comment_status":"open","ping_status":"closed","sticky":false,"template":"","format":"standard","meta":{"footnotes":""},"categories":[397,702,134,2283],"tags":[],"class_list":["post-126069","post","type-post","status-publish","format-standard","has-post-thumbnail","hentry","category-e-health-es","category-eventos","category-notas-de-prensa","category-salud"],"yoast_head":"<!-- This site is optimized with the Yoast SEO plugin v27.5 - https:\/\/yoast.com\/product\/yoast-seo-wordpress\/ -->\n<title>El XPAtient Barcelona Congress abordar\u00e1 el impacto de los contextos de crisis en los sistemas de salud y de atenci\u00f3n social - Eurecat<\/title>\n<meta name=\"robots\" content=\"index, follow, max-snippet:-1, max-image-preview:large, max-video-preview:-1\" \/>\n<link rel=\"canonical\" href=\"https:\/\/eurecat.org\/es\/el-xpatient-barcelona-congress-abordara-el-impacto-de-los-contextos-de-crisis-en-los-sistemas-de-salud-y-de-atencion-social\/\" \/>\n<meta property=\"og:locale\" content=\"es_ES\" \/>\n<meta property=\"og:type\" content=\"article\" \/>\n<meta property=\"og:title\" content=\"El XPAtient Barcelona Congress abordar\u00e1 el impacto de los contextos de crisis en los sistemas de salud y de atenci\u00f3n social - Eurecat\" \/>\n<meta property=\"og:url\" content=\"https:\/\/eurecat.org\/es\/el-xpatient-barcelona-congress-abordara-el-impacto-de-los-contextos-de-crisis-en-los-sistemas-de-salud-y-de-atencion-social\/\" \/>\n<meta property=\"og:site_name\" content=\"Eurecat\" \/>\n<meta property=\"article:published_time\" content=\"2022-09-13T14:36:49+00:00\" \/>\n<meta property=\"article:modified_time\" content=\"2022-09-13T14:39:11+00:00\" \/>\n<meta property=\"og:image\" content=\"https:\/\/eurecat.org\/wp-content\/uploads\/2022\/09\/XPAtient_2019_800px.jpg\" \/>\n\t<meta property=\"og:image:width\" content=\"800\" \/>\n\t<meta property=\"og:image:height\" content=\"476\" \/>\n\t<meta property=\"og:image:type\" content=\"image\/jpeg\" \/>\n<meta name=\"author\" content=\"EurecatEG\" \/>\n<meta name=\"twitter:card\" content=\"summary_large_image\" \/>\n<meta name=\"twitter:label1\" content=\"Escrito por\" \/>\n\t<meta name=\"twitter:data1\" content=\"EurecatEG\" \/>\n\t<meta name=\"twitter:label2\" content=\"Tiempo de lectura\" \/>\n\t<meta name=\"twitter:data2\" content=\"4 minutos\" \/>\n<script type=\"application\/ld+json\" class=\"yoast-schema-graph\">{\"@context\":\"https:\\\/\\\/schema.org\",\"@graph\":[{\"@type\":\"Article\",\"@id\":\"https:\\\/\\\/eurecat.org\\\/es\\\/el-xpatient-barcelona-congress-abordara-el-impacto-de-los-contextos-de-crisis-en-los-sistemas-de-salud-y-de-atencion-social\\\/#article\",\"isPartOf\":{\"@id\":\"https:\\\/\\\/eurecat.org\\\/es\\\/el-xpatient-barcelona-congress-abordara-el-impacto-de-los-contextos-de-crisis-en-los-sistemas-de-salud-y-de-atencion-social\\\/\"},\"author\":{\"name\":\"EurecatEG\",\"@id\":\"https:\\\/\\\/eurecat.org\\\/es\\\/#\\\/schema\\\/person\\\/def9217eded50ee57a9dc4cf0c883f80\"},\"headline\":\"El XPAtient Barcelona Congress abordar\u00e1 el impacto de los contextos de crisis en los sistemas de salud y de atenci\u00f3n social\",\"datePublished\":\"2022-09-13T14:36:49+00:00\",\"dateModified\":\"2022-09-13T14:39:11+00:00\",\"mainEntityOfPage\":{\"@id\":\"https:\\\/\\\/eurecat.org\\\/es\\\/el-xpatient-barcelona-congress-abordara-el-impacto-de-los-contextos-de-crisis-en-los-sistemas-de-salud-y-de-atencion-social\\\/\"},\"wordCount\":995,\"commentCount\":0,\"image\":{\"@id\":\"https:\\\/\\\/eurecat.org\\\/es\\\/el-xpatient-barcelona-congress-abordara-el-impacto-de-los-contextos-de-crisis-en-los-sistemas-de-salud-y-de-atencion-social\\\/#primaryimage\"},\"thumbnailUrl\":\"https:\\\/\\\/eurecat.org\\\/wp-content\\\/uploads\\\/2022\\\/09\\\/XPAtient_2019_800px.jpg\",\"articleSection\":[\"E-health\",\"Eventos\",\"Notas de prensa\",\"Salud\"],\"inLanguage\":\"es\",\"potentialAction\":[{\"@type\":\"CommentAction\",\"name\":\"Comment\",\"target\":[\"https:\\\/\\\/eurecat.org\\\/es\\\/el-xpatient-barcelona-congress-abordara-el-impacto-de-los-contextos-de-crisis-en-los-sistemas-de-salud-y-de-atencion-social\\\/#respond\"]}]},{\"@type\":\"WebPage\",\"@id\":\"https:\\\/\\\/eurecat.org\\\/es\\\/el-xpatient-barcelona-congress-abordara-el-impacto-de-los-contextos-de-crisis-en-los-sistemas-de-salud-y-de-atencion-social\\\/\",\"url\":\"https:\\\/\\\/eurecat.org\\\/es\\\/el-xpatient-barcelona-congress-abordara-el-impacto-de-los-contextos-de-crisis-en-los-sistemas-de-salud-y-de-atencion-social\\\/\",\"name\":\"El XPAtient Barcelona Congress abordar\u00e1 el impacto de los contextos de crisis en los sistemas de salud y de atenci\u00f3n social - Eurecat\",\"isPartOf\":{\"@id\":\"https:\\\/\\\/eurecat.org\\\/es\\\/#website\"},\"primaryImageOfPage\":{\"@id\":\"https:\\\/\\\/eurecat.org\\\/es\\\/el-xpatient-barcelona-congress-abordara-el-impacto-de-los-contextos-de-crisis-en-los-sistemas-de-salud-y-de-atencion-social\\\/#primaryimage\"},\"image\":{\"@id\":\"https:\\\/\\\/eurecat.org\\\/es\\\/el-xpatient-barcelona-congress-abordara-el-impacto-de-los-contextos-de-crisis-en-los-sistemas-de-salud-y-de-atencion-social\\\/#primaryimage\"},\"thumbnailUrl\":\"https:\\\/\\\/eurecat.org\\\/wp-content\\\/uploads\\\/2022\\\/09\\\/XPAtient_2019_800px.jpg\",\"datePublished\":\"2022-09-13T14:36:49+00:00\",\"dateModified\":\"2022-09-13T14:39:11+00:00\",\"author\":{\"@id\":\"https:\\\/\\\/eurecat.org\\\/es\\\/#\\\/schema\\\/person\\\/def9217eded50ee57a9dc4cf0c883f80\"},\"breadcrumb\":{\"@id\":\"https:\\\/\\\/eurecat.org\\\/es\\\/el-xpatient-barcelona-congress-abordara-el-impacto-de-los-contextos-de-crisis-en-los-sistemas-de-salud-y-de-atencion-social\\\/#breadcrumb\"},\"inLanguage\":\"es\",\"potentialAction\":[{\"@type\":\"ReadAction\",\"target\":[\"https:\\\/\\\/eurecat.org\\\/es\\\/el-xpatient-barcelona-congress-abordara-el-impacto-de-los-contextos-de-crisis-en-los-sistemas-de-salud-y-de-atencion-social\\\/\"]}]},{\"@type\":\"ImageObject\",\"inLanguage\":\"es\",\"@id\":\"https:\\\/\\\/eurecat.org\\\/es\\\/el-xpatient-barcelona-congress-abordara-el-impacto-de-los-contextos-de-crisis-en-los-sistemas-de-salud-y-de-atencion-social\\\/#primaryimage\",\"url\":\"https:\\\/\\\/eurecat.org\\\/wp-content\\\/uploads\\\/2022\\\/09\\\/XPAtient_2019_800px.jpg\",\"contentUrl\":\"https:\\\/\\\/eurecat.org\\\/wp-content\\\/uploads\\\/2022\\\/09\\\/XPAtient_2019_800px.jpg\",\"width\":800,\"height\":476},{\"@type\":\"BreadcrumbList\",\"@id\":\"https:\\\/\\\/eurecat.org\\\/es\\\/el-xpatient-barcelona-congress-abordara-el-impacto-de-los-contextos-de-crisis-en-los-sistemas-de-salud-y-de-atencion-social\\\/#breadcrumb\",\"itemListElement\":[{\"@type\":\"ListItem\",\"position\":1,\"name\":\"Inici\",\"item\":\"https:\\\/\\\/eurecat.org\\\/es\\\/\"},{\"@type\":\"ListItem\",\"position\":2,\"name\":\"El XPAtient Barcelona Congress abordar\u00e1 el impacto de los contextos de crisis en los sistemas de salud y de atenci\u00f3n social\"}]},{\"@type\":\"WebSite\",\"@id\":\"https:\\\/\\\/eurecat.org\\\/es\\\/#website\",\"url\":\"https:\\\/\\\/eurecat.org\\\/es\\\/\",\"name\":\"Eurecat\",\"description\":\"Otro sitio realizado con WordPress\",\"potentialAction\":[{\"@type\":\"SearchAction\",\"target\":{\"@type\":\"EntryPoint\",\"urlTemplate\":\"https:\\\/\\\/eurecat.org\\\/es\\\/?s={search_term_string}\"},\"query-input\":{\"@type\":\"PropertyValueSpecification\",\"valueRequired\":true,\"valueName\":\"search_term_string\"}}],\"inLanguage\":\"es\"},{\"@type\":\"Person\",\"@id\":\"https:\\\/\\\/eurecat.org\\\/es\\\/#\\\/schema\\\/person\\\/def9217eded50ee57a9dc4cf0c883f80\",\"name\":\"EurecatEG\",\"image\":{\"@type\":\"ImageObject\",\"inLanguage\":\"es\",\"@id\":\"https:\\\/\\\/secure.gravatar.com\\\/avatar\\\/f40dd9b6ecd3e5c591f3c9b033e495ee0ec9877ba77249fbf268b3889350c824?s=96&d=mm&r=g\",\"url\":\"https:\\\/\\\/secure.gravatar.com\\\/avatar\\\/f40dd9b6ecd3e5c591f3c9b033e495ee0ec9877ba77249fbf268b3889350c824?s=96&d=mm&r=g\",\"contentUrl\":\"https:\\\/\\\/secure.gravatar.com\\\/avatar\\\/f40dd9b6ecd3e5c591f3c9b033e495ee0ec9877ba77249fbf268b3889350c824?s=96&d=mm&r=g\",\"caption\":\"EurecatEG\"}}]}<\/script>\n<!-- \/ Yoast SEO plugin. -->","yoast_head_json":{"title":"El XPAtient Barcelona Congress abordar\u00e1 el impacto de los contextos de crisis en los sistemas de salud y de atenci\u00f3n social - Eurecat","robots":{"index":"index","follow":"follow","max-snippet":"max-snippet:-1","max-image-preview":"max-image-preview:large","max-video-preview":"max-video-preview:-1"},"canonical":"https:\/\/eurecat.org\/es\/el-xpatient-barcelona-congress-abordara-el-impacto-de-los-contextos-de-crisis-en-los-sistemas-de-salud-y-de-atencion-social\/","og_locale":"es_ES","og_type":"article","og_title":"El XPAtient Barcelona Congress abordar\u00e1 el impacto de los contextos de crisis en los sistemas de salud y de atenci\u00f3n social - Eurecat","og_url":"https:\/\/eurecat.org\/es\/el-xpatient-barcelona-congress-abordara-el-impacto-de-los-contextos-de-crisis-en-los-sistemas-de-salud-y-de-atencion-social\/","og_site_name":"Eurecat","article_published_time":"2022-09-13T14:36:49+00:00","article_modified_time":"2022-09-13T14:39:11+00:00","og_image":[{"width":800,"height":476,"url":"https:\/\/eurecat.org\/wp-content\/uploads\/2022\/09\/XPAtient_2019_800px.jpg","type":"image\/jpeg"}],"author":"EurecatEG","twitter_card":"summary_large_image","twitter_misc":{"Escrito por":"EurecatEG","Tiempo de lectura":"4 minutos"},"schema":{"@context":"https:\/\/schema.org","@graph":[{"@type":"Article","@id":"https:\/\/eurecat.org\/es\/el-xpatient-barcelona-congress-abordara-el-impacto-de-los-contextos-de-crisis-en-los-sistemas-de-salud-y-de-atencion-social\/#article","isPartOf":{"@id":"https:\/\/eurecat.org\/es\/el-xpatient-barcelona-congress-abordara-el-impacto-de-los-contextos-de-crisis-en-los-sistemas-de-salud-y-de-atencion-social\/"},"author":{"name":"EurecatEG","@id":"https:\/\/eurecat.org\/es\/#\/schema\/person\/def9217eded50ee57a9dc4cf0c883f80"},"headline":"El XPAtient Barcelona Congress abordar\u00e1 el impacto de los contextos de crisis en los sistemas de salud y de atenci\u00f3n social","datePublished":"2022-09-13T14:36:49+00:00","dateModified":"2022-09-13T14:39:11+00:00","mainEntityOfPage":{"@id":"https:\/\/eurecat.org\/es\/el-xpatient-barcelona-congress-abordara-el-impacto-de-los-contextos-de-crisis-en-los-sistemas-de-salud-y-de-atencion-social\/"},"wordCount":995,"commentCount":0,"image":{"@id":"https:\/\/eurecat.org\/es\/el-xpatient-barcelona-congress-abordara-el-impacto-de-los-contextos-de-crisis-en-los-sistemas-de-salud-y-de-atencion-social\/#primaryimage"},"thumbnailUrl":"https:\/\/eurecat.org\/wp-content\/uploads\/2022\/09\/XPAtient_2019_800px.jpg","articleSection":["E-health","Eventos","Notas de prensa","Salud"],"inLanguage":"es","potentialAction":[{"@type":"CommentAction","name":"Comment","target":["https:\/\/eurecat.org\/es\/el-xpatient-barcelona-congress-abordara-el-impacto-de-los-contextos-de-crisis-en-los-sistemas-de-salud-y-de-atencion-social\/#respond"]}]},{"@type":"WebPage","@id":"https:\/\/eurecat.org\/es\/el-xpatient-barcelona-congress-abordara-el-impacto-de-los-contextos-de-crisis-en-los-sistemas-de-salud-y-de-atencion-social\/","url":"https:\/\/eurecat.org\/es\/el-xpatient-barcelona-congress-abordara-el-impacto-de-los-contextos-de-crisis-en-los-sistemas-de-salud-y-de-atencion-social\/","name":"El XPAtient Barcelona Congress abordar\u00e1 el impacto de los contextos de crisis en los sistemas de salud y de atenci\u00f3n social - Eurecat","isPartOf":{"@id":"https:\/\/eurecat.org\/es\/#website"},"primaryImageOfPage":{"@id":"https:\/\/eurecat.org\/es\/el-xpatient-barcelona-congress-abordara-el-impacto-de-los-contextos-de-crisis-en-los-sistemas-de-salud-y-de-atencion-social\/#primaryimage"},"image":{"@id":"https:\/\/eurecat.org\/es\/el-xpatient-barcelona-congress-abordara-el-impacto-de-los-contextos-de-crisis-en-los-sistemas-de-salud-y-de-atencion-social\/#primaryimage"},"thumbnailUrl":"https:\/\/eurecat.org\/wp-content\/uploads\/2022\/09\/XPAtient_2019_800px.jpg","datePublished":"2022-09-13T14:36:49+00:00","dateModified":"2022-09-13T14:39:11+00:00","author":{"@id":"https:\/\/eurecat.org\/es\/#\/schema\/person\/def9217eded50ee57a9dc4cf0c883f80"},"breadcrumb":{"@id":"https:\/\/eurecat.org\/es\/el-xpatient-barcelona-congress-abordara-el-impacto-de-los-contextos-de-crisis-en-los-sistemas-de-salud-y-de-atencion-social\/#breadcrumb"},"inLanguage":"es","potentialAction":[{"@type":"ReadAction","target":["https:\/\/eurecat.org\/es\/el-xpatient-barcelona-congress-abordara-el-impacto-de-los-contextos-de-crisis-en-los-sistemas-de-salud-y-de-atencion-social\/"]}]},{"@type":"ImageObject","inLanguage":"es","@id":"https:\/\/eurecat.org\/es\/el-xpatient-barcelona-congress-abordara-el-impacto-de-los-contextos-de-crisis-en-los-sistemas-de-salud-y-de-atencion-social\/#primaryimage","url":"https:\/\/eurecat.org\/wp-content\/uploads\/2022\/09\/XPAtient_2019_800px.jpg","contentUrl":"https:\/\/eurecat.org\/wp-content\/uploads\/2022\/09\/XPAtient_2019_800px.jpg","width":800,"height":476},{"@type":"BreadcrumbList","@id":"https:\/\/eurecat.org\/es\/el-xpatient-barcelona-congress-abordara-el-impacto-de-los-contextos-de-crisis-en-los-sistemas-de-salud-y-de-atencion-social\/#breadcrumb","itemListElement":[{"@type":"ListItem","position":1,"name":"Inici","item":"https:\/\/eurecat.org\/es\/"},{"@type":"ListItem","position":2,"name":"El XPAtient Barcelona Congress abordar\u00e1 el impacto de los contextos de crisis en los sistemas de salud y de atenci\u00f3n social"}]},{"@type":"WebSite","@id":"https:\/\/eurecat.org\/es\/#website","url":"https:\/\/eurecat.org\/es\/","name":"Eurecat","description":"Otro sitio realizado con WordPress","potentialAction":[{"@type":"SearchAction","target":{"@type":"EntryPoint","urlTemplate":"https:\/\/eurecat.org\/es\/?s={search_term_string}"},"query-input":{"@type":"PropertyValueSpecification","valueRequired":true,"valueName":"search_term_string"}}],"inLanguage":"es"},{"@type":"Person","@id":"https:\/\/eurecat.org\/es\/#\/schema\/person\/def9217eded50ee57a9dc4cf0c883f80","name":"EurecatEG","image":{"@type":"ImageObject","inLanguage":"es","@id":"https:\/\/secure.gravatar.com\/avatar\/f40dd9b6ecd3e5c591f3c9b033e495ee0ec9877ba77249fbf268b3889350c824?s=96&d=mm&r=g","url":"https:\/\/secure.gravatar.com\/avatar\/f40dd9b6ecd3e5c591f3c9b033e495ee0ec9877ba77249fbf268b3889350c824?s=96&d=mm&r=g","contentUrl":"https:\/\/secure.gravatar.com\/avatar\/f40dd9b6ecd3e5c591f3c9b033e495ee0ec9877ba77249fbf268b3889350c824?s=96&d=mm&r=g","caption":"EurecatEG"}}]}},"_links":{"self":[{"href":"https:\/\/eurecat.org\/es\/wp-json\/wp\/v2\/posts\/126069","targetHints":{"allow":["GET"]}}],"collection":[{"href":"https:\/\/eurecat.org\/es\/wp-json\/wp\/v2\/posts"}],"about":[{"href":"https:\/\/eurecat.org\/es\/wp-json\/wp\/v2\/types\/post"}],"author":[{"embeddable":true,"href":"https:\/\/eurecat.org\/es\/wp-json\/wp\/v2\/users\/12"}],"replies":[{"embeddable":true,"href":"https:\/\/eurecat.org\/es\/wp-json\/wp\/v2\/comments?post=126069"}],"version-history":[{"count":1,"href":"https:\/\/eurecat.org\/es\/wp-json\/wp\/v2\/posts\/126069\/revisions"}],"predecessor-version":[{"id":126076,"href":"https:\/\/eurecat.org\/es\/wp-json\/wp\/v2\/posts\/126069\/revisions\/126076"}],"wp:featuredmedia":[{"embeddable":true,"href":"https:\/\/eurecat.org\/es\/wp-json\/wp\/v2\/media\/126073"}],"wp:attachment":[{"href":"https:\/\/eurecat.org\/es\/wp-json\/wp\/v2\/media?parent=126069"}],"wp:term":[{"taxonomy":"category","embeddable":true,"href":"https:\/\/eurecat.org\/es\/wp-json\/wp\/v2\/categories?post=126069"},{"taxonomy":"post_tag","embeddable":true,"href":"https:\/\/eurecat.org\/es\/wp-json\/wp\/v2\/tags?post=126069"}],"curies":[{"name":"wp","href":"https:\/\/api.w.org\/{rel}","templated":true}]}}