{"id":126452,"date":"2022-09-29T08:21:30","date_gmt":"2022-09-29T06:21:30","guid":{"rendered":"https:\/\/eurecat.org\/?p=126452"},"modified":"2022-09-29T08:24:14","modified_gmt":"2022-09-29T07:24:14","slug":"la-robotica-asistencial-y-social-facilitara-la-transicion-de-los-hospitales-a-los-domicilios","status":"publish","type":"post","link":"https:\/\/eurecat.org\/es\/la-robotica-asistencial-y-social-facilitara-la-transicion-de-los-hospitales-a-los-domicilios\/","title":{"rendered":"La rob\u00f3tica asistencial y social facilitar\u00e1 la transici\u00f3n de los hospitales a los domicilios"},"content":{"rendered":"<div class=\"fusion-fullwidth fullwidth-box fusion-builder-row-1 fusion-flex-container nonhundred-percent-fullwidth non-hundred-percent-height-scrolling\" style=\"--awb-border-radius-top-left:0px;--awb-border-radius-top-right:0px;--awb-border-radius-bottom-right:0px;--awb-border-radius-bottom-left:0px;--awb-flex-wrap:wrap;\" ><div class=\"fusion-builder-row fusion-row fusion-flex-align-items-flex-start fusion-flex-content-wrap\" style=\"max-width:1424.8px;margin-left: calc(-4% \/ 2 );margin-right: calc(-4% \/ 2 );\"><div class=\"fusion-layout-column fusion_builder_column fusion-builder-column-0 fusion_builder_column_1_1 1_1 fusion-flex-column\" style=\"--awb-bg-size:cover;--awb-width-large:100%;--awb-margin-top-large:0px;--awb-spacing-right-large:1.92%;--awb-margin-bottom-large:0px;--awb-spacing-left-large:1.92%;--awb-width-medium:100%;--awb-spacing-right-medium:1.92%;--awb-spacing-left-medium:1.92%;--awb-width-small:100%;--awb-spacing-right-small:1.92%;--awb-spacing-left-small:1.92%;\"><div class=\"fusion-column-wrapper fusion-flex-justify-content-flex-start fusion-content-layout-column\"><div class=\"fusion-text fusion-text-1\"><p>El <a href=\"https:\/\/xpatientbcncongress.com\/\">XPAtient Barcelona Congress<\/a> ha mostrado hoy en Barcelona los avances implementados en rob\u00f3tica asistencial y ha puesto de manifiesto el papel relevante que tendr\u00e1 en los pr\u00f3ximos a\u00f1os, tanto en los centros sociosanitarios como en la asistencia domiciliaria, con el apoyo de plataformas rob\u00f3ticas que facilitar\u00e1n la transici\u00f3n de los hospitales a los domicilios.<\/p>\n<p>La s\u00e9ptima edici\u00f3n de este encuentro anual sobre el cambio de modelo asistencial se ha abierto con un seminario que ha mostrado el potencial de la rob\u00f3tica asistencial y de las plataformas tecnol\u00f3gicas para proporcionar ayuda, rehabilitaci\u00f3n y asistencia remota, tanto f\u00edsica como cognitiva, a pacientes y personas mayores, con discapacidades y necesidades especiales.<\/p>\n<p>En este sentido, el director de la Unidad de Rob\u00f3tica y Automatizaci\u00f3n del centro tecnol\u00f3gico Eurecat, Daniel Serrano, ha destacado la aceptaci\u00f3n por parte del usuario como \u201cun aspecto clave para la introducci\u00f3n de nuevas tecnolog\u00edas rob\u00f3ticas\u201d y ha afirmado que, en el cuidado y la atenci\u00f3n de paciente, \u201cuna interacci\u00f3n entre la persona y el robot debe ser natural para que repercuta en positivo y mejore el resultado emocional y cognitivo\u201d.<\/p>\n<p>De acuerdo con Daniel Serrano, que ha presentado el proyecto Never Home Alone, orientado a desarrollar una soluci\u00f3n de rob\u00f3tica para acompa\u00f1ar y asistir a las personas mayores que viven solas, \u201cun robot social es la mejor interfaz de usuario porque presenta la aplicaci\u00f3n de teleasistencia en forma de entidad con capacidad de moverse, expresarse e interaccionar, lo que mejora la experiencia del usuario\u201d.<\/p>\n<p>Por su parte, la profesora de investigaci\u00f3n y jefa del grupo de investigaci\u00f3n en rob\u00f3tica asistencial y colaborativa del Instituto de Rob\u00f3tica e Inform\u00e1tica Industrial del CSIC y la UPC, la Dra. Carme Torras, ha explicado que trabajan en miniaturizar su prototipo de robot que da de comer para convertirlo en un peque\u00f1o brazo port\u00e1til sensorizado y con una interfaz muy sencilla para que pacientes con problemas de movilidad en los brazos puedan comer de forma aut\u00f3noma. \u201cEspero que en los pr\u00f3ximos a\u00f1os tengamos robots capaces de manipular ropa de cama, de vestir y estar en contacto con los pacientes de forma amigable e intr\u00ednsecamente segura\u201d, ha indicado.<\/p>\n<p>En su ponencia en el congreso, la Dra. Torras, Premio Nacional de Investigaci\u00f3n 2020, ha explicado que es primordial que el robot establezca una interacci\u00f3n adecuada tanto con los cuidadores como con los pacientes y \u201cque la interacci\u00f3n sea f\u00e1cil, eficiente y segura\u201d. Se trata de que \u201cla persona sienta en todo momento que tiene el control de la situaci\u00f3n y que el robot no es m\u00e1s que una herramienta \u00fatil para ayudarla, ya sea en el trabajo de los cuidadores como dando autonom\u00eda en la vida diaria a los pacientes\u201d, ha se\u00f1alado.<\/p>\n<p>En palabras del director de la Unidad de Digital Health de Eurecat, Felip Miralles, \u201cel principal reto para que estas tecnolog\u00edas lleguen a ser soluciones factibles es que ofrezcan una ayuda efectiva a las personas sin poner en riesgo su privacidad, autonom\u00eda y bienestar\u201d.<\/p>\n<p>Felip Miralles ha detallado que \u201clas nuevas aplicaciones en rob\u00f3tica asistencial y social tienen una aproximaci\u00f3n multidisciplinar\u201d, ya que unen tecnolog\u00edas que incluyen los elementos rob\u00f3ticos, el reconocimiento de la voz y el gesto, la monitorizaci\u00f3n de la salud con sensores y la interacci\u00f3n social de la m\u00e1quina con las personas.<\/p>\n<p>La bienvenida al seminario de la ma\u00f1ana ha sido a cargo de Felip Miralles; la directora de estrategia de la Ag\u00e8ncia de Qualitat i Avaluaci\u00f3 Sanit\u00e0ries de Catalunya, Montse Moharra, y el presidente de la Comisi\u00f3n de Salud Digital de la Asociaci\u00f3n de empresas de electr\u00f3nica, tecnolog\u00edas de la informaci\u00f3n, telecomunicaciones y contenidos digitales (AMETIC), Miguel A. Montero.<\/p>\n<p><img decoding=\"async\" class=\"size-full wp-image-126454 aligncenter\" src=\"https:\/\/eurecat.org\/wp-content\/uploads\/2022\/09\/XPAtient_Seminari_tarda_800px.jpg\" alt=\"x patient eurecat\" width=\"800\" height=\"533\" srcset=\"https:\/\/eurecat.org\/wp-content\/uploads\/2022\/09\/XPAtient_Seminari_tarda_800px-200x133.jpg 200w, https:\/\/eurecat.org\/wp-content\/uploads\/2022\/09\/XPAtient_Seminari_tarda_800px-300x200.jpg 300w, https:\/\/eurecat.org\/wp-content\/uploads\/2022\/09\/XPAtient_Seminari_tarda_800px-391x260.jpg 391w, https:\/\/eurecat.org\/wp-content\/uploads\/2022\/09\/XPAtient_Seminari_tarda_800px-400x267.jpg 400w, https:\/\/eurecat.org\/wp-content\/uploads\/2022\/09\/XPAtient_Seminari_tarda_800px-600x400.jpg 600w, https:\/\/eurecat.org\/wp-content\/uploads\/2022\/09\/XPAtient_Seminari_tarda_800px-768x512.jpg 768w, https:\/\/eurecat.org\/wp-content\/uploads\/2022\/09\/XPAtient_Seminari_tarda_800px.jpg 800w\" sizes=\"(max-width: 800px) 100vw, 800px\" \/><\/p>\n<p><strong>La experiencia de pacientes y profesionales<\/strong><\/p>\n<p>Por la tarde, un segundo seminario ha analizado la experiencia de paciente y profesional como perspectivas complementarias y relacionadas en el proceso asistencial.<\/p>\n<p>Seg\u00fan el Dr. Joan Escarrabill de la comunidad de pr\u00e1ctica XPA (Experiencia de Paciente) Barcelona y del equipo de Experiencia de Pacientes del Hospital Cl\u00ednic, que ha presentado el seminario, la mejora de la experiencia de pacientes deber\u00eda tener impacto en la ordenaci\u00f3n del proceso asistencial, \u201chaci\u00e9ndolo menos ca\u00f3tico para el profesional, mitigando la presi\u00f3n sobre el tiempo de trabajo y dejando espacios para la iniciativa profesional\u201d. As\u00ed, ha asegurado que \u201cdar respuesta a las necesidades no cubiertas de los pacientes y mejorando el contexto de trabajo de los profesionales son aspiraciones absolutamente compatibles\u201d.<\/p>\n<p>La primera parte de la sesi\u00f3n se ha centrado en las dos visiones de la perspectiva de profesional y paciente a trav\u00e9s de los casos concretos de la educaci\u00f3n diabetol\u00f3gica y los procesos de las afectadas por endometriosis, y ha sido moderada por la investigadora XPA del Hospital Cl\u00ednic de Barcelona y project manager en ISGlobal, Anne-Sophie Gresle.<\/p>\n<p>El debate conducido por el gestor de proyectos internacionales de innovaci\u00f3n en el \u00e1mbito de la salud del Hospital Cl\u00ednic de Barcelona, \u200b\u200bJoan Fernando, una enfermera, un profesional enfermo grave y dos pacientes se ha centrado en los elementos clave para mejorar la experiencia de pacientes y la experiencia de profesionales como la gesti\u00f3n del miedo, la incertidumbre o el tiempo.<\/p>\n<p>El XPAtient Barcelona Congress, organizado por el centro tecnol\u00f3gico Eurecat, el Hospital Cl\u00ednic de Barcelona, \u200b\u200bla Ag\u00e8ncia de Qualitat i Avaluaci\u00f3 Sanit\u00e0ries de Catalunya y el Hospital Universitari Vall d&#8217;Hebron, con el impulso de la comunidad de pr\u00e1ctica XPA (Experiencia de Paciente) Barcelona, \u200b\u200by la Societat Catalana de Gesti\u00f3 Sanit\u00e0ria como entidad asociada, sigue ma\u00f1ana con la celebraci\u00f3n online del congreso en el que se presentar\u00e1n 20 iniciativas y soluciones basadas en la experiencia de cliente, y una sesi\u00f3n centrada en la perspectiva de g\u00e9nero.<\/p>\n<\/div><\/div><\/div><\/div><\/div>\n","protected":false},"excerpt":{"rendered":"","protected":false},"author":12,"featured_media":126459,"comment_status":"open","ping_status":"closed","sticky":false,"template":"","format":"standard","meta":{"footnotes":""},"categories":[397,702,134,408],"tags":[],"class_list":["post-126452","post","type-post","status-publish","format-standard","has-post-thumbnail","hentry","category-e-health-es","category-eventos","category-notas-de-prensa","category-robotica-automatizacion"],"yoast_head":"<!-- This site is optimized with the Yoast SEO plugin v27.5 - https:\/\/yoast.com\/product\/yoast-seo-wordpress\/ -->\n<title>La rob\u00f3tica asistencial y social facilitar\u00e1 la transici\u00f3n de los hospitales a los domicilios - Eurecat<\/title>\n<meta name=\"robots\" content=\"index, follow, max-snippet:-1, max-image-preview:large, max-video-preview:-1\" \/>\n<link rel=\"canonical\" href=\"https:\/\/eurecat.org\/es\/la-robotica-asistencial-y-social-facilitara-la-transicion-de-los-hospitales-a-los-domicilios\/\" \/>\n<meta property=\"og:locale\" content=\"es_ES\" \/>\n<meta property=\"og:type\" content=\"article\" \/>\n<meta property=\"og:title\" content=\"La rob\u00f3tica asistencial y social facilitar\u00e1 la transici\u00f3n de los hospitales a los domicilios - Eurecat\" \/>\n<meta property=\"og:url\" content=\"https:\/\/eurecat.org\/es\/la-robotica-asistencial-y-social-facilitara-la-transicion-de-los-hospitales-a-los-domicilios\/\" \/>\n<meta property=\"og:site_name\" content=\"Eurecat\" \/>\n<meta property=\"article:published_time\" content=\"2022-09-29T06:21:30+00:00\" \/>\n<meta property=\"article:modified_time\" content=\"2022-09-29T07:24:14+00:00\" \/>\n<meta property=\"og:image\" content=\"https:\/\/eurecat.org\/wp-content\/uploads\/2022\/09\/XPAtient_Taula_RoboticaAfectiva_800px.jpg\" \/>\n\t<meta property=\"og:image:width\" content=\"800\" \/>\n\t<meta property=\"og:image:height\" content=\"533\" \/>\n\t<meta property=\"og:image:type\" content=\"image\/jpeg\" \/>\n<meta name=\"author\" content=\"EurecatEG\" \/>\n<meta name=\"twitter:card\" content=\"summary_large_image\" \/>\n<meta name=\"twitter:label1\" content=\"Escrito por\" \/>\n\t<meta name=\"twitter:data1\" content=\"EurecatEG\" \/>\n\t<meta name=\"twitter:label2\" content=\"Tiempo de lectura\" \/>\n\t<meta name=\"twitter:data2\" content=\"6 minutos\" \/>\n<script type=\"application\/ld+json\" class=\"yoast-schema-graph\">{\"@context\":\"https:\\\/\\\/schema.org\",\"@graph\":[{\"@type\":\"Article\",\"@id\":\"https:\\\/\\\/eurecat.org\\\/es\\\/la-robotica-asistencial-y-social-facilitara-la-transicion-de-los-hospitales-a-los-domicilios\\\/#article\",\"isPartOf\":{\"@id\":\"https:\\\/\\\/eurecat.org\\\/es\\\/la-robotica-asistencial-y-social-facilitara-la-transicion-de-los-hospitales-a-los-domicilios\\\/\"},\"author\":{\"name\":\"EurecatEG\",\"@id\":\"https:\\\/\\\/eurecat.org\\\/es\\\/#\\\/schema\\\/person\\\/def9217eded50ee57a9dc4cf0c883f80\"},\"headline\":\"La rob\u00f3tica asistencial y social facilitar\u00e1 la transici\u00f3n de los hospitales a los domicilios\",\"datePublished\":\"2022-09-29T06:21:30+00:00\",\"dateModified\":\"2022-09-29T07:24:14+00:00\",\"mainEntityOfPage\":{\"@id\":\"https:\\\/\\\/eurecat.org\\\/es\\\/la-robotica-asistencial-y-social-facilitara-la-transicion-de-los-hospitales-a-los-domicilios\\\/\"},\"wordCount\":1273,\"commentCount\":0,\"image\":{\"@id\":\"https:\\\/\\\/eurecat.org\\\/es\\\/la-robotica-asistencial-y-social-facilitara-la-transicion-de-los-hospitales-a-los-domicilios\\\/#primaryimage\"},\"thumbnailUrl\":\"https:\\\/\\\/eurecat.org\\\/wp-content\\\/uploads\\\/2022\\\/09\\\/XPAtient_Taula_RoboticaAfectiva_800px.jpg\",\"articleSection\":[\"E-health\",\"Eventos\",\"Notas de prensa\",\"Rob\u00f3tica y Automatizaci\u00f3n\"],\"inLanguage\":\"es\",\"potentialAction\":[{\"@type\":\"CommentAction\",\"name\":\"Comment\",\"target\":[\"https:\\\/\\\/eurecat.org\\\/es\\\/la-robotica-asistencial-y-social-facilitara-la-transicion-de-los-hospitales-a-los-domicilios\\\/#respond\"]}]},{\"@type\":\"WebPage\",\"@id\":\"https:\\\/\\\/eurecat.org\\\/es\\\/la-robotica-asistencial-y-social-facilitara-la-transicion-de-los-hospitales-a-los-domicilios\\\/\",\"url\":\"https:\\\/\\\/eurecat.org\\\/es\\\/la-robotica-asistencial-y-social-facilitara-la-transicion-de-los-hospitales-a-los-domicilios\\\/\",\"name\":\"La rob\u00f3tica asistencial y social facilitar\u00e1 la transici\u00f3n de los hospitales a los domicilios - Eurecat\",\"isPartOf\":{\"@id\":\"https:\\\/\\\/eurecat.org\\\/es\\\/#website\"},\"primaryImageOfPage\":{\"@id\":\"https:\\\/\\\/eurecat.org\\\/es\\\/la-robotica-asistencial-y-social-facilitara-la-transicion-de-los-hospitales-a-los-domicilios\\\/#primaryimage\"},\"image\":{\"@id\":\"https:\\\/\\\/eurecat.org\\\/es\\\/la-robotica-asistencial-y-social-facilitara-la-transicion-de-los-hospitales-a-los-domicilios\\\/#primaryimage\"},\"thumbnailUrl\":\"https:\\\/\\\/eurecat.org\\\/wp-content\\\/uploads\\\/2022\\\/09\\\/XPAtient_Taula_RoboticaAfectiva_800px.jpg\",\"datePublished\":\"2022-09-29T06:21:30+00:00\",\"dateModified\":\"2022-09-29T07:24:14+00:00\",\"author\":{\"@id\":\"https:\\\/\\\/eurecat.org\\\/es\\\/#\\\/schema\\\/person\\\/def9217eded50ee57a9dc4cf0c883f80\"},\"breadcrumb\":{\"@id\":\"https:\\\/\\\/eurecat.org\\\/es\\\/la-robotica-asistencial-y-social-facilitara-la-transicion-de-los-hospitales-a-los-domicilios\\\/#breadcrumb\"},\"inLanguage\":\"es\",\"potentialAction\":[{\"@type\":\"ReadAction\",\"target\":[\"https:\\\/\\\/eurecat.org\\\/es\\\/la-robotica-asistencial-y-social-facilitara-la-transicion-de-los-hospitales-a-los-domicilios\\\/\"]}]},{\"@type\":\"ImageObject\",\"inLanguage\":\"es\",\"@id\":\"https:\\\/\\\/eurecat.org\\\/es\\\/la-robotica-asistencial-y-social-facilitara-la-transicion-de-los-hospitales-a-los-domicilios\\\/#primaryimage\",\"url\":\"https:\\\/\\\/eurecat.org\\\/wp-content\\\/uploads\\\/2022\\\/09\\\/XPAtient_Taula_RoboticaAfectiva_800px.jpg\",\"contentUrl\":\"https:\\\/\\\/eurecat.org\\\/wp-content\\\/uploads\\\/2022\\\/09\\\/XPAtient_Taula_RoboticaAfectiva_800px.jpg\",\"width\":800,\"height\":533,\"caption\":\"xPatient Barcelona Eurecat\"},{\"@type\":\"BreadcrumbList\",\"@id\":\"https:\\\/\\\/eurecat.org\\\/es\\\/la-robotica-asistencial-y-social-facilitara-la-transicion-de-los-hospitales-a-los-domicilios\\\/#breadcrumb\",\"itemListElement\":[{\"@type\":\"ListItem\",\"position\":1,\"name\":\"Inici\",\"item\":\"https:\\\/\\\/eurecat.org\\\/es\\\/\"},{\"@type\":\"ListItem\",\"position\":2,\"name\":\"La rob\u00f3tica asistencial y social facilitar\u00e1 la transici\u00f3n de los hospitales a los domicilios\"}]},{\"@type\":\"WebSite\",\"@id\":\"https:\\\/\\\/eurecat.org\\\/es\\\/#website\",\"url\":\"https:\\\/\\\/eurecat.org\\\/es\\\/\",\"name\":\"Eurecat\",\"description\":\"Otro sitio realizado con WordPress\",\"potentialAction\":[{\"@type\":\"SearchAction\",\"target\":{\"@type\":\"EntryPoint\",\"urlTemplate\":\"https:\\\/\\\/eurecat.org\\\/es\\\/?s={search_term_string}\"},\"query-input\":{\"@type\":\"PropertyValueSpecification\",\"valueRequired\":true,\"valueName\":\"search_term_string\"}}],\"inLanguage\":\"es\"},{\"@type\":\"Person\",\"@id\":\"https:\\\/\\\/eurecat.org\\\/es\\\/#\\\/schema\\\/person\\\/def9217eded50ee57a9dc4cf0c883f80\",\"name\":\"EurecatEG\",\"image\":{\"@type\":\"ImageObject\",\"inLanguage\":\"es\",\"@id\":\"https:\\\/\\\/secure.gravatar.com\\\/avatar\\\/f40dd9b6ecd3e5c591f3c9b033e495ee0ec9877ba77249fbf268b3889350c824?s=96&d=mm&r=g\",\"url\":\"https:\\\/\\\/secure.gravatar.com\\\/avatar\\\/f40dd9b6ecd3e5c591f3c9b033e495ee0ec9877ba77249fbf268b3889350c824?s=96&d=mm&r=g\",\"contentUrl\":\"https:\\\/\\\/secure.gravatar.com\\\/avatar\\\/f40dd9b6ecd3e5c591f3c9b033e495ee0ec9877ba77249fbf268b3889350c824?s=96&d=mm&r=g\",\"caption\":\"EurecatEG\"}}]}<\/script>\n<!-- \/ Yoast SEO plugin. -->","yoast_head_json":{"title":"La rob\u00f3tica asistencial y social facilitar\u00e1 la transici\u00f3n de los hospitales a los domicilios - Eurecat","robots":{"index":"index","follow":"follow","max-snippet":"max-snippet:-1","max-image-preview":"max-image-preview:large","max-video-preview":"max-video-preview:-1"},"canonical":"https:\/\/eurecat.org\/es\/la-robotica-asistencial-y-social-facilitara-la-transicion-de-los-hospitales-a-los-domicilios\/","og_locale":"es_ES","og_type":"article","og_title":"La rob\u00f3tica asistencial y social facilitar\u00e1 la transici\u00f3n de los hospitales a los domicilios - Eurecat","og_url":"https:\/\/eurecat.org\/es\/la-robotica-asistencial-y-social-facilitara-la-transicion-de-los-hospitales-a-los-domicilios\/","og_site_name":"Eurecat","article_published_time":"2022-09-29T06:21:30+00:00","article_modified_time":"2022-09-29T07:24:14+00:00","og_image":[{"width":800,"height":533,"url":"https:\/\/eurecat.org\/wp-content\/uploads\/2022\/09\/XPAtient_Taula_RoboticaAfectiva_800px.jpg","type":"image\/jpeg"}],"author":"EurecatEG","twitter_card":"summary_large_image","twitter_misc":{"Escrito por":"EurecatEG","Tiempo de lectura":"6 minutos"},"schema":{"@context":"https:\/\/schema.org","@graph":[{"@type":"Article","@id":"https:\/\/eurecat.org\/es\/la-robotica-asistencial-y-social-facilitara-la-transicion-de-los-hospitales-a-los-domicilios\/#article","isPartOf":{"@id":"https:\/\/eurecat.org\/es\/la-robotica-asistencial-y-social-facilitara-la-transicion-de-los-hospitales-a-los-domicilios\/"},"author":{"name":"EurecatEG","@id":"https:\/\/eurecat.org\/es\/#\/schema\/person\/def9217eded50ee57a9dc4cf0c883f80"},"headline":"La rob\u00f3tica asistencial y social facilitar\u00e1 la transici\u00f3n de los hospitales a los domicilios","datePublished":"2022-09-29T06:21:30+00:00","dateModified":"2022-09-29T07:24:14+00:00","mainEntityOfPage":{"@id":"https:\/\/eurecat.org\/es\/la-robotica-asistencial-y-social-facilitara-la-transicion-de-los-hospitales-a-los-domicilios\/"},"wordCount":1273,"commentCount":0,"image":{"@id":"https:\/\/eurecat.org\/es\/la-robotica-asistencial-y-social-facilitara-la-transicion-de-los-hospitales-a-los-domicilios\/#primaryimage"},"thumbnailUrl":"https:\/\/eurecat.org\/wp-content\/uploads\/2022\/09\/XPAtient_Taula_RoboticaAfectiva_800px.jpg","articleSection":["E-health","Eventos","Notas de prensa","Rob\u00f3tica y Automatizaci\u00f3n"],"inLanguage":"es","potentialAction":[{"@type":"CommentAction","name":"Comment","target":["https:\/\/eurecat.org\/es\/la-robotica-asistencial-y-social-facilitara-la-transicion-de-los-hospitales-a-los-domicilios\/#respond"]}]},{"@type":"WebPage","@id":"https:\/\/eurecat.org\/es\/la-robotica-asistencial-y-social-facilitara-la-transicion-de-los-hospitales-a-los-domicilios\/","url":"https:\/\/eurecat.org\/es\/la-robotica-asistencial-y-social-facilitara-la-transicion-de-los-hospitales-a-los-domicilios\/","name":"La rob\u00f3tica asistencial y social facilitar\u00e1 la transici\u00f3n de los hospitales a los domicilios - Eurecat","isPartOf":{"@id":"https:\/\/eurecat.org\/es\/#website"},"primaryImageOfPage":{"@id":"https:\/\/eurecat.org\/es\/la-robotica-asistencial-y-social-facilitara-la-transicion-de-los-hospitales-a-los-domicilios\/#primaryimage"},"image":{"@id":"https:\/\/eurecat.org\/es\/la-robotica-asistencial-y-social-facilitara-la-transicion-de-los-hospitales-a-los-domicilios\/#primaryimage"},"thumbnailUrl":"https:\/\/eurecat.org\/wp-content\/uploads\/2022\/09\/XPAtient_Taula_RoboticaAfectiva_800px.jpg","datePublished":"2022-09-29T06:21:30+00:00","dateModified":"2022-09-29T07:24:14+00:00","author":{"@id":"https:\/\/eurecat.org\/es\/#\/schema\/person\/def9217eded50ee57a9dc4cf0c883f80"},"breadcrumb":{"@id":"https:\/\/eurecat.org\/es\/la-robotica-asistencial-y-social-facilitara-la-transicion-de-los-hospitales-a-los-domicilios\/#breadcrumb"},"inLanguage":"es","potentialAction":[{"@type":"ReadAction","target":["https:\/\/eurecat.org\/es\/la-robotica-asistencial-y-social-facilitara-la-transicion-de-los-hospitales-a-los-domicilios\/"]}]},{"@type":"ImageObject","inLanguage":"es","@id":"https:\/\/eurecat.org\/es\/la-robotica-asistencial-y-social-facilitara-la-transicion-de-los-hospitales-a-los-domicilios\/#primaryimage","url":"https:\/\/eurecat.org\/wp-content\/uploads\/2022\/09\/XPAtient_Taula_RoboticaAfectiva_800px.jpg","contentUrl":"https:\/\/eurecat.org\/wp-content\/uploads\/2022\/09\/XPAtient_Taula_RoboticaAfectiva_800px.jpg","width":800,"height":533,"caption":"xPatient Barcelona Eurecat"},{"@type":"BreadcrumbList","@id":"https:\/\/eurecat.org\/es\/la-robotica-asistencial-y-social-facilitara-la-transicion-de-los-hospitales-a-los-domicilios\/#breadcrumb","itemListElement":[{"@type":"ListItem","position":1,"name":"Inici","item":"https:\/\/eurecat.org\/es\/"},{"@type":"ListItem","position":2,"name":"La rob\u00f3tica asistencial y social facilitar\u00e1 la transici\u00f3n de los hospitales a los domicilios"}]},{"@type":"WebSite","@id":"https:\/\/eurecat.org\/es\/#website","url":"https:\/\/eurecat.org\/es\/","name":"Eurecat","description":"Otro sitio realizado con WordPress","potentialAction":[{"@type":"SearchAction","target":{"@type":"EntryPoint","urlTemplate":"https:\/\/eurecat.org\/es\/?s={search_term_string}"},"query-input":{"@type":"PropertyValueSpecification","valueRequired":true,"valueName":"search_term_string"}}],"inLanguage":"es"},{"@type":"Person","@id":"https:\/\/eurecat.org\/es\/#\/schema\/person\/def9217eded50ee57a9dc4cf0c883f80","name":"EurecatEG","image":{"@type":"ImageObject","inLanguage":"es","@id":"https:\/\/secure.gravatar.com\/avatar\/f40dd9b6ecd3e5c591f3c9b033e495ee0ec9877ba77249fbf268b3889350c824?s=96&d=mm&r=g","url":"https:\/\/secure.gravatar.com\/avatar\/f40dd9b6ecd3e5c591f3c9b033e495ee0ec9877ba77249fbf268b3889350c824?s=96&d=mm&r=g","contentUrl":"https:\/\/secure.gravatar.com\/avatar\/f40dd9b6ecd3e5c591f3c9b033e495ee0ec9877ba77249fbf268b3889350c824?s=96&d=mm&r=g","caption":"EurecatEG"}}]}},"_links":{"self":[{"href":"https:\/\/eurecat.org\/es\/wp-json\/wp\/v2\/posts\/126452","targetHints":{"allow":["GET"]}}],"collection":[{"href":"https:\/\/eurecat.org\/es\/wp-json\/wp\/v2\/posts"}],"about":[{"href":"https:\/\/eurecat.org\/es\/wp-json\/wp\/v2\/types\/post"}],"author":[{"embeddable":true,"href":"https:\/\/eurecat.org\/es\/wp-json\/wp\/v2\/users\/12"}],"replies":[{"embeddable":true,"href":"https:\/\/eurecat.org\/es\/wp-json\/wp\/v2\/comments?post=126452"}],"version-history":[{"count":1,"href":"https:\/\/eurecat.org\/es\/wp-json\/wp\/v2\/posts\/126452\/revisions"}],"predecessor-version":[{"id":126462,"href":"https:\/\/eurecat.org\/es\/wp-json\/wp\/v2\/posts\/126452\/revisions\/126462"}],"wp:featuredmedia":[{"embeddable":true,"href":"https:\/\/eurecat.org\/es\/wp-json\/wp\/v2\/media\/126459"}],"wp:attachment":[{"href":"https:\/\/eurecat.org\/es\/wp-json\/wp\/v2\/media?parent=126452"}],"wp:term":[{"taxonomy":"category","embeddable":true,"href":"https:\/\/eurecat.org\/es\/wp-json\/wp\/v2\/categories?post=126452"},{"taxonomy":"post_tag","embeddable":true,"href":"https:\/\/eurecat.org\/es\/wp-json\/wp\/v2\/tags?post=126452"}],"curies":[{"name":"wp","href":"https:\/\/api.w.org\/{rel}","templated":true}]}}