{"id":126529,"date":"2022-10-03T07:03:40","date_gmt":"2022-10-03T06:03:40","guid":{"rendered":"https:\/\/eurecat.org\/?p=126529"},"modified":"2022-10-03T07:06:36","modified_gmt":"2022-10-03T06:06:36","slug":"bioeconomia-para-acabar-con-la-dependencia-de-recursos-fosiles-y-de-materias-primas-de-terceros","status":"publish","type":"post","link":"https:\/\/eurecat.org\/es\/bioeconomia-para-acabar-con-la-dependencia-de-recursos-fosiles-y-de-materias-primas-de-terceros\/","title":{"rendered":"Eurecat subraya el papel de la bioeconom\u00eda para acabar con la dependencia de recursos f\u00f3siles y de materias primas de terceros"},"content":{"rendered":"<div class=\"fusion-fullwidth fullwidth-box fusion-builder-row-1 fusion-flex-container nonhundred-percent-fullwidth non-hundred-percent-height-scrolling\" style=\"--awb-border-radius-top-left:0px;--awb-border-radius-top-right:0px;--awb-border-radius-bottom-right:0px;--awb-border-radius-bottom-left:0px;--awb-flex-wrap:wrap;\" ><div class=\"fusion-builder-row fusion-row fusion-flex-align-items-flex-start fusion-flex-content-wrap\" style=\"max-width:1424.8px;margin-left: calc(-4% \/ 2 );margin-right: calc(-4% \/ 2 );\"><div class=\"fusion-layout-column fusion_builder_column fusion-builder-column-0 fusion_builder_column_1_1 1_1 fusion-flex-column\" style=\"--awb-bg-size:cover;--awb-width-large:100%;--awb-margin-top-large:0px;--awb-spacing-right-large:1.92%;--awb-margin-bottom-large:0px;--awb-spacing-left-large:1.92%;--awb-width-medium:100%;--awb-spacing-right-medium:1.92%;--awb-spacing-left-medium:1.92%;--awb-width-small:100%;--awb-spacing-right-small:1.92%;--awb-spacing-left-small:1.92%;\"><div class=\"fusion-column-wrapper fusion-flex-justify-content-flex-start fusion-content-layout-column\"><div class=\"fusion-text fusion-text-1\"><p>El centro tecnol\u00f3gico <a href=\"http:\/\/eurecat.org\/es\/\">Eurecat<\/a> ha subrayado la importancia de la bioeconom\u00eda para acabar con la dependencia de recursos f\u00f3siles y de materias primas de terceros, con motivo de su participaci\u00f3n en la primera edici\u00f3n del <strong>Congreso BIT<\/strong>, que esta semana ha sido el punto de encuentro de empresas, startups y centros de investigaci\u00f3n que lideran el futuro de la bioeconom\u00eda catalana para transformar el sector primario y agroindustrial.<\/p>\n<p>El papel de la bioeconom\u00eda en la evoluci\u00f3n hacia nuevos paradigmas productivos que promuevan el uso sostenible de recursos biol\u00f3gicos \u201ctendr\u00e1 un papel fundamental para acabar con la dependencia de recursos f\u00f3siles o de las materias primas de terceros pa\u00edses\u201d, al mismo tiempo que \u201cpermitir\u00e1 generar oportunidades para el desarrollo socioecon\u00f3mico y laboral\u201d, destaca el director de Desarrollo Cient\u00edfico-Tecnol\u00f3gico de Eurecat y gerente de Eurecat Lleida, Gabriel Anzaldi.<\/p>\n<p>Seg\u00fan Gabriel Anzaldi, \u201cLleida, y Catalu\u00f1a, cuentan con grandes activos para impulsar el liderazgo del pa\u00eds en la bioeconom\u00eda\u201d, porque se \u201cdispone del conocimiento, la capacidad sectorial y la voluntad emprendedora para conseguirlo\u201d. En este sentido, remarca, \u201cel enfoque abierto y colaborativo de la iniciativa impulsada desde el territorio refuerza su potencial como polo de referencia\u201d.<\/p>\n<p>En la sesi\u00f3n del congreso sobre el conocimiento como motor de la bioeconom\u00eda,\u00a0 Eurecat ha presentado el mapa del ecosistema de I+D+I catal\u00e1n para el desarrollo de la bioeconom\u00eda en una conferencia impartida por la responsable de Ecosistemas y Pol\u00edticas de Innovaci\u00f3n del departamento de Consultor\u00eda Tecnol\u00f3gica de Eurecat, Laura Arribas, quien ha reforzado la necesidad de \u201cdisponer de infraestructuras tecnol\u00f3gicas a escala preindustrial e industrial para facilitar y potenciar la escalabilidad industrial de las soluciones en bioeconom\u00eda\u201d.<\/p>\n<p>Por otra parte, en esta misma sesi\u00f3n tem\u00e1tica, la jefa de la L\u00ednea de Residuos y Econom\u00eda Circular de la Unidad de Residuos, Energ\u00eda e Impacto Ambiental de Eurecat, Sandra Meca, ha dado a conocer dos proyectos innovadores. En el panel de proyectos I+D+I para la valorizaci\u00f3n de recursos l\u00edquidos, se ha presentado el proyecto SOLIEVA de recuperaci\u00f3n de compuestos de inter\u00e9s y agua de las balsas de evaporaci\u00f3n de la industria de la aceituna de mesa para su valorizaci\u00f3n; y en el panel de proyectos para la valorizaci\u00f3n de recursos s\u00f3lidos, el proyecto HEREWEAR que consiste en la producci\u00f3n textil a partir de materiales de base biol\u00f3gica.<\/p>\n<p>\u201cLa bioeconom\u00eda circular es de gran importancia para el aprovechamiento de materia y energ\u00eda de los residuos org\u00e1nicos\u201d, destaca la coordinadora de Investigaci\u00f3n del \u00c1rea de Sostenibilidad de Eurecat, Irene Jubany. En este sentido, Irene Jubany ha dado a conocer las tecnolog\u00edas de pir\u00f3lisis y gasificaci\u00f3n que desarrolla Eurecat en una mesa redonda sobre bioeconom\u00eda y agroalimentaci\u00f3n en el marco del 5\u00ba Foro Agroalimentario, celebrado tambi\u00e9n en Lleida este viernes.<\/p>\n<p><img decoding=\"async\" class=\"size-fusion-400 wp-image-126530 aligncenter\" src=\"https:\/\/eurecat.org\/wp-content\/uploads\/2022\/10\/Eurecat_Lleida_800px-400x300.jpg\" alt=\"\" width=\"400\" height=\"300\" srcset=\"https:\/\/eurecat.org\/wp-content\/uploads\/2022\/10\/Eurecat_Lleida_800px-200x150.jpg 200w, https:\/\/eurecat.org\/wp-content\/uploads\/2022\/10\/Eurecat_Lleida_800px-300x225.jpg 300w, https:\/\/eurecat.org\/wp-content\/uploads\/2022\/10\/Eurecat_Lleida_800px-400x300.jpg 400w, https:\/\/eurecat.org\/wp-content\/uploads\/2022\/10\/Eurecat_Lleida_800px-600x450.jpg 600w, https:\/\/eurecat.org\/wp-content\/uploads\/2022\/10\/Eurecat_Lleida_800px-768x576.jpg 768w, https:\/\/eurecat.org\/wp-content\/uploads\/2022\/10\/Eurecat_Lleida_800px.jpg 800w\" sizes=\"(max-width: 400px) 100vw, 400px\" \/><\/p>\n<p>El evento, que se celebra en la Llotja de Lleida, cuenta con m\u00e1s de 50 expertos en bioeconom\u00eda que comparten sus experiencias en diferentes sesiones tem\u00e1ticas, mesas redondas, talleres y ponencias.<\/p>\n<p>El centro tecnol\u00f3gico Eurecat es tambi\u00e9n entidad colaboradora del Congreso BIT 2022, organizado por el Departamento de Acci\u00f3n Clim\u00e1tica, Alimentaci\u00f3n y Agenda Rural de la Generalitat de Catalunya, Fira de Lleida y el Ajuntament de Vic, con el apoyo de la Diputaci\u00f3 y el Ajuntament de Lleida.<\/p>\n<p>El congreso, que se lleva a cabo coincidiendo con la Fira de Sant Miquel de Lleida, forma parte de la iniciativa Transformaci\u00f3n Econ\u00f3mica de las Terres de Lleida, Pirineu i Aran, un proyecto promovido por la Diputaci\u00f3 de Lleida y que cuenta con el apoyo e implicaci\u00f3n de las principales instituciones de Lleida, con el objetivo de generar un nuevo modelo econ\u00f3mico basado en la econom\u00eda verde, circular y digitalizada.<\/p>\n<\/div><\/div><\/div><\/div><\/div>\n","protected":false},"excerpt":{"rendered":"","protected":false},"author":12,"featured_media":126535,"comment_status":"closed","ping_status":"closed","sticky":false,"template":"","format":"standard","meta":{"footnotes":""},"categories":[702,134,411],"tags":[],"class_list":["post-126529","post","type-post","status-publish","format-standard","has-post-thumbnail","hentry","category-eventos","category-notas-de-prensa","category-sostenibilidad"],"yoast_head":"<!-- This site is optimized with the Yoast SEO plugin v27.5 - https:\/\/yoast.com\/product\/yoast-seo-wordpress\/ -->\n<title>Eurecat subraya el papel de la bioeconom\u00eda para acabar con la dependencia de recursos f\u00f3siles y de materias primas de terceros - Eurecat<\/title>\n<meta name=\"robots\" content=\"index, follow, max-snippet:-1, max-image-preview:large, max-video-preview:-1\" \/>\n<link rel=\"canonical\" href=\"https:\/\/eurecat.org\/es\/bioeconomia-para-acabar-con-la-dependencia-de-recursos-fosiles-y-de-materias-primas-de-terceros\/\" \/>\n<meta property=\"og:locale\" content=\"es_ES\" \/>\n<meta property=\"og:type\" content=\"article\" \/>\n<meta property=\"og:title\" content=\"Eurecat subraya el papel de la bioeconom\u00eda para acabar con la dependencia de recursos f\u00f3siles y de materias primas de terceros - Eurecat\" \/>\n<meta property=\"og:url\" content=\"https:\/\/eurecat.org\/es\/bioeconomia-para-acabar-con-la-dependencia-de-recursos-fosiles-y-de-materias-primas-de-terceros\/\" \/>\n<meta property=\"og:site_name\" content=\"Eurecat\" \/>\n<meta property=\"article:published_time\" content=\"2022-10-03T06:03:40+00:00\" \/>\n<meta property=\"article:modified_time\" content=\"2022-10-03T06:06:36+00:00\" \/>\n<meta property=\"og:image\" content=\"https:\/\/eurecat.org\/wp-content\/uploads\/2022\/10\/Solieva_PlantaPilot_800px.jpg\" \/>\n\t<meta property=\"og:image:width\" content=\"800\" \/>\n\t<meta property=\"og:image:height\" content=\"533\" \/>\n\t<meta property=\"og:image:type\" content=\"image\/jpeg\" \/>\n<meta name=\"author\" content=\"EurecatEG\" \/>\n<meta name=\"twitter:card\" content=\"summary_large_image\" \/>\n<meta name=\"twitter:label1\" content=\"Escrito por\" \/>\n\t<meta name=\"twitter:data1\" content=\"EurecatEG\" \/>\n\t<meta name=\"twitter:label2\" content=\"Tiempo de lectura\" \/>\n\t<meta name=\"twitter:data2\" content=\"4 minutos\" \/>\n<script type=\"application\/ld+json\" class=\"yoast-schema-graph\">{\"@context\":\"https:\\\/\\\/schema.org\",\"@graph\":[{\"@type\":\"Article\",\"@id\":\"https:\\\/\\\/eurecat.org\\\/es\\\/bioeconomia-para-acabar-con-la-dependencia-de-recursos-fosiles-y-de-materias-primas-de-terceros\\\/#article\",\"isPartOf\":{\"@id\":\"https:\\\/\\\/eurecat.org\\\/es\\\/bioeconomia-para-acabar-con-la-dependencia-de-recursos-fosiles-y-de-materias-primas-de-terceros\\\/\"},\"author\":{\"name\":\"EurecatEG\",\"@id\":\"https:\\\/\\\/eurecat.org\\\/es\\\/#\\\/schema\\\/person\\\/def9217eded50ee57a9dc4cf0c883f80\"},\"headline\":\"Eurecat subraya el papel de la bioeconom\u00eda para acabar con la dependencia de recursos f\u00f3siles y de materias primas de terceros\",\"datePublished\":\"2022-10-03T06:03:40+00:00\",\"dateModified\":\"2022-10-03T06:06:36+00:00\",\"mainEntityOfPage\":{\"@id\":\"https:\\\/\\\/eurecat.org\\\/es\\\/bioeconomia-para-acabar-con-la-dependencia-de-recursos-fosiles-y-de-materias-primas-de-terceros\\\/\"},\"wordCount\":931,\"image\":{\"@id\":\"https:\\\/\\\/eurecat.org\\\/es\\\/bioeconomia-para-acabar-con-la-dependencia-de-recursos-fosiles-y-de-materias-primas-de-terceros\\\/#primaryimage\"},\"thumbnailUrl\":\"https:\\\/\\\/eurecat.org\\\/wp-content\\\/uploads\\\/2022\\\/10\\\/Solieva_PlantaPilot_800px.jpg\",\"articleSection\":[\"Eventos\",\"Notas de prensa\",\"Sostenibilidad\"],\"inLanguage\":\"es\"},{\"@type\":\"WebPage\",\"@id\":\"https:\\\/\\\/eurecat.org\\\/es\\\/bioeconomia-para-acabar-con-la-dependencia-de-recursos-fosiles-y-de-materias-primas-de-terceros\\\/\",\"url\":\"https:\\\/\\\/eurecat.org\\\/es\\\/bioeconomia-para-acabar-con-la-dependencia-de-recursos-fosiles-y-de-materias-primas-de-terceros\\\/\",\"name\":\"Eurecat subraya el papel de la bioeconom\u00eda para acabar con la dependencia de recursos f\u00f3siles y de materias primas de terceros - Eurecat\",\"isPartOf\":{\"@id\":\"https:\\\/\\\/eurecat.org\\\/es\\\/#website\"},\"primaryImageOfPage\":{\"@id\":\"https:\\\/\\\/eurecat.org\\\/es\\\/bioeconomia-para-acabar-con-la-dependencia-de-recursos-fosiles-y-de-materias-primas-de-terceros\\\/#primaryimage\"},\"image\":{\"@id\":\"https:\\\/\\\/eurecat.org\\\/es\\\/bioeconomia-para-acabar-con-la-dependencia-de-recursos-fosiles-y-de-materias-primas-de-terceros\\\/#primaryimage\"},\"thumbnailUrl\":\"https:\\\/\\\/eurecat.org\\\/wp-content\\\/uploads\\\/2022\\\/10\\\/Solieva_PlantaPilot_800px.jpg\",\"datePublished\":\"2022-10-03T06:03:40+00:00\",\"dateModified\":\"2022-10-03T06:06:36+00:00\",\"author\":{\"@id\":\"https:\\\/\\\/eurecat.org\\\/es\\\/#\\\/schema\\\/person\\\/def9217eded50ee57a9dc4cf0c883f80\"},\"breadcrumb\":{\"@id\":\"https:\\\/\\\/eurecat.org\\\/es\\\/bioeconomia-para-acabar-con-la-dependencia-de-recursos-fosiles-y-de-materias-primas-de-terceros\\\/#breadcrumb\"},\"inLanguage\":\"es\",\"potentialAction\":[{\"@type\":\"ReadAction\",\"target\":[\"https:\\\/\\\/eurecat.org\\\/es\\\/bioeconomia-para-acabar-con-la-dependencia-de-recursos-fosiles-y-de-materias-primas-de-terceros\\\/\"]}]},{\"@type\":\"ImageObject\",\"inLanguage\":\"es\",\"@id\":\"https:\\\/\\\/eurecat.org\\\/es\\\/bioeconomia-para-acabar-con-la-dependencia-de-recursos-fosiles-y-de-materias-primas-de-terceros\\\/#primaryimage\",\"url\":\"https:\\\/\\\/eurecat.org\\\/wp-content\\\/uploads\\\/2022\\\/10\\\/Solieva_PlantaPilot_800px.jpg\",\"contentUrl\":\"https:\\\/\\\/eurecat.org\\\/wp-content\\\/uploads\\\/2022\\\/10\\\/Solieva_PlantaPilot_800px.jpg\",\"width\":800,\"height\":533},{\"@type\":\"BreadcrumbList\",\"@id\":\"https:\\\/\\\/eurecat.org\\\/es\\\/bioeconomia-para-acabar-con-la-dependencia-de-recursos-fosiles-y-de-materias-primas-de-terceros\\\/#breadcrumb\",\"itemListElement\":[{\"@type\":\"ListItem\",\"position\":1,\"name\":\"Inici\",\"item\":\"https:\\\/\\\/eurecat.org\\\/es\\\/\"},{\"@type\":\"ListItem\",\"position\":2,\"name\":\"Eurecat subraya el papel de la bioeconom\u00eda para acabar con la dependencia de recursos f\u00f3siles y de materias primas de terceros\"}]},{\"@type\":\"WebSite\",\"@id\":\"https:\\\/\\\/eurecat.org\\\/es\\\/#website\",\"url\":\"https:\\\/\\\/eurecat.org\\\/es\\\/\",\"name\":\"Eurecat\",\"description\":\"Otro sitio realizado con WordPress\",\"potentialAction\":[{\"@type\":\"SearchAction\",\"target\":{\"@type\":\"EntryPoint\",\"urlTemplate\":\"https:\\\/\\\/eurecat.org\\\/es\\\/?s={search_term_string}\"},\"query-input\":{\"@type\":\"PropertyValueSpecification\",\"valueRequired\":true,\"valueName\":\"search_term_string\"}}],\"inLanguage\":\"es\"},{\"@type\":\"Person\",\"@id\":\"https:\\\/\\\/eurecat.org\\\/es\\\/#\\\/schema\\\/person\\\/def9217eded50ee57a9dc4cf0c883f80\",\"name\":\"EurecatEG\",\"image\":{\"@type\":\"ImageObject\",\"inLanguage\":\"es\",\"@id\":\"https:\\\/\\\/secure.gravatar.com\\\/avatar\\\/f40dd9b6ecd3e5c591f3c9b033e495ee0ec9877ba77249fbf268b3889350c824?s=96&d=mm&r=g\",\"url\":\"https:\\\/\\\/secure.gravatar.com\\\/avatar\\\/f40dd9b6ecd3e5c591f3c9b033e495ee0ec9877ba77249fbf268b3889350c824?s=96&d=mm&r=g\",\"contentUrl\":\"https:\\\/\\\/secure.gravatar.com\\\/avatar\\\/f40dd9b6ecd3e5c591f3c9b033e495ee0ec9877ba77249fbf268b3889350c824?s=96&d=mm&r=g\",\"caption\":\"EurecatEG\"}}]}<\/script>\n<!-- \/ Yoast SEO plugin. -->","yoast_head_json":{"title":"Eurecat subraya el papel de la bioeconom\u00eda para acabar con la dependencia de recursos f\u00f3siles y de materias primas de terceros - Eurecat","robots":{"index":"index","follow":"follow","max-snippet":"max-snippet:-1","max-image-preview":"max-image-preview:large","max-video-preview":"max-video-preview:-1"},"canonical":"https:\/\/eurecat.org\/es\/bioeconomia-para-acabar-con-la-dependencia-de-recursos-fosiles-y-de-materias-primas-de-terceros\/","og_locale":"es_ES","og_type":"article","og_title":"Eurecat subraya el papel de la bioeconom\u00eda para acabar con la dependencia de recursos f\u00f3siles y de materias primas de terceros - Eurecat","og_url":"https:\/\/eurecat.org\/es\/bioeconomia-para-acabar-con-la-dependencia-de-recursos-fosiles-y-de-materias-primas-de-terceros\/","og_site_name":"Eurecat","article_published_time":"2022-10-03T06:03:40+00:00","article_modified_time":"2022-10-03T06:06:36+00:00","og_image":[{"width":800,"height":533,"url":"https:\/\/eurecat.org\/wp-content\/uploads\/2022\/10\/Solieva_PlantaPilot_800px.jpg","type":"image\/jpeg"}],"author":"EurecatEG","twitter_card":"summary_large_image","twitter_misc":{"Escrito por":"EurecatEG","Tiempo de lectura":"4 minutos"},"schema":{"@context":"https:\/\/schema.org","@graph":[{"@type":"Article","@id":"https:\/\/eurecat.org\/es\/bioeconomia-para-acabar-con-la-dependencia-de-recursos-fosiles-y-de-materias-primas-de-terceros\/#article","isPartOf":{"@id":"https:\/\/eurecat.org\/es\/bioeconomia-para-acabar-con-la-dependencia-de-recursos-fosiles-y-de-materias-primas-de-terceros\/"},"author":{"name":"EurecatEG","@id":"https:\/\/eurecat.org\/es\/#\/schema\/person\/def9217eded50ee57a9dc4cf0c883f80"},"headline":"Eurecat subraya el papel de la bioeconom\u00eda para acabar con la dependencia de recursos f\u00f3siles y de materias primas de terceros","datePublished":"2022-10-03T06:03:40+00:00","dateModified":"2022-10-03T06:06:36+00:00","mainEntityOfPage":{"@id":"https:\/\/eurecat.org\/es\/bioeconomia-para-acabar-con-la-dependencia-de-recursos-fosiles-y-de-materias-primas-de-terceros\/"},"wordCount":931,"image":{"@id":"https:\/\/eurecat.org\/es\/bioeconomia-para-acabar-con-la-dependencia-de-recursos-fosiles-y-de-materias-primas-de-terceros\/#primaryimage"},"thumbnailUrl":"https:\/\/eurecat.org\/wp-content\/uploads\/2022\/10\/Solieva_PlantaPilot_800px.jpg","articleSection":["Eventos","Notas de prensa","Sostenibilidad"],"inLanguage":"es"},{"@type":"WebPage","@id":"https:\/\/eurecat.org\/es\/bioeconomia-para-acabar-con-la-dependencia-de-recursos-fosiles-y-de-materias-primas-de-terceros\/","url":"https:\/\/eurecat.org\/es\/bioeconomia-para-acabar-con-la-dependencia-de-recursos-fosiles-y-de-materias-primas-de-terceros\/","name":"Eurecat subraya el papel de la bioeconom\u00eda para acabar con la dependencia de recursos f\u00f3siles y de materias primas de terceros - Eurecat","isPartOf":{"@id":"https:\/\/eurecat.org\/es\/#website"},"primaryImageOfPage":{"@id":"https:\/\/eurecat.org\/es\/bioeconomia-para-acabar-con-la-dependencia-de-recursos-fosiles-y-de-materias-primas-de-terceros\/#primaryimage"},"image":{"@id":"https:\/\/eurecat.org\/es\/bioeconomia-para-acabar-con-la-dependencia-de-recursos-fosiles-y-de-materias-primas-de-terceros\/#primaryimage"},"thumbnailUrl":"https:\/\/eurecat.org\/wp-content\/uploads\/2022\/10\/Solieva_PlantaPilot_800px.jpg","datePublished":"2022-10-03T06:03:40+00:00","dateModified":"2022-10-03T06:06:36+00:00","author":{"@id":"https:\/\/eurecat.org\/es\/#\/schema\/person\/def9217eded50ee57a9dc4cf0c883f80"},"breadcrumb":{"@id":"https:\/\/eurecat.org\/es\/bioeconomia-para-acabar-con-la-dependencia-de-recursos-fosiles-y-de-materias-primas-de-terceros\/#breadcrumb"},"inLanguage":"es","potentialAction":[{"@type":"ReadAction","target":["https:\/\/eurecat.org\/es\/bioeconomia-para-acabar-con-la-dependencia-de-recursos-fosiles-y-de-materias-primas-de-terceros\/"]}]},{"@type":"ImageObject","inLanguage":"es","@id":"https:\/\/eurecat.org\/es\/bioeconomia-para-acabar-con-la-dependencia-de-recursos-fosiles-y-de-materias-primas-de-terceros\/#primaryimage","url":"https:\/\/eurecat.org\/wp-content\/uploads\/2022\/10\/Solieva_PlantaPilot_800px.jpg","contentUrl":"https:\/\/eurecat.org\/wp-content\/uploads\/2022\/10\/Solieva_PlantaPilot_800px.jpg","width":800,"height":533},{"@type":"BreadcrumbList","@id":"https:\/\/eurecat.org\/es\/bioeconomia-para-acabar-con-la-dependencia-de-recursos-fosiles-y-de-materias-primas-de-terceros\/#breadcrumb","itemListElement":[{"@type":"ListItem","position":1,"name":"Inici","item":"https:\/\/eurecat.org\/es\/"},{"@type":"ListItem","position":2,"name":"Eurecat subraya el papel de la bioeconom\u00eda para acabar con la dependencia de recursos f\u00f3siles y de materias primas de terceros"}]},{"@type":"WebSite","@id":"https:\/\/eurecat.org\/es\/#website","url":"https:\/\/eurecat.org\/es\/","name":"Eurecat","description":"Otro sitio realizado con WordPress","potentialAction":[{"@type":"SearchAction","target":{"@type":"EntryPoint","urlTemplate":"https:\/\/eurecat.org\/es\/?s={search_term_string}"},"query-input":{"@type":"PropertyValueSpecification","valueRequired":true,"valueName":"search_term_string"}}],"inLanguage":"es"},{"@type":"Person","@id":"https:\/\/eurecat.org\/es\/#\/schema\/person\/def9217eded50ee57a9dc4cf0c883f80","name":"EurecatEG","image":{"@type":"ImageObject","inLanguage":"es","@id":"https:\/\/secure.gravatar.com\/avatar\/f40dd9b6ecd3e5c591f3c9b033e495ee0ec9877ba77249fbf268b3889350c824?s=96&d=mm&r=g","url":"https:\/\/secure.gravatar.com\/avatar\/f40dd9b6ecd3e5c591f3c9b033e495ee0ec9877ba77249fbf268b3889350c824?s=96&d=mm&r=g","contentUrl":"https:\/\/secure.gravatar.com\/avatar\/f40dd9b6ecd3e5c591f3c9b033e495ee0ec9877ba77249fbf268b3889350c824?s=96&d=mm&r=g","caption":"EurecatEG"}}]}},"_links":{"self":[{"href":"https:\/\/eurecat.org\/es\/wp-json\/wp\/v2\/posts\/126529","targetHints":{"allow":["GET"]}}],"collection":[{"href":"https:\/\/eurecat.org\/es\/wp-json\/wp\/v2\/posts"}],"about":[{"href":"https:\/\/eurecat.org\/es\/wp-json\/wp\/v2\/types\/post"}],"author":[{"embeddable":true,"href":"https:\/\/eurecat.org\/es\/wp-json\/wp\/v2\/users\/12"}],"replies":[{"embeddable":true,"href":"https:\/\/eurecat.org\/es\/wp-json\/wp\/v2\/comments?post=126529"}],"version-history":[{"count":1,"href":"https:\/\/eurecat.org\/es\/wp-json\/wp\/v2\/posts\/126529\/revisions"}],"predecessor-version":[{"id":126538,"href":"https:\/\/eurecat.org\/es\/wp-json\/wp\/v2\/posts\/126529\/revisions\/126538"}],"wp:featuredmedia":[{"embeddable":true,"href":"https:\/\/eurecat.org\/es\/wp-json\/wp\/v2\/media\/126535"}],"wp:attachment":[{"href":"https:\/\/eurecat.org\/es\/wp-json\/wp\/v2\/media?parent=126529"}],"wp:term":[{"taxonomy":"category","embeddable":true,"href":"https:\/\/eurecat.org\/es\/wp-json\/wp\/v2\/categories?post=126529"},{"taxonomy":"post_tag","embeddable":true,"href":"https:\/\/eurecat.org\/es\/wp-json\/wp\/v2\/tags?post=126529"}],"curies":[{"name":"wp","href":"https:\/\/api.w.org\/{rel}","templated":true}]}}