{"id":127399,"date":"2022-10-18T14:41:58","date_gmt":"2022-10-18T13:41:58","guid":{"rendered":"https:\/\/eurecat.org\/?p=127399"},"modified":"2022-10-18T14:43:45","modified_gmt":"2022-10-18T13:43:45","slug":"expertos-en-inteligencia-artificial-analizaran-en-barcelona-su-impacto-en-retos-sociales-y-empresariales","status":"publish","type":"post","link":"https:\/\/eurecat.org\/es\/expertos-en-inteligencia-artificial-analizaran-en-barcelona-su-impacto-en-retos-sociales-y-empresariales\/","title":{"rendered":"Expertos en Inteligencia Artificial analizar\u00e1n en Barcelona su impacto en retos sociales y empresariales"},"content":{"rendered":"<div class=\"fusion-fullwidth fullwidth-box fusion-builder-row-1 fusion-flex-container nonhundred-percent-fullwidth non-hundred-percent-height-scrolling\" style=\"--awb-border-radius-top-left:0px;--awb-border-radius-top-right:0px;--awb-border-radius-bottom-right:0px;--awb-border-radius-bottom-left:0px;--awb-flex-wrap:wrap;\" ><div class=\"fusion-builder-row fusion-row fusion-flex-align-items-flex-start fusion-flex-content-wrap\" style=\"max-width:1424.8px;margin-left: calc(-4% \/ 2 );margin-right: calc(-4% \/ 2 );\"><div class=\"fusion-layout-column fusion_builder_column fusion-builder-column-0 fusion_builder_column_1_1 1_1 fusion-flex-column\" style=\"--awb-bg-size:cover;--awb-width-large:100%;--awb-margin-top-large:0px;--awb-spacing-right-large:1.92%;--awb-margin-bottom-large:0px;--awb-spacing-left-large:1.92%;--awb-width-medium:100%;--awb-spacing-right-medium:1.92%;--awb-spacing-left-medium:1.92%;--awb-width-small:100%;--awb-spacing-right-small:1.92%;--awb-spacing-left-small:1.92%;\"><div class=\"fusion-column-wrapper fusion-flex-justify-content-flex-start fusion-content-layout-column\"><div class=\"fusion-text fusion-text-1\"><p>El <a href=\"https:\/\/aicongress.barcelona\/\">AI &amp; Big Data Congress<\/a>, el congreso de referencia en Inteligencia Artificial y las tecnolog\u00edas de datos, reunir\u00e1 los d\u00edas 25 y 26 de octubre en Barcelona a expertos nacionales e internacionales, profesionales, proveedores tecnol\u00f3gicos y empresas, para explicar c\u00f3mo la Inteligencia Artificial contribuye a abordar los retos sociales, as\u00ed como la mejora y transformaci\u00f3n empresarial y de los procesos productivos.<\/p>\n<p>El AI &amp; Big Data Congress es un evento organizado por el Centre of Innovation for Data Tech and Artificial Intelligence (CIDAI) y coordinado por el centro tecnol\u00f3gico Eurecat, con el objetivo de \u201cdifundir y explicar a la ciudadan\u00eda, mediante una serie de ejemplos de aplicaci\u00f3n multisectorial concretos, que el uso \u00e9tico de la Inteligencia Artificial es algo positivo tanto para las empresas como para la sociedad\u201d, seg\u00fan destaca el director del CIDAI y director del \u00c1rea Digital de Eurecat, Joan Mas.<\/p>\n<p>En la ponencia inaugural del congreso, la vicepresidenta de Huawei Espa\u00f1a y de la Fundaci\u00f3n Cruz Roja Espa\u00f1ola, Therese Jamaa, aportar\u00e1 una visi\u00f3n humanista de la Inteligencia Artificial e incidir\u00e1 en la necesidad de poner el foco en las personas y garantizar un desarrollo \u00e9tico y responsable de estas tecnolog\u00edas en sus aplicaciones.<\/p>\n<p>Adem\u00e1s, el evento analizar\u00e1 hacia d\u00f3nde se dirige la ciencia de datos con el director de Sistemas Cognitivos de la UCLA, Judea Pearl, quien detallar\u00e1 c\u00f3mo las herramientas de inferencia causal pueden dar respuesta a las necesidades actuales de transparencia, generalizaci\u00f3n y capacidad de explicaci\u00f3n para favorecer la aceptaci\u00f3n de sistemas basados \u200b\u200ben Inteligencia Artificial por parte de las empresas. Pearl es autor de varios libros fundamentales sobre la causalidad, incluido \u201cThe Book of Why\u201d, y ha recibido numerosos premios cient\u00edficos, incluido el Premio ACM Alan Turing de 2011.<\/p>\n<p>Ante las m\u00faltiples crisis de car\u00e1cter sanitario, geopol\u00edtico o medioambiental que sufre la sociedad, el concepto de AI4Good destaca la contribuci\u00f3n de la tecnolog\u00eda para mejorar el bienestar de las personas y en el AI &amp; Big Data Congress se mostrar\u00e1n varios ejemplos con aplicaciones que incluyen principios \u00e9ticos en su ciclo de vida y su cadena de valor.<\/p>\n<p>En este sentido, el director Business Innovation Office EMEA South de SAP, Ernesto Rinc\u00f3n, explicar\u00e1 c\u00f3mo la Inteligencia Artificial puede ayudar a mejorar la vida de las personas y organizaciones a dar respuesta al reto de la sostenibilidad.<\/p>\n<p>Por otra parte, en el congreso se compartir\u00e1n casos de \u00e9xito innovadores en el uso de las tecnolog\u00edas basadas en el Big Data y la Inteligencia Artificial, desde una perspectiva sectorial, que permitir\u00e1 conocer las \u00faltimas tendencias del turismo, la movilidad y la salud. Tambi\u00e9n se analizar\u00e1 la aplicaci\u00f3n de la IA en la creatividad art\u00edstica, sus l\u00edmites y qu\u00e9 considerar cuando se habla de arte digital.<\/p>\n<p>La segunda sesi\u00f3n del congreso, el d\u00eda 26, se adentrar\u00e1 en los desaf\u00edos que plantea el desarrollo de productos basados en modelos de aprendizaje profundo hasta su producci\u00f3n y comercializaci\u00f3n de la mano del director de gesti\u00f3n de producto de Cogent Labs, el Dr. David Malkin, que presentar\u00e1 las oportunidades comerciales B2B en el mercado japon\u00e9s, y se presentar\u00e1n tambi\u00e9n varios avances de car\u00e1cter tecnol\u00f3gico en Inteligencia Artificial como, por ejemplo, la generaci\u00f3n y el uso de datos sint\u00e9ticos en algunas aplicaciones.<\/p>\n<p>El CIDAI promueve la generaci\u00f3n, validaci\u00f3n y transferencia de tecnolog\u00edas de Inteligencia Artificial fiable de alto valor a\u00f1adido para fomentar la adopci\u00f3n e innovaci\u00f3n tecnol\u00f3gica en los sectores estrat\u00e9gicos del pa\u00eds y sus empresas e instituciones, as\u00ed como la diseminaci\u00f3n de estas tecnolog\u00edas y buenas pr\u00e1cticas en la sociedad en general.<\/p>\n<p>El evento est\u00e1 organizado desde el CIDAI y coordinado por Eurecat, con la colaboraci\u00f3n del Ajuntament de Barcelona, el Barcelona Supercomputing Center, el Centro de Visi\u00f3n por Computador, la Fundaci\u00f3n i2CAT y el IDEAI-UPC, y cuenta con el patrocinio de la Generalitat de Catalunya, CaixaBank, Microsoft, NTT DATA, SAP, SDG Group y Huawei.<\/p>\n<p>Las inscripciones ya est\u00e1n abiertas para asistir al congreso que se celebrar\u00e1 el d\u00eda 25 de octubre de forma presencial en el Auditorio AXA Barcelona y emitido por streaming, y el d\u00eda 26 de octubre online.<\/p>\n<\/div><div style=\"text-align:center;\"><a class=\"fusion-button button-flat fusion-button-default-size button-default fusion-button-default button-1 fusion-button-default-span fusion-button-default-type\" target=\"_blank\" rel=\"noopener noreferrer\" href=\"https:\/\/aicongress.barcelona\/\"><span class=\"fusion-button-text awb-button__text awb-button__text--default\">Pod\u00e9is consultar el programa e inscribiros al AI &amp; Big Data Congress aqu\u00ed <\/span><\/a><\/div><\/div><\/div><\/div><\/div>\n","protected":false},"excerpt":{"rendered":"","protected":false},"author":12,"featured_media":127403,"comment_status":"open","ping_status":"closed","sticky":false,"template":"","format":"standard","meta":{"footnotes":""},"categories":[392,134,2289],"tags":[],"class_list":["post-127399","post","type-post","status-publish","format-standard","has-post-thumbnail","hentry","category-big-data-analytics","category-notas-de-prensa","category-tic-es"],"yoast_head":"<!-- This site is optimized with the Yoast SEO plugin v27.5 - https:\/\/yoast.com\/product\/yoast-seo-wordpress\/ -->\n<title>Expertos en Inteligencia Artificial analizar\u00e1n en Barcelona su impacto en retos sociales y empresariales - Eurecat<\/title>\n<meta name=\"robots\" content=\"index, follow, max-snippet:-1, max-image-preview:large, max-video-preview:-1\" \/>\n<link rel=\"canonical\" href=\"https:\/\/eurecat.org\/es\/expertos-en-inteligencia-artificial-analizaran-en-barcelona-su-impacto-en-retos-sociales-y-empresariales\/\" \/>\n<meta property=\"og:locale\" content=\"es_ES\" \/>\n<meta property=\"og:type\" content=\"article\" \/>\n<meta property=\"og:title\" content=\"Expertos en Inteligencia Artificial analizar\u00e1n en Barcelona su impacto en retos sociales y empresariales - Eurecat\" \/>\n<meta property=\"og:url\" content=\"https:\/\/eurecat.org\/es\/expertos-en-inteligencia-artificial-analizaran-en-barcelona-su-impacto-en-retos-sociales-y-empresariales\/\" \/>\n<meta property=\"og:site_name\" content=\"Eurecat\" \/>\n<meta property=\"article:published_time\" content=\"2022-10-18T13:41:58+00:00\" \/>\n<meta property=\"article:modified_time\" content=\"2022-10-18T13:43:45+00:00\" \/>\n<meta property=\"og:image\" content=\"https:\/\/eurecat.org\/wp-content\/uploads\/2022\/10\/AIBIGDATA090_800px.jpg\" \/>\n\t<meta property=\"og:image:width\" content=\"800\" \/>\n\t<meta property=\"og:image:height\" content=\"533\" \/>\n\t<meta property=\"og:image:type\" content=\"image\/jpeg\" \/>\n<meta name=\"author\" content=\"EurecatEG\" \/>\n<meta name=\"twitter:card\" content=\"summary_large_image\" \/>\n<meta name=\"twitter:label1\" content=\"Escrito por\" \/>\n\t<meta name=\"twitter:data1\" content=\"EurecatEG\" \/>\n\t<meta name=\"twitter:label2\" content=\"Tiempo de lectura\" \/>\n\t<meta name=\"twitter:data2\" content=\"5 minutos\" \/>\n<script type=\"application\/ld+json\" class=\"yoast-schema-graph\">{\"@context\":\"https:\\\/\\\/schema.org\",\"@graph\":[{\"@type\":\"Article\",\"@id\":\"https:\\\/\\\/eurecat.org\\\/es\\\/expertos-en-inteligencia-artificial-analizaran-en-barcelona-su-impacto-en-retos-sociales-y-empresariales\\\/#article\",\"isPartOf\":{\"@id\":\"https:\\\/\\\/eurecat.org\\\/es\\\/expertos-en-inteligencia-artificial-analizaran-en-barcelona-su-impacto-en-retos-sociales-y-empresariales\\\/\"},\"author\":{\"name\":\"EurecatEG\",\"@id\":\"https:\\\/\\\/eurecat.org\\\/es\\\/#\\\/schema\\\/person\\\/def9217eded50ee57a9dc4cf0c883f80\"},\"headline\":\"Expertos en Inteligencia Artificial analizar\u00e1n en Barcelona su impacto en retos sociales y empresariales\",\"datePublished\":\"2022-10-18T13:41:58+00:00\",\"dateModified\":\"2022-10-18T13:43:45+00:00\",\"mainEntityOfPage\":{\"@id\":\"https:\\\/\\\/eurecat.org\\\/es\\\/expertos-en-inteligencia-artificial-analizaran-en-barcelona-su-impacto-en-retos-sociales-y-empresariales\\\/\"},\"wordCount\":1169,\"commentCount\":0,\"image\":{\"@id\":\"https:\\\/\\\/eurecat.org\\\/es\\\/expertos-en-inteligencia-artificial-analizaran-en-barcelona-su-impacto-en-retos-sociales-y-empresariales\\\/#primaryimage\"},\"thumbnailUrl\":\"https:\\\/\\\/eurecat.org\\\/wp-content\\\/uploads\\\/2022\\\/10\\\/AIBIGDATA090_800px.jpg\",\"articleSection\":[\"Data Science &amp; Big Data Analytics\",\"Notas de prensa\",\"Tic\"],\"inLanguage\":\"es\",\"potentialAction\":[{\"@type\":\"CommentAction\",\"name\":\"Comment\",\"target\":[\"https:\\\/\\\/eurecat.org\\\/es\\\/expertos-en-inteligencia-artificial-analizaran-en-barcelona-su-impacto-en-retos-sociales-y-empresariales\\\/#respond\"]}]},{\"@type\":\"WebPage\",\"@id\":\"https:\\\/\\\/eurecat.org\\\/es\\\/expertos-en-inteligencia-artificial-analizaran-en-barcelona-su-impacto-en-retos-sociales-y-empresariales\\\/\",\"url\":\"https:\\\/\\\/eurecat.org\\\/es\\\/expertos-en-inteligencia-artificial-analizaran-en-barcelona-su-impacto-en-retos-sociales-y-empresariales\\\/\",\"name\":\"Expertos en Inteligencia Artificial analizar\u00e1n en Barcelona su impacto en retos sociales y empresariales - Eurecat\",\"isPartOf\":{\"@id\":\"https:\\\/\\\/eurecat.org\\\/es\\\/#website\"},\"primaryImageOfPage\":{\"@id\":\"https:\\\/\\\/eurecat.org\\\/es\\\/expertos-en-inteligencia-artificial-analizaran-en-barcelona-su-impacto-en-retos-sociales-y-empresariales\\\/#primaryimage\"},\"image\":{\"@id\":\"https:\\\/\\\/eurecat.org\\\/es\\\/expertos-en-inteligencia-artificial-analizaran-en-barcelona-su-impacto-en-retos-sociales-y-empresariales\\\/#primaryimage\"},\"thumbnailUrl\":\"https:\\\/\\\/eurecat.org\\\/wp-content\\\/uploads\\\/2022\\\/10\\\/AIBIGDATA090_800px.jpg\",\"datePublished\":\"2022-10-18T13:41:58+00:00\",\"dateModified\":\"2022-10-18T13:43:45+00:00\",\"author\":{\"@id\":\"https:\\\/\\\/eurecat.org\\\/es\\\/#\\\/schema\\\/person\\\/def9217eded50ee57a9dc4cf0c883f80\"},\"breadcrumb\":{\"@id\":\"https:\\\/\\\/eurecat.org\\\/es\\\/expertos-en-inteligencia-artificial-analizaran-en-barcelona-su-impacto-en-retos-sociales-y-empresariales\\\/#breadcrumb\"},\"inLanguage\":\"es\",\"potentialAction\":[{\"@type\":\"ReadAction\",\"target\":[\"https:\\\/\\\/eurecat.org\\\/es\\\/expertos-en-inteligencia-artificial-analizaran-en-barcelona-su-impacto-en-retos-sociales-y-empresariales\\\/\"]}]},{\"@type\":\"ImageObject\",\"inLanguage\":\"es\",\"@id\":\"https:\\\/\\\/eurecat.org\\\/es\\\/expertos-en-inteligencia-artificial-analizaran-en-barcelona-su-impacto-en-retos-sociales-y-empresariales\\\/#primaryimage\",\"url\":\"https:\\\/\\\/eurecat.org\\\/wp-content\\\/uploads\\\/2022\\\/10\\\/AIBIGDATA090_800px.jpg\",\"contentUrl\":\"https:\\\/\\\/eurecat.org\\\/wp-content\\\/uploads\\\/2022\\\/10\\\/AIBIGDATA090_800px.jpg\",\"width\":800,\"height\":533},{\"@type\":\"BreadcrumbList\",\"@id\":\"https:\\\/\\\/eurecat.org\\\/es\\\/expertos-en-inteligencia-artificial-analizaran-en-barcelona-su-impacto-en-retos-sociales-y-empresariales\\\/#breadcrumb\",\"itemListElement\":[{\"@type\":\"ListItem\",\"position\":1,\"name\":\"Inici\",\"item\":\"https:\\\/\\\/eurecat.org\\\/es\\\/\"},{\"@type\":\"ListItem\",\"position\":2,\"name\":\"Expertos en Inteligencia Artificial analizar\u00e1n en Barcelona su impacto en retos sociales y empresariales\"}]},{\"@type\":\"WebSite\",\"@id\":\"https:\\\/\\\/eurecat.org\\\/es\\\/#website\",\"url\":\"https:\\\/\\\/eurecat.org\\\/es\\\/\",\"name\":\"Eurecat\",\"description\":\"Otro sitio realizado con WordPress\",\"potentialAction\":[{\"@type\":\"SearchAction\",\"target\":{\"@type\":\"EntryPoint\",\"urlTemplate\":\"https:\\\/\\\/eurecat.org\\\/es\\\/?s={search_term_string}\"},\"query-input\":{\"@type\":\"PropertyValueSpecification\",\"valueRequired\":true,\"valueName\":\"search_term_string\"}}],\"inLanguage\":\"es\"},{\"@type\":\"Person\",\"@id\":\"https:\\\/\\\/eurecat.org\\\/es\\\/#\\\/schema\\\/person\\\/def9217eded50ee57a9dc4cf0c883f80\",\"name\":\"EurecatEG\",\"image\":{\"@type\":\"ImageObject\",\"inLanguage\":\"es\",\"@id\":\"https:\\\/\\\/secure.gravatar.com\\\/avatar\\\/f40dd9b6ecd3e5c591f3c9b033e495ee0ec9877ba77249fbf268b3889350c824?s=96&d=mm&r=g\",\"url\":\"https:\\\/\\\/secure.gravatar.com\\\/avatar\\\/f40dd9b6ecd3e5c591f3c9b033e495ee0ec9877ba77249fbf268b3889350c824?s=96&d=mm&r=g\",\"contentUrl\":\"https:\\\/\\\/secure.gravatar.com\\\/avatar\\\/f40dd9b6ecd3e5c591f3c9b033e495ee0ec9877ba77249fbf268b3889350c824?s=96&d=mm&r=g\",\"caption\":\"EurecatEG\"}}]}<\/script>\n<!-- \/ Yoast SEO plugin. -->","yoast_head_json":{"title":"Expertos en Inteligencia Artificial analizar\u00e1n en Barcelona su impacto en retos sociales y empresariales - Eurecat","robots":{"index":"index","follow":"follow","max-snippet":"max-snippet:-1","max-image-preview":"max-image-preview:large","max-video-preview":"max-video-preview:-1"},"canonical":"https:\/\/eurecat.org\/es\/expertos-en-inteligencia-artificial-analizaran-en-barcelona-su-impacto-en-retos-sociales-y-empresariales\/","og_locale":"es_ES","og_type":"article","og_title":"Expertos en Inteligencia Artificial analizar\u00e1n en Barcelona su impacto en retos sociales y empresariales - Eurecat","og_url":"https:\/\/eurecat.org\/es\/expertos-en-inteligencia-artificial-analizaran-en-barcelona-su-impacto-en-retos-sociales-y-empresariales\/","og_site_name":"Eurecat","article_published_time":"2022-10-18T13:41:58+00:00","article_modified_time":"2022-10-18T13:43:45+00:00","og_image":[{"width":800,"height":533,"url":"https:\/\/eurecat.org\/wp-content\/uploads\/2022\/10\/AIBIGDATA090_800px.jpg","type":"image\/jpeg"}],"author":"EurecatEG","twitter_card":"summary_large_image","twitter_misc":{"Escrito por":"EurecatEG","Tiempo de lectura":"5 minutos"},"schema":{"@context":"https:\/\/schema.org","@graph":[{"@type":"Article","@id":"https:\/\/eurecat.org\/es\/expertos-en-inteligencia-artificial-analizaran-en-barcelona-su-impacto-en-retos-sociales-y-empresariales\/#article","isPartOf":{"@id":"https:\/\/eurecat.org\/es\/expertos-en-inteligencia-artificial-analizaran-en-barcelona-su-impacto-en-retos-sociales-y-empresariales\/"},"author":{"name":"EurecatEG","@id":"https:\/\/eurecat.org\/es\/#\/schema\/person\/def9217eded50ee57a9dc4cf0c883f80"},"headline":"Expertos en Inteligencia Artificial analizar\u00e1n en Barcelona su impacto en retos sociales y empresariales","datePublished":"2022-10-18T13:41:58+00:00","dateModified":"2022-10-18T13:43:45+00:00","mainEntityOfPage":{"@id":"https:\/\/eurecat.org\/es\/expertos-en-inteligencia-artificial-analizaran-en-barcelona-su-impacto-en-retos-sociales-y-empresariales\/"},"wordCount":1169,"commentCount":0,"image":{"@id":"https:\/\/eurecat.org\/es\/expertos-en-inteligencia-artificial-analizaran-en-barcelona-su-impacto-en-retos-sociales-y-empresariales\/#primaryimage"},"thumbnailUrl":"https:\/\/eurecat.org\/wp-content\/uploads\/2022\/10\/AIBIGDATA090_800px.jpg","articleSection":["Data Science &amp; Big Data Analytics","Notas de prensa","Tic"],"inLanguage":"es","potentialAction":[{"@type":"CommentAction","name":"Comment","target":["https:\/\/eurecat.org\/es\/expertos-en-inteligencia-artificial-analizaran-en-barcelona-su-impacto-en-retos-sociales-y-empresariales\/#respond"]}]},{"@type":"WebPage","@id":"https:\/\/eurecat.org\/es\/expertos-en-inteligencia-artificial-analizaran-en-barcelona-su-impacto-en-retos-sociales-y-empresariales\/","url":"https:\/\/eurecat.org\/es\/expertos-en-inteligencia-artificial-analizaran-en-barcelona-su-impacto-en-retos-sociales-y-empresariales\/","name":"Expertos en Inteligencia Artificial analizar\u00e1n en Barcelona su impacto en retos sociales y empresariales - Eurecat","isPartOf":{"@id":"https:\/\/eurecat.org\/es\/#website"},"primaryImageOfPage":{"@id":"https:\/\/eurecat.org\/es\/expertos-en-inteligencia-artificial-analizaran-en-barcelona-su-impacto-en-retos-sociales-y-empresariales\/#primaryimage"},"image":{"@id":"https:\/\/eurecat.org\/es\/expertos-en-inteligencia-artificial-analizaran-en-barcelona-su-impacto-en-retos-sociales-y-empresariales\/#primaryimage"},"thumbnailUrl":"https:\/\/eurecat.org\/wp-content\/uploads\/2022\/10\/AIBIGDATA090_800px.jpg","datePublished":"2022-10-18T13:41:58+00:00","dateModified":"2022-10-18T13:43:45+00:00","author":{"@id":"https:\/\/eurecat.org\/es\/#\/schema\/person\/def9217eded50ee57a9dc4cf0c883f80"},"breadcrumb":{"@id":"https:\/\/eurecat.org\/es\/expertos-en-inteligencia-artificial-analizaran-en-barcelona-su-impacto-en-retos-sociales-y-empresariales\/#breadcrumb"},"inLanguage":"es","potentialAction":[{"@type":"ReadAction","target":["https:\/\/eurecat.org\/es\/expertos-en-inteligencia-artificial-analizaran-en-barcelona-su-impacto-en-retos-sociales-y-empresariales\/"]}]},{"@type":"ImageObject","inLanguage":"es","@id":"https:\/\/eurecat.org\/es\/expertos-en-inteligencia-artificial-analizaran-en-barcelona-su-impacto-en-retos-sociales-y-empresariales\/#primaryimage","url":"https:\/\/eurecat.org\/wp-content\/uploads\/2022\/10\/AIBIGDATA090_800px.jpg","contentUrl":"https:\/\/eurecat.org\/wp-content\/uploads\/2022\/10\/AIBIGDATA090_800px.jpg","width":800,"height":533},{"@type":"BreadcrumbList","@id":"https:\/\/eurecat.org\/es\/expertos-en-inteligencia-artificial-analizaran-en-barcelona-su-impacto-en-retos-sociales-y-empresariales\/#breadcrumb","itemListElement":[{"@type":"ListItem","position":1,"name":"Inici","item":"https:\/\/eurecat.org\/es\/"},{"@type":"ListItem","position":2,"name":"Expertos en Inteligencia Artificial analizar\u00e1n en Barcelona su impacto en retos sociales y empresariales"}]},{"@type":"WebSite","@id":"https:\/\/eurecat.org\/es\/#website","url":"https:\/\/eurecat.org\/es\/","name":"Eurecat","description":"Otro sitio realizado con WordPress","potentialAction":[{"@type":"SearchAction","target":{"@type":"EntryPoint","urlTemplate":"https:\/\/eurecat.org\/es\/?s={search_term_string}"},"query-input":{"@type":"PropertyValueSpecification","valueRequired":true,"valueName":"search_term_string"}}],"inLanguage":"es"},{"@type":"Person","@id":"https:\/\/eurecat.org\/es\/#\/schema\/person\/def9217eded50ee57a9dc4cf0c883f80","name":"EurecatEG","image":{"@type":"ImageObject","inLanguage":"es","@id":"https:\/\/secure.gravatar.com\/avatar\/f40dd9b6ecd3e5c591f3c9b033e495ee0ec9877ba77249fbf268b3889350c824?s=96&d=mm&r=g","url":"https:\/\/secure.gravatar.com\/avatar\/f40dd9b6ecd3e5c591f3c9b033e495ee0ec9877ba77249fbf268b3889350c824?s=96&d=mm&r=g","contentUrl":"https:\/\/secure.gravatar.com\/avatar\/f40dd9b6ecd3e5c591f3c9b033e495ee0ec9877ba77249fbf268b3889350c824?s=96&d=mm&r=g","caption":"EurecatEG"}}]}},"_links":{"self":[{"href":"https:\/\/eurecat.org\/es\/wp-json\/wp\/v2\/posts\/127399","targetHints":{"allow":["GET"]}}],"collection":[{"href":"https:\/\/eurecat.org\/es\/wp-json\/wp\/v2\/posts"}],"about":[{"href":"https:\/\/eurecat.org\/es\/wp-json\/wp\/v2\/types\/post"}],"author":[{"embeddable":true,"href":"https:\/\/eurecat.org\/es\/wp-json\/wp\/v2\/users\/12"}],"replies":[{"embeddable":true,"href":"https:\/\/eurecat.org\/es\/wp-json\/wp\/v2\/comments?post=127399"}],"version-history":[{"count":1,"href":"https:\/\/eurecat.org\/es\/wp-json\/wp\/v2\/posts\/127399\/revisions"}],"predecessor-version":[{"id":127406,"href":"https:\/\/eurecat.org\/es\/wp-json\/wp\/v2\/posts\/127399\/revisions\/127406"}],"wp:featuredmedia":[{"embeddable":true,"href":"https:\/\/eurecat.org\/es\/wp-json\/wp\/v2\/media\/127403"}],"wp:attachment":[{"href":"https:\/\/eurecat.org\/es\/wp-json\/wp\/v2\/media?parent=127399"}],"wp:term":[{"taxonomy":"category","embeddable":true,"href":"https:\/\/eurecat.org\/es\/wp-json\/wp\/v2\/categories?post=127399"},{"taxonomy":"post_tag","embeddable":true,"href":"https:\/\/eurecat.org\/es\/wp-json\/wp\/v2\/tags?post=127399"}],"curies":[{"name":"wp","href":"https:\/\/api.w.org\/{rel}","templated":true}]}}