{"id":12772,"date":"2016-06-28T08:26:17","date_gmt":"2016-06-28T08:26:17","guid":{"rendered":"http:\/\/eurecat.org\/es\/?p=12772"},"modified":"2016-10-23T16:53:42","modified_gmt":"2016-10-23T16:53:42","slug":"eurecat-amec-pimec-y-aeic-crean-el-centro-de-excelencia-para-la-innovacion-en-la-pyme","status":"publish","type":"post","link":"https:\/\/eurecat.org\/es\/eurecat-amec-pimec-y-aeic-crean-el-centro-de-excelencia-para-la-innovacion-en-la-pyme\/","title":{"rendered":"Eurecat, AMEC, PIMEC y AEIC crean el Centro de Excelencia para la Innovaci\u00f3n en la Pyme"},"content":{"rendered":"<blockquote><p>\u201cM\u00e9s PIME\u201d cofinanciar\u00e1 hasta un 50 por ciento de proyectos de innovaci\u00f3n a pymes de todos los sectores.<\/p><\/blockquote>\n<p><strong>Barcelona, 28 de junio de 2016.- <\/strong>El centro tecnol\u00f3gico <strong><span style=\"color: #800080;\"><a style=\"color: #800080;\" href=\"https:\/\/eurecat.org\">Eurecat<\/a><\/span><\/strong>, las organizaciones empresariales <strong><span style=\"color: #800080;\"><a style=\"color: #800080;\" href=\"http:\/\/www.amec.es\/\">AMEC<\/a><\/span><\/strong>-Asociaci\u00f3n de las Empresas Industriales Internacionalizadas y <strong><span style=\"color: #800080;\"><a style=\"color: #800080;\" href=\"http:\/\/www.pimec.org\/\">PIMEC<\/a><\/span><\/strong> y la <strong><span style=\"color: #800080;\"><a style=\"color: #800080;\" href=\"http:\/\/www.eic.cat\/\">AEIC<\/a><\/span><\/strong>-Asociaci\u00f3n de Ingenieros Industriales de Catalu\u00f1a han presentado hoy \u00abM\u00e9s PIME\u00bb, el <a href=\"https:\/\/eurecat.org\/mespime\">Centro de Excelencia para la Innovaci\u00f3n en la Pyme<\/a>, para ayudar a la peque\u00f1a y mediana empresa catalana a iniciar procesos de innovaci\u00f3n que la hagan m\u00e1s competitiva, generadora de empleo de calidad y creadora de riqueza para el conjunto de la sociedad.<\/p>\n<p>\u00abM\u00e9s PIME\u00bb ofrecer\u00e1 metodolog\u00eda para garantizar el \u00e9xito de la innovaci\u00f3n, acompa\u00f1amiento a la empresa durante todo el proceso, soluciones integrales con garant\u00eda de industrializaci\u00f3n y formaci\u00f3n para hacer de la innovaci\u00f3n un proceso permanente, as\u00ed como consultor\u00eda tecnol\u00f3gica para acelerar los procesos de innovaci\u00f3n y servicios de I+D+i de alta especializaci\u00f3n en entornos digitales e industriales.<\/p>\n<p>El presidente de Eurecat, <strong>Xavier Torra<\/strong>, ha destacado que el acuerdo con PIMEC, AMEC y AEIC para constituir el Centro de Excelencia para la Innovaci\u00f3n en la Pyme, \u201cpermite llegar a las peque\u00f1as y medianas empresas para transmitirles la necesidad de innovar para ser m\u00e1s competitivas\u201d.<\/p>\n<p>En palabras del secretario general de PIMEC, <strong>Antoni Ca\u00f1ete<\/strong>, \u00abel acuerdo entre Eurecat y PIMEC es estrat\u00e9gico y muy importante, porque permitir\u00e1 a las peque\u00f1as empresas integrar la innovaci\u00f3n tecnol\u00f3gica en sus procesos\u00bb. En este sentido, el proyecto permite acercar las herramientas que facilitan la innovaci\u00f3n tecnol\u00f3gica en las pymes, hasta ahora dise\u00f1adas para la gran empresa\u00bb.<\/p>\n<p>\u00abLa internacionalizaci\u00f3n de las empresas est\u00e1 estrechamente relacionada con su capacidad de innovaci\u00f3n. Innovar permite aumentar la competitividad y explotar elementos diferenciadores en un mundo globalizado. Desde AMEC estamos convencidos de que \u00abM\u00e9s PIME\u00bb pone a disposici\u00f3n de la industria catalana el instrumento necesario para potenciar y dinamizar la innovaci\u00f3n\u00bb, ha manifestado el presidente de AMEC, <strong>Manel Xifra<\/strong>.<\/p>\n<p>Seg\u00fan ha subrayado el presidente de AEIC, <strong>Jordi Renom<\/strong>, \u00abacompa\u00f1ar a las pymes en este proceso es una apuesta para conseguir que nuestras empresas sean m\u00e1s competitivas. Aplicar las nuevas tecnolog\u00edas en el \u00e1mbito industrial favorece la innovaci\u00f3n y la industrializaci\u00f3n de las peque\u00f1as y medianas empresas de Catalu\u00f1a\u201d.<\/p>\n<p>En concreto, como punto de partida, \u00abM\u00e9s PIME\u00bb ofrece a las peque\u00f1as y medianas empresas la realizaci\u00f3n de 100 diagnosis tecnol\u00f3gicas con cofinanciaci\u00f3n del 50 por ciento. El coste de estas diagnosis para la empresa ser\u00e1 de 1.500 euros, cantidad que ser\u00e1 deducible del coste de los futuros proyectos de innovaci\u00f3n llevados a cabo.<\/p>\n<blockquote><p>De aqu\u00ed a finales de a\u00f1o realizar\u00e1 100 diagnosis tecnol\u00f3gicas con cofinanciaci\u00f3n del 50 por ciento.<\/p><\/blockquote>\n<p>El objetivo es que estos diagn\u00f3sticos se traduzcan en proyectos de innovaci\u00f3n. A este respecto, \u00abM\u00e9s PIME\u00bb cofinanciar\u00e1 hasta un 50 por ciento de los 50 primeros proyectos de innovaci\u00f3n, con una aportaci\u00f3n m\u00e1xima de 35.000 euros por proyecto y empresa.<\/p>\n<p>En paralelo, el Centro de Excelencia para la Innovaci\u00f3n en la Pyme ofrecer\u00e1 formaci\u00f3n gratuita a las pymes para capacitar a profesionales de su equipo para que puedan funcionar como gestores de la innovaci\u00f3n, con el fin de hacer posible un proceso de innovaci\u00f3n constante en la empresa.<\/p>\n<p>La diagnosis tecnol\u00f3gica estar\u00e1 orientada a la definici\u00f3n de un plan de acci\u00f3n que permita a la pyme mejorar su posici\u00f3n competitiva, a partir del an\u00e1lisis del entorno competitivo de la empresa, la identificaci\u00f3n de sus competencias y capacidades tecnol\u00f3gicas, la identificaci\u00f3n de mercados potenciales para la diversificaci\u00f3n de su actividad y el apoyo en la definici\u00f3n de la estrategia tecnol\u00f3gica de la empresa.<\/p>\n<p><strong>50 proyectos de I+D+i<\/strong><\/p>\n<p>Una vez realizada la diagnosis, y en funci\u00f3n del plan de acci\u00f3n definido, se realizar\u00e1 un proyecto de I+D+i que, asesorado por Eurecat, dar\u00e1 garant\u00edas en el proceso de innovaci\u00f3n. Este proyecto de I+D+i contemplar\u00e1 el estado del arte de las tecnolog\u00edas y retos tecnol\u00f3gicos, calendario, presupuesto, recomendaci\u00f3n de socios para desarrollar el proyecto y f\u00f3rmulas de financiaci\u00f3n.<\/p>\n<p><strong>Gestores de la innovaci\u00f3n<\/strong><\/p>\n<p>\u00abM\u00e9s PIME\u00bb ofrecer\u00e1 tambi\u00e9n formaci\u00f3n a las pymes para identificar y capacitar profesionales que puedan desarrollar la funci\u00f3n de responsable del proceso de innovaci\u00f3n. La finalidad es que estos profesionales puedan asumir la gesti\u00f3n de la cartera de proyectos de innovaci\u00f3n, monitorizar el proceso de innovaci\u00f3n y ser la persona de enlace con el Centro de Excelencia para la Innovaci\u00f3n en la Pyme.<\/p>\n<blockquote><p>Dar\u00e1 formaci\u00f3n gratuita para que las empresas puedan contar con la figura de los gestores de la innovaci\u00f3n a fin de favorecer una cultura de la innovaci\u00f3n permanente en la empresa.<\/p><\/blockquote>\n<p><strong>Las pymes aportan el 61,2 por ciento de la creaci\u00f3n de la riqueza en Catalu\u00f1a<\/strong><\/p>\n<p>De acuerdo con los datos recogidos en el \u00abAnuario de la Pyme Catalana 2015\u201d, las peque\u00f1as y medianas empresas representan el 99,8 por ciento de las empresas catalanas, el 70 por ciento del empleo y el 61,2 por ciento de la creaci\u00f3n de la riqueza en Catalu\u00f1a.<\/p>\n<p><strong>\u00a0<\/strong><\/p>\n<p><strong>Sobre Eurecat<\/strong><\/p>\n<p>Eurecat, Centro Tecnol\u00f3gico de Catalu\u00f1a (miembro de TECNIO), aglutina la experiencia de m\u00e1s de <strong>450 profesionales<\/strong> que generan un volumen de ingresos de <strong>45 millones de euros anuales<\/strong> y presta servicio a m\u00e1s de <strong>1.000 empresas<\/strong>. <strong>I+D aplicado<\/strong>, <strong>servicios tecnol\u00f3gicos<\/strong>, <strong>formaci\u00f3n de alta especializaci\u00f3n<\/strong>, <strong>consultor\u00eda tecnol\u00f3gica<\/strong> y <strong>eventos profesionales<\/strong> son algunos de los servicios que Eurecat ofrece tanto para grandes como para peque\u00f1as y medianas empresas de todos los sectores. Con instalaciones en Barcelona, Canet de Mar, Cerdanyola del Vall\u00e8s, Girona, Lleida, Manresa, Matar\u00f3, Reus y Amposta y con una sede en Brasil, participa a <strong>160 grandes proyectos consorciados de I+D+i<\/strong> nacionales e internacionales de alto valor estrat\u00e9gico y cuenta con <strong>73 patentes<\/strong> y <strong>7 spin-off<\/strong>. El valor a\u00f1adido que aporta Eurecat <strong>acelera la innovaci\u00f3n<\/strong>, <strong>disminuye el gasto en infraestructuras<\/strong> cient\u00edficas y tecnol\u00f3gicas, <strong>reduce los riesgos <\/strong>y proporciona <strong>conocimiento especializado <\/strong>a medida de cada empresa. <strong>M\u00e1s informaci\u00f3n en <\/strong><a href=\"http:\/\/www.eurecat.org\"><strong>www.eurecat.org<\/strong><\/a><\/p>\n<p><strong>\u00a0<\/strong><\/p>\n<p><strong>Sobre Amec<\/strong><\/p>\n<p><strong>amec,<\/strong> la asociaci\u00f3n de las empresas industriales internacionalizadas, trabaja con el objetivo de garantizar un <strong>entorno favorable<\/strong> para el desarrollo de actuaciones que faciliten la <strong>internacionalizaci\u00f3n<\/strong> de las empresas. Con esta finalidad fomenta, mediante <strong>Servicios y Actividades<\/strong>, la i<strong>nternacionalizaci<\/strong>\u00f3n de las empresas en todas sus fases y promueve <strong>el incremento y mejora de la innovaci\u00f3n<\/strong> de las empresas para ser m\u00e1s competitivas en los mercados internacionales. Agrupa las <strong>mejores empresas industriales con visi\u00f3n internacional<\/strong> y constituye un <strong>punto de encuentro <\/strong>e intercambio de experiencias empresariales, aprendizaje y conocimiento, a trav\u00e9s del <strong>networking sistematizado<\/strong>.<\/p>\n<p>&nbsp;<\/p>\n<p><strong>Sobre PIMEC<\/strong><\/p>\n<p>PIMEC es la confederaci\u00f3n <strong>patronal m\u00e1s representativa y defensa los intereses de las pymes y de los aut\u00f3nomos de Catalu\u00f1a<\/strong>. Participa en m\u00e1s de 300 mesas y comisiones de trabajo con las administraciones p\u00fablicas y los otros agentes sociales, adem\u00e1s de opinar de manera regular sobre iniciativas legislativas y pol\u00edticas p\u00fablicas y hacer propuestas para defender y representar los intereses de las pymes y aut\u00f3nomos. La entidad tambi\u00e9n <strong>acompa\u00f1a y asesora a las pymes en sus procesos de cambio y mejora continua para ayudarlas a crecer y hacerlas m\u00e1s competitivas<\/strong>. PIMEC apuesta decididamente por la innovaci\u00f3n a trav\u00e9s de PIMEC2020, el Think &amp; Do Tank de PIMEC para la estrategia y la competitividad de la pyme.<\/p>\n<p>&nbsp;<\/p>\n<p><strong>Sobre la Asociaci\u00f3n de Ingenieros Industriales de Catalu\u00f1a<\/strong><\/p>\n<p>La Asociaci\u00f3n de Ingenieros Industriales de Catalu\u00f1a fue fundada el 8 de junio de 1863 con el objetivo de <strong>fomentar el desarrollo de la ingenier\u00eda industrial en Catalu\u00f1a, <\/strong>de<strong> defender los derechos de los profesionales <\/strong>y de<strong> reivindicar las competencias que corresponden a los ingenieros<\/strong>, y siempre con una clara voluntad de servicio a los ingenieros industriales ya la sociedad. La AEIC trabaja para organizar servicios y actividades que contribuyen al desarrollo profesional y humano de sus socios, y para cooperar con la industria y con la Administraci\u00f3n. Entre sus prioridades est\u00e1 establecer relaciones con entidades t\u00e9cnicas, cient\u00edficas o culturales, entre otros; desarrollar tareas formativas mediante el establecimiento de acuerdos de coordinaci\u00f3n y de colaboraci\u00f3n con las universidades polit\u00e9cnicas y con otros centros docentes y culturales; informar sobre los aspectos industriales, econ\u00f3micos, t\u00e9cnicos y cient\u00edficos que son de inter\u00e9s para la profesi\u00f3n; y asesorar a los poderes p\u00fablicos siempre que es requerida para esta funci\u00f3n. Con estos prop\u00f3sitos y con la evoluci\u00f3n de su colectivo ha adaptado sus instituciones a los nuevos tiempos. Por este motivo han desplegado una amplia oferta de servicios que ayudan a los profesionales en el entorno en que se desarrollan, sea en el \u00e1mbito laboral, familiar y\/o social.<\/p>\n<p>&nbsp;<\/p>\n<p><strong><em>M\u00e1s informaci\u00f3n:<\/em><\/strong><\/p>\n<p><strong><em><br \/>\n<\/em><\/strong><strong>Montse Mascar\u00f3<br \/>\nPrensa | Direcci\u00f3n de Comunicaci\u00f3n Corporativa <\/strong><strong>Eurecat<\/strong><\/p>\n<p><strong>Tel. (+34) 932 381 400 | M\u00f3vil: (+34) 630 425 169<br \/>\nC\/e: premsa@eurecat.org | <\/strong><a href=\"http:\/\/www.eurecat.org\">www.eurecat.org<\/a><\/p>\n<p><img decoding=\"async\" class=\"aligncenter wp-image-12763 size-large\" src=\"https:\/\/eurecat.org\/wp-content\/uploads\/2016\/06\/logos-PIME-1160x170.jpg\" alt=\"logos +PIME\" width=\"669\" height=\"98\" srcset=\"https:\/\/eurecat.org\/wp-content\/uploads\/2016\/06\/logos-PIME-120x18.jpg 120w, https:\/\/eurecat.org\/wp-content\/uploads\/2016\/06\/logos-PIME-300x44.jpg 300w, https:\/\/eurecat.org\/wp-content\/uploads\/2016\/06\/logos-PIME-500x73.jpg 500w, https:\/\/eurecat.org\/wp-content\/uploads\/2016\/06\/logos-PIME-768x112.jpg 768w, https:\/\/eurecat.org\/wp-content\/uploads\/2016\/06\/logos-PIME-1160x170.jpg 1160w, https:\/\/eurecat.org\/wp-content\/uploads\/2016\/06\/logos-PIME.jpg 1200w\" sizes=\"(max-width: 669px) 100vw, 669px\" \/><\/p>\n","protected":false},"excerpt":{"rendered":"<p>\u201cM\u00e9s PIME\u201d cofinanciar\u00e1 hasta un 50 por ciento de proyectos de innovaci\u00f3n a pymes de todos los sectores. Barcelona, 28 de junio de 2016.- El centro tecnol\u00f3gico Eurecat, las organizaciones empresariales AMEC-Asociaci\u00f3n de las Empresas Industriales Internacionalizadas y PIMEC y la AEIC-Asociaci\u00f3n de Ingenieros Industriales de Catalu\u00f1a han presentado hoy \u00abM\u00e9s PIME\u00bb, el Centro de  [&#8230;]<\/p>\n","protected":false},"author":12,"featured_media":12762,"comment_status":"open","ping_status":"closed","sticky":false,"template":"","format":"standard","meta":{"footnotes":""},"categories":[394,134],"tags":[328,331,1403,140,333,330],"class_list":["post-12772","post","type-post","status-publish","format-standard","has-post-thumbnail","hentry","category-consultoria-es","category-notas-de-prensa","tag-pime","tag-aeic","tag-amec-es","tag-eurecat","tag-generalitat-cataluna","tag-pimec"],"yoast_head":"<!-- This site is optimized with the Yoast SEO plugin v27.5 - https:\/\/yoast.com\/product\/yoast-seo-wordpress\/ -->\n<title>Eurecat AMEC PIMEC AEIC crean Centro Excelrncia Innovaci\u00f3n Pime<\/title>\n<meta name=\"description\" content=\"+ PIME ofrecer\u00e1 metodolog\u00eda garantizar \u00e9xito innovaci\u00f3n, acompa\u00f1amiento a la empresa soluciones integrales garantia industrializaci\u00f3n y formaci\u00f3n innovaci\u00f3n\" \/>\n<meta name=\"robots\" content=\"index, follow, max-snippet:-1, max-image-preview:large, max-video-preview:-1\" \/>\n<link rel=\"canonical\" href=\"https:\/\/eurecat.org\/es\/eurecat-amec-pimec-y-aeic-crean-el-centro-de-excelencia-para-la-innovacion-en-la-pyme\/\" \/>\n<meta property=\"og:locale\" content=\"es_ES\" \/>\n<meta property=\"og:type\" content=\"article\" \/>\n<meta property=\"og:title\" content=\"Eurecat AMEC PIMEC AEIC crean Centro Excelrncia Innovaci\u00f3n Pime\" \/>\n<meta property=\"og:description\" content=\"+ PIME ofrecer\u00e1 metodolog\u00eda garantizar \u00e9xito innovaci\u00f3n, acompa\u00f1amiento a la empresa soluciones integrales garantia industrializaci\u00f3n y formaci\u00f3n innovaci\u00f3n\" \/>\n<meta property=\"og:url\" content=\"https:\/\/eurecat.org\/es\/eurecat-amec-pimec-y-aeic-crean-el-centro-de-excelencia-para-la-innovacion-en-la-pyme\/\" \/>\n<meta property=\"og:site_name\" content=\"Eurecat\" \/>\n<meta property=\"article:published_time\" content=\"2016-06-28T08:26:17+00:00\" \/>\n<meta property=\"article:modified_time\" content=\"2016-10-23T16:53:42+00:00\" \/>\n<meta property=\"og:image\" content=\"https:\/\/eurecat.org\/wp-content\/uploads\/2016\/06\/mesPiME05.jpg\" \/>\n\t<meta property=\"og:image:width\" content=\"800\" \/>\n\t<meta property=\"og:image:height\" content=\"450\" \/>\n\t<meta property=\"og:image:type\" content=\"image\/jpeg\" \/>\n<meta name=\"author\" content=\"EurecatEG\" \/>\n<meta name=\"twitter:card\" content=\"summary_large_image\" \/>\n<meta name=\"twitter:label1\" content=\"Escrito por\" \/>\n\t<meta name=\"twitter:data1\" content=\"EurecatEG\" \/>\n\t<meta name=\"twitter:label2\" content=\"Tiempo de lectura\" \/>\n\t<meta name=\"twitter:data2\" content=\"8 minutos\" \/>\n<script type=\"application\/ld+json\" class=\"yoast-schema-graph\">{\"@context\":\"https:\\\/\\\/schema.org\",\"@graph\":[{\"@type\":\"Article\",\"@id\":\"https:\\\/\\\/eurecat.org\\\/es\\\/eurecat-amec-pimec-y-aeic-crean-el-centro-de-excelencia-para-la-innovacion-en-la-pyme\\\/#article\",\"isPartOf\":{\"@id\":\"https:\\\/\\\/eurecat.org\\\/es\\\/eurecat-amec-pimec-y-aeic-crean-el-centro-de-excelencia-para-la-innovacion-en-la-pyme\\\/\"},\"author\":{\"name\":\"EurecatEG\",\"@id\":\"https:\\\/\\\/eurecat.org\\\/es\\\/#\\\/schema\\\/person\\\/def9217eded50ee57a9dc4cf0c883f80\"},\"headline\":\"Eurecat, AMEC, PIMEC y AEIC crean el Centro de Excelencia para la Innovaci\u00f3n en la Pyme\",\"datePublished\":\"2016-06-28T08:26:17+00:00\",\"dateModified\":\"2016-10-23T16:53:42+00:00\",\"mainEntityOfPage\":{\"@id\":\"https:\\\/\\\/eurecat.org\\\/es\\\/eurecat-amec-pimec-y-aeic-crean-el-centro-de-excelencia-para-la-innovacion-en-la-pyme\\\/\"},\"wordCount\":1584,\"commentCount\":0,\"image\":{\"@id\":\"https:\\\/\\\/eurecat.org\\\/es\\\/eurecat-amec-pimec-y-aeic-crean-el-centro-de-excelencia-para-la-innovacion-en-la-pyme\\\/#primaryimage\"},\"thumbnailUrl\":\"https:\\\/\\\/eurecat.org\\\/wp-content\\\/uploads\\\/2016\\\/06\\\/mesPiME05.jpg\",\"keywords\":[\"+PIME\",\"AEIC\",\"AMEC\",\"eurecat\",\"GENERALITAT CATALU\u00d1A\",\"PIMEC\"],\"articleSection\":[\"Consultor\u00eda\",\"Notas de prensa\"],\"inLanguage\":\"es\",\"potentialAction\":[{\"@type\":\"CommentAction\",\"name\":\"Comment\",\"target\":[\"https:\\\/\\\/eurecat.org\\\/es\\\/eurecat-amec-pimec-y-aeic-crean-el-centro-de-excelencia-para-la-innovacion-en-la-pyme\\\/#respond\"]}]},{\"@type\":\"WebPage\",\"@id\":\"https:\\\/\\\/eurecat.org\\\/es\\\/eurecat-amec-pimec-y-aeic-crean-el-centro-de-excelencia-para-la-innovacion-en-la-pyme\\\/\",\"url\":\"https:\\\/\\\/eurecat.org\\\/es\\\/eurecat-amec-pimec-y-aeic-crean-el-centro-de-excelencia-para-la-innovacion-en-la-pyme\\\/\",\"name\":\"Eurecat AMEC PIMEC AEIC crean Centro Excelrncia Innovaci\u00f3n Pime\",\"isPartOf\":{\"@id\":\"https:\\\/\\\/eurecat.org\\\/es\\\/#website\"},\"primaryImageOfPage\":{\"@id\":\"https:\\\/\\\/eurecat.org\\\/es\\\/eurecat-amec-pimec-y-aeic-crean-el-centro-de-excelencia-para-la-innovacion-en-la-pyme\\\/#primaryimage\"},\"image\":{\"@id\":\"https:\\\/\\\/eurecat.org\\\/es\\\/eurecat-amec-pimec-y-aeic-crean-el-centro-de-excelencia-para-la-innovacion-en-la-pyme\\\/#primaryimage\"},\"thumbnailUrl\":\"https:\\\/\\\/eurecat.org\\\/wp-content\\\/uploads\\\/2016\\\/06\\\/mesPiME05.jpg\",\"datePublished\":\"2016-06-28T08:26:17+00:00\",\"dateModified\":\"2016-10-23T16:53:42+00:00\",\"author\":{\"@id\":\"https:\\\/\\\/eurecat.org\\\/es\\\/#\\\/schema\\\/person\\\/def9217eded50ee57a9dc4cf0c883f80\"},\"description\":\"+ PIME ofrecer\u00e1 metodolog\u00eda garantizar \u00e9xito innovaci\u00f3n, acompa\u00f1amiento a la empresa soluciones integrales garantia industrializaci\u00f3n y formaci\u00f3n innovaci\u00f3n\",\"breadcrumb\":{\"@id\":\"https:\\\/\\\/eurecat.org\\\/es\\\/eurecat-amec-pimec-y-aeic-crean-el-centro-de-excelencia-para-la-innovacion-en-la-pyme\\\/#breadcrumb\"},\"inLanguage\":\"es\",\"potentialAction\":[{\"@type\":\"ReadAction\",\"target\":[\"https:\\\/\\\/eurecat.org\\\/es\\\/eurecat-amec-pimec-y-aeic-crean-el-centro-de-excelencia-para-la-innovacion-en-la-pyme\\\/\"]}]},{\"@type\":\"ImageObject\",\"inLanguage\":\"es\",\"@id\":\"https:\\\/\\\/eurecat.org\\\/es\\\/eurecat-amec-pimec-y-aeic-crean-el-centro-de-excelencia-para-la-innovacion-en-la-pyme\\\/#primaryimage\",\"url\":\"https:\\\/\\\/eurecat.org\\\/wp-content\\\/uploads\\\/2016\\\/06\\\/mesPiME05.jpg\",\"contentUrl\":\"https:\\\/\\\/eurecat.org\\\/wp-content\\\/uploads\\\/2016\\\/06\\\/mesPiME05.jpg\",\"width\":800,\"height\":450},{\"@type\":\"BreadcrumbList\",\"@id\":\"https:\\\/\\\/eurecat.org\\\/es\\\/eurecat-amec-pimec-y-aeic-crean-el-centro-de-excelencia-para-la-innovacion-en-la-pyme\\\/#breadcrumb\",\"itemListElement\":[{\"@type\":\"ListItem\",\"position\":1,\"name\":\"Inici\",\"item\":\"https:\\\/\\\/eurecat.org\\\/es\\\/\"},{\"@type\":\"ListItem\",\"position\":2,\"name\":\"Eurecat, AMEC, PIMEC y AEIC crean el Centro de Excelencia para la Innovaci\u00f3n en la Pyme\"}]},{\"@type\":\"WebSite\",\"@id\":\"https:\\\/\\\/eurecat.org\\\/es\\\/#website\",\"url\":\"https:\\\/\\\/eurecat.org\\\/es\\\/\",\"name\":\"Eurecat\",\"description\":\"Otro sitio realizado con WordPress\",\"potentialAction\":[{\"@type\":\"SearchAction\",\"target\":{\"@type\":\"EntryPoint\",\"urlTemplate\":\"https:\\\/\\\/eurecat.org\\\/es\\\/?s={search_term_string}\"},\"query-input\":{\"@type\":\"PropertyValueSpecification\",\"valueRequired\":true,\"valueName\":\"search_term_string\"}}],\"inLanguage\":\"es\"},{\"@type\":\"Person\",\"@id\":\"https:\\\/\\\/eurecat.org\\\/es\\\/#\\\/schema\\\/person\\\/def9217eded50ee57a9dc4cf0c883f80\",\"name\":\"EurecatEG\",\"image\":{\"@type\":\"ImageObject\",\"inLanguage\":\"es\",\"@id\":\"https:\\\/\\\/secure.gravatar.com\\\/avatar\\\/f40dd9b6ecd3e5c591f3c9b033e495ee0ec9877ba77249fbf268b3889350c824?s=96&d=mm&r=g\",\"url\":\"https:\\\/\\\/secure.gravatar.com\\\/avatar\\\/f40dd9b6ecd3e5c591f3c9b033e495ee0ec9877ba77249fbf268b3889350c824?s=96&d=mm&r=g\",\"contentUrl\":\"https:\\\/\\\/secure.gravatar.com\\\/avatar\\\/f40dd9b6ecd3e5c591f3c9b033e495ee0ec9877ba77249fbf268b3889350c824?s=96&d=mm&r=g\",\"caption\":\"EurecatEG\"}}]}<\/script>\n<!-- \/ Yoast SEO plugin. -->","yoast_head_json":{"title":"Eurecat AMEC PIMEC AEIC crean Centro Excelrncia Innovaci\u00f3n Pime","description":"+ PIME ofrecer\u00e1 metodolog\u00eda garantizar \u00e9xito innovaci\u00f3n, acompa\u00f1amiento a la empresa soluciones integrales garantia industrializaci\u00f3n y formaci\u00f3n innovaci\u00f3n","robots":{"index":"index","follow":"follow","max-snippet":"max-snippet:-1","max-image-preview":"max-image-preview:large","max-video-preview":"max-video-preview:-1"},"canonical":"https:\/\/eurecat.org\/es\/eurecat-amec-pimec-y-aeic-crean-el-centro-de-excelencia-para-la-innovacion-en-la-pyme\/","og_locale":"es_ES","og_type":"article","og_title":"Eurecat AMEC PIMEC AEIC crean Centro Excelrncia Innovaci\u00f3n Pime","og_description":"+ PIME ofrecer\u00e1 metodolog\u00eda garantizar \u00e9xito innovaci\u00f3n, acompa\u00f1amiento a la empresa soluciones integrales garantia industrializaci\u00f3n y formaci\u00f3n innovaci\u00f3n","og_url":"https:\/\/eurecat.org\/es\/eurecat-amec-pimec-y-aeic-crean-el-centro-de-excelencia-para-la-innovacion-en-la-pyme\/","og_site_name":"Eurecat","article_published_time":"2016-06-28T08:26:17+00:00","article_modified_time":"2016-10-23T16:53:42+00:00","og_image":[{"width":800,"height":450,"url":"https:\/\/eurecat.org\/wp-content\/uploads\/2016\/06\/mesPiME05.jpg","type":"image\/jpeg"}],"author":"EurecatEG","twitter_card":"summary_large_image","twitter_misc":{"Escrito por":"EurecatEG","Tiempo de lectura":"8 minutos"},"schema":{"@context":"https:\/\/schema.org","@graph":[{"@type":"Article","@id":"https:\/\/eurecat.org\/es\/eurecat-amec-pimec-y-aeic-crean-el-centro-de-excelencia-para-la-innovacion-en-la-pyme\/#article","isPartOf":{"@id":"https:\/\/eurecat.org\/es\/eurecat-amec-pimec-y-aeic-crean-el-centro-de-excelencia-para-la-innovacion-en-la-pyme\/"},"author":{"name":"EurecatEG","@id":"https:\/\/eurecat.org\/es\/#\/schema\/person\/def9217eded50ee57a9dc4cf0c883f80"},"headline":"Eurecat, AMEC, PIMEC y AEIC crean el Centro de Excelencia para la Innovaci\u00f3n en la Pyme","datePublished":"2016-06-28T08:26:17+00:00","dateModified":"2016-10-23T16:53:42+00:00","mainEntityOfPage":{"@id":"https:\/\/eurecat.org\/es\/eurecat-amec-pimec-y-aeic-crean-el-centro-de-excelencia-para-la-innovacion-en-la-pyme\/"},"wordCount":1584,"commentCount":0,"image":{"@id":"https:\/\/eurecat.org\/es\/eurecat-amec-pimec-y-aeic-crean-el-centro-de-excelencia-para-la-innovacion-en-la-pyme\/#primaryimage"},"thumbnailUrl":"https:\/\/eurecat.org\/wp-content\/uploads\/2016\/06\/mesPiME05.jpg","keywords":["+PIME","AEIC","AMEC","eurecat","GENERALITAT CATALU\u00d1A","PIMEC"],"articleSection":["Consultor\u00eda","Notas de prensa"],"inLanguage":"es","potentialAction":[{"@type":"CommentAction","name":"Comment","target":["https:\/\/eurecat.org\/es\/eurecat-amec-pimec-y-aeic-crean-el-centro-de-excelencia-para-la-innovacion-en-la-pyme\/#respond"]}]},{"@type":"WebPage","@id":"https:\/\/eurecat.org\/es\/eurecat-amec-pimec-y-aeic-crean-el-centro-de-excelencia-para-la-innovacion-en-la-pyme\/","url":"https:\/\/eurecat.org\/es\/eurecat-amec-pimec-y-aeic-crean-el-centro-de-excelencia-para-la-innovacion-en-la-pyme\/","name":"Eurecat AMEC PIMEC AEIC crean Centro Excelrncia Innovaci\u00f3n Pime","isPartOf":{"@id":"https:\/\/eurecat.org\/es\/#website"},"primaryImageOfPage":{"@id":"https:\/\/eurecat.org\/es\/eurecat-amec-pimec-y-aeic-crean-el-centro-de-excelencia-para-la-innovacion-en-la-pyme\/#primaryimage"},"image":{"@id":"https:\/\/eurecat.org\/es\/eurecat-amec-pimec-y-aeic-crean-el-centro-de-excelencia-para-la-innovacion-en-la-pyme\/#primaryimage"},"thumbnailUrl":"https:\/\/eurecat.org\/wp-content\/uploads\/2016\/06\/mesPiME05.jpg","datePublished":"2016-06-28T08:26:17+00:00","dateModified":"2016-10-23T16:53:42+00:00","author":{"@id":"https:\/\/eurecat.org\/es\/#\/schema\/person\/def9217eded50ee57a9dc4cf0c883f80"},"description":"+ PIME ofrecer\u00e1 metodolog\u00eda garantizar \u00e9xito innovaci\u00f3n, acompa\u00f1amiento a la empresa soluciones integrales garantia industrializaci\u00f3n y formaci\u00f3n innovaci\u00f3n","breadcrumb":{"@id":"https:\/\/eurecat.org\/es\/eurecat-amec-pimec-y-aeic-crean-el-centro-de-excelencia-para-la-innovacion-en-la-pyme\/#breadcrumb"},"inLanguage":"es","potentialAction":[{"@type":"ReadAction","target":["https:\/\/eurecat.org\/es\/eurecat-amec-pimec-y-aeic-crean-el-centro-de-excelencia-para-la-innovacion-en-la-pyme\/"]}]},{"@type":"ImageObject","inLanguage":"es","@id":"https:\/\/eurecat.org\/es\/eurecat-amec-pimec-y-aeic-crean-el-centro-de-excelencia-para-la-innovacion-en-la-pyme\/#primaryimage","url":"https:\/\/eurecat.org\/wp-content\/uploads\/2016\/06\/mesPiME05.jpg","contentUrl":"https:\/\/eurecat.org\/wp-content\/uploads\/2016\/06\/mesPiME05.jpg","width":800,"height":450},{"@type":"BreadcrumbList","@id":"https:\/\/eurecat.org\/es\/eurecat-amec-pimec-y-aeic-crean-el-centro-de-excelencia-para-la-innovacion-en-la-pyme\/#breadcrumb","itemListElement":[{"@type":"ListItem","position":1,"name":"Inici","item":"https:\/\/eurecat.org\/es\/"},{"@type":"ListItem","position":2,"name":"Eurecat, AMEC, PIMEC y AEIC crean el Centro de Excelencia para la Innovaci\u00f3n en la Pyme"}]},{"@type":"WebSite","@id":"https:\/\/eurecat.org\/es\/#website","url":"https:\/\/eurecat.org\/es\/","name":"Eurecat","description":"Otro sitio realizado con WordPress","potentialAction":[{"@type":"SearchAction","target":{"@type":"EntryPoint","urlTemplate":"https:\/\/eurecat.org\/es\/?s={search_term_string}"},"query-input":{"@type":"PropertyValueSpecification","valueRequired":true,"valueName":"search_term_string"}}],"inLanguage":"es"},{"@type":"Person","@id":"https:\/\/eurecat.org\/es\/#\/schema\/person\/def9217eded50ee57a9dc4cf0c883f80","name":"EurecatEG","image":{"@type":"ImageObject","inLanguage":"es","@id":"https:\/\/secure.gravatar.com\/avatar\/f40dd9b6ecd3e5c591f3c9b033e495ee0ec9877ba77249fbf268b3889350c824?s=96&d=mm&r=g","url":"https:\/\/secure.gravatar.com\/avatar\/f40dd9b6ecd3e5c591f3c9b033e495ee0ec9877ba77249fbf268b3889350c824?s=96&d=mm&r=g","contentUrl":"https:\/\/secure.gravatar.com\/avatar\/f40dd9b6ecd3e5c591f3c9b033e495ee0ec9877ba77249fbf268b3889350c824?s=96&d=mm&r=g","caption":"EurecatEG"}}]}},"_links":{"self":[{"href":"https:\/\/eurecat.org\/es\/wp-json\/wp\/v2\/posts\/12772","targetHints":{"allow":["GET"]}}],"collection":[{"href":"https:\/\/eurecat.org\/es\/wp-json\/wp\/v2\/posts"}],"about":[{"href":"https:\/\/eurecat.org\/es\/wp-json\/wp\/v2\/types\/post"}],"author":[{"embeddable":true,"href":"https:\/\/eurecat.org\/es\/wp-json\/wp\/v2\/users\/12"}],"replies":[{"embeddable":true,"href":"https:\/\/eurecat.org\/es\/wp-json\/wp\/v2\/comments?post=12772"}],"version-history":[{"count":0,"href":"https:\/\/eurecat.org\/es\/wp-json\/wp\/v2\/posts\/12772\/revisions"}],"wp:featuredmedia":[{"embeddable":true,"href":"https:\/\/eurecat.org\/es\/wp-json\/wp\/v2\/media\/12762"}],"wp:attachment":[{"href":"https:\/\/eurecat.org\/es\/wp-json\/wp\/v2\/media?parent=12772"}],"wp:term":[{"taxonomy":"category","embeddable":true,"href":"https:\/\/eurecat.org\/es\/wp-json\/wp\/v2\/categories?post=12772"},{"taxonomy":"post_tag","embeddable":true,"href":"https:\/\/eurecat.org\/es\/wp-json\/wp\/v2\/tags?post=12772"}],"curies":[{"name":"wp","href":"https:\/\/api.w.org\/{rel}","templated":true}]}}