{"id":128479,"date":"2022-11-17T14:05:23","date_gmt":"2022-11-17T13:05:23","guid":{"rendered":"https:\/\/eurecat.org\/?p=128479"},"modified":"2022-11-17T14:43:21","modified_gmt":"2022-11-17T13:43:21","slug":"el-centro-tecnologico-eurecat-crea-la-fundacion-eurecat-latam-enfocada-a-impulsar-la-innovacion-tecnologica-en-latinoamerica","status":"publish","type":"post","link":"https:\/\/eurecat.org\/es\/el-centro-tecnologico-eurecat-crea-la-fundacion-eurecat-latam-enfocada-a-impulsar-la-innovacion-tecnologica-en-latinoamerica\/","title":{"rendered":"El centro tecnol\u00f3gico Eurecat crea la Fundaci\u00f3n Eurecat Latam, enfocada a impulsar la innovaci\u00f3n tecnol\u00f3gica en Latinoam\u00e9rica"},"content":{"rendered":"<div class=\"fusion-fullwidth fullwidth-box fusion-builder-row-1 fusion-flex-container nonhundred-percent-fullwidth non-hundred-percent-height-scrolling\" style=\"--awb-border-radius-top-left:0px;--awb-border-radius-top-right:0px;--awb-border-radius-bottom-right:0px;--awb-border-radius-bottom-left:0px;--awb-flex-wrap:wrap;\" ><div class=\"fusion-builder-row fusion-row fusion-flex-align-items-flex-start fusion-flex-content-wrap\" style=\"max-width:1424.8px;margin-left: calc(-4% \/ 2 );margin-right: calc(-4% \/ 2 );\"><div class=\"fusion-layout-column fusion_builder_column fusion-builder-column-0 fusion_builder_column_1_1 1_1 fusion-flex-column\" style=\"--awb-bg-size:cover;--awb-width-large:100%;--awb-margin-top-large:0px;--awb-spacing-right-large:1.92%;--awb-margin-bottom-large:0px;--awb-spacing-left-large:1.92%;--awb-width-medium:100%;--awb-spacing-right-medium:1.92%;--awb-spacing-left-medium:1.92%;--awb-width-small:100%;--awb-spacing-right-small:1.92%;--awb-spacing-left-small:1.92%;\"><div class=\"fusion-column-wrapper fusion-flex-justify-content-flex-start fusion-content-layout-column\"><div class=\"fusion-text fusion-text-1\"><p>El centro tecnol\u00f3gico <a href=\"http:\/\/eurecat.org\/es\/\">Eurecat<\/a> ha anunciado hoy la puesta en marcha de la Fundaci\u00f3n Eurecat Latam, cuyo objetivo es el impulso de la innovaci\u00f3n tecnol\u00f3gica en el tejido econ\u00f3mico y empresarial de Latinoam\u00e9rica, con especial atenci\u00f3n a los pa\u00edses de la Alianza Pac\u00edfico, integrada por M\u00e9xico, Colombia, Per\u00fa y Chile, as\u00ed como a El Salvador, entre otros estados.<\/p>\n<p>El presidente de Eurecat, Xavier Torra, ha hecho p\u00fablica la creaci\u00f3n de la Fundaci\u00f3n Eurecat Latam durante la jornada \u201cDesaf\u00edos para un Chile Circular 2030\u201d, que ha tenido lugar en Santiago de Chile, a fin de abordar la aceleraci\u00f3n de los procesos de innovaci\u00f3n en las \u00e1reas digital, industrial, biotecnol\u00f3gica y de la sostenibilidad.<\/p>\n<p>La constituci\u00f3n de la Fundaci\u00f3n Eurecat Latam reforzar\u00e1 la colaboraci\u00f3n que Eurecat mantiene desde hace a\u00f1os con las empresas e instituciones en Latinoam\u00e9rica en materia de transferencia tecnol\u00f3gica, en la promoci\u00f3n de negocios y en el desarrollo de proyectos de innovaci\u00f3n en \u00e1mbitos como la alimentaci\u00f3n, ciudades inteligentes, medio ambiente, eficiencia energ\u00e9tica, educaci\u00f3n, turismo y log\u00edstica, para fomentar la competitividad de las empresas y el bienestar de la sociedad.<\/p>\n<p>Eurecat Latam cuenta con un Directorio y un Consejo Asesor conformado por actores destacados del ecosistema de ciencia, tecnolog\u00eda, conocimiento e innovaci\u00f3n, los cuales representan a empresas y entidades como Codelco, Platech, Domolif, ASIVA, el Centro de Biotecnolog\u00eda de Sistemas de la Universidad Andr\u00e9s Bello, Hubtec, Hubapta, WomenBoardup y Se Santiago.<\/p>\n<p>Entre otros objetivos, la Fundaci\u00f3n Eurecat Latam \u201ctrabajar\u00e1 para que las empresas puedan avanzar hacia el futuro con m\u00e1s potencia que nunca en aspectos clave, como son la digitalizaci\u00f3n, la implantaci\u00f3n de la industria 4.0 y la econom\u00eda circular\u201d, ha expuesto el presidente de Eurecat, Xavier Torra, para quien este planteamiento \u201csit\u00faa la tecnolog\u00eda como palanca indispensable para la innovaci\u00f3n y su traducci\u00f3n en nuevos productos, servicios o procesos con alto impacto\u201d.<\/p>\n<p>Eurecat ha venido operando en Chile con una sede permanente desde marzo del 2020 y ahora, con la creaci\u00f3n de la Fundaci\u00f3n Eurecat Latam, refuerza todav\u00eda m\u00e1s su compromiso con el ecosistema de innovaci\u00f3n del conjunto de Latinoam\u00e9rica. Carmen Gloria Due\u00f1as, hasta el momento country manager de Eurecat Chile, asumir\u00e1 la direcci\u00f3n ejecutiva de la nueva entidad.<\/p>\n<p>En palabras del director general Corporativo y de Operaciones de Eurecat, Xavier L\u00f3pez, miembro del Directorio de la Fundaci\u00f3n Eurecat Latam, la colaboraci\u00f3n de Eurecat con empresas e instituciones latinoamericanas ha permitido \u201cofrecer valor tecnol\u00f3gico y generar nuevas oportunidades mediante innovaciones que est\u00e1n demostrando un gran impacto en la competitividad empresarial, ante el cambio de paradigma que introducen la digitalizaci\u00f3n y la sostenibilidad\u201d.<\/p>\n<p><strong>Eurecat, innovaci\u00f3n tecnol\u00f3gica puntera<\/strong><\/p>\n<p>De acuerdo con la directora de Internacionalizaci\u00f3n de Eurecat, Carme Margel\u00ed, la Fundaci\u00f3n Eurecat Latam \u201ctrabajar\u00e1 estrechamente con el ecosistema de innovaci\u00f3n, a fin de que pueda conocer y nutrirse de experiencias pioneras llevadas a cabo por el tejido emprendedor e innovador europeo y latinoamericano, desde el \u00e1ngulo empresarial, industrial y gubernamental, con especial atenci\u00f3n a la Alianza Pac\u00edfico y a pa\u00edses como El Salvador, con los que ya colabora en proyectos altamente estrat\u00e9gicos\u201d.<\/p>\n<p>Seg\u00fan ha apuntado la directora Ejecutiva de Eurecat Latam, Carmen Gloria Due\u00f1as, \u201cEurecat trabaja para transferir su experiencia a las empresas de todos los sectores y dimensiones, a fin de facilitar el impulso de proyectos punteros, sostenibles y altamente avanzados\u201d.<\/p>\n<\/div><\/div><\/div><\/div><\/div>\n","protected":false},"excerpt":{"rendered":"","protected":false},"author":12,"featured_media":128482,"comment_status":"open","ping_status":"closed","sticky":false,"template":"","format":"standard","meta":{"footnotes":""},"categories":[682,2404,134],"tags":[],"class_list":["post-128479","post","type-post","status-publish","format-standard","has-post-thumbnail","hentry","category-corporatiu-es","category-internacional-es","category-notas-de-prensa"],"yoast_head":"<!-- This site is optimized with the Yoast SEO plugin v27.4 - https:\/\/yoast.com\/product\/yoast-seo-wordpress\/ -->\n<title>El centro tecnol\u00f3gico Eurecat crea la Fundaci\u00f3n Eurecat Latam, enfocada a impulsar la innovaci\u00f3n tecnol\u00f3gica en Latinoam\u00e9rica - Eurecat<\/title>\n<meta name=\"robots\" content=\"index, follow, max-snippet:-1, max-image-preview:large, max-video-preview:-1\" \/>\n<link rel=\"canonical\" href=\"https:\/\/eurecat.org\/es\/el-centro-tecnologico-eurecat-crea-la-fundacion-eurecat-latam-enfocada-a-impulsar-la-innovacion-tecnologica-en-latinoamerica\/\" \/>\n<meta property=\"og:locale\" content=\"es_ES\" \/>\n<meta property=\"og:type\" content=\"article\" \/>\n<meta property=\"og:title\" content=\"El centro tecnol\u00f3gico Eurecat crea la Fundaci\u00f3n Eurecat Latam, enfocada a impulsar la innovaci\u00f3n tecnol\u00f3gica en Latinoam\u00e9rica - Eurecat\" \/>\n<meta property=\"og:url\" content=\"https:\/\/eurecat.org\/es\/el-centro-tecnologico-eurecat-crea-la-fundacion-eurecat-latam-enfocada-a-impulsar-la-innovacion-tecnologica-en-latinoamerica\/\" \/>\n<meta property=\"og:site_name\" content=\"Eurecat\" \/>\n<meta property=\"article:published_time\" content=\"2022-11-17T13:05:23+00:00\" \/>\n<meta property=\"article:modified_time\" content=\"2022-11-17T13:43:21+00:00\" \/>\n<meta property=\"og:image\" content=\"https:\/\/eurecat.org\/wp-content\/uploads\/2022\/11\/Eurecat_Latam.jpg\" \/>\n\t<meta property=\"og:image:width\" content=\"720\" \/>\n\t<meta property=\"og:image:height\" content=\"540\" \/>\n\t<meta property=\"og:image:type\" content=\"image\/jpeg\" \/>\n<meta name=\"author\" content=\"EurecatEG\" \/>\n<meta name=\"twitter:card\" content=\"summary_large_image\" \/>\n<meta name=\"twitter:label1\" content=\"Escrito por\" \/>\n\t<meta name=\"twitter:data1\" content=\"EurecatEG\" \/>\n\t<meta name=\"twitter:label2\" content=\"Tiempo de lectura\" \/>\n\t<meta name=\"twitter:data2\" content=\"4 minutos\" \/>\n<script type=\"application\/ld+json\" class=\"yoast-schema-graph\">{\"@context\":\"https:\\\/\\\/schema.org\",\"@graph\":[{\"@type\":\"Article\",\"@id\":\"https:\\\/\\\/eurecat.org\\\/es\\\/el-centro-tecnologico-eurecat-crea-la-fundacion-eurecat-latam-enfocada-a-impulsar-la-innovacion-tecnologica-en-latinoamerica\\\/#article\",\"isPartOf\":{\"@id\":\"https:\\\/\\\/eurecat.org\\\/es\\\/el-centro-tecnologico-eurecat-crea-la-fundacion-eurecat-latam-enfocada-a-impulsar-la-innovacion-tecnologica-en-latinoamerica\\\/\"},\"author\":{\"name\":\"EurecatEG\",\"@id\":\"https:\\\/\\\/eurecat.org\\\/es\\\/#\\\/schema\\\/person\\\/def9217eded50ee57a9dc4cf0c883f80\"},\"headline\":\"El centro tecnol\u00f3gico Eurecat crea la Fundaci\u00f3n Eurecat Latam, enfocada a impulsar la innovaci\u00f3n tecnol\u00f3gica en Latinoam\u00e9rica\",\"datePublished\":\"2022-11-17T13:05:23+00:00\",\"dateModified\":\"2022-11-17T13:43:21+00:00\",\"mainEntityOfPage\":{\"@id\":\"https:\\\/\\\/eurecat.org\\\/es\\\/el-centro-tecnologico-eurecat-crea-la-fundacion-eurecat-latam-enfocada-a-impulsar-la-innovacion-tecnologica-en-latinoamerica\\\/\"},\"wordCount\":872,\"commentCount\":0,\"image\":{\"@id\":\"https:\\\/\\\/eurecat.org\\\/es\\\/el-centro-tecnologico-eurecat-crea-la-fundacion-eurecat-latam-enfocada-a-impulsar-la-innovacion-tecnologica-en-latinoamerica\\\/#primaryimage\"},\"thumbnailUrl\":\"https:\\\/\\\/eurecat.org\\\/wp-content\\\/uploads\\\/2022\\\/11\\\/Eurecat_Latam.jpg\",\"articleSection\":[\"Corporativo\",\"Internacional\",\"Notas de prensa\"],\"inLanguage\":\"es\",\"potentialAction\":[{\"@type\":\"CommentAction\",\"name\":\"Comment\",\"target\":[\"https:\\\/\\\/eurecat.org\\\/es\\\/el-centro-tecnologico-eurecat-crea-la-fundacion-eurecat-latam-enfocada-a-impulsar-la-innovacion-tecnologica-en-latinoamerica\\\/#respond\"]}]},{\"@type\":\"WebPage\",\"@id\":\"https:\\\/\\\/eurecat.org\\\/es\\\/el-centro-tecnologico-eurecat-crea-la-fundacion-eurecat-latam-enfocada-a-impulsar-la-innovacion-tecnologica-en-latinoamerica\\\/\",\"url\":\"https:\\\/\\\/eurecat.org\\\/es\\\/el-centro-tecnologico-eurecat-crea-la-fundacion-eurecat-latam-enfocada-a-impulsar-la-innovacion-tecnologica-en-latinoamerica\\\/\",\"name\":\"El centro tecnol\u00f3gico Eurecat crea la Fundaci\u00f3n Eurecat Latam, enfocada a impulsar la innovaci\u00f3n tecnol\u00f3gica en Latinoam\u00e9rica - Eurecat\",\"isPartOf\":{\"@id\":\"https:\\\/\\\/eurecat.org\\\/es\\\/#website\"},\"primaryImageOfPage\":{\"@id\":\"https:\\\/\\\/eurecat.org\\\/es\\\/el-centro-tecnologico-eurecat-crea-la-fundacion-eurecat-latam-enfocada-a-impulsar-la-innovacion-tecnologica-en-latinoamerica\\\/#primaryimage\"},\"image\":{\"@id\":\"https:\\\/\\\/eurecat.org\\\/es\\\/el-centro-tecnologico-eurecat-crea-la-fundacion-eurecat-latam-enfocada-a-impulsar-la-innovacion-tecnologica-en-latinoamerica\\\/#primaryimage\"},\"thumbnailUrl\":\"https:\\\/\\\/eurecat.org\\\/wp-content\\\/uploads\\\/2022\\\/11\\\/Eurecat_Latam.jpg\",\"datePublished\":\"2022-11-17T13:05:23+00:00\",\"dateModified\":\"2022-11-17T13:43:21+00:00\",\"author\":{\"@id\":\"https:\\\/\\\/eurecat.org\\\/es\\\/#\\\/schema\\\/person\\\/def9217eded50ee57a9dc4cf0c883f80\"},\"breadcrumb\":{\"@id\":\"https:\\\/\\\/eurecat.org\\\/es\\\/el-centro-tecnologico-eurecat-crea-la-fundacion-eurecat-latam-enfocada-a-impulsar-la-innovacion-tecnologica-en-latinoamerica\\\/#breadcrumb\"},\"inLanguage\":\"es\",\"potentialAction\":[{\"@type\":\"ReadAction\",\"target\":[\"https:\\\/\\\/eurecat.org\\\/es\\\/el-centro-tecnologico-eurecat-crea-la-fundacion-eurecat-latam-enfocada-a-impulsar-la-innovacion-tecnologica-en-latinoamerica\\\/\"]}]},{\"@type\":\"ImageObject\",\"inLanguage\":\"es\",\"@id\":\"https:\\\/\\\/eurecat.org\\\/es\\\/el-centro-tecnologico-eurecat-crea-la-fundacion-eurecat-latam-enfocada-a-impulsar-la-innovacion-tecnologica-en-latinoamerica\\\/#primaryimage\",\"url\":\"https:\\\/\\\/eurecat.org\\\/wp-content\\\/uploads\\\/2022\\\/11\\\/Eurecat_Latam.jpg\",\"contentUrl\":\"https:\\\/\\\/eurecat.org\\\/wp-content\\\/uploads\\\/2022\\\/11\\\/Eurecat_Latam.jpg\",\"width\":720,\"height\":540},{\"@type\":\"BreadcrumbList\",\"@id\":\"https:\\\/\\\/eurecat.org\\\/es\\\/el-centro-tecnologico-eurecat-crea-la-fundacion-eurecat-latam-enfocada-a-impulsar-la-innovacion-tecnologica-en-latinoamerica\\\/#breadcrumb\",\"itemListElement\":[{\"@type\":\"ListItem\",\"position\":1,\"name\":\"Inici\",\"item\":\"https:\\\/\\\/eurecat.org\\\/es\\\/\"},{\"@type\":\"ListItem\",\"position\":2,\"name\":\"El centro tecnol\u00f3gico Eurecat crea la Fundaci\u00f3n Eurecat Latam, enfocada a impulsar la innovaci\u00f3n tecnol\u00f3gica en Latinoam\u00e9rica\"}]},{\"@type\":\"WebSite\",\"@id\":\"https:\\\/\\\/eurecat.org\\\/es\\\/#website\",\"url\":\"https:\\\/\\\/eurecat.org\\\/es\\\/\",\"name\":\"Eurecat\",\"description\":\"Otro sitio realizado con WordPress\",\"potentialAction\":[{\"@type\":\"SearchAction\",\"target\":{\"@type\":\"EntryPoint\",\"urlTemplate\":\"https:\\\/\\\/eurecat.org\\\/es\\\/?s={search_term_string}\"},\"query-input\":{\"@type\":\"PropertyValueSpecification\",\"valueRequired\":true,\"valueName\":\"search_term_string\"}}],\"inLanguage\":\"es\"},{\"@type\":\"Person\",\"@id\":\"https:\\\/\\\/eurecat.org\\\/es\\\/#\\\/schema\\\/person\\\/def9217eded50ee57a9dc4cf0c883f80\",\"name\":\"EurecatEG\",\"image\":{\"@type\":\"ImageObject\",\"inLanguage\":\"es\",\"@id\":\"https:\\\/\\\/secure.gravatar.com\\\/avatar\\\/f40dd9b6ecd3e5c591f3c9b033e495ee0ec9877ba77249fbf268b3889350c824?s=96&d=mm&r=g\",\"url\":\"https:\\\/\\\/secure.gravatar.com\\\/avatar\\\/f40dd9b6ecd3e5c591f3c9b033e495ee0ec9877ba77249fbf268b3889350c824?s=96&d=mm&r=g\",\"contentUrl\":\"https:\\\/\\\/secure.gravatar.com\\\/avatar\\\/f40dd9b6ecd3e5c591f3c9b033e495ee0ec9877ba77249fbf268b3889350c824?s=96&d=mm&r=g\",\"caption\":\"EurecatEG\"}}]}<\/script>\n<!-- \/ Yoast SEO plugin. -->","yoast_head_json":{"title":"El centro tecnol\u00f3gico Eurecat crea la Fundaci\u00f3n Eurecat Latam, enfocada a impulsar la innovaci\u00f3n tecnol\u00f3gica en Latinoam\u00e9rica - Eurecat","robots":{"index":"index","follow":"follow","max-snippet":"max-snippet:-1","max-image-preview":"max-image-preview:large","max-video-preview":"max-video-preview:-1"},"canonical":"https:\/\/eurecat.org\/es\/el-centro-tecnologico-eurecat-crea-la-fundacion-eurecat-latam-enfocada-a-impulsar-la-innovacion-tecnologica-en-latinoamerica\/","og_locale":"es_ES","og_type":"article","og_title":"El centro tecnol\u00f3gico Eurecat crea la Fundaci\u00f3n Eurecat Latam, enfocada a impulsar la innovaci\u00f3n tecnol\u00f3gica en Latinoam\u00e9rica - Eurecat","og_url":"https:\/\/eurecat.org\/es\/el-centro-tecnologico-eurecat-crea-la-fundacion-eurecat-latam-enfocada-a-impulsar-la-innovacion-tecnologica-en-latinoamerica\/","og_site_name":"Eurecat","article_published_time":"2022-11-17T13:05:23+00:00","article_modified_time":"2022-11-17T13:43:21+00:00","og_image":[{"width":720,"height":540,"url":"https:\/\/eurecat.org\/wp-content\/uploads\/2022\/11\/Eurecat_Latam.jpg","type":"image\/jpeg"}],"author":"EurecatEG","twitter_card":"summary_large_image","twitter_misc":{"Escrito por":"EurecatEG","Tiempo de lectura":"4 minutos"},"schema":{"@context":"https:\/\/schema.org","@graph":[{"@type":"Article","@id":"https:\/\/eurecat.org\/es\/el-centro-tecnologico-eurecat-crea-la-fundacion-eurecat-latam-enfocada-a-impulsar-la-innovacion-tecnologica-en-latinoamerica\/#article","isPartOf":{"@id":"https:\/\/eurecat.org\/es\/el-centro-tecnologico-eurecat-crea-la-fundacion-eurecat-latam-enfocada-a-impulsar-la-innovacion-tecnologica-en-latinoamerica\/"},"author":{"name":"EurecatEG","@id":"https:\/\/eurecat.org\/es\/#\/schema\/person\/def9217eded50ee57a9dc4cf0c883f80"},"headline":"El centro tecnol\u00f3gico Eurecat crea la Fundaci\u00f3n Eurecat Latam, enfocada a impulsar la innovaci\u00f3n tecnol\u00f3gica en Latinoam\u00e9rica","datePublished":"2022-11-17T13:05:23+00:00","dateModified":"2022-11-17T13:43:21+00:00","mainEntityOfPage":{"@id":"https:\/\/eurecat.org\/es\/el-centro-tecnologico-eurecat-crea-la-fundacion-eurecat-latam-enfocada-a-impulsar-la-innovacion-tecnologica-en-latinoamerica\/"},"wordCount":872,"commentCount":0,"image":{"@id":"https:\/\/eurecat.org\/es\/el-centro-tecnologico-eurecat-crea-la-fundacion-eurecat-latam-enfocada-a-impulsar-la-innovacion-tecnologica-en-latinoamerica\/#primaryimage"},"thumbnailUrl":"https:\/\/eurecat.org\/wp-content\/uploads\/2022\/11\/Eurecat_Latam.jpg","articleSection":["Corporativo","Internacional","Notas de prensa"],"inLanguage":"es","potentialAction":[{"@type":"CommentAction","name":"Comment","target":["https:\/\/eurecat.org\/es\/el-centro-tecnologico-eurecat-crea-la-fundacion-eurecat-latam-enfocada-a-impulsar-la-innovacion-tecnologica-en-latinoamerica\/#respond"]}]},{"@type":"WebPage","@id":"https:\/\/eurecat.org\/es\/el-centro-tecnologico-eurecat-crea-la-fundacion-eurecat-latam-enfocada-a-impulsar-la-innovacion-tecnologica-en-latinoamerica\/","url":"https:\/\/eurecat.org\/es\/el-centro-tecnologico-eurecat-crea-la-fundacion-eurecat-latam-enfocada-a-impulsar-la-innovacion-tecnologica-en-latinoamerica\/","name":"El centro tecnol\u00f3gico Eurecat crea la Fundaci\u00f3n Eurecat Latam, enfocada a impulsar la innovaci\u00f3n tecnol\u00f3gica en Latinoam\u00e9rica - Eurecat","isPartOf":{"@id":"https:\/\/eurecat.org\/es\/#website"},"primaryImageOfPage":{"@id":"https:\/\/eurecat.org\/es\/el-centro-tecnologico-eurecat-crea-la-fundacion-eurecat-latam-enfocada-a-impulsar-la-innovacion-tecnologica-en-latinoamerica\/#primaryimage"},"image":{"@id":"https:\/\/eurecat.org\/es\/el-centro-tecnologico-eurecat-crea-la-fundacion-eurecat-latam-enfocada-a-impulsar-la-innovacion-tecnologica-en-latinoamerica\/#primaryimage"},"thumbnailUrl":"https:\/\/eurecat.org\/wp-content\/uploads\/2022\/11\/Eurecat_Latam.jpg","datePublished":"2022-11-17T13:05:23+00:00","dateModified":"2022-11-17T13:43:21+00:00","author":{"@id":"https:\/\/eurecat.org\/es\/#\/schema\/person\/def9217eded50ee57a9dc4cf0c883f80"},"breadcrumb":{"@id":"https:\/\/eurecat.org\/es\/el-centro-tecnologico-eurecat-crea-la-fundacion-eurecat-latam-enfocada-a-impulsar-la-innovacion-tecnologica-en-latinoamerica\/#breadcrumb"},"inLanguage":"es","potentialAction":[{"@type":"ReadAction","target":["https:\/\/eurecat.org\/es\/el-centro-tecnologico-eurecat-crea-la-fundacion-eurecat-latam-enfocada-a-impulsar-la-innovacion-tecnologica-en-latinoamerica\/"]}]},{"@type":"ImageObject","inLanguage":"es","@id":"https:\/\/eurecat.org\/es\/el-centro-tecnologico-eurecat-crea-la-fundacion-eurecat-latam-enfocada-a-impulsar-la-innovacion-tecnologica-en-latinoamerica\/#primaryimage","url":"https:\/\/eurecat.org\/wp-content\/uploads\/2022\/11\/Eurecat_Latam.jpg","contentUrl":"https:\/\/eurecat.org\/wp-content\/uploads\/2022\/11\/Eurecat_Latam.jpg","width":720,"height":540},{"@type":"BreadcrumbList","@id":"https:\/\/eurecat.org\/es\/el-centro-tecnologico-eurecat-crea-la-fundacion-eurecat-latam-enfocada-a-impulsar-la-innovacion-tecnologica-en-latinoamerica\/#breadcrumb","itemListElement":[{"@type":"ListItem","position":1,"name":"Inici","item":"https:\/\/eurecat.org\/es\/"},{"@type":"ListItem","position":2,"name":"El centro tecnol\u00f3gico Eurecat crea la Fundaci\u00f3n Eurecat Latam, enfocada a impulsar la innovaci\u00f3n tecnol\u00f3gica en Latinoam\u00e9rica"}]},{"@type":"WebSite","@id":"https:\/\/eurecat.org\/es\/#website","url":"https:\/\/eurecat.org\/es\/","name":"Eurecat","description":"Otro sitio realizado con WordPress","potentialAction":[{"@type":"SearchAction","target":{"@type":"EntryPoint","urlTemplate":"https:\/\/eurecat.org\/es\/?s={search_term_string}"},"query-input":{"@type":"PropertyValueSpecification","valueRequired":true,"valueName":"search_term_string"}}],"inLanguage":"es"},{"@type":"Person","@id":"https:\/\/eurecat.org\/es\/#\/schema\/person\/def9217eded50ee57a9dc4cf0c883f80","name":"EurecatEG","image":{"@type":"ImageObject","inLanguage":"es","@id":"https:\/\/secure.gravatar.com\/avatar\/f40dd9b6ecd3e5c591f3c9b033e495ee0ec9877ba77249fbf268b3889350c824?s=96&d=mm&r=g","url":"https:\/\/secure.gravatar.com\/avatar\/f40dd9b6ecd3e5c591f3c9b033e495ee0ec9877ba77249fbf268b3889350c824?s=96&d=mm&r=g","contentUrl":"https:\/\/secure.gravatar.com\/avatar\/f40dd9b6ecd3e5c591f3c9b033e495ee0ec9877ba77249fbf268b3889350c824?s=96&d=mm&r=g","caption":"EurecatEG"}}]}},"_links":{"self":[{"href":"https:\/\/eurecat.org\/es\/wp-json\/wp\/v2\/posts\/128479","targetHints":{"allow":["GET"]}}],"collection":[{"href":"https:\/\/eurecat.org\/es\/wp-json\/wp\/v2\/posts"}],"about":[{"href":"https:\/\/eurecat.org\/es\/wp-json\/wp\/v2\/types\/post"}],"author":[{"embeddable":true,"href":"https:\/\/eurecat.org\/es\/wp-json\/wp\/v2\/users\/12"}],"replies":[{"embeddable":true,"href":"https:\/\/eurecat.org\/es\/wp-json\/wp\/v2\/comments?post=128479"}],"version-history":[{"count":1,"href":"https:\/\/eurecat.org\/es\/wp-json\/wp\/v2\/posts\/128479\/revisions"}],"predecessor-version":[{"id":128485,"href":"https:\/\/eurecat.org\/es\/wp-json\/wp\/v2\/posts\/128479\/revisions\/128485"}],"wp:featuredmedia":[{"embeddable":true,"href":"https:\/\/eurecat.org\/es\/wp-json\/wp\/v2\/media\/128482"}],"wp:attachment":[{"href":"https:\/\/eurecat.org\/es\/wp-json\/wp\/v2\/media?parent=128479"}],"wp:term":[{"taxonomy":"category","embeddable":true,"href":"https:\/\/eurecat.org\/es\/wp-json\/wp\/v2\/categories?post=128479"},{"taxonomy":"post_tag","embeddable":true,"href":"https:\/\/eurecat.org\/es\/wp-json\/wp\/v2\/tags?post=128479"}],"curies":[{"name":"wp","href":"https:\/\/api.w.org\/{rel}","templated":true}]}}